{"id":1038,"date":"2024-06-01T03:07:30","date_gmt":"2024-06-01T01:07:30","guid":{"rendered":"https:\/\/www.svalbard.fr\/actualites\/lespagne-lirlande-et-la-norvege-defient-israel-de-reconnaitre-la-palestine-comme-etat\/"},"modified":"2024-06-01T03:07:32","modified_gmt":"2024-06-01T01:07:32","slug":"lespagne-lirlande-et-la-norvege-defient-israel-de-reconnaitre-la-palestine-comme-etat","status":"publish","type":"post","link":"https:\/\/www.svalbard.fr\/actualites\/lespagne-lirlande-et-la-norvege-defient-israel-de-reconnaitre-la-palestine-comme-etat\/","title":{"rendered":"L\u2019Espagne, l\u2019Irlande et la Norv\u00e8ge d\u00e9fient Isra\u00ebl de reconna\u00eetre la Palestine comme \u00c9tat"},"content":{"rendered":"<div>\n<p>La communaut\u00e9 internationale a accru la pression sur Isra\u00ebl alors que l\u2019Irlande, l\u2019Espagne et la Norv\u00e8ge se sont jointes \u00e0 un grand nombre d\u2019autres pays en annon\u00e7ant simultan\u00e9ment leur intention de reconna\u00eetre un \u00c9tat palestinien.<\/p>\n<p>Dans un mouvement collectif d\u00e9lib\u00e9r\u00e9, rejet\u00e9 avec col\u00e8re par J\u00e9rusalem comme une \u00ab mesure d\u00e9form\u00e9e \u00bb susceptible d\u2019\u00ab alimenter l\u2019extr\u00e9misme et l\u2019instabilit\u00e9 \u00bb, les trois pays sont devenus les derniers ajouts aux au moins 140 membres des Nations Unies qui reconnaissent d\u00e9j\u00e0 un \u00c9tat palestinien.<\/p>\n<p>Ignorant les affirmations isra\u00e9liennes selon lesquelles cette d\u00e9cision enverrait le message que \u00ab le terrorisme paie \u00bb, les trois pays ont d\u00e9clar\u00e9 qu&#39;ils reconna\u00eetraient un \u00c9tat palestinien \u00e0 partir du 28 mai.<\/p>\n<p>Mais d\u2019autres, dont les \u00c9tats-Unis et le Royaume-Uni, ne reconnaissent toujours pas formellement un \u00c9tat palestinien.<\/p>\n<\/div>\n<div>\n<p>Cependant, les annonces, faites \u00e0 quelques minutes d&#39;intervalle, montrent clairement la volont\u00e9 de certains \u00c9tats occidentaux d&#39;apporter leur soutien \u00e0 la population de Gaza alors qu&#39;Isra\u00ebl poursuit sa campagne sanglante visant \u00e0 \u00ab d\u00e9truire compl\u00e8tement \u00bb le Hamas.<\/p>\n<p>Les trois nations ont expos\u00e9 leurs cas s\u00e9par\u00e9ment dans les \u00e9missions diffus\u00e9es t\u00f4t le matin.<\/p>\n<p>A Dublin, le Premier ministre irlandais a d\u00e9clar\u00e9 que son pays estimait qu&#39;\u00a0\u00bbune paix permanente ne peut \u00eatre assur\u00e9e que sur la base du libre arbitre d&#39;un peuple libre\u00a0\u00bb.<\/p>\n<p>Simon Harris a soulign\u00e9 un vote au d\u00e9but du mois \u00e0 l\u2019Assembl\u00e9e g\u00e9n\u00e9rale des Nations Unies, o\u00f9 143 pays ont vot\u00e9 en faveur d\u2019une r\u00e9solution accordant \u00e0 la Palestine un statut renforc\u00e9 au sein de l\u2019organisation.<\/p>\n<p>Il a ajout\u00e9 : \u00ab Les Palestiniens de Gaza endurent les souffrances, les difficult\u00e9s et la famine les plus \u00e9pouvantables. Une catastrophe humanitaire, inimaginable pour la plupart et inadmissible pour tous, se d\u00e9roule en temps r\u00e9el. \u00bb<\/p>\n<p>\u00c0 Madrid, le discours du Premier ministre espagnol Pedro Sanchez a \u00e9t\u00e9 imm\u00e9diatement applaudi au Parlement.  Il a d\u00e9clar\u00e9 : \u00ab Nous allons reconna\u00eetre la Palestine pour de nombreuses raisons et nous pouvons r\u00e9sumer cela en trois mots : paix, justice et coh\u00e9rence.<\/p>\n<p>\u00ab Nous devons veiller \u00e0 ce que la solution \u00e0 deux \u00c9tats soit respect\u00e9e et qu\u2019il y ait des garanties mutuelles de s\u00e9curit\u00e9.  Il est essentiel que les deux parties n\u00e9gocient pour la paix et c\u2019est pour cette raison que nous reconnaissons la Palestine. \u00bb<\/p>\n<\/div>\n<div>\n<p>Quelques instants plus t\u00f4t, le Premier ministre norv\u00e9gien Jonas Gahr Store avait d\u00e9clar\u00e9 qu&#39;\u00ab une solution durable \u00bb ne pouvait \u00eatre \u00ab obtenue que gr\u00e2ce \u00e0 une solution \u00e0 deux \u00c9tats \u00bb.<\/p>\n<p>Le peuple palestinien a \u00ab un droit fondamental et ind\u00e9pendant \u00e0 l\u2019autod\u00e9termination \u00bb, et les Isra\u00e9liens et les Palestiniens ont \u00ab le droit de vivre en paix dans leurs \u00c9tats respectifs \u00bb.<\/p>\n<p>M. Store a ajout\u00e9 : \u00ab Il n&#39;y aura pas de paix au Moyen-Orient sans une solution \u00e0 deux \u00c9tats. Il ne peut y avoir de solution \u00e0 deux \u00c9tats sans un \u00c9tat palestinien.<\/p>\n<p>\u00ab\u00a0En d&#39;autres termes, un Etat palestinien est une condition pr\u00e9alable \u00e0 la r\u00e9alisation de la paix au Moyen-Orient.\u00a0\u00bb<\/p>\n<p>Le minist\u00e8re palestinien des Affaires \u00e9trang\u00e8res, bas\u00e9 en Cisjordanie, a salu\u00e9 ces annonces.<\/p>\n<p>Un porte-parole a d\u00e9clar\u00e9 : \u00ab Le minist\u00e8re des Affaires \u00e9trang\u00e8res et des expatri\u00e9s salue les d\u00e9cisions prises par l&#39;Espagne, la Norv\u00e8ge et l&#39;Irlande de reconna\u00eetre l&#39;\u00c9tat de Palestine.<\/p>\n<p>\u00ab\u00a0Avec cette \u00e9tape importante, l&#39;Espagne, la Norv\u00e8ge et l&#39;Irlande ont d\u00e9montr\u00e9 une fois de plus leur engagement in\u00e9branlable en faveur de la solution \u00e0 deux \u00c9tats et \u00e0 rendre au peuple palestinien la justice attendue depuis longtemps.<\/p>\n<p>\u00ab\u00a0En outre, les reconnaissances de l&#39;Espagne, de la Norv\u00e8ge et de l&#39;Irlande sont conformes au droit international et \u00e0 toutes les r\u00e9solutions pertinentes des Nations Unies, ce qui contribuera \u00e0 son tour de mani\u00e8re positive \u00e0 tous les efforts internationaux visant \u00e0 mettre fin \u00e0 l&#39;occupation ill\u00e9gale isra\u00e9lienne et \u00e0 instaurer la paix et la stabilit\u00e9 dans la r\u00e9gion. \u00ab\u00a0<\/p>\n<p>Mais peu apr\u00e8s les annonces soigneusement chor\u00e9graphi\u00e9es d\u2019hier, le minist\u00e8re isra\u00e9lien des Affaires \u00e9trang\u00e8res a \u00e9galement rapidement averti que la d\u00e9cision des derniers pays de lui embo\u00eeter le pas ne ferait qu\u2019\u00ab alimenter l\u2019extr\u00e9misme et l\u2019instabilit\u00e9 \u00bb.<\/p>\n<p>Faisant \u00e9cho \u00e0 sa col\u00e8re, elle a \u00e9galement rappel\u00e9 ses envoy\u00e9s en Norv\u00e8ge et en Irlande.  Il n\u2019\u00e9tait pas clair si le m\u00eame traitement serait r\u00e9serv\u00e9 \u00e0 l\u2019Espagne.<\/p>\n<p>La riposte furieuse d\u2019Isra\u00ebl est venue presque imm\u00e9diatement.<\/p>\n<p>En r\u00e9ponse formelle, le ministre isra\u00e9lien des Affaires \u00e9trang\u00e8res, Israel Katz, a d\u00e9clar\u00e9 : \u00ab La d\u00e9cision d&#39;aujourd&#39;hui envoie un message aux Palestiniens et au monde : le terrorisme paie.<\/p>\n<p>\u00ab\u00a0Apr\u00e8s que l&#39;organisation terroriste Hamas ait commis le plus grand massacre de Juifs depuis l&#39;Holocauste, apr\u00e8s avoir commis des crimes sexuels odieux dont le monde a \u00e9t\u00e9 t\u00e9moin, ces pays ont choisi de r\u00e9compenser le Hamas et l&#39;Iran en reconnaissant un \u00c9tat palestinien.<\/p>\n<p>\u00ab\u00a0Cette mesure d\u00e9form\u00e9e de ces pays est une injustice envers la m\u00e9moire des victimes du 10 septembre, un coup port\u00e9 aux efforts visant \u00e0 restituer les 128 otages et un coup de pouce au Hamas et aux djihadistes iraniens, qui sape les chances de paix et remet en question le droit d&#39;Isra\u00ebl. \u00e0 la l\u00e9gitime d\u00e9fense. \u00bb<\/p>\n<\/div>\n","protected":false},"excerpt":{"rendered":"<p>La communaut\u00e9 internationale a accru la pression sur Isra\u00ebl alors que l\u2019Irlande, l\u2019Espagne et la Norv\u00e8ge se sont jointes \u00e0 un grand nombre d\u2019autres pays<\/p>\n","protected":false},"author":1,"featured_media":1039,"comment_status":"closed","ping_status":"","sticky":false,"template":"","format":"standard","meta":{"footnotes":""},"categories":[1],"tags":[427,1095,1309,1261,315,1307,6,1267,1308],"yoast_head":"<!-- This site is optimized with the Yoast SEO plugin v21.0 - https:\/\/yoast.com\/wordpress\/plugins\/seo\/ -->\n<title>L\u2019Espagne, l\u2019Irlande et la Norv\u00e8ge d\u00e9fient Isra\u00ebl de reconna\u00eetre la Palestine comme \u00c9tat<\/title>\n<meta name=\"robots\" content=\"index, follow, max-snippet:-1, max-image-preview:large, max-video-preview:-1\" \/>\n<link rel=\"canonical\" href=\"https:\/\/www.svalbard.fr\/actualites\/lespagne-lirlande-et-la-norvege-defient-israel-de-reconnaitre-la-palestine-comme-etat\/\" \/>\n<meta property=\"og:locale\" content=\"fr_FR\" \/>\n<meta property=\"og:type\" content=\"article\" \/>\n<meta property=\"og:title\" content=\"L\u2019Espagne, l\u2019Irlande et la Norv\u00e8ge d\u00e9fient Isra\u00ebl de reconna\u00eetre la Palestine comme \u00c9tat\" \/>\n<meta property=\"og:description\" content=\"La communaut\u00e9 internationale a accru la pression sur Isra\u00ebl alors que l\u2019Irlande, l\u2019Espagne et la Norv\u00e8ge se sont jointes \u00e0 un grand nombre d\u2019autres pays\" \/>\n<meta property=\"og:url\" content=\"https:\/\/www.svalbard.fr\/actualites\/lespagne-lirlande-et-la-norvege-defient-israel-de-reconnaitre-la-palestine-comme-etat\/\" \/>\n<meta property=\"og:site_name\" content=\"www.Svalbard.fr\" \/>\n<meta property=\"article:published_time\" content=\"2024-06-01T01:07:30+00:00\" \/>\n<meta property=\"article:modified_time\" content=\"2024-06-01T01:07:32+00:00\" \/>\n<meta property=\"og:image\" content=\"https:\/\/www.svalbard.fr\/actualites\/wp-content\/uploads\/2024\/06\/LEspagne-lIrlande-et-la-Norvege-defient-Israel-de-reconnaitre-la.jpg\" \/>\n\t<meta property=\"og:image:width\" content=\"1200\" \/>\n\t<meta property=\"og:image:height\" content=\"630\" \/>\n\t<meta property=\"og:image:type\" content=\"image\/jpeg\" \/>\n<meta name=\"author\" content=\"Hilmar\" \/>\n<meta name=\"twitter:card\" content=\"summary_large_image\" \/>\n<meta name=\"twitter:label1\" content=\"\u00c9crit par\" \/>\n\t<meta name=\"twitter:data1\" content=\"Hilmar\" \/>\n\t<meta name=\"twitter:label2\" content=\"Dur\u00e9e de lecture estim\u00e9e\" \/>\n\t<meta name=\"twitter:data2\" content=\"5 minutes\" \/>\n<script type=\"application\/ld+json\" class=\"yoast-schema-graph\">{\"@context\":\"https:\/\/schema.org\",\"@graph\":[{\"@type\":\"Article\",\"@id\":\"https:\/\/www.svalbard.fr\/actualites\/lespagne-lirlande-et-la-norvege-defient-israel-de-reconnaitre-la-palestine-comme-etat\/#article\",\"isPartOf\":{\"@id\":\"https:\/\/www.svalbard.fr\/actualites\/lespagne-lirlande-et-la-norvege-defient-israel-de-reconnaitre-la-palestine-comme-etat\/\"},\"author\":{\"name\":\"Hilmar\",\"@id\":\"https:\/\/www.svalbard.fr\/actualites\/#\/schema\/person\/a2f937d5712222366738fae98755c600\"},\"headline\":\"L\u2019Espagne, l\u2019Irlande et la Norv\u00e8ge d\u00e9fient Isra\u00ebl de reconna\u00eetre la Palestine comme \u00c9tat\",\"datePublished\":\"2024-06-01T01:07:30+00:00\",\"dateModified\":\"2024-06-01T01:07:32+00:00\",\"mainEntityOfPage\":{\"@id\":\"https:\/\/www.svalbard.fr\/actualites\/lespagne-lirlande-et-la-norvege-defient-israel-de-reconnaitre-la-palestine-comme-etat\/\"},\"wordCount\":923,\"publisher\":{\"@id\":\"https:\/\/www.svalbard.fr\/actualites\/#organization\"},\"keywords\":[\"comme\",\"d\u00e9fient\",\"\u00c9tat\",\"Isra\u00ebl\",\"LEspagne\",\"lIrlande\",\"Norv\u00e8ge\",\"Palestine\",\"reconna\u00eetre\"],\"articleSection\":[\"Svalbard\"],\"inLanguage\":\"fr-FR\"},{\"@type\":\"WebPage\",\"@id\":\"https:\/\/www.svalbard.fr\/actualites\/lespagne-lirlande-et-la-norvege-defient-israel-de-reconnaitre-la-palestine-comme-etat\/\",\"url\":\"https:\/\/www.svalbard.fr\/actualites\/lespagne-lirlande-et-la-norvege-defient-israel-de-reconnaitre-la-palestine-comme-etat\/\",\"name\":\"L\u2019Espagne, l\u2019Irlande et la Norv\u00e8ge d\u00e9fient Isra\u00ebl de reconna\u00eetre la Palestine comme \u00c9tat\",\"isPartOf\":{\"@id\":\"https:\/\/www.svalbard.fr\/actualites\/#website\"},\"datePublished\":\"2024-06-01T01:07:30+00:00\",\"dateModified\":\"2024-06-01T01:07:32+00:00\",\"breadcrumb\":{\"@id\":\"https:\/\/www.svalbard.fr\/actualites\/lespagne-lirlande-et-la-norvege-defient-israel-de-reconnaitre-la-palestine-comme-etat\/#breadcrumb\"},\"inLanguage\":\"fr-FR\",\"potentialAction\":[{\"@type\":\"ReadAction\",\"target\":[\"https:\/\/www.svalbard.fr\/actualites\/lespagne-lirlande-et-la-norvege-defient-israel-de-reconnaitre-la-palestine-comme-etat\/\"]}]},{\"@type\":\"BreadcrumbList\",\"@id\":\"https:\/\/www.svalbard.fr\/actualites\/lespagne-lirlande-et-la-norvege-defient-israel-de-reconnaitre-la-palestine-comme-etat\/#breadcrumb\",\"itemListElement\":[{\"@type\":\"ListItem\",\"position\":1,\"name\":\"Accueil\",\"item\":\"https:\/\/www.svalbard.fr\/actualites\/\"},{\"@type\":\"ListItem\",\"position\":2,\"name\":\"L\u2019Espagne, l\u2019Irlande et la Norv\u00e8ge d\u00e9fient Isra\u00ebl de reconna\u00eetre la Palestine comme \u00c9tat\"}]},{\"@type\":\"WebSite\",\"@id\":\"https:\/\/www.svalbard.fr\/actualites\/#website\",\"url\":\"https:\/\/www.svalbard.fr\/actualites\/\",\"name\":\"www.Svalbard.fr\",\"description\":\"\",\"publisher\":{\"@id\":\"https:\/\/www.svalbard.fr\/actualites\/#organization\"},\"potentialAction\":[{\"@type\":\"SearchAction\",\"target\":{\"@type\":\"EntryPoint\",\"urlTemplate\":\"https:\/\/www.svalbard.fr\/actualites\/?s={search_term_string}\"},\"query-input\":\"required name=search_term_string\"}],\"inLanguage\":\"fr-FR\"},{\"@type\":\"Organization\",\"@id\":\"https:\/\/www.svalbard.fr\/actualites\/#organization\",\"name\":\"www.Svalbard.fr\",\"url\":\"https:\/\/www.svalbard.fr\/actualites\/\",\"logo\":{\"@type\":\"ImageObject\",\"inLanguage\":\"fr-FR\",\"@id\":\"https:\/\/www.svalbard.fr\/actualites\/#\/schema\/logo\/image\/\",\"url\":\"https:\/\/www.svalbard.fr\/actualites\/wp-content\/uploads\/2023\/09\/head-nom.jpg\",\"contentUrl\":\"https:\/\/www.svalbard.fr\/actualites\/wp-content\/uploads\/2023\/09\/head-nom.jpg\",\"width\":264,\"height\":35,\"caption\":\"www.Svalbard.fr\"},\"image\":{\"@id\":\"https:\/\/www.svalbard.fr\/actualites\/#\/schema\/logo\/image\/\"}},{\"@type\":\"Person\",\"@id\":\"https:\/\/www.svalbard.fr\/actualites\/#\/schema\/person\/a2f937d5712222366738fae98755c600\",\"name\":\"Hilmar\",\"image\":{\"@type\":\"ImageObject\",\"inLanguage\":\"fr-FR\",\"@id\":\"https:\/\/www.svalbard.fr\/actualites\/#\/schema\/person\/image\/\",\"url\":\"https:\/\/secure.gravatar.com\/avatar\/4daa437093476dbc32da415c112b6512?s=96&d=mm&r=g\",\"contentUrl\":\"https:\/\/secure.gravatar.com\/avatar\/4daa437093476dbc32da415c112b6512?s=96&d=mm&r=g\",\"caption\":\"Hilmar\"},\"description\":\"Hilmar est un passionn\u00e9 des r\u00e9gions polaires, sp\u00e9cialis\u00e9 dans la r\u00e9daction d'articles sur le Spitzberg et autres destinations arctiques. Il apporte son expertise et sa passion pour l'Arctique au sein de l'\u00e9quipe de r\u00e9daction de Svalbard depuis de nombreuses ann\u00e9es.\",\"sameAs\":[\"https:\/\/www.svalbard.fr\/\"]}]}<\/script>\n<!-- \/ Yoast SEO plugin. -->","yoast_head_json":{"title":"L\u2019Espagne, l\u2019Irlande et la Norv\u00e8ge d\u00e9fient Isra\u00ebl de reconna\u00eetre la Palestine comme \u00c9tat","robots":{"index":"index","follow":"follow","max-snippet":"max-snippet:-1","max-image-preview":"max-image-preview:large","max-video-preview":"max-video-preview:-1"},"canonical":"https:\/\/www.svalbard.fr\/actualites\/lespagne-lirlande-et-la-norvege-defient-israel-de-reconnaitre-la-palestine-comme-etat\/","og_locale":"fr_FR","og_type":"article","og_title":"L\u2019Espagne, l\u2019Irlande et la Norv\u00e8ge d\u00e9fient Isra\u00ebl de reconna\u00eetre la Palestine comme \u00c9tat","og_description":"La communaut\u00e9 internationale a accru la pression sur Isra\u00ebl alors que l\u2019Irlande, l\u2019Espagne et la Norv\u00e8ge se sont jointes \u00e0 un grand nombre d\u2019autres pays","og_url":"https:\/\/www.svalbard.fr\/actualites\/lespagne-lirlande-et-la-norvege-defient-israel-de-reconnaitre-la-palestine-comme-etat\/","og_site_name":"www.Svalbard.fr","article_published_time":"2024-06-01T01:07:30+00:00","article_modified_time":"2024-06-01T01:07:32+00:00","og_image":[{"width":1200,"height":630,"url":"https:\/\/www.svalbard.fr\/actualites\/wp-content\/uploads\/2024\/06\/LEspagne-lIrlande-et-la-Norvege-defient-Israel-de-reconnaitre-la.jpg","type":"image\/jpeg"}],"author":"Hilmar","twitter_card":"summary_large_image","twitter_misc":{"\u00c9crit par":"Hilmar","Dur\u00e9e de lecture estim\u00e9e":"5 minutes"},"schema":{"@context":"https:\/\/schema.org","@graph":[{"@type":"Article","@id":"https:\/\/www.svalbard.fr\/actualites\/lespagne-lirlande-et-la-norvege-defient-israel-de-reconnaitre-la-palestine-comme-etat\/#article","isPartOf":{"@id":"https:\/\/www.svalbard.fr\/actualites\/lespagne-lirlande-et-la-norvege-defient-israel-de-reconnaitre-la-palestine-comme-etat\/"},"author":{"name":"Hilmar","@id":"https:\/\/www.svalbard.fr\/actualites\/#\/schema\/person\/a2f937d5712222366738fae98755c600"},"headline":"L\u2019Espagne, l\u2019Irlande et la Norv\u00e8ge d\u00e9fient Isra\u00ebl de reconna\u00eetre la Palestine comme \u00c9tat","datePublished":"2024-06-01T01:07:30+00:00","dateModified":"2024-06-01T01:07:32+00:00","mainEntityOfPage":{"@id":"https:\/\/www.svalbard.fr\/actualites\/lespagne-lirlande-et-la-norvege-defient-israel-de-reconnaitre-la-palestine-comme-etat\/"},"wordCount":923,"publisher":{"@id":"https:\/\/www.svalbard.fr\/actualites\/#organization"},"keywords":["comme","d\u00e9fient","\u00c9tat","Isra\u00ebl","LEspagne","lIrlande","Norv\u00e8ge","Palestine","reconna\u00eetre"],"articleSection":["Svalbard"],"inLanguage":"fr-FR"},{"@type":"WebPage","@id":"https:\/\/www.svalbard.fr\/actualites\/lespagne-lirlande-et-la-norvege-defient-israel-de-reconnaitre-la-palestine-comme-etat\/","url":"https:\/\/www.svalbard.fr\/actualites\/lespagne-lirlande-et-la-norvege-defient-israel-de-reconnaitre-la-palestine-comme-etat\/","name":"L\u2019Espagne, l\u2019Irlande et la Norv\u00e8ge d\u00e9fient Isra\u00ebl de reconna\u00eetre la Palestine comme \u00c9tat","isPartOf":{"@id":"https:\/\/www.svalbard.fr\/actualites\/#website"},"datePublished":"2024-06-01T01:07:30+00:00","dateModified":"2024-06-01T01:07:32+00:00","breadcrumb":{"@id":"https:\/\/www.svalbard.fr\/actualites\/lespagne-lirlande-et-la-norvege-defient-israel-de-reconnaitre-la-palestine-comme-etat\/#breadcrumb"},"inLanguage":"fr-FR","potentialAction":[{"@type":"ReadAction","target":["https:\/\/www.svalbard.fr\/actualites\/lespagne-lirlande-et-la-norvege-defient-israel-de-reconnaitre-la-palestine-comme-etat\/"]}]},{"@type":"BreadcrumbList","@id":"https:\/\/www.svalbard.fr\/actualites\/lespagne-lirlande-et-la-norvege-defient-israel-de-reconnaitre-la-palestine-comme-etat\/#breadcrumb","itemListElement":[{"@type":"ListItem","position":1,"name":"Accueil","item":"https:\/\/www.svalbard.fr\/actualites\/"},{"@type":"ListItem","position":2,"name":"L\u2019Espagne, l\u2019Irlande et la Norv\u00e8ge d\u00e9fient Isra\u00ebl de reconna\u00eetre la Palestine comme \u00c9tat"}]},{"@type":"WebSite","@id":"https:\/\/www.svalbard.fr\/actualites\/#website","url":"https:\/\/www.svalbard.fr\/actualites\/","name":"www.Svalbard.fr","description":"","publisher":{"@id":"https:\/\/www.svalbard.fr\/actualites\/#organization"},"potentialAction":[{"@type":"SearchAction","target":{"@type":"EntryPoint","urlTemplate":"https:\/\/www.svalbard.fr\/actualites\/?s={search_term_string}"},"query-input":"required name=search_term_string"}],"inLanguage":"fr-FR"},{"@type":"Organization","@id":"https:\/\/www.svalbard.fr\/actualites\/#organization","name":"www.Svalbard.fr","url":"https:\/\/www.svalbard.fr\/actualites\/","logo":{"@type":"ImageObject","inLanguage":"fr-FR","@id":"https:\/\/www.svalbard.fr\/actualites\/#\/schema\/logo\/image\/","url":"https:\/\/www.svalbard.fr\/actualites\/wp-content\/uploads\/2023\/09\/head-nom.jpg","contentUrl":"https:\/\/www.svalbard.fr\/actualites\/wp-content\/uploads\/2023\/09\/head-nom.jpg","width":264,"height":35,"caption":"www.Svalbard.fr"},"image":{"@id":"https:\/\/www.svalbard.fr\/actualites\/#\/schema\/logo\/image\/"}},{"@type":"Person","@id":"https:\/\/www.svalbard.fr\/actualites\/#\/schema\/person\/a2f937d5712222366738fae98755c600","name":"Hilmar","image":{"@type":"ImageObject","inLanguage":"fr-FR","@id":"https:\/\/www.svalbard.fr\/actualites\/#\/schema\/person\/image\/","url":"https:\/\/secure.gravatar.com\/avatar\/4daa437093476dbc32da415c112b6512?s=96&d=mm&r=g","contentUrl":"https:\/\/secure.gravatar.com\/avatar\/4daa437093476dbc32da415c112b6512?s=96&d=mm&r=g","caption":"Hilmar"},"description":"Hilmar est un passionn\u00e9 des r\u00e9gions polaires, sp\u00e9cialis\u00e9 dans la r\u00e9daction d'articles sur le Spitzberg et autres destinations arctiques. Il apporte son expertise et sa passion pour l'Arctique au sein de l'\u00e9quipe de r\u00e9daction de Svalbard depuis de nombreuses ann\u00e9es.","sameAs":["https:\/\/www.svalbard.fr\/"]}]}},"_links":{"self":[{"href":"https:\/\/www.svalbard.fr\/actualites\/wp-json\/wp\/v2\/posts\/1038"}],"collection":[{"href":"https:\/\/www.svalbard.fr\/actualites\/wp-json\/wp\/v2\/posts"}],"about":[{"href":"https:\/\/www.svalbard.fr\/actualites\/wp-json\/wp\/v2\/types\/post"}],"author":[{"embeddable":true,"href":"https:\/\/www.svalbard.fr\/actualites\/wp-json\/wp\/v2\/users\/1"}],"replies":[{"embeddable":true,"href":"https:\/\/www.svalbard.fr\/actualites\/wp-json\/wp\/v2\/comments?post=1038"}],"version-history":[{"count":1,"href":"https:\/\/www.svalbard.fr\/actualites\/wp-json\/wp\/v2\/posts\/1038\/revisions"}],"predecessor-version":[{"id":1040,"href":"https:\/\/www.svalbard.fr\/actualites\/wp-json\/wp\/v2\/posts\/1038\/revisions\/1040"}],"wp:featuredmedia":[{"embeddable":true,"href":"https:\/\/www.svalbard.fr\/actualites\/wp-json\/wp\/v2\/media\/1039"}],"wp:attachment":[{"href":"https:\/\/www.svalbard.fr\/actualites\/wp-json\/wp\/v2\/media?parent=1038"}],"wp:term":[{"taxonomy":"category","embeddable":true,"href":"https:\/\/www.svalbard.fr\/actualites\/wp-json\/wp\/v2\/categories?post=1038"},{"taxonomy":"post_tag","embeddable":true,"href":"https:\/\/www.svalbard.fr\/actualites\/wp-json\/wp\/v2\/tags?post=1038"}],"curies":[{"name":"wp","href":"https:\/\/api.w.org\/{rel}","templated":true}]}}