{"id":1068,"date":"2024-06-10T07:20:43","date_gmt":"2024-06-10T05:20:43","guid":{"rendered":"https:\/\/www.svalbard.fr\/actualites\/la-norvege-a-t-elle-eu-de-la-chance-avec-les-metaux-des-terres-rares\/"},"modified":"2024-06-10T07:20:54","modified_gmt":"2024-06-10T05:20:54","slug":"la-norvege-a-t-elle-eu-de-la-chance-avec-les-metaux-des-terres-rares","status":"publish","type":"post","link":"https:\/\/www.svalbard.fr\/actualites\/la-norvege-a-t-elle-eu-de-la-chance-avec-les-metaux-des-terres-rares\/","title":{"rendered":"La Norv\u00e8ge a-t-elle eu de la chance avec les m\u00e9taux des terres rares ?"},"content":{"rendered":"<div itemprop=\"text\">\n<span id=\"dpsp-post-content-markup\" data-image-pin-it=\"false\"><\/span><\/p>\n<p class=\"intro\">Une soci\u00e9t\u00e9 mini\u00e8re norv\u00e9gienne a annonc\u00e9 une estimation des ressources min\u00e9rales montrant que le complexe de carbonatite de Fen en Norv\u00e8ge abrite le plus grand gisement d&#39;\u00e9l\u00e9ments de terres rares d&#39;Europe continentale.<\/p>\n<p>Grande nouvelle de Norv\u00e8ge !  Cette d\u00e9couverte passionnante de la soci\u00e9t\u00e9 mini\u00e8re norv\u00e9gienne Rare Earths Norway (REN) pourrait changer la donne pour la Norv\u00e8ge et l\u2019Europe.<\/p>\n<figure class=\"wp-block-image size-large\"><img fetchpriority=\"high\" decoding=\"async\" width=\"768\" height=\"432\" src=\"https:\/\/www.svalbard.fr\/actualites\/wp-content\/uploads\/2024\/06\/La-Norvege-a-t-elle-eu-de-la-chance-avec-les-metaux.jpg\" alt=\"Cellules lithium-ion pour le processus de fabrication de batteries de v\u00e9hicules \u00e9lectriques haute tension.\" class=\"wp-image-80453\"  ><\/figure>\n<p>Alors, de quoi s\u2019agit-il ?  Eh bien, selon un communiqu\u00e9 de presse de REN, la municipalit\u00e9 de Nome, dans la r\u00e9gion du Telemark, abriterait environ 8,78 millions de tonnes de m\u00e9taux des terres rares.<\/p>\n<h2 class=\"wp-block-heading\">Pourquoi les terres rares sont importantes pour la Norv\u00e8ge et l&#39;Europe<\/h2>\n<p>Ceux-ci incluent des \u00e9l\u00e9ments cruciaux comme le n\u00e9odyme et l\u2019oxyde de pras\u00e9odyme, qui sont des composants cl\u00e9s dans la fabrication de batteries, d\u2019\u00e9oliennes et m\u00eame d\u2019\u00e9quipements militaires.<\/p>\n<p>En termes plus simples, ces m\u00e9taux sont essentiels \u00e0 de nombreuses technologies modernes sur lesquelles nous comptons quotidiennement.<\/p>\n<p>Pendant des ann\u00e9es, la Chine a \u00e9t\u00e9 la source privil\u00e9gi\u00e9e de ces m\u00e9taux, dominant le march\u00e9.  Mais maintenant, avec cette d\u00e9couverte massive, la Norv\u00e8ge monte au cr\u00e9neau.<\/p>\n<p class=\"has-background\" style=\"background-color:#e4f6ff\"><strong>En savoir plus<\/strong>: Les projets norv\u00e9giens d&#39;exploitation mini\u00e8re en haute mer expliqu\u00e9s<\/p>\n<p>REN, apr\u00e8s trois ann\u00e9es de forage et d&#39;exploration, se pr\u00e9pare \u00e0 d\u00e9marrer l&#39;exploitation mini\u00e8re d&#39;ici 2030. Son objectif est de fournir environ 10 % de la demande mondiale croissante pour ces m\u00e9taux.<\/p>\n<p>Alf Reistad, le PDG de REN, est ravi.  Il estime que les m\u00e9taux des terres rares norv\u00e9giennes pourraient devenir encore plus pr\u00e9cieux pour l&#39;Europe que les exportations de gaz du pays.<\/p>\n<h2 class=\"wp-block-heading\">Les \u00ab terres rares \u00bb expliqu\u00e9es<\/h2>\n<p>Que sont exactement les m\u00e9taux des terres rares ?  Il s&#39;agit d&#39;un groupe de 17 \u00e9l\u00e9ments comprenant des noms fantaisistes comme le lanthane, le pras\u00e9odyme et le n\u00e9odyme.  Ces \u00e9l\u00e9ments peuvent ressembler \u00e0 un film de science-fiction, mais ils sont bien r\u00e9els et tr\u00e8s importants.<\/p>\n<p>Cette d\u00e9couverte en Norv\u00e8ge d\u00e9passe m\u00eame celle d\u00e9couverte \u00e0 Kiruna, en Su\u00e8de, l&#39;ann\u00e9e derni\u00e8re, qui \u00e9tait auparavant la plus grande d&#39;Europe.<\/p>\n<p>La d\u00e9couverte su\u00e9doise avait d\u00e9j\u00e0 suscit\u00e9 des d\u00e9bats sur l&#39;acc\u00e9l\u00e9ration du processus d&#39;autorisation environnementale pour les nouvelles mines.  Aujourd\u2019hui, c\u2019est la Norv\u00e8ge qui est sous le feu des projecteurs.<\/p>\n<h2 class=\"wp-block-heading\">Avantage \u00e9conomique contre impact environnemental<\/h2>\n<p>La d\u00e9couverte de REN ne consiste pas seulement \u00e0 extraire des m\u00e9taux.  L&#39;entreprise s&#39;engage \u00e0 utiliser des m\u00e9thodes mini\u00e8res durables.<\/p>\n<p>Ils travaillent avec des partenaires comme la Montanuniversit\u00e4t Leoben en Autriche pour minimiser l&#39;impact environnemental de l&#39;exploitation mini\u00e8re \u00e0 la fabrication.<\/p>\n<p>Trond Watne, g\u00e9ologue en chef de REN, y voit une \u00e9tape importante.  Il pense que cette d\u00e9couverte pourrait profiter \u00e0 la communaut\u00e9 locale de Nome et \u00e0 toute l\u2019Europe pendant des g\u00e9n\u00e9rations.  Le projet devrait \u00e9galement cr\u00e9er des emplois et stimuler l&#39;\u00e9conomie locale du Telemark.<\/p>\n<p>Cependant, tout n\u2019est pas r\u00e9jouissant.  Les groupes environnementaux appellent \u00e0 la prudence.  Ils veulent s&#39;assurer que l&#39;exploitation mini\u00e8re est effectu\u00e9e de mani\u00e8re responsable afin de prot\u00e9ger la beaut\u00e9 naturelle de la r\u00e9gion.<\/p>\n<p>Truls Gulowsen de la Soci\u00e9t\u00e9 norv\u00e9gienne pour la conservation de la nature (Naturvernforbundet) a soulign\u00e9 la n\u00e9cessit\u00e9 de r\u00e9glementations environnementales strictes pour \u00e9viter des dommages inacceptables.<\/p>\n<h2 class=\"wp-block-heading\">Plus important que le p\u00e9trole et le gaz<\/h2>\n<p>Les responsables locaux sont ravis.  Sven Tore L\u00f8kslid, le maire du comt\u00e9 de Telemark, a qualifi\u00e9 cette journ\u00e9e de \u00ab journ\u00e9e de travail folle \u00bb et a compar\u00e9 les m\u00e9taux des terres rares au nouveau p\u00e9trole.  Il esp\u00e8re que cette d\u00e9couverte apportera des avantages \u00e9conomiques significatifs \u00e0 la r\u00e9gion.<\/p>\n<p>L\u2019UE en a \u00e9galement pris note.  Ursula von der Leyen, pr\u00e9sidente de la Commission europ\u00e9enne, a d\u00e9clar\u00e9 que les m\u00e9taux des terres rares et le lithium deviendront bient\u00f4t plus importants que le p\u00e9trole et le gaz.  Cette d\u00e9couverte pourrait rendre l\u2019Europe moins d\u00e9pendante des autres pays pour ces mat\u00e9riaux critiques.<\/p>\n<p>Cette d\u00e9couverte de terres rares au Telemark est une grande victoire pour la Norv\u00e8ge et l\u2019Europe.  Il promet de stimuler l&#39;\u00e9conomie locale, de cr\u00e9er des emplois et de r\u00e9duire la d\u00e9pendance de l&#39;Europe \u00e0 l&#39;\u00e9gard des importations en provenance de Chine.<\/p>\n<p>M\u00eame s&#39;il y a de l&#39;enthousiasme dans l&#39;air, il est clair que cette entreprise doit trouver un \u00e9quilibre entre les avantages \u00e9conomiques et la protection de l&#39;environnement.<\/p>\n<\/div>\n","protected":false},"excerpt":{"rendered":"<p>Une soci\u00e9t\u00e9 mini\u00e8re norv\u00e9gienne a annonc\u00e9 une estimation des ressources min\u00e9rales montrant que le complexe de carbonatite de Fen en Norv\u00e8ge abrite le plus grand<\/p>\n","protected":false},"author":1,"featured_media":1069,"comment_status":"closed","ping_status":"","sticky":false,"template":"","format":"standard","meta":{"footnotes":""},"categories":[1],"tags":[1331,66,1332,8,3,1333,6,1335,1334],"yoast_head":"<!-- This site is optimized with the Yoast SEO plugin v21.0 - https:\/\/yoast.com\/wordpress\/plugins\/seo\/ -->\n<title>La Norv\u00e8ge a-t-elle eu de la chance avec les m\u00e9taux des terres rares ?<\/title>\n<meta name=\"robots\" content=\"index, follow, max-snippet:-1, max-image-preview:large, max-video-preview:-1\" \/>\n<link rel=\"canonical\" href=\"https:\/\/www.svalbard.fr\/actualites\/la-norvege-a-t-elle-eu-de-la-chance-avec-les-metaux-des-terres-rares\/\" \/>\n<meta property=\"og:locale\" content=\"fr_FR\" \/>\n<meta property=\"og:type\" content=\"article\" \/>\n<meta property=\"og:title\" content=\"La Norv\u00e8ge a-t-elle eu de la chance avec les m\u00e9taux des terres rares ?\" \/>\n<meta property=\"og:description\" content=\"Une soci\u00e9t\u00e9 mini\u00e8re norv\u00e9gienne a annonc\u00e9 une estimation des ressources min\u00e9rales montrant que le complexe de carbonatite de Fen en Norv\u00e8ge abrite le plus grand\" \/>\n<meta property=\"og:url\" content=\"https:\/\/www.svalbard.fr\/actualites\/la-norvege-a-t-elle-eu-de-la-chance-avec-les-metaux-des-terres-rares\/\" \/>\n<meta property=\"og:site_name\" content=\"www.Svalbard.fr\" \/>\n<meta property=\"article:published_time\" content=\"2024-06-10T05:20:43+00:00\" \/>\n<meta property=\"article:modified_time\" content=\"2024-06-10T05:20:54+00:00\" \/>\n<meta property=\"og:image\" content=\"https:\/\/www.svalbard.fr\/actualites\/wp-content\/uploads\/2024\/06\/1717996843_La-Norvege-a-t-elle-eu-de-la-chance-avec-les-metaux.jpg\" \/>\n\t<meta property=\"og:image:width\" content=\"1920\" \/>\n\t<meta property=\"og:image:height\" content=\"1080\" \/>\n\t<meta property=\"og:image:type\" content=\"image\/jpeg\" \/>\n<meta name=\"author\" content=\"Hilmar\" \/>\n<meta name=\"twitter:card\" content=\"summary_large_image\" \/>\n<meta name=\"twitter:label1\" content=\"\u00c9crit par\" \/>\n\t<meta name=\"twitter:data1\" content=\"Hilmar\" \/>\n\t<meta name=\"twitter:label2\" content=\"Dur\u00e9e de lecture estim\u00e9e\" \/>\n\t<meta name=\"twitter:data2\" content=\"4 minutes\" \/>\n<script type=\"application\/ld+json\" class=\"yoast-schema-graph\">{\"@context\":\"https:\/\/schema.org\",\"@graph\":[{\"@type\":\"Article\",\"@id\":\"https:\/\/www.svalbard.fr\/actualites\/la-norvege-a-t-elle-eu-de-la-chance-avec-les-metaux-des-terres-rares\/#article\",\"isPartOf\":{\"@id\":\"https:\/\/www.svalbard.fr\/actualites\/la-norvege-a-t-elle-eu-de-la-chance-avec-les-metaux-des-terres-rares\/\"},\"author\":{\"name\":\"Hilmar\",\"@id\":\"https:\/\/www.svalbard.fr\/actualites\/#\/schema\/person\/a2f937d5712222366738fae98755c600\"},\"headline\":\"La Norv\u00e8ge a-t-elle eu de la chance avec les m\u00e9taux des terres rares ?\",\"datePublished\":\"2024-06-10T05:20:43+00:00\",\"dateModified\":\"2024-06-10T05:20:54+00:00\",\"mainEntityOfPage\":{\"@id\":\"https:\/\/www.svalbard.fr\/actualites\/la-norvege-a-t-elle-eu-de-la-chance-avec-les-metaux-des-terres-rares\/\"},\"wordCount\":814,\"publisher\":{\"@id\":\"https:\/\/www.svalbard.fr\/actualites\/#organization\"},\"keywords\":[\"atelle\",\"avec\",\"chance\",\"des\",\"Les\",\"m\u00e9taux\",\"Norv\u00e8ge\",\"rares\",\"terres\"],\"articleSection\":[\"Svalbard\"],\"inLanguage\":\"fr-FR\"},{\"@type\":\"WebPage\",\"@id\":\"https:\/\/www.svalbard.fr\/actualites\/la-norvege-a-t-elle-eu-de-la-chance-avec-les-metaux-des-terres-rares\/\",\"url\":\"https:\/\/www.svalbard.fr\/actualites\/la-norvege-a-t-elle-eu-de-la-chance-avec-les-metaux-des-terres-rares\/\",\"name\":\"La Norv\u00e8ge a-t-elle eu de la chance avec les m\u00e9taux des terres rares ?\",\"isPartOf\":{\"@id\":\"https:\/\/www.svalbard.fr\/actualites\/#website\"},\"datePublished\":\"2024-06-10T05:20:43+00:00\",\"dateModified\":\"2024-06-10T05:20:54+00:00\",\"breadcrumb\":{\"@id\":\"https:\/\/www.svalbard.fr\/actualites\/la-norvege-a-t-elle-eu-de-la-chance-avec-les-metaux-des-terres-rares\/#breadcrumb\"},\"inLanguage\":\"fr-FR\",\"potentialAction\":[{\"@type\":\"ReadAction\",\"target\":[\"https:\/\/www.svalbard.fr\/actualites\/la-norvege-a-t-elle-eu-de-la-chance-avec-les-metaux-des-terres-rares\/\"]}]},{\"@type\":\"BreadcrumbList\",\"@id\":\"https:\/\/www.svalbard.fr\/actualites\/la-norvege-a-t-elle-eu-de-la-chance-avec-les-metaux-des-terres-rares\/#breadcrumb\",\"itemListElement\":[{\"@type\":\"ListItem\",\"position\":1,\"name\":\"Accueil\",\"item\":\"https:\/\/www.svalbard.fr\/actualites\/\"},{\"@type\":\"ListItem\",\"position\":2,\"name\":\"La Norv\u00e8ge a-t-elle eu de la chance avec les m\u00e9taux des terres rares ?\"}]},{\"@type\":\"WebSite\",\"@id\":\"https:\/\/www.svalbard.fr\/actualites\/#website\",\"url\":\"https:\/\/www.svalbard.fr\/actualites\/\",\"name\":\"www.Svalbard.fr\",\"description\":\"\",\"publisher\":{\"@id\":\"https:\/\/www.svalbard.fr\/actualites\/#organization\"},\"potentialAction\":[{\"@type\":\"SearchAction\",\"target\":{\"@type\":\"EntryPoint\",\"urlTemplate\":\"https:\/\/www.svalbard.fr\/actualites\/?s={search_term_string}\"},\"query-input\":\"required name=search_term_string\"}],\"inLanguage\":\"fr-FR\"},{\"@type\":\"Organization\",\"@id\":\"https:\/\/www.svalbard.fr\/actualites\/#organization\",\"name\":\"www.Svalbard.fr\",\"url\":\"https:\/\/www.svalbard.fr\/actualites\/\",\"logo\":{\"@type\":\"ImageObject\",\"inLanguage\":\"fr-FR\",\"@id\":\"https:\/\/www.svalbard.fr\/actualites\/#\/schema\/logo\/image\/\",\"url\":\"https:\/\/www.svalbard.fr\/actualites\/wp-content\/uploads\/2023\/09\/head-nom.jpg\",\"contentUrl\":\"https:\/\/www.svalbard.fr\/actualites\/wp-content\/uploads\/2023\/09\/head-nom.jpg\",\"width\":264,\"height\":35,\"caption\":\"www.Svalbard.fr\"},\"image\":{\"@id\":\"https:\/\/www.svalbard.fr\/actualites\/#\/schema\/logo\/image\/\"}},{\"@type\":\"Person\",\"@id\":\"https:\/\/www.svalbard.fr\/actualites\/#\/schema\/person\/a2f937d5712222366738fae98755c600\",\"name\":\"Hilmar\",\"image\":{\"@type\":\"ImageObject\",\"inLanguage\":\"fr-FR\",\"@id\":\"https:\/\/www.svalbard.fr\/actualites\/#\/schema\/person\/image\/\",\"url\":\"https:\/\/secure.gravatar.com\/avatar\/4daa437093476dbc32da415c112b6512?s=96&d=mm&r=g\",\"contentUrl\":\"https:\/\/secure.gravatar.com\/avatar\/4daa437093476dbc32da415c112b6512?s=96&d=mm&r=g\",\"caption\":\"Hilmar\"},\"description\":\"Hilmar est un passionn\u00e9 des r\u00e9gions polaires, sp\u00e9cialis\u00e9 dans la r\u00e9daction d'articles sur le Spitzberg et autres destinations arctiques. Il apporte son expertise et sa passion pour l'Arctique au sein de l'\u00e9quipe de r\u00e9daction de Svalbard depuis de nombreuses ann\u00e9es.\",\"sameAs\":[\"https:\/\/www.svalbard.fr\/\"]}]}<\/script>\n<!-- \/ Yoast SEO plugin. -->","yoast_head_json":{"title":"La Norv\u00e8ge a-t-elle eu de la chance avec les m\u00e9taux des terres rares ?","robots":{"index":"index","follow":"follow","max-snippet":"max-snippet:-1","max-image-preview":"max-image-preview:large","max-video-preview":"max-video-preview:-1"},"canonical":"https:\/\/www.svalbard.fr\/actualites\/la-norvege-a-t-elle-eu-de-la-chance-avec-les-metaux-des-terres-rares\/","og_locale":"fr_FR","og_type":"article","og_title":"La Norv\u00e8ge a-t-elle eu de la chance avec les m\u00e9taux des terres rares ?","og_description":"Une soci\u00e9t\u00e9 mini\u00e8re norv\u00e9gienne a annonc\u00e9 une estimation des ressources min\u00e9rales montrant que le complexe de carbonatite de Fen en Norv\u00e8ge abrite le plus grand","og_url":"https:\/\/www.svalbard.fr\/actualites\/la-norvege-a-t-elle-eu-de-la-chance-avec-les-metaux-des-terres-rares\/","og_site_name":"www.Svalbard.fr","article_published_time":"2024-06-10T05:20:43+00:00","article_modified_time":"2024-06-10T05:20:54+00:00","og_image":[{"width":1920,"height":1080,"url":"https:\/\/www.svalbard.fr\/actualites\/wp-content\/uploads\/2024\/06\/1717996843_La-Norvege-a-t-elle-eu-de-la-chance-avec-les-metaux.jpg","type":"image\/jpeg"}],"author":"Hilmar","twitter_card":"summary_large_image","twitter_misc":{"\u00c9crit par":"Hilmar","Dur\u00e9e de lecture estim\u00e9e":"4 minutes"},"schema":{"@context":"https:\/\/schema.org","@graph":[{"@type":"Article","@id":"https:\/\/www.svalbard.fr\/actualites\/la-norvege-a-t-elle-eu-de-la-chance-avec-les-metaux-des-terres-rares\/#article","isPartOf":{"@id":"https:\/\/www.svalbard.fr\/actualites\/la-norvege-a-t-elle-eu-de-la-chance-avec-les-metaux-des-terres-rares\/"},"author":{"name":"Hilmar","@id":"https:\/\/www.svalbard.fr\/actualites\/#\/schema\/person\/a2f937d5712222366738fae98755c600"},"headline":"La Norv\u00e8ge a-t-elle eu de la chance avec les m\u00e9taux des terres rares ?","datePublished":"2024-06-10T05:20:43+00:00","dateModified":"2024-06-10T05:20:54+00:00","mainEntityOfPage":{"@id":"https:\/\/www.svalbard.fr\/actualites\/la-norvege-a-t-elle-eu-de-la-chance-avec-les-metaux-des-terres-rares\/"},"wordCount":814,"publisher":{"@id":"https:\/\/www.svalbard.fr\/actualites\/#organization"},"keywords":["atelle","avec","chance","des","Les","m\u00e9taux","Norv\u00e8ge","rares","terres"],"articleSection":["Svalbard"],"inLanguage":"fr-FR"},{"@type":"WebPage","@id":"https:\/\/www.svalbard.fr\/actualites\/la-norvege-a-t-elle-eu-de-la-chance-avec-les-metaux-des-terres-rares\/","url":"https:\/\/www.svalbard.fr\/actualites\/la-norvege-a-t-elle-eu-de-la-chance-avec-les-metaux-des-terres-rares\/","name":"La Norv\u00e8ge a-t-elle eu de la chance avec les m\u00e9taux des terres rares ?","isPartOf":{"@id":"https:\/\/www.svalbard.fr\/actualites\/#website"},"datePublished":"2024-06-10T05:20:43+00:00","dateModified":"2024-06-10T05:20:54+00:00","breadcrumb":{"@id":"https:\/\/www.svalbard.fr\/actualites\/la-norvege-a-t-elle-eu-de-la-chance-avec-les-metaux-des-terres-rares\/#breadcrumb"},"inLanguage":"fr-FR","potentialAction":[{"@type":"ReadAction","target":["https:\/\/www.svalbard.fr\/actualites\/la-norvege-a-t-elle-eu-de-la-chance-avec-les-metaux-des-terres-rares\/"]}]},{"@type":"BreadcrumbList","@id":"https:\/\/www.svalbard.fr\/actualites\/la-norvege-a-t-elle-eu-de-la-chance-avec-les-metaux-des-terres-rares\/#breadcrumb","itemListElement":[{"@type":"ListItem","position":1,"name":"Accueil","item":"https:\/\/www.svalbard.fr\/actualites\/"},{"@type":"ListItem","position":2,"name":"La Norv\u00e8ge a-t-elle eu de la chance avec les m\u00e9taux des terres rares ?"}]},{"@type":"WebSite","@id":"https:\/\/www.svalbard.fr\/actualites\/#website","url":"https:\/\/www.svalbard.fr\/actualites\/","name":"www.Svalbard.fr","description":"","publisher":{"@id":"https:\/\/www.svalbard.fr\/actualites\/#organization"},"potentialAction":[{"@type":"SearchAction","target":{"@type":"EntryPoint","urlTemplate":"https:\/\/www.svalbard.fr\/actualites\/?s={search_term_string}"},"query-input":"required name=search_term_string"}],"inLanguage":"fr-FR"},{"@type":"Organization","@id":"https:\/\/www.svalbard.fr\/actualites\/#organization","name":"www.Svalbard.fr","url":"https:\/\/www.svalbard.fr\/actualites\/","logo":{"@type":"ImageObject","inLanguage":"fr-FR","@id":"https:\/\/www.svalbard.fr\/actualites\/#\/schema\/logo\/image\/","url":"https:\/\/www.svalbard.fr\/actualites\/wp-content\/uploads\/2023\/09\/head-nom.jpg","contentUrl":"https:\/\/www.svalbard.fr\/actualites\/wp-content\/uploads\/2023\/09\/head-nom.jpg","width":264,"height":35,"caption":"www.Svalbard.fr"},"image":{"@id":"https:\/\/www.svalbard.fr\/actualites\/#\/schema\/logo\/image\/"}},{"@type":"Person","@id":"https:\/\/www.svalbard.fr\/actualites\/#\/schema\/person\/a2f937d5712222366738fae98755c600","name":"Hilmar","image":{"@type":"ImageObject","inLanguage":"fr-FR","@id":"https:\/\/www.svalbard.fr\/actualites\/#\/schema\/person\/image\/","url":"https:\/\/secure.gravatar.com\/avatar\/4daa437093476dbc32da415c112b6512?s=96&d=mm&r=g","contentUrl":"https:\/\/secure.gravatar.com\/avatar\/4daa437093476dbc32da415c112b6512?s=96&d=mm&r=g","caption":"Hilmar"},"description":"Hilmar est un passionn\u00e9 des r\u00e9gions polaires, sp\u00e9cialis\u00e9 dans la r\u00e9daction d'articles sur le Spitzberg et autres destinations arctiques. Il apporte son expertise et sa passion pour l'Arctique au sein de l'\u00e9quipe de r\u00e9daction de Svalbard depuis de nombreuses ann\u00e9es.","sameAs":["https:\/\/www.svalbard.fr\/"]}]}},"_links":{"self":[{"href":"https:\/\/www.svalbard.fr\/actualites\/wp-json\/wp\/v2\/posts\/1068"}],"collection":[{"href":"https:\/\/www.svalbard.fr\/actualites\/wp-json\/wp\/v2\/posts"}],"about":[{"href":"https:\/\/www.svalbard.fr\/actualites\/wp-json\/wp\/v2\/types\/post"}],"author":[{"embeddable":true,"href":"https:\/\/www.svalbard.fr\/actualites\/wp-json\/wp\/v2\/users\/1"}],"replies":[{"embeddable":true,"href":"https:\/\/www.svalbard.fr\/actualites\/wp-json\/wp\/v2\/comments?post=1068"}],"version-history":[{"count":1,"href":"https:\/\/www.svalbard.fr\/actualites\/wp-json\/wp\/v2\/posts\/1068\/revisions"}],"predecessor-version":[{"id":1070,"href":"https:\/\/www.svalbard.fr\/actualites\/wp-json\/wp\/v2\/posts\/1068\/revisions\/1070"}],"wp:featuredmedia":[{"embeddable":true,"href":"https:\/\/www.svalbard.fr\/actualites\/wp-json\/wp\/v2\/media\/1069"}],"wp:attachment":[{"href":"https:\/\/www.svalbard.fr\/actualites\/wp-json\/wp\/v2\/media?parent=1068"}],"wp:term":[{"taxonomy":"category","embeddable":true,"href":"https:\/\/www.svalbard.fr\/actualites\/wp-json\/wp\/v2\/categories?post=1068"},{"taxonomy":"post_tag","embeddable":true,"href":"https:\/\/www.svalbard.fr\/actualites\/wp-json\/wp\/v2\/tags?post=1068"}],"curies":[{"name":"wp","href":"https:\/\/api.w.org\/{rel}","templated":true}]}}