{"id":1125,"date":"2024-06-30T18:23:56","date_gmt":"2024-06-30T16:23:56","guid":{"rendered":"https:\/\/www.svalbard.fr\/actualites\/escalier-flottant-a-800-m-de-haut-dans-les-montagnes-ideal-pour-les-amateurs-de-sensations-fortes\/"},"modified":"2024-06-30T18:23:58","modified_gmt":"2024-06-30T16:23:58","slug":"escalier-flottant-a-800-m-de-haut-dans-les-montagnes-ideal-pour-les-amateurs-de-sensations-fortes","status":"publish","type":"post","link":"https:\/\/www.svalbard.fr\/actualites\/escalier-flottant-a-800-m-de-haut-dans-les-montagnes-ideal-pour-les-amateurs-de-sensations-fortes\/","title":{"rendered":"Escalier flottant \u00e0 800 m de haut dans les montagnes, id\u00e9al pour les amateurs de sensations fortes"},"content":{"rendered":"<div>\n<p>Pour ceux d&#39;entre nous qui ne se contentent pas de se d\u00e9tendre en vacances et qui ont besoin de quelque chose de pr\u00e9vu qui fasse vraiment monter l&#39;adr\u00e9naline, alors un voyage en Norv\u00e8ge pourrait aider \u00e0 satisfaire votre soif de danger. <\/p>\n<p>\u00c0 800 m de hauteur au-dessus du sol et du village de Loen, dans la r\u00e9gion du Nordfjord, vous trouverez l&#39;escalier flottant connu sous le nom de Stigull. <\/p>\n<p>Cette impressionnante structure de 40 m\u00e8tres de long, d\u00e9fiant la hauteur, situ\u00e9e \u00e0 pr\u00e8s de 800 m\u00e8tres au-dessus du fjord Nordfjorden, offre aux visiteurs une exp\u00e9rience palpitante et des vues panoramiques inoubliables.<\/p>\n<\/div>\n<div>\n<p>Selon Per Helge B\u00f8, directeur de l&#39;exploitation de Loen Active &#8211; la soci\u00e9t\u00e9 derri\u00e8re Stigull &#8211; l&#39;escalier \u00ab\u00a0n&#39;est pas pour les \u00e2mes sensibles\u00a0\u00bb.  Helge B\u00f8 a d\u00e9clar\u00e9 \u00e0 CNN : \u00ab La plupart des gens peuvent avoir les jambes un peu tremblantes \u00bb, faisant r\u00e9f\u00e9rence au frisson et \u00e0 la mont\u00e9e d&#39;adr\u00e9naline li\u00e9s \u00e0 l&#39;escalade de la structure.<\/p>\n<p>L&#39;escalier flottant est le dernier ajout \u00e0 la sc\u00e8ne des aventuriers de plus en plus populaire \u00e0 Loen.  Il fait partie de la vaste voie d&#39;escalade \u00ab\u00a0Via Ferrata\u00a0\u00bb du village, qui utilise des c\u00e2bles d&#39;acier et des \u00e9chelles fixes pour aider les grimpeurs dans leur ascension.<\/p>\n<\/div>\n<div>\n<p>L&#39;escalier, avec ses 120 marches et son angle de 45 degr\u00e9s, ne peut \u00eatre emprunt\u00e9 que par des grimpeurs qui ont d\u00e9j\u00e0 commenc\u00e9 leur ascension par la Via Ferrata jusqu&#39;au sommet du Mont Hoven, qui culmine \u00e0 environ 1 000 m\u00e8tres d&#39;altitude. Les aventuriers seront donc d\u00e9j\u00e0 assez haut lorsqu&#39;ils commenceront \u00e0 s&#39;attaquer \u00e0 ce tron\u00e7on difficile.<\/p>\n<p>Helge B\u00f8 a expliqu\u00e9 : \u00ab Si vous osez regarder autour de vous, vous pourrez voir le paysage spectaculaire des fjords, avec leurs sommets majestueux et scintillants, l&#39;immense falaise et la gorge \u00e9troite juste \u00e0 c\u00f4t\u00e9 de vous.<\/p>\n<p>\u00ab\u00a0C&#39;est une exp\u00e9rience aventureuse pour tous les passionn\u00e9s d&#39;escalade. L&#39;escalier a un niveau de difficult\u00e9 relativement faible, mais il semble tr\u00e8s a\u00e9r\u00e9, donc le sentiment d&#39;accomplissement est excellent en gravissant cette \u00e9tape. On a vraiment l&#39;impression que les gens flottent dans les airs. \u00ab\u00a0<\/p>\n<p>L\u2019un des points forts de l\u2019exp\u00e9rience de l\u2019escalier Stigull est la r\u00e9compense d\u2019atteindre le sommet du mont Hoven, o\u00f9 les grimpeurs peuvent profiter d\u2019une vue imprenable sur l\u2019eau bleu vif du fjord, encadr\u00e9e par des montagnes majestueuses et des nuages.<\/p>\n<p>De plus, les visiteurs trouveront un restaurant au sommet du mont Hoven o\u00f9 ils pourront se d\u00e9tendre et prendre un repas.  Ils peuvent \u00e9galement acc\u00e9der \u00e0 un t\u00e9l\u00e9ph\u00e9rique qui les ram\u00e8nera au niveau du sol en seulement cinq minutes.<\/p>\n<p>Helge B\u00f8 a d\u00e9clar\u00e9 \u00e0 CNN qu&#39;il s&#39;attend \u00e0 ce que Stigull devienne une attraction majeure au cours de l&#39;\u00e9t\u00e9 nordique de 2024. Les prix pour l&#39;escalade guid\u00e9e sur la Via Ferrata de Loen commencent \u00e0 1 695 NOK (environ 126,45 \u00a3) pour les adultes.<\/p>\n<p> <u> <strong>Si vous souhaitez des id\u00e9es et de l&#39;inspiration pour planifier votre prochaine aventure au Royaume-Uni, ainsi que des offres et des concours s\u00e9lectionn\u00e9s, inscrivez-vous \u00e0 notre newsletter hebdomadaire 2Chill ici<\/strong><\/u><\/p>\n<\/div>\n","protected":false},"excerpt":{"rendered":"<p>Pour ceux d&#39;entre nous qui ne se contentent pas de se d\u00e9tendre en vacances et qui ont besoin de quelque chose de pr\u00e9vu qui fasse<\/p>\n","protected":false},"author":1,"featured_media":1126,"comment_status":"closed","ping_status":"","sticky":false,"template":"","format":"standard","meta":{"footnotes":""},"categories":[1],"tags":[1375,54,1371,1372,1377,807,1374,3,1373,150,1376],"yoast_head":"<!-- This site is optimized with the Yoast SEO plugin v21.0 - https:\/\/yoast.com\/wordpress\/plugins\/seo\/ -->\n<title>Escalier flottant \u00e0 800 m de haut dans les montagnes, id\u00e9al pour les amateurs de sensations fortes<\/title>\n<meta name=\"robots\" content=\"index, follow, max-snippet:-1, max-image-preview:large, max-video-preview:-1\" \/>\n<link rel=\"canonical\" href=\"https:\/\/www.svalbard.fr\/actualites\/escalier-flottant-a-800-m-de-haut-dans-les-montagnes-ideal-pour-les-amateurs-de-sensations-fortes\/\" \/>\n<meta property=\"og:locale\" content=\"fr_FR\" \/>\n<meta property=\"og:type\" content=\"article\" \/>\n<meta property=\"og:title\" content=\"Escalier flottant \u00e0 800 m de haut dans les montagnes, id\u00e9al pour les amateurs de sensations fortes\" \/>\n<meta property=\"og:description\" content=\"Pour ceux d&#039;entre nous qui ne se contentent pas de se d\u00e9tendre en vacances et qui ont besoin de quelque chose de pr\u00e9vu qui fasse\" \/>\n<meta property=\"og:url\" content=\"https:\/\/www.svalbard.fr\/actualites\/escalier-flottant-a-800-m-de-haut-dans-les-montagnes-ideal-pour-les-amateurs-de-sensations-fortes\/\" \/>\n<meta property=\"og:site_name\" content=\"www.Svalbard.fr\" \/>\n<meta property=\"article:published_time\" content=\"2024-06-30T16:23:56+00:00\" \/>\n<meta property=\"article:modified_time\" content=\"2024-06-30T16:23:58+00:00\" \/>\n<meta property=\"og:image\" content=\"https:\/\/www.svalbard.fr\/actualites\/wp-content\/uploads\/2024\/06\/Escalier-flottant-a-800-m-de-haut-dans-les-montagnes.jpg\" \/>\n\t<meta property=\"og:image:width\" content=\"1200\" \/>\n\t<meta property=\"og:image:height\" content=\"630\" \/>\n\t<meta property=\"og:image:type\" content=\"image\/jpeg\" \/>\n<meta name=\"author\" content=\"Hilmar\" \/>\n<meta name=\"twitter:card\" content=\"summary_large_image\" \/>\n<meta name=\"twitter:label1\" content=\"\u00c9crit par\" \/>\n\t<meta name=\"twitter:data1\" content=\"Hilmar\" \/>\n\t<meta name=\"twitter:label2\" content=\"Dur\u00e9e de lecture estim\u00e9e\" \/>\n\t<meta name=\"twitter:data2\" content=\"3 minutes\" \/>\n<script type=\"application\/ld+json\" class=\"yoast-schema-graph\">{\"@context\":\"https:\/\/schema.org\",\"@graph\":[{\"@type\":\"Article\",\"@id\":\"https:\/\/www.svalbard.fr\/actualites\/escalier-flottant-a-800-m-de-haut-dans-les-montagnes-ideal-pour-les-amateurs-de-sensations-fortes\/#article\",\"isPartOf\":{\"@id\":\"https:\/\/www.svalbard.fr\/actualites\/escalier-flottant-a-800-m-de-haut-dans-les-montagnes-ideal-pour-les-amateurs-de-sensations-fortes\/\"},\"author\":{\"name\":\"Hilmar\",\"@id\":\"https:\/\/www.svalbard.fr\/actualites\/#\/schema\/person\/a2f937d5712222366738fae98755c600\"},\"headline\":\"Escalier flottant \u00e0 800 m de haut dans les montagnes, id\u00e9al pour les amateurs de sensations fortes\",\"datePublished\":\"2024-06-30T16:23:56+00:00\",\"dateModified\":\"2024-06-30T16:23:58+00:00\",\"mainEntityOfPage\":{\"@id\":\"https:\/\/www.svalbard.fr\/actualites\/escalier-flottant-a-800-m-de-haut-dans-les-montagnes-ideal-pour-les-amateurs-de-sensations-fortes\/\"},\"wordCount\":557,\"publisher\":{\"@id\":\"https:\/\/www.svalbard.fr\/actualites\/#organization\"},\"keywords\":[\"amateurs\",\"dans\",\"Escalier\",\"flottant\",\"fortes\",\"haut\",\"id\u00e9al\",\"Les\",\"montagnes\",\"pour\",\"sensations\"],\"articleSection\":[\"Svalbard\"],\"inLanguage\":\"fr-FR\"},{\"@type\":\"WebPage\",\"@id\":\"https:\/\/www.svalbard.fr\/actualites\/escalier-flottant-a-800-m-de-haut-dans-les-montagnes-ideal-pour-les-amateurs-de-sensations-fortes\/\",\"url\":\"https:\/\/www.svalbard.fr\/actualites\/escalier-flottant-a-800-m-de-haut-dans-les-montagnes-ideal-pour-les-amateurs-de-sensations-fortes\/\",\"name\":\"Escalier flottant \u00e0 800 m de haut dans les montagnes, id\u00e9al pour les amateurs de sensations fortes\",\"isPartOf\":{\"@id\":\"https:\/\/www.svalbard.fr\/actualites\/#website\"},\"datePublished\":\"2024-06-30T16:23:56+00:00\",\"dateModified\":\"2024-06-30T16:23:58+00:00\",\"breadcrumb\":{\"@id\":\"https:\/\/www.svalbard.fr\/actualites\/escalier-flottant-a-800-m-de-haut-dans-les-montagnes-ideal-pour-les-amateurs-de-sensations-fortes\/#breadcrumb\"},\"inLanguage\":\"fr-FR\",\"potentialAction\":[{\"@type\":\"ReadAction\",\"target\":[\"https:\/\/www.svalbard.fr\/actualites\/escalier-flottant-a-800-m-de-haut-dans-les-montagnes-ideal-pour-les-amateurs-de-sensations-fortes\/\"]}]},{\"@type\":\"BreadcrumbList\",\"@id\":\"https:\/\/www.svalbard.fr\/actualites\/escalier-flottant-a-800-m-de-haut-dans-les-montagnes-ideal-pour-les-amateurs-de-sensations-fortes\/#breadcrumb\",\"itemListElement\":[{\"@type\":\"ListItem\",\"position\":1,\"name\":\"Accueil\",\"item\":\"https:\/\/www.svalbard.fr\/actualites\/\"},{\"@type\":\"ListItem\",\"position\":2,\"name\":\"Escalier flottant \u00e0 800 m de haut dans les montagnes, id\u00e9al pour les amateurs de sensations fortes\"}]},{\"@type\":\"WebSite\",\"@id\":\"https:\/\/www.svalbard.fr\/actualites\/#website\",\"url\":\"https:\/\/www.svalbard.fr\/actualites\/\",\"name\":\"www.Svalbard.fr\",\"description\":\"\",\"publisher\":{\"@id\":\"https:\/\/www.svalbard.fr\/actualites\/#organization\"},\"potentialAction\":[{\"@type\":\"SearchAction\",\"target\":{\"@type\":\"EntryPoint\",\"urlTemplate\":\"https:\/\/www.svalbard.fr\/actualites\/?s={search_term_string}\"},\"query-input\":\"required name=search_term_string\"}],\"inLanguage\":\"fr-FR\"},{\"@type\":\"Organization\",\"@id\":\"https:\/\/www.svalbard.fr\/actualites\/#organization\",\"name\":\"www.Svalbard.fr\",\"url\":\"https:\/\/www.svalbard.fr\/actualites\/\",\"logo\":{\"@type\":\"ImageObject\",\"inLanguage\":\"fr-FR\",\"@id\":\"https:\/\/www.svalbard.fr\/actualites\/#\/schema\/logo\/image\/\",\"url\":\"https:\/\/www.svalbard.fr\/actualites\/wp-content\/uploads\/2023\/09\/head-nom.jpg\",\"contentUrl\":\"https:\/\/www.svalbard.fr\/actualites\/wp-content\/uploads\/2023\/09\/head-nom.jpg\",\"width\":264,\"height\":35,\"caption\":\"www.Svalbard.fr\"},\"image\":{\"@id\":\"https:\/\/www.svalbard.fr\/actualites\/#\/schema\/logo\/image\/\"}},{\"@type\":\"Person\",\"@id\":\"https:\/\/www.svalbard.fr\/actualites\/#\/schema\/person\/a2f937d5712222366738fae98755c600\",\"name\":\"Hilmar\",\"image\":{\"@type\":\"ImageObject\",\"inLanguage\":\"fr-FR\",\"@id\":\"https:\/\/www.svalbard.fr\/actualites\/#\/schema\/person\/image\/\",\"url\":\"https:\/\/secure.gravatar.com\/avatar\/4daa437093476dbc32da415c112b6512?s=96&d=mm&r=g\",\"contentUrl\":\"https:\/\/secure.gravatar.com\/avatar\/4daa437093476dbc32da415c112b6512?s=96&d=mm&r=g\",\"caption\":\"Hilmar\"},\"description\":\"Hilmar est un passionn\u00e9 des r\u00e9gions polaires, sp\u00e9cialis\u00e9 dans la r\u00e9daction d'articles sur le Spitzberg et autres destinations arctiques. Il apporte son expertise et sa passion pour l'Arctique au sein de l'\u00e9quipe de r\u00e9daction de Svalbard depuis de nombreuses ann\u00e9es.\",\"sameAs\":[\"https:\/\/www.svalbard.fr\/\"]}]}<\/script>\n<!-- \/ Yoast SEO plugin. -->","yoast_head_json":{"title":"Escalier flottant \u00e0 800 m de haut dans les montagnes, id\u00e9al pour les amateurs de sensations fortes","robots":{"index":"index","follow":"follow","max-snippet":"max-snippet:-1","max-image-preview":"max-image-preview:large","max-video-preview":"max-video-preview:-1"},"canonical":"https:\/\/www.svalbard.fr\/actualites\/escalier-flottant-a-800-m-de-haut-dans-les-montagnes-ideal-pour-les-amateurs-de-sensations-fortes\/","og_locale":"fr_FR","og_type":"article","og_title":"Escalier flottant \u00e0 800 m de haut dans les montagnes, id\u00e9al pour les amateurs de sensations fortes","og_description":"Pour ceux d&#39;entre nous qui ne se contentent pas de se d\u00e9tendre en vacances et qui ont besoin de quelque chose de pr\u00e9vu qui fasse","og_url":"https:\/\/www.svalbard.fr\/actualites\/escalier-flottant-a-800-m-de-haut-dans-les-montagnes-ideal-pour-les-amateurs-de-sensations-fortes\/","og_site_name":"www.Svalbard.fr","article_published_time":"2024-06-30T16:23:56+00:00","article_modified_time":"2024-06-30T16:23:58+00:00","og_image":[{"width":1200,"height":630,"url":"https:\/\/www.svalbard.fr\/actualites\/wp-content\/uploads\/2024\/06\/Escalier-flottant-a-800-m-de-haut-dans-les-montagnes.jpg","type":"image\/jpeg"}],"author":"Hilmar","twitter_card":"summary_large_image","twitter_misc":{"\u00c9crit par":"Hilmar","Dur\u00e9e de lecture estim\u00e9e":"3 minutes"},"schema":{"@context":"https:\/\/schema.org","@graph":[{"@type":"Article","@id":"https:\/\/www.svalbard.fr\/actualites\/escalier-flottant-a-800-m-de-haut-dans-les-montagnes-ideal-pour-les-amateurs-de-sensations-fortes\/#article","isPartOf":{"@id":"https:\/\/www.svalbard.fr\/actualites\/escalier-flottant-a-800-m-de-haut-dans-les-montagnes-ideal-pour-les-amateurs-de-sensations-fortes\/"},"author":{"name":"Hilmar","@id":"https:\/\/www.svalbard.fr\/actualites\/#\/schema\/person\/a2f937d5712222366738fae98755c600"},"headline":"Escalier flottant \u00e0 800 m de haut dans les montagnes, id\u00e9al pour les amateurs de sensations fortes","datePublished":"2024-06-30T16:23:56+00:00","dateModified":"2024-06-30T16:23:58+00:00","mainEntityOfPage":{"@id":"https:\/\/www.svalbard.fr\/actualites\/escalier-flottant-a-800-m-de-haut-dans-les-montagnes-ideal-pour-les-amateurs-de-sensations-fortes\/"},"wordCount":557,"publisher":{"@id":"https:\/\/www.svalbard.fr\/actualites\/#organization"},"keywords":["amateurs","dans","Escalier","flottant","fortes","haut","id\u00e9al","Les","montagnes","pour","sensations"],"articleSection":["Svalbard"],"inLanguage":"fr-FR"},{"@type":"WebPage","@id":"https:\/\/www.svalbard.fr\/actualites\/escalier-flottant-a-800-m-de-haut-dans-les-montagnes-ideal-pour-les-amateurs-de-sensations-fortes\/","url":"https:\/\/www.svalbard.fr\/actualites\/escalier-flottant-a-800-m-de-haut-dans-les-montagnes-ideal-pour-les-amateurs-de-sensations-fortes\/","name":"Escalier flottant \u00e0 800 m de haut dans les montagnes, id\u00e9al pour les amateurs de sensations fortes","isPartOf":{"@id":"https:\/\/www.svalbard.fr\/actualites\/#website"},"datePublished":"2024-06-30T16:23:56+00:00","dateModified":"2024-06-30T16:23:58+00:00","breadcrumb":{"@id":"https:\/\/www.svalbard.fr\/actualites\/escalier-flottant-a-800-m-de-haut-dans-les-montagnes-ideal-pour-les-amateurs-de-sensations-fortes\/#breadcrumb"},"inLanguage":"fr-FR","potentialAction":[{"@type":"ReadAction","target":["https:\/\/www.svalbard.fr\/actualites\/escalier-flottant-a-800-m-de-haut-dans-les-montagnes-ideal-pour-les-amateurs-de-sensations-fortes\/"]}]},{"@type":"BreadcrumbList","@id":"https:\/\/www.svalbard.fr\/actualites\/escalier-flottant-a-800-m-de-haut-dans-les-montagnes-ideal-pour-les-amateurs-de-sensations-fortes\/#breadcrumb","itemListElement":[{"@type":"ListItem","position":1,"name":"Accueil","item":"https:\/\/www.svalbard.fr\/actualites\/"},{"@type":"ListItem","position":2,"name":"Escalier flottant \u00e0 800 m de haut dans les montagnes, id\u00e9al pour les amateurs de sensations fortes"}]},{"@type":"WebSite","@id":"https:\/\/www.svalbard.fr\/actualites\/#website","url":"https:\/\/www.svalbard.fr\/actualites\/","name":"www.Svalbard.fr","description":"","publisher":{"@id":"https:\/\/www.svalbard.fr\/actualites\/#organization"},"potentialAction":[{"@type":"SearchAction","target":{"@type":"EntryPoint","urlTemplate":"https:\/\/www.svalbard.fr\/actualites\/?s={search_term_string}"},"query-input":"required name=search_term_string"}],"inLanguage":"fr-FR"},{"@type":"Organization","@id":"https:\/\/www.svalbard.fr\/actualites\/#organization","name":"www.Svalbard.fr","url":"https:\/\/www.svalbard.fr\/actualites\/","logo":{"@type":"ImageObject","inLanguage":"fr-FR","@id":"https:\/\/www.svalbard.fr\/actualites\/#\/schema\/logo\/image\/","url":"https:\/\/www.svalbard.fr\/actualites\/wp-content\/uploads\/2023\/09\/head-nom.jpg","contentUrl":"https:\/\/www.svalbard.fr\/actualites\/wp-content\/uploads\/2023\/09\/head-nom.jpg","width":264,"height":35,"caption":"www.Svalbard.fr"},"image":{"@id":"https:\/\/www.svalbard.fr\/actualites\/#\/schema\/logo\/image\/"}},{"@type":"Person","@id":"https:\/\/www.svalbard.fr\/actualites\/#\/schema\/person\/a2f937d5712222366738fae98755c600","name":"Hilmar","image":{"@type":"ImageObject","inLanguage":"fr-FR","@id":"https:\/\/www.svalbard.fr\/actualites\/#\/schema\/person\/image\/","url":"https:\/\/secure.gravatar.com\/avatar\/4daa437093476dbc32da415c112b6512?s=96&d=mm&r=g","contentUrl":"https:\/\/secure.gravatar.com\/avatar\/4daa437093476dbc32da415c112b6512?s=96&d=mm&r=g","caption":"Hilmar"},"description":"Hilmar est un passionn\u00e9 des r\u00e9gions polaires, sp\u00e9cialis\u00e9 dans la r\u00e9daction d'articles sur le Spitzberg et autres destinations arctiques. Il apporte son expertise et sa passion pour l'Arctique au sein de l'\u00e9quipe de r\u00e9daction de Svalbard depuis de nombreuses ann\u00e9es.","sameAs":["https:\/\/www.svalbard.fr\/"]}]}},"_links":{"self":[{"href":"https:\/\/www.svalbard.fr\/actualites\/wp-json\/wp\/v2\/posts\/1125"}],"collection":[{"href":"https:\/\/www.svalbard.fr\/actualites\/wp-json\/wp\/v2\/posts"}],"about":[{"href":"https:\/\/www.svalbard.fr\/actualites\/wp-json\/wp\/v2\/types\/post"}],"author":[{"embeddable":true,"href":"https:\/\/www.svalbard.fr\/actualites\/wp-json\/wp\/v2\/users\/1"}],"replies":[{"embeddable":true,"href":"https:\/\/www.svalbard.fr\/actualites\/wp-json\/wp\/v2\/comments?post=1125"}],"version-history":[{"count":1,"href":"https:\/\/www.svalbard.fr\/actualites\/wp-json\/wp\/v2\/posts\/1125\/revisions"}],"predecessor-version":[{"id":1127,"href":"https:\/\/www.svalbard.fr\/actualites\/wp-json\/wp\/v2\/posts\/1125\/revisions\/1127"}],"wp:featuredmedia":[{"embeddable":true,"href":"https:\/\/www.svalbard.fr\/actualites\/wp-json\/wp\/v2\/media\/1126"}],"wp:attachment":[{"href":"https:\/\/www.svalbard.fr\/actualites\/wp-json\/wp\/v2\/media?parent=1125"}],"wp:term":[{"taxonomy":"category","embeddable":true,"href":"https:\/\/www.svalbard.fr\/actualites\/wp-json\/wp\/v2\/categories?post=1125"},{"taxonomy":"post_tag","embeddable":true,"href":"https:\/\/www.svalbard.fr\/actualites\/wp-json\/wp\/v2\/tags?post=1125"}],"curies":[{"name":"wp","href":"https:\/\/api.w.org\/{rel}","templated":true}]}}