{"id":114,"date":"2023-09-03T21:05:45","date_gmt":"2023-09-03T19:05:45","guid":{"rendered":"https:\/\/www.svalbard.fr\/actualites\/un-ours-polaire-abattu-apres-avoir-attaque-un-garde-aidant-des-touristes-a-descendre-dun-bateau-de-croisiere-dans-larctique\/"},"modified":"2023-09-03T21:09:40","modified_gmt":"2023-09-03T19:09:40","slug":"un-ours-polaire-abattu-apres-avoir-attaque-un-garde-aidant-des-touristes-a-descendre-dun-bateau-de-croisiere-dans-larctique","status":"publish","type":"post","link":"https:\/\/www.svalbard.fr\/actualites\/un-ours-polaire-abattu-apres-avoir-attaque-un-garde-aidant-des-touristes-a-descendre-dun-bateau-de-croisiere-dans-larctique\/","title":{"rendered":"Un ours polaire abattu apr\u00e8s avoir attaqu\u00e9 un garde aidant des touristes \u00e0 descendre d&rsquo;un bateau de croisi\u00e8re dans l&rsquo;Arctique"},"content":{"rendered":"<p>Un ours polaire a \u00e9t\u00e9 tu\u00e9 apr\u00e8s avoir attaqu\u00e9 et bless\u00e9 un garde qui faisait descendre des touristes d&rsquo;un bateau de croisi\u00e8re dans l&rsquo;Arctique.<\/p>\n<p>Il a \u00e9t\u00e9 abattu par un autre garde \u00ab\u00a0dans un acte de l\u00e9gitime d\u00e9fense\u00a0\u00bb, a indiqu\u00e9 la compagnie de croisi\u00e8re, apr\u00e8s que l&rsquo;animal ait laiss\u00e9 l&rsquo;autre homme \u00ab\u00a0bless\u00e9 \u00e0 la t\u00eate\u00a0\u00bb.<\/p>\n<p>L&rsquo;homme, dont l&rsquo;identit\u00e9 n&rsquo;a pas \u00e9t\u00e9 r\u00e9v\u00e9l\u00e9e, a \u00e9t\u00e9 transport\u00e9 par h\u00e9licopt\u00e8re vers une ville pour y \u00eatre soign\u00e9, a indiqu\u00e9 la compagnie allemande Hapag Lloyd Cruises.<\/p>\n<p>Les autorit\u00e9s norv\u00e9giennes ont d\u00e9clar\u00e9 que l&rsquo;attaque s&rsquo;\u00e9tait produite lorsque les passagers du navire de croisi\u00e8re MS Bremen ont d\u00e9barqu\u00e9 sur l&rsquo;\u00eele la plus septentrionale de l&rsquo;archipel du Svalbard, une r\u00e9gion situ\u00e9e entre la Norv\u00e8ge continentale et le p\u00f4le Nord, connue pour son relief isol\u00e9, ses glaciers, ses rennes et ses ours polaires.<\/p>\n<p>\u00ab\u00a0Il a \u00e9t\u00e9 transport\u00e9 par avion, a r\u00e9agi et suit actuellement un traitement m\u00e9dical\u00a0\u00bb, a d\u00e9clar\u00e9 Negar Etminan, porte-parole de la compagnie de croisi\u00e8re, ajoutant que la victime n&rsquo;\u00e9tait pas dans un \u00e9tat mettant sa vie en danger.<\/p>\n<p>Elle a d\u00e9clar\u00e9 que tous les navires de croisi\u00e8re voyageant dans la r\u00e9gion du nord sont oblig\u00e9s d&rsquo;avoir \u00e0 bord des gardes d&rsquo;ours polaires.<\/p>\n<p>Le tourisme arctique dans la r\u00e9gion a fortement augment\u00e9 ces derni\u00e8res ann\u00e9es et conna\u00eet d\u00e9sormais la haute saison. Un calendrier du port de Longyearbyen a montr\u00e9 que 18 navires de croisi\u00e8re accosteraient au port arctique la semaine prochaine.<\/p>\n<p>Cette attaque intervient apr\u00e8s que des scientifiques ont averti que les ours polaires risquaient de mourir de faim en raison du r\u00e9tr\u00e9cissement de la glace marine provoqu\u00e9 par le changement climatique.<\/p>\n<p>Les scientifiques qui surveillent leur activit\u00e9 dans l\u2019Arctique ont d\u00e9couvert que leurs besoins \u00e9nerg\u00e9tiques \u00e9taient bien plus \u00e9lev\u00e9s qu\u2019on ne le pensait auparavant. Les ours sous-aliment\u00e9s perdaient chaque jour 1% de leur masse corporelle.<\/p>\n<div class=\"sc-1pfx6hk-0 hVfDA-D sc-cvxyxr-12 fMHAFi\">\n<div data-mpu=\"true\" data-is-video=\"false\" data-tile-name=\"content\" data-ad-unit-path=\"\/71347885\/_main_independent\/in_world\/in_europe\/image\/content\" data-size-key=\"SINGLE_MPU\" data-refresh-check=\"false\"><\/div>\n<\/div>\n<p>Mais \u00e0 mesure que leurs terrains de chasse disparaissent, leurs chances d\u2019attraper les phoques dont ils ont besoin pour subvenir \u00e0 leurs besoins diminuent.<\/p>\n","protected":false},"excerpt":{"rendered":"<p>Un ours polaire a \u00e9t\u00e9 tu\u00e9 apr\u00e8s avoir attaqu\u00e9 et bless\u00e9 un garde qui faisait descendre des touristes d&rsquo;un bateau de croisi\u00e8re dans l&rsquo;Arctique. Il<\/p>\n","protected":false},"author":1,"featured_media":115,"comment_status":"closed","ping_status":"closed","sticky":false,"template":"","format":"standard","meta":{"footnotes":""},"categories":[1],"tags":[72,77,73,75,74,81,82,54,8,79,80,76,70,71,78],"yoast_head":"<!-- This site is optimized with the Yoast SEO plugin v21.0 - https:\/\/yoast.com\/wordpress\/plugins\/seo\/ -->\n<title>Un ours polaire abattu apr\u00e8s avoir attaqu\u00e9 un garde aidant des touristes \u00e0 descendre d&#039;un bateau de croisi\u00e8re dans l&#039;Arctique<\/title>\n<meta name=\"robots\" content=\"index, follow, max-snippet:-1, max-image-preview:large, max-video-preview:-1\" \/>\n<link rel=\"canonical\" href=\"https:\/\/www.svalbard.fr\/actualites\/un-ours-polaire-abattu-apres-avoir-attaque-un-garde-aidant-des-touristes-a-descendre-dun-bateau-de-croisiere-dans-larctique\/\" \/>\n<meta property=\"og:locale\" content=\"fr_FR\" \/>\n<meta property=\"og:type\" content=\"article\" \/>\n<meta property=\"og:title\" content=\"Un ours polaire abattu apr\u00e8s avoir attaqu\u00e9 un garde aidant des touristes \u00e0 descendre d&#039;un bateau de croisi\u00e8re dans l&#039;Arctique\" \/>\n<meta property=\"og:description\" content=\"Un ours polaire a \u00e9t\u00e9 tu\u00e9 apr\u00e8s avoir attaqu\u00e9 et bless\u00e9 un garde qui faisait descendre des touristes d&rsquo;un bateau de croisi\u00e8re dans l&rsquo;Arctique. Il\" \/>\n<meta property=\"og:url\" content=\"https:\/\/www.svalbard.fr\/actualites\/un-ours-polaire-abattu-apres-avoir-attaque-un-garde-aidant-des-touristes-a-descendre-dun-bateau-de-croisiere-dans-larctique\/\" \/>\n<meta property=\"og:site_name\" content=\"www.Svalbard.fr\" \/>\n<meta property=\"article:published_time\" content=\"2023-09-03T19:05:45+00:00\" \/>\n<meta property=\"article:modified_time\" content=\"2023-09-03T19:09:40+00:00\" \/>\n<meta property=\"og:image\" content=\"https:\/\/www.svalbard.fr\/actualites\/wp-content\/uploads\/2023\/09\/Un-ours-polaire-abattu-apres-avoir-attaque-un-garde-aidant.jpg\" \/>\n\t<meta property=\"og:image:width\" content=\"1200\" \/>\n\t<meta property=\"og:image:height\" content=\"899\" \/>\n\t<meta property=\"og:image:type\" content=\"image\/jpeg\" \/>\n<meta name=\"author\" content=\"Hilmar\" \/>\n<meta name=\"twitter:card\" content=\"summary_large_image\" \/>\n<meta name=\"twitter:label1\" content=\"\u00c9crit par\" \/>\n\t<meta name=\"twitter:data1\" content=\"Hilmar\" \/>\n\t<meta name=\"twitter:label2\" content=\"Dur\u00e9e de lecture estim\u00e9e\" \/>\n\t<meta name=\"twitter:data2\" content=\"2 minutes\" \/>\n<script type=\"application\/ld+json\" class=\"yoast-schema-graph\">{\"@context\":\"https:\/\/schema.org\",\"@graph\":[{\"@type\":\"Article\",\"@id\":\"https:\/\/www.svalbard.fr\/actualites\/un-ours-polaire-abattu-apres-avoir-attaque-un-garde-aidant-des-touristes-a-descendre-dun-bateau-de-croisiere-dans-larctique\/#article\",\"isPartOf\":{\"@id\":\"https:\/\/www.svalbard.fr\/actualites\/un-ours-polaire-abattu-apres-avoir-attaque-un-garde-aidant-des-touristes-a-descendre-dun-bateau-de-croisiere-dans-larctique\/\"},\"author\":{\"name\":\"Hilmar\",\"@id\":\"https:\/\/www.svalbard.fr\/actualites\/#\/schema\/person\/a2f937d5712222366738fae98755c600\"},\"headline\":\"Un ours polaire abattu apr\u00e8s avoir attaqu\u00e9 un garde aidant des touristes \u00e0 descendre d&rsquo;un bateau de croisi\u00e8re dans l&rsquo;Arctique\",\"datePublished\":\"2023-09-03T19:05:45+00:00\",\"dateModified\":\"2023-09-03T19:09:40+00:00\",\"mainEntityOfPage\":{\"@id\":\"https:\/\/www.svalbard.fr\/actualites\/un-ours-polaire-abattu-apres-avoir-attaque-un-garde-aidant-des-touristes-a-descendre-dun-bateau-de-croisiere-dans-larctique\/\"},\"wordCount\":387,\"publisher\":{\"@id\":\"https:\/\/www.svalbard.fr\/actualites\/#organization\"},\"keywords\":[\"abattu\",\"aidant\",\"apr\u00e8s\",\"attaqu\u00e9\",\"avoir\",\"bateau\",\"croisi\u00e8re\",\"dans\",\"des\",\"descendre\",\"dun\",\"garde\",\"lArctique\",\"polaire\",\"touristes\"],\"articleSection\":[\"Svalbard\"],\"inLanguage\":\"fr-FR\"},{\"@type\":\"WebPage\",\"@id\":\"https:\/\/www.svalbard.fr\/actualites\/un-ours-polaire-abattu-apres-avoir-attaque-un-garde-aidant-des-touristes-a-descendre-dun-bateau-de-croisiere-dans-larctique\/\",\"url\":\"https:\/\/www.svalbard.fr\/actualites\/un-ours-polaire-abattu-apres-avoir-attaque-un-garde-aidant-des-touristes-a-descendre-dun-bateau-de-croisiere-dans-larctique\/\",\"name\":\"Un ours polaire abattu apr\u00e8s avoir attaqu\u00e9 un garde aidant des touristes \u00e0 descendre d'un bateau de croisi\u00e8re dans l'Arctique\",\"isPartOf\":{\"@id\":\"https:\/\/www.svalbard.fr\/actualites\/#website\"},\"datePublished\":\"2023-09-03T19:05:45+00:00\",\"dateModified\":\"2023-09-03T19:09:40+00:00\",\"breadcrumb\":{\"@id\":\"https:\/\/www.svalbard.fr\/actualites\/un-ours-polaire-abattu-apres-avoir-attaque-un-garde-aidant-des-touristes-a-descendre-dun-bateau-de-croisiere-dans-larctique\/#breadcrumb\"},\"inLanguage\":\"fr-FR\",\"potentialAction\":[{\"@type\":\"ReadAction\",\"target\":[\"https:\/\/www.svalbard.fr\/actualites\/un-ours-polaire-abattu-apres-avoir-attaque-un-garde-aidant-des-touristes-a-descendre-dun-bateau-de-croisiere-dans-larctique\/\"]}]},{\"@type\":\"BreadcrumbList\",\"@id\":\"https:\/\/www.svalbard.fr\/actualites\/un-ours-polaire-abattu-apres-avoir-attaque-un-garde-aidant-des-touristes-a-descendre-dun-bateau-de-croisiere-dans-larctique\/#breadcrumb\",\"itemListElement\":[{\"@type\":\"ListItem\",\"position\":1,\"name\":\"Accueil\",\"item\":\"https:\/\/www.svalbard.fr\/actualites\/\"},{\"@type\":\"ListItem\",\"position\":2,\"name\":\"Un ours polaire abattu apr\u00e8s avoir attaqu\u00e9 un garde aidant des touristes \u00e0 descendre d&rsquo;un bateau de croisi\u00e8re dans l&rsquo;Arctique\"}]},{\"@type\":\"WebSite\",\"@id\":\"https:\/\/www.svalbard.fr\/actualites\/#website\",\"url\":\"https:\/\/www.svalbard.fr\/actualites\/\",\"name\":\"www.Svalbard.fr\",\"description\":\"\",\"publisher\":{\"@id\":\"https:\/\/www.svalbard.fr\/actualites\/#organization\"},\"potentialAction\":[{\"@type\":\"SearchAction\",\"target\":{\"@type\":\"EntryPoint\",\"urlTemplate\":\"https:\/\/www.svalbard.fr\/actualites\/?s={search_term_string}\"},\"query-input\":\"required name=search_term_string\"}],\"inLanguage\":\"fr-FR\"},{\"@type\":\"Organization\",\"@id\":\"https:\/\/www.svalbard.fr\/actualites\/#organization\",\"name\":\"www.Svalbard.fr\",\"url\":\"https:\/\/www.svalbard.fr\/actualites\/\",\"logo\":{\"@type\":\"ImageObject\",\"inLanguage\":\"fr-FR\",\"@id\":\"https:\/\/www.svalbard.fr\/actualites\/#\/schema\/logo\/image\/\",\"url\":\"https:\/\/www.svalbard.fr\/actualites\/wp-content\/uploads\/2023\/09\/head-nom.jpg\",\"contentUrl\":\"https:\/\/www.svalbard.fr\/actualites\/wp-content\/uploads\/2023\/09\/head-nom.jpg\",\"width\":264,\"height\":35,\"caption\":\"www.Svalbard.fr\"},\"image\":{\"@id\":\"https:\/\/www.svalbard.fr\/actualites\/#\/schema\/logo\/image\/\"}},{\"@type\":\"Person\",\"@id\":\"https:\/\/www.svalbard.fr\/actualites\/#\/schema\/person\/a2f937d5712222366738fae98755c600\",\"name\":\"Hilmar\",\"image\":{\"@type\":\"ImageObject\",\"inLanguage\":\"fr-FR\",\"@id\":\"https:\/\/www.svalbard.fr\/actualites\/#\/schema\/person\/image\/\",\"url\":\"https:\/\/secure.gravatar.com\/avatar\/4daa437093476dbc32da415c112b6512?s=96&d=mm&r=g\",\"contentUrl\":\"https:\/\/secure.gravatar.com\/avatar\/4daa437093476dbc32da415c112b6512?s=96&d=mm&r=g\",\"caption\":\"Hilmar\"},\"description\":\"Hilmar est un passionn\u00e9 des r\u00e9gions polaires, sp\u00e9cialis\u00e9 dans la r\u00e9daction d'articles sur le Spitzberg et autres destinations arctiques. Il apporte son expertise et sa passion pour l'Arctique au sein de l'\u00e9quipe de r\u00e9daction de Svalbard depuis de nombreuses ann\u00e9es.\",\"sameAs\":[\"https:\/\/www.svalbard.fr\/\"]}]}<\/script>\n<!-- \/ Yoast SEO plugin. -->","yoast_head_json":{"title":"Un ours polaire abattu apr\u00e8s avoir attaqu\u00e9 un garde aidant des touristes \u00e0 descendre d'un bateau de croisi\u00e8re dans l'Arctique","robots":{"index":"index","follow":"follow","max-snippet":"max-snippet:-1","max-image-preview":"max-image-preview:large","max-video-preview":"max-video-preview:-1"},"canonical":"https:\/\/www.svalbard.fr\/actualites\/un-ours-polaire-abattu-apres-avoir-attaque-un-garde-aidant-des-touristes-a-descendre-dun-bateau-de-croisiere-dans-larctique\/","og_locale":"fr_FR","og_type":"article","og_title":"Un ours polaire abattu apr\u00e8s avoir attaqu\u00e9 un garde aidant des touristes \u00e0 descendre d'un bateau de croisi\u00e8re dans l'Arctique","og_description":"Un ours polaire a \u00e9t\u00e9 tu\u00e9 apr\u00e8s avoir attaqu\u00e9 et bless\u00e9 un garde qui faisait descendre des touristes d&rsquo;un bateau de croisi\u00e8re dans l&rsquo;Arctique. Il","og_url":"https:\/\/www.svalbard.fr\/actualites\/un-ours-polaire-abattu-apres-avoir-attaque-un-garde-aidant-des-touristes-a-descendre-dun-bateau-de-croisiere-dans-larctique\/","og_site_name":"www.Svalbard.fr","article_published_time":"2023-09-03T19:05:45+00:00","article_modified_time":"2023-09-03T19:09:40+00:00","og_image":[{"width":1200,"height":899,"url":"https:\/\/www.svalbard.fr\/actualites\/wp-content\/uploads\/2023\/09\/Un-ours-polaire-abattu-apres-avoir-attaque-un-garde-aidant.jpg","type":"image\/jpeg"}],"author":"Hilmar","twitter_card":"summary_large_image","twitter_misc":{"\u00c9crit par":"Hilmar","Dur\u00e9e de lecture estim\u00e9e":"2 minutes"},"schema":{"@context":"https:\/\/schema.org","@graph":[{"@type":"Article","@id":"https:\/\/www.svalbard.fr\/actualites\/un-ours-polaire-abattu-apres-avoir-attaque-un-garde-aidant-des-touristes-a-descendre-dun-bateau-de-croisiere-dans-larctique\/#article","isPartOf":{"@id":"https:\/\/www.svalbard.fr\/actualites\/un-ours-polaire-abattu-apres-avoir-attaque-un-garde-aidant-des-touristes-a-descendre-dun-bateau-de-croisiere-dans-larctique\/"},"author":{"name":"Hilmar","@id":"https:\/\/www.svalbard.fr\/actualites\/#\/schema\/person\/a2f937d5712222366738fae98755c600"},"headline":"Un ours polaire abattu apr\u00e8s avoir attaqu\u00e9 un garde aidant des touristes \u00e0 descendre d&rsquo;un bateau de croisi\u00e8re dans l&rsquo;Arctique","datePublished":"2023-09-03T19:05:45+00:00","dateModified":"2023-09-03T19:09:40+00:00","mainEntityOfPage":{"@id":"https:\/\/www.svalbard.fr\/actualites\/un-ours-polaire-abattu-apres-avoir-attaque-un-garde-aidant-des-touristes-a-descendre-dun-bateau-de-croisiere-dans-larctique\/"},"wordCount":387,"publisher":{"@id":"https:\/\/www.svalbard.fr\/actualites\/#organization"},"keywords":["abattu","aidant","apr\u00e8s","attaqu\u00e9","avoir","bateau","croisi\u00e8re","dans","des","descendre","dun","garde","lArctique","polaire","touristes"],"articleSection":["Svalbard"],"inLanguage":"fr-FR"},{"@type":"WebPage","@id":"https:\/\/www.svalbard.fr\/actualites\/un-ours-polaire-abattu-apres-avoir-attaque-un-garde-aidant-des-touristes-a-descendre-dun-bateau-de-croisiere-dans-larctique\/","url":"https:\/\/www.svalbard.fr\/actualites\/un-ours-polaire-abattu-apres-avoir-attaque-un-garde-aidant-des-touristes-a-descendre-dun-bateau-de-croisiere-dans-larctique\/","name":"Un ours polaire abattu apr\u00e8s avoir attaqu\u00e9 un garde aidant des touristes \u00e0 descendre d'un bateau de croisi\u00e8re dans l'Arctique","isPartOf":{"@id":"https:\/\/www.svalbard.fr\/actualites\/#website"},"datePublished":"2023-09-03T19:05:45+00:00","dateModified":"2023-09-03T19:09:40+00:00","breadcrumb":{"@id":"https:\/\/www.svalbard.fr\/actualites\/un-ours-polaire-abattu-apres-avoir-attaque-un-garde-aidant-des-touristes-a-descendre-dun-bateau-de-croisiere-dans-larctique\/#breadcrumb"},"inLanguage":"fr-FR","potentialAction":[{"@type":"ReadAction","target":["https:\/\/www.svalbard.fr\/actualites\/un-ours-polaire-abattu-apres-avoir-attaque-un-garde-aidant-des-touristes-a-descendre-dun-bateau-de-croisiere-dans-larctique\/"]}]},{"@type":"BreadcrumbList","@id":"https:\/\/www.svalbard.fr\/actualites\/un-ours-polaire-abattu-apres-avoir-attaque-un-garde-aidant-des-touristes-a-descendre-dun-bateau-de-croisiere-dans-larctique\/#breadcrumb","itemListElement":[{"@type":"ListItem","position":1,"name":"Accueil","item":"https:\/\/www.svalbard.fr\/actualites\/"},{"@type":"ListItem","position":2,"name":"Un ours polaire abattu apr\u00e8s avoir attaqu\u00e9 un garde aidant des touristes \u00e0 descendre d&rsquo;un bateau de croisi\u00e8re dans l&rsquo;Arctique"}]},{"@type":"WebSite","@id":"https:\/\/www.svalbard.fr\/actualites\/#website","url":"https:\/\/www.svalbard.fr\/actualites\/","name":"www.Svalbard.fr","description":"","publisher":{"@id":"https:\/\/www.svalbard.fr\/actualites\/#organization"},"potentialAction":[{"@type":"SearchAction","target":{"@type":"EntryPoint","urlTemplate":"https:\/\/www.svalbard.fr\/actualites\/?s={search_term_string}"},"query-input":"required name=search_term_string"}],"inLanguage":"fr-FR"},{"@type":"Organization","@id":"https:\/\/www.svalbard.fr\/actualites\/#organization","name":"www.Svalbard.fr","url":"https:\/\/www.svalbard.fr\/actualites\/","logo":{"@type":"ImageObject","inLanguage":"fr-FR","@id":"https:\/\/www.svalbard.fr\/actualites\/#\/schema\/logo\/image\/","url":"https:\/\/www.svalbard.fr\/actualites\/wp-content\/uploads\/2023\/09\/head-nom.jpg","contentUrl":"https:\/\/www.svalbard.fr\/actualites\/wp-content\/uploads\/2023\/09\/head-nom.jpg","width":264,"height":35,"caption":"www.Svalbard.fr"},"image":{"@id":"https:\/\/www.svalbard.fr\/actualites\/#\/schema\/logo\/image\/"}},{"@type":"Person","@id":"https:\/\/www.svalbard.fr\/actualites\/#\/schema\/person\/a2f937d5712222366738fae98755c600","name":"Hilmar","image":{"@type":"ImageObject","inLanguage":"fr-FR","@id":"https:\/\/www.svalbard.fr\/actualites\/#\/schema\/person\/image\/","url":"https:\/\/secure.gravatar.com\/avatar\/4daa437093476dbc32da415c112b6512?s=96&d=mm&r=g","contentUrl":"https:\/\/secure.gravatar.com\/avatar\/4daa437093476dbc32da415c112b6512?s=96&d=mm&r=g","caption":"Hilmar"},"description":"Hilmar est un passionn\u00e9 des r\u00e9gions polaires, sp\u00e9cialis\u00e9 dans la r\u00e9daction d'articles sur le Spitzberg et autres destinations arctiques. Il apporte son expertise et sa passion pour l'Arctique au sein de l'\u00e9quipe de r\u00e9daction de Svalbard depuis de nombreuses ann\u00e9es.","sameAs":["https:\/\/www.svalbard.fr\/"]}]}},"_links":{"self":[{"href":"https:\/\/www.svalbard.fr\/actualites\/wp-json\/wp\/v2\/posts\/114"}],"collection":[{"href":"https:\/\/www.svalbard.fr\/actualites\/wp-json\/wp\/v2\/posts"}],"about":[{"href":"https:\/\/www.svalbard.fr\/actualites\/wp-json\/wp\/v2\/types\/post"}],"author":[{"embeddable":true,"href":"https:\/\/www.svalbard.fr\/actualites\/wp-json\/wp\/v2\/users\/1"}],"replies":[{"embeddable":true,"href":"https:\/\/www.svalbard.fr\/actualites\/wp-json\/wp\/v2\/comments?post=114"}],"version-history":[{"count":2,"href":"https:\/\/www.svalbard.fr\/actualites\/wp-json\/wp\/v2\/posts\/114\/revisions"}],"predecessor-version":[{"id":117,"href":"https:\/\/www.svalbard.fr\/actualites\/wp-json\/wp\/v2\/posts\/114\/revisions\/117"}],"wp:featuredmedia":[{"embeddable":true,"href":"https:\/\/www.svalbard.fr\/actualites\/wp-json\/wp\/v2\/media\/115"}],"wp:attachment":[{"href":"https:\/\/www.svalbard.fr\/actualites\/wp-json\/wp\/v2\/media?parent=114"}],"wp:term":[{"taxonomy":"category","embeddable":true,"href":"https:\/\/www.svalbard.fr\/actualites\/wp-json\/wp\/v2\/categories?post=114"},{"taxonomy":"post_tag","embeddable":true,"href":"https:\/\/www.svalbard.fr\/actualites\/wp-json\/wp\/v2\/tags?post=114"}],"curies":[{"name":"wp","href":"https:\/\/api.w.org\/{rel}","templated":true}]}}