{"id":1164,"date":"2024-07-11T22:20:01","date_gmt":"2024-07-11T20:20:01","guid":{"rendered":"https:\/\/www.svalbard.fr\/actualites\/limprobable-pays-europeen-qui-sapprete-a-tenir-tete-a-donald-trump-au-sujet-de-lotan\/"},"modified":"2024-07-11T22:20:04","modified_gmt":"2024-07-11T20:20:04","slug":"limprobable-pays-europeen-qui-sapprete-a-tenir-tete-a-donald-trump-au-sujet-de-lotan","status":"publish","type":"post","link":"https:\/\/www.svalbard.fr\/actualites\/limprobable-pays-europeen-qui-sapprete-a-tenir-tete-a-donald-trump-au-sujet-de-lotan\/","title":{"rendered":"L&#39;improbable pays europ\u00e9en qui s&#39;appr\u00eate \u00e0 tenir t\u00eate \u00e0 Donald Trump au sujet de l&#39;OTAN"},"content":{"rendered":"<div>\n<p>Le possible retour de Donald Trump \u00e0 la Maison Blanche suscite des inqui\u00e9tudes parmi les membres europ\u00e9ens de l&#39;OTAN.<\/p>\n<p>Le candidat r\u00e9publicain \u00e0 la pr\u00e9sidentielle a exprim\u00e9 son scepticisme \u00e0 l\u2019\u00e9gard des arm\u00e9es occidentales au cours des derniers mois.<\/p>\n<p>Lors d&#39;un rassemblement en f\u00e9vrier, M. Trump a affirm\u00e9 avoir dit un jour \u00e0 un homme politique anonyme qu&#39;il \u00ab encouragerait \u00bb la Russie \u00e0 attaquer tout pays membre de l&#39;OTAN qui n&#39;atteindrait pas l&#39;objectif de d\u00e9penses de l&#39;alliance &#8211; 2 % du PIB.<\/p>\n<p>Alors que le pr\u00e9sident am\u00e9ricain Joe Biden semble \u00eatre \u00e0 la tra\u00eene dans les sondages \u00e0 quatre mois de l\u2019\u00e9lection am\u00e9ricaine, les pays de l\u2019OTAN concentrent leurs efforts sur le maintien du soutien \u00e0 l\u2019Ukraine d\u00e9chir\u00e9e par la guerre et \u00e0 l\u2019alliance militaire elle-m\u00eame.<\/p>\n<p>Le dirigeant d&#39;un pays nordique ne semble cependant pas perturb\u00e9 par le possible retour de M. Trump \u00e0 la Maison Blanche, car il a d\u00e9clar\u00e9 qu&#39;il y a \u00ab deux le\u00e7ons principales \u00bb \u00e0 tirer pour le moment, quelle que soit l&#39;administration qui dirigera les \u00c9tats-Unis l&#39;ann\u00e9e prochaine.<\/p>\n<\/div>\n<div>\n<p>Le Premier ministre norv\u00e9gien Jonas Gahr St\u00f8re a d\u00e9clar\u00e9 \u00e0 Politico : \u00ab L&#39;une des raisons est que l&#39;Europe doit assumer une plus grande responsabilit\u00e9 au sein de l&#39;OTAN. Et nous montrons, je pense, comment nous y parvenons en investissant de mani\u00e8re significative. \u00bb<\/p>\n<p>\u00ab Deuxi\u00e8mement, je pense que ce que nous devons faire dans toute alliance, c\u2019est prouver la pertinence de la raison pour laquelle nous faisons cela ensemble. \u00bb<\/p>\n<p>M. Gahr a d\u00e9clar\u00e9 que pendant le mandat de M. Trump entre 2016 et 2020, plusieurs pays europ\u00e9ens, dont la Norv\u00e8ge, le Danemark et les Pays-Bas, ont \u00ab plut\u00f4t bien \u00bb su lui expliquer pourquoi l&#39;alliance \u00ab avait du sens \u00bb.<\/p>\n<\/div>\n<div>\n<p>En effet, Mark Rutte, le Premier ministre sortant des Pays-Bas qui deviendra bient\u00f4t le nouveau secr\u00e9taire g\u00e9n\u00e9ral de l&#39;OTAN, a \u00e9t\u00e9 surnomm\u00e9 \u00ab le chuchoteur de Trump \u00bb apr\u00e8s une visite officielle r\u00e9ussie aux \u00c9tats-Unis qu&#39;il a effectu\u00e9e pendant que le candidat r\u00e9publicain \u00e9tait \u00e0 la Maison Blanche.<\/p>\n<p>Pr\u00e9occup\u00e9 par le fait que les membres de l&#39;OTAN ne paient pas leurs cotisations, M. Trump serait probablement satisfait du plan sur 12 ans d\u00e9voil\u00e9 par la Norv\u00e8ge pour d\u00e9penser 118 milliards de livres (152 milliards de dollars) pour la d\u00e9fense, dont une grande partie sera consacr\u00e9e \u00e0 la production d&#39;artillerie et de missiles.<\/p>\n<\/div>\n","protected":false},"excerpt":{"rendered":"<p>Le possible retour de Donald Trump \u00e0 la Maison Blanche suscite des inqui\u00e9tudes parmi les membres europ\u00e9ens de l&#39;OTAN. Le candidat r\u00e9publicain \u00e0 la pr\u00e9sidentielle<\/p>\n","protected":false},"author":1,"featured_media":1165,"comment_status":"closed","ping_status":"","sticky":false,"template":"","format":"standard","meta":{"footnotes":""},"categories":[1],"tags":[1419,196,1415,1207,287,104,1416,1421,1417,1418,1420],"yoast_head":"<!-- This site is optimized with the Yoast SEO plugin v21.0 - https:\/\/yoast.com\/wordpress\/plugins\/seo\/ -->\n<title>L&#039;improbable pays europ\u00e9en qui s&#039;appr\u00eate \u00e0 tenir t\u00eate \u00e0 Donald Trump au sujet de l&#039;OTAN<\/title>\n<meta name=\"robots\" content=\"index, follow, max-snippet:-1, max-image-preview:large, max-video-preview:-1\" \/>\n<link rel=\"canonical\" href=\"https:\/\/www.svalbard.fr\/actualites\/limprobable-pays-europeen-qui-sapprete-a-tenir-tete-a-donald-trump-au-sujet-de-lotan\/\" \/>\n<meta property=\"og:locale\" content=\"fr_FR\" \/>\n<meta property=\"og:type\" content=\"article\" \/>\n<meta property=\"og:title\" content=\"L&#039;improbable pays europ\u00e9en qui s&#039;appr\u00eate \u00e0 tenir t\u00eate \u00e0 Donald Trump au sujet de l&#039;OTAN\" \/>\n<meta property=\"og:description\" content=\"Le possible retour de Donald Trump \u00e0 la Maison Blanche suscite des inqui\u00e9tudes parmi les membres europ\u00e9ens de l&#039;OTAN. Le candidat r\u00e9publicain \u00e0 la pr\u00e9sidentielle\" \/>\n<meta property=\"og:url\" content=\"https:\/\/www.svalbard.fr\/actualites\/limprobable-pays-europeen-qui-sapprete-a-tenir-tete-a-donald-trump-au-sujet-de-lotan\/\" \/>\n<meta property=\"og:site_name\" content=\"www.Svalbard.fr\" \/>\n<meta property=\"article:published_time\" content=\"2024-07-11T20:20:01+00:00\" \/>\n<meta property=\"article:modified_time\" content=\"2024-07-11T20:20:04+00:00\" \/>\n<meta property=\"og:image\" content=\"https:\/\/www.svalbard.fr\/actualites\/wp-content\/uploads\/2024\/07\/L39improbable-pays-europeen-qui-s39apprete-a-tenir-tete-a-Donald.jpg\" \/>\n\t<meta property=\"og:image:width\" content=\"1200\" \/>\n\t<meta property=\"og:image:height\" content=\"630\" \/>\n\t<meta property=\"og:image:type\" content=\"image\/jpeg\" \/>\n<meta name=\"author\" content=\"Hilmar\" \/>\n<meta name=\"twitter:card\" content=\"summary_large_image\" \/>\n<meta name=\"twitter:label1\" content=\"\u00c9crit par\" \/>\n\t<meta name=\"twitter:data1\" content=\"Hilmar\" \/>\n\t<meta name=\"twitter:label2\" content=\"Dur\u00e9e de lecture estim\u00e9e\" \/>\n\t<meta name=\"twitter:data2\" content=\"2 minutes\" \/>\n<script type=\"application\/ld+json\" class=\"yoast-schema-graph\">{\"@context\":\"https:\/\/schema.org\",\"@graph\":[{\"@type\":\"Article\",\"@id\":\"https:\/\/www.svalbard.fr\/actualites\/limprobable-pays-europeen-qui-sapprete-a-tenir-tete-a-donald-trump-au-sujet-de-lotan\/#article\",\"isPartOf\":{\"@id\":\"https:\/\/www.svalbard.fr\/actualites\/limprobable-pays-europeen-qui-sapprete-a-tenir-tete-a-donald-trump-au-sujet-de-lotan\/\"},\"author\":{\"name\":\"Hilmar\",\"@id\":\"https:\/\/www.svalbard.fr\/actualites\/#\/schema\/person\/a2f937d5712222366738fae98755c600\"},\"headline\":\"L&#39;improbable pays europ\u00e9en qui s&#39;appr\u00eate \u00e0 tenir t\u00eate \u00e0 Donald Trump au sujet de l&#39;OTAN\",\"datePublished\":\"2024-07-11T20:20:01+00:00\",\"dateModified\":\"2024-07-11T20:20:04+00:00\",\"mainEntityOfPage\":{\"@id\":\"https:\/\/www.svalbard.fr\/actualites\/limprobable-pays-europeen-qui-sapprete-a-tenir-tete-a-donald-trump-au-sujet-de-lotan\/\"},\"wordCount\":437,\"publisher\":{\"@id\":\"https:\/\/www.svalbard.fr\/actualites\/#organization\"},\"keywords\":[\"Donald\",\"europ\u00e9en\",\"L39improbable\",\"l39OTAN\",\"pays\",\"qui\",\"s39appr\u00eate\",\"sujet\",\"tenir\",\"t\u00eate\",\"Trump\"],\"articleSection\":[\"Svalbard\"],\"inLanguage\":\"fr-FR\"},{\"@type\":\"WebPage\",\"@id\":\"https:\/\/www.svalbard.fr\/actualites\/limprobable-pays-europeen-qui-sapprete-a-tenir-tete-a-donald-trump-au-sujet-de-lotan\/\",\"url\":\"https:\/\/www.svalbard.fr\/actualites\/limprobable-pays-europeen-qui-sapprete-a-tenir-tete-a-donald-trump-au-sujet-de-lotan\/\",\"name\":\"L&#39;improbable pays europ\u00e9en qui s&#39;appr\u00eate \u00e0 tenir t\u00eate \u00e0 Donald Trump au sujet de l&#39;OTAN\",\"isPartOf\":{\"@id\":\"https:\/\/www.svalbard.fr\/actualites\/#website\"},\"datePublished\":\"2024-07-11T20:20:01+00:00\",\"dateModified\":\"2024-07-11T20:20:04+00:00\",\"breadcrumb\":{\"@id\":\"https:\/\/www.svalbard.fr\/actualites\/limprobable-pays-europeen-qui-sapprete-a-tenir-tete-a-donald-trump-au-sujet-de-lotan\/#breadcrumb\"},\"inLanguage\":\"fr-FR\",\"potentialAction\":[{\"@type\":\"ReadAction\",\"target\":[\"https:\/\/www.svalbard.fr\/actualites\/limprobable-pays-europeen-qui-sapprete-a-tenir-tete-a-donald-trump-au-sujet-de-lotan\/\"]}]},{\"@type\":\"BreadcrumbList\",\"@id\":\"https:\/\/www.svalbard.fr\/actualites\/limprobable-pays-europeen-qui-sapprete-a-tenir-tete-a-donald-trump-au-sujet-de-lotan\/#breadcrumb\",\"itemListElement\":[{\"@type\":\"ListItem\",\"position\":1,\"name\":\"Accueil\",\"item\":\"https:\/\/www.svalbard.fr\/actualites\/\"},{\"@type\":\"ListItem\",\"position\":2,\"name\":\"L&#39;improbable pays europ\u00e9en qui s&#39;appr\u00eate \u00e0 tenir t\u00eate \u00e0 Donald Trump au sujet de l&#39;OTAN\"}]},{\"@type\":\"WebSite\",\"@id\":\"https:\/\/www.svalbard.fr\/actualites\/#website\",\"url\":\"https:\/\/www.svalbard.fr\/actualites\/\",\"name\":\"www.Svalbard.fr\",\"description\":\"\",\"publisher\":{\"@id\":\"https:\/\/www.svalbard.fr\/actualites\/#organization\"},\"potentialAction\":[{\"@type\":\"SearchAction\",\"target\":{\"@type\":\"EntryPoint\",\"urlTemplate\":\"https:\/\/www.svalbard.fr\/actualites\/?s={search_term_string}\"},\"query-input\":\"required name=search_term_string\"}],\"inLanguage\":\"fr-FR\"},{\"@type\":\"Organization\",\"@id\":\"https:\/\/www.svalbard.fr\/actualites\/#organization\",\"name\":\"www.Svalbard.fr\",\"url\":\"https:\/\/www.svalbard.fr\/actualites\/\",\"logo\":{\"@type\":\"ImageObject\",\"inLanguage\":\"fr-FR\",\"@id\":\"https:\/\/www.svalbard.fr\/actualites\/#\/schema\/logo\/image\/\",\"url\":\"https:\/\/www.svalbard.fr\/actualites\/wp-content\/uploads\/2023\/09\/head-nom.jpg\",\"contentUrl\":\"https:\/\/www.svalbard.fr\/actualites\/wp-content\/uploads\/2023\/09\/head-nom.jpg\",\"width\":264,\"height\":35,\"caption\":\"www.Svalbard.fr\"},\"image\":{\"@id\":\"https:\/\/www.svalbard.fr\/actualites\/#\/schema\/logo\/image\/\"}},{\"@type\":\"Person\",\"@id\":\"https:\/\/www.svalbard.fr\/actualites\/#\/schema\/person\/a2f937d5712222366738fae98755c600\",\"name\":\"Hilmar\",\"image\":{\"@type\":\"ImageObject\",\"inLanguage\":\"fr-FR\",\"@id\":\"https:\/\/www.svalbard.fr\/actualites\/#\/schema\/person\/image\/\",\"url\":\"https:\/\/secure.gravatar.com\/avatar\/4daa437093476dbc32da415c112b6512?s=96&d=mm&r=g\",\"contentUrl\":\"https:\/\/secure.gravatar.com\/avatar\/4daa437093476dbc32da415c112b6512?s=96&d=mm&r=g\",\"caption\":\"Hilmar\"},\"description\":\"Hilmar est un passionn\u00e9 des r\u00e9gions polaires, sp\u00e9cialis\u00e9 dans la r\u00e9daction d'articles sur le Spitzberg et autres destinations arctiques. Il apporte son expertise et sa passion pour l'Arctique au sein de l'\u00e9quipe de r\u00e9daction de Svalbard depuis de nombreuses ann\u00e9es.\",\"sameAs\":[\"https:\/\/www.svalbard.fr\/\"]}]}<\/script>\n<!-- \/ Yoast SEO plugin. -->","yoast_head_json":{"title":"L&#39;improbable pays europ\u00e9en qui s&#39;appr\u00eate \u00e0 tenir t\u00eate \u00e0 Donald Trump au sujet de l&#39;OTAN","robots":{"index":"index","follow":"follow","max-snippet":"max-snippet:-1","max-image-preview":"max-image-preview:large","max-video-preview":"max-video-preview:-1"},"canonical":"https:\/\/www.svalbard.fr\/actualites\/limprobable-pays-europeen-qui-sapprete-a-tenir-tete-a-donald-trump-au-sujet-de-lotan\/","og_locale":"fr_FR","og_type":"article","og_title":"L&#39;improbable pays europ\u00e9en qui s&#39;appr\u00eate \u00e0 tenir t\u00eate \u00e0 Donald Trump au sujet de l&#39;OTAN","og_description":"Le possible retour de Donald Trump \u00e0 la Maison Blanche suscite des inqui\u00e9tudes parmi les membres europ\u00e9ens de l&#39;OTAN. Le candidat r\u00e9publicain \u00e0 la pr\u00e9sidentielle","og_url":"https:\/\/www.svalbard.fr\/actualites\/limprobable-pays-europeen-qui-sapprete-a-tenir-tete-a-donald-trump-au-sujet-de-lotan\/","og_site_name":"www.Svalbard.fr","article_published_time":"2024-07-11T20:20:01+00:00","article_modified_time":"2024-07-11T20:20:04+00:00","og_image":[{"width":1200,"height":630,"url":"https:\/\/www.svalbard.fr\/actualites\/wp-content\/uploads\/2024\/07\/L39improbable-pays-europeen-qui-s39apprete-a-tenir-tete-a-Donald.jpg","type":"image\/jpeg"}],"author":"Hilmar","twitter_card":"summary_large_image","twitter_misc":{"\u00c9crit par":"Hilmar","Dur\u00e9e de lecture estim\u00e9e":"2 minutes"},"schema":{"@context":"https:\/\/schema.org","@graph":[{"@type":"Article","@id":"https:\/\/www.svalbard.fr\/actualites\/limprobable-pays-europeen-qui-sapprete-a-tenir-tete-a-donald-trump-au-sujet-de-lotan\/#article","isPartOf":{"@id":"https:\/\/www.svalbard.fr\/actualites\/limprobable-pays-europeen-qui-sapprete-a-tenir-tete-a-donald-trump-au-sujet-de-lotan\/"},"author":{"name":"Hilmar","@id":"https:\/\/www.svalbard.fr\/actualites\/#\/schema\/person\/a2f937d5712222366738fae98755c600"},"headline":"L&#39;improbable pays europ\u00e9en qui s&#39;appr\u00eate \u00e0 tenir t\u00eate \u00e0 Donald Trump au sujet de l&#39;OTAN","datePublished":"2024-07-11T20:20:01+00:00","dateModified":"2024-07-11T20:20:04+00:00","mainEntityOfPage":{"@id":"https:\/\/www.svalbard.fr\/actualites\/limprobable-pays-europeen-qui-sapprete-a-tenir-tete-a-donald-trump-au-sujet-de-lotan\/"},"wordCount":437,"publisher":{"@id":"https:\/\/www.svalbard.fr\/actualites\/#organization"},"keywords":["Donald","europ\u00e9en","L39improbable","l39OTAN","pays","qui","s39appr\u00eate","sujet","tenir","t\u00eate","Trump"],"articleSection":["Svalbard"],"inLanguage":"fr-FR"},{"@type":"WebPage","@id":"https:\/\/www.svalbard.fr\/actualites\/limprobable-pays-europeen-qui-sapprete-a-tenir-tete-a-donald-trump-au-sujet-de-lotan\/","url":"https:\/\/www.svalbard.fr\/actualites\/limprobable-pays-europeen-qui-sapprete-a-tenir-tete-a-donald-trump-au-sujet-de-lotan\/","name":"L&#39;improbable pays europ\u00e9en qui s&#39;appr\u00eate \u00e0 tenir t\u00eate \u00e0 Donald Trump au sujet de l&#39;OTAN","isPartOf":{"@id":"https:\/\/www.svalbard.fr\/actualites\/#website"},"datePublished":"2024-07-11T20:20:01+00:00","dateModified":"2024-07-11T20:20:04+00:00","breadcrumb":{"@id":"https:\/\/www.svalbard.fr\/actualites\/limprobable-pays-europeen-qui-sapprete-a-tenir-tete-a-donald-trump-au-sujet-de-lotan\/#breadcrumb"},"inLanguage":"fr-FR","potentialAction":[{"@type":"ReadAction","target":["https:\/\/www.svalbard.fr\/actualites\/limprobable-pays-europeen-qui-sapprete-a-tenir-tete-a-donald-trump-au-sujet-de-lotan\/"]}]},{"@type":"BreadcrumbList","@id":"https:\/\/www.svalbard.fr\/actualites\/limprobable-pays-europeen-qui-sapprete-a-tenir-tete-a-donald-trump-au-sujet-de-lotan\/#breadcrumb","itemListElement":[{"@type":"ListItem","position":1,"name":"Accueil","item":"https:\/\/www.svalbard.fr\/actualites\/"},{"@type":"ListItem","position":2,"name":"L&#39;improbable pays europ\u00e9en qui s&#39;appr\u00eate \u00e0 tenir t\u00eate \u00e0 Donald Trump au sujet de l&#39;OTAN"}]},{"@type":"WebSite","@id":"https:\/\/www.svalbard.fr\/actualites\/#website","url":"https:\/\/www.svalbard.fr\/actualites\/","name":"www.Svalbard.fr","description":"","publisher":{"@id":"https:\/\/www.svalbard.fr\/actualites\/#organization"},"potentialAction":[{"@type":"SearchAction","target":{"@type":"EntryPoint","urlTemplate":"https:\/\/www.svalbard.fr\/actualites\/?s={search_term_string}"},"query-input":"required name=search_term_string"}],"inLanguage":"fr-FR"},{"@type":"Organization","@id":"https:\/\/www.svalbard.fr\/actualites\/#organization","name":"www.Svalbard.fr","url":"https:\/\/www.svalbard.fr\/actualites\/","logo":{"@type":"ImageObject","inLanguage":"fr-FR","@id":"https:\/\/www.svalbard.fr\/actualites\/#\/schema\/logo\/image\/","url":"https:\/\/www.svalbard.fr\/actualites\/wp-content\/uploads\/2023\/09\/head-nom.jpg","contentUrl":"https:\/\/www.svalbard.fr\/actualites\/wp-content\/uploads\/2023\/09\/head-nom.jpg","width":264,"height":35,"caption":"www.Svalbard.fr"},"image":{"@id":"https:\/\/www.svalbard.fr\/actualites\/#\/schema\/logo\/image\/"}},{"@type":"Person","@id":"https:\/\/www.svalbard.fr\/actualites\/#\/schema\/person\/a2f937d5712222366738fae98755c600","name":"Hilmar","image":{"@type":"ImageObject","inLanguage":"fr-FR","@id":"https:\/\/www.svalbard.fr\/actualites\/#\/schema\/person\/image\/","url":"https:\/\/secure.gravatar.com\/avatar\/4daa437093476dbc32da415c112b6512?s=96&d=mm&r=g","contentUrl":"https:\/\/secure.gravatar.com\/avatar\/4daa437093476dbc32da415c112b6512?s=96&d=mm&r=g","caption":"Hilmar"},"description":"Hilmar est un passionn\u00e9 des r\u00e9gions polaires, sp\u00e9cialis\u00e9 dans la r\u00e9daction d'articles sur le Spitzberg et autres destinations arctiques. Il apporte son expertise et sa passion pour l'Arctique au sein de l'\u00e9quipe de r\u00e9daction de Svalbard depuis de nombreuses ann\u00e9es.","sameAs":["https:\/\/www.svalbard.fr\/"]}]}},"_links":{"self":[{"href":"https:\/\/www.svalbard.fr\/actualites\/wp-json\/wp\/v2\/posts\/1164"}],"collection":[{"href":"https:\/\/www.svalbard.fr\/actualites\/wp-json\/wp\/v2\/posts"}],"about":[{"href":"https:\/\/www.svalbard.fr\/actualites\/wp-json\/wp\/v2\/types\/post"}],"author":[{"embeddable":true,"href":"https:\/\/www.svalbard.fr\/actualites\/wp-json\/wp\/v2\/users\/1"}],"replies":[{"embeddable":true,"href":"https:\/\/www.svalbard.fr\/actualites\/wp-json\/wp\/v2\/comments?post=1164"}],"version-history":[{"count":1,"href":"https:\/\/www.svalbard.fr\/actualites\/wp-json\/wp\/v2\/posts\/1164\/revisions"}],"predecessor-version":[{"id":1166,"href":"https:\/\/www.svalbard.fr\/actualites\/wp-json\/wp\/v2\/posts\/1164\/revisions\/1166"}],"wp:featuredmedia":[{"embeddable":true,"href":"https:\/\/www.svalbard.fr\/actualites\/wp-json\/wp\/v2\/media\/1165"}],"wp:attachment":[{"href":"https:\/\/www.svalbard.fr\/actualites\/wp-json\/wp\/v2\/media?parent=1164"}],"wp:term":[{"taxonomy":"category","embeddable":true,"href":"https:\/\/www.svalbard.fr\/actualites\/wp-json\/wp\/v2\/categories?post=1164"},{"taxonomy":"post_tag","embeddable":true,"href":"https:\/\/www.svalbard.fr\/actualites\/wp-json\/wp\/v2\/tags?post=1164"}],"curies":[{"name":"wp","href":"https:\/\/api.w.org\/{rel}","templated":true}]}}