{"id":1173,"date":"2024-07-14T14:20:46","date_gmt":"2024-07-14T12:20:46","guid":{"rendered":"https:\/\/www.svalbard.fr\/actualites\/la-belle-region-la-plus-froide-du-monde-ou-seuls-quelques-scientifiques-osent-saventurer\/"},"modified":"2024-07-14T14:20:51","modified_gmt":"2024-07-14T12:20:51","slug":"la-belle-region-la-plus-froide-du-monde-ou-seuls-quelques-scientifiques-osent-saventurer","status":"publish","type":"post","link":"https:\/\/www.svalbard.fr\/actualites\/la-belle-region-la-plus-froide-du-monde-ou-seuls-quelques-scientifiques-osent-saventurer\/","title":{"rendered":"La belle r\u00e9gion la plus froide du monde o\u00f9 seuls quelques scientifiques osent s&#39;aventurer"},"content":{"rendered":"<div>\n<p>Une r\u00e9gion \u00e9poustouflante de l\u2019h\u00e9misph\u00e8re sud est entr\u00e9e dans l\u2019histoire en enregistrant la temp\u00e9rature la plus basse jamais enregistr\u00e9e.<\/p>\n<p>La Terre de la Reine Maud est une r\u00e9gion de l&#39;Antarctique o\u00f9 seuls les scientifiques osent se rendre en raison de ses temp\u00e9ratures inhospitali\u00e8res.<\/p>\n<p>La r\u00e9gion, revendiqu\u00e9e par la Norv\u00e8ge \u00e0 la fin des ann\u00e9es 1930, s&#39;\u00e9tend des oc\u00e9ans Atlantique et Indien jusqu&#39;au p\u00f4le Sud et n&#39;a pas de population permanente. <\/p>\n<p>Il abrite cependant 12 stations de recherche actives, chacune comptant un maximum de 40 scientifiques selon la saison.<\/p>\n<p>Ses paysages \u00e9poustouflants sont souvent recouverts d&#39;une couche de glace qui, dans certaines zones, atteint plus d&#39;un kilom\u00e8tre d&#39;\u00e9paisseur. <\/p>\n<\/div>\n<div>\n<p>La r\u00e9gion est divis\u00e9e en cinq zones &#8211; les c\u00f4tes de la Princesse Martha, de la Princesse Astrid, de la Princesse Ragnhild, du Prince Harold et du Prince Olav &#8211; et les eaux au large de la c\u00f4te ont \u00e9t\u00e9 nomm\u00e9es mer du roi Haakon VII.<\/p>\n<p>Sur le c\u00f4t\u00e9 est de la Terre de la Reine Maud se trouve le D\u00f4me Fuji, le deuxi\u00e8me d\u00f4me de glace le plus haut de la calotte glaciaire de l&#39;Antarctique oriental.<\/p>\n<p>Gr\u00e2ce \u00e0 son altitude de 12 100 pieds et \u00e0 sa situation sur le plateau Antarctique, les temp\u00e9ratures sur le D\u00f4me Fuji d\u00e9passent rarement -30 \u00b0C en \u00e9t\u00e9 et peuvent descendre jusqu&#39;\u00e0 -80 \u00b0C en hiver.<\/p>\n<\/div>\n<div>\n<p>En ao\u00fbt 2010, le D\u00f4me du Fuji a marqu\u00e9 l&#39;histoire en enregistrant la temp\u00e9rature la plus basse jamais enregistr\u00e9e sur Terre, -93,2 \u00b0C. Ce record a battu celui d\u00e9tenu auparavant par la station de recherche Vostok, \u00e9galement en Antarctique, o\u00f9 les scientifiques avaient enregistr\u00e9 -89,2 \u00b0C en juillet 1983.<\/p>\n<p>Le climat globalement inhospitalier ressemble \u00e0 celui d&#39;un d\u00e9sert froid, avec des pr\u00e9cipitations annuelles d&#39;environ 2,5 cm par an. Lorsque la pluie tombe, elle se transforme en cristaux de glace en raison des temp\u00e9ratures glaciales.<\/p>\n<p>Le D\u00f4me Fuji abrite la station D\u00f4me Fuji, une base de recherche exploit\u00e9e par le Japon. <\/p>\n<\/div>\n","protected":false},"excerpt":{"rendered":"<p>Une r\u00e9gion \u00e9poustouflante de l\u2019h\u00e9misph\u00e8re sud est entr\u00e9e dans l\u2019histoire en enregistrant la temp\u00e9rature la plus basse jamais enregistr\u00e9e. La Terre de la Reine Maud<\/p>\n","protected":false},"author":1,"featured_media":1174,"comment_status":"closed","ping_status":"","sticky":false,"template":"","format":"standard","meta":{"footnotes":""},"categories":[1],"tags":[333,300,307,1429,129,1428,60,1430,93,862],"yoast_head":"<!-- This site is optimized with the Yoast SEO plugin v21.0 - https:\/\/yoast.com\/wordpress\/plugins\/seo\/ -->\n<title>La belle r\u00e9gion la plus froide du monde o\u00f9 seuls quelques scientifiques osent s&#039;aventurer<\/title>\n<meta name=\"robots\" content=\"index, follow, max-snippet:-1, max-image-preview:large, max-video-preview:-1\" \/>\n<link rel=\"canonical\" href=\"https:\/\/www.svalbard.fr\/actualites\/la-belle-region-la-plus-froide-du-monde-ou-seuls-quelques-scientifiques-osent-saventurer\/\" \/>\n<meta property=\"og:locale\" content=\"fr_FR\" \/>\n<meta property=\"og:type\" content=\"article\" \/>\n<meta property=\"og:title\" content=\"La belle r\u00e9gion la plus froide du monde o\u00f9 seuls quelques scientifiques osent s&#039;aventurer\" \/>\n<meta property=\"og:description\" content=\"Une r\u00e9gion \u00e9poustouflante de l\u2019h\u00e9misph\u00e8re sud est entr\u00e9e dans l\u2019histoire en enregistrant la temp\u00e9rature la plus basse jamais enregistr\u00e9e. La Terre de la Reine Maud\" \/>\n<meta property=\"og:url\" content=\"https:\/\/www.svalbard.fr\/actualites\/la-belle-region-la-plus-froide-du-monde-ou-seuls-quelques-scientifiques-osent-saventurer\/\" \/>\n<meta property=\"og:site_name\" content=\"www.Svalbard.fr\" \/>\n<meta property=\"article:published_time\" content=\"2024-07-14T12:20:46+00:00\" \/>\n<meta property=\"article:modified_time\" content=\"2024-07-14T12:20:51+00:00\" \/>\n<meta property=\"og:image\" content=\"https:\/\/www.svalbard.fr\/actualites\/wp-content\/uploads\/2024\/07\/La-belle-region-la-plus-froide-du-monde-ou-seuls.jpg\" \/>\n\t<meta property=\"og:image:width\" content=\"1200\" \/>\n\t<meta property=\"og:image:height\" content=\"630\" \/>\n\t<meta property=\"og:image:type\" content=\"image\/jpeg\" \/>\n<meta name=\"author\" content=\"Hilmar\" \/>\n<meta name=\"twitter:card\" content=\"summary_large_image\" \/>\n<meta name=\"twitter:label1\" content=\"\u00c9crit par\" \/>\n\t<meta name=\"twitter:data1\" content=\"Hilmar\" \/>\n\t<meta name=\"twitter:label2\" content=\"Dur\u00e9e de lecture estim\u00e9e\" \/>\n\t<meta name=\"twitter:data2\" content=\"2 minutes\" \/>\n<script type=\"application\/ld+json\" class=\"yoast-schema-graph\">{\"@context\":\"https:\/\/schema.org\",\"@graph\":[{\"@type\":\"Article\",\"@id\":\"https:\/\/www.svalbard.fr\/actualites\/la-belle-region-la-plus-froide-du-monde-ou-seuls-quelques-scientifiques-osent-saventurer\/#article\",\"isPartOf\":{\"@id\":\"https:\/\/www.svalbard.fr\/actualites\/la-belle-region-la-plus-froide-du-monde-ou-seuls-quelques-scientifiques-osent-saventurer\/\"},\"author\":{\"name\":\"Hilmar\",\"@id\":\"https:\/\/www.svalbard.fr\/actualites\/#\/schema\/person\/a2f937d5712222366738fae98755c600\"},\"headline\":\"La belle r\u00e9gion la plus froide du monde o\u00f9 seuls quelques scientifiques osent s&#39;aventurer\",\"datePublished\":\"2024-07-14T12:20:46+00:00\",\"dateModified\":\"2024-07-14T12:20:51+00:00\",\"mainEntityOfPage\":{\"@id\":\"https:\/\/www.svalbard.fr\/actualites\/la-belle-region-la-plus-froide-du-monde-ou-seuls-quelques-scientifiques-osent-saventurer\/\"},\"wordCount\":377,\"publisher\":{\"@id\":\"https:\/\/www.svalbard.fr\/actualites\/#organization\"},\"keywords\":[\"belle\",\"froide\",\"monde\",\"osent\",\"O\u00f9\",\"quelques\",\"r\u00e9gion\",\"s39aventurer\",\"scientifiques\",\"seuls\"],\"articleSection\":[\"Svalbard\"],\"inLanguage\":\"fr-FR\"},{\"@type\":\"WebPage\",\"@id\":\"https:\/\/www.svalbard.fr\/actualites\/la-belle-region-la-plus-froide-du-monde-ou-seuls-quelques-scientifiques-osent-saventurer\/\",\"url\":\"https:\/\/www.svalbard.fr\/actualites\/la-belle-region-la-plus-froide-du-monde-ou-seuls-quelques-scientifiques-osent-saventurer\/\",\"name\":\"La belle r\u00e9gion la plus froide du monde o\u00f9 seuls quelques scientifiques osent s&#39;aventurer\",\"isPartOf\":{\"@id\":\"https:\/\/www.svalbard.fr\/actualites\/#website\"},\"datePublished\":\"2024-07-14T12:20:46+00:00\",\"dateModified\":\"2024-07-14T12:20:51+00:00\",\"breadcrumb\":{\"@id\":\"https:\/\/www.svalbard.fr\/actualites\/la-belle-region-la-plus-froide-du-monde-ou-seuls-quelques-scientifiques-osent-saventurer\/#breadcrumb\"},\"inLanguage\":\"fr-FR\",\"potentialAction\":[{\"@type\":\"ReadAction\",\"target\":[\"https:\/\/www.svalbard.fr\/actualites\/la-belle-region-la-plus-froide-du-monde-ou-seuls-quelques-scientifiques-osent-saventurer\/\"]}]},{\"@type\":\"BreadcrumbList\",\"@id\":\"https:\/\/www.svalbard.fr\/actualites\/la-belle-region-la-plus-froide-du-monde-ou-seuls-quelques-scientifiques-osent-saventurer\/#breadcrumb\",\"itemListElement\":[{\"@type\":\"ListItem\",\"position\":1,\"name\":\"Accueil\",\"item\":\"https:\/\/www.svalbard.fr\/actualites\/\"},{\"@type\":\"ListItem\",\"position\":2,\"name\":\"La belle r\u00e9gion la plus froide du monde o\u00f9 seuls quelques scientifiques osent s&#39;aventurer\"}]},{\"@type\":\"WebSite\",\"@id\":\"https:\/\/www.svalbard.fr\/actualites\/#website\",\"url\":\"https:\/\/www.svalbard.fr\/actualites\/\",\"name\":\"www.Svalbard.fr\",\"description\":\"\",\"publisher\":{\"@id\":\"https:\/\/www.svalbard.fr\/actualites\/#organization\"},\"potentialAction\":[{\"@type\":\"SearchAction\",\"target\":{\"@type\":\"EntryPoint\",\"urlTemplate\":\"https:\/\/www.svalbard.fr\/actualites\/?s={search_term_string}\"},\"query-input\":\"required name=search_term_string\"}],\"inLanguage\":\"fr-FR\"},{\"@type\":\"Organization\",\"@id\":\"https:\/\/www.svalbard.fr\/actualites\/#organization\",\"name\":\"www.Svalbard.fr\",\"url\":\"https:\/\/www.svalbard.fr\/actualites\/\",\"logo\":{\"@type\":\"ImageObject\",\"inLanguage\":\"fr-FR\",\"@id\":\"https:\/\/www.svalbard.fr\/actualites\/#\/schema\/logo\/image\/\",\"url\":\"https:\/\/www.svalbard.fr\/actualites\/wp-content\/uploads\/2023\/09\/head-nom.jpg\",\"contentUrl\":\"https:\/\/www.svalbard.fr\/actualites\/wp-content\/uploads\/2023\/09\/head-nom.jpg\",\"width\":264,\"height\":35,\"caption\":\"www.Svalbard.fr\"},\"image\":{\"@id\":\"https:\/\/www.svalbard.fr\/actualites\/#\/schema\/logo\/image\/\"}},{\"@type\":\"Person\",\"@id\":\"https:\/\/www.svalbard.fr\/actualites\/#\/schema\/person\/a2f937d5712222366738fae98755c600\",\"name\":\"Hilmar\",\"image\":{\"@type\":\"ImageObject\",\"inLanguage\":\"fr-FR\",\"@id\":\"https:\/\/www.svalbard.fr\/actualites\/#\/schema\/person\/image\/\",\"url\":\"https:\/\/secure.gravatar.com\/avatar\/4daa437093476dbc32da415c112b6512?s=96&d=mm&r=g\",\"contentUrl\":\"https:\/\/secure.gravatar.com\/avatar\/4daa437093476dbc32da415c112b6512?s=96&d=mm&r=g\",\"caption\":\"Hilmar\"},\"description\":\"Hilmar est un passionn\u00e9 des r\u00e9gions polaires, sp\u00e9cialis\u00e9 dans la r\u00e9daction d'articles sur le Spitzberg et autres destinations arctiques. Il apporte son expertise et sa passion pour l'Arctique au sein de l'\u00e9quipe de r\u00e9daction de Svalbard depuis de nombreuses ann\u00e9es.\",\"sameAs\":[\"https:\/\/www.svalbard.fr\/\"]}]}<\/script>\n<!-- \/ Yoast SEO plugin. -->","yoast_head_json":{"title":"La belle r\u00e9gion la plus froide du monde o\u00f9 seuls quelques scientifiques osent s&#39;aventurer","robots":{"index":"index","follow":"follow","max-snippet":"max-snippet:-1","max-image-preview":"max-image-preview:large","max-video-preview":"max-video-preview:-1"},"canonical":"https:\/\/www.svalbard.fr\/actualites\/la-belle-region-la-plus-froide-du-monde-ou-seuls-quelques-scientifiques-osent-saventurer\/","og_locale":"fr_FR","og_type":"article","og_title":"La belle r\u00e9gion la plus froide du monde o\u00f9 seuls quelques scientifiques osent s&#39;aventurer","og_description":"Une r\u00e9gion \u00e9poustouflante de l\u2019h\u00e9misph\u00e8re sud est entr\u00e9e dans l\u2019histoire en enregistrant la temp\u00e9rature la plus basse jamais enregistr\u00e9e. La Terre de la Reine Maud","og_url":"https:\/\/www.svalbard.fr\/actualites\/la-belle-region-la-plus-froide-du-monde-ou-seuls-quelques-scientifiques-osent-saventurer\/","og_site_name":"www.Svalbard.fr","article_published_time":"2024-07-14T12:20:46+00:00","article_modified_time":"2024-07-14T12:20:51+00:00","og_image":[{"width":1200,"height":630,"url":"https:\/\/www.svalbard.fr\/actualites\/wp-content\/uploads\/2024\/07\/La-belle-region-la-plus-froide-du-monde-ou-seuls.jpg","type":"image\/jpeg"}],"author":"Hilmar","twitter_card":"summary_large_image","twitter_misc":{"\u00c9crit par":"Hilmar","Dur\u00e9e de lecture estim\u00e9e":"2 minutes"},"schema":{"@context":"https:\/\/schema.org","@graph":[{"@type":"Article","@id":"https:\/\/www.svalbard.fr\/actualites\/la-belle-region-la-plus-froide-du-monde-ou-seuls-quelques-scientifiques-osent-saventurer\/#article","isPartOf":{"@id":"https:\/\/www.svalbard.fr\/actualites\/la-belle-region-la-plus-froide-du-monde-ou-seuls-quelques-scientifiques-osent-saventurer\/"},"author":{"name":"Hilmar","@id":"https:\/\/www.svalbard.fr\/actualites\/#\/schema\/person\/a2f937d5712222366738fae98755c600"},"headline":"La belle r\u00e9gion la plus froide du monde o\u00f9 seuls quelques scientifiques osent s&#39;aventurer","datePublished":"2024-07-14T12:20:46+00:00","dateModified":"2024-07-14T12:20:51+00:00","mainEntityOfPage":{"@id":"https:\/\/www.svalbard.fr\/actualites\/la-belle-region-la-plus-froide-du-monde-ou-seuls-quelques-scientifiques-osent-saventurer\/"},"wordCount":377,"publisher":{"@id":"https:\/\/www.svalbard.fr\/actualites\/#organization"},"keywords":["belle","froide","monde","osent","O\u00f9","quelques","r\u00e9gion","s39aventurer","scientifiques","seuls"],"articleSection":["Svalbard"],"inLanguage":"fr-FR"},{"@type":"WebPage","@id":"https:\/\/www.svalbard.fr\/actualites\/la-belle-region-la-plus-froide-du-monde-ou-seuls-quelques-scientifiques-osent-saventurer\/","url":"https:\/\/www.svalbard.fr\/actualites\/la-belle-region-la-plus-froide-du-monde-ou-seuls-quelques-scientifiques-osent-saventurer\/","name":"La belle r\u00e9gion la plus froide du monde o\u00f9 seuls quelques scientifiques osent s&#39;aventurer","isPartOf":{"@id":"https:\/\/www.svalbard.fr\/actualites\/#website"},"datePublished":"2024-07-14T12:20:46+00:00","dateModified":"2024-07-14T12:20:51+00:00","breadcrumb":{"@id":"https:\/\/www.svalbard.fr\/actualites\/la-belle-region-la-plus-froide-du-monde-ou-seuls-quelques-scientifiques-osent-saventurer\/#breadcrumb"},"inLanguage":"fr-FR","potentialAction":[{"@type":"ReadAction","target":["https:\/\/www.svalbard.fr\/actualites\/la-belle-region-la-plus-froide-du-monde-ou-seuls-quelques-scientifiques-osent-saventurer\/"]}]},{"@type":"BreadcrumbList","@id":"https:\/\/www.svalbard.fr\/actualites\/la-belle-region-la-plus-froide-du-monde-ou-seuls-quelques-scientifiques-osent-saventurer\/#breadcrumb","itemListElement":[{"@type":"ListItem","position":1,"name":"Accueil","item":"https:\/\/www.svalbard.fr\/actualites\/"},{"@type":"ListItem","position":2,"name":"La belle r\u00e9gion la plus froide du monde o\u00f9 seuls quelques scientifiques osent s&#39;aventurer"}]},{"@type":"WebSite","@id":"https:\/\/www.svalbard.fr\/actualites\/#website","url":"https:\/\/www.svalbard.fr\/actualites\/","name":"www.Svalbard.fr","description":"","publisher":{"@id":"https:\/\/www.svalbard.fr\/actualites\/#organization"},"potentialAction":[{"@type":"SearchAction","target":{"@type":"EntryPoint","urlTemplate":"https:\/\/www.svalbard.fr\/actualites\/?s={search_term_string}"},"query-input":"required name=search_term_string"}],"inLanguage":"fr-FR"},{"@type":"Organization","@id":"https:\/\/www.svalbard.fr\/actualites\/#organization","name":"www.Svalbard.fr","url":"https:\/\/www.svalbard.fr\/actualites\/","logo":{"@type":"ImageObject","inLanguage":"fr-FR","@id":"https:\/\/www.svalbard.fr\/actualites\/#\/schema\/logo\/image\/","url":"https:\/\/www.svalbard.fr\/actualites\/wp-content\/uploads\/2023\/09\/head-nom.jpg","contentUrl":"https:\/\/www.svalbard.fr\/actualites\/wp-content\/uploads\/2023\/09\/head-nom.jpg","width":264,"height":35,"caption":"www.Svalbard.fr"},"image":{"@id":"https:\/\/www.svalbard.fr\/actualites\/#\/schema\/logo\/image\/"}},{"@type":"Person","@id":"https:\/\/www.svalbard.fr\/actualites\/#\/schema\/person\/a2f937d5712222366738fae98755c600","name":"Hilmar","image":{"@type":"ImageObject","inLanguage":"fr-FR","@id":"https:\/\/www.svalbard.fr\/actualites\/#\/schema\/person\/image\/","url":"https:\/\/secure.gravatar.com\/avatar\/4daa437093476dbc32da415c112b6512?s=96&d=mm&r=g","contentUrl":"https:\/\/secure.gravatar.com\/avatar\/4daa437093476dbc32da415c112b6512?s=96&d=mm&r=g","caption":"Hilmar"},"description":"Hilmar est un passionn\u00e9 des r\u00e9gions polaires, sp\u00e9cialis\u00e9 dans la r\u00e9daction d'articles sur le Spitzberg et autres destinations arctiques. Il apporte son expertise et sa passion pour l'Arctique au sein de l'\u00e9quipe de r\u00e9daction de Svalbard depuis de nombreuses ann\u00e9es.","sameAs":["https:\/\/www.svalbard.fr\/"]}]}},"_links":{"self":[{"href":"https:\/\/www.svalbard.fr\/actualites\/wp-json\/wp\/v2\/posts\/1173"}],"collection":[{"href":"https:\/\/www.svalbard.fr\/actualites\/wp-json\/wp\/v2\/posts"}],"about":[{"href":"https:\/\/www.svalbard.fr\/actualites\/wp-json\/wp\/v2\/types\/post"}],"author":[{"embeddable":true,"href":"https:\/\/www.svalbard.fr\/actualites\/wp-json\/wp\/v2\/users\/1"}],"replies":[{"embeddable":true,"href":"https:\/\/www.svalbard.fr\/actualites\/wp-json\/wp\/v2\/comments?post=1173"}],"version-history":[{"count":1,"href":"https:\/\/www.svalbard.fr\/actualites\/wp-json\/wp\/v2\/posts\/1173\/revisions"}],"predecessor-version":[{"id":1175,"href":"https:\/\/www.svalbard.fr\/actualites\/wp-json\/wp\/v2\/posts\/1173\/revisions\/1175"}],"wp:featuredmedia":[{"embeddable":true,"href":"https:\/\/www.svalbard.fr\/actualites\/wp-json\/wp\/v2\/media\/1174"}],"wp:attachment":[{"href":"https:\/\/www.svalbard.fr\/actualites\/wp-json\/wp\/v2\/media?parent=1173"}],"wp:term":[{"taxonomy":"category","embeddable":true,"href":"https:\/\/www.svalbard.fr\/actualites\/wp-json\/wp\/v2\/categories?post=1173"},{"taxonomy":"post_tag","embeddable":true,"href":"https:\/\/www.svalbard.fr\/actualites\/wp-json\/wp\/v2\/tags?post=1173"}],"curies":[{"name":"wp","href":"https:\/\/api.w.org\/{rel}","templated":true}]}}