{"id":1205,"date":"2024-07-21T19:19:19","date_gmt":"2024-07-21T17:19:19","guid":{"rendered":"https:\/\/www.svalbard.fr\/actualites\/flyr-la-compagnie-aerienne-low-cost-norvegienne-a-courte-duree-de-vie\/"},"modified":"2024-07-21T19:19:25","modified_gmt":"2024-07-21T17:19:25","slug":"flyr-la-compagnie-aerienne-low-cost-norvegienne-a-courte-duree-de-vie","status":"publish","type":"post","link":"https:\/\/www.svalbard.fr\/actualites\/flyr-la-compagnie-aerienne-low-cost-norvegienne-a-courte-duree-de-vie\/","title":{"rendered":"Flyr : la compagnie a\u00e9rienne low cost norv\u00e9gienne \u00e0 courte dur\u00e9e de vie"},"content":{"rendered":"<div itemprop=\"text\">\n<div class=\"dpsp-post-pinterest-image-hidden\" style=\"display: none;\"><img decoding=\"async\" src=\"https:\/\/www.svalbard.fr\/actualites\/wp-content\/uploads\/2024\/07\/Flyr-la-compagnie-aerienne-low-cost-norvegienne-a-courte.jpg\" data-pin-media=\"https:\/\/www.lifeinnorway.net\/wp-content\/uploads\/2021\/05\/Flyr-Norway-Pin.jpg\" data-pin-title=\"Flyr Norway\" data-pin-description=\"In the summer of 2021, the airline Flyr will take to the skies above Norway to challenge Norwegian, SAS, Wider\u00f8e and Wizz Air. Here's what we know so far about Flyr.\" alt=\"\u00c9pinglette Flyr Norv\u00e8ge\" class=\"dpsp-post-pinterest-image-hidden-inner  dpsp-post-pinterest-image-hidden-single\" loading=\"lazy\"><\/div>\n<p><span id=\"dpsp-post-content-markup\" data-image-pin-it=\"false\"><\/span><\/p>\n<p class=\"intro\">Lanc\u00e9e par certains des plus grands noms de l&#39;aviation scandinave, Flyr avait de grandes ambitions : concurrencer les compagnies a\u00e9riennes \u00e9tablies d&#39;Oslo. Voici l&#39;histoire fascinante de cette compagnie a\u00e9rienne et de son \u00e9chec rapide.<\/p>\n<p>Gr\u00e2ce \u00e0 la g\u00e9ographie du pays et \u00e0 son niveau de vie, de nombreux Norv\u00e9giens voyagent fr\u00e9quemment. Pourtant, la crise sanitaire mondiale de 2020-22 a contraint de nombreux r\u00e9sidents norv\u00e9giens \u00e0 cesser compl\u00e8tement de prendre l&#39;avion pendant au moins un an.<\/p>\n<figure class=\"wp-block-image size-medium_large\"><img data-lazyloaded=\"1\" data-placeholder-resp=\"768x458\" fetchpriority=\"high\" decoding=\"async\" width=\"768\" height=\"458\" data-pin-description=\"Flyr will use Boeing 737-800 aircraft. Illustration: Unfold.\" src=\"https:\/\/www.svalbard.fr\/actualites\/wp-content\/uploads\/2024\/07\/1721582359_190_Flyr-la-compagnie-aerienne-low-cost-norvegienne-a-courte.jpg\" alt=\"Flyr a choisi le Boeing 737-800. Sur la photo, il arbore la nouvelle livr\u00e9e de la compagnie a\u00e9rienne.\" class=\"wp-image-62095\"  data-><img fetchpriority=\"high\" decoding=\"async\" width=\"768\" height=\"458\" data-pin-description=\"Flyr will use Boeing 737-800 aircraft. Illustration: Unfold.\" src=\"https:\/\/www.svalbard.fr\/actualites\/wp-content\/uploads\/2024\/07\/1721582359_190_Flyr-la-compagnie-aerienne-low-cost-norvegienne-a-courte.jpg\" alt=\"Flyr a choisi le Boeing 737-800. Sur la photo, il arbore la nouvelle livr\u00e9e de la compagnie a\u00e9rienne.\" class=\"wp-image-62095\"  ><\/figure>\n<p>Dans ce contexte, cela peut sembler un moment tr\u00e8s \u00e9trange pour lancer une nouvelle compagnie a\u00e9rienne, mais c&#39;est exactement ce qui s&#39;est pass\u00e9 \u00e0 l&#39;\u00e9t\u00e9 2021. En fait, la compagnie a\u00e9rienne avait d\u00e9j\u00e0 \u00e9t\u00e9 contrainte de retarder son lancement en raison des restrictions de voyage.<\/p>\n<p>Issu du cerveau de certains des dirigeants les plus \u00e9minents du secteur de l&#39;aviation norv\u00e9gien, Flyr avait pour objectif de prendre une part du march\u00e9 int\u00e9rieur du transport a\u00e9rien domin\u00e9 par SAS, Norwegian et Wider\u00f8e.<\/p>\n<p>C&#39;\u00e9tait un projet audacieux, mais Flyr a finalement \u00e9chou\u00e9 19 mois seulement apr\u00e8s son premier vol. Alors, qu&#39;est-ce qui a mal tourn\u00e9 ? Jetons un \u0153il \u00e0 l&#39;histoire fascinante de Flyr.<\/p>\n<h2 class=\"wp-block-heading\">Le fruit de l&#39;exp\u00e9rience<\/h2>\n<p>Une nouvelle compagnie a\u00e9rienne \u00e0 bas prix pour la Norv\u00e8ge a \u00e9t\u00e9 con\u00e7ue par plusieurs v\u00e9t\u00e9rans de l&#39;aviation scandinave qui ont vu une opportunit\u00e9 de march\u00e9 \u00e0 Oslo au milieu des difficult\u00e9s financi\u00e8res de Norwegian et de SAS.<\/p>\n<p>Selon le fondateur de l&#39;entreprise, Erik G. Braathen, l&#39;objectif de l&#39;entreprise \u00e9tait de rendre le voyage a\u00e9rien aussi simple que possible : \u00ab Voler est ce que nous faisons le mieux, et c&#39;est la seule chose que nous pr\u00e9voyons de faire. \u00bb<\/p>\n<p>Selon lui, le nom Flyr \u00ab refl\u00e8te la simplicit\u00e9 de l\u2019entreprise, du mod\u00e8le et du produit que nous allons proposer au march\u00e9 \u00bb. Pour certains, la compagnie a\u00e9rienne fait penser \u00e0 une application pour smartphone. Et il y a une raison \u00e0 cela !<\/p>\n<figure class=\"wp-block-image size-large\"><img loading=\"lazy\" data-lazyloaded=\"1\" data-placeholder-resp=\"768x575\" decoding=\"async\" width=\"768\" height=\"575\" src=\"https:\/\/www.svalbard.fr\/actualites\/wp-content\/uploads\/2024\/07\/1721582359_751_Flyr-la-compagnie-aerienne-low-cost-norvegienne-a-courte.jpg\" alt=\"Capture d&#39;\u00e9cran de l&#39;application de r\u00e9servation Flyr.\" class=\"wp-image-63468\"  data-><img loading=\"lazy\" decoding=\"async\" width=\"768\" height=\"575\" src=\"https:\/\/www.svalbard.fr\/actualites\/wp-content\/uploads\/2024\/07\/1721582359_751_Flyr-la-compagnie-aerienne-low-cost-norvegienne-a-courte.jpg\" alt=\"Capture d&#39;\u00e9cran de l&#39;application de r\u00e9servation Flyr.\" class=\"wp-image-63468\"  ><\/figure>\n<p>L&#39;application \u00e9tait un \u00e9l\u00e9ment essentiel de la strat\u00e9gie de la compagnie a\u00e9rienne. Toutes les r\u00e9servations des clients et les modifications ult\u00e9rieures devaient \u00eatre effectu\u00e9es sur le site Web ou l&#39;application.<\/p>\n<p>Dans l&#39;un de ses premiers communiqu\u00e9s de presse en tant que PDG de Flyr, Tonje Wikstr\u00f8m Frislid s&#39;en est pris \u00e0 son ancien employeur Norwegian Air. Les activit\u00e9s long-courriers de Norwegian ont \u00e9chou\u00e9 lorsque la compagnie a\u00e9rienne a cherch\u00e9 \u00e0 s&#39;agrandir.<\/p>\n<p>Elle a d\u00e9clar\u00e9 que Flyr \u00ab construit une compagnie a\u00e9rienne qui ne d\u00e9pend pas de la mise en service d\u2019un nombre croissant d\u2019avions pour devenir rentable \u00bb.<\/p>\n<h2 class=\"wp-block-heading\">Destinations Flyr<\/h2>\n<p>Flyr a lanc\u00e9 un petit r\u00e9seau national en Norv\u00e8ge bas\u00e9 \u00e0 l&#39;a\u00e9roport d&#39;Oslo. La compagnie a \u00e9galement assur\u00e9 des vols vers certaines destinations europ\u00e9ennes.<\/p>\n<figure class=\"wp-block-image size-large\"><img loading=\"lazy\" data-lazyloaded=\"1\" data-placeholder-resp=\"800x516\" decoding=\"async\" width=\"800\" height=\"516\" src=\"https:\/\/www.svalbard.fr\/actualites\/wp-content\/uploads\/2024\/07\/1721582359_634_Flyr-la-compagnie-aerienne-low-cost-norvegienne-a-courte.jpg\" alt=\"Panorama de Troms\u00f8, au nord de la Norv\u00e8ge\" class=\"wp-image-39088\"  data-><img loading=\"lazy\" decoding=\"async\" width=\"800\" height=\"516\" src=\"https:\/\/www.svalbard.fr\/actualites\/wp-content\/uploads\/2024\/07\/1721582359_634_Flyr-la-compagnie-aerienne-low-cost-norvegienne-a-courte.jpg\" alt=\"Panorama de Troms\u00f8, au nord de la Norv\u00e8ge\" class=\"wp-image-39088\"  ><\/figure>\n<p>Leur premier vol a d\u00e9coll\u00e9 de l&#39;a\u00e9roport d&#39;Oslo \u00e0 destination de Troms\u00f8 le 30 juin 2021. Depuis lors, le r\u00e9seau national s&#39;est \u00e9tabli avec les destinations suivantes :<\/p>\n<ul>\n<li>A\u00e9roport de Bergen, Flesland (BGO)<\/li>\n<li>A\u00e9roport de Bod\u00f8 (BOO)<\/li>\n<li>A\u00e9roport Harstad\/Narvik, Evenes (EVE)<\/li>\n<li>A\u00e9roport d&#39;Oslo-Gardermoen (OSL)<\/li>\n<li>A\u00e9roport Troms\u00f8-Langnes (TRS)<\/li>\n<li>A\u00e9roport Trondheim-V\u00e6rnes (TRD)<\/li>\n<\/ul>\n<p>Les destinations internationales \u00e9taient initialement ax\u00e9es sur les loisirs. Au d\u00e9but, il s&#39;agissait de Nice, Malaga et Alicante. Viennent ensuite rapidement Copenhague, Paris et Rome.<\/p>\n<p>\u00c0 mesure que les liaisons internationales sont devenues populaires et que Flyr a acquis des avions suppl\u00e9mentaires, davantage de destinations internationales ont \u00e9t\u00e9 lanc\u00e9es, notamment des liaisons vers l&#39;Autriche, la Croatie, la R\u00e9publique tch\u00e8que, l&#39;Allemagne, la Gr\u00e8ce, le Portugal, l&#39;\u00c9cosse et la Su\u00e8de.<\/p>\n<h2 class=\"wp-block-heading\">La flotte Flyr<\/h2>\n<p>Flyr avait d\u00e9j\u00e0 annonc\u00e9 que sa flotte serait enti\u00e8rement compos\u00e9e de Boeing 737-800. La compagnie a\u00e9rienne a \u00e9galement d\u00e9voil\u00e9 sa livr\u00e9e verte et blanche, illustr\u00e9e ci-dessous.<\/p>\n<p>Les Boeing 737-800 peuvent accueillir 162 passagers en configuration bi-classe ou 189 passagers en configuration tout-\u00e9conomique. Compte tenu de l&#39;approche sans fioritures de Flyr, ils ont choisi la deuxi\u00e8me configuration.<\/p>\n<figure class=\"wp-block-image size-large\"><img loading=\"lazy\" data-lazyloaded=\"1\" data-placeholder-resp=\"768x455\" decoding=\"async\" width=\"768\" height=\"455\" src=\"https:\/\/www.svalbard.fr\/actualites\/wp-content\/uploads\/2024\/07\/1721582359_918_Flyr-la-compagnie-aerienne-low-cost-norvegienne-a-courte.jpg\" alt=\"La livr\u00e9e verte et blanche \u00e9l\u00e9gante de Flyr.\" class=\"wp-image-63471\"  data-><img loading=\"lazy\" decoding=\"async\" width=\"768\" height=\"455\" src=\"https:\/\/www.svalbard.fr\/actualites\/wp-content\/uploads\/2024\/07\/1721582359_918_Flyr-la-compagnie-aerienne-low-cost-norvegienne-a-courte.jpg\" alt=\"La livr\u00e9e verte et blanche \u00e9l\u00e9gante de Flyr.\" class=\"wp-image-63471\"  ><\/figure>\n<p>Les passagers r\u00e9guliers de Norwegian ne sont pas \u00e9trangers \u00e0 cet appareil. Les Boeing 737-800 ont constitu\u00e9 pendant de nombreuses ann\u00e9es l&#39;\u00e9pine dorsale de la vaste flotte court-courrier de Norwegian. D&#39;autres compagnies a\u00e9riennes europ\u00e9ennes, dont Ryanair, utilisent \u00e9galement le mod\u00e8le Boeing.<\/p>\n<p>\u00ab C&#39;est un avion avec lequel nous, en tant que direction, avons beaucoup d&#39;exp\u00e9rience. Il y a \u00e9galement des simulateurs en Norv\u00e8ge et un \u00e9quipage et des m\u00e9caniciens poss\u00e9dant une grande exp\u00e9rience et des comp\u00e9tences \u00bb, a d\u00e9clar\u00e9 le fondateur de Flyr, Erik G. Braathen, au moment de l&#39;annonce.<\/p>\n<h2 class=\"wp-block-heading\">Probl\u00e8mes financiers pour Flyr<\/h2>\n<p>Fond\u00e9e en ao\u00fbt 2020, Flyr a d\u00fb faire face \u00e0 des d\u00e9fis importants en raison des restrictions de voyage li\u00e9es \u00e0 la pand\u00e9mie et de la demande fluctuante. Ces probl\u00e8mes ont retard\u00e9 le vol inaugural de la compagnie a\u00e9rienne jusqu&#39;en juin 2021, date \u00e0 laquelle elle avait d\u00e9j\u00e0 d\u00e9pens\u00e9 une part substantielle de son capital de d\u00e9marrage.<\/p>\n<p>En octobre 2022, Flyr a annonc\u00e9 une r\u00e9duction de moiti\u00e9 de son programme d&#39;hiver pour \u00e9conomiser pr\u00e8s de 40 millions d&#39;euros en raison d&#39;une baisse de la demande.<\/p>\n<p>En novembre 2022, la compagnie a\u00e9rienne a cherch\u00e9 des fonds suppl\u00e9mentaires aupr\u00e8s d&#39;investisseurs, pr\u00e9venant qu&#39;elle ne pouvait garantir ses op\u00e9rations futures sans eux, bien que sa premi\u00e8re tentative pour obtenir un financement ait \u00e9chou\u00e9. Flyr pr\u00e9voyait \u00e9galement de louer au moins un avion \u00e0 une autre compagnie a\u00e9rienne.<\/p>\n<h2 class=\"wp-block-heading\">La fin de Flyr<\/h2>\n<p>Le 30 janvier 2023, Flyr a r\u00e9v\u00e9l\u00e9 que son plan de financement alternatif avait \u00e9chou\u00e9 et que le conseil d&#39;administration recherchait de nouvelles m\u00e9thodes de financement. Cependant, le 1er f\u00e9vrier 2023, la compagnie a\u00e9rienne a \u00e9t\u00e9 plac\u00e9e sous administration judiciaire et a cess\u00e9 tous ses vols.<\/p>\n<p>Les dirigeants des compagnies a\u00e9riennes ont d\u00e9clar\u00e9 que \u00ab les conditions du march\u00e9 et l&#39;incertitude persistante concernant les voyages a\u00e9riens et les b\u00e9n\u00e9fices jusqu&#39;en 2023 \u00bb ont dissuad\u00e9 les investisseurs potentiels.<\/p>\n<p>Flyr a ferm\u00e9 ses portes avec un message simple sur son site Internet : \u00ab Un grand merci \u00e0 tous ceux qui ont choisi de voler avec nous au cours de la derni\u00e8re ann\u00e9e et demie. Vous nous manquerez tous du fond du c\u0153ur et nous nous excusons profond\u00e9ment aupr\u00e8s de tous ceux qui ont \u00e9t\u00e9 touch\u00e9s par le fait que nous devons maintenant atterrir. \u00bb<\/p>\n<p>La pand\u00e9mie en cours et les changements dans les habitudes de voyage ont sans aucun doute jou\u00e9 un r\u00f4le majeur. Cependant, les critiques ont affirm\u00e9 que le mod\u00e8le \u00e9conomique n\u2019\u00e9tait pas le bon au d\u00e9part, il n\u2019est donc pas surprenant que la compagnie a\u00e9rienne n\u2019ait jamais atteint le nombre de passagers dont elle avait besoin pour assurer sa p\u00e9rennit\u00e9.<\/p>\n<p><strong>Avez-vous d\u00e9j\u00e0 vol\u00e9 avec Flyr ?<\/strong> Faites-nous part de votre exp\u00e9rience dans les commentaires.<\/p>\n<\/div>\n","protected":false},"excerpt":{"rendered":"<p>Lanc\u00e9e par certains des plus grands noms de l&#39;aviation scandinave, Flyr avait de grandes ambitions : concurrencer les compagnies a\u00e9riennes \u00e9tablies d&#39;Oslo. Voici l&#39;histoire fascinante<\/p>\n","protected":false},"author":1,"featured_media":1206,"comment_status":"closed","ping_status":"","sticky":false,"template":"","format":"standard","meta":{"footnotes":""},"categories":[1],"tags":[1460,108,1461,1462,1463,1459,277,177],"yoast_head":"<!-- This site is optimized with the Yoast SEO plugin v21.0 - https:\/\/yoast.com\/wordpress\/plugins\/seo\/ -->\n<title>Flyr : la compagnie a\u00e9rienne low cost norv\u00e9gienne \u00e0 courte dur\u00e9e de vie<\/title>\n<meta name=\"robots\" content=\"index, follow, max-snippet:-1, max-image-preview:large, max-video-preview:-1\" \/>\n<link rel=\"canonical\" href=\"https:\/\/www.svalbard.fr\/actualites\/flyr-la-compagnie-aerienne-low-cost-norvegienne-a-courte-duree-de-vie\/\" \/>\n<meta property=\"og:locale\" content=\"fr_FR\" \/>\n<meta property=\"og:type\" content=\"article\" \/>\n<meta property=\"og:title\" content=\"Flyr : la compagnie a\u00e9rienne low cost norv\u00e9gienne \u00e0 courte dur\u00e9e de vie\" \/>\n<meta property=\"og:description\" content=\"Lanc\u00e9e par certains des plus grands noms de l&#039;aviation scandinave, Flyr avait de grandes ambitions : concurrencer les compagnies a\u00e9riennes \u00e9tablies d&#039;Oslo. Voici l&#039;histoire fascinante\" \/>\n<meta property=\"og:url\" content=\"https:\/\/www.svalbard.fr\/actualites\/flyr-la-compagnie-aerienne-low-cost-norvegienne-a-courte-duree-de-vie\/\" \/>\n<meta property=\"og:site_name\" content=\"www.Svalbard.fr\" \/>\n<meta property=\"article:published_time\" content=\"2024-07-21T17:19:19+00:00\" \/>\n<meta property=\"article:modified_time\" content=\"2024-07-21T17:19:25+00:00\" \/>\n<meta property=\"og:image\" content=\"https:\/\/www.svalbard.fr\/actualites\/wp-content\/uploads\/2024\/07\/1721582360_Flyr-la-compagnie-aerienne-low-cost-norvegienne-a-courte.jpg\" \/>\n\t<meta property=\"og:image:width\" content=\"1600\" \/>\n\t<meta property=\"og:image:height\" content=\"955\" \/>\n\t<meta property=\"og:image:type\" content=\"image\/jpeg\" \/>\n<meta name=\"author\" content=\"Hilmar\" \/>\n<meta name=\"twitter:card\" content=\"summary_large_image\" \/>\n<meta name=\"twitter:label1\" content=\"\u00c9crit par\" \/>\n\t<meta name=\"twitter:data1\" content=\"Hilmar\" \/>\n\t<meta name=\"twitter:label2\" content=\"Dur\u00e9e de lecture estim\u00e9e\" \/>\n\t<meta name=\"twitter:data2\" content=\"6 minutes\" \/>\n<script type=\"application\/ld+json\" class=\"yoast-schema-graph\">{\"@context\":\"https:\/\/schema.org\",\"@graph\":[{\"@type\":\"Article\",\"@id\":\"https:\/\/www.svalbard.fr\/actualites\/flyr-la-compagnie-aerienne-low-cost-norvegienne-a-courte-duree-de-vie\/#article\",\"isPartOf\":{\"@id\":\"https:\/\/www.svalbard.fr\/actualites\/flyr-la-compagnie-aerienne-low-cost-norvegienne-a-courte-duree-de-vie\/\"},\"author\":{\"name\":\"Hilmar\",\"@id\":\"https:\/\/www.svalbard.fr\/actualites\/#\/schema\/person\/a2f937d5712222366738fae98755c600\"},\"headline\":\"Flyr : la compagnie a\u00e9rienne low cost norv\u00e9gienne \u00e0 courte dur\u00e9e de vie\",\"datePublished\":\"2024-07-21T17:19:19+00:00\",\"dateModified\":\"2024-07-21T17:19:25+00:00\",\"mainEntityOfPage\":{\"@id\":\"https:\/\/www.svalbard.fr\/actualites\/flyr-la-compagnie-aerienne-low-cost-norvegienne-a-courte-duree-de-vie\/\"},\"wordCount\":1211,\"publisher\":{\"@id\":\"https:\/\/www.svalbard.fr\/actualites\/#organization\"},\"keywords\":[\"a\u00e9rienne\",\"compagnie\",\"cost\",\"courte\",\"dur\u00e9e\",\"Flyr\",\"norv\u00e9gienne\",\"vie\"],\"articleSection\":[\"Svalbard\"],\"inLanguage\":\"fr-FR\"},{\"@type\":\"WebPage\",\"@id\":\"https:\/\/www.svalbard.fr\/actualites\/flyr-la-compagnie-aerienne-low-cost-norvegienne-a-courte-duree-de-vie\/\",\"url\":\"https:\/\/www.svalbard.fr\/actualites\/flyr-la-compagnie-aerienne-low-cost-norvegienne-a-courte-duree-de-vie\/\",\"name\":\"Flyr : la compagnie a\u00e9rienne low cost norv\u00e9gienne \u00e0 courte dur\u00e9e de vie\",\"isPartOf\":{\"@id\":\"https:\/\/www.svalbard.fr\/actualites\/#website\"},\"datePublished\":\"2024-07-21T17:19:19+00:00\",\"dateModified\":\"2024-07-21T17:19:25+00:00\",\"breadcrumb\":{\"@id\":\"https:\/\/www.svalbard.fr\/actualites\/flyr-la-compagnie-aerienne-low-cost-norvegienne-a-courte-duree-de-vie\/#breadcrumb\"},\"inLanguage\":\"fr-FR\",\"potentialAction\":[{\"@type\":\"ReadAction\",\"target\":[\"https:\/\/www.svalbard.fr\/actualites\/flyr-la-compagnie-aerienne-low-cost-norvegienne-a-courte-duree-de-vie\/\"]}]},{\"@type\":\"BreadcrumbList\",\"@id\":\"https:\/\/www.svalbard.fr\/actualites\/flyr-la-compagnie-aerienne-low-cost-norvegienne-a-courte-duree-de-vie\/#breadcrumb\",\"itemListElement\":[{\"@type\":\"ListItem\",\"position\":1,\"name\":\"Accueil\",\"item\":\"https:\/\/www.svalbard.fr\/actualites\/\"},{\"@type\":\"ListItem\",\"position\":2,\"name\":\"Flyr : la compagnie a\u00e9rienne low cost norv\u00e9gienne \u00e0 courte dur\u00e9e de vie\"}]},{\"@type\":\"WebSite\",\"@id\":\"https:\/\/www.svalbard.fr\/actualites\/#website\",\"url\":\"https:\/\/www.svalbard.fr\/actualites\/\",\"name\":\"www.Svalbard.fr\",\"description\":\"\",\"publisher\":{\"@id\":\"https:\/\/www.svalbard.fr\/actualites\/#organization\"},\"potentialAction\":[{\"@type\":\"SearchAction\",\"target\":{\"@type\":\"EntryPoint\",\"urlTemplate\":\"https:\/\/www.svalbard.fr\/actualites\/?s={search_term_string}\"},\"query-input\":\"required name=search_term_string\"}],\"inLanguage\":\"fr-FR\"},{\"@type\":\"Organization\",\"@id\":\"https:\/\/www.svalbard.fr\/actualites\/#organization\",\"name\":\"www.Svalbard.fr\",\"url\":\"https:\/\/www.svalbard.fr\/actualites\/\",\"logo\":{\"@type\":\"ImageObject\",\"inLanguage\":\"fr-FR\",\"@id\":\"https:\/\/www.svalbard.fr\/actualites\/#\/schema\/logo\/image\/\",\"url\":\"https:\/\/www.svalbard.fr\/actualites\/wp-content\/uploads\/2023\/09\/head-nom.jpg\",\"contentUrl\":\"https:\/\/www.svalbard.fr\/actualites\/wp-content\/uploads\/2023\/09\/head-nom.jpg\",\"width\":264,\"height\":35,\"caption\":\"www.Svalbard.fr\"},\"image\":{\"@id\":\"https:\/\/www.svalbard.fr\/actualites\/#\/schema\/logo\/image\/\"}},{\"@type\":\"Person\",\"@id\":\"https:\/\/www.svalbard.fr\/actualites\/#\/schema\/person\/a2f937d5712222366738fae98755c600\",\"name\":\"Hilmar\",\"image\":{\"@type\":\"ImageObject\",\"inLanguage\":\"fr-FR\",\"@id\":\"https:\/\/www.svalbard.fr\/actualites\/#\/schema\/person\/image\/\",\"url\":\"https:\/\/secure.gravatar.com\/avatar\/4daa437093476dbc32da415c112b6512?s=96&d=mm&r=g\",\"contentUrl\":\"https:\/\/secure.gravatar.com\/avatar\/4daa437093476dbc32da415c112b6512?s=96&d=mm&r=g\",\"caption\":\"Hilmar\"},\"description\":\"Hilmar est un passionn\u00e9 des r\u00e9gions polaires, sp\u00e9cialis\u00e9 dans la r\u00e9daction d'articles sur le Spitzberg et autres destinations arctiques. Il apporte son expertise et sa passion pour l'Arctique au sein de l'\u00e9quipe de r\u00e9daction de Svalbard depuis de nombreuses ann\u00e9es.\",\"sameAs\":[\"https:\/\/www.svalbard.fr\/\"]}]}<\/script>\n<!-- \/ Yoast SEO plugin. -->","yoast_head_json":{"title":"Flyr : la compagnie a\u00e9rienne low cost norv\u00e9gienne \u00e0 courte dur\u00e9e de vie","robots":{"index":"index","follow":"follow","max-snippet":"max-snippet:-1","max-image-preview":"max-image-preview:large","max-video-preview":"max-video-preview:-1"},"canonical":"https:\/\/www.svalbard.fr\/actualites\/flyr-la-compagnie-aerienne-low-cost-norvegienne-a-courte-duree-de-vie\/","og_locale":"fr_FR","og_type":"article","og_title":"Flyr : la compagnie a\u00e9rienne low cost norv\u00e9gienne \u00e0 courte dur\u00e9e de vie","og_description":"Lanc\u00e9e par certains des plus grands noms de l&#39;aviation scandinave, Flyr avait de grandes ambitions : concurrencer les compagnies a\u00e9riennes \u00e9tablies d&#39;Oslo. Voici l&#39;histoire fascinante","og_url":"https:\/\/www.svalbard.fr\/actualites\/flyr-la-compagnie-aerienne-low-cost-norvegienne-a-courte-duree-de-vie\/","og_site_name":"www.Svalbard.fr","article_published_time":"2024-07-21T17:19:19+00:00","article_modified_time":"2024-07-21T17:19:25+00:00","og_image":[{"width":1600,"height":955,"url":"https:\/\/www.svalbard.fr\/actualites\/wp-content\/uploads\/2024\/07\/1721582360_Flyr-la-compagnie-aerienne-low-cost-norvegienne-a-courte.jpg","type":"image\/jpeg"}],"author":"Hilmar","twitter_card":"summary_large_image","twitter_misc":{"\u00c9crit par":"Hilmar","Dur\u00e9e de lecture estim\u00e9e":"6 minutes"},"schema":{"@context":"https:\/\/schema.org","@graph":[{"@type":"Article","@id":"https:\/\/www.svalbard.fr\/actualites\/flyr-la-compagnie-aerienne-low-cost-norvegienne-a-courte-duree-de-vie\/#article","isPartOf":{"@id":"https:\/\/www.svalbard.fr\/actualites\/flyr-la-compagnie-aerienne-low-cost-norvegienne-a-courte-duree-de-vie\/"},"author":{"name":"Hilmar","@id":"https:\/\/www.svalbard.fr\/actualites\/#\/schema\/person\/a2f937d5712222366738fae98755c600"},"headline":"Flyr : la compagnie a\u00e9rienne low cost norv\u00e9gienne \u00e0 courte dur\u00e9e de vie","datePublished":"2024-07-21T17:19:19+00:00","dateModified":"2024-07-21T17:19:25+00:00","mainEntityOfPage":{"@id":"https:\/\/www.svalbard.fr\/actualites\/flyr-la-compagnie-aerienne-low-cost-norvegienne-a-courte-duree-de-vie\/"},"wordCount":1211,"publisher":{"@id":"https:\/\/www.svalbard.fr\/actualites\/#organization"},"keywords":["a\u00e9rienne","compagnie","cost","courte","dur\u00e9e","Flyr","norv\u00e9gienne","vie"],"articleSection":["Svalbard"],"inLanguage":"fr-FR"},{"@type":"WebPage","@id":"https:\/\/www.svalbard.fr\/actualites\/flyr-la-compagnie-aerienne-low-cost-norvegienne-a-courte-duree-de-vie\/","url":"https:\/\/www.svalbard.fr\/actualites\/flyr-la-compagnie-aerienne-low-cost-norvegienne-a-courte-duree-de-vie\/","name":"Flyr : la compagnie a\u00e9rienne low cost norv\u00e9gienne \u00e0 courte dur\u00e9e de vie","isPartOf":{"@id":"https:\/\/www.svalbard.fr\/actualites\/#website"},"datePublished":"2024-07-21T17:19:19+00:00","dateModified":"2024-07-21T17:19:25+00:00","breadcrumb":{"@id":"https:\/\/www.svalbard.fr\/actualites\/flyr-la-compagnie-aerienne-low-cost-norvegienne-a-courte-duree-de-vie\/#breadcrumb"},"inLanguage":"fr-FR","potentialAction":[{"@type":"ReadAction","target":["https:\/\/www.svalbard.fr\/actualites\/flyr-la-compagnie-aerienne-low-cost-norvegienne-a-courte-duree-de-vie\/"]}]},{"@type":"BreadcrumbList","@id":"https:\/\/www.svalbard.fr\/actualites\/flyr-la-compagnie-aerienne-low-cost-norvegienne-a-courte-duree-de-vie\/#breadcrumb","itemListElement":[{"@type":"ListItem","position":1,"name":"Accueil","item":"https:\/\/www.svalbard.fr\/actualites\/"},{"@type":"ListItem","position":2,"name":"Flyr : la compagnie a\u00e9rienne low cost norv\u00e9gienne \u00e0 courte dur\u00e9e de vie"}]},{"@type":"WebSite","@id":"https:\/\/www.svalbard.fr\/actualites\/#website","url":"https:\/\/www.svalbard.fr\/actualites\/","name":"www.Svalbard.fr","description":"","publisher":{"@id":"https:\/\/www.svalbard.fr\/actualites\/#organization"},"potentialAction":[{"@type":"SearchAction","target":{"@type":"EntryPoint","urlTemplate":"https:\/\/www.svalbard.fr\/actualites\/?s={search_term_string}"},"query-input":"required name=search_term_string"}],"inLanguage":"fr-FR"},{"@type":"Organization","@id":"https:\/\/www.svalbard.fr\/actualites\/#organization","name":"www.Svalbard.fr","url":"https:\/\/www.svalbard.fr\/actualites\/","logo":{"@type":"ImageObject","inLanguage":"fr-FR","@id":"https:\/\/www.svalbard.fr\/actualites\/#\/schema\/logo\/image\/","url":"https:\/\/www.svalbard.fr\/actualites\/wp-content\/uploads\/2023\/09\/head-nom.jpg","contentUrl":"https:\/\/www.svalbard.fr\/actualites\/wp-content\/uploads\/2023\/09\/head-nom.jpg","width":264,"height":35,"caption":"www.Svalbard.fr"},"image":{"@id":"https:\/\/www.svalbard.fr\/actualites\/#\/schema\/logo\/image\/"}},{"@type":"Person","@id":"https:\/\/www.svalbard.fr\/actualites\/#\/schema\/person\/a2f937d5712222366738fae98755c600","name":"Hilmar","image":{"@type":"ImageObject","inLanguage":"fr-FR","@id":"https:\/\/www.svalbard.fr\/actualites\/#\/schema\/person\/image\/","url":"https:\/\/secure.gravatar.com\/avatar\/4daa437093476dbc32da415c112b6512?s=96&d=mm&r=g","contentUrl":"https:\/\/secure.gravatar.com\/avatar\/4daa437093476dbc32da415c112b6512?s=96&d=mm&r=g","caption":"Hilmar"},"description":"Hilmar est un passionn\u00e9 des r\u00e9gions polaires, sp\u00e9cialis\u00e9 dans la r\u00e9daction d'articles sur le Spitzberg et autres destinations arctiques. Il apporte son expertise et sa passion pour l'Arctique au sein de l'\u00e9quipe de r\u00e9daction de Svalbard depuis de nombreuses ann\u00e9es.","sameAs":["https:\/\/www.svalbard.fr\/"]}]}},"_links":{"self":[{"href":"https:\/\/www.svalbard.fr\/actualites\/wp-json\/wp\/v2\/posts\/1205"}],"collection":[{"href":"https:\/\/www.svalbard.fr\/actualites\/wp-json\/wp\/v2\/posts"}],"about":[{"href":"https:\/\/www.svalbard.fr\/actualites\/wp-json\/wp\/v2\/types\/post"}],"author":[{"embeddable":true,"href":"https:\/\/www.svalbard.fr\/actualites\/wp-json\/wp\/v2\/users\/1"}],"replies":[{"embeddable":true,"href":"https:\/\/www.svalbard.fr\/actualites\/wp-json\/wp\/v2\/comments?post=1205"}],"version-history":[{"count":1,"href":"https:\/\/www.svalbard.fr\/actualites\/wp-json\/wp\/v2\/posts\/1205\/revisions"}],"predecessor-version":[{"id":1207,"href":"https:\/\/www.svalbard.fr\/actualites\/wp-json\/wp\/v2\/posts\/1205\/revisions\/1207"}],"wp:featuredmedia":[{"embeddable":true,"href":"https:\/\/www.svalbard.fr\/actualites\/wp-json\/wp\/v2\/media\/1206"}],"wp:attachment":[{"href":"https:\/\/www.svalbard.fr\/actualites\/wp-json\/wp\/v2\/media?parent=1205"}],"wp:term":[{"taxonomy":"category","embeddable":true,"href":"https:\/\/www.svalbard.fr\/actualites\/wp-json\/wp\/v2\/categories?post=1205"},{"taxonomy":"post_tag","embeddable":true,"href":"https:\/\/www.svalbard.fr\/actualites\/wp-json\/wp\/v2\/tags?post=1205"}],"curies":[{"name":"wp","href":"https:\/\/api.w.org\/{rel}","templated":true}]}}