{"id":1289,"date":"2024-08-23T10:20:22","date_gmt":"2024-08-23T08:20:22","guid":{"rendered":"https:\/\/www.svalbard.fr\/actualites\/podcast-87-voyages-a-velo-en-norvege\/"},"modified":"2024-08-23T10:20:22","modified_gmt":"2024-08-23T08:20:22","slug":"podcast-87-voyages-a-velo-en-norvege","status":"publish","type":"post","link":"https:\/\/www.svalbard.fr\/actualites\/podcast-87-voyages-a-velo-en-norvege\/","title":{"rendered":"Podcast 87 : Voyages \u00e0 v\u00e9lo en Norv\u00e8ge"},"content":{"rendered":"<div itemprop=\"text\">\n<span id=\"dpsp-post-content-markup\" data-image-pin-it=\"false\"><\/span><\/p>\n<p class=\"intro\">Life in Norway Show \u00c9pisode 87 : Matthew Tolley de Cycle Norway rejoint l&#39;\u00e9mission pour parler des joies du v\u00e9lo dans les fjords norv\u00e9giens et au-del\u00e0, et comment planifier votre propre voyage \u00e0 v\u00e9lo.<\/p>\n<p>R\u00e9cemment, je suis tomb\u00e9e sur une vid\u00e9o r\u00e9alis\u00e9e par un compatriote britannique sur YouTube. Rien d&#39;inhabituel l\u00e0-dedans ! Mais cette vid\u00e9o parlait de quelque chose de curieux : un voyage \u00e0 v\u00e9lo longue distance dans les fjords norv\u00e9giens. Le paysage \u00e9tait vraiment spectaculaire.<\/p>\n<figure class=\"wp-block-image size-large\"><img data-lazyloaded=\"1\" data-placeholder-resp=\"768x432\" fetchpriority=\"high\" decoding=\"async\" width=\"768\" height=\"432\" src=\"https:\/\/www.svalbard.fr\/actualites\/wp-content\/uploads\/2024\/08\/Podcast-87-Voyages-a-velo-en-Norvege.jpeg\" alt=\"Cycliste sur une route dans les fjords norv\u00e9giens.\" class=\"wp-image-81171\"  data-><noscript><img fetchpriority=\"high\" decoding=\"async\" width=\"768\" height=\"432\" src=\"https:\/\/www.svalbard.fr\/actualites\/wp-content\/uploads\/2024\/08\/Podcast-87-Voyages-a-velo-en-Norvege.jpeg\" alt=\"Cycliste sur une route dans les fjords norv\u00e9giens.\" class=\"wp-image-81171\"  ><\/noscript><\/figure>\n<p>Quelques heures plus tard, j&#39;en avais vu d&#39;autres. Des paysages encore plus spectaculaires, mais j&#39;ai commenc\u00e9 \u00e0 m&#39;interroger sur beaucoup de choses. Comment la Norv\u00e8ge se compare-t-elle aux autres destinations cyclistes, et de quel type d&#39;exp\u00e9rience et d&#39;\u00e9quipement avez-vous besoin ?<\/p>\n<p>Avant m\u00eame de m&#39;en rendre compte, j&#39;avais invit\u00e9 le cr\u00e9ateur \u00e0 l&#39;\u00e9mission pour en savoir plus. Nous avons parl\u00e9 des raisons pour lesquelles la Norv\u00e8ge est une si bonne destination \u00e0 d\u00e9couvrir \u00e0 v\u00e9lo, des endroits o\u00f9 vous devriez pr\u00e9voir d&#39;aller et des raisons pour lesquelles de nos jours, vous n&#39;avez m\u00eame pas un bon niveau de forme physique pour d\u00e9couvrir la Norv\u00e8ge \u00e0 v\u00e9lo.<\/p>\n<h2 class=\"wp-block-heading\">\u00c9couter l&#39;\u00e9mission<\/h2>\n<p>Vous pouvez \u00e9couter l&#39;\u00e9mission en utilisant le lecteur Web ci-dessous ou sur le lecteur de podcast de votre choix. Cela inclut Apple Podcasts, Audible et Spotify. Recherchez simplement \u00ab\u00a0La vie en Norv\u00e8ge\u00a0\u00bb sur la plateforme de votre choix pour commencer.<\/p>\n<p><iframe loading=\"lazy\" title=\"Embed Player\" src=\"https:\/\/play.libsyn.com\/embed\/episode\/id\/32688922\/height\/192\/theme\/modern\/size\/large\/thumbnail\/yes\/custom-color\/8c1414\/time-start\/00:00:00\/playlist-height\/200\/direction\/backward\/download\/yes\/font-color\/FFFFFF\" height=\"192\" width=\"100%\" scrolling=\"no\" allowfullscreen=\"\" webkitallowfullscreen=\"true\" mozallowfullscreen=\"true\" oallowfullscreen=\"true\" msallowfullscreen=\"true\" style=\"border: medium;\"><\/iframe><\/p>\n<p>O\u00f9 que vous \u00e9coutiez, n&#39;oubliez pas de cliquer sur \u00ab\u00a0s&#39;abonner\u00a0\u00bb pour ne pas manquer un futur \u00e9pisode.<\/p>\n<h2 class=\"wp-block-heading\">Pr\u00e9sentation de Matthew et de Cycle Norway<\/h2>\n<p>Matthew Tolley a d\u00e9m\u00e9nag\u00e9 en Norv\u00e8ge en 2016, apr\u00e8s avoir rencontr\u00e9 une jeune Norv\u00e9gienne, comme beaucoup de Britanniques. Il n&#39;\u00e9tait pas \u00e9tranger \u00e0 la vie \u00e0 l&#39;\u00e9tranger, ayant d\u00e9j\u00e0 s\u00e9journ\u00e9 dans plusieurs pays.<\/p>\n<p>Apr\u00e8s \u00eatre tomb\u00e9 amoureux de l&#39;exploration du pays sur deux roues, il a commenc\u00e9 \u00e0 publier des vid\u00e9os de ses aventures sur YouTube. Il a rapidement cr\u00e9\u00e9 une communaut\u00e9 fid\u00e8le gr\u00e2ce \u00e0 des vid\u00e9os \u00e0 succ\u00e8s comme celle-ci sur le cyclisme dans les fjords norv\u00e9giens :<\/p>\n<figure class=\"wp-block-embed is-type-video is-provider-youtube wp-block-embed-youtube wp-embed-aspect-16-9 wp-has-aspect-ratio\">\n<p>\n<iframe loading=\"lazy\" title=\"FJORD NORWAY | The World&#039;s Most Beautiful Ride | 1500KM | Ep.1\" width=\"1200\" height=\"675\" src=\"https:\/\/www.youtube.com\/embed\/om-NSynX0I8?feature=oembed\" frameborder=\"0\" allow=\"accelerometer; autoplay; clipboard-write; encrypted-media; gyroscope; picture-in-picture; web-share\" referrerpolicy=\"strict-origin-when-cross-origin\" allowfullscreen><\/iframe>\n<\/p>\n<\/figure>\n<p>Apr\u00e8s avoir construit une communaut\u00e9 fid\u00e8le pour ses vid\u00e9os sur YouTube, il dirige d\u00e9sormais Cycle Norway pour partager sa passion du v\u00e9lo avec une communaut\u00e9 d&#39;autres personnes int\u00e9ress\u00e9es par la planification de voyages \u00e0 v\u00e9lo \u00e0 travers la Norv\u00e8ge.<\/p>\n<p>Bien qu&#39;il adore les sentiers autour de la r\u00e9gion des fjords, Matthew recommande les vall\u00e9es de l&#39;est de la Norv\u00e8ge comme son endroit pr\u00e9f\u00e9r\u00e9. \u00c9coutez-le pour en savoir plus, notamment ses conseils sur l&#39;exp\u00e9rience dont vous avez besoin pour entreprendre un tel voyage. Cela pourrait vous surprendre !<\/p>\n<h2 class=\"wp-block-heading\">Liens de l&#39;\u00e9mission<\/h2>\n<\/div>\n","protected":false},"excerpt":{"rendered":"<p>Life in Norway Show \u00c9pisode 87 : Matthew Tolley de Cycle Norway rejoint l&#39;\u00e9mission pour parler des joies du v\u00e9lo dans les fjords norv\u00e9giens et<\/p>\n","protected":false},"author":1,"featured_media":1290,"comment_status":"","ping_status":"","sticky":false,"template":"","format":"standard","meta":{"footnotes":""},"categories":[1],"tags":[6,631,1549,978],"yoast_head":"<!-- This site is optimized with the Yoast SEO plugin v21.0 - https:\/\/yoast.com\/wordpress\/plugins\/seo\/ -->\n<title>Podcast 87 : Voyages \u00e0 v\u00e9lo en Norv\u00e8ge<\/title>\n<meta name=\"robots\" content=\"index, follow, max-snippet:-1, max-image-preview:large, max-video-preview:-1\" \/>\n<link rel=\"canonical\" href=\"https:\/\/www.svalbard.fr\/actualites\/podcast-87-voyages-a-velo-en-norvege\/\" \/>\n<meta property=\"og:locale\" content=\"fr_FR\" \/>\n<meta property=\"og:type\" content=\"article\" \/>\n<meta property=\"og:title\" content=\"Podcast 87 : Voyages \u00e0 v\u00e9lo en Norv\u00e8ge\" \/>\n<meta property=\"og:description\" content=\"Life in Norway Show \u00c9pisode 87 : Matthew Tolley de Cycle Norway rejoint l&#039;\u00e9mission pour parler des joies du v\u00e9lo dans les fjords norv\u00e9giens et\" \/>\n<meta property=\"og:url\" content=\"https:\/\/www.svalbard.fr\/actualites\/podcast-87-voyages-a-velo-en-norvege\/\" \/>\n<meta property=\"og:site_name\" content=\"www.Svalbard.fr\" \/>\n<meta property=\"article:published_time\" content=\"2024-08-23T08:20:22+00:00\" \/>\n<meta property=\"og:image\" content=\"https:\/\/www.svalbard.fr\/actualites\/wp-content\/uploads\/2024\/08\/Podcast-87-Voyages-a-velo-en-Norvege.jpeg\" \/>\n<meta name=\"author\" content=\"Hilmar\" \/>\n<meta name=\"twitter:card\" content=\"summary_large_image\" \/>\n<meta name=\"twitter:label1\" content=\"\u00c9crit par\" \/>\n\t<meta name=\"twitter:data1\" content=\"Hilmar\" \/>\n\t<meta name=\"twitter:label2\" content=\"Dur\u00e9e de lecture estim\u00e9e\" \/>\n\t<meta name=\"twitter:data2\" content=\"2 minutes\" \/>\n<script type=\"application\/ld+json\" class=\"yoast-schema-graph\">{\"@context\":\"https:\/\/schema.org\",\"@graph\":[{\"@type\":\"Article\",\"@id\":\"https:\/\/www.svalbard.fr\/actualites\/podcast-87-voyages-a-velo-en-norvege\/#article\",\"isPartOf\":{\"@id\":\"https:\/\/www.svalbard.fr\/actualites\/podcast-87-voyages-a-velo-en-norvege\/\"},\"author\":{\"name\":\"Hilmar\",\"@id\":\"https:\/\/www.svalbard.fr\/actualites\/#\/schema\/person\/a2f937d5712222366738fae98755c600\"},\"headline\":\"Podcast 87 : Voyages \u00e0 v\u00e9lo en Norv\u00e8ge\",\"datePublished\":\"2024-08-23T08:20:22+00:00\",\"dateModified\":\"2024-08-23T08:20:22+00:00\",\"mainEntityOfPage\":{\"@id\":\"https:\/\/www.svalbard.fr\/actualites\/podcast-87-voyages-a-velo-en-norvege\/\"},\"wordCount\":493,\"publisher\":{\"@id\":\"https:\/\/www.svalbard.fr\/actualites\/#organization\"},\"keywords\":[\"Norv\u00e8ge\",\"Podcast\",\"v\u00e9lo\",\"Voyages\"],\"articleSection\":[\"Svalbard\"],\"inLanguage\":\"fr-FR\"},{\"@type\":\"WebPage\",\"@id\":\"https:\/\/www.svalbard.fr\/actualites\/podcast-87-voyages-a-velo-en-norvege\/\",\"url\":\"https:\/\/www.svalbard.fr\/actualites\/podcast-87-voyages-a-velo-en-norvege\/\",\"name\":\"Podcast 87 : Voyages \u00e0 v\u00e9lo en Norv\u00e8ge\",\"isPartOf\":{\"@id\":\"https:\/\/www.svalbard.fr\/actualites\/#website\"},\"datePublished\":\"2024-08-23T08:20:22+00:00\",\"dateModified\":\"2024-08-23T08:20:22+00:00\",\"breadcrumb\":{\"@id\":\"https:\/\/www.svalbard.fr\/actualites\/podcast-87-voyages-a-velo-en-norvege\/#breadcrumb\"},\"inLanguage\":\"fr-FR\",\"potentialAction\":[{\"@type\":\"ReadAction\",\"target\":[\"https:\/\/www.svalbard.fr\/actualites\/podcast-87-voyages-a-velo-en-norvege\/\"]}]},{\"@type\":\"BreadcrumbList\",\"@id\":\"https:\/\/www.svalbard.fr\/actualites\/podcast-87-voyages-a-velo-en-norvege\/#breadcrumb\",\"itemListElement\":[{\"@type\":\"ListItem\",\"position\":1,\"name\":\"Accueil\",\"item\":\"https:\/\/www.svalbard.fr\/actualites\/\"},{\"@type\":\"ListItem\",\"position\":2,\"name\":\"Podcast 87 : Voyages \u00e0 v\u00e9lo en Norv\u00e8ge\"}]},{\"@type\":\"WebSite\",\"@id\":\"https:\/\/www.svalbard.fr\/actualites\/#website\",\"url\":\"https:\/\/www.svalbard.fr\/actualites\/\",\"name\":\"www.Svalbard.fr\",\"description\":\"\",\"publisher\":{\"@id\":\"https:\/\/www.svalbard.fr\/actualites\/#organization\"},\"potentialAction\":[{\"@type\":\"SearchAction\",\"target\":{\"@type\":\"EntryPoint\",\"urlTemplate\":\"https:\/\/www.svalbard.fr\/actualites\/?s={search_term_string}\"},\"query-input\":\"required name=search_term_string\"}],\"inLanguage\":\"fr-FR\"},{\"@type\":\"Organization\",\"@id\":\"https:\/\/www.svalbard.fr\/actualites\/#organization\",\"name\":\"www.Svalbard.fr\",\"url\":\"https:\/\/www.svalbard.fr\/actualites\/\",\"logo\":{\"@type\":\"ImageObject\",\"inLanguage\":\"fr-FR\",\"@id\":\"https:\/\/www.svalbard.fr\/actualites\/#\/schema\/logo\/image\/\",\"url\":\"https:\/\/www.svalbard.fr\/actualites\/wp-content\/uploads\/2023\/09\/head-nom.jpg\",\"contentUrl\":\"https:\/\/www.svalbard.fr\/actualites\/wp-content\/uploads\/2023\/09\/head-nom.jpg\",\"width\":264,\"height\":35,\"caption\":\"www.Svalbard.fr\"},\"image\":{\"@id\":\"https:\/\/www.svalbard.fr\/actualites\/#\/schema\/logo\/image\/\"}},{\"@type\":\"Person\",\"@id\":\"https:\/\/www.svalbard.fr\/actualites\/#\/schema\/person\/a2f937d5712222366738fae98755c600\",\"name\":\"Hilmar\",\"image\":{\"@type\":\"ImageObject\",\"inLanguage\":\"fr-FR\",\"@id\":\"https:\/\/www.svalbard.fr\/actualites\/#\/schema\/person\/image\/\",\"url\":\"https:\/\/secure.gravatar.com\/avatar\/4daa437093476dbc32da415c112b6512?s=96&d=mm&r=g\",\"contentUrl\":\"https:\/\/secure.gravatar.com\/avatar\/4daa437093476dbc32da415c112b6512?s=96&d=mm&r=g\",\"caption\":\"Hilmar\"},\"description\":\"Hilmar est un passionn\u00e9 des r\u00e9gions polaires, sp\u00e9cialis\u00e9 dans la r\u00e9daction d'articles sur le Spitzberg et autres destinations arctiques. Il apporte son expertise et sa passion pour l'Arctique au sein de l'\u00e9quipe de r\u00e9daction de Svalbard depuis de nombreuses ann\u00e9es.\",\"sameAs\":[\"https:\/\/www.svalbard.fr\/\"]}]}<\/script>\n<!-- \/ Yoast SEO plugin. -->","yoast_head_json":{"title":"Podcast 87 : Voyages \u00e0 v\u00e9lo en Norv\u00e8ge","robots":{"index":"index","follow":"follow","max-snippet":"max-snippet:-1","max-image-preview":"max-image-preview:large","max-video-preview":"max-video-preview:-1"},"canonical":"https:\/\/www.svalbard.fr\/actualites\/podcast-87-voyages-a-velo-en-norvege\/","og_locale":"fr_FR","og_type":"article","og_title":"Podcast 87 : Voyages \u00e0 v\u00e9lo en Norv\u00e8ge","og_description":"Life in Norway Show \u00c9pisode 87 : Matthew Tolley de Cycle Norway rejoint l&#39;\u00e9mission pour parler des joies du v\u00e9lo dans les fjords norv\u00e9giens et","og_url":"https:\/\/www.svalbard.fr\/actualites\/podcast-87-voyages-a-velo-en-norvege\/","og_site_name":"www.Svalbard.fr","article_published_time":"2024-08-23T08:20:22+00:00","og_image":[{"url":"https:\/\/www.svalbard.fr\/actualites\/wp-content\/uploads\/2024\/08\/Podcast-87-Voyages-a-velo-en-Norvege.jpeg"}],"author":"Hilmar","twitter_card":"summary_large_image","twitter_misc":{"\u00c9crit par":"Hilmar","Dur\u00e9e de lecture estim\u00e9e":"2 minutes"},"schema":{"@context":"https:\/\/schema.org","@graph":[{"@type":"Article","@id":"https:\/\/www.svalbard.fr\/actualites\/podcast-87-voyages-a-velo-en-norvege\/#article","isPartOf":{"@id":"https:\/\/www.svalbard.fr\/actualites\/podcast-87-voyages-a-velo-en-norvege\/"},"author":{"name":"Hilmar","@id":"https:\/\/www.svalbard.fr\/actualites\/#\/schema\/person\/a2f937d5712222366738fae98755c600"},"headline":"Podcast 87 : Voyages \u00e0 v\u00e9lo en Norv\u00e8ge","datePublished":"2024-08-23T08:20:22+00:00","dateModified":"2024-08-23T08:20:22+00:00","mainEntityOfPage":{"@id":"https:\/\/www.svalbard.fr\/actualites\/podcast-87-voyages-a-velo-en-norvege\/"},"wordCount":493,"publisher":{"@id":"https:\/\/www.svalbard.fr\/actualites\/#organization"},"keywords":["Norv\u00e8ge","Podcast","v\u00e9lo","Voyages"],"articleSection":["Svalbard"],"inLanguage":"fr-FR"},{"@type":"WebPage","@id":"https:\/\/www.svalbard.fr\/actualites\/podcast-87-voyages-a-velo-en-norvege\/","url":"https:\/\/www.svalbard.fr\/actualites\/podcast-87-voyages-a-velo-en-norvege\/","name":"Podcast 87 : Voyages \u00e0 v\u00e9lo en Norv\u00e8ge","isPartOf":{"@id":"https:\/\/www.svalbard.fr\/actualites\/#website"},"datePublished":"2024-08-23T08:20:22+00:00","dateModified":"2024-08-23T08:20:22+00:00","breadcrumb":{"@id":"https:\/\/www.svalbard.fr\/actualites\/podcast-87-voyages-a-velo-en-norvege\/#breadcrumb"},"inLanguage":"fr-FR","potentialAction":[{"@type":"ReadAction","target":["https:\/\/www.svalbard.fr\/actualites\/podcast-87-voyages-a-velo-en-norvege\/"]}]},{"@type":"BreadcrumbList","@id":"https:\/\/www.svalbard.fr\/actualites\/podcast-87-voyages-a-velo-en-norvege\/#breadcrumb","itemListElement":[{"@type":"ListItem","position":1,"name":"Accueil","item":"https:\/\/www.svalbard.fr\/actualites\/"},{"@type":"ListItem","position":2,"name":"Podcast 87 : Voyages \u00e0 v\u00e9lo en Norv\u00e8ge"}]},{"@type":"WebSite","@id":"https:\/\/www.svalbard.fr\/actualites\/#website","url":"https:\/\/www.svalbard.fr\/actualites\/","name":"www.Svalbard.fr","description":"","publisher":{"@id":"https:\/\/www.svalbard.fr\/actualites\/#organization"},"potentialAction":[{"@type":"SearchAction","target":{"@type":"EntryPoint","urlTemplate":"https:\/\/www.svalbard.fr\/actualites\/?s={search_term_string}"},"query-input":"required name=search_term_string"}],"inLanguage":"fr-FR"},{"@type":"Organization","@id":"https:\/\/www.svalbard.fr\/actualites\/#organization","name":"www.Svalbard.fr","url":"https:\/\/www.svalbard.fr\/actualites\/","logo":{"@type":"ImageObject","inLanguage":"fr-FR","@id":"https:\/\/www.svalbard.fr\/actualites\/#\/schema\/logo\/image\/","url":"https:\/\/www.svalbard.fr\/actualites\/wp-content\/uploads\/2023\/09\/head-nom.jpg","contentUrl":"https:\/\/www.svalbard.fr\/actualites\/wp-content\/uploads\/2023\/09\/head-nom.jpg","width":264,"height":35,"caption":"www.Svalbard.fr"},"image":{"@id":"https:\/\/www.svalbard.fr\/actualites\/#\/schema\/logo\/image\/"}},{"@type":"Person","@id":"https:\/\/www.svalbard.fr\/actualites\/#\/schema\/person\/a2f937d5712222366738fae98755c600","name":"Hilmar","image":{"@type":"ImageObject","inLanguage":"fr-FR","@id":"https:\/\/www.svalbard.fr\/actualites\/#\/schema\/person\/image\/","url":"https:\/\/secure.gravatar.com\/avatar\/4daa437093476dbc32da415c112b6512?s=96&d=mm&r=g","contentUrl":"https:\/\/secure.gravatar.com\/avatar\/4daa437093476dbc32da415c112b6512?s=96&d=mm&r=g","caption":"Hilmar"},"description":"Hilmar est un passionn\u00e9 des r\u00e9gions polaires, sp\u00e9cialis\u00e9 dans la r\u00e9daction d'articles sur le Spitzberg et autres destinations arctiques. Il apporte son expertise et sa passion pour l'Arctique au sein de l'\u00e9quipe de r\u00e9daction de Svalbard depuis de nombreuses ann\u00e9es.","sameAs":["https:\/\/www.svalbard.fr\/"]}]}},"_links":{"self":[{"href":"https:\/\/www.svalbard.fr\/actualites\/wp-json\/wp\/v2\/posts\/1289"}],"collection":[{"href":"https:\/\/www.svalbard.fr\/actualites\/wp-json\/wp\/v2\/posts"}],"about":[{"href":"https:\/\/www.svalbard.fr\/actualites\/wp-json\/wp\/v2\/types\/post"}],"author":[{"embeddable":true,"href":"https:\/\/www.svalbard.fr\/actualites\/wp-json\/wp\/v2\/users\/1"}],"replies":[{"embeddable":true,"href":"https:\/\/www.svalbard.fr\/actualites\/wp-json\/wp\/v2\/comments?post=1289"}],"version-history":[{"count":0,"href":"https:\/\/www.svalbard.fr\/actualites\/wp-json\/wp\/v2\/posts\/1289\/revisions"}],"wp:featuredmedia":[{"embeddable":true,"href":"https:\/\/www.svalbard.fr\/actualites\/wp-json\/wp\/v2\/media\/1290"}],"wp:attachment":[{"href":"https:\/\/www.svalbard.fr\/actualites\/wp-json\/wp\/v2\/media?parent=1289"}],"wp:term":[{"taxonomy":"category","embeddable":true,"href":"https:\/\/www.svalbard.fr\/actualites\/wp-json\/wp\/v2\/categories?post=1289"},{"taxonomy":"post_tag","embeddable":true,"href":"https:\/\/www.svalbard.fr\/actualites\/wp-json\/wp\/v2\/tags?post=1289"}],"curies":[{"name":"wp","href":"https:\/\/api.w.org\/{rel}","templated":true}]}}