{"id":1306,"date":"2024-08-28T13:24:51","date_gmt":"2024-08-28T11:24:51","guid":{"rendered":"https:\/\/www.svalbard.fr\/actualites\/la-norvege-suspend-sa-campagne-de-tourisme-en-plein-air-apres-des-manifestations-contre-le-surtourisme\/"},"modified":"2024-08-28T13:24:51","modified_gmt":"2024-08-28T11:24:51","slug":"la-norvege-suspend-sa-campagne-de-tourisme-en-plein-air-apres-des-manifestations-contre-le-surtourisme","status":"publish","type":"post","link":"https:\/\/www.svalbard.fr\/actualites\/la-norvege-suspend-sa-campagne-de-tourisme-en-plein-air-apres-des-manifestations-contre-le-surtourisme\/","title":{"rendered":"La Norv\u00e8ge suspend sa campagne de tourisme en plein air apr\u00e8s des manifestations contre le surtourisme"},"content":{"rendered":"<div itemprop=\"text\">\n<span id=\"dpsp-post-content-markup\" data-image-pin-it=\"false\"><\/span><\/p>\n<p class=\"intro\">Innovation Norway a d\u00e9cid\u00e9 de mettre en pause ses efforts de pr\u00e8s de deux ans visant \u00e0 promouvoir la Norv\u00e8ge comme destination de choix pour le tourisme de plein air, suite aux r\u00e9actions n\u00e9gatives de l&#39;industrie et d&#39;autres acteurs locaux.<\/p>\n<p>L&#39;entreprise publique, charg\u00e9e de promouvoir le pays \u00e0 l&#39;international, avait pr\u00e9vu de mettre en valeur la beaut\u00e9 naturelle et la culture de plein air de la Norv\u00e8ge dans une nouvelle campagne.<\/p>\n<figure class=\"wp-block-image size-large\"><img data-lazyloaded=\"1\" data-placeholder-resp=\"768x432\" fetchpriority=\"high\" decoding=\"async\" width=\"768\" height=\"432\" src=\"https:\/\/www.svalbard.fr\/actualites\/wp-content\/uploads\/2024\/08\/La-Norvege-suspend-sa-campagne-de-tourisme-en-plein-air.jpg\" alt=\"Des gens se prom\u00e8nent \u00e0 Trolltunga en Norv\u00e8ge. Photo : savanterpro \/ Shutterstock.com.\" class=\"wp-image-81336\"  data-><noscript><img fetchpriority=\"high\" decoding=\"async\" width=\"768\" height=\"432\" src=\"https:\/\/www.svalbard.fr\/actualites\/wp-content\/uploads\/2024\/08\/La-Norvege-suspend-sa-campagne-de-tourisme-en-plein-air.jpg\" alt=\"Des gens se prom\u00e8nent \u00e0 Trolltunga en Norv\u00e8ge. Photo : savanterpro \/ Shutterstock.com.\" class=\"wp-image-81336\"  ><\/noscript><\/figure>\n<p>Cette initiative a toutefois suscit\u00e9 de nombreuses inqui\u00e9tudes, notamment dans les r\u00e9gions d\u00e9j\u00e0 confront\u00e9es \u00e0 un trafic touristique important.<\/p>\n<p>La campagne, qui visait \u00e0 attirer davantage de visiteurs internationaux pour d\u00e9couvrir le friluftsliv norv\u00e9gien (le style de vie en plein air), avait pour but de souligner le lien unique entre les Norv\u00e9giens et leur environnement naturel.<\/p>\n<p>\u00ab Nous voulions mettre en valeur l&#39;aspect de la culture norv\u00e9gienne qui tourne autour de la jouissance de la nature \u00bb, a expliqu\u00e9 Aase Marthe Horrigmo, directrice du tourisme chez Innovation Norway, \u00e0 NRK.<\/p>\n<p>Cependant, avant que la campagne ne puisse \u00eatre pleinement lanc\u00e9e, elle a rencontr\u00e9 une certaine r\u00e9sistance, en particulier dans le nord et l\u2019ouest de la Norv\u00e8ge, des r\u00e9gions d\u00e9j\u00e0 populaires aupr\u00e8s des touristes.<\/p>\n<p>Les industries touristiques locales et les autorit\u00e9s r\u00e9gionales de ces r\u00e9gions ont exprim\u00e9 leurs craintes qu\u2019une augmentation du nombre de visiteurs puisse entra\u00eener des pressions insoutenables sur l\u2019environnement et les \u00e9conomies locales.<\/p>\n<h2 class=\"wp-block-heading\">Craintes environnementales et \u00e9conomiques<\/h2>\n<p>Les critiques affirment que la promotion de la Norv\u00e8ge comme destination de plein air \u00e0 grande \u00e9chelle pourrait exacerber les probl\u00e8mes existants tels que le trafic non r\u00e9glement\u00e9 et le camping sauvage, en particulier dans les zones naturelles sensibles.<\/p>\n<p>\u00ab Nous sommes sceptiques quant \u00e0 l\u2019utilisation du concept de vie en plein air sur un march\u00e9 international \u00bb, a d\u00e9clar\u00e9 Trond \u00d8ver\u00e5s, directeur de la Norv\u00e8ge du Nord. \u00ab Cela pourrait conduire \u00e0 une augmentation du trafic et du camping non r\u00e9glement\u00e9s. Nous avons d\u00e9j\u00e0 des zones o\u00f9 cela pose probl\u00e8me. \u00bb<\/p>\n<p>De m\u00eame, Fjord Norway, une organisation fa\u00eeti\u00e8re pour le tourisme dans les fjords de l&#39;ouest de la Norv\u00e8ge et dans la r\u00e9gion plus large de l&#39;ouest de la Norv\u00e8ge, a exprim\u00e9 ses inqui\u00e9tudes.<\/p>\n<figure class=\"wp-block-image size-large\"><img loading=\"lazy\" data-lazyloaded=\"1\" data-placeholder-resp=\"768x432\" decoding=\"async\" width=\"768\" height=\"432\" src=\"https:\/\/www.svalbard.fr\/actualites\/wp-content\/uploads\/2024\/08\/1724844291_780_La-Norvege-suspend-sa-campagne-de-tourisme-en-plein-air.jpg\" alt=\"Camping-cars gar\u00e9s \u00e0 Lofoten, Norv\u00e8ge.\" class=\"wp-image-81339\"  data-><noscript><img loading=\"lazy\" decoding=\"async\" width=\"768\" height=\"432\" src=\"https:\/\/www.svalbard.fr\/actualites\/wp-content\/uploads\/2024\/08\/1724844291_780_La-Norvege-suspend-sa-campagne-de-tourisme-en-plein-air.jpg\" alt=\"Camping-cars gar\u00e9s \u00e0 Lofoten, Norv\u00e8ge.\" class=\"wp-image-81339\"  ><\/noscript><\/figure>\n<p>\u00ab Nous avons demand\u00e9 \u00e0 Innovation Norway d\u2019envisager de suspendre cette campagne. Nous devons en savoir plus sur son impact sur le tourisme commercial \u00bb, a d\u00e9clar\u00e9 Stein Ove Rolland, directeur de Fjord Norway.<\/p>\n<p>\u00d8ver\u00e5s et Rolland ont tous deux soulign\u00e9 que m\u00eame s&#39;ils n&#39;avaient pas vu la campagne dans son int\u00e9gralit\u00e9, les informations fournies par Innovation Norway \u00e9taient suffisantes pour d\u00e9clencher l&#39;alarme quant aux cons\u00e9quences n\u00e9gatives potentielles.<\/p>\n<h2 class=\"wp-block-heading\">Campagne suspendue pour un examen plus approfondi<\/h2>\n<p>En r\u00e9ponse \u00e0 l\u2019opposition croissante, Innovation Norway a d\u00e9cid\u00e9 de suspendre la campagne pour une dur\u00e9e ind\u00e9termin\u00e9e. \u00ab Nous prenons les commentaires au s\u00e9rieux et nous allons lancer un nouveau dialogue sur la mani\u00e8re de r\u00e9pondre \u00e0 ces pr\u00e9occupations \u00bb, a d\u00e9clar\u00e9 Horrigmo.<\/p>\n<p>Bien que la campagne soit en d\u00e9veloppement depuis deux ans, elle est encore dans une phase pr\u00e9coce, et Horrigmo a not\u00e9 que l&#39;impact financier de la pause serait minime.<\/p>\n<p>La d\u00e9cision de suspendre la campagne intervient \u00e9galement dans un contexte d\u2019inqui\u00e9tudes plus larges au sein du secteur du tourisme quant \u00e0 la mani\u00e8re dont la Norv\u00e8ge est commercialis\u00e9e \u00e0 l\u2019international.<\/p>\n<p>Si certaines r\u00e9gions ont r\u00e9agi positivement \u00e0 l\u2019id\u00e9e, la frustration d\u2019autres a mis en \u00e9vidence un foss\u00e9 entre Innovation Norway et l\u2019industrie qu\u2019elle repr\u00e9sente.<\/p>\n<h2 class=\"wp-block-heading\">Pression sur les ressources naturelles de la Norv\u00e8ge<\/h2>\n<p>Le d\u00e9bat autour de cette campagne a attir\u00e9 une attention renouvel\u00e9e sur la pression croissante exerc\u00e9e sur les ressources naturelles de la Norv\u00e8ge par l&#39;augmentation du tourisme.<\/p>\n<p>Des r\u00e9gions comme les Lofoten et le Hardanger signalent depuis longtemps des probl\u00e8mes li\u00e9s \u00e0 l\u2019afflux de touristes, qui a entra\u00een\u00e9 une d\u00e9gradation de l\u2019environnement et des risques pour la s\u00e9curit\u00e9.<\/p>\n<p>Plus t\u00f4t cette ann\u00e9e, le nombre \u00e9lev\u00e9 de touristes voyageant en camping-car en Norv\u00e8ge a caus\u00e9 des probl\u00e8mes sur les routes \u00e9troites et a conduit \u00e0 d&#39;importantes files d&#39;attente aux travers\u00e9es en ferry populaires.<\/p>\n<p>L&#39;Association norv\u00e9gienne de trekking (DNT) a \u00e9galement exprim\u00e9 des r\u00e9serves sur les projets d&#39;Innovation Norway, craignant qu&#39;une augmentation incontr\u00f4l\u00e9e du nombre de visiteurs ne submerge les \u00e9cosyst\u00e8mes et les communaut\u00e9s locales.<\/p>\n<p>\u00ab La cons\u00e9quence pourrait \u00eatre une pression trop forte, un afflux trop important de personnes \u00bb, a d\u00e9clar\u00e9 Dag Terje Solvang, secr\u00e9taire g\u00e9n\u00e9ral du DNT. \u00ab Cela pourrait entra\u00eener un trafic trop important pour la nature et pour ceux qui vivent ici. Ce ne sera alors plus une bonne chose de recevoir des visiteurs. \u00bb<\/p>\n<p>Malgr\u00e9 ces inqui\u00e9tudes, Horrigmo garde l\u2019espoir que la campagne puisse \u00eatre relanc\u00e9e \u00e0 l\u2019avenir, avec des ajustements qui tiennent compte des commentaires re\u00e7us.<\/p>\n<p>L\u2019un des objectifs initiaux \u00e9tait d\u2019\u00e9duquer les visiteurs internationaux sur la mani\u00e8re de profiter des merveilles naturelles de la Norv\u00e8ge de mani\u00e8re s\u00fbre et durable \u2013 un message qui pourrait encore trouver sa place dans la strat\u00e9gie touristique du pays, bien qu\u2019\u00e0 une date ult\u00e9rieure.<\/p>\n<\/div>\n","protected":false},"excerpt":{"rendered":"<p>Innovation Norway a d\u00e9cid\u00e9 de mettre en pause ses efforts de pr\u00e8s de deux ans visant \u00e0 promouvoir la Norv\u00e8ge comme destination de choix pour<\/p>\n","protected":false},"author":1,"featured_media":1307,"comment_status":"","ping_status":"","sticky":false,"template":"","format":"standard","meta":{"footnotes":""},"categories":[1],"tags":[1566,73,1565,228,8,1567,6,1186,1568,111,1443],"yoast_head":"<!-- This site is optimized with the Yoast SEO plugin v21.0 - https:\/\/yoast.com\/wordpress\/plugins\/seo\/ -->\n<title>La Norv\u00e8ge suspend sa campagne de tourisme en plein air apr\u00e8s des manifestations contre le surtourisme<\/title>\n<meta name=\"robots\" content=\"index, follow, max-snippet:-1, max-image-preview:large, max-video-preview:-1\" \/>\n<link rel=\"canonical\" href=\"https:\/\/www.svalbard.fr\/actualites\/la-norvege-suspend-sa-campagne-de-tourisme-en-plein-air-apres-des-manifestations-contre-le-surtourisme\/\" \/>\n<meta property=\"og:locale\" content=\"fr_FR\" \/>\n<meta property=\"og:type\" content=\"article\" \/>\n<meta property=\"og:title\" content=\"La Norv\u00e8ge suspend sa campagne de tourisme en plein air apr\u00e8s des manifestations contre le surtourisme\" \/>\n<meta property=\"og:description\" content=\"Innovation Norway a d\u00e9cid\u00e9 de mettre en pause ses efforts de pr\u00e8s de deux ans visant \u00e0 promouvoir la Norv\u00e8ge comme destination de choix pour\" \/>\n<meta property=\"og:url\" content=\"https:\/\/www.svalbard.fr\/actualites\/la-norvege-suspend-sa-campagne-de-tourisme-en-plein-air-apres-des-manifestations-contre-le-surtourisme\/\" \/>\n<meta property=\"og:site_name\" content=\"www.Svalbard.fr\" \/>\n<meta property=\"article:published_time\" content=\"2024-08-28T11:24:51+00:00\" \/>\n<meta property=\"og:image\" content=\"https:\/\/www.svalbard.fr\/actualites\/wp-content\/uploads\/2024\/08\/La-Norvege-suspend-sa-campagne-de-tourisme-en-plein-air.jpg\" \/>\n<meta name=\"author\" content=\"Hilmar\" \/>\n<meta name=\"twitter:card\" content=\"summary_large_image\" \/>\n<meta name=\"twitter:label1\" content=\"\u00c9crit par\" \/>\n\t<meta name=\"twitter:data1\" content=\"Hilmar\" \/>\n\t<meta name=\"twitter:label2\" content=\"Dur\u00e9e de lecture estim\u00e9e\" \/>\n\t<meta name=\"twitter:data2\" content=\"5 minutes\" \/>\n<script type=\"application\/ld+json\" class=\"yoast-schema-graph\">{\"@context\":\"https:\/\/schema.org\",\"@graph\":[{\"@type\":\"Article\",\"@id\":\"https:\/\/www.svalbard.fr\/actualites\/la-norvege-suspend-sa-campagne-de-tourisme-en-plein-air-apres-des-manifestations-contre-le-surtourisme\/#article\",\"isPartOf\":{\"@id\":\"https:\/\/www.svalbard.fr\/actualites\/la-norvege-suspend-sa-campagne-de-tourisme-en-plein-air-apres-des-manifestations-contre-le-surtourisme\/\"},\"author\":{\"name\":\"Hilmar\",\"@id\":\"https:\/\/www.svalbard.fr\/actualites\/#\/schema\/person\/a2f937d5712222366738fae98755c600\"},\"headline\":\"La Norv\u00e8ge suspend sa campagne de tourisme en plein air apr\u00e8s des manifestations contre le surtourisme\",\"datePublished\":\"2024-08-28T11:24:51+00:00\",\"dateModified\":\"2024-08-28T11:24:51+00:00\",\"mainEntityOfPage\":{\"@id\":\"https:\/\/www.svalbard.fr\/actualites\/la-norvege-suspend-sa-campagne-de-tourisme-en-plein-air-apres-des-manifestations-contre-le-surtourisme\/\"},\"wordCount\":940,\"publisher\":{\"@id\":\"https:\/\/www.svalbard.fr\/actualites\/#organization\"},\"keywords\":[\"air\",\"apr\u00e8s\",\"campagne\",\"contre\",\"des\",\"manifestations\",\"Norv\u00e8ge\",\"plein\",\"surtourisme\",\"suspend\",\"tourisme\"],\"articleSection\":[\"Svalbard\"],\"inLanguage\":\"fr-FR\"},{\"@type\":\"WebPage\",\"@id\":\"https:\/\/www.svalbard.fr\/actualites\/la-norvege-suspend-sa-campagne-de-tourisme-en-plein-air-apres-des-manifestations-contre-le-surtourisme\/\",\"url\":\"https:\/\/www.svalbard.fr\/actualites\/la-norvege-suspend-sa-campagne-de-tourisme-en-plein-air-apres-des-manifestations-contre-le-surtourisme\/\",\"name\":\"La Norv\u00e8ge suspend sa campagne de tourisme en plein air apr\u00e8s des manifestations contre le surtourisme\",\"isPartOf\":{\"@id\":\"https:\/\/www.svalbard.fr\/actualites\/#website\"},\"datePublished\":\"2024-08-28T11:24:51+00:00\",\"dateModified\":\"2024-08-28T11:24:51+00:00\",\"breadcrumb\":{\"@id\":\"https:\/\/www.svalbard.fr\/actualites\/la-norvege-suspend-sa-campagne-de-tourisme-en-plein-air-apres-des-manifestations-contre-le-surtourisme\/#breadcrumb\"},\"inLanguage\":\"fr-FR\",\"potentialAction\":[{\"@type\":\"ReadAction\",\"target\":[\"https:\/\/www.svalbard.fr\/actualites\/la-norvege-suspend-sa-campagne-de-tourisme-en-plein-air-apres-des-manifestations-contre-le-surtourisme\/\"]}]},{\"@type\":\"BreadcrumbList\",\"@id\":\"https:\/\/www.svalbard.fr\/actualites\/la-norvege-suspend-sa-campagne-de-tourisme-en-plein-air-apres-des-manifestations-contre-le-surtourisme\/#breadcrumb\",\"itemListElement\":[{\"@type\":\"ListItem\",\"position\":1,\"name\":\"Accueil\",\"item\":\"https:\/\/www.svalbard.fr\/actualites\/\"},{\"@type\":\"ListItem\",\"position\":2,\"name\":\"La Norv\u00e8ge suspend sa campagne de tourisme en plein air apr\u00e8s des manifestations contre le surtourisme\"}]},{\"@type\":\"WebSite\",\"@id\":\"https:\/\/www.svalbard.fr\/actualites\/#website\",\"url\":\"https:\/\/www.svalbard.fr\/actualites\/\",\"name\":\"www.Svalbard.fr\",\"description\":\"\",\"publisher\":{\"@id\":\"https:\/\/www.svalbard.fr\/actualites\/#organization\"},\"potentialAction\":[{\"@type\":\"SearchAction\",\"target\":{\"@type\":\"EntryPoint\",\"urlTemplate\":\"https:\/\/www.svalbard.fr\/actualites\/?s={search_term_string}\"},\"query-input\":\"required name=search_term_string\"}],\"inLanguage\":\"fr-FR\"},{\"@type\":\"Organization\",\"@id\":\"https:\/\/www.svalbard.fr\/actualites\/#organization\",\"name\":\"www.Svalbard.fr\",\"url\":\"https:\/\/www.svalbard.fr\/actualites\/\",\"logo\":{\"@type\":\"ImageObject\",\"inLanguage\":\"fr-FR\",\"@id\":\"https:\/\/www.svalbard.fr\/actualites\/#\/schema\/logo\/image\/\",\"url\":\"https:\/\/www.svalbard.fr\/actualites\/wp-content\/uploads\/2023\/09\/head-nom.jpg\",\"contentUrl\":\"https:\/\/www.svalbard.fr\/actualites\/wp-content\/uploads\/2023\/09\/head-nom.jpg\",\"width\":264,\"height\":35,\"caption\":\"www.Svalbard.fr\"},\"image\":{\"@id\":\"https:\/\/www.svalbard.fr\/actualites\/#\/schema\/logo\/image\/\"}},{\"@type\":\"Person\",\"@id\":\"https:\/\/www.svalbard.fr\/actualites\/#\/schema\/person\/a2f937d5712222366738fae98755c600\",\"name\":\"Hilmar\",\"image\":{\"@type\":\"ImageObject\",\"inLanguage\":\"fr-FR\",\"@id\":\"https:\/\/www.svalbard.fr\/actualites\/#\/schema\/person\/image\/\",\"url\":\"https:\/\/secure.gravatar.com\/avatar\/4daa437093476dbc32da415c112b6512?s=96&d=mm&r=g\",\"contentUrl\":\"https:\/\/secure.gravatar.com\/avatar\/4daa437093476dbc32da415c112b6512?s=96&d=mm&r=g\",\"caption\":\"Hilmar\"},\"description\":\"Hilmar est un passionn\u00e9 des r\u00e9gions polaires, sp\u00e9cialis\u00e9 dans la r\u00e9daction d'articles sur le Spitzberg et autres destinations arctiques. Il apporte son expertise et sa passion pour l'Arctique au sein de l'\u00e9quipe de r\u00e9daction de Svalbard depuis de nombreuses ann\u00e9es.\",\"sameAs\":[\"https:\/\/www.svalbard.fr\/\"]}]}<\/script>\n<!-- \/ Yoast SEO plugin. -->","yoast_head_json":{"title":"La Norv\u00e8ge suspend sa campagne de tourisme en plein air apr\u00e8s des manifestations contre le surtourisme","robots":{"index":"index","follow":"follow","max-snippet":"max-snippet:-1","max-image-preview":"max-image-preview:large","max-video-preview":"max-video-preview:-1"},"canonical":"https:\/\/www.svalbard.fr\/actualites\/la-norvege-suspend-sa-campagne-de-tourisme-en-plein-air-apres-des-manifestations-contre-le-surtourisme\/","og_locale":"fr_FR","og_type":"article","og_title":"La Norv\u00e8ge suspend sa campagne de tourisme en plein air apr\u00e8s des manifestations contre le surtourisme","og_description":"Innovation Norway a d\u00e9cid\u00e9 de mettre en pause ses efforts de pr\u00e8s de deux ans visant \u00e0 promouvoir la Norv\u00e8ge comme destination de choix pour","og_url":"https:\/\/www.svalbard.fr\/actualites\/la-norvege-suspend-sa-campagne-de-tourisme-en-plein-air-apres-des-manifestations-contre-le-surtourisme\/","og_site_name":"www.Svalbard.fr","article_published_time":"2024-08-28T11:24:51+00:00","og_image":[{"url":"https:\/\/www.svalbard.fr\/actualites\/wp-content\/uploads\/2024\/08\/La-Norvege-suspend-sa-campagne-de-tourisme-en-plein-air.jpg"}],"author":"Hilmar","twitter_card":"summary_large_image","twitter_misc":{"\u00c9crit par":"Hilmar","Dur\u00e9e de lecture estim\u00e9e":"5 minutes"},"schema":{"@context":"https:\/\/schema.org","@graph":[{"@type":"Article","@id":"https:\/\/www.svalbard.fr\/actualites\/la-norvege-suspend-sa-campagne-de-tourisme-en-plein-air-apres-des-manifestations-contre-le-surtourisme\/#article","isPartOf":{"@id":"https:\/\/www.svalbard.fr\/actualites\/la-norvege-suspend-sa-campagne-de-tourisme-en-plein-air-apres-des-manifestations-contre-le-surtourisme\/"},"author":{"name":"Hilmar","@id":"https:\/\/www.svalbard.fr\/actualites\/#\/schema\/person\/a2f937d5712222366738fae98755c600"},"headline":"La Norv\u00e8ge suspend sa campagne de tourisme en plein air apr\u00e8s des manifestations contre le surtourisme","datePublished":"2024-08-28T11:24:51+00:00","dateModified":"2024-08-28T11:24:51+00:00","mainEntityOfPage":{"@id":"https:\/\/www.svalbard.fr\/actualites\/la-norvege-suspend-sa-campagne-de-tourisme-en-plein-air-apres-des-manifestations-contre-le-surtourisme\/"},"wordCount":940,"publisher":{"@id":"https:\/\/www.svalbard.fr\/actualites\/#organization"},"keywords":["air","apr\u00e8s","campagne","contre","des","manifestations","Norv\u00e8ge","plein","surtourisme","suspend","tourisme"],"articleSection":["Svalbard"],"inLanguage":"fr-FR"},{"@type":"WebPage","@id":"https:\/\/www.svalbard.fr\/actualites\/la-norvege-suspend-sa-campagne-de-tourisme-en-plein-air-apres-des-manifestations-contre-le-surtourisme\/","url":"https:\/\/www.svalbard.fr\/actualites\/la-norvege-suspend-sa-campagne-de-tourisme-en-plein-air-apres-des-manifestations-contre-le-surtourisme\/","name":"La Norv\u00e8ge suspend sa campagne de tourisme en plein air apr\u00e8s des manifestations contre le surtourisme","isPartOf":{"@id":"https:\/\/www.svalbard.fr\/actualites\/#website"},"datePublished":"2024-08-28T11:24:51+00:00","dateModified":"2024-08-28T11:24:51+00:00","breadcrumb":{"@id":"https:\/\/www.svalbard.fr\/actualites\/la-norvege-suspend-sa-campagne-de-tourisme-en-plein-air-apres-des-manifestations-contre-le-surtourisme\/#breadcrumb"},"inLanguage":"fr-FR","potentialAction":[{"@type":"ReadAction","target":["https:\/\/www.svalbard.fr\/actualites\/la-norvege-suspend-sa-campagne-de-tourisme-en-plein-air-apres-des-manifestations-contre-le-surtourisme\/"]}]},{"@type":"BreadcrumbList","@id":"https:\/\/www.svalbard.fr\/actualites\/la-norvege-suspend-sa-campagne-de-tourisme-en-plein-air-apres-des-manifestations-contre-le-surtourisme\/#breadcrumb","itemListElement":[{"@type":"ListItem","position":1,"name":"Accueil","item":"https:\/\/www.svalbard.fr\/actualites\/"},{"@type":"ListItem","position":2,"name":"La Norv\u00e8ge suspend sa campagne de tourisme en plein air apr\u00e8s des manifestations contre le surtourisme"}]},{"@type":"WebSite","@id":"https:\/\/www.svalbard.fr\/actualites\/#website","url":"https:\/\/www.svalbard.fr\/actualites\/","name":"www.Svalbard.fr","description":"","publisher":{"@id":"https:\/\/www.svalbard.fr\/actualites\/#organization"},"potentialAction":[{"@type":"SearchAction","target":{"@type":"EntryPoint","urlTemplate":"https:\/\/www.svalbard.fr\/actualites\/?s={search_term_string}"},"query-input":"required name=search_term_string"}],"inLanguage":"fr-FR"},{"@type":"Organization","@id":"https:\/\/www.svalbard.fr\/actualites\/#organization","name":"www.Svalbard.fr","url":"https:\/\/www.svalbard.fr\/actualites\/","logo":{"@type":"ImageObject","inLanguage":"fr-FR","@id":"https:\/\/www.svalbard.fr\/actualites\/#\/schema\/logo\/image\/","url":"https:\/\/www.svalbard.fr\/actualites\/wp-content\/uploads\/2023\/09\/head-nom.jpg","contentUrl":"https:\/\/www.svalbard.fr\/actualites\/wp-content\/uploads\/2023\/09\/head-nom.jpg","width":264,"height":35,"caption":"www.Svalbard.fr"},"image":{"@id":"https:\/\/www.svalbard.fr\/actualites\/#\/schema\/logo\/image\/"}},{"@type":"Person","@id":"https:\/\/www.svalbard.fr\/actualites\/#\/schema\/person\/a2f937d5712222366738fae98755c600","name":"Hilmar","image":{"@type":"ImageObject","inLanguage":"fr-FR","@id":"https:\/\/www.svalbard.fr\/actualites\/#\/schema\/person\/image\/","url":"https:\/\/secure.gravatar.com\/avatar\/4daa437093476dbc32da415c112b6512?s=96&d=mm&r=g","contentUrl":"https:\/\/secure.gravatar.com\/avatar\/4daa437093476dbc32da415c112b6512?s=96&d=mm&r=g","caption":"Hilmar"},"description":"Hilmar est un passionn\u00e9 des r\u00e9gions polaires, sp\u00e9cialis\u00e9 dans la r\u00e9daction d'articles sur le Spitzberg et autres destinations arctiques. Il apporte son expertise et sa passion pour l'Arctique au sein de l'\u00e9quipe de r\u00e9daction de Svalbard depuis de nombreuses ann\u00e9es.","sameAs":["https:\/\/www.svalbard.fr\/"]}]}},"_links":{"self":[{"href":"https:\/\/www.svalbard.fr\/actualites\/wp-json\/wp\/v2\/posts\/1306"}],"collection":[{"href":"https:\/\/www.svalbard.fr\/actualites\/wp-json\/wp\/v2\/posts"}],"about":[{"href":"https:\/\/www.svalbard.fr\/actualites\/wp-json\/wp\/v2\/types\/post"}],"author":[{"embeddable":true,"href":"https:\/\/www.svalbard.fr\/actualites\/wp-json\/wp\/v2\/users\/1"}],"replies":[{"embeddable":true,"href":"https:\/\/www.svalbard.fr\/actualites\/wp-json\/wp\/v2\/comments?post=1306"}],"version-history":[{"count":0,"href":"https:\/\/www.svalbard.fr\/actualites\/wp-json\/wp\/v2\/posts\/1306\/revisions"}],"wp:featuredmedia":[{"embeddable":true,"href":"https:\/\/www.svalbard.fr\/actualites\/wp-json\/wp\/v2\/media\/1307"}],"wp:attachment":[{"href":"https:\/\/www.svalbard.fr\/actualites\/wp-json\/wp\/v2\/media?parent=1306"}],"wp:term":[{"taxonomy":"category","embeddable":true,"href":"https:\/\/www.svalbard.fr\/actualites\/wp-json\/wp\/v2\/categories?post=1306"},{"taxonomy":"post_tag","embeddable":true,"href":"https:\/\/www.svalbard.fr\/actualites\/wp-json\/wp\/v2\/tags?post=1306"}],"curies":[{"name":"wp","href":"https:\/\/api.w.org\/{rel}","templated":true}]}}