{"id":1361,"date":"2024-09-11T13:19:35","date_gmt":"2024-09-11T11:19:35","guid":{"rendered":"https:\/\/www.svalbard.fr\/actualites\/lhistoire-de-saint-olav-le-roi-eternel-et-saint-patron-de-la-norvege\/"},"modified":"2024-09-11T13:19:35","modified_gmt":"2024-09-11T11:19:35","slug":"lhistoire-de-saint-olav-le-roi-eternel-et-saint-patron-de-la-norvege","status":"publish","type":"post","link":"https:\/\/www.svalbard.fr\/actualites\/lhistoire-de-saint-olav-le-roi-eternel-et-saint-patron-de-la-norvege\/","title":{"rendered":"L&#39;histoire de Saint Olav, le \u00ab roi \u00e9ternel \u00bb et saint patron de la Norv\u00e8ge"},"content":{"rendered":"<div itemprop=\"text\">\n<span id=\"dpsp-post-content-markup\" data-image-pin-it=\"false\"><\/span><\/p>\n<p class=\"intro\">Saint Olaf, \u00e9galement connu sous le nom d&#39;Olaf II Haraldsson, occupe une place centrale dans l&#39;histoire, la culture et la vie religieuse norv\u00e9giennes. Plongeons dans cette histoire fascinante.<\/p>\n<p>En tant que roi \u00e9ternel de Norv\u00e8ge et son saint patron, l&#39;h\u00e9ritage d&#39;Olav transcende les si\u00e8cles, symbolisant l&#39;intersection de l&#39;h\u00e9ritage viking, de la christianisation et de l&#39;unification de la Norv\u00e8ge.<\/p>\n<figure class=\"wp-block-image size-large\"><img data-lazyloaded=\"1\" data-placeholder-resp=\"768x439\" fetchpriority=\"high\" decoding=\"async\" width=\"768\" height=\"439\" src=\"https:\/\/www.svalbard.fr\/actualites\/wp-content\/uploads\/2024\/09\/L39histoire-de-Saint-Olav-le-roi-eternel-et.jpg\" alt=\"Saint Olav de Norv\u00e8ge. Illustration de DALL-E.\" class=\"wp-image-81262\"  data-><noscript><img fetchpriority=\"high\" decoding=\"async\" width=\"768\" height=\"439\" src=\"https:\/\/www.svalbard.fr\/actualites\/wp-content\/uploads\/2024\/09\/L39histoire-de-Saint-Olav-le-roi-eternel-et.jpg\" alt=\"Saint Olav de Norv\u00e8ge. Illustration de DALL-E.\" class=\"wp-image-81262\"  ><\/noscript><\/figure>\n<p>Sa vie, sa mort et sa canonisation ont fa\u00e7onn\u00e9 non seulement le paysage religieux de la Norv\u00e8ge, mais aussi son identit\u00e9 politique et culturelle. Cet article explore la vie de saint Olav, son importance dans l&#39;histoire norv\u00e9gienne et son h\u00e9ritage durable.<\/p>\n<h2 class=\"wp-block-heading\"><strong>Jeunesse et racines vikings<\/strong><\/h2>\n<p>Olav Haraldsson est n\u00e9 en 995 apr\u00e8s J.-C., \u00e0 une \u00e9poque de grande turbulence et de transformations en Scandinavie. La r\u00e9gion \u00e9tait domin\u00e9e par des chefs vikings et des rois guerriers, qui se livraient fr\u00e9quemment \u00e0 des batailles, des raids et des explorations.<\/p>\n<p>Olav \u00e9tait le fils de Harald Grenske, un petit roi du Vestfold, et d&#39;\u00c5sta Gudbrandsdatter. Ses premi\u00e8res ann\u00e9es furent impr\u00e9gn\u00e9es de la culture guerri\u00e8re viking et, \u00e0 l&#39;\u00e2ge de 12 ans, il se lan\u00e7a dans son premier raid viking, acqu\u00e9rant ainsi une exp\u00e9rience pr\u00e9coce de l&#39;art de la guerre.<\/p>\n<p>La jeunesse d&#39;Olav fut marqu\u00e9e par une s\u00e9rie d&#39;exp\u00e9ditions \u00e0 travers l&#39;Europe, o\u00f9 il combattit en Angleterre, en France et m\u00eame jusqu&#39;en Espagne. Ces exp\u00e9riences lui permirent non seulement d&#39;affiner ses comp\u00e9tences martiales, mais lui firent \u00e9galement d\u00e9couvrir la foi chr\u00e9tienne, qui commen\u00e7a \u00e0 se r\u00e9pandre dans toute l&#39;Europe.<\/p>\n<p>L&#39;influence du christianisme sur Olav au cours de ces ann\u00e9es de formation s&#39;av\u00e9rera plus tard cruciale dans son r\u00e8gne en tant que roi de Norv\u00e8ge.<\/p>\n<h2 class=\"wp-block-heading\">Le chemin vers la royaut\u00e9<\/h2>\n<p>L&#39;accession au pouvoir d&#39;Olaf ne se fit pas sans heurts. Apr\u00e8s la mort de son p\u00e8re, il retourna en Norv\u00e8ge en 1015 avec l&#39;intention de revendiquer le tr\u00f4ne.<\/p>\n<p>\u00c0 l&#39;\u00e9poque, la Norv\u00e8ge \u00e9tait un ensemble fragment\u00e9 de petits royaumes, chacun dirig\u00e9 par des chefs locaux ayant leurs propres all\u00e9geances et int\u00e9r\u00eats.<\/p>\n<figure class=\"wp-block-image size-large\"><img loading=\"lazy\" data-lazyloaded=\"1\" data-placeholder-resp=\"768x432\" decoding=\"async\" width=\"768\" height=\"432\" src=\"https:\/\/www.svalbard.fr\/actualites\/wp-content\/uploads\/2024\/09\/L39histoire-de-Saint-Olav-le-roi-eternel-et.jpeg\" alt=\"Borne kilom\u00e9trique de la cath\u00e9drale de Nidaros sur le chemin de p\u00e8lerinage de Saint-Olaf en Norv\u00e8ge.\" class=\"wp-image-81223\"  data-><noscript><img loading=\"lazy\" decoding=\"async\" width=\"768\" height=\"432\" src=\"https:\/\/www.svalbard.fr\/actualites\/wp-content\/uploads\/2024\/09\/L39histoire-de-Saint-Olav-le-roi-eternel-et.jpeg\" alt=\"Borne kilom\u00e9trique de la cath\u00e9drale de Nidaros sur le chemin de p\u00e8lerinage de Saint-Olaf en Norv\u00e8ge.\" class=\"wp-image-81223\"  ><\/noscript><\/figure>\n<p>Olav, avec sa formidable r\u00e9putation de guerrier, a r\u00e9ussi \u00e0 rassembler un nombre important de partisans et a d\u00e9fi\u00e9 le roi r\u00e9gnant, le fils de Svein Forkbeard, Cnut le Grand.<\/p>\n<p>Au terme d&#39;une s\u00e9rie de batailles, notamment celle de Nesjar en 1016, Olav sortit victorieux et fut proclam\u00e9 roi de Norv\u00e8ge. Son accession au tr\u00f4ne marqua le d\u00e9but d&#39;un effort concert\u00e9 visant \u00e0 unifier le pays sous un seul monarque, une entreprise qui allait d\u00e9finir son r\u00e8gne.<\/p>\n<p>Le r\u00e8gne d&#39;Olav fut caract\u00e9ris\u00e9 par sa d\u00e9termination \u00e0 centraliser le pouvoir, \u00e0 r\u00e9duire l&#39;influence des chefs locaux et \u00e0 \u00e9tablir une monarchie forte et centralis\u00e9e.<\/p>\n<h2 class=\"wp-block-heading\">Christianisation de la Norv\u00e8ge<\/h2>\n<p>L&#39;un des h\u00e9ritages les plus marquants d&#39;Olav est son r\u00f4le dans la christianisation de la Norv\u00e8ge. Bien que le christianisme ait commenc\u00e9 \u00e0 faire des incursions dans la r\u00e9gion avant son r\u00e8gne, c&#39;est Olav qui a jou\u00e9 un r\u00f4le crucial dans son adoption g\u00e9n\u00e9ralis\u00e9e.<\/p>\n<p>Apr\u00e8s avoir acc\u00e9d\u00e9 au tr\u00f4ne, il s&#39;est lanc\u00e9 dans une mission visant \u00e0 convertir ses sujets au christianisme, en recourant souvent \u00e0 la persuasion et \u00e0 la force.<\/p>\n<p>Olav construisit des \u00e9glises dans tout le royaume, \u00e9tablit des dioc\u00e8ses et fit venir du clerg\u00e9 d&#39;Angleterre et d&#39;Allemagne pour propager la foi chr\u00e9tienne. Il imposa \u00e9galement des lois strictes qui exigeaient l&#39;observance des pratiques chr\u00e9tiennes et interdisaient les rituels pa\u00efens.<\/p>\n<p>Ses efforts se heurt\u00e8rent \u00e0 la r\u00e9sistance de la vieille aristocratie pa\u00efenne, qui consid\u00e9rait le christianisme comme une menace pour son mode de vie traditionnel. Olav persista n\u00e9anmoins et, \u00e0 sa mort, le christianisme s&#39;\u00e9tait solidement enracin\u00e9 en Norv\u00e8ge.<\/p>\n<p>Le z\u00e8le d&#39;Olaf pour le christianisme n&#39;\u00e9tait pas uniquement motiv\u00e9 par des convictions religieuses ; il s&#39;agissait \u00e9galement d&#39;une strat\u00e9gie politique. En s&#39;alignant sur l&#39;\u00c9glise chr\u00e9tienne, Olav cherchait \u00e0 l\u00e9gitimer son r\u00e8gne et \u00e0 renforcer sa position face \u00e0 ses rivaux pr\u00e9tendants au tr\u00f4ne.<\/p>\n<p>L\u2019\u00c9glise, \u00e0 son tour, a soutenu Olav, voyant en lui un alli\u00e9 fort qui pourrait l\u2019aider \u00e0 consolider son influence dans la r\u00e9gion.<\/p>\n<h2 class=\"wp-block-heading\">La bataille de Stiklestad et le martyre<\/h2>\n<p>Le r\u00e8gne d&#39;Olav fut marqu\u00e9 par des conflits continus, \u00e0 la fois avec des ennemis ext\u00e9rieurs et des dissensions internes.<\/p>\n<figure class=\"wp-block-image size-full\"><img loading=\"lazy\" data-lazyloaded=\"1\" data-placeholder-resp=\"800x542\" decoding=\"async\" width=\"800\" height=\"542\" src=\"https:\/\/www.svalbard.fr\/actualites\/wp-content\/uploads\/2024\/09\/1726053575_963_L39histoire-de-Saint-Olav-le-roi-eternel-et.jpg\" alt=\"Olav tombe \u00e0 la bataille de Stiklestad\" class=\"wp-image-24763\"  data-><noscript><img loading=\"lazy\" decoding=\"async\" width=\"800\" height=\"542\" src=\"https:\/\/www.svalbard.fr\/actualites\/wp-content\/uploads\/2024\/09\/1726053575_963_L39histoire-de-Saint-Olav-le-roi-eternel-et.jpg\" alt=\"Olav tombe \u00e0 la bataille de Stiklestad\" class=\"wp-image-24763\"  ><\/noscript><\/figure>\n<p>Ses efforts pour centraliser le pouvoir et imposer le christianisme ont provoqu\u00e9 un m\u00e9contentement g\u00e9n\u00e9ralis\u00e9 parmi les chefs locaux, dont beaucoup avaient b\u00e9n\u00e9fici\u00e9 d\u2019une autonomie consid\u00e9rable sous les dirigeants pr\u00e9c\u00e9dents.<\/p>\n<p>Ces troubles culmin\u00e8rent avec une r\u00e9bellion contre Olav, men\u00e9e par une coalition de nobles et soutenue par le roi danois, Cnut le Grand.<\/p>\n<p>La confrontation d\u00e9cisive eut lieu lors de la bataille de Stiklestad, le 29 juillet 1030. Olav, \u00e0 la t\u00eate d&#39;une force relativement r\u00e9duite, affronta une arm\u00e9e de rebelles bien plus nombreuse. Malgr\u00e9 sa bravoure et la loyaut\u00e9 de ses hommes, Olav fut vaincu et tu\u00e9 au cours de la bataille.<\/p>\n<p>Sa mort a marqu\u00e9 la fin de son r\u00e8gne, mais aussi le d\u00e9but de sa transformation en saint et en symbole de l\u2019identit\u00e9 norv\u00e9gienne.<\/p>\n<p>Selon la tradition, Olav aurait \u00e9t\u00e9 enterr\u00e9 dans une tombe simple pr\u00e8s de la rivi\u00e8re Nidaros (aujourd&#39;hui la ville de Trondheim). Peu apr\u00e8s sa mort, des rapports de miracles ont commenc\u00e9 \u00e0 se r\u00e9pandre et sa tombe est devenue un lieu de p\u00e8lerinage.<\/p>\n<p>L&#39;\u00c9glise reconnut rapidement Olav comme un martyr de la foi chr\u00e9tienne et, en 1031, il fut canonis\u00e9 par l&#39;\u00e9v\u00eaque de Nidaros. Sa canonisation fut plus tard confirm\u00e9e par le pape, faisant d&#39;Olav l&#39;un des premiers saints canonis\u00e9s du monde nordique m\u00e9di\u00e9val.<\/p>\n<h2 class=\"wp-block-heading\">Cath\u00e9drale Saint-Olav et Nidaros<\/h2>\n<p>Le site de s\u00e9pulture d&#39;Olav devint le point central de la construction de la cath\u00e9drale de Nidaros, qui allait devenir l&#39;\u00e9glise la plus importante de Norv\u00e8ge et un lieu de p\u00e8lerinage majeur en Europe du Nord.<\/p>\n<p>La cath\u00e9drale, construite dans le style gothique, abritait les reliques de saint Olav et \u00e9tait le c\u0153ur spirituel de la Norv\u00e8ge. Des p\u00e8lerins de toute la Scandinavie et d&#39;ailleurs se rendaient \u00e0 Nidaros pour rendre hommage au saint, sollicitant son intercession et ses b\u00e9n\u00e9dictions.<\/p>\n<figure class=\"wp-block-image size-large\"><img loading=\"lazy\" data-lazyloaded=\"1\" data-placeholder-resp=\"768x432\" decoding=\"async\" width=\"768\" height=\"432\" src=\"https:\/\/www.svalbard.fr\/actualites\/wp-content\/uploads\/2024\/09\/1726053575_645_L39histoire-de-Saint-Olav-le-roi-eternel-et.jpeg\" alt=\"Cath\u00e9drale Nidaros \u00e0 Trondheim en hiver. Photo : David Nikel.\" class=\"wp-image-81220\"  data-><noscript><img loading=\"lazy\" decoding=\"async\" width=\"768\" height=\"432\" src=\"https:\/\/www.svalbard.fr\/actualites\/wp-content\/uploads\/2024\/09\/1726053575_645_L39histoire-de-Saint-Olav-le-roi-eternel-et.jpeg\" alt=\"Cath\u00e9drale Nidaros \u00e0 Trondheim en hiver. Photo : David Nikel.\" class=\"wp-image-81220\"  ><\/noscript><\/figure>\n<p>La cath\u00e9drale de Nidaros est \u00e9galement devenue l&#39;\u00e9glise de couronnement des rois norv\u00e9giens, renfor\u00e7ant ainsi le statut d&#39;Olav en tant que roi \u00e9ternel de Norv\u00e8ge.<\/p>\n<p>Le culte de saint Olaf se r\u00e9pandit rapidement dans toute la Scandinavie et m\u00eame dans d&#39;autres parties de l&#39;Europe, avec des \u00e9glises qui lui sont d\u00e9di\u00e9es \u00e9tablies en Su\u00e8de, au Danemark, en Angleterre et jusqu&#39;\u00e0 Constantinople.<\/p>\n<h2 class=\"wp-block-heading\">L&#39;h\u00e9ritage d&#39;Olav et le symbole de l&#39;unit\u00e9<\/h2>\n<p>L&#39;h\u00e9ritage de saint Olaf s&#39;\u00e9tend bien au-del\u00e0 de son r\u00f4le de roi chr\u00e9tien et de martyr. Il est devenu un symbole d&#39;unit\u00e9 nationale et de r\u00e9sistance \u00e0 la domination \u00e9trang\u00e8re.<\/p>\n<p>Au Moyen \u00c2ge, la Norv\u00e8ge a d\u00fb faire face \u00e0 de nombreux d\u00e9fis, notamment des menaces ext\u00e9rieures du Danemark et de la Su\u00e8de, ainsi que des conflits internes.<\/p>\n<p>La m\u00e9moire de Saint Olaf a servi de point de ralliement au peuple norv\u00e9gien, l&#39;incitant \u00e0 d\u00e9fendre son ind\u00e9pendance et sa souverainet\u00e9.<\/p>\n<p>L&#39;image de Saint Olaf en tant que roi \u00e9ternel et protecteur de la Norv\u00e8ge a persist\u00e9 \u00e0 travers les si\u00e8cles, m\u00eame pendant les p\u00e9riodes d&#39;union politique avec le Danemark et la Su\u00e8de.<\/p>\n<p>La f\u00eate du saint, Olsok (la veill\u00e9e d&#39;Olav), c\u00e9l\u00e9br\u00e9e le 29 juillet, est devenue une f\u00eate nationale et un moment pour les Norv\u00e9giens de r\u00e9affirmer leur identit\u00e9 nationale et leur foi chr\u00e9tienne.<\/p>\n<p>\u00c0 l&#39;\u00e9poque moderne, l&#39;importance de saint Olaf continue de r\u00e9sonner. Il est consid\u00e9r\u00e9 comme le saint patron de la Norv\u00e8ge et son image est souvent invoqu\u00e9e \u00e0 l&#39;occasion d&#39;\u00e9v\u00e9nements et de c\u00e9l\u00e9brations nationales.<\/p>\n<p>L&#39;Ordre de Saint-Olav, cr\u00e9\u00e9 par le roi Oscar Ier en 1847, est l&#39;une des plus hautes distinctions de Norv\u00e8ge, d\u00e9cern\u00e9e \u00e0 des personnes pour leurs services exceptionnels au pays et \u00e0 l&#39;humanit\u00e9.<\/p>\n<h2 class=\"wp-block-heading\">Le culte de Saint Olav et la culture populaire<\/h2>\n<p>Le culte de saint Olav, qui a d\u00e9but\u00e9 peu apr\u00e8s sa mort, perdure depuis pr\u00e8s d&#39;un mill\u00e9naire. Sa vie et ses actes ont \u00e9t\u00e9 comm\u00e9mor\u00e9s dans diverses formes d&#39;art, de litt\u00e9rature et de musique.<\/p>\n<p>Les sagas m\u00e9di\u00e9vales, en particulier \u00ab Heimskringla \u00bb de Snorri Sturluson, ont jou\u00e9 un r\u00f4le crucial dans la formation de l\u2019image populaire d\u2019Olav en tant que roi h\u00e9ro\u00efque et saint.<\/p>\n<p>Ces sagas, qui m\u00ealent \u00e9v\u00e9nements historiques et l\u00e9gendes, ont contribu\u00e9 \u00e0 pr\u00e9server l&#39;h\u00e9ritage d&#39;Olav et \u00e0 assurer sa place dans la m\u00e9moire culturelle norv\u00e9gienne.<\/p>\n<p>Outre les sagas, Saint Olav a fait l&#39;objet de nombreux hymnes, po\u00e8mes et pi\u00e8ces de th\u00e9\u00e2tre. L&#39;une des plus c\u00e9l\u00e8bres est la pi\u00e8ce \u00ab Saint Olav \u00bb du dramaturge norv\u00e9gien Bj\u00f8rnstjerne Bj\u00f8rnson, cr\u00e9\u00e9e en 1859 et devenue un symbole nationaliste pendant la lutte de la Norv\u00e8ge pour son ind\u00e9pendance vis-\u00e0-vis de la Su\u00e8de.<\/p>\n<p>L&#39;image d&#39;Olaf appara\u00eet \u00e9galement sur des pi\u00e8ces de monnaie, des timbres et des monuments publics. La statue de Saint Olaf \u00e0 Trondheim, par exemple, est un monument important qui rappelle l&#39;importance historique et religieuse de la ville.<\/p>\n<p>\u00c0 l\u2019\u00e9poque moderne, Olav a \u00e9t\u00e9 pr\u00e9sent\u00e9 dans des films, des s\u00e9ries t\u00e9l\u00e9vis\u00e9es et m\u00eame des jeux vid\u00e9o, d\u00e9montrant l\u2019attrait durable de son histoire.<\/p>\n<p>La vie et l&#39;h\u00e9ritage de saint Olaf sont \u00e9troitement li\u00e9s \u00e0 l&#39;histoire et \u00e0 l&#39;identit\u00e9 de la Norv\u00e8ge. En tant que roi, il a jou\u00e9 un r\u00f4le essentiel dans l&#39;unification du pays et l&#39;\u00e9tablissement du christianisme comme religion dominante.<\/p>\n<p>En tant que martyr et saint, il est devenu un symbole de l&#39;unit\u00e9 nationale et de la r\u00e9sistance \u00e0 la domination \u00e9trang\u00e8re. Son culte perdure depuis pr\u00e8s de mille ans et sa m\u00e9moire continue d&#39;inspirer les Norv\u00e9giens \u00e0 ce jour.<\/p>\n<p>La transformation d&#39;Olav, d&#39;un guerrier viking \u00e0 un roi chr\u00e9tien et, finalement, \u00e0 un saint, refl\u00e8te les changements culturels et religieux plus larges qui ont fa\u00e7onn\u00e9 la Scandinavie m\u00e9di\u00e9vale.<\/p>\n<p>Son histoire n\u2019est pas seulement un r\u00e9cit de conqu\u00eate et de royaut\u00e9, mais aussi un r\u00e9cit de transformation spirituelle et d\u2019identit\u00e9 nationale. En la personne de Saint Olav, la Norv\u00e8ge a trouv\u00e9 non seulement un dirigeant, mais aussi un protecteur, un symbole d\u2019unit\u00e9 et un roi \u00e9ternel dont l\u2019h\u00e9ritage perdurera pour les g\u00e9n\u00e9rations \u00e0 venir.<\/p>\n<\/div>\n","protected":false},"excerpt":{"rendered":"<p>Saint Olaf, \u00e9galement connu sous le nom d&#39;Olaf II Haraldsson, occupe une place centrale dans l&#39;histoire, la culture et la vie religieuse norv\u00e9giennes. Plongeons dans<\/p>\n","protected":false},"author":1,"featured_media":1362,"comment_status":"","ping_status":"","sticky":false,"template":"","format":"standard","meta":{"footnotes":""},"categories":[1],"tags":[1618,1203,6,1617,1619,507,1616],"yoast_head":"<!-- This site is optimized with the Yoast SEO plugin v21.0 - https:\/\/yoast.com\/wordpress\/plugins\/seo\/ -->\n<title>L&#039;histoire de Saint Olav, le \u00ab roi \u00e9ternel \u00bb et saint patron de la Norv\u00e8ge<\/title>\n<meta name=\"robots\" content=\"index, follow, max-snippet:-1, max-image-preview:large, max-video-preview:-1\" \/>\n<link rel=\"canonical\" href=\"https:\/\/www.svalbard.fr\/actualites\/lhistoire-de-saint-olav-le-roi-eternel-et-saint-patron-de-la-norvege\/\" \/>\n<meta property=\"og:locale\" content=\"fr_FR\" \/>\n<meta property=\"og:type\" content=\"article\" \/>\n<meta property=\"og:title\" content=\"L&#039;histoire de Saint Olav, le \u00ab roi \u00e9ternel \u00bb et saint patron de la Norv\u00e8ge\" \/>\n<meta property=\"og:description\" content=\"Saint Olaf, \u00e9galement connu sous le nom d&#039;Olaf II Haraldsson, occupe une place centrale dans l&#039;histoire, la culture et la vie religieuse norv\u00e9giennes. Plongeons dans\" \/>\n<meta property=\"og:url\" content=\"https:\/\/www.svalbard.fr\/actualites\/lhistoire-de-saint-olav-le-roi-eternel-et-saint-patron-de-la-norvege\/\" \/>\n<meta property=\"og:site_name\" content=\"www.Svalbard.fr\" \/>\n<meta property=\"article:published_time\" content=\"2024-09-11T11:19:35+00:00\" \/>\n<meta property=\"og:image\" content=\"https:\/\/www.svalbard.fr\/actualites\/wp-content\/uploads\/2024\/09\/L39histoire-de-Saint-Olav-le-roi-eternel-et.jpg\" \/>\n<meta name=\"author\" content=\"Hilmar\" \/>\n<meta name=\"twitter:card\" content=\"summary_large_image\" \/>\n<meta name=\"twitter:label1\" content=\"\u00c9crit par\" \/>\n\t<meta name=\"twitter:data1\" content=\"Hilmar\" \/>\n\t<meta name=\"twitter:label2\" content=\"Dur\u00e9e de lecture estim\u00e9e\" \/>\n\t<meta name=\"twitter:data2\" content=\"10 minutes\" \/>\n<script type=\"application\/ld+json\" class=\"yoast-schema-graph\">{\"@context\":\"https:\/\/schema.org\",\"@graph\":[{\"@type\":\"Article\",\"@id\":\"https:\/\/www.svalbard.fr\/actualites\/lhistoire-de-saint-olav-le-roi-eternel-et-saint-patron-de-la-norvege\/#article\",\"isPartOf\":{\"@id\":\"https:\/\/www.svalbard.fr\/actualites\/lhistoire-de-saint-olav-le-roi-eternel-et-saint-patron-de-la-norvege\/\"},\"author\":{\"name\":\"Hilmar\",\"@id\":\"https:\/\/www.svalbard.fr\/actualites\/#\/schema\/person\/a2f937d5712222366738fae98755c600\"},\"headline\":\"L&#39;histoire de Saint Olav, le \u00ab roi \u00e9ternel \u00bb et saint patron de la Norv\u00e8ge\",\"datePublished\":\"2024-09-11T11:19:35+00:00\",\"dateModified\":\"2024-09-11T11:19:35+00:00\",\"mainEntityOfPage\":{\"@id\":\"https:\/\/www.svalbard.fr\/actualites\/lhistoire-de-saint-olav-le-roi-eternel-et-saint-patron-de-la-norvege\/\"},\"wordCount\":1926,\"publisher\":{\"@id\":\"https:\/\/www.svalbard.fr\/actualites\/#organization\"},\"keywords\":[\"\u00e9ternel\",\"l39histoire\",\"Norv\u00e8ge\",\"Olav\",\"patron\",\"roi\",\"Saint\"],\"articleSection\":[\"Svalbard\"],\"inLanguage\":\"fr-FR\"},{\"@type\":\"WebPage\",\"@id\":\"https:\/\/www.svalbard.fr\/actualites\/lhistoire-de-saint-olav-le-roi-eternel-et-saint-patron-de-la-norvege\/\",\"url\":\"https:\/\/www.svalbard.fr\/actualites\/lhistoire-de-saint-olav-le-roi-eternel-et-saint-patron-de-la-norvege\/\",\"name\":\"L&#39;histoire de Saint Olav, le \u00ab roi \u00e9ternel \u00bb et saint patron de la Norv\u00e8ge\",\"isPartOf\":{\"@id\":\"https:\/\/www.svalbard.fr\/actualites\/#website\"},\"datePublished\":\"2024-09-11T11:19:35+00:00\",\"dateModified\":\"2024-09-11T11:19:35+00:00\",\"breadcrumb\":{\"@id\":\"https:\/\/www.svalbard.fr\/actualites\/lhistoire-de-saint-olav-le-roi-eternel-et-saint-patron-de-la-norvege\/#breadcrumb\"},\"inLanguage\":\"fr-FR\",\"potentialAction\":[{\"@type\":\"ReadAction\",\"target\":[\"https:\/\/www.svalbard.fr\/actualites\/lhistoire-de-saint-olav-le-roi-eternel-et-saint-patron-de-la-norvege\/\"]}]},{\"@type\":\"BreadcrumbList\",\"@id\":\"https:\/\/www.svalbard.fr\/actualites\/lhistoire-de-saint-olav-le-roi-eternel-et-saint-patron-de-la-norvege\/#breadcrumb\",\"itemListElement\":[{\"@type\":\"ListItem\",\"position\":1,\"name\":\"Accueil\",\"item\":\"https:\/\/www.svalbard.fr\/actualites\/\"},{\"@type\":\"ListItem\",\"position\":2,\"name\":\"L&#39;histoire de Saint Olav, le \u00ab roi \u00e9ternel \u00bb et saint patron de la Norv\u00e8ge\"}]},{\"@type\":\"WebSite\",\"@id\":\"https:\/\/www.svalbard.fr\/actualites\/#website\",\"url\":\"https:\/\/www.svalbard.fr\/actualites\/\",\"name\":\"www.Svalbard.fr\",\"description\":\"\",\"publisher\":{\"@id\":\"https:\/\/www.svalbard.fr\/actualites\/#organization\"},\"potentialAction\":[{\"@type\":\"SearchAction\",\"target\":{\"@type\":\"EntryPoint\",\"urlTemplate\":\"https:\/\/www.svalbard.fr\/actualites\/?s={search_term_string}\"},\"query-input\":\"required name=search_term_string\"}],\"inLanguage\":\"fr-FR\"},{\"@type\":\"Organization\",\"@id\":\"https:\/\/www.svalbard.fr\/actualites\/#organization\",\"name\":\"www.Svalbard.fr\",\"url\":\"https:\/\/www.svalbard.fr\/actualites\/\",\"logo\":{\"@type\":\"ImageObject\",\"inLanguage\":\"fr-FR\",\"@id\":\"https:\/\/www.svalbard.fr\/actualites\/#\/schema\/logo\/image\/\",\"url\":\"https:\/\/www.svalbard.fr\/actualites\/wp-content\/uploads\/2023\/09\/head-nom.jpg\",\"contentUrl\":\"https:\/\/www.svalbard.fr\/actualites\/wp-content\/uploads\/2023\/09\/head-nom.jpg\",\"width\":264,\"height\":35,\"caption\":\"www.Svalbard.fr\"},\"image\":{\"@id\":\"https:\/\/www.svalbard.fr\/actualites\/#\/schema\/logo\/image\/\"}},{\"@type\":\"Person\",\"@id\":\"https:\/\/www.svalbard.fr\/actualites\/#\/schema\/person\/a2f937d5712222366738fae98755c600\",\"name\":\"Hilmar\",\"image\":{\"@type\":\"ImageObject\",\"inLanguage\":\"fr-FR\",\"@id\":\"https:\/\/www.svalbard.fr\/actualites\/#\/schema\/person\/image\/\",\"url\":\"https:\/\/secure.gravatar.com\/avatar\/4daa437093476dbc32da415c112b6512?s=96&d=mm&r=g\",\"contentUrl\":\"https:\/\/secure.gravatar.com\/avatar\/4daa437093476dbc32da415c112b6512?s=96&d=mm&r=g\",\"caption\":\"Hilmar\"},\"description\":\"Hilmar est un passionn\u00e9 des r\u00e9gions polaires, sp\u00e9cialis\u00e9 dans la r\u00e9daction d'articles sur le Spitzberg et autres destinations arctiques. Il apporte son expertise et sa passion pour l'Arctique au sein de l'\u00e9quipe de r\u00e9daction de Svalbard depuis de nombreuses ann\u00e9es.\",\"sameAs\":[\"https:\/\/www.svalbard.fr\/\"]}]}<\/script>\n<!-- \/ Yoast SEO plugin. -->","yoast_head_json":{"title":"L&#39;histoire de Saint Olav, le \u00ab roi \u00e9ternel \u00bb et saint patron de la Norv\u00e8ge","robots":{"index":"index","follow":"follow","max-snippet":"max-snippet:-1","max-image-preview":"max-image-preview:large","max-video-preview":"max-video-preview:-1"},"canonical":"https:\/\/www.svalbard.fr\/actualites\/lhistoire-de-saint-olav-le-roi-eternel-et-saint-patron-de-la-norvege\/","og_locale":"fr_FR","og_type":"article","og_title":"L&#39;histoire de Saint Olav, le \u00ab roi \u00e9ternel \u00bb et saint patron de la Norv\u00e8ge","og_description":"Saint Olaf, \u00e9galement connu sous le nom d&#39;Olaf II Haraldsson, occupe une place centrale dans l&#39;histoire, la culture et la vie religieuse norv\u00e9giennes. Plongeons dans","og_url":"https:\/\/www.svalbard.fr\/actualites\/lhistoire-de-saint-olav-le-roi-eternel-et-saint-patron-de-la-norvege\/","og_site_name":"www.Svalbard.fr","article_published_time":"2024-09-11T11:19:35+00:00","og_image":[{"url":"https:\/\/www.svalbard.fr\/actualites\/wp-content\/uploads\/2024\/09\/L39histoire-de-Saint-Olav-le-roi-eternel-et.jpg"}],"author":"Hilmar","twitter_card":"summary_large_image","twitter_misc":{"\u00c9crit par":"Hilmar","Dur\u00e9e de lecture estim\u00e9e":"10 minutes"},"schema":{"@context":"https:\/\/schema.org","@graph":[{"@type":"Article","@id":"https:\/\/www.svalbard.fr\/actualites\/lhistoire-de-saint-olav-le-roi-eternel-et-saint-patron-de-la-norvege\/#article","isPartOf":{"@id":"https:\/\/www.svalbard.fr\/actualites\/lhistoire-de-saint-olav-le-roi-eternel-et-saint-patron-de-la-norvege\/"},"author":{"name":"Hilmar","@id":"https:\/\/www.svalbard.fr\/actualites\/#\/schema\/person\/a2f937d5712222366738fae98755c600"},"headline":"L&#39;histoire de Saint Olav, le \u00ab roi \u00e9ternel \u00bb et saint patron de la Norv\u00e8ge","datePublished":"2024-09-11T11:19:35+00:00","dateModified":"2024-09-11T11:19:35+00:00","mainEntityOfPage":{"@id":"https:\/\/www.svalbard.fr\/actualites\/lhistoire-de-saint-olav-le-roi-eternel-et-saint-patron-de-la-norvege\/"},"wordCount":1926,"publisher":{"@id":"https:\/\/www.svalbard.fr\/actualites\/#organization"},"keywords":["\u00e9ternel","l39histoire","Norv\u00e8ge","Olav","patron","roi","Saint"],"articleSection":["Svalbard"],"inLanguage":"fr-FR"},{"@type":"WebPage","@id":"https:\/\/www.svalbard.fr\/actualites\/lhistoire-de-saint-olav-le-roi-eternel-et-saint-patron-de-la-norvege\/","url":"https:\/\/www.svalbard.fr\/actualites\/lhistoire-de-saint-olav-le-roi-eternel-et-saint-patron-de-la-norvege\/","name":"L&#39;histoire de Saint Olav, le \u00ab roi \u00e9ternel \u00bb et saint patron de la Norv\u00e8ge","isPartOf":{"@id":"https:\/\/www.svalbard.fr\/actualites\/#website"},"datePublished":"2024-09-11T11:19:35+00:00","dateModified":"2024-09-11T11:19:35+00:00","breadcrumb":{"@id":"https:\/\/www.svalbard.fr\/actualites\/lhistoire-de-saint-olav-le-roi-eternel-et-saint-patron-de-la-norvege\/#breadcrumb"},"inLanguage":"fr-FR","potentialAction":[{"@type":"ReadAction","target":["https:\/\/www.svalbard.fr\/actualites\/lhistoire-de-saint-olav-le-roi-eternel-et-saint-patron-de-la-norvege\/"]}]},{"@type":"BreadcrumbList","@id":"https:\/\/www.svalbard.fr\/actualites\/lhistoire-de-saint-olav-le-roi-eternel-et-saint-patron-de-la-norvege\/#breadcrumb","itemListElement":[{"@type":"ListItem","position":1,"name":"Accueil","item":"https:\/\/www.svalbard.fr\/actualites\/"},{"@type":"ListItem","position":2,"name":"L&#39;histoire de Saint Olav, le \u00ab roi \u00e9ternel \u00bb et saint patron de la Norv\u00e8ge"}]},{"@type":"WebSite","@id":"https:\/\/www.svalbard.fr\/actualites\/#website","url":"https:\/\/www.svalbard.fr\/actualites\/","name":"www.Svalbard.fr","description":"","publisher":{"@id":"https:\/\/www.svalbard.fr\/actualites\/#organization"},"potentialAction":[{"@type":"SearchAction","target":{"@type":"EntryPoint","urlTemplate":"https:\/\/www.svalbard.fr\/actualites\/?s={search_term_string}"},"query-input":"required name=search_term_string"}],"inLanguage":"fr-FR"},{"@type":"Organization","@id":"https:\/\/www.svalbard.fr\/actualites\/#organization","name":"www.Svalbard.fr","url":"https:\/\/www.svalbard.fr\/actualites\/","logo":{"@type":"ImageObject","inLanguage":"fr-FR","@id":"https:\/\/www.svalbard.fr\/actualites\/#\/schema\/logo\/image\/","url":"https:\/\/www.svalbard.fr\/actualites\/wp-content\/uploads\/2023\/09\/head-nom.jpg","contentUrl":"https:\/\/www.svalbard.fr\/actualites\/wp-content\/uploads\/2023\/09\/head-nom.jpg","width":264,"height":35,"caption":"www.Svalbard.fr"},"image":{"@id":"https:\/\/www.svalbard.fr\/actualites\/#\/schema\/logo\/image\/"}},{"@type":"Person","@id":"https:\/\/www.svalbard.fr\/actualites\/#\/schema\/person\/a2f937d5712222366738fae98755c600","name":"Hilmar","image":{"@type":"ImageObject","inLanguage":"fr-FR","@id":"https:\/\/www.svalbard.fr\/actualites\/#\/schema\/person\/image\/","url":"https:\/\/secure.gravatar.com\/avatar\/4daa437093476dbc32da415c112b6512?s=96&d=mm&r=g","contentUrl":"https:\/\/secure.gravatar.com\/avatar\/4daa437093476dbc32da415c112b6512?s=96&d=mm&r=g","caption":"Hilmar"},"description":"Hilmar est un passionn\u00e9 des r\u00e9gions polaires, sp\u00e9cialis\u00e9 dans la r\u00e9daction d'articles sur le Spitzberg et autres destinations arctiques. Il apporte son expertise et sa passion pour l'Arctique au sein de l'\u00e9quipe de r\u00e9daction de Svalbard depuis de nombreuses ann\u00e9es.","sameAs":["https:\/\/www.svalbard.fr\/"]}]}},"_links":{"self":[{"href":"https:\/\/www.svalbard.fr\/actualites\/wp-json\/wp\/v2\/posts\/1361"}],"collection":[{"href":"https:\/\/www.svalbard.fr\/actualites\/wp-json\/wp\/v2\/posts"}],"about":[{"href":"https:\/\/www.svalbard.fr\/actualites\/wp-json\/wp\/v2\/types\/post"}],"author":[{"embeddable":true,"href":"https:\/\/www.svalbard.fr\/actualites\/wp-json\/wp\/v2\/users\/1"}],"replies":[{"embeddable":true,"href":"https:\/\/www.svalbard.fr\/actualites\/wp-json\/wp\/v2\/comments?post=1361"}],"version-history":[{"count":0,"href":"https:\/\/www.svalbard.fr\/actualites\/wp-json\/wp\/v2\/posts\/1361\/revisions"}],"wp:featuredmedia":[{"embeddable":true,"href":"https:\/\/www.svalbard.fr\/actualites\/wp-json\/wp\/v2\/media\/1362"}],"wp:attachment":[{"href":"https:\/\/www.svalbard.fr\/actualites\/wp-json\/wp\/v2\/media?parent=1361"}],"wp:term":[{"taxonomy":"category","embeddable":true,"href":"https:\/\/www.svalbard.fr\/actualites\/wp-json\/wp\/v2\/categories?post=1361"},{"taxonomy":"post_tag","embeddable":true,"href":"https:\/\/www.svalbard.fr\/actualites\/wp-json\/wp\/v2\/tags?post=1361"}],"curies":[{"name":"wp","href":"https:\/\/api.w.org\/{rel}","templated":true}]}}