{"id":1381,"date":"2024-09-18T00:22:46","date_gmt":"2024-09-17T22:22:46","guid":{"rendered":"https:\/\/www.svalbard.fr\/actualites\/la-controversee-taxe-de-sortie-a-coule-cette-riche-nation-europeenne-maintenant-le-parti-travailliste-veut-la-reinstaurer-ici\/"},"modified":"2024-09-18T00:22:49","modified_gmt":"2024-09-17T22:22:49","slug":"la-controversee-taxe-de-sortie-a-coule-cette-riche-nation-europeenne-maintenant-le-parti-travailliste-veut-la-reinstaurer-ici","status":"publish","type":"post","link":"https:\/\/www.svalbard.fr\/actualites\/la-controversee-taxe-de-sortie-a-coule-cette-riche-nation-europeenne-maintenant-le-parti-travailliste-veut-la-reinstaurer-ici\/","title":{"rendered":"La controvers\u00e9e \u00ab taxe de sortie \u00bb a coul\u00e9 cette riche nation europ\u00e9enne \u2013 maintenant, le parti travailliste veut la r\u00e9instaurer ici"},"content":{"rendered":"<div>\n<p>Alors que le budget d&#39;Halloween approche \u00e0 grands pas, de nombreux Britanniques fortun\u00e9s envisagent de quitter le Royaume-Uni. Cet exode a commenc\u00e9 sous les conservateurs, qui ont port\u00e9 les imp\u00f4ts au Royaume-Uni \u00e0 leur plus haut niveau depuis 70 ans.<\/p>\n<p>L&#39;ann\u00e9e derni\u00e8re, 4 200 millionnaires ont quitt\u00e9 le pays. Avec le parti travailliste au pouvoir, ce chiffre devrait atteindre 9 500 cette ann\u00e9e, selon Henley Private Wealth.<\/p>\n<p>Beaucoup diront : \u00ab Adieu, d\u00e9barrassons-nous de ce syst\u00e8me \u00bb. La mentalit\u00e9 du \u00ab tabassage des riches \u00bb se renforce de jour en jour sous le r\u00e9gime travailliste.<\/p>\n<p>Le probl\u00e8me est qu\u2019ils emporteront leur argent avec eux, laissant un trou b\u00e9ant dans les finances du pays que le reste d\u2019entre nous devra combler.<\/p>\n<p>Actuellement, il est facile de quitter le Royaume-Uni. Les entrepreneurs et les investisseurs ne paient pas d&#39;imp\u00f4t sur les plus-values \u200b\u200b(CGT) sur les actions britanniques s&#39;ils quittent la Grande-Bretagne pendant plus de cinq ans.<\/p>\n<p>Ils peuvent donc partir s&#39;ils le souhaitent. C&#39;est un pays libre, apr\u00e8s tout.<\/p>\n<p>Aujourd&#39;hui, le groupe de r\u00e9flexion de gauche Resolution Foundation appelle le Parti travailliste \u00e0 imposer une taxe de sortie de type CGT aux Britanniques qui partent, afin de les rincer avant qu&#39;ils ne partent.<\/p>\n<p>Est-ce une bonne id\u00e9e ?<\/p>\n<p>Heureusement, une \u00e9conomie europ\u00e9enne avanc\u00e9e a d\u00e9j\u00e0 fait exactement cela, ce qui nous permet de voir comment cela fonctionnerait.<\/p>\n<p>Ce pays riche en p\u00e9trole poss\u00e8de l\u2019une des \u00e9conomies les plus fortes du monde et l\u2019une des monnaies les plus fortes et les plus stables. Ce n\u2019est plus le cas.<\/p>\n<\/div>\n<div>\n<p>Le pays en question est la Norv\u00e8ge. Le pays scandinave est bien plus riche que le Royaume-Uni. Les salaires moyens y sont 50 % plus \u00e9lev\u00e9s et, comme le t\u00e9moignera tout Britannique qui met les pieds dans le pays, c&#39;est extr\u00eamement cher.<\/p>\n<p>Du moins, c&#39;\u00e9tait le cas.<\/p>\n<p>Aujourd&#39;hui, ce sont les Norv\u00e9giens qui se plaignent des prix, tandis que les touristes \u00e9trangers affluent parce que la monnaie du pays s&#39;est effondr\u00e9e \u00e0 son plus bas niveau depuis 50 ans.<\/p>\n<p>Les Norv\u00e9giens qui avaient l&#39;habitude de se ruer \u00e0 Londres en riant du prix bon march\u00e9 de la bi\u00e8re pleurent d\u00e9sormais dans leurs pintes co\u00fbteuses.<\/p>\n<p>Ironiquement, la Norv\u00e8ge a \u00e9galement un gouvernement travailliste. C&#39;est sous son autorit\u00e9 que le gouvernement a \u00e9t\u00e9 renvers\u00e9.<\/p>\n<p>Certains imputent cette situation \u00e0 la chute du prix du p\u00e9trole, qui r\u00e9duit la valeur des importantes exportations \u00e9nerg\u00e9tiques du pays, mais le d\u00e9clin de la couronne a commenc\u00e9 alors que le p\u00e9trole \u00e9tait encore relativement cher.<\/p>\n<p>Alors quoi de neuf?<\/p>\n<p>La Norv\u00e8ge est l\u2019un des rares pays \u00e0 avoir instaur\u00e9 un imp\u00f4t sur la fortune. C\u2019est une mesure que beaucoup de gens \u00e0 gauche souhaitent voir Starmer introduire.<\/p>\n<p>Le Parti travailliste norv\u00e9gien a augment\u00e9 le taux le plus \u00e9lev\u00e9 en 2022, obligeant les plus riches \u00e0 payer davantage.<\/p>\n<p>Mais cela n&#39;a pas vraiment fonctionn\u00e9. Bien que le taux maximum ne soit que de 1,1 %, il est impos\u00e9 sur l&#39;ensemble du patrimoine des particuliers, y compris sur leurs entreprises.<\/p>\n<p>Et les gens doivent le payer chaque ann\u00e9e.<\/p>\n<p>Ainsi, un propri\u00e9taire d&#39;une entreprise d&#39;une valeur de 40 millions de livres sterling pourrait \u00eatre confront\u00e9 \u00e0 une facture fiscale annuelle de 440 000 livres sterling. Et il devra payer m\u00eame si l&#39;entreprise enregistre une perte cette ann\u00e9e-l\u00e0.<\/p>\n<\/div>\n<div>\n<p>Les entrepreneurs norv\u00e9giens d\u00e9testent cette situation et fuient en masse. Trente des plus riches d&#39;entre eux r\u00e9sident d\u00e9sormais en Suisse.<\/p>\n<p>Au lieu de c\u00e9der, le gouvernement travailliste oblige d\u00e9sormais tout Norv\u00e9gien qui s\u2019installe \u00e0 l\u2019\u00e9tranger \u00e0 payer l\u2019imp\u00f4t sur les plus-values \u200b\u200bsur toutes les actions qu\u2019il poss\u00e8de, y compris celles de sa propre entreprise.<\/p>\n<p>Cette mesure ne touchera pas seulement les riches. Tous ceux qui poss\u00e8dent plus d&#39;un demi-million de couronnes (35 700 \u00a3) en actions seront touch\u00e9s.<\/p>\n<p>Mais cela ne suffit pas aux travaillistes norv\u00e9giens. Ils pr\u00e9parent d\u00e9sormais une nouvelle taxe de sortie brutale.<\/p>\n<p>In\u00e9vitablement, cette menace n\u2019a fait qu\u2019acc\u00e9l\u00e9rer l\u2019exode.<\/p>\n<p>Pire encore, cela rend le pays moins attractif pour cr\u00e9er une entreprise.<\/p>\n<p>La cha\u00eene britannique de produits surgel\u00e9s Iceland (oui, s\u00e9rieusement) a essay\u00e9 de s&#39;implanter en Norv\u00e8ge. Elle a abandonn\u00e9. La cha\u00eene allemande de magasins discount Lidl est pr\u00e9sente partout au Royaume-Uni. Elle a quitt\u00e9 la Norv\u00e8ge par d\u00e9sespoir.<\/p>\n<p>Les investisseurs \u00e9trangers ont peur.<\/p>\n<p>La Norv\u00e8ge survivra. Si elle manque de liquidit\u00e9s, elle pourra simplement produire davantage de p\u00e9trole et de gaz.<\/p>\n<p>Mais une taxe de sortie serait un d\u00e9sastre pour le Royaume-Uni.<\/p>\n<p>Nous ne disposons pas de r\u00e9serves in\u00e9puisables de p\u00e9trole et m\u00eame si c\u2019\u00e9tait le cas, le secr\u00e9taire \u00e0 l\u2019\u00c9nergie Ed Miliband les fermerait en un \u00e9clair.<\/p>\n<p>Nous nous appuyons plut\u00f4t sur les capitaux \u00e9trangers et les entrepreneurs d\u00e9sireux de cr\u00e9er des entreprises. La campagne fiscale de l&#39;automne men\u00e9e par le Parti travailliste les effraie d\u00e9j\u00e0.<\/p>\n<p>Une taxe de sortie ferait couler notre \u00e9conomie et la livre sterling.<\/p>\n<p>Nous devons remercier la Norv\u00e8ge pour cette le\u00e7on \u00e9conomique. Esp\u00e9rons que notre parti travailliste en tirera les le\u00e7ons.<\/p>\n<\/div>\n","protected":false},"excerpt":{"rendered":"<p>Alors que le budget d&#39;Halloween approche \u00e0 grands pas, de nombreux Britanniques fortun\u00e9s envisagent de quitter le Royaume-Uni. Cet exode a commenc\u00e9 sous les conservateurs,<\/p>\n","protected":false},"author":1,"featured_media":1382,"comment_status":"closed","ping_status":"","sticky":false,"template":"","format":"standard","meta":{"footnotes":""},"categories":[1],"tags":[1311,570,1645,735,1653,1648,1647,1649,1652,1646,1033,1032,1650,1651],"yoast_head":"<!-- This site is optimized with the Yoast SEO plugin v21.0 - https:\/\/yoast.com\/wordpress\/plugins\/seo\/ -->\n<title>La controvers\u00e9e \u00ab taxe de sortie \u00bb a coul\u00e9 cette riche nation europ\u00e9enne \u2013 maintenant, le parti travailliste veut la r\u00e9instaurer ici<\/title>\n<meta name=\"robots\" content=\"index, follow, max-snippet:-1, max-image-preview:large, max-video-preview:-1\" \/>\n<link rel=\"canonical\" href=\"https:\/\/www.svalbard.fr\/actualites\/la-controversee-taxe-de-sortie-a-coule-cette-riche-nation-europeenne-maintenant-le-parti-travailliste-veut-la-reinstaurer-ici\/\" \/>\n<meta property=\"og:locale\" content=\"fr_FR\" \/>\n<meta property=\"og:type\" content=\"article\" \/>\n<meta property=\"og:title\" content=\"La controvers\u00e9e \u00ab taxe de sortie \u00bb a coul\u00e9 cette riche nation europ\u00e9enne \u2013 maintenant, le parti travailliste veut la r\u00e9instaurer ici\" \/>\n<meta property=\"og:description\" content=\"Alors que le budget d&#039;Halloween approche \u00e0 grands pas, de nombreux Britanniques fortun\u00e9s envisagent de quitter le Royaume-Uni. Cet exode a commenc\u00e9 sous les conservateurs,\" \/>\n<meta property=\"og:url\" content=\"https:\/\/www.svalbard.fr\/actualites\/la-controversee-taxe-de-sortie-a-coule-cette-riche-nation-europeenne-maintenant-le-parti-travailliste-veut-la-reinstaurer-ici\/\" \/>\n<meta property=\"og:site_name\" content=\"www.Svalbard.fr\" \/>\n<meta property=\"article:published_time\" content=\"2024-09-17T22:22:46+00:00\" \/>\n<meta property=\"article:modified_time\" content=\"2024-09-17T22:22:49+00:00\" \/>\n<meta property=\"og:image\" content=\"https:\/\/www.svalbard.fr\/actualites\/wp-content\/uploads\/2024\/09\/La-controversee-taxe-de-sortie-a-coule-cette.jpg\" \/>\n\t<meta property=\"og:image:width\" content=\"1200\" \/>\n\t<meta property=\"og:image:height\" content=\"630\" \/>\n\t<meta property=\"og:image:type\" content=\"image\/jpeg\" \/>\n<meta name=\"author\" content=\"Hilmar\" \/>\n<meta name=\"twitter:card\" content=\"summary_large_image\" \/>\n<meta name=\"twitter:label1\" content=\"\u00c9crit par\" \/>\n\t<meta name=\"twitter:data1\" content=\"Hilmar\" \/>\n\t<meta name=\"twitter:label2\" content=\"Dur\u00e9e de lecture estim\u00e9e\" \/>\n\t<meta name=\"twitter:data2\" content=\"5 minutes\" \/>\n<script type=\"application\/ld+json\" class=\"yoast-schema-graph\">{\"@context\":\"https:\/\/schema.org\",\"@graph\":[{\"@type\":\"Article\",\"@id\":\"https:\/\/www.svalbard.fr\/actualites\/la-controversee-taxe-de-sortie-a-coule-cette-riche-nation-europeenne-maintenant-le-parti-travailliste-veut-la-reinstaurer-ici\/#article\",\"isPartOf\":{\"@id\":\"https:\/\/www.svalbard.fr\/actualites\/la-controversee-taxe-de-sortie-a-coule-cette-riche-nation-europeenne-maintenant-le-parti-travailliste-veut-la-reinstaurer-ici\/\"},\"author\":{\"name\":\"Hilmar\",\"@id\":\"https:\/\/www.svalbard.fr\/actualites\/#\/schema\/person\/a2f937d5712222366738fae98755c600\"},\"headline\":\"La controvers\u00e9e \u00ab taxe de sortie \u00bb a coul\u00e9 cette riche nation europ\u00e9enne \u2013 maintenant, le parti travailliste veut la r\u00e9instaurer ici\",\"datePublished\":\"2024-09-17T22:22:46+00:00\",\"dateModified\":\"2024-09-17T22:22:49+00:00\",\"mainEntityOfPage\":{\"@id\":\"https:\/\/www.svalbard.fr\/actualites\/la-controversee-taxe-de-sortie-a-coule-cette-riche-nation-europeenne-maintenant-le-parti-travailliste-veut-la-reinstaurer-ici\/\"},\"wordCount\":924,\"publisher\":{\"@id\":\"https:\/\/www.svalbard.fr\/actualites\/#organization\"},\"keywords\":[\"cette\",\"controvers\u00e9e\",\"coul\u00e9\",\"europ\u00e9enne\",\"ici\",\"maintenant\",\"nation\",\"parti\",\"r\u00e9instaurer\",\"riche\",\"sortie\",\"taxe\",\"travailliste\",\"veut\"],\"articleSection\":[\"Svalbard\"],\"inLanguage\":\"fr-FR\"},{\"@type\":\"WebPage\",\"@id\":\"https:\/\/www.svalbard.fr\/actualites\/la-controversee-taxe-de-sortie-a-coule-cette-riche-nation-europeenne-maintenant-le-parti-travailliste-veut-la-reinstaurer-ici\/\",\"url\":\"https:\/\/www.svalbard.fr\/actualites\/la-controversee-taxe-de-sortie-a-coule-cette-riche-nation-europeenne-maintenant-le-parti-travailliste-veut-la-reinstaurer-ici\/\",\"name\":\"La controvers\u00e9e \u00ab taxe de sortie \u00bb a coul\u00e9 cette riche nation europ\u00e9enne \u2013 maintenant, le parti travailliste veut la r\u00e9instaurer ici\",\"isPartOf\":{\"@id\":\"https:\/\/www.svalbard.fr\/actualites\/#website\"},\"datePublished\":\"2024-09-17T22:22:46+00:00\",\"dateModified\":\"2024-09-17T22:22:49+00:00\",\"breadcrumb\":{\"@id\":\"https:\/\/www.svalbard.fr\/actualites\/la-controversee-taxe-de-sortie-a-coule-cette-riche-nation-europeenne-maintenant-le-parti-travailliste-veut-la-reinstaurer-ici\/#breadcrumb\"},\"inLanguage\":\"fr-FR\",\"potentialAction\":[{\"@type\":\"ReadAction\",\"target\":[\"https:\/\/www.svalbard.fr\/actualites\/la-controversee-taxe-de-sortie-a-coule-cette-riche-nation-europeenne-maintenant-le-parti-travailliste-veut-la-reinstaurer-ici\/\"]}]},{\"@type\":\"BreadcrumbList\",\"@id\":\"https:\/\/www.svalbard.fr\/actualites\/la-controversee-taxe-de-sortie-a-coule-cette-riche-nation-europeenne-maintenant-le-parti-travailliste-veut-la-reinstaurer-ici\/#breadcrumb\",\"itemListElement\":[{\"@type\":\"ListItem\",\"position\":1,\"name\":\"Accueil\",\"item\":\"https:\/\/www.svalbard.fr\/actualites\/\"},{\"@type\":\"ListItem\",\"position\":2,\"name\":\"La controvers\u00e9e \u00ab taxe de sortie \u00bb a coul\u00e9 cette riche nation europ\u00e9enne \u2013 maintenant, le parti travailliste veut la r\u00e9instaurer ici\"}]},{\"@type\":\"WebSite\",\"@id\":\"https:\/\/www.svalbard.fr\/actualites\/#website\",\"url\":\"https:\/\/www.svalbard.fr\/actualites\/\",\"name\":\"www.Svalbard.fr\",\"description\":\"\",\"publisher\":{\"@id\":\"https:\/\/www.svalbard.fr\/actualites\/#organization\"},\"potentialAction\":[{\"@type\":\"SearchAction\",\"target\":{\"@type\":\"EntryPoint\",\"urlTemplate\":\"https:\/\/www.svalbard.fr\/actualites\/?s={search_term_string}\"},\"query-input\":\"required name=search_term_string\"}],\"inLanguage\":\"fr-FR\"},{\"@type\":\"Organization\",\"@id\":\"https:\/\/www.svalbard.fr\/actualites\/#organization\",\"name\":\"www.Svalbard.fr\",\"url\":\"https:\/\/www.svalbard.fr\/actualites\/\",\"logo\":{\"@type\":\"ImageObject\",\"inLanguage\":\"fr-FR\",\"@id\":\"https:\/\/www.svalbard.fr\/actualites\/#\/schema\/logo\/image\/\",\"url\":\"https:\/\/www.svalbard.fr\/actualites\/wp-content\/uploads\/2023\/09\/head-nom.jpg\",\"contentUrl\":\"https:\/\/www.svalbard.fr\/actualites\/wp-content\/uploads\/2023\/09\/head-nom.jpg\",\"width\":264,\"height\":35,\"caption\":\"www.Svalbard.fr\"},\"image\":{\"@id\":\"https:\/\/www.svalbard.fr\/actualites\/#\/schema\/logo\/image\/\"}},{\"@type\":\"Person\",\"@id\":\"https:\/\/www.svalbard.fr\/actualites\/#\/schema\/person\/a2f937d5712222366738fae98755c600\",\"name\":\"Hilmar\",\"image\":{\"@type\":\"ImageObject\",\"inLanguage\":\"fr-FR\",\"@id\":\"https:\/\/www.svalbard.fr\/actualites\/#\/schema\/person\/image\/\",\"url\":\"https:\/\/secure.gravatar.com\/avatar\/4daa437093476dbc32da415c112b6512?s=96&d=mm&r=g\",\"contentUrl\":\"https:\/\/secure.gravatar.com\/avatar\/4daa437093476dbc32da415c112b6512?s=96&d=mm&r=g\",\"caption\":\"Hilmar\"},\"description\":\"Hilmar est un passionn\u00e9 des r\u00e9gions polaires, sp\u00e9cialis\u00e9 dans la r\u00e9daction d'articles sur le Spitzberg et autres destinations arctiques. Il apporte son expertise et sa passion pour l'Arctique au sein de l'\u00e9quipe de r\u00e9daction de Svalbard depuis de nombreuses ann\u00e9es.\",\"sameAs\":[\"https:\/\/www.svalbard.fr\/\"]}]}<\/script>\n<!-- \/ Yoast SEO plugin. -->","yoast_head_json":{"title":"La controvers\u00e9e \u00ab taxe de sortie \u00bb a coul\u00e9 cette riche nation europ\u00e9enne \u2013 maintenant, le parti travailliste veut la r\u00e9instaurer ici","robots":{"index":"index","follow":"follow","max-snippet":"max-snippet:-1","max-image-preview":"max-image-preview:large","max-video-preview":"max-video-preview:-1"},"canonical":"https:\/\/www.svalbard.fr\/actualites\/la-controversee-taxe-de-sortie-a-coule-cette-riche-nation-europeenne-maintenant-le-parti-travailliste-veut-la-reinstaurer-ici\/","og_locale":"fr_FR","og_type":"article","og_title":"La controvers\u00e9e \u00ab taxe de sortie \u00bb a coul\u00e9 cette riche nation europ\u00e9enne \u2013 maintenant, le parti travailliste veut la r\u00e9instaurer ici","og_description":"Alors que le budget d&#39;Halloween approche \u00e0 grands pas, de nombreux Britanniques fortun\u00e9s envisagent de quitter le Royaume-Uni. Cet exode a commenc\u00e9 sous les conservateurs,","og_url":"https:\/\/www.svalbard.fr\/actualites\/la-controversee-taxe-de-sortie-a-coule-cette-riche-nation-europeenne-maintenant-le-parti-travailliste-veut-la-reinstaurer-ici\/","og_site_name":"www.Svalbard.fr","article_published_time":"2024-09-17T22:22:46+00:00","article_modified_time":"2024-09-17T22:22:49+00:00","og_image":[{"width":1200,"height":630,"url":"https:\/\/www.svalbard.fr\/actualites\/wp-content\/uploads\/2024\/09\/La-controversee-taxe-de-sortie-a-coule-cette.jpg","type":"image\/jpeg"}],"author":"Hilmar","twitter_card":"summary_large_image","twitter_misc":{"\u00c9crit par":"Hilmar","Dur\u00e9e de lecture estim\u00e9e":"5 minutes"},"schema":{"@context":"https:\/\/schema.org","@graph":[{"@type":"Article","@id":"https:\/\/www.svalbard.fr\/actualites\/la-controversee-taxe-de-sortie-a-coule-cette-riche-nation-europeenne-maintenant-le-parti-travailliste-veut-la-reinstaurer-ici\/#article","isPartOf":{"@id":"https:\/\/www.svalbard.fr\/actualites\/la-controversee-taxe-de-sortie-a-coule-cette-riche-nation-europeenne-maintenant-le-parti-travailliste-veut-la-reinstaurer-ici\/"},"author":{"name":"Hilmar","@id":"https:\/\/www.svalbard.fr\/actualites\/#\/schema\/person\/a2f937d5712222366738fae98755c600"},"headline":"La controvers\u00e9e \u00ab taxe de sortie \u00bb a coul\u00e9 cette riche nation europ\u00e9enne \u2013 maintenant, le parti travailliste veut la r\u00e9instaurer ici","datePublished":"2024-09-17T22:22:46+00:00","dateModified":"2024-09-17T22:22:49+00:00","mainEntityOfPage":{"@id":"https:\/\/www.svalbard.fr\/actualites\/la-controversee-taxe-de-sortie-a-coule-cette-riche-nation-europeenne-maintenant-le-parti-travailliste-veut-la-reinstaurer-ici\/"},"wordCount":924,"publisher":{"@id":"https:\/\/www.svalbard.fr\/actualites\/#organization"},"keywords":["cette","controvers\u00e9e","coul\u00e9","europ\u00e9enne","ici","maintenant","nation","parti","r\u00e9instaurer","riche","sortie","taxe","travailliste","veut"],"articleSection":["Svalbard"],"inLanguage":"fr-FR"},{"@type":"WebPage","@id":"https:\/\/www.svalbard.fr\/actualites\/la-controversee-taxe-de-sortie-a-coule-cette-riche-nation-europeenne-maintenant-le-parti-travailliste-veut-la-reinstaurer-ici\/","url":"https:\/\/www.svalbard.fr\/actualites\/la-controversee-taxe-de-sortie-a-coule-cette-riche-nation-europeenne-maintenant-le-parti-travailliste-veut-la-reinstaurer-ici\/","name":"La controvers\u00e9e \u00ab taxe de sortie \u00bb a coul\u00e9 cette riche nation europ\u00e9enne \u2013 maintenant, le parti travailliste veut la r\u00e9instaurer ici","isPartOf":{"@id":"https:\/\/www.svalbard.fr\/actualites\/#website"},"datePublished":"2024-09-17T22:22:46+00:00","dateModified":"2024-09-17T22:22:49+00:00","breadcrumb":{"@id":"https:\/\/www.svalbard.fr\/actualites\/la-controversee-taxe-de-sortie-a-coule-cette-riche-nation-europeenne-maintenant-le-parti-travailliste-veut-la-reinstaurer-ici\/#breadcrumb"},"inLanguage":"fr-FR","potentialAction":[{"@type":"ReadAction","target":["https:\/\/www.svalbard.fr\/actualites\/la-controversee-taxe-de-sortie-a-coule-cette-riche-nation-europeenne-maintenant-le-parti-travailliste-veut-la-reinstaurer-ici\/"]}]},{"@type":"BreadcrumbList","@id":"https:\/\/www.svalbard.fr\/actualites\/la-controversee-taxe-de-sortie-a-coule-cette-riche-nation-europeenne-maintenant-le-parti-travailliste-veut-la-reinstaurer-ici\/#breadcrumb","itemListElement":[{"@type":"ListItem","position":1,"name":"Accueil","item":"https:\/\/www.svalbard.fr\/actualites\/"},{"@type":"ListItem","position":2,"name":"La controvers\u00e9e \u00ab taxe de sortie \u00bb a coul\u00e9 cette riche nation europ\u00e9enne \u2013 maintenant, le parti travailliste veut la r\u00e9instaurer ici"}]},{"@type":"WebSite","@id":"https:\/\/www.svalbard.fr\/actualites\/#website","url":"https:\/\/www.svalbard.fr\/actualites\/","name":"www.Svalbard.fr","description":"","publisher":{"@id":"https:\/\/www.svalbard.fr\/actualites\/#organization"},"potentialAction":[{"@type":"SearchAction","target":{"@type":"EntryPoint","urlTemplate":"https:\/\/www.svalbard.fr\/actualites\/?s={search_term_string}"},"query-input":"required name=search_term_string"}],"inLanguage":"fr-FR"},{"@type":"Organization","@id":"https:\/\/www.svalbard.fr\/actualites\/#organization","name":"www.Svalbard.fr","url":"https:\/\/www.svalbard.fr\/actualites\/","logo":{"@type":"ImageObject","inLanguage":"fr-FR","@id":"https:\/\/www.svalbard.fr\/actualites\/#\/schema\/logo\/image\/","url":"https:\/\/www.svalbard.fr\/actualites\/wp-content\/uploads\/2023\/09\/head-nom.jpg","contentUrl":"https:\/\/www.svalbard.fr\/actualites\/wp-content\/uploads\/2023\/09\/head-nom.jpg","width":264,"height":35,"caption":"www.Svalbard.fr"},"image":{"@id":"https:\/\/www.svalbard.fr\/actualites\/#\/schema\/logo\/image\/"}},{"@type":"Person","@id":"https:\/\/www.svalbard.fr\/actualites\/#\/schema\/person\/a2f937d5712222366738fae98755c600","name":"Hilmar","image":{"@type":"ImageObject","inLanguage":"fr-FR","@id":"https:\/\/www.svalbard.fr\/actualites\/#\/schema\/person\/image\/","url":"https:\/\/secure.gravatar.com\/avatar\/4daa437093476dbc32da415c112b6512?s=96&d=mm&r=g","contentUrl":"https:\/\/secure.gravatar.com\/avatar\/4daa437093476dbc32da415c112b6512?s=96&d=mm&r=g","caption":"Hilmar"},"description":"Hilmar est un passionn\u00e9 des r\u00e9gions polaires, sp\u00e9cialis\u00e9 dans la r\u00e9daction d'articles sur le Spitzberg et autres destinations arctiques. Il apporte son expertise et sa passion pour l'Arctique au sein de l'\u00e9quipe de r\u00e9daction de Svalbard depuis de nombreuses ann\u00e9es.","sameAs":["https:\/\/www.svalbard.fr\/"]}]}},"_links":{"self":[{"href":"https:\/\/www.svalbard.fr\/actualites\/wp-json\/wp\/v2\/posts\/1381"}],"collection":[{"href":"https:\/\/www.svalbard.fr\/actualites\/wp-json\/wp\/v2\/posts"}],"about":[{"href":"https:\/\/www.svalbard.fr\/actualites\/wp-json\/wp\/v2\/types\/post"}],"author":[{"embeddable":true,"href":"https:\/\/www.svalbard.fr\/actualites\/wp-json\/wp\/v2\/users\/1"}],"replies":[{"embeddable":true,"href":"https:\/\/www.svalbard.fr\/actualites\/wp-json\/wp\/v2\/comments?post=1381"}],"version-history":[{"count":1,"href":"https:\/\/www.svalbard.fr\/actualites\/wp-json\/wp\/v2\/posts\/1381\/revisions"}],"predecessor-version":[{"id":1383,"href":"https:\/\/www.svalbard.fr\/actualites\/wp-json\/wp\/v2\/posts\/1381\/revisions\/1383"}],"wp:featuredmedia":[{"embeddable":true,"href":"https:\/\/www.svalbard.fr\/actualites\/wp-json\/wp\/v2\/media\/1382"}],"wp:attachment":[{"href":"https:\/\/www.svalbard.fr\/actualites\/wp-json\/wp\/v2\/media?parent=1381"}],"wp:term":[{"taxonomy":"category","embeddable":true,"href":"https:\/\/www.svalbard.fr\/actualites\/wp-json\/wp\/v2\/categories?post=1381"},{"taxonomy":"post_tag","embeddable":true,"href":"https:\/\/www.svalbard.fr\/actualites\/wp-json\/wp\/v2\/tags?post=1381"}],"curies":[{"name":"wp","href":"https:\/\/api.w.org\/{rel}","templated":true}]}}