{"id":1386,"date":"2024-09-20T14:20:03","date_gmt":"2024-09-20T12:20:03","guid":{"rendered":"https:\/\/www.svalbard.fr\/actualites\/des-scientifiques-identifient-la-premiere-epidemie-de-rage-connue-chez-les-phoques\/"},"modified":"2024-09-20T14:20:03","modified_gmt":"2024-09-20T12:20:03","slug":"des-scientifiques-identifient-la-premiere-epidemie-de-rage-connue-chez-les-phoques","status":"publish","type":"post","link":"https:\/\/www.svalbard.fr\/actualites\/des-scientifiques-identifient-la-premiere-epidemie-de-rage-connue-chez-les-phoques\/","title":{"rendered":"Des scientifiques identifient la premi\u00e8re \u00e9pid\u00e9mie de rage connue chez les phoques"},"content":{"rendered":"<p>Des tests effectu\u00e9s sur des otaries \u00e0 fourrure du Cap mortes en Afrique du Sud ont montr\u00e9 que certaines d&#39;entre elles \u00e9taient atteintes de la rage<br \/>\n<\/p>\n<p>Des scientifiques en Afrique du Sud affirment avoir identifi\u00e9 une \u00e9pid\u00e9mie de rage chez les phoques, ce qui serait la premi\u00e8re fois que le virus se propage chez les mammif\u00e8res marins.<\/p>\n<p>Au moins 24 otaries \u00e0 fourrure du Cap retrouv\u00e9es mortes ou euthanasi\u00e9es \u00e0 divers endroits de la c\u00f4te ouest et sud de l&#39;Afrique du Sud \u00e9taient atteintes de la rage, a d\u00e9clar\u00e9 le v\u00e9t\u00e9rinaire d&#39;\u00c9tat, le Dr Lesley van Helden.<\/p>\n<div data-mpu1=\"true\" class=\"sc-1048kfq-0 ddbwjn\"><\/div>\n<p>La rage, qui affecte les mammif\u00e8res et peut \u00eatre transmise \u00e0 l&#39;homme, est presque toujours mortelle une fois les sympt\u00f4mes apparus. La rage se transmet par la salive, g\u00e9n\u00e9ralement par morsure, mais aussi parfois lorsque les animaux se l\u00e8chent et se toilettent entre eux.<\/p>\n<p>Le virus est observ\u00e9 depuis longtemps chez des animaux sauvages comme les ratons laveurs, les coyotes, les renards, les chacals et les chiens domestiques. Mais il n&#39;a jamais \u00e9t\u00e9 observ\u00e9 de propagation parmi les mammif\u00e8res marins, ont d\u00e9clar\u00e9 cette semaine M. van Helden et d&#39;autres experts.<\/p>\n<p>Le seul autre cas connu de rage chez un mammif\u00e8re marin est celui d&#39;un phoque annel\u00e9 des \u00eeles norv\u00e9giennes du Svalbard au d\u00e9but des ann\u00e9es 1980. Ce phoque avait probablement \u00e9t\u00e9 infect\u00e9 par un renard arctique enrag\u00e9, ont indiqu\u00e9 les chercheurs, et il n&#39;y avait aucune preuve de propagation de la rage parmi les phoques de cette r\u00e9gion.<\/p>\n<div id=\"taboola-mid-article-thumbnails-ii\" class=\"sc-looa6c-0 jiCqOZ\"><\/div>\n<p>Les autorit\u00e9s sud-africaines ont d\u00e9couvert pour la premi\u00e8re fois la rage chez les otaries \u00e0 fourrure du Cap en juin, apr\u00e8s qu&#39;un chien a \u00e9t\u00e9 mordu par un phoque sur une plage du Cap. Le chien a \u00e9t\u00e9 infect\u00e9 par la rage, ce qui a incit\u00e9 les chercheurs \u00e0 effectuer des tests de d\u00e9pistage de la rage sur des \u00e9chantillons de cerveau de 135 carcasses de phoques que les chercheurs avaient d\u00e9j\u00e0 collect\u00e9s depuis 2021. Une vingtaine de nouveaux \u00e9chantillons ont \u00e9galement \u00e9t\u00e9 collect\u00e9s et d&#39;autres r\u00e9sultats positifs sont revenus lors de tests ult\u00e9rieurs.<\/p>\n<div class=\"sc-482ou5-2 eOHevC image align-none\">\n<figure class=\"sc-1cbdeug-0 cpcmmN\">\n<div data-gallery-length=\"4\" class=\"sc-482ou5-0 cqDCGe\"><img decoding=\"async\" src=\"https:\/\/www.svalbard.fr\/actualites\/wp-content\/uploads\/2024\/09\/Des-scientifiques-identifient-la-premiere-epidemie-de-rage-connue-chez.jpg\" srcset=\"https:\/\/www.svalbard.fr\/actualites\/wp-content\/uploads\/2024\/09\/Des-scientifiques-identifient-la-premiere-epidemie-de-rage-connue-chez.jpg?quality=75&amp;width=320&amp;auto=webp 320w, https:\/\/www.svalbard.fr\/actualites\/wp-content\/uploads\/2024\/09\/Des-scientifiques-identifient-la-premiere-epidemie-de-rage-connue-chez.jpg?quality=75&amp;width=640&amp;auto=webp 640w\" loading=\"lazy\" alt=\"L&#39;Afrique du Sud attrape la rage\" class=\"sc-1mc30lb-0 iSVhwZ inline-gallery-btn\" on=\"tap:auto-image-gallery,inline-image-carousel.goToSlide(index=1)\" tabindex=\"0\" role=\"button\" data-gallery-length=\"4\"><\/div><figcaption class=\"sc-1cbdeug-1 sc-1cbdeug-3 hiCdLa liXvvg\">L&#39;Afrique du Sud attrape la rage<span class=\"sc-1cbdeug-7 izyooE\"> <!-- -->(<!-- -->Copyright 2021 The Associated Press. Tous droits r\u00e9serv\u00e9s.<!-- -->)<\/span><\/figcaption><\/figure>\n<\/div>\n<p>Les scientifiques tentent de comprendre comment la rage a \u00e9t\u00e9 transmise aux phoques, si elle se propage largement parmi leurs grandes colonies et ce qui peut \u00eatre fait pour la contenir. <\/p>\n<p>\u00ab Tout cela est tr\u00e8s nouveau \u00bb, a d\u00e9clar\u00e9 Greg Hofmeyr, un biologiste marin qui \u00e9tudie les phoques en Afrique du Sud. \u00ab Il faut mener de nombreuses recherches&#8230; il y a beaucoup d&#39;inconnues ici. \u00bb<\/p>\n<p>Il y a environ 2 millions de phoques qui migrent entre l&#39;Afrique du Sud, la Namibie et l&#39;Angola le long des c\u00f4tes sud et ouest de l&#39;Afrique. Selon van Helden, la possibilit\u00e9 la plus probable est que la rage ait \u00e9t\u00e9 transmise aux phoques par des chacals en Namibie, o\u00f9 ces animaux ressemblant \u00e0 des loups chassent les b\u00e9b\u00e9s phoques sur le littoral.<\/p>\n<div class=\"sc-1pfx6hk-0 lgUbTS sc-w27hnf-0 bxLhaU\">\n<div data-mpu=\"true\" data-is-video=\"false\" data-tile-name=\"content\" data-ad-unit-path=\"\/71347885\/_main_independent\/in_news\/in_science\/image\/content\" data-size-key=\"SINGLE_MPU\" data-refresh-check=\"false\" data-refresh-ms=\"13000\"><\/div>\n<\/div>\n<p>Les g\u00e8nes du virus de la rage d\u00e9couverts chez les phoques correspondaient \u00e0 ceux du virus de la rage chez les chacals \u00e0 dos noir de Namibie. Ils ont \u00e9galement montr\u00e9 que la rage se transmettait entre phoques, car la plupart des s\u00e9quences du virus \u00e9taient \u00e9troitement li\u00e9es, a-t-elle ajout\u00e9.<\/p>\n<p>\u00ab Donc, ce ph\u00e9nom\u00e8ne s&#39;est essentiellement \u00e9tabli dans la population de phoques et il est maintenu par les morsures qu&#39;ils subissent entre eux \u00bb, a d\u00e9clar\u00e9 van Helden.<\/p>\n<p>Les phoques vivent \u00e0 proximit\u00e9 des habitants dans certaines r\u00e9gions d&#39;Afrique du Sud, notamment sur les plages autour de la ville du Cap. La ville a \u00e9mis des avertissements aux habitants, a d\u00e9clar\u00e9 Gregg Oelofse, responsable de la gestion c\u00f4ti\u00e8re et environnementale de la ville du Cap.<\/p>\n<div class=\"sc-482ou5-2 eOHevC image align-none\">\n<figure class=\"sc-1cbdeug-0 cpcmmN\">\n<div data-gallery-length=\"4\" class=\"sc-482ou5-0 jyAxLX\"><img decoding=\"async\" src=\"https:\/\/www.svalbard.fr\/actualites\/wp-content\/uploads\/2024\/09\/1726834803_227_Des-scientifiques-identifient-la-premiere-epidemie-de-rage-connue-chez.jpg\" srcset=\"https:\/\/www.svalbard.fr\/actualites\/wp-content\/uploads\/2024\/09\/1726834803_227_Des-scientifiques-identifient-la-premiere-epidemie-de-rage-connue-chez.jpg?quality=75&amp;width=320&amp;auto=webp 320w, https:\/\/www.svalbard.fr\/actualites\/wp-content\/uploads\/2024\/09\/1726834803_227_Des-scientifiques-identifient-la-premiere-epidemie-de-rage-connue-chez.jpg?quality=75&amp;width=640&amp;auto=webp 640w\" loading=\"lazy\" alt class=\"sc-1mc30lb-0 iSVhwZ inline-gallery-btn\" on=\"tap:auto-image-gallery,inline-image-carousel.goToSlide(index=2)\" tabindex=\"0\" role=\"button\" data-gallery-length=\"4\"><\/div><figcaption class=\"sc-1cbdeug-1 sc-1cbdeug-3 hiCdLa liXvvg\"><span class=\"sc-1cbdeug-7 izyooE\">(<!-- -->iStock \/ Getty<!-- -->)<\/span><\/figcaption><\/figure>\n<\/div>\n<p>Depuis trois ans, les autorit\u00e9s sont d\u00e9concert\u00e9es par les rapports faisant \u00e9tat de phoques excessivement agressifs et d&#39;une augmentation des attaques de phoques sur les humains, dont certains ont \u00e9t\u00e9 mordus. Aucun cas de rage humaine n&#39;a \u00e9t\u00e9 enregistr\u00e9 \u00e0 ce jour.<\/p>\n<div class=\"sc-1048kfq-0 ddbwjn\"><\/div>\n<p>Oelofse a d\u00e9clar\u00e9 que les autorit\u00e9s de la ville avaient commenc\u00e9 \u00e0 vacciner les petits groupes de phoques dans deux ports populaires du Cap, o\u00f9 ils sont consid\u00e9r\u00e9s comme une attraction.<\/p>\n<p>L&#39;un des tests positifs de rage a \u00e9t\u00e9 effectu\u00e9 sur une carcasse de phoque collect\u00e9e en ao\u00fbt 2022, ce qui signifie que la rage \u00e9tait pr\u00e9sente dans la population de phoques depuis au moins deux ans, a d\u00e9clar\u00e9 Oelofse.<\/p>\n<p>\u00ab Cela existe depuis bien plus longtemps que nous le pensions \u00bb, a-t-il d\u00e9clar\u00e9.<\/p>\n<p>Les experts estiment qu\u2019il subsiste encore de nombreuses inconnues.<\/p>\n<p>Il est difficile de pr\u00e9dire la dynamique de transmission \u00e0 long terme, a d\u00e9clar\u00e9 Dave Daigle, porte-parole des Centres am\u00e9ricains pour le contr\u00f4le et la pr\u00e9vention des maladies. Il a not\u00e9 des cas ant\u00e9rieurs de virus de la rage se retrouvant dans de nouveaux h\u00f4tes, puis s&#39;\u00e9teignant. En 2021, aux \u00c9tats-Unis, par exemple, les renards gris ont propag\u00e9 la variante du virus de la rage du raton laveur pendant deux ans, puis la transmission s&#39;est arr\u00eat\u00e9e.<\/p>\n<p>L&#39;agence de sant\u00e9 publique am\u00e9ricaine surveille la situation en Afrique du Sud, mais n&#39;a pas encore vu de \u00ab preuves claires qu&#39;il s&#39;agira d&#39;un probl\u00e8me \u00e0 long terme \u00bb, a d\u00e9clar\u00e9 Daigle.<\/p>\n<div class=\"sc-1048kfq-0 ddbwjn\"><\/div>\n<p>Une autre inconnue est de savoir si le vaccin sera efficace chez les phoques. Il n&#39;a jamais \u00e9t\u00e9 test\u00e9, mais les experts pensent qu&#39;il devrait fonctionner.<\/p>\n<p>Il y a aussi une question logistique, a d\u00e9clar\u00e9 Mme van Helden : comment vacciner un nombre important de phoques qui vivent en grande partie dans l&#39;oc\u00e9an et qui migrent le long d&#39;un littoral de plus de 3 500 kilom\u00e8tres de long. Les animaux terrestres peuvent \u00eatre vaccin\u00e9s en larguant des app\u00e2ts qui lib\u00e8rent des vaccins oraux lorsqu&#39;ils sont ing\u00e9r\u00e9s, mais les phoques ne mangent g\u00e9n\u00e9ralement que des poissons vivants, a-t-elle not\u00e9.<\/p>\n<div class=\"sc-482ou5-2 eOHevC image align-none\">\n<figure class=\"sc-1cbdeug-0 cpcmmN\">\n<div data-gallery-length=\"4\" class=\"sc-482ou5-0 bNEjri\"><img decoding=\"async\" src=\"https:\/\/www.svalbard.fr\/actualites\/wp-content\/uploads\/2024\/09\/1726834803_885_Des-scientifiques-identifient-la-premiere-epidemie-de-rage-connue-chez.jpg\" srcset=\"https:\/\/www.svalbard.fr\/actualites\/wp-content\/uploads\/2024\/09\/1726834803_885_Des-scientifiques-identifient-la-premiere-epidemie-de-rage-connue-chez.jpg?quality=75&amp;width=320&amp;auto=webp 320w, https:\/\/www.svalbard.fr\/actualites\/wp-content\/uploads\/2024\/09\/1726834803_885_Des-scientifiques-identifient-la-premiere-epidemie-de-rage-connue-chez.jpg?quality=75&amp;width=640&amp;auto=webp 640w\" loading=\"lazy\" alt=\"L&#39;Afrique du Sud attrape la rage\" class=\"sc-1mc30lb-0 iSVhwZ inline-gallery-btn\" on=\"tap:auto-image-gallery,inline-image-carousel.goToSlide(index=3)\" tabindex=\"0\" role=\"button\" data-gallery-length=\"4\"><\/div><figcaption class=\"sc-1cbdeug-1 sc-1cbdeug-3 hiCdLa liXvvg\">L&#39;Afrique du Sud attrape la rage<span class=\"sc-1cbdeug-7 izyooE\"> <!-- -->(<!-- -->Copyright 2024 The Associated Press. Tous droits r\u00e9serv\u00e9s.<!-- -->)<\/span><\/figcaption><\/figure>\n<\/div>\n<p>Les responsables sud-africains ont collabor\u00e9 avec des experts internationaux.<\/p>\n<div id=\"taboola-mid-article-thumbnails-iii\" class=\"sc-looa6c-0 jiCqOZ\"><\/div>\n<p>Le chercheur Hofmeyr, sp\u00e9cialiste des phoques, a d\u00e9clar\u00e9 que d&#39;autres esp\u00e8ces de phoques entrent en contact avec les otaries \u00e0 fourrure du Cap et se d\u00e9placent ensuite vers d&#39;autres parties du monde, ce qui constitue une source d&#39;inqui\u00e9tude quant \u00e0 une propagation ult\u00e9rieure.<\/p>\n<p>\u00ab Les chances que cela se produise sont tr\u00e8s faibles, mais les implications si cela se produit sont tr\u00e8s importantes \u00bb, a-t-il d\u00e9clar\u00e9.<\/p>\n","protected":false},"excerpt":{"rendered":"<p>Des tests effectu\u00e9s sur des otaries \u00e0 fourrure du Cap mortes en Afrique du Sud ont montr\u00e9 que certaines d&#39;entre elles \u00e9taient atteintes de la<\/p>\n","protected":false},"author":1,"featured_media":1387,"comment_status":"","ping_status":"","sticky":false,"template":"","format":"standard","meta":{"footnotes":""},"categories":[1],"tags":[912,1659,8,115,1657,3,1660,382,1658,93],"yoast_head":"<!-- This site is optimized with the Yoast SEO plugin v21.0 - https:\/\/yoast.com\/wordpress\/plugins\/seo\/ -->\n<title>Des scientifiques identifient la premi\u00e8re \u00e9pid\u00e9mie de rage connue chez les phoques<\/title>\n<meta name=\"robots\" content=\"index, follow, max-snippet:-1, max-image-preview:large, max-video-preview:-1\" \/>\n<link rel=\"canonical\" href=\"https:\/\/www.svalbard.fr\/actualites\/des-scientifiques-identifient-la-premiere-epidemie-de-rage-connue-chez-les-phoques\/\" \/>\n<meta property=\"og:locale\" content=\"fr_FR\" \/>\n<meta property=\"og:type\" content=\"article\" \/>\n<meta property=\"og:title\" content=\"Des scientifiques identifient la premi\u00e8re \u00e9pid\u00e9mie de rage connue chez les phoques\" \/>\n<meta property=\"og:description\" content=\"Des tests effectu\u00e9s sur des otaries \u00e0 fourrure du Cap mortes en Afrique du Sud ont montr\u00e9 que certaines d&#039;entre elles \u00e9taient atteintes de la\" \/>\n<meta property=\"og:url\" content=\"https:\/\/www.svalbard.fr\/actualites\/des-scientifiques-identifient-la-premiere-epidemie-de-rage-connue-chez-les-phoques\/\" \/>\n<meta property=\"og:site_name\" content=\"www.Svalbard.fr\" \/>\n<meta property=\"article:published_time\" content=\"2024-09-20T12:20:03+00:00\" \/>\n<meta property=\"og:image\" content=\"https:\/\/www.svalbard.fr\/actualites\/wp-content\/uploads\/2024\/09\/Des-scientifiques-identifient-la-premiere-epidemie-de-rage-connue-chez.jpg\" \/>\n<meta name=\"author\" content=\"Hilmar\" \/>\n<meta name=\"twitter:card\" content=\"summary_large_image\" \/>\n<meta name=\"twitter:label1\" content=\"\u00c9crit par\" \/>\n\t<meta name=\"twitter:data1\" content=\"Hilmar\" \/>\n\t<meta name=\"twitter:label2\" content=\"Dur\u00e9e de lecture estim\u00e9e\" \/>\n\t<meta name=\"twitter:data2\" content=\"6 minutes\" \/>\n<script type=\"application\/ld+json\" class=\"yoast-schema-graph\">{\"@context\":\"https:\/\/schema.org\",\"@graph\":[{\"@type\":\"Article\",\"@id\":\"https:\/\/www.svalbard.fr\/actualites\/des-scientifiques-identifient-la-premiere-epidemie-de-rage-connue-chez-les-phoques\/#article\",\"isPartOf\":{\"@id\":\"https:\/\/www.svalbard.fr\/actualites\/des-scientifiques-identifient-la-premiere-epidemie-de-rage-connue-chez-les-phoques\/\"},\"author\":{\"name\":\"Hilmar\",\"@id\":\"https:\/\/www.svalbard.fr\/actualites\/#\/schema\/person\/a2f937d5712222366738fae98755c600\"},\"headline\":\"Des scientifiques identifient la premi\u00e8re \u00e9pid\u00e9mie de rage connue chez les phoques\",\"datePublished\":\"2024-09-20T12:20:03+00:00\",\"dateModified\":\"2024-09-20T12:20:03+00:00\",\"mainEntityOfPage\":{\"@id\":\"https:\/\/www.svalbard.fr\/actualites\/des-scientifiques-identifient-la-premiere-epidemie-de-rage-connue-chez-les-phoques\/\"},\"wordCount\":1147,\"publisher\":{\"@id\":\"https:\/\/www.svalbard.fr\/actualites\/#organization\"},\"keywords\":[\"chez\",\"connue\",\"des\",\"\u00e9pid\u00e9mie\",\"identifient\",\"Les\",\"phoques\",\"premi\u00e8re\",\"rage\",\"scientifiques\"],\"articleSection\":[\"Svalbard\"],\"inLanguage\":\"fr-FR\"},{\"@type\":\"WebPage\",\"@id\":\"https:\/\/www.svalbard.fr\/actualites\/des-scientifiques-identifient-la-premiere-epidemie-de-rage-connue-chez-les-phoques\/\",\"url\":\"https:\/\/www.svalbard.fr\/actualites\/des-scientifiques-identifient-la-premiere-epidemie-de-rage-connue-chez-les-phoques\/\",\"name\":\"Des scientifiques identifient la premi\u00e8re \u00e9pid\u00e9mie de rage connue chez les phoques\",\"isPartOf\":{\"@id\":\"https:\/\/www.svalbard.fr\/actualites\/#website\"},\"datePublished\":\"2024-09-20T12:20:03+00:00\",\"dateModified\":\"2024-09-20T12:20:03+00:00\",\"breadcrumb\":{\"@id\":\"https:\/\/www.svalbard.fr\/actualites\/des-scientifiques-identifient-la-premiere-epidemie-de-rage-connue-chez-les-phoques\/#breadcrumb\"},\"inLanguage\":\"fr-FR\",\"potentialAction\":[{\"@type\":\"ReadAction\",\"target\":[\"https:\/\/www.svalbard.fr\/actualites\/des-scientifiques-identifient-la-premiere-epidemie-de-rage-connue-chez-les-phoques\/\"]}]},{\"@type\":\"BreadcrumbList\",\"@id\":\"https:\/\/www.svalbard.fr\/actualites\/des-scientifiques-identifient-la-premiere-epidemie-de-rage-connue-chez-les-phoques\/#breadcrumb\",\"itemListElement\":[{\"@type\":\"ListItem\",\"position\":1,\"name\":\"Accueil\",\"item\":\"https:\/\/www.svalbard.fr\/actualites\/\"},{\"@type\":\"ListItem\",\"position\":2,\"name\":\"Des scientifiques identifient la premi\u00e8re \u00e9pid\u00e9mie de rage connue chez les phoques\"}]},{\"@type\":\"WebSite\",\"@id\":\"https:\/\/www.svalbard.fr\/actualites\/#website\",\"url\":\"https:\/\/www.svalbard.fr\/actualites\/\",\"name\":\"www.Svalbard.fr\",\"description\":\"\",\"publisher\":{\"@id\":\"https:\/\/www.svalbard.fr\/actualites\/#organization\"},\"potentialAction\":[{\"@type\":\"SearchAction\",\"target\":{\"@type\":\"EntryPoint\",\"urlTemplate\":\"https:\/\/www.svalbard.fr\/actualites\/?s={search_term_string}\"},\"query-input\":\"required name=search_term_string\"}],\"inLanguage\":\"fr-FR\"},{\"@type\":\"Organization\",\"@id\":\"https:\/\/www.svalbard.fr\/actualites\/#organization\",\"name\":\"www.Svalbard.fr\",\"url\":\"https:\/\/www.svalbard.fr\/actualites\/\",\"logo\":{\"@type\":\"ImageObject\",\"inLanguage\":\"fr-FR\",\"@id\":\"https:\/\/www.svalbard.fr\/actualites\/#\/schema\/logo\/image\/\",\"url\":\"https:\/\/www.svalbard.fr\/actualites\/wp-content\/uploads\/2023\/09\/head-nom.jpg\",\"contentUrl\":\"https:\/\/www.svalbard.fr\/actualites\/wp-content\/uploads\/2023\/09\/head-nom.jpg\",\"width\":264,\"height\":35,\"caption\":\"www.Svalbard.fr\"},\"image\":{\"@id\":\"https:\/\/www.svalbard.fr\/actualites\/#\/schema\/logo\/image\/\"}},{\"@type\":\"Person\",\"@id\":\"https:\/\/www.svalbard.fr\/actualites\/#\/schema\/person\/a2f937d5712222366738fae98755c600\",\"name\":\"Hilmar\",\"image\":{\"@type\":\"ImageObject\",\"inLanguage\":\"fr-FR\",\"@id\":\"https:\/\/www.svalbard.fr\/actualites\/#\/schema\/person\/image\/\",\"url\":\"https:\/\/secure.gravatar.com\/avatar\/4daa437093476dbc32da415c112b6512?s=96&d=mm&r=g\",\"contentUrl\":\"https:\/\/secure.gravatar.com\/avatar\/4daa437093476dbc32da415c112b6512?s=96&d=mm&r=g\",\"caption\":\"Hilmar\"},\"description\":\"Hilmar est un passionn\u00e9 des r\u00e9gions polaires, sp\u00e9cialis\u00e9 dans la r\u00e9daction d'articles sur le Spitzberg et autres destinations arctiques. Il apporte son expertise et sa passion pour l'Arctique au sein de l'\u00e9quipe de r\u00e9daction de Svalbard depuis de nombreuses ann\u00e9es.\",\"sameAs\":[\"https:\/\/www.svalbard.fr\/\"]}]}<\/script>\n<!-- \/ Yoast SEO plugin. -->","yoast_head_json":{"title":"Des scientifiques identifient la premi\u00e8re \u00e9pid\u00e9mie de rage connue chez les phoques","robots":{"index":"index","follow":"follow","max-snippet":"max-snippet:-1","max-image-preview":"max-image-preview:large","max-video-preview":"max-video-preview:-1"},"canonical":"https:\/\/www.svalbard.fr\/actualites\/des-scientifiques-identifient-la-premiere-epidemie-de-rage-connue-chez-les-phoques\/","og_locale":"fr_FR","og_type":"article","og_title":"Des scientifiques identifient la premi\u00e8re \u00e9pid\u00e9mie de rage connue chez les phoques","og_description":"Des tests effectu\u00e9s sur des otaries \u00e0 fourrure du Cap mortes en Afrique du Sud ont montr\u00e9 que certaines d&#39;entre elles \u00e9taient atteintes de la","og_url":"https:\/\/www.svalbard.fr\/actualites\/des-scientifiques-identifient-la-premiere-epidemie-de-rage-connue-chez-les-phoques\/","og_site_name":"www.Svalbard.fr","article_published_time":"2024-09-20T12:20:03+00:00","og_image":[{"url":"https:\/\/www.svalbard.fr\/actualites\/wp-content\/uploads\/2024\/09\/Des-scientifiques-identifient-la-premiere-epidemie-de-rage-connue-chez.jpg"}],"author":"Hilmar","twitter_card":"summary_large_image","twitter_misc":{"\u00c9crit par":"Hilmar","Dur\u00e9e de lecture estim\u00e9e":"6 minutes"},"schema":{"@context":"https:\/\/schema.org","@graph":[{"@type":"Article","@id":"https:\/\/www.svalbard.fr\/actualites\/des-scientifiques-identifient-la-premiere-epidemie-de-rage-connue-chez-les-phoques\/#article","isPartOf":{"@id":"https:\/\/www.svalbard.fr\/actualites\/des-scientifiques-identifient-la-premiere-epidemie-de-rage-connue-chez-les-phoques\/"},"author":{"name":"Hilmar","@id":"https:\/\/www.svalbard.fr\/actualites\/#\/schema\/person\/a2f937d5712222366738fae98755c600"},"headline":"Des scientifiques identifient la premi\u00e8re \u00e9pid\u00e9mie de rage connue chez les phoques","datePublished":"2024-09-20T12:20:03+00:00","dateModified":"2024-09-20T12:20:03+00:00","mainEntityOfPage":{"@id":"https:\/\/www.svalbard.fr\/actualites\/des-scientifiques-identifient-la-premiere-epidemie-de-rage-connue-chez-les-phoques\/"},"wordCount":1147,"publisher":{"@id":"https:\/\/www.svalbard.fr\/actualites\/#organization"},"keywords":["chez","connue","des","\u00e9pid\u00e9mie","identifient","Les","phoques","premi\u00e8re","rage","scientifiques"],"articleSection":["Svalbard"],"inLanguage":"fr-FR"},{"@type":"WebPage","@id":"https:\/\/www.svalbard.fr\/actualites\/des-scientifiques-identifient-la-premiere-epidemie-de-rage-connue-chez-les-phoques\/","url":"https:\/\/www.svalbard.fr\/actualites\/des-scientifiques-identifient-la-premiere-epidemie-de-rage-connue-chez-les-phoques\/","name":"Des scientifiques identifient la premi\u00e8re \u00e9pid\u00e9mie de rage connue chez les phoques","isPartOf":{"@id":"https:\/\/www.svalbard.fr\/actualites\/#website"},"datePublished":"2024-09-20T12:20:03+00:00","dateModified":"2024-09-20T12:20:03+00:00","breadcrumb":{"@id":"https:\/\/www.svalbard.fr\/actualites\/des-scientifiques-identifient-la-premiere-epidemie-de-rage-connue-chez-les-phoques\/#breadcrumb"},"inLanguage":"fr-FR","potentialAction":[{"@type":"ReadAction","target":["https:\/\/www.svalbard.fr\/actualites\/des-scientifiques-identifient-la-premiere-epidemie-de-rage-connue-chez-les-phoques\/"]}]},{"@type":"BreadcrumbList","@id":"https:\/\/www.svalbard.fr\/actualites\/des-scientifiques-identifient-la-premiere-epidemie-de-rage-connue-chez-les-phoques\/#breadcrumb","itemListElement":[{"@type":"ListItem","position":1,"name":"Accueil","item":"https:\/\/www.svalbard.fr\/actualites\/"},{"@type":"ListItem","position":2,"name":"Des scientifiques identifient la premi\u00e8re \u00e9pid\u00e9mie de rage connue chez les phoques"}]},{"@type":"WebSite","@id":"https:\/\/www.svalbard.fr\/actualites\/#website","url":"https:\/\/www.svalbard.fr\/actualites\/","name":"www.Svalbard.fr","description":"","publisher":{"@id":"https:\/\/www.svalbard.fr\/actualites\/#organization"},"potentialAction":[{"@type":"SearchAction","target":{"@type":"EntryPoint","urlTemplate":"https:\/\/www.svalbard.fr\/actualites\/?s={search_term_string}"},"query-input":"required name=search_term_string"}],"inLanguage":"fr-FR"},{"@type":"Organization","@id":"https:\/\/www.svalbard.fr\/actualites\/#organization","name":"www.Svalbard.fr","url":"https:\/\/www.svalbard.fr\/actualites\/","logo":{"@type":"ImageObject","inLanguage":"fr-FR","@id":"https:\/\/www.svalbard.fr\/actualites\/#\/schema\/logo\/image\/","url":"https:\/\/www.svalbard.fr\/actualites\/wp-content\/uploads\/2023\/09\/head-nom.jpg","contentUrl":"https:\/\/www.svalbard.fr\/actualites\/wp-content\/uploads\/2023\/09\/head-nom.jpg","width":264,"height":35,"caption":"www.Svalbard.fr"},"image":{"@id":"https:\/\/www.svalbard.fr\/actualites\/#\/schema\/logo\/image\/"}},{"@type":"Person","@id":"https:\/\/www.svalbard.fr\/actualites\/#\/schema\/person\/a2f937d5712222366738fae98755c600","name":"Hilmar","image":{"@type":"ImageObject","inLanguage":"fr-FR","@id":"https:\/\/www.svalbard.fr\/actualites\/#\/schema\/person\/image\/","url":"https:\/\/secure.gravatar.com\/avatar\/4daa437093476dbc32da415c112b6512?s=96&d=mm&r=g","contentUrl":"https:\/\/secure.gravatar.com\/avatar\/4daa437093476dbc32da415c112b6512?s=96&d=mm&r=g","caption":"Hilmar"},"description":"Hilmar est un passionn\u00e9 des r\u00e9gions polaires, sp\u00e9cialis\u00e9 dans la r\u00e9daction d'articles sur le Spitzberg et autres destinations arctiques. Il apporte son expertise et sa passion pour l'Arctique au sein de l'\u00e9quipe de r\u00e9daction de Svalbard depuis de nombreuses ann\u00e9es.","sameAs":["https:\/\/www.svalbard.fr\/"]}]}},"_links":{"self":[{"href":"https:\/\/www.svalbard.fr\/actualites\/wp-json\/wp\/v2\/posts\/1386"}],"collection":[{"href":"https:\/\/www.svalbard.fr\/actualites\/wp-json\/wp\/v2\/posts"}],"about":[{"href":"https:\/\/www.svalbard.fr\/actualites\/wp-json\/wp\/v2\/types\/post"}],"author":[{"embeddable":true,"href":"https:\/\/www.svalbard.fr\/actualites\/wp-json\/wp\/v2\/users\/1"}],"replies":[{"embeddable":true,"href":"https:\/\/www.svalbard.fr\/actualites\/wp-json\/wp\/v2\/comments?post=1386"}],"version-history":[{"count":0,"href":"https:\/\/www.svalbard.fr\/actualites\/wp-json\/wp\/v2\/posts\/1386\/revisions"}],"wp:featuredmedia":[{"embeddable":true,"href":"https:\/\/www.svalbard.fr\/actualites\/wp-json\/wp\/v2\/media\/1387"}],"wp:attachment":[{"href":"https:\/\/www.svalbard.fr\/actualites\/wp-json\/wp\/v2\/media?parent=1386"}],"wp:term":[{"taxonomy":"category","embeddable":true,"href":"https:\/\/www.svalbard.fr\/actualites\/wp-json\/wp\/v2\/categories?post=1386"},{"taxonomy":"post_tag","embeddable":true,"href":"https:\/\/www.svalbard.fr\/actualites\/wp-json\/wp\/v2\/tags?post=1386"}],"curies":[{"name":"wp","href":"https:\/\/api.w.org\/{rel}","templated":true}]}}