{"id":1416,"date":"2024-10-01T13:19:14","date_gmt":"2024-10-01T11:19:14","guid":{"rendered":"https:\/\/www.svalbard.fr\/actualites\/statistiques-doslo-la-capitale-norvegienne-en-chiffres-mises-a-jour-pour-2024\/"},"modified":"2024-10-01T13:19:14","modified_gmt":"2024-10-01T11:19:14","slug":"statistiques-doslo-la-capitale-norvegienne-en-chiffres-mises-a-jour-pour-2024","status":"publish","type":"post","link":"https:\/\/www.svalbard.fr\/actualites\/statistiques-doslo-la-capitale-norvegienne-en-chiffres-mises-a-jour-pour-2024\/","title":{"rendered":"Statistiques d&#39;Oslo\u00a0: la capitale norv\u00e9gienne en chiffres (mises \u00e0 jour pour 2024)"},"content":{"rendered":"<div itemprop=\"text\">\n<div class=\"dpsp-post-pinterest-image-hidden\" style=\"display: none;\"><img data-lazyloaded=\"1\" decoding=\"async\" src=\"https:\/\/www.svalbard.fr\/actualites\/wp-content\/uploads\/2024\/10\/Statistiques-d39Oslo-la-capitale-norvegienne-en-chiffres-mises-a-jour.jpg\" data-pin-media=\"https:\/\/www.lifeinnorway.net\/wp-content\/uploads\/2021\/01\/LIN-Oslo-Stats.jpg\" data-pin-title=\"Oslo Stats\" data-pin-description=\"Norway's capital city in numbers. Stats, facts and figures from Oslo, Norway.\" alt=\"\u00c9pingle de statistiques d\u2019Oslo\" class=\"dpsp-post-pinterest-image-hidden-inner  dpsp-post-pinterest-image-hidden-single\" loading=\"lazy\"><noscript><img decoding=\"async\" src=\"https:\/\/www.svalbard.fr\/actualites\/wp-content\/uploads\/2024\/10\/Statistiques-d39Oslo-la-capitale-norvegienne-en-chiffres-mises-a-jour.jpg\" data-pin-media=\"https:\/\/www.lifeinnorway.net\/wp-content\/uploads\/2021\/01\/LIN-Oslo-Stats.jpg\" data-pin-title=\"Oslo Stats\" data-pin-description=\"Norway's capital city in numbers. Stats, facts and figures from Oslo, Norway.\" alt=\"\u00c9pingle de statistiques d\u2019Oslo\" class=\"dpsp-post-pinterest-image-hidden-inner  dpsp-post-pinterest-image-hidden-single\" loading=\"lazy\"><\/noscript><\/div>\n<p><span id=\"dpsp-post-content-markup\" data-image-pin-it=\"false\"><\/span><\/p>\n<p class=\"intro\">Consultez ces statistiques d&#39;Oslo qui dressent un tableau de la vie dans la capitale norv\u00e9gienne.<\/p>\n<p>De nombreuses personnes dans le monde sont fascin\u00e9es par la Scandinavie, ou du moins par l\u2019id\u00e9e de la Scandinavie. Mais \u00e0 quoi ressemble vraiment la vie dans une ville scandinave, en particulier \u00e0 Oslo, la capitale de la Norv\u00e8ge ?<\/p>\n<figure class=\"wp-block-image size-large\"><img data-lazyloaded=\"1\" data-placeholder-resp=\"768x432\" fetchpriority=\"high\" decoding=\"async\" width=\"768\" height=\"432\" src=\"https:\/\/www.svalbard.fr\/actualites\/wp-content\/uploads\/2024\/10\/1727781553_87_Statistiques-d39Oslo-la-capitale-norvegienne-en-chiffres-mises-a-jour.jpg\" alt=\"Palais Royal \u00e0 Oslo. Photo : David Nikel.\" class=\"wp-image-82136\"  data-><noscript><img fetchpriority=\"high\" decoding=\"async\" width=\"768\" height=\"432\" src=\"https:\/\/www.svalbard.fr\/actualites\/wp-content\/uploads\/2024\/10\/1727781553_87_Statistiques-d39Oslo-la-capitale-norvegienne-en-chiffres-mises-a-jour.jpg\" alt=\"Palais Royal \u00e0 Oslo. Photo : David Nikel.\" class=\"wp-image-82136\"  ><\/noscript><\/figure>\n<p>Une fa\u00e7on de comprendre une ville est d\u2019examiner les chiffres. Bien s\u00fbr, les faits et les chiffres ne peuvent jamais raconter toute l\u2019histoire, mais ils aident \u00e0 mettre une ville en perspective avec d\u2019autres dans le monde.<\/p>\n<p>Nous avons d\u00e9j\u00e0 examin\u00e9 certaines statistiques de la Norv\u00e8ge, qui se sont r\u00e9v\u00e9l\u00e9es tr\u00e8s populaires. Cette fois, nous plongeons dans les d\u00e9tails de la capitale norv\u00e9gienne, Oslo, avec l&#39;aide de Statistisk sentralbyr\u00e5 et d&#39;Oslo kommune.<\/p>\n<h2 class=\"wp-block-heading\"><span class=\"ez-toc-section\" id=\"Population_of_Oslo\"><\/span>Population d&#39;Oslo<span class=\"ez-toc-section-end\"><\/span><\/h2>\n<p>La population de la municipalit\u00e9 d&#39;Oslo est <strong>720 568<\/strong> au deuxi\u00e8me trimestre 2024. Cela repr\u00e9sente une augmentation de plus de 23 000 au cours des quatre derni\u00e8res ann\u00e9es. C&#39;est aussi <strong>environ 13%<\/strong> de la population norv\u00e9gienne.<\/p>\n<p>D&#39;o\u00f9 vient cette augmentation ? En 2023, il y a eu 8\u00a0561 naissances contre 4\u00a0020 d\u00e9c\u00e8s dans la municipalit\u00e9 d\u2019Oslo. Il y a \u00e9galement eu une migration nette de 4 218 personnes.<\/p>\n<p>Mais la zone urbaine d\u2019Oslo au sens large s\u2019\u00e9tend bien au-del\u00e0 des limites de la municipalit\u00e9 et s\u2019\u00e9tend sur certaines parties du comt\u00e9 d\u2019Akershus. La zone urbaine totale d\u00e9passe un million d&#39;habitants et est souvent appel\u00e9e la \u00ab r\u00e9gion d&#39;Oslo \u00bb.<\/p>\n<p>La population d&#39;Oslo devrait atteindre 748 000 habitants d&#39;ici 2030 et 817 000 habitants d&#39;ici 2050.<\/p>\n<h2 class=\"wp-block-heading\"><span class=\"ez-toc-section\" id=\"Oslo_Immigration_Stats\"><\/span>Statistiques sur l&#39;immigration \u00e0 Oslo<span class=\"ez-toc-section-end\"><\/span><\/h2>\n<p>14 % de la population norv\u00e9gienne sont des immigr\u00e9s, ce chiffre s&#39;\u00e9l\u00e8ve \u00e0 17,3 % si l&#39;on inclut les Norv\u00e9giens n\u00e9s de parents immigr\u00e9s.<\/p>\n<p>Mais il s\u2019agit d\u2019une moyenne nationale, et les chiffres \u00e0 Oslo sont bien plus \u00e9lev\u00e9s. Environ 33 % de la population d&#39;Oslo sont des immigr\u00e9s ou des Norv\u00e9giens n\u00e9s de parents immigr\u00e9s.<\/p>\n<figure class=\"wp-block-image size-full\"><img loading=\"lazy\" data-lazyloaded=\"1\" data-placeholder-resp=\"702x1000\" decoding=\"async\" width=\"702\" height=\"1000\" src=\"https:\/\/www.svalbard.fr\/actualites\/wp-content\/uploads\/2024\/10\/1727781553_27_Statistiques-d39Oslo-la-capitale-norvegienne-en-chiffres-mises-a-jour.jpg\" alt=\"Sculpture de personnes \u00e0 Aker Brygge \u00e0 Oslo, Norv\u00e8ge\" class=\"wp-image-61659\"  data-><noscript><img loading=\"lazy\" decoding=\"async\" width=\"702\" height=\"1000\" src=\"https:\/\/www.svalbard.fr\/actualites\/wp-content\/uploads\/2024\/10\/1727781553_27_Statistiques-d39Oslo-la-capitale-norvegienne-en-chiffres-mises-a-jour.jpg\" alt=\"Sculpture de personnes \u00e0 Aker Brygge \u00e0 Oslo, Norv\u00e8ge\" class=\"wp-image-61659\"  ><\/noscript><\/figure>\n<p>Oslo a connu des changements significatifs dans la taille et la composition des immigrants au cours des derni\u00e8res d\u00e9cennies, notamment apr\u00e8s les \u00e9largissements de l&#39;EEE.<\/p>\n<p>Parmi la population d&#39;Oslo issue de l&#39;immigration, la plupart viennent du Pakistan, de Somalie, de Pologne, de Su\u00e8de et d&#39;Irak. Les dix premiers sont l\u2019\u00c9rythr\u00e9e, la Syrie, l\u2019Ukraine, l\u2019Allemagne et la Lituanie.<\/p>\n<h2 class=\"wp-block-heading\"><span class=\"ez-toc-section\" id=\"Oslo_Travel_Stats\"><\/span>Statistiques de voyage \u00e0 Oslo<span class=\"ez-toc-section-end\"><\/span><\/h2>\n<p>Les statistiques de voyage racontent une histoire int\u00e9ressante sur les villes et les lieux \u00e0 la mode. Bien entendu, les \u00e9v\u00e9nements de 2020 ont sem\u00e9 le chaos dans l\u2019industrie du voyage.<\/p>\n<p>Avant cela, la croissance d&#39;Oslo en tant que destination touristique se portait tr\u00e8s bien. Dans cette section, nous nous concentrerons sur les statistiques du rapport sur le tourisme 2019 d&#39;Innovation Norv\u00e8ge, publi\u00e9 d\u00e9but 2020.<\/p>\n<p>Le rapport montre qu&#39;Oslo se situe au deuxi\u00e8me rang derri\u00e8re la r\u00e9gion des fjords en termes de visiteurs \u00e9trangers. 53 % ont visit\u00e9 les fjords norv\u00e9giens, tandis que 52 % ont s\u00e9journ\u00e9 dans la r\u00e9gion d&#39;Oslo.<\/p>\n<p>Les chiffres sont plus faibles pour les touristes nationaux, mais les fjords et Oslo arrivent toujours en premi\u00e8re et deuxi\u00e8me position. Pour les Norv\u00e9giens, 25 % visitent les fjords et 21 % choisissent la r\u00e9gion de la capitale.<\/p>\n<p>Dans la r\u00e9gion d&#39;Oslo, le plus grand pourcentage de touristes internationaux vient de Su\u00e8de et du Danemark (14 % combin\u00e9s), suivis de l&#39;Allemagne (11 %), des \u00c9tats-Unis (10 %), de la France (6 %) et des Pays-Bas (5 %). Parmi les visiteurs restants, plus de la moiti\u00e9 viennent d\u2019autres pays europ\u00e9ens.<\/p>\n<p>Une enqu\u00eate men\u00e9e en 2023 aupr\u00e8s des habitants d&#39;Oslo a r\u00e9v\u00e9l\u00e9 ce qui suit\u00a0:<\/p>\n<ul class=\"wp-block-list\">\n<li><strong>3 habitants sur 4 \u00e0 Oslo<\/strong> je n&#39;ai aucun probl\u00e8me avec le tourisme<\/li>\n<li><strong>82%<\/strong> estiment qu&#39;Oslo devrait continuer \u00e0 se commercialiser pour attirer davantage de visiteurs<\/li>\n<li>Sur <strong>70%<\/strong> des habitants d&#39;Oslo sont fiers et accueillants lorsque leurs amis et leur famille, nationaux et internationaux, leur rendent visite<\/li>\n<\/ul>\n<h2 class=\"wp-block-heading\"><span class=\"ez-toc-section\" id=\"Land_Use_in_Oslo\"><\/span>Utilisation des terres \u00e0 Oslo<span class=\"ez-toc-section-end\"><\/span><\/h2>\n<p>Le centre-ville d&#39;Oslo se trouve au bout du fjord d&#39;Oslo. De l\u00e0, la ville s\u2019\u00e9tend des deux c\u00f4t\u00e9s du fjord et \u00e0 l\u2019int\u00e9rieur des terres vers le nord-est. Les collines bois\u00e9es au nord et \u00e0 l\u2019est donnent \u00e0 la ville une impression d\u2019amphith\u00e9\u00e2tre.<\/p>\n<figure class=\"wp-block-image size-medium_large\"><img loading=\"lazy\" data-lazyloaded=\"1\" data-placeholder-resp=\"768x513\" decoding=\"async\" width=\"768\" height=\"513\" src=\"https:\/\/www.svalbard.fr\/actualites\/wp-content\/uploads\/2024\/10\/1727781553_940_Statistiques-d39Oslo-la-capitale-norvegienne-en-chiffres-mises-a-jour.jpg\" alt=\"Un panorama de la ville verte d&#39;Oslo, Norv\u00e8ge\" class=\"wp-image-61660\"  data-><noscript><img loading=\"lazy\" decoding=\"async\" width=\"768\" height=\"513\" src=\"https:\/\/www.svalbard.fr\/actualites\/wp-content\/uploads\/2024\/10\/1727781553_940_Statistiques-d39Oslo-la-capitale-norvegienne-en-chiffres-mises-a-jour.jpg\" alt=\"Un panorama de la ville verte d&#39;Oslo, Norv\u00e8ge\" class=\"wp-image-61660\"  ><\/noscript><\/figure>\n<p>Sur la superficie totale d&#39;Oslo, 130 km<sup>2<\/sup> (50 miles carr\u00e9s) est b\u00e2ti et 7 km<sup>2<\/sup> (2,7 miles carr\u00e9s) est agricole. Au sein de la zone b\u00e2tie, les zones ouvertes repr\u00e9sentent 22 km<sup>2<\/sup> (8,5 milles carr\u00e9s).<\/p>\n<h2 class=\"wp-block-heading\"><span class=\"ez-toc-section\" id=\"Climate_Stats_in_Oslo\"><\/span>Stats climatiques \u00e0 Oslo<span class=\"ez-toc-section-end\"><\/span><\/h2>\n<p>La classification climatique d&#39;Oslo est un climat continental humide, ce qui signifie des \u00e9t\u00e9s chauds et des hivers froids. Cependant, les hivers sont moins froids que dans d\u2019autres zones continentales situ\u00e9es \u00e0 la m\u00eame latitude en raison des influences oc\u00e9aniques.<\/p>\n<p>Alors, que pouvez-vous attendre de la m\u00e9t\u00e9o \u00e0 Oslo ? Eh bien, la temp\u00e9rature record enregistr\u00e9e \u00e0 la station m\u00e9t\u00e9orologique de Blindern \u00e0 Oslo est de 35\u00b0C\/95F. Le minimum record est de -26C\/-14,8F.<\/p>\n<p>En moyenne, la ville re\u00e7oit quelques pr\u00e9cipitations 114 jours par an. Les pr\u00e9cipitations annuelles moyennes totales sont de 802,7 mm\/31,6 pouces.<\/p>\n<p>Le mois le plus chaud est g\u00e9n\u00e9ralement juillet, avec une temp\u00e9rature moyenne de 17,7 \u00b0C\/63,9 \u00b0F. Le mois le plus froid est g\u00e9n\u00e9ralement janvier, avec une temp\u00e9rature moyenne de -2,9C\/26,8F.<\/p>\n<p>Au cours d&#39;une ann\u00e9e typique, la temp\u00e9rature moyenne est inf\u00e9rieure \u00e0 z\u00e9ro en d\u00e9cembre, janvier et f\u00e9vrier.<\/p>\n<h2 class=\"wp-block-heading\"><span class=\"ez-toc-section\" id=\"Waste_and_Recycling_Stats_in_Oslo\"><\/span>Statistiques sur les d\u00e9chets et le recyclage \u00e0 Oslo<span class=\"ez-toc-section-end\"><\/span><\/h2>\n<p>Malgr\u00e9 l\u2019augmentation de la consommation et la croissance \u00e9conomique g\u00e9n\u00e9rale, les d\u00e9chets m\u00e9nagers ont diminu\u00e9 ces derni\u00e8res ann\u00e9es.<\/p>\n<p>Le total des d\u00e9chets r\u00e9siduels (kilos par habitant pour la r\u00e9cup\u00e9ration d&#39;\u00e9nergie et la mise en d\u00e9charge) a diminu\u00e9 de <strong>162,5 kg<\/strong> en 2022 pour <strong>156,6 kg<\/strong> en 2023, sous l\u2019objectif de 170 kilos, marquant une tendance positive.<\/p>\n<p>La part des d\u00e9chets m\u00e9nagers destin\u00e9s au recyclage mati\u00e8re a l\u00e9g\u00e8rement diminu\u00e9 par rapport \u00e0 <strong>42%<\/strong> en 2022 pour <strong>41%<\/strong> en 2023, manquant l\u2019objectif de 42 %. Il s&#39;agit n\u00e9anmoins d&#39;une augmentation d&#39;environ 15 % par rapport \u00e0 2004.<\/p>\n<figure class=\"wp-block-image size-medium_large\"><img loading=\"lazy\" data-lazyloaded=\"1\" data-placeholder-resp=\"768x1024\" decoding=\"async\" width=\"768\" height=\"1024\" src=\"https:\/\/www.svalbard.fr\/actualites\/wp-content\/uploads\/2024\/10\/1727781554_609_Statistiques-d39Oslo-la-capitale-norvegienne-en-chiffres-mises-a-jour.jpg\" alt=\"Appartements \u00e0 Aker Brygge le soir\" class=\"wp-image-62128\"  data-><noscript><img loading=\"lazy\" decoding=\"async\" width=\"768\" height=\"1024\" src=\"https:\/\/www.svalbard.fr\/actualites\/wp-content\/uploads\/2024\/10\/1727781554_609_Statistiques-d39Oslo-la-capitale-norvegienne-en-chiffres-mises-a-jour.jpg\" alt=\"Appartements \u00e0 Aker Brygge le soir\" class=\"wp-image-62128\"  ><\/noscript><\/figure>\n<p>Il y a eu une baisse constante du gaspillage alimentaire, de <strong>27,2 kg<\/strong> en 2019 \u00e0 <strong>21,6 kg<\/strong> en 2023. La quantit\u00e9 de plastiques non tri\u00e9s a l\u00e9g\u00e8rement fluctu\u00e9 mais g\u00e9n\u00e9ralement en diminution. C&#39;\u00e9tait <strong>3,8kg<\/strong> en 2019, est tomb\u00e9 \u00e0 <strong>3,5 kg<\/strong> en 2020, et s&#39;est termin\u00e9 \u00e0 <strong>3,6 kg<\/strong> en 2023.<\/p>\n<p>La ville a \u00e9galement utilis\u00e9 des usines de valorisation \u00e9nerg\u00e9tique pour r\u00e9cup\u00e9rer l\u2019\u00e9nergie des d\u00e9chets m\u00e9nagers. En 2018, 57 % des d\u00e9chets m\u00e9nagers ont \u00e9t\u00e9 envoy\u00e9s vers ces centrales, g\u00e9n\u00e9rant suffisamment d\u2019\u00e9lectricit\u00e9 pour alimenter toutes les \u00e9coles de la ville.<\/p>\n<p>La chaleur exc\u00e9dentaire produite par le processus est ajout\u00e9e au r\u00e9seau de chauffage urbain de la ville.<\/p>\n<h2 class=\"wp-block-heading\"><span class=\"ez-toc-section\" id=\"Air_Quality_in_Oslo\"><\/span>Qualit\u00e9 de l&#39;air \u00e0 Oslo<span class=\"ez-toc-section-end\"><\/span><\/h2>\n<p>La qualit\u00e9 de l&#39;air s&#39;est am\u00e9lior\u00e9e \u00e0 Oslo au cours des derni\u00e8res d\u00e9cennies malgr\u00e9 une augmentation de la population. Cela est principalement d\u00fb \u00e0 l&#39;introduction de taxes sur les pneus clout\u00e9s, aux limitations de vitesse environnementales et aux mesures de pr\u00e9vention de la poussi\u00e8re des routes.<\/p>\n<p>En 2016, les lois sur les limites de particules en suspension dans l\u2019air ont \u00e9t\u00e9 rendues plus strictes. En cons\u00e9quence, le conseil municipal d&#39;Oslo a fix\u00e9 des objectifs ambitieux, inf\u00e9rieurs aux limites sugg\u00e9r\u00e9es par les autorit\u00e9s sanitaires.<\/p>\n<p>De nos jours, l&#39;utilisation de fours \u00e0 bois pendant les p\u00e9riodes s\u00e8ches et froides de l&#39;hiver est principalement responsable des d\u00e9passements des limites journali\u00e8res de qualit\u00e9 de l&#39;air. Vous pouvez trouver des faits et des chiffres d\u00e9taill\u00e9s sur la qualit\u00e9 de l\u2019air \u00e0 Oslo ici.<\/p>\n<\/div>\n","protected":false},"excerpt":{"rendered":"<p>Consultez ces statistiques d&#39;Oslo qui dressent un tableau de la vie dans la capitale norv\u00e9gienne. De nombreuses personnes dans le monde sont fascin\u00e9es par la<\/p>\n","protected":false},"author":1,"featured_media":1417,"comment_status":"","ping_status":"","sticky":false,"template":"","format":"standard","meta":{"footnotes":""},"categories":[1],"tags":[585,575,1300,632,1680,277,150,705],"yoast_head":"<!-- This site is optimized with the Yoast SEO plugin v21.0 - https:\/\/yoast.com\/wordpress\/plugins\/seo\/ -->\n<title>Statistiques d&#039;Oslo\u00a0: la capitale norv\u00e9gienne en chiffres (mises \u00e0 jour pour 2024)<\/title>\n<meta name=\"robots\" content=\"index, follow, max-snippet:-1, max-image-preview:large, max-video-preview:-1\" \/>\n<link rel=\"canonical\" href=\"https:\/\/www.svalbard.fr\/actualites\/statistiques-doslo-la-capitale-norvegienne-en-chiffres-mises-a-jour-pour-2024\/\" \/>\n<meta property=\"og:locale\" content=\"fr_FR\" \/>\n<meta property=\"og:type\" content=\"article\" \/>\n<meta property=\"og:title\" content=\"Statistiques d&#039;Oslo\u00a0: la capitale norv\u00e9gienne en chiffres (mises \u00e0 jour pour 2024)\" \/>\n<meta property=\"og:description\" content=\"Consultez ces statistiques d&#039;Oslo qui dressent un tableau de la vie dans la capitale norv\u00e9gienne. De nombreuses personnes dans le monde sont fascin\u00e9es par la\" \/>\n<meta property=\"og:url\" content=\"https:\/\/www.svalbard.fr\/actualites\/statistiques-doslo-la-capitale-norvegienne-en-chiffres-mises-a-jour-pour-2024\/\" \/>\n<meta property=\"og:site_name\" content=\"www.Svalbard.fr\" \/>\n<meta property=\"article:published_time\" content=\"2024-10-01T11:19:14+00:00\" \/>\n<meta property=\"og:image\" content=\"https:\/\/www.svalbard.fr\/actualites\/wp-content\/uploads\/2024\/10\/Statistiques-d39Oslo-la-capitale-norvegienne-en-chiffres-mises-a-jour.jpg\" \/>\n<meta name=\"author\" content=\"Hilmar\" \/>\n<meta name=\"twitter:card\" content=\"summary_large_image\" \/>\n<meta name=\"twitter:label1\" content=\"\u00c9crit par\" \/>\n\t<meta name=\"twitter:data1\" content=\"Hilmar\" \/>\n\t<meta name=\"twitter:label2\" content=\"Dur\u00e9e de lecture estim\u00e9e\" \/>\n\t<meta name=\"twitter:data2\" content=\"7 minutes\" \/>\n<script type=\"application\/ld+json\" class=\"yoast-schema-graph\">{\"@context\":\"https:\/\/schema.org\",\"@graph\":[{\"@type\":\"Article\",\"@id\":\"https:\/\/www.svalbard.fr\/actualites\/statistiques-doslo-la-capitale-norvegienne-en-chiffres-mises-a-jour-pour-2024\/#article\",\"isPartOf\":{\"@id\":\"https:\/\/www.svalbard.fr\/actualites\/statistiques-doslo-la-capitale-norvegienne-en-chiffres-mises-a-jour-pour-2024\/\"},\"author\":{\"name\":\"Hilmar\",\"@id\":\"https:\/\/www.svalbard.fr\/actualites\/#\/schema\/person\/a2f937d5712222366738fae98755c600\"},\"headline\":\"Statistiques d&#39;Oslo\u00a0: la capitale norv\u00e9gienne en chiffres (mises \u00e0 jour pour 2024)\",\"datePublished\":\"2024-10-01T11:19:14+00:00\",\"dateModified\":\"2024-10-01T11:19:14+00:00\",\"mainEntityOfPage\":{\"@id\":\"https:\/\/www.svalbard.fr\/actualites\/statistiques-doslo-la-capitale-norvegienne-en-chiffres-mises-a-jour-pour-2024\/\"},\"wordCount\":1332,\"publisher\":{\"@id\":\"https:\/\/www.svalbard.fr\/actualites\/#organization\"},\"keywords\":[\"capitale\",\"chiffres\",\"d39Oslo\",\"jour\",\"mises\",\"norv\u00e9gienne\",\"pour\",\"Statistiques\"],\"articleSection\":[\"Svalbard\"],\"inLanguage\":\"fr-FR\"},{\"@type\":\"WebPage\",\"@id\":\"https:\/\/www.svalbard.fr\/actualites\/statistiques-doslo-la-capitale-norvegienne-en-chiffres-mises-a-jour-pour-2024\/\",\"url\":\"https:\/\/www.svalbard.fr\/actualites\/statistiques-doslo-la-capitale-norvegienne-en-chiffres-mises-a-jour-pour-2024\/\",\"name\":\"Statistiques d&#39;Oslo\u00a0: la capitale norv\u00e9gienne en chiffres (mises \u00e0 jour pour 2024)\",\"isPartOf\":{\"@id\":\"https:\/\/www.svalbard.fr\/actualites\/#website\"},\"datePublished\":\"2024-10-01T11:19:14+00:00\",\"dateModified\":\"2024-10-01T11:19:14+00:00\",\"breadcrumb\":{\"@id\":\"https:\/\/www.svalbard.fr\/actualites\/statistiques-doslo-la-capitale-norvegienne-en-chiffres-mises-a-jour-pour-2024\/#breadcrumb\"},\"inLanguage\":\"fr-FR\",\"potentialAction\":[{\"@type\":\"ReadAction\",\"target\":[\"https:\/\/www.svalbard.fr\/actualites\/statistiques-doslo-la-capitale-norvegienne-en-chiffres-mises-a-jour-pour-2024\/\"]}]},{\"@type\":\"BreadcrumbList\",\"@id\":\"https:\/\/www.svalbard.fr\/actualites\/statistiques-doslo-la-capitale-norvegienne-en-chiffres-mises-a-jour-pour-2024\/#breadcrumb\",\"itemListElement\":[{\"@type\":\"ListItem\",\"position\":1,\"name\":\"Accueil\",\"item\":\"https:\/\/www.svalbard.fr\/actualites\/\"},{\"@type\":\"ListItem\",\"position\":2,\"name\":\"Statistiques d&#39;Oslo\u00a0: la capitale norv\u00e9gienne en chiffres (mises \u00e0 jour pour 2024)\"}]},{\"@type\":\"WebSite\",\"@id\":\"https:\/\/www.svalbard.fr\/actualites\/#website\",\"url\":\"https:\/\/www.svalbard.fr\/actualites\/\",\"name\":\"www.Svalbard.fr\",\"description\":\"\",\"publisher\":{\"@id\":\"https:\/\/www.svalbard.fr\/actualites\/#organization\"},\"potentialAction\":[{\"@type\":\"SearchAction\",\"target\":{\"@type\":\"EntryPoint\",\"urlTemplate\":\"https:\/\/www.svalbard.fr\/actualites\/?s={search_term_string}\"},\"query-input\":\"required name=search_term_string\"}],\"inLanguage\":\"fr-FR\"},{\"@type\":\"Organization\",\"@id\":\"https:\/\/www.svalbard.fr\/actualites\/#organization\",\"name\":\"www.Svalbard.fr\",\"url\":\"https:\/\/www.svalbard.fr\/actualites\/\",\"logo\":{\"@type\":\"ImageObject\",\"inLanguage\":\"fr-FR\",\"@id\":\"https:\/\/www.svalbard.fr\/actualites\/#\/schema\/logo\/image\/\",\"url\":\"https:\/\/www.svalbard.fr\/actualites\/wp-content\/uploads\/2023\/09\/head-nom.jpg\",\"contentUrl\":\"https:\/\/www.svalbard.fr\/actualites\/wp-content\/uploads\/2023\/09\/head-nom.jpg\",\"width\":264,\"height\":35,\"caption\":\"www.Svalbard.fr\"},\"image\":{\"@id\":\"https:\/\/www.svalbard.fr\/actualites\/#\/schema\/logo\/image\/\"}},{\"@type\":\"Person\",\"@id\":\"https:\/\/www.svalbard.fr\/actualites\/#\/schema\/person\/a2f937d5712222366738fae98755c600\",\"name\":\"Hilmar\",\"image\":{\"@type\":\"ImageObject\",\"inLanguage\":\"fr-FR\",\"@id\":\"https:\/\/www.svalbard.fr\/actualites\/#\/schema\/person\/image\/\",\"url\":\"https:\/\/secure.gravatar.com\/avatar\/4daa437093476dbc32da415c112b6512?s=96&d=mm&r=g\",\"contentUrl\":\"https:\/\/secure.gravatar.com\/avatar\/4daa437093476dbc32da415c112b6512?s=96&d=mm&r=g\",\"caption\":\"Hilmar\"},\"description\":\"Hilmar est un passionn\u00e9 des r\u00e9gions polaires, sp\u00e9cialis\u00e9 dans la r\u00e9daction d'articles sur le Spitzberg et autres destinations arctiques. Il apporte son expertise et sa passion pour l'Arctique au sein de l'\u00e9quipe de r\u00e9daction de Svalbard depuis de nombreuses ann\u00e9es.\",\"sameAs\":[\"https:\/\/www.svalbard.fr\/\"]}]}<\/script>\n<!-- \/ Yoast SEO plugin. -->","yoast_head_json":{"title":"Statistiques d&#39;Oslo\u00a0: la capitale norv\u00e9gienne en chiffres (mises \u00e0 jour pour 2024)","robots":{"index":"index","follow":"follow","max-snippet":"max-snippet:-1","max-image-preview":"max-image-preview:large","max-video-preview":"max-video-preview:-1"},"canonical":"https:\/\/www.svalbard.fr\/actualites\/statistiques-doslo-la-capitale-norvegienne-en-chiffres-mises-a-jour-pour-2024\/","og_locale":"fr_FR","og_type":"article","og_title":"Statistiques d&#39;Oslo\u00a0: la capitale norv\u00e9gienne en chiffres (mises \u00e0 jour pour 2024)","og_description":"Consultez ces statistiques d&#39;Oslo qui dressent un tableau de la vie dans la capitale norv\u00e9gienne. De nombreuses personnes dans le monde sont fascin\u00e9es par la","og_url":"https:\/\/www.svalbard.fr\/actualites\/statistiques-doslo-la-capitale-norvegienne-en-chiffres-mises-a-jour-pour-2024\/","og_site_name":"www.Svalbard.fr","article_published_time":"2024-10-01T11:19:14+00:00","og_image":[{"url":"https:\/\/www.svalbard.fr\/actualites\/wp-content\/uploads\/2024\/10\/Statistiques-d39Oslo-la-capitale-norvegienne-en-chiffres-mises-a-jour.jpg"}],"author":"Hilmar","twitter_card":"summary_large_image","twitter_misc":{"\u00c9crit par":"Hilmar","Dur\u00e9e de lecture estim\u00e9e":"7 minutes"},"schema":{"@context":"https:\/\/schema.org","@graph":[{"@type":"Article","@id":"https:\/\/www.svalbard.fr\/actualites\/statistiques-doslo-la-capitale-norvegienne-en-chiffres-mises-a-jour-pour-2024\/#article","isPartOf":{"@id":"https:\/\/www.svalbard.fr\/actualites\/statistiques-doslo-la-capitale-norvegienne-en-chiffres-mises-a-jour-pour-2024\/"},"author":{"name":"Hilmar","@id":"https:\/\/www.svalbard.fr\/actualites\/#\/schema\/person\/a2f937d5712222366738fae98755c600"},"headline":"Statistiques d&#39;Oslo\u00a0: la capitale norv\u00e9gienne en chiffres (mises \u00e0 jour pour 2024)","datePublished":"2024-10-01T11:19:14+00:00","dateModified":"2024-10-01T11:19:14+00:00","mainEntityOfPage":{"@id":"https:\/\/www.svalbard.fr\/actualites\/statistiques-doslo-la-capitale-norvegienne-en-chiffres-mises-a-jour-pour-2024\/"},"wordCount":1332,"publisher":{"@id":"https:\/\/www.svalbard.fr\/actualites\/#organization"},"keywords":["capitale","chiffres","d39Oslo","jour","mises","norv\u00e9gienne","pour","Statistiques"],"articleSection":["Svalbard"],"inLanguage":"fr-FR"},{"@type":"WebPage","@id":"https:\/\/www.svalbard.fr\/actualites\/statistiques-doslo-la-capitale-norvegienne-en-chiffres-mises-a-jour-pour-2024\/","url":"https:\/\/www.svalbard.fr\/actualites\/statistiques-doslo-la-capitale-norvegienne-en-chiffres-mises-a-jour-pour-2024\/","name":"Statistiques d&#39;Oslo\u00a0: la capitale norv\u00e9gienne en chiffres (mises \u00e0 jour pour 2024)","isPartOf":{"@id":"https:\/\/www.svalbard.fr\/actualites\/#website"},"datePublished":"2024-10-01T11:19:14+00:00","dateModified":"2024-10-01T11:19:14+00:00","breadcrumb":{"@id":"https:\/\/www.svalbard.fr\/actualites\/statistiques-doslo-la-capitale-norvegienne-en-chiffres-mises-a-jour-pour-2024\/#breadcrumb"},"inLanguage":"fr-FR","potentialAction":[{"@type":"ReadAction","target":["https:\/\/www.svalbard.fr\/actualites\/statistiques-doslo-la-capitale-norvegienne-en-chiffres-mises-a-jour-pour-2024\/"]}]},{"@type":"BreadcrumbList","@id":"https:\/\/www.svalbard.fr\/actualites\/statistiques-doslo-la-capitale-norvegienne-en-chiffres-mises-a-jour-pour-2024\/#breadcrumb","itemListElement":[{"@type":"ListItem","position":1,"name":"Accueil","item":"https:\/\/www.svalbard.fr\/actualites\/"},{"@type":"ListItem","position":2,"name":"Statistiques d&#39;Oslo\u00a0: la capitale norv\u00e9gienne en chiffres (mises \u00e0 jour pour 2024)"}]},{"@type":"WebSite","@id":"https:\/\/www.svalbard.fr\/actualites\/#website","url":"https:\/\/www.svalbard.fr\/actualites\/","name":"www.Svalbard.fr","description":"","publisher":{"@id":"https:\/\/www.svalbard.fr\/actualites\/#organization"},"potentialAction":[{"@type":"SearchAction","target":{"@type":"EntryPoint","urlTemplate":"https:\/\/www.svalbard.fr\/actualites\/?s={search_term_string}"},"query-input":"required name=search_term_string"}],"inLanguage":"fr-FR"},{"@type":"Organization","@id":"https:\/\/www.svalbard.fr\/actualites\/#organization","name":"www.Svalbard.fr","url":"https:\/\/www.svalbard.fr\/actualites\/","logo":{"@type":"ImageObject","inLanguage":"fr-FR","@id":"https:\/\/www.svalbard.fr\/actualites\/#\/schema\/logo\/image\/","url":"https:\/\/www.svalbard.fr\/actualites\/wp-content\/uploads\/2023\/09\/head-nom.jpg","contentUrl":"https:\/\/www.svalbard.fr\/actualites\/wp-content\/uploads\/2023\/09\/head-nom.jpg","width":264,"height":35,"caption":"www.Svalbard.fr"},"image":{"@id":"https:\/\/www.svalbard.fr\/actualites\/#\/schema\/logo\/image\/"}},{"@type":"Person","@id":"https:\/\/www.svalbard.fr\/actualites\/#\/schema\/person\/a2f937d5712222366738fae98755c600","name":"Hilmar","image":{"@type":"ImageObject","inLanguage":"fr-FR","@id":"https:\/\/www.svalbard.fr\/actualites\/#\/schema\/person\/image\/","url":"https:\/\/secure.gravatar.com\/avatar\/4daa437093476dbc32da415c112b6512?s=96&d=mm&r=g","contentUrl":"https:\/\/secure.gravatar.com\/avatar\/4daa437093476dbc32da415c112b6512?s=96&d=mm&r=g","caption":"Hilmar"},"description":"Hilmar est un passionn\u00e9 des r\u00e9gions polaires, sp\u00e9cialis\u00e9 dans la r\u00e9daction d'articles sur le Spitzberg et autres destinations arctiques. Il apporte son expertise et sa passion pour l'Arctique au sein de l'\u00e9quipe de r\u00e9daction de Svalbard depuis de nombreuses ann\u00e9es.","sameAs":["https:\/\/www.svalbard.fr\/"]}]}},"_links":{"self":[{"href":"https:\/\/www.svalbard.fr\/actualites\/wp-json\/wp\/v2\/posts\/1416"}],"collection":[{"href":"https:\/\/www.svalbard.fr\/actualites\/wp-json\/wp\/v2\/posts"}],"about":[{"href":"https:\/\/www.svalbard.fr\/actualites\/wp-json\/wp\/v2\/types\/post"}],"author":[{"embeddable":true,"href":"https:\/\/www.svalbard.fr\/actualites\/wp-json\/wp\/v2\/users\/1"}],"replies":[{"embeddable":true,"href":"https:\/\/www.svalbard.fr\/actualites\/wp-json\/wp\/v2\/comments?post=1416"}],"version-history":[{"count":0,"href":"https:\/\/www.svalbard.fr\/actualites\/wp-json\/wp\/v2\/posts\/1416\/revisions"}],"wp:featuredmedia":[{"embeddable":true,"href":"https:\/\/www.svalbard.fr\/actualites\/wp-json\/wp\/v2\/media\/1417"}],"wp:attachment":[{"href":"https:\/\/www.svalbard.fr\/actualites\/wp-json\/wp\/v2\/media?parent=1416"}],"wp:term":[{"taxonomy":"category","embeddable":true,"href":"https:\/\/www.svalbard.fr\/actualites\/wp-json\/wp\/v2\/categories?post=1416"},{"taxonomy":"post_tag","embeddable":true,"href":"https:\/\/www.svalbard.fr\/actualites\/wp-json\/wp\/v2\/tags?post=1416"}],"curies":[{"name":"wp","href":"https:\/\/api.w.org\/{rel}","templated":true}]}}