{"id":154,"date":"2023-09-04T20:07:31","date_gmt":"2023-09-04T18:07:31","guid":{"rendered":"https:\/\/www.svalbard.fr\/actualites\/pendant-la-nuit-polaire-un-evenement-pour-les-enfants-entre-la-norvege-et-la-russie-illumine-noel\/"},"modified":"2023-09-04T20:07:31","modified_gmt":"2023-09-04T18:07:31","slug":"pendant-la-nuit-polaire-un-evenement-pour-les-enfants-entre-la-norvege-et-la-russie-illumine-noel","status":"publish","type":"post","link":"https:\/\/www.svalbard.fr\/actualites\/pendant-la-nuit-polaire-un-evenement-pour-les-enfants-entre-la-norvege-et-la-russie-illumine-noel\/","title":{"rendered":"Pendant la nuit polaire, un \u00e9v\u00e9nement pour les enfants entre la Norv\u00e8ge et la Russie illumine No\u00ebl"},"content":{"rendered":"<p>La chorale d&rsquo;enfants de l&rsquo;\u00e9glise luth\u00e9rienne de l&rsquo;archipel arctique du Svalbard a voyag\u00e9 trois heures en bateau pour marquer le No\u00ebl orthodoxe avec les 40 enfants de Barentsburg, un village appartenant \u00e0 la soci\u00e9t\u00e9 mini\u00e8re arctique russe situ\u00e9 sur le territoire norv\u00e9gien recul\u00e9.<br \/>\n<\/p>\n<p>  Un gar\u00e7on de 15 ans v\u00eatu d&rsquo;un sweat \u00e0 capuche en forme d&rsquo;ours polaire a lu \u00e0 tour de r\u00f4le le passage de l&rsquo;\u00c9vangile sur la naissance de J\u00e9sus en russe avec trois filles en robe et n\u0153uds qui l&rsquo;ont proclam\u00e9 en norv\u00e9gien, lors d&rsquo;une c\u00e9l\u00e9bration commune du No\u00ebl orthodoxe au plus profond de l&rsquo;Arctique, intact par la guerre. et la nuit polaire 24 heures sur 24.<\/p>\n<p>Les filles et une douzaine de leurs confr\u00e8res de Polargospel, la chorale d&rsquo;enfants de la seule \u00e9glise du Svalbard \u2013 un archipel plus proche du p\u00f4le Nord que d&rsquo;Oslo ou de Moscou \u2013 ont voyag\u00e9 samedi pendant trois heures en bateau pour marquer la f\u00eate avec les 40 enfants. \u00e0 Barentsbourg.<\/p>\n<p>\u00c0 midi, sur la place enneig\u00e9e de ce village appartenant \u00e0 la soci\u00e9t\u00e9 mini\u00e8re russe de l&rsquo;Arctique, la pleine lune a illumin\u00e9 un buste de L\u00e9nine debout devant un grand sapin de No\u00ebl scintillant et un vieux monument encore plus grand sur lequel on pouvait lire \u00ab\u00a0Notre objectif est le communisme\u00a0\u00bb. \u00c9criture cyrillique.<\/p>\n<p>\u00c0 l&rsquo;extr\u00eame nord, le soleil ne se l\u00e8ve jamais en hiver.<\/p>\n<p>\u00ab\u00a0Nous qui vivons dans l&rsquo;obscurit\u00e9 du nord, nous savons \u00e0 quel point la lumi\u00e8re est importante\u00a0\u00bb, a d\u00e9clar\u00e9 la r\u00e9v\u00e9rende Siv Limstrand en distribuant aux enfants apr\u00e8s la lecture de l&rsquo;\u00c9vangile les fines bougies jaunes populaires dans les \u00e9glises orthodoxes.  \u00ab\u00a0M\u00eame une bougie faible dans la fen\u00eatre suffit pour se frayer un chemin.\u00a0\u00bb<\/p>\n<p>La tradition d&rsquo;une visite annuelle de No\u00ebl du pasteur luth\u00e9rien de l&rsquo;\u00e9glise du Svalbard et d&rsquo;autres dirigeants de Longyearbyen, principale colonie de l&rsquo;archipel \u2013 \u00e0 34 milles marins de Barentsburg \u00e0 travers un fjord bord\u00e9 de majestueuses montagnes blanches \u2013 a \u00e9t\u00e9 suspendue pendant la pand\u00e9mie.  Elle a \u00e9t\u00e9 remise en question par la guerre en Ukraine, qui a \u00e9galement perturb\u00e9 les visites occasionnelles de pr\u00eatres orthodoxes.<\/p>\n<p>Depuis 18 mois, personne n&rsquo;est venu c\u00e9l\u00e9brer les offices dans la haute chapelle en bois remplie d&rsquo;ic\u00f4nes de Barentsburg.  Il est toujours ouvert, sa lumi\u00e8re brillant comme un phare \u00e0 travers les fen\u00eatres vers les complexes d&rsquo;appartements modernes des mineurs et vers la mer.<\/p>\n<p>Ainsi, au cours des derniers mois, Limstrand a travaill\u00e9 avec le directeur de la chorale de l&rsquo;\u00e9glise et avec les enseignants de l&rsquo;\u00e9cole de Barentsburg pour cr\u00e9er un programme d\u00e9nu\u00e9 de toute bureaucratie, dont les chansons et les courtes narrations se concentraient sur le message de l&rsquo;\u00c9vangile de No\u00ebl de lumi\u00e8re et de paix dans l&rsquo;obscurit\u00e9.<\/p>\n<p>Alors qu&rsquo;elle finalisait ses remarques alors qu&rsquo;elle se trouvait \u00e0 bord du grand navire pr\u00eat\u00e9 par le gouverneur du Svalbard pour l&rsquo;occasion, Limstrand a d\u00e9clar\u00e9 qu&rsquo;elle n&rsquo;\u00e9tait m\u00eame pas s\u00fbre d&rsquo;offrir une b\u00e9n\u00e9diction formelle \u00e0 la fin de la repr\u00e9sentation.<\/p>\n<p>Mais l&rsquo;atmosph\u00e8re \u00e9tait devenue si festive qu&rsquo;elle a invoqu\u00e9 le verset de l&rsquo;Ancien Testament \u00ab Que le Seigneur vous b\u00e9nisse et vous garde \u00bb devant le public compos\u00e9 du personnel de l&rsquo;\u00e9glise, des parents de Longyearbyen, des enseignants de Barentsburg et, assis discr\u00e8tement au fond, le directeur g\u00e9n\u00e9ral. d&rsquo;Arcticugol, la soci\u00e9t\u00e9 mini\u00e8re qui g\u00e8re la ville. <\/p>\n<p>Depuis plus d&rsquo;un si\u00e8cle, l&rsquo;exploitation mini\u00e8re a donn\u00e9 naissance \u00e0 des \u00e9tablissements permanents au Svalbard, notamment \u00e0 Longyearbyen, avec environ 2 000 habitants, et \u00e0 Barentsburg, o\u00f9 vivent environ 350 personnes.  M\u00eame s&rsquo;il s&rsquo;agit d&rsquo;un territoire norv\u00e9gien, l&rsquo;Union sovi\u00e9tique \u00e9tait partie \u00e0 un trait\u00e9 du d\u00e9but du XXe si\u00e8cle autorisant d&rsquo;autres pays \u00e0 partager les droits miniers, et Arcticugol continue d&rsquo;exploiter la mine russe.<\/p>\n<p>Pendant la guerre froide, les tensions ont \u00e9clat\u00e9 entre les deux pays au Svalbard, comme elles l&rsquo;ont encore \u00e9t\u00e9 depuis l&rsquo;invasion de l&rsquo;Ukraine par la Russie, notamment \u00e0 propos du transit des approvisionnements alimentaires de Barentsburg en juillet.  En octobre, le conseil du tourisme du Svalbard \u2013 qui repr\u00e9sente l&rsquo;industrie des loisirs en pleine croissance de l&rsquo;archipel \u2013 a annonc\u00e9 qu&rsquo;il supprimerait le secteur touristique d&rsquo;Arcticugol pour protester contre la guerre.<\/p>\n<p>Mais les membres de l&rsquo;\u00e9glise ont approuv\u00e9 la visite de No\u00ebl de la chorale, a d\u00e9clar\u00e9 Limstrand, pour aider les enfants \u00e0 ne pas se consid\u00e9rer comme des ennemis mais plut\u00f4t \u00e0 prier pour tous \u2013 en particulier dans des communaut\u00e9s aussi isol\u00e9es.<\/p>\n<p>\u00ab Nous sommes si loin que nous nous sentons connect\u00e9s au monde entier \u00bb, a-t-elle d\u00e9clar\u00e9 \u00e0 l&rsquo;Associated Press, ajoutant que sa responsabilit\u00e9 en tant que pasteur du Svalbard est d&rsquo;assurer \u00ab l&rsquo;hospitalit\u00e9 spirituelle \u00bb au-del\u00e0 de ses ouailles protestantes.<\/p>\n<p>Leonard Snoeks a d\u00e9clar\u00e9 que sa fille de 10 ans avait collect\u00e9 des fonds pour l&rsquo;Ukraine, en vendant des gaufres et du caf\u00e9 devant leur maison en Norv\u00e8ge, mais qu&rsquo;elle n&rsquo;avait aucun scrupule \u00e0 venir en tourn\u00e9e avec les nouveaux amis qu&rsquo;elle s&rsquo;est fait depuis que la famille a d\u00e9m\u00e9nag\u00e9 au Svalbard il y a six mois. le continent norv\u00e9gien.<\/p>\n<p>\u00ab\u00a0M\u00eame si les choses sont telles qu&rsquo;elles sont, cela ne change rien au fait que les gens sont des gens\u00a0\u00bb, a d\u00e9clar\u00e9 Snoeks.  \u00ab\u00a0La chorale de l&rsquo;\u00e9glise est vraiment importante pour voir au-del\u00e0 de cela, pour montrer que vous vous souciez de vous.\u00a0\u00bb<\/p>\n<p>Pour souligner qu&rsquo;il ne s&rsquo;agissait pas d&rsquo;une ouverture diplomatique mais d&rsquo;un minist\u00e8re d&rsquo;enfants pour les enfants, la c\u00e9l\u00e9bration de samedi a eu lieu \u00e0 l&rsquo;\u00e9cole de Barentsburg.<\/p>\n<p>Le programme russe a suivi la prestation du ch\u0153ur norv\u00e9gien.  \u00c9tant donn\u00e9 que la plupart des familles de Barentsburg sont ukrainiennes, il comprenait un po\u00e8me et une interpr\u00e9tation dans cette langue de la c\u00e9l\u00e8bre \u00ab Carole des cloches \u00bb, \u00e9crite pour la premi\u00e8re fois il y a un si\u00e8cle en Ukraine.<\/p>\n<p>Svetlana Yanevska, directrice adjointe de l&rsquo;\u00e9cole depuis mai, a chant\u00e9 le chant de No\u00ebl a cappella avec les \u00e9l\u00e8ves.<\/p>\n<p>Elle a expliqu\u00e9 plus tard qu&rsquo;il \u00e9tait particuli\u00e8rement important cette ann\u00e9e de suivre les traditions religieuses ensemble, depuis la pr\u00e9paration du spectacle jusqu&rsquo;aux visites de maison en maison \u00e0 Barentsburg la veille de No\u00ebl pour partager des friandises comme le kutia, un riz au lait aux noix et aux raisins secs.<\/p>\n<p>\u00ab Partout, les enfants sont des enfants.  Notre objectif est que tous les enfants soient heureux et en s\u00e9curit\u00e9 \u00bb, a d\u00e9clar\u00e9 Yanevska.<\/p>\n<p>Le premier num\u00e9ro russe a commenc\u00e9 dans l&rsquo;obscurit\u00e9 totale, avec de jeunes enfants en costumes blancs dansant et agitant en rythme des lampes de poche tandis qu&rsquo;une projection du tra\u00eeneau du P\u00e8re No\u00ebl se d\u00e9pla\u00e7ait sur le mur devant la fresque murale de Donald Duck.<\/p>\n<p>La professeure d&rsquo;anglais de l&rsquo;\u00e9cole, Maria Kharcheva, qui a r\u00e9cemment quitt\u00e9 la Russie pour s&rsquo;installer ici, a expliqu\u00e9 que les rayons de lumi\u00e8re \u00e9taient cens\u00e9s symboliser \u00ab les \u00e9toiles dans le ciel nocturne lorsque le Sauveur est n\u00e9 \u00bb.<\/p>\n<p>\u00abJe suis une personne religieuse.  Cette f\u00eate est tr\u00e8s importante pour moi.  Cela symbolise quelque chose de pur et de chaleureux \u00bb, a d\u00e9clar\u00e9 Kharcheva.  Si la pr\u00e9sence d\u2019un pr\u00eatre orthodoxe \u00e0 No\u00ebl lui manquait, elle se r\u00e9jouissait de cette c\u00e9l\u00e9bration \u00ab insolite \u00bb que les enfants avaient travaill\u00e9 dur pour pr\u00e9parer.<\/p>\n<p>Ils se sont tous m\u00eal\u00e9s \u00e0 l&rsquo;\u00e9change de cadeaux \u2013 pr\u00e9sid\u00e9 par un professeur jouant le r\u00f4le de Ded Moroz, l&rsquo;\u00e9quivalent slave du P\u00e8re No\u00ebl, \u00e0 la barbe blanche et \u00e0 la robe bleue \u2013 suivi d&rsquo;un g\u00e2teau Napol\u00e9on, de th\u00e9 russe et de Coca-Cola.  Ensuite, un bus encombrant a ramen\u00e9 le groupe norv\u00e9gien \u00e0 travers des rues enneig\u00e9es jusqu&rsquo;au port pour le long trajet de retour.<\/p>\n<p>___<\/p>\n<p>La couverture religieuse d&rsquo;Associated Press re\u00e7oit un soutien gr\u00e2ce \u00e0 la collaboration de l&rsquo;AP avec The Conversation US, avec un financement de Lilly Endowment Inc. L&rsquo;AP est seul responsable de ce contenu.<\/p>\n","protected":false},"excerpt":{"rendered":"<p>La chorale d&rsquo;enfants de l&rsquo;\u00e9glise luth\u00e9rienne de l&rsquo;archipel arctique du Svalbard a voyag\u00e9 trois heures en bateau pour marquer le No\u00ebl orthodoxe avec les 40<\/p>\n","protected":false},"author":1,"featured_media":155,"comment_status":"","ping_status":"","sticky":false,"template":"","format":"standard","meta":{"footnotes":""},"categories":[1],"tags":[200,201,199,203,3,204,6,198,197,71,150,202],"yoast_head":"<!-- This site is optimized with the Yoast SEO plugin v21.0 - https:\/\/yoast.com\/wordpress\/plugins\/seo\/ -->\n<title>Pendant la nuit polaire, un \u00e9v\u00e9nement pour les enfants entre la Norv\u00e8ge et la Russie illumine No\u00ebl<\/title>\n<meta name=\"robots\" content=\"index, follow, max-snippet:-1, max-image-preview:large, max-video-preview:-1\" \/>\n<link rel=\"canonical\" href=\"https:\/\/www.svalbard.fr\/actualites\/pendant-la-nuit-polaire-un-evenement-pour-les-enfants-entre-la-norvege-et-la-russie-illumine-noel\/\" \/>\n<meta property=\"og:locale\" content=\"fr_FR\" \/>\n<meta property=\"og:type\" content=\"article\" \/>\n<meta property=\"og:title\" content=\"Pendant la nuit polaire, un \u00e9v\u00e9nement pour les enfants entre la Norv\u00e8ge et la Russie illumine No\u00ebl\" \/>\n<meta property=\"og:description\" content=\"La chorale d&rsquo;enfants de l&rsquo;\u00e9glise luth\u00e9rienne de l&rsquo;archipel arctique du Svalbard a voyag\u00e9 trois heures en bateau pour marquer le No\u00ebl orthodoxe avec les 40\" \/>\n<meta property=\"og:url\" content=\"https:\/\/www.svalbard.fr\/actualites\/pendant-la-nuit-polaire-un-evenement-pour-les-enfants-entre-la-norvege-et-la-russie-illumine-noel\/\" \/>\n<meta property=\"og:site_name\" content=\"www.Svalbard.fr\" \/>\n<meta property=\"article:published_time\" content=\"2023-09-04T18:07:31+00:00\" \/>\n<meta property=\"og:image\" content=\"https:\/\/www.svalbard.fr\/actualites\/wp-content\/uploads\/2023\/09\/head-nom.jpg\" \/>\n\t<meta property=\"og:image:width\" content=\"264\" \/>\n\t<meta property=\"og:image:height\" content=\"35\" \/>\n\t<meta property=\"og:image:type\" content=\"image\/jpeg\" \/>\n<meta name=\"author\" content=\"Hilmar\" \/>\n<meta name=\"twitter:card\" content=\"summary_large_image\" \/>\n<meta name=\"twitter:label1\" content=\"\u00c9crit par\" \/>\n\t<meta name=\"twitter:data1\" content=\"Hilmar\" \/>\n\t<meta name=\"twitter:label2\" content=\"Dur\u00e9e de lecture estim\u00e9e\" \/>\n\t<meta name=\"twitter:data2\" content=\"7 minutes\" \/>\n<script type=\"application\/ld+json\" class=\"yoast-schema-graph\">{\"@context\":\"https:\/\/schema.org\",\"@graph\":[{\"@type\":\"Article\",\"@id\":\"https:\/\/www.svalbard.fr\/actualites\/pendant-la-nuit-polaire-un-evenement-pour-les-enfants-entre-la-norvege-et-la-russie-illumine-noel\/#article\",\"isPartOf\":{\"@id\":\"https:\/\/www.svalbard.fr\/actualites\/pendant-la-nuit-polaire-un-evenement-pour-les-enfants-entre-la-norvege-et-la-russie-illumine-noel\/\"},\"author\":{\"name\":\"Hilmar\",\"@id\":\"https:\/\/www.svalbard.fr\/actualites\/#\/schema\/person\/a2f937d5712222366738fae98755c600\"},\"headline\":\"Pendant la nuit polaire, un \u00e9v\u00e9nement pour les enfants entre la Norv\u00e8ge et la Russie illumine No\u00ebl\",\"datePublished\":\"2023-09-04T18:07:31+00:00\",\"dateModified\":\"2023-09-04T18:07:31+00:00\",\"mainEntityOfPage\":{\"@id\":\"https:\/\/www.svalbard.fr\/actualites\/pendant-la-nuit-polaire-un-evenement-pour-les-enfants-entre-la-norvege-et-la-russie-illumine-noel\/\"},\"wordCount\":1372,\"publisher\":{\"@id\":\"https:\/\/www.svalbard.fr\/actualites\/#organization\"},\"keywords\":[\"enfants\",\"entre\",\"\u00e9v\u00e9nement\",\"illumine\",\"Les\",\"No\u00ebl\",\"Norv\u00e8ge\",\"nuit\",\"Pendant\",\"polaire\",\"pour\",\"Russie\"],\"articleSection\":[\"Svalbard\"],\"inLanguage\":\"fr-FR\"},{\"@type\":\"WebPage\",\"@id\":\"https:\/\/www.svalbard.fr\/actualites\/pendant-la-nuit-polaire-un-evenement-pour-les-enfants-entre-la-norvege-et-la-russie-illumine-noel\/\",\"url\":\"https:\/\/www.svalbard.fr\/actualites\/pendant-la-nuit-polaire-un-evenement-pour-les-enfants-entre-la-norvege-et-la-russie-illumine-noel\/\",\"name\":\"Pendant la nuit polaire, un \u00e9v\u00e9nement pour les enfants entre la Norv\u00e8ge et la Russie illumine No\u00ebl\",\"isPartOf\":{\"@id\":\"https:\/\/www.svalbard.fr\/actualites\/#website\"},\"datePublished\":\"2023-09-04T18:07:31+00:00\",\"dateModified\":\"2023-09-04T18:07:31+00:00\",\"breadcrumb\":{\"@id\":\"https:\/\/www.svalbard.fr\/actualites\/pendant-la-nuit-polaire-un-evenement-pour-les-enfants-entre-la-norvege-et-la-russie-illumine-noel\/#breadcrumb\"},\"inLanguage\":\"fr-FR\",\"potentialAction\":[{\"@type\":\"ReadAction\",\"target\":[\"https:\/\/www.svalbard.fr\/actualites\/pendant-la-nuit-polaire-un-evenement-pour-les-enfants-entre-la-norvege-et-la-russie-illumine-noel\/\"]}]},{\"@type\":\"BreadcrumbList\",\"@id\":\"https:\/\/www.svalbard.fr\/actualites\/pendant-la-nuit-polaire-un-evenement-pour-les-enfants-entre-la-norvege-et-la-russie-illumine-noel\/#breadcrumb\",\"itemListElement\":[{\"@type\":\"ListItem\",\"position\":1,\"name\":\"Accueil\",\"item\":\"https:\/\/www.svalbard.fr\/actualites\/\"},{\"@type\":\"ListItem\",\"position\":2,\"name\":\"Pendant la nuit polaire, un \u00e9v\u00e9nement pour les enfants entre la Norv\u00e8ge et la Russie illumine No\u00ebl\"}]},{\"@type\":\"WebSite\",\"@id\":\"https:\/\/www.svalbard.fr\/actualites\/#website\",\"url\":\"https:\/\/www.svalbard.fr\/actualites\/\",\"name\":\"www.Svalbard.fr\",\"description\":\"\",\"publisher\":{\"@id\":\"https:\/\/www.svalbard.fr\/actualites\/#organization\"},\"potentialAction\":[{\"@type\":\"SearchAction\",\"target\":{\"@type\":\"EntryPoint\",\"urlTemplate\":\"https:\/\/www.svalbard.fr\/actualites\/?s={search_term_string}\"},\"query-input\":\"required name=search_term_string\"}],\"inLanguage\":\"fr-FR\"},{\"@type\":\"Organization\",\"@id\":\"https:\/\/www.svalbard.fr\/actualites\/#organization\",\"name\":\"www.Svalbard.fr\",\"url\":\"https:\/\/www.svalbard.fr\/actualites\/\",\"logo\":{\"@type\":\"ImageObject\",\"inLanguage\":\"fr-FR\",\"@id\":\"https:\/\/www.svalbard.fr\/actualites\/#\/schema\/logo\/image\/\",\"url\":\"https:\/\/www.svalbard.fr\/actualites\/wp-content\/uploads\/2023\/09\/head-nom.jpg\",\"contentUrl\":\"https:\/\/www.svalbard.fr\/actualites\/wp-content\/uploads\/2023\/09\/head-nom.jpg\",\"width\":264,\"height\":35,\"caption\":\"www.Svalbard.fr\"},\"image\":{\"@id\":\"https:\/\/www.svalbard.fr\/actualites\/#\/schema\/logo\/image\/\"}},{\"@type\":\"Person\",\"@id\":\"https:\/\/www.svalbard.fr\/actualites\/#\/schema\/person\/a2f937d5712222366738fae98755c600\",\"name\":\"Hilmar\",\"image\":{\"@type\":\"ImageObject\",\"inLanguage\":\"fr-FR\",\"@id\":\"https:\/\/www.svalbard.fr\/actualites\/#\/schema\/person\/image\/\",\"url\":\"https:\/\/secure.gravatar.com\/avatar\/4daa437093476dbc32da415c112b6512?s=96&d=mm&r=g\",\"contentUrl\":\"https:\/\/secure.gravatar.com\/avatar\/4daa437093476dbc32da415c112b6512?s=96&d=mm&r=g\",\"caption\":\"Hilmar\"},\"description\":\"Hilmar est un passionn\u00e9 des r\u00e9gions polaires, sp\u00e9cialis\u00e9 dans la r\u00e9daction d'articles sur le Spitzberg et autres destinations arctiques. Il apporte son expertise et sa passion pour l'Arctique au sein de l'\u00e9quipe de r\u00e9daction de Svalbard depuis de nombreuses ann\u00e9es.\",\"sameAs\":[\"https:\/\/www.svalbard.fr\/\"]}]}<\/script>\n<!-- \/ Yoast SEO plugin. -->","yoast_head_json":{"title":"Pendant la nuit polaire, un \u00e9v\u00e9nement pour les enfants entre la Norv\u00e8ge et la Russie illumine No\u00ebl","robots":{"index":"index","follow":"follow","max-snippet":"max-snippet:-1","max-image-preview":"max-image-preview:large","max-video-preview":"max-video-preview:-1"},"canonical":"https:\/\/www.svalbard.fr\/actualites\/pendant-la-nuit-polaire-un-evenement-pour-les-enfants-entre-la-norvege-et-la-russie-illumine-noel\/","og_locale":"fr_FR","og_type":"article","og_title":"Pendant la nuit polaire, un \u00e9v\u00e9nement pour les enfants entre la Norv\u00e8ge et la Russie illumine No\u00ebl","og_description":"La chorale d&rsquo;enfants de l&rsquo;\u00e9glise luth\u00e9rienne de l&rsquo;archipel arctique du Svalbard a voyag\u00e9 trois heures en bateau pour marquer le No\u00ebl orthodoxe avec les 40","og_url":"https:\/\/www.svalbard.fr\/actualites\/pendant-la-nuit-polaire-un-evenement-pour-les-enfants-entre-la-norvege-et-la-russie-illumine-noel\/","og_site_name":"www.Svalbard.fr","article_published_time":"2023-09-04T18:07:31+00:00","og_image":[{"width":264,"height":35,"url":"https:\/\/www.svalbard.fr\/actualites\/wp-content\/uploads\/2023\/09\/head-nom.jpg","type":"image\/jpeg"}],"author":"Hilmar","twitter_card":"summary_large_image","twitter_misc":{"\u00c9crit par":"Hilmar","Dur\u00e9e de lecture estim\u00e9e":"7 minutes"},"schema":{"@context":"https:\/\/schema.org","@graph":[{"@type":"Article","@id":"https:\/\/www.svalbard.fr\/actualites\/pendant-la-nuit-polaire-un-evenement-pour-les-enfants-entre-la-norvege-et-la-russie-illumine-noel\/#article","isPartOf":{"@id":"https:\/\/www.svalbard.fr\/actualites\/pendant-la-nuit-polaire-un-evenement-pour-les-enfants-entre-la-norvege-et-la-russie-illumine-noel\/"},"author":{"name":"Hilmar","@id":"https:\/\/www.svalbard.fr\/actualites\/#\/schema\/person\/a2f937d5712222366738fae98755c600"},"headline":"Pendant la nuit polaire, un \u00e9v\u00e9nement pour les enfants entre la Norv\u00e8ge et la Russie illumine No\u00ebl","datePublished":"2023-09-04T18:07:31+00:00","dateModified":"2023-09-04T18:07:31+00:00","mainEntityOfPage":{"@id":"https:\/\/www.svalbard.fr\/actualites\/pendant-la-nuit-polaire-un-evenement-pour-les-enfants-entre-la-norvege-et-la-russie-illumine-noel\/"},"wordCount":1372,"publisher":{"@id":"https:\/\/www.svalbard.fr\/actualites\/#organization"},"keywords":["enfants","entre","\u00e9v\u00e9nement","illumine","Les","No\u00ebl","Norv\u00e8ge","nuit","Pendant","polaire","pour","Russie"],"articleSection":["Svalbard"],"inLanguage":"fr-FR"},{"@type":"WebPage","@id":"https:\/\/www.svalbard.fr\/actualites\/pendant-la-nuit-polaire-un-evenement-pour-les-enfants-entre-la-norvege-et-la-russie-illumine-noel\/","url":"https:\/\/www.svalbard.fr\/actualites\/pendant-la-nuit-polaire-un-evenement-pour-les-enfants-entre-la-norvege-et-la-russie-illumine-noel\/","name":"Pendant la nuit polaire, un \u00e9v\u00e9nement pour les enfants entre la Norv\u00e8ge et la Russie illumine No\u00ebl","isPartOf":{"@id":"https:\/\/www.svalbard.fr\/actualites\/#website"},"datePublished":"2023-09-04T18:07:31+00:00","dateModified":"2023-09-04T18:07:31+00:00","breadcrumb":{"@id":"https:\/\/www.svalbard.fr\/actualites\/pendant-la-nuit-polaire-un-evenement-pour-les-enfants-entre-la-norvege-et-la-russie-illumine-noel\/#breadcrumb"},"inLanguage":"fr-FR","potentialAction":[{"@type":"ReadAction","target":["https:\/\/www.svalbard.fr\/actualites\/pendant-la-nuit-polaire-un-evenement-pour-les-enfants-entre-la-norvege-et-la-russie-illumine-noel\/"]}]},{"@type":"BreadcrumbList","@id":"https:\/\/www.svalbard.fr\/actualites\/pendant-la-nuit-polaire-un-evenement-pour-les-enfants-entre-la-norvege-et-la-russie-illumine-noel\/#breadcrumb","itemListElement":[{"@type":"ListItem","position":1,"name":"Accueil","item":"https:\/\/www.svalbard.fr\/actualites\/"},{"@type":"ListItem","position":2,"name":"Pendant la nuit polaire, un \u00e9v\u00e9nement pour les enfants entre la Norv\u00e8ge et la Russie illumine No\u00ebl"}]},{"@type":"WebSite","@id":"https:\/\/www.svalbard.fr\/actualites\/#website","url":"https:\/\/www.svalbard.fr\/actualites\/","name":"www.Svalbard.fr","description":"","publisher":{"@id":"https:\/\/www.svalbard.fr\/actualites\/#organization"},"potentialAction":[{"@type":"SearchAction","target":{"@type":"EntryPoint","urlTemplate":"https:\/\/www.svalbard.fr\/actualites\/?s={search_term_string}"},"query-input":"required name=search_term_string"}],"inLanguage":"fr-FR"},{"@type":"Organization","@id":"https:\/\/www.svalbard.fr\/actualites\/#organization","name":"www.Svalbard.fr","url":"https:\/\/www.svalbard.fr\/actualites\/","logo":{"@type":"ImageObject","inLanguage":"fr-FR","@id":"https:\/\/www.svalbard.fr\/actualites\/#\/schema\/logo\/image\/","url":"https:\/\/www.svalbard.fr\/actualites\/wp-content\/uploads\/2023\/09\/head-nom.jpg","contentUrl":"https:\/\/www.svalbard.fr\/actualites\/wp-content\/uploads\/2023\/09\/head-nom.jpg","width":264,"height":35,"caption":"www.Svalbard.fr"},"image":{"@id":"https:\/\/www.svalbard.fr\/actualites\/#\/schema\/logo\/image\/"}},{"@type":"Person","@id":"https:\/\/www.svalbard.fr\/actualites\/#\/schema\/person\/a2f937d5712222366738fae98755c600","name":"Hilmar","image":{"@type":"ImageObject","inLanguage":"fr-FR","@id":"https:\/\/www.svalbard.fr\/actualites\/#\/schema\/person\/image\/","url":"https:\/\/secure.gravatar.com\/avatar\/4daa437093476dbc32da415c112b6512?s=96&d=mm&r=g","contentUrl":"https:\/\/secure.gravatar.com\/avatar\/4daa437093476dbc32da415c112b6512?s=96&d=mm&r=g","caption":"Hilmar"},"description":"Hilmar est un passionn\u00e9 des r\u00e9gions polaires, sp\u00e9cialis\u00e9 dans la r\u00e9daction d'articles sur le Spitzberg et autres destinations arctiques. Il apporte son expertise et sa passion pour l'Arctique au sein de l'\u00e9quipe de r\u00e9daction de Svalbard depuis de nombreuses ann\u00e9es.","sameAs":["https:\/\/www.svalbard.fr\/"]}]}},"_links":{"self":[{"href":"https:\/\/www.svalbard.fr\/actualites\/wp-json\/wp\/v2\/posts\/154"}],"collection":[{"href":"https:\/\/www.svalbard.fr\/actualites\/wp-json\/wp\/v2\/posts"}],"about":[{"href":"https:\/\/www.svalbard.fr\/actualites\/wp-json\/wp\/v2\/types\/post"}],"author":[{"embeddable":true,"href":"https:\/\/www.svalbard.fr\/actualites\/wp-json\/wp\/v2\/users\/1"}],"replies":[{"embeddable":true,"href":"https:\/\/www.svalbard.fr\/actualites\/wp-json\/wp\/v2\/comments?post=154"}],"version-history":[{"count":0,"href":"https:\/\/www.svalbard.fr\/actualites\/wp-json\/wp\/v2\/posts\/154\/revisions"}],"wp:featuredmedia":[{"embeddable":true,"href":"https:\/\/www.svalbard.fr\/actualites\/wp-json\/wp\/v2\/media\/155"}],"wp:attachment":[{"href":"https:\/\/www.svalbard.fr\/actualites\/wp-json\/wp\/v2\/media?parent=154"}],"wp:term":[{"taxonomy":"category","embeddable":true,"href":"https:\/\/www.svalbard.fr\/actualites\/wp-json\/wp\/v2\/categories?post=154"},{"taxonomy":"post_tag","embeddable":true,"href":"https:\/\/www.svalbard.fr\/actualites\/wp-json\/wp\/v2\/tags?post=154"}],"curies":[{"name":"wp","href":"https:\/\/api.w.org\/{rel}","templated":true}]}}