{"id":1573,"date":"2024-10-26T21:24:03","date_gmt":"2024-10-26T19:24:03","guid":{"rendered":"https:\/\/www.svalbard.fr\/actualites\/la-belle-ville-ou-le-soleil-ne-se-levera-pas-avant-113-jours-apres-aujourdhui\/"},"modified":"2024-10-26T21:24:06","modified_gmt":"2024-10-26T19:24:06","slug":"la-belle-ville-ou-le-soleil-ne-se-levera-pas-avant-113-jours-apres-aujourdhui","status":"publish","type":"post","link":"https:\/\/www.svalbard.fr\/actualites\/la-belle-ville-ou-le-soleil-ne-se-levera-pas-avant-113-jours-apres-aujourdhui\/","title":{"rendered":"La belle ville o\u00f9 le soleil ne se l\u00e8vera pas avant 113 jours apr\u00e8s aujourd&#39;hui"},"content":{"rendered":"<div>\n<p>Alors que les Britanniques attendent avec impatience une heure suppl\u00e9mentaire au lit le matin alors que l&#39;horloge est sur le point de reculer le 27 octobre, une colonie en Norv\u00e8ge a compl\u00e8tement dit au revoir au soleil pour trois mois et 20 jours. <\/p>\n<p>Aujourd&#39;hui \u00e0 13h13, le soleil s&#39;est couch\u00e9 \u00e0 Longyearbyen (Svalbard), la localit\u00e9 la plus septentrionale du monde, et ne devrait se lever de nouveau que vers midi, le 15 f\u00e9vrier de l&#39;ann\u00e9e prochaine.<\/p>\n<p>Il abrite une population d&#39;environ 1 750 habitants en 2020 et constitue la plus grande zone habit\u00e9e de l&#39;archipel norv\u00e9gien du Svalbard, situ\u00e9 dans la partie inf\u00e9rieure de la vall\u00e9e de Longyear, le long de la rivi\u00e8re du m\u00eame nom, sur la plus grande \u00eele, le Spitzberg. <\/p>\n<p>Longyearbyen conna\u00eet le soleil de minuit \u2013 \u00e9galement connu sous le nom de jour polaire \u2013 entre la mi-avril et la fin ao\u00fbt (127 jours) et la nuit polaire de la fin octobre \u00e0 la mi-f\u00e9vrier. Cependant, en raison de l&#39;ombre des montagnes, le soleil n&#39;est r\u00e9ellement visible dans la ville que vers le 8 mars. <\/p>\n<p>Le climat du Svalbard est un climat de toundra polaire, temp\u00e9r\u00e9 par le courant de l&#39;Atlantique Nord. La neige recouvre g\u00e9n\u00e9ralement la ville de novembre \u00e0 mars. La temp\u00e9rature la plus chaude jamais enregistr\u00e9e \u00e0 Longyearbyen \u00e9tait de 21,7 \u00b0C en juillet 2020 et la plus froide \u00e9tait de \u221246,3 \u00b0C en mars 1986.<\/p>\n<\/div>\n<div>\n<p>Bien qu&#39;Alert, au Canada, ait probablement un indice UV moyen inf\u00e9rieur, Longyearbyen a l&#39;indice UV moyen enregistr\u00e9 le plus bas de tous les endroits actuellement ou pr\u00e9c\u00e9demment habit\u00e9s sur Terre. Entre avril et septembre, l&#39;indice UV varie g\u00e9n\u00e9ralement de un \u00e0 deux, mai, juin et juillet ayant l&#39;indice UV le plus \u00e9lev\u00e9, soit deux. Tous les autres mois sont en moyenne \u00e0 z\u00e9ro, ce qui donne \u00e0 Longyearbyen un indice UV moyen de 0,75 sur 12 mois.<\/p>\n<p>\u00c0 titre de comparaison, m\u00eame si les Britanniques se plaignent du manque de soleil, l&#39;indice UV au Royaume-Uni se situe g\u00e9n\u00e9ralement autour de six ou sept pendant les mois d&#39;\u00e9t\u00e9. <\/p>\n<p>\u00c9tant donn\u00e9 l&#39;absence totale de soleil pendant une partie de l&#39;ann\u00e9e et l&#39;absence d&#39;obscurit\u00e9 pendant une autre partie de l&#39;ann\u00e9e, il n&#39;est pas surprenant que Longyearbyen connaisse un chiffre d&#39;affaires tr\u00e8s \u00e9lev\u00e9. En 2008, 427 personnes (23 pour cent) ont d\u00e9m\u00e9nag\u00e9. La personne moyenne a v\u00e9cu \u00e0 Longyearbyen pendant 6,3 ans, contre 6,6 ans pour les Norv\u00e9giens et 4,3 ans pour les \u00e9trangers.<\/p>\n<p>La Solfestuka (\u00ab Semaine du Festival du Soleil \u00bb) a lieu chaque ann\u00e9e pendant la semaine entourant le 8 mars, date \u00e0 laquelle la lumi\u00e8re du soleil est visible pour la premi\u00e8re fois dans la majeure partie de la ville apr\u00e8s la nuit polaire.<\/p>\n<p>Ces derni\u00e8res ann\u00e9es, la ville a connu une forte augmentation du tourisme. Situ\u00e9e \u00e0 pr\u00e8s de 560 milles du continent norv\u00e9gien et \u00e0 808 milles du p\u00f4le Nord, Longyearbyen offre d&#39;excellentes conditions pour observer les aurores bor\u00e9ales. Le Svalbard Polar Hotel a ouvert ses portes en 1995 pour attirer les visiteurs. En 2016, il a accueilli 115 000 touristes, dont 35 000 arriv\u00e9s par bateau de croisi\u00e8re en provenance de l&#39;\u00e9tranger. <\/p>\n<\/div>\n<div>\n<p>Cependant, tous ses visiteurs ne sont pas des humains, car des rennes et des baleines sont souvent aper\u00e7us dans la r\u00e9gion, tout comme les ours polaires, ce qui oblige les gens \u00e0 porter des armes lorsqu&#39;ils s&#39;aventurent en dehors de la colonie. <\/p>\n<p>M\u00eame s&#39;il a \u00e9t\u00e9 largement rapport\u00e9 qu&#39;il est interdit de mourir \u00e0 Longyearbyen, la r\u00e9alit\u00e9 est que les corps ne peuvent pas \u00eatre enterr\u00e9s dans la ville, une r\u00e9glementation qui incite normalement les r\u00e9sidents consid\u00e9r\u00e9s comme en phase terminale \u00e0 s&#39;installer sur le continent.<\/p>\n<p>La d\u00e9cision d&#39;interdire les enterrements a \u00e9t\u00e9 prise en 1950, lorsqu&#39;on a d\u00e9couvert que les corps enterr\u00e9s dans la r\u00e9gion et d\u00e9c\u00e9d\u00e9s \u00e0 la suite de la pand\u00e9mie de grippe de 1918 n&#39;avaient pas encore commenc\u00e9 \u00e0 se d\u00e9composer en raison des temp\u00e9ratures glaciales. Cela a suscit\u00e9 des inqui\u00e9tudes quant au fait que les corps enterr\u00e9s pourraient encore contenir des souches vivantes de virus mortels. <\/p>\n<p>Le Svalbard et Longyearbyen comptent parmi les endroits au monde qui se sont r\u00e9chauff\u00e9s le plus rapidement au cours des derni\u00e8res d\u00e9cennies. Les moyennes de 1991 \u00e0 2020 montrent que la temp\u00e9rature annuelle moyenne \u00e0 Longyearbyen a augment\u00e9 de 3,6 \u00b0C depuis 1961 \u00e0 1990. Avec le r\u00e9chauffement des temp\u00e9ratures \u00e0 la surface de la mer, la formation de glace prend plus de temps dans les eaux environnantes et se r\u00e9chauffe donc plus rapidement en raison de la saison des glaces plus courte.<\/p>\n<p>Depuis 2021, Longyearbyen est la ville qui se r\u00e9chauffe le plus rapidement au monde. Depuis 1971, les temp\u00e9ratures au Svalbard ont augment\u00e9 cinq fois plus vite que la moyenne mondiale, d&#39;environ quatre degr\u00e9s Celsius. Les hivers sont aujourd\u2019hui plus chauds de sept degr\u00e9s que dans les ann\u00e9es 1970. <\/p>\n<\/div>\n","protected":false},"excerpt":{"rendered":"<p>Alors que les Britanniques attendent avec impatience une heure suppl\u00e9mentaire au lit le matin alors que l&#39;horloge est sur le point de reculer le 27<\/p>\n","protected":false},"author":1,"featured_media":1574,"comment_status":"closed","ping_status":"","sticky":false,"template":"","format":"standard","meta":{"footnotes":""},"categories":[1],"tags":[73,1052,684,333,42,1787,129,313,44,103],"yoast_head":"<!-- This site is optimized with the Yoast SEO plugin v21.0 - https:\/\/yoast.com\/wordpress\/plugins\/seo\/ -->\n<title>La belle ville o\u00f9 le soleil ne se l\u00e8vera pas avant 113 jours apr\u00e8s aujourd&#039;hui<\/title>\n<meta name=\"robots\" content=\"index, follow, max-snippet:-1, max-image-preview:large, max-video-preview:-1\" \/>\n<link rel=\"canonical\" href=\"https:\/\/www.svalbard.fr\/actualites\/la-belle-ville-ou-le-soleil-ne-se-levera-pas-avant-113-jours-apres-aujourdhui\/\" \/>\n<meta property=\"og:locale\" content=\"fr_FR\" \/>\n<meta property=\"og:type\" content=\"article\" \/>\n<meta property=\"og:title\" content=\"La belle ville o\u00f9 le soleil ne se l\u00e8vera pas avant 113 jours apr\u00e8s aujourd&#039;hui\" \/>\n<meta property=\"og:description\" content=\"Alors que les Britanniques attendent avec impatience une heure suppl\u00e9mentaire au lit le matin alors que l&#039;horloge est sur le point de reculer le 27\" \/>\n<meta property=\"og:url\" content=\"https:\/\/www.svalbard.fr\/actualites\/la-belle-ville-ou-le-soleil-ne-se-levera-pas-avant-113-jours-apres-aujourdhui\/\" \/>\n<meta property=\"og:site_name\" content=\"www.Svalbard.fr\" \/>\n<meta property=\"article:published_time\" content=\"2024-10-26T19:24:03+00:00\" \/>\n<meta property=\"article:modified_time\" content=\"2024-10-26T19:24:06+00:00\" \/>\n<meta property=\"og:image\" content=\"https:\/\/www.svalbard.fr\/actualites\/wp-content\/uploads\/2024\/10\/La-belle-ville-ou-le-soleil-ne-se-levera-pas.jpg\" \/>\n\t<meta property=\"og:image:width\" content=\"1200\" \/>\n\t<meta property=\"og:image:height\" content=\"630\" \/>\n\t<meta property=\"og:image:type\" content=\"image\/jpeg\" \/>\n<meta name=\"author\" content=\"Hilmar\" \/>\n<meta name=\"twitter:card\" content=\"summary_large_image\" \/>\n<meta name=\"twitter:label1\" content=\"\u00c9crit par\" \/>\n\t<meta name=\"twitter:data1\" content=\"Hilmar\" \/>\n\t<meta name=\"twitter:label2\" content=\"Dur\u00e9e de lecture estim\u00e9e\" \/>\n\t<meta name=\"twitter:data2\" content=\"4 minutes\" \/>\n<script type=\"application\/ld+json\" class=\"yoast-schema-graph\">{\"@context\":\"https:\/\/schema.org\",\"@graph\":[{\"@type\":\"Article\",\"@id\":\"https:\/\/www.svalbard.fr\/actualites\/la-belle-ville-ou-le-soleil-ne-se-levera-pas-avant-113-jours-apres-aujourdhui\/#article\",\"isPartOf\":{\"@id\":\"https:\/\/www.svalbard.fr\/actualites\/la-belle-ville-ou-le-soleil-ne-se-levera-pas-avant-113-jours-apres-aujourdhui\/\"},\"author\":{\"name\":\"Hilmar\",\"@id\":\"https:\/\/www.svalbard.fr\/actualites\/#\/schema\/person\/a2f937d5712222366738fae98755c600\"},\"headline\":\"La belle ville o\u00f9 le soleil ne se l\u00e8vera pas avant 113 jours apr\u00e8s aujourd&#39;hui\",\"datePublished\":\"2024-10-26T19:24:03+00:00\",\"dateModified\":\"2024-10-26T19:24:06+00:00\",\"mainEntityOfPage\":{\"@id\":\"https:\/\/www.svalbard.fr\/actualites\/la-belle-ville-ou-le-soleil-ne-se-levera-pas-avant-113-jours-apres-aujourdhui\/\"},\"wordCount\":870,\"publisher\":{\"@id\":\"https:\/\/www.svalbard.fr\/actualites\/#organization\"},\"keywords\":[\"apr\u00e8s\",\"aujourd39hui\",\"avant\",\"belle\",\"jours\",\"l\u00e8vera\",\"O\u00f9\",\"pas\",\"soleil\",\"ville\"],\"articleSection\":[\"Svalbard\"],\"inLanguage\":\"fr-FR\"},{\"@type\":\"WebPage\",\"@id\":\"https:\/\/www.svalbard.fr\/actualites\/la-belle-ville-ou-le-soleil-ne-se-levera-pas-avant-113-jours-apres-aujourdhui\/\",\"url\":\"https:\/\/www.svalbard.fr\/actualites\/la-belle-ville-ou-le-soleil-ne-se-levera-pas-avant-113-jours-apres-aujourdhui\/\",\"name\":\"La belle ville o\u00f9 le soleil ne se l\u00e8vera pas avant 113 jours apr\u00e8s aujourd&#39;hui\",\"isPartOf\":{\"@id\":\"https:\/\/www.svalbard.fr\/actualites\/#website\"},\"datePublished\":\"2024-10-26T19:24:03+00:00\",\"dateModified\":\"2024-10-26T19:24:06+00:00\",\"breadcrumb\":{\"@id\":\"https:\/\/www.svalbard.fr\/actualites\/la-belle-ville-ou-le-soleil-ne-se-levera-pas-avant-113-jours-apres-aujourdhui\/#breadcrumb\"},\"inLanguage\":\"fr-FR\",\"potentialAction\":[{\"@type\":\"ReadAction\",\"target\":[\"https:\/\/www.svalbard.fr\/actualites\/la-belle-ville-ou-le-soleil-ne-se-levera-pas-avant-113-jours-apres-aujourdhui\/\"]}]},{\"@type\":\"BreadcrumbList\",\"@id\":\"https:\/\/www.svalbard.fr\/actualites\/la-belle-ville-ou-le-soleil-ne-se-levera-pas-avant-113-jours-apres-aujourdhui\/#breadcrumb\",\"itemListElement\":[{\"@type\":\"ListItem\",\"position\":1,\"name\":\"Accueil\",\"item\":\"https:\/\/www.svalbard.fr\/actualites\/\"},{\"@type\":\"ListItem\",\"position\":2,\"name\":\"La belle ville o\u00f9 le soleil ne se l\u00e8vera pas avant 113 jours apr\u00e8s aujourd&#39;hui\"}]},{\"@type\":\"WebSite\",\"@id\":\"https:\/\/www.svalbard.fr\/actualites\/#website\",\"url\":\"https:\/\/www.svalbard.fr\/actualites\/\",\"name\":\"www.Svalbard.fr\",\"description\":\"\",\"publisher\":{\"@id\":\"https:\/\/www.svalbard.fr\/actualites\/#organization\"},\"potentialAction\":[{\"@type\":\"SearchAction\",\"target\":{\"@type\":\"EntryPoint\",\"urlTemplate\":\"https:\/\/www.svalbard.fr\/actualites\/?s={search_term_string}\"},\"query-input\":\"required name=search_term_string\"}],\"inLanguage\":\"fr-FR\"},{\"@type\":\"Organization\",\"@id\":\"https:\/\/www.svalbard.fr\/actualites\/#organization\",\"name\":\"www.Svalbard.fr\",\"url\":\"https:\/\/www.svalbard.fr\/actualites\/\",\"logo\":{\"@type\":\"ImageObject\",\"inLanguage\":\"fr-FR\",\"@id\":\"https:\/\/www.svalbard.fr\/actualites\/#\/schema\/logo\/image\/\",\"url\":\"https:\/\/www.svalbard.fr\/actualites\/wp-content\/uploads\/2023\/09\/head-nom.jpg\",\"contentUrl\":\"https:\/\/www.svalbard.fr\/actualites\/wp-content\/uploads\/2023\/09\/head-nom.jpg\",\"width\":264,\"height\":35,\"caption\":\"www.Svalbard.fr\"},\"image\":{\"@id\":\"https:\/\/www.svalbard.fr\/actualites\/#\/schema\/logo\/image\/\"}},{\"@type\":\"Person\",\"@id\":\"https:\/\/www.svalbard.fr\/actualites\/#\/schema\/person\/a2f937d5712222366738fae98755c600\",\"name\":\"Hilmar\",\"image\":{\"@type\":\"ImageObject\",\"inLanguage\":\"fr-FR\",\"@id\":\"https:\/\/www.svalbard.fr\/actualites\/#\/schema\/person\/image\/\",\"url\":\"https:\/\/secure.gravatar.com\/avatar\/4daa437093476dbc32da415c112b6512?s=96&d=mm&r=g\",\"contentUrl\":\"https:\/\/secure.gravatar.com\/avatar\/4daa437093476dbc32da415c112b6512?s=96&d=mm&r=g\",\"caption\":\"Hilmar\"},\"description\":\"Hilmar est un passionn\u00e9 des r\u00e9gions polaires, sp\u00e9cialis\u00e9 dans la r\u00e9daction d'articles sur le Spitzberg et autres destinations arctiques. Il apporte son expertise et sa passion pour l'Arctique au sein de l'\u00e9quipe de r\u00e9daction de Svalbard depuis de nombreuses ann\u00e9es.\",\"sameAs\":[\"https:\/\/www.svalbard.fr\/\"]}]}<\/script>\n<!-- \/ Yoast SEO plugin. -->","yoast_head_json":{"title":"La belle ville o\u00f9 le soleil ne se l\u00e8vera pas avant 113 jours apr\u00e8s aujourd&#39;hui","robots":{"index":"index","follow":"follow","max-snippet":"max-snippet:-1","max-image-preview":"max-image-preview:large","max-video-preview":"max-video-preview:-1"},"canonical":"https:\/\/www.svalbard.fr\/actualites\/la-belle-ville-ou-le-soleil-ne-se-levera-pas-avant-113-jours-apres-aujourdhui\/","og_locale":"fr_FR","og_type":"article","og_title":"La belle ville o\u00f9 le soleil ne se l\u00e8vera pas avant 113 jours apr\u00e8s aujourd&#39;hui","og_description":"Alors que les Britanniques attendent avec impatience une heure suppl\u00e9mentaire au lit le matin alors que l&#39;horloge est sur le point de reculer le 27","og_url":"https:\/\/www.svalbard.fr\/actualites\/la-belle-ville-ou-le-soleil-ne-se-levera-pas-avant-113-jours-apres-aujourdhui\/","og_site_name":"www.Svalbard.fr","article_published_time":"2024-10-26T19:24:03+00:00","article_modified_time":"2024-10-26T19:24:06+00:00","og_image":[{"width":1200,"height":630,"url":"https:\/\/www.svalbard.fr\/actualites\/wp-content\/uploads\/2024\/10\/La-belle-ville-ou-le-soleil-ne-se-levera-pas.jpg","type":"image\/jpeg"}],"author":"Hilmar","twitter_card":"summary_large_image","twitter_misc":{"\u00c9crit par":"Hilmar","Dur\u00e9e de lecture estim\u00e9e":"4 minutes"},"schema":{"@context":"https:\/\/schema.org","@graph":[{"@type":"Article","@id":"https:\/\/www.svalbard.fr\/actualites\/la-belle-ville-ou-le-soleil-ne-se-levera-pas-avant-113-jours-apres-aujourdhui\/#article","isPartOf":{"@id":"https:\/\/www.svalbard.fr\/actualites\/la-belle-ville-ou-le-soleil-ne-se-levera-pas-avant-113-jours-apres-aujourdhui\/"},"author":{"name":"Hilmar","@id":"https:\/\/www.svalbard.fr\/actualites\/#\/schema\/person\/a2f937d5712222366738fae98755c600"},"headline":"La belle ville o\u00f9 le soleil ne se l\u00e8vera pas avant 113 jours apr\u00e8s aujourd&#39;hui","datePublished":"2024-10-26T19:24:03+00:00","dateModified":"2024-10-26T19:24:06+00:00","mainEntityOfPage":{"@id":"https:\/\/www.svalbard.fr\/actualites\/la-belle-ville-ou-le-soleil-ne-se-levera-pas-avant-113-jours-apres-aujourdhui\/"},"wordCount":870,"publisher":{"@id":"https:\/\/www.svalbard.fr\/actualites\/#organization"},"keywords":["apr\u00e8s","aujourd39hui","avant","belle","jours","l\u00e8vera","O\u00f9","pas","soleil","ville"],"articleSection":["Svalbard"],"inLanguage":"fr-FR"},{"@type":"WebPage","@id":"https:\/\/www.svalbard.fr\/actualites\/la-belle-ville-ou-le-soleil-ne-se-levera-pas-avant-113-jours-apres-aujourdhui\/","url":"https:\/\/www.svalbard.fr\/actualites\/la-belle-ville-ou-le-soleil-ne-se-levera-pas-avant-113-jours-apres-aujourdhui\/","name":"La belle ville o\u00f9 le soleil ne se l\u00e8vera pas avant 113 jours apr\u00e8s aujourd&#39;hui","isPartOf":{"@id":"https:\/\/www.svalbard.fr\/actualites\/#website"},"datePublished":"2024-10-26T19:24:03+00:00","dateModified":"2024-10-26T19:24:06+00:00","breadcrumb":{"@id":"https:\/\/www.svalbard.fr\/actualites\/la-belle-ville-ou-le-soleil-ne-se-levera-pas-avant-113-jours-apres-aujourdhui\/#breadcrumb"},"inLanguage":"fr-FR","potentialAction":[{"@type":"ReadAction","target":["https:\/\/www.svalbard.fr\/actualites\/la-belle-ville-ou-le-soleil-ne-se-levera-pas-avant-113-jours-apres-aujourdhui\/"]}]},{"@type":"BreadcrumbList","@id":"https:\/\/www.svalbard.fr\/actualites\/la-belle-ville-ou-le-soleil-ne-se-levera-pas-avant-113-jours-apres-aujourdhui\/#breadcrumb","itemListElement":[{"@type":"ListItem","position":1,"name":"Accueil","item":"https:\/\/www.svalbard.fr\/actualites\/"},{"@type":"ListItem","position":2,"name":"La belle ville o\u00f9 le soleil ne se l\u00e8vera pas avant 113 jours apr\u00e8s aujourd&#39;hui"}]},{"@type":"WebSite","@id":"https:\/\/www.svalbard.fr\/actualites\/#website","url":"https:\/\/www.svalbard.fr\/actualites\/","name":"www.Svalbard.fr","description":"","publisher":{"@id":"https:\/\/www.svalbard.fr\/actualites\/#organization"},"potentialAction":[{"@type":"SearchAction","target":{"@type":"EntryPoint","urlTemplate":"https:\/\/www.svalbard.fr\/actualites\/?s={search_term_string}"},"query-input":"required name=search_term_string"}],"inLanguage":"fr-FR"},{"@type":"Organization","@id":"https:\/\/www.svalbard.fr\/actualites\/#organization","name":"www.Svalbard.fr","url":"https:\/\/www.svalbard.fr\/actualites\/","logo":{"@type":"ImageObject","inLanguage":"fr-FR","@id":"https:\/\/www.svalbard.fr\/actualites\/#\/schema\/logo\/image\/","url":"https:\/\/www.svalbard.fr\/actualites\/wp-content\/uploads\/2023\/09\/head-nom.jpg","contentUrl":"https:\/\/www.svalbard.fr\/actualites\/wp-content\/uploads\/2023\/09\/head-nom.jpg","width":264,"height":35,"caption":"www.Svalbard.fr"},"image":{"@id":"https:\/\/www.svalbard.fr\/actualites\/#\/schema\/logo\/image\/"}},{"@type":"Person","@id":"https:\/\/www.svalbard.fr\/actualites\/#\/schema\/person\/a2f937d5712222366738fae98755c600","name":"Hilmar","image":{"@type":"ImageObject","inLanguage":"fr-FR","@id":"https:\/\/www.svalbard.fr\/actualites\/#\/schema\/person\/image\/","url":"https:\/\/secure.gravatar.com\/avatar\/4daa437093476dbc32da415c112b6512?s=96&d=mm&r=g","contentUrl":"https:\/\/secure.gravatar.com\/avatar\/4daa437093476dbc32da415c112b6512?s=96&d=mm&r=g","caption":"Hilmar"},"description":"Hilmar est un passionn\u00e9 des r\u00e9gions polaires, sp\u00e9cialis\u00e9 dans la r\u00e9daction d'articles sur le Spitzberg et autres destinations arctiques. Il apporte son expertise et sa passion pour l'Arctique au sein de l'\u00e9quipe de r\u00e9daction de Svalbard depuis de nombreuses ann\u00e9es.","sameAs":["https:\/\/www.svalbard.fr\/"]}]}},"_links":{"self":[{"href":"https:\/\/www.svalbard.fr\/actualites\/wp-json\/wp\/v2\/posts\/1573"}],"collection":[{"href":"https:\/\/www.svalbard.fr\/actualites\/wp-json\/wp\/v2\/posts"}],"about":[{"href":"https:\/\/www.svalbard.fr\/actualites\/wp-json\/wp\/v2\/types\/post"}],"author":[{"embeddable":true,"href":"https:\/\/www.svalbard.fr\/actualites\/wp-json\/wp\/v2\/users\/1"}],"replies":[{"embeddable":true,"href":"https:\/\/www.svalbard.fr\/actualites\/wp-json\/wp\/v2\/comments?post=1573"}],"version-history":[{"count":1,"href":"https:\/\/www.svalbard.fr\/actualites\/wp-json\/wp\/v2\/posts\/1573\/revisions"}],"predecessor-version":[{"id":1575,"href":"https:\/\/www.svalbard.fr\/actualites\/wp-json\/wp\/v2\/posts\/1573\/revisions\/1575"}],"wp:featuredmedia":[{"embeddable":true,"href":"https:\/\/www.svalbard.fr\/actualites\/wp-json\/wp\/v2\/media\/1574"}],"wp:attachment":[{"href":"https:\/\/www.svalbard.fr\/actualites\/wp-json\/wp\/v2\/media?parent=1573"}],"wp:term":[{"taxonomy":"category","embeddable":true,"href":"https:\/\/www.svalbard.fr\/actualites\/wp-json\/wp\/v2\/categories?post=1573"},{"taxonomy":"post_tag","embeddable":true,"href":"https:\/\/www.svalbard.fr\/actualites\/wp-json\/wp\/v2\/tags?post=1573"}],"curies":[{"name":"wp","href":"https:\/\/api.w.org\/{rel}","templated":true}]}}