{"id":158,"date":"2023-09-05T00:17:24","date_gmt":"2023-09-04T22:17:24","guid":{"rendered":"https:\/\/www.svalbard.fr\/actualites\/detectives-morses-le-public-est-invite-a-compter-les-mammiferes-arctiques-sur-les-images-satellite\/"},"modified":"2023-09-05T00:17:24","modified_gmt":"2023-09-04T22:17:24","slug":"detectives-morses-le-public-est-invite-a-compter-les-mammiferes-arctiques-sur-les-images-satellite","status":"publish","type":"post","link":"https:\/\/www.svalbard.fr\/actualites\/detectives-morses-le-public-est-invite-a-compter-les-mammiferes-arctiques-sur-les-images-satellite\/","title":{"rendered":"D\u00e9tectives morses : le public est invit\u00e9 \u00e0 compter les mammif\u00e8res arctiques sur les images satellite"},"content":{"rendered":"<p>Le programme de science citoyenne du WWF et du British Antarctic Survey vise \u00e0 aider \u00e0 conserver les morses face au changement climatique.<br \/>\n<\/p>\n<p>On demande aux gens de devenir des \u00ab d\u00e9tectives des morses \u00bb et de rechercher les cr\u00e9atures arctiques sur des images satellite pour contribuer \u00e0 leur conservation.<\/p>\n<p>Les morses, grands mammif\u00e8res marins qui vivent autour de l&rsquo;Arctique, sont menac\u00e9s par le changement climatique, qui r\u00e9chauffe la r\u00e9gion beaucoup plus rapidement que les temp\u00e9ratures n&rsquo;augmentent \u00e0 l&rsquo;\u00e9chelle mondiale et ne modifient rapidement leur habitat.<\/p>\n<p>Pour tenter de les aider, l&rsquo;association caritative de conservation WWF et le British Antarctic Survey (BAS) demandent au public de participer \u00e0 leur projet Walrus From Space.<\/p>\n<p>Des milliers d\u2019images de morses collect\u00e9es en 2021 par la soci\u00e9t\u00e9 de technologie spatiale et de renseignement Maxar Technologies ont \u00e9t\u00e9 charg\u00e9es sur la plateforme scientifique citoyenne.<\/p>\n<p>Des observateurs de la faune en fauteuil roulant sont invit\u00e9s \u00e0 examiner les photos et \u00e0 compter les morses pour aider les scientifiques \u00e0 constituer des donn\u00e9es sur les populations de morses de l&rsquo;Atlantique et de Laptev, ceux qui vivent dans la mer de Laptev en Russie.<\/p>\n<p>Le projet quinquennal, men\u00e9 avec des scientifiques de tout l&rsquo;Arctique, vise \u00e0 r\u00e9aliser un recensement utilisant l&rsquo;imagerie satellite et \u00e0 explorer ce qui pourrait arriver aux morses dans le contexte d&rsquo;un changement climatique rapide.<\/p>\n<p>Les grands animaux sociaux, qui se rassemblent en groupes appel\u00e9s troupeaux, groupes ou \u00e9choueries, ont besoin de vastes zones d&rsquo;eau peu profonde, avec beaucoup de coquillages \u00e0 manger et d&rsquo;endroits \u00e0 proximit\u00e9 pour se reposer.<\/p>\n<p>La phase de comptage du programme Walrus From Space est ouverte du 17 janvier au 7 f\u00e9vrier.<\/p>\n<p>Cela survient apr\u00e8s que les \u00e9quipes scientifiques du WWF et du BAS ont visit\u00e9 les plages o\u00f9 se reposent les mammif\u00e8res marins, \u00e0 Svalbard, dans l&rsquo;Arctique norv\u00e9gien, pour calibrer et valider les d\u00e9comptes d&rsquo;images satellite des morses au sol.<\/p>\n<p>Ils ont \u00e9galement constat\u00e9 \u00e0 quel point la menace du changement climatique est r\u00e9elle pour les morses dans la r\u00e9gion, qui se r\u00e9chauffe plus rapidement que partout ailleurs dans l&rsquo;Arctique et pourrait se r\u00e9chauffer cinq \u00e0 sept fois plus vite que la moyenne mondiale, ont-ils d\u00e9clar\u00e9.<\/p>\n<p>Rod Downie, conseiller polaire en chef du WWF Royaume-Uni, a d\u00e9clar\u00e9 : \u00ab Les morses sont des animaux grands et puissants, mais ils sont \u00e9galement de plus en plus vuln\u00e9rables aux implications de la crise climatique, car la glace marine fond litt\u00e9ralement sous eux.<\/p>\n<p>\u00ab Ce que nous essayons de faire \u2013 avec l\u2019aide du public \u2013 c\u2019est de mieux comprendre les morses, comment ils sont actuellement affect\u00e9s par la crise climatique et comment ils pourraient r\u00e9agir dans un avenir modifi\u00e9 par le climat.<\/p>\n<p>\u00ab Nous faisons cela pour fournir des preuves appuyant la conservation de l\u2019esp\u00e8ce dans toute son aire de r\u00e9partition. \u00bb<\/p>\n<p>Hannah Cubaynes, scientifique en conservation du BAS, a d\u00e9clar\u00e9 : \u00ab L&rsquo;Arctique est une r\u00e9gion vaste et isol\u00e9e, ce qui en fait un endroit difficile pour les scientifiques, et nous savons que les morses peuvent \u00eatre tr\u00e8s facilement d\u00e9rang\u00e9s par la pr\u00e9sence humaine.<\/p>\n<p>\u00ab C&rsquo;est pourquoi nous nous sommes associ\u00e9s \u00e0 Maxar, un fournisseur de donn\u00e9es et d&rsquo;images satellite, pour collecter des images d&rsquo;\u00e9chouages \u200b\u200bde morses avant de les charger sur la plateforme GeoHive de l&rsquo;entreprise.<\/p>\n<p>\u00ab Nous demandons aux gens \u00e0 la maison de s&rsquo;inscrire pour nous aider \u00e0 rechercher et \u00e0 compter plus tard les morses.<\/p>\n<p>\u00ab\u00a0Mais vous n&rsquo;\u00eates pas oblig\u00e9 de voyager jusqu&rsquo;au bout du monde : vous pouvez le faire dans le confort de votre foyer.\u00a0\u00bb<\/p>\n<p>Pour en savoir plus et participer au d\u00e9compte, les gens peuvent visiter wwf.org.uk\/walrusfromspace<\/p>\n","protected":false},"excerpt":{"rendered":"<p>Le programme de science citoyenne du WWF et du British Antarctic Survey vise \u00e0 aider \u00e0 conserver les morses face au changement climatique. On demande<\/p>\n","protected":false},"author":1,"featured_media":159,"comment_status":"","ping_status":"","sticky":false,"template":"","format":"standard","meta":{"footnotes":""},"categories":[1],"tags":[89,211,209,154,213,155,3,212,166,210,214,28],"yoast_head":"<!-- This site is optimized with the Yoast SEO plugin v21.0 - https:\/\/yoast.com\/wordpress\/plugins\/seo\/ -->\n<title>D\u00e9tectives morses : le public est invit\u00e9 \u00e0 compter les mammif\u00e8res arctiques sur les images satellite<\/title>\n<meta name=\"robots\" content=\"index, follow, max-snippet:-1, max-image-preview:large, max-video-preview:-1\" \/>\n<link rel=\"canonical\" href=\"https:\/\/www.svalbard.fr\/actualites\/detectives-morses-le-public-est-invite-a-compter-les-mammiferes-arctiques-sur-les-images-satellite\/\" \/>\n<meta property=\"og:locale\" content=\"fr_FR\" \/>\n<meta property=\"og:type\" content=\"article\" \/>\n<meta property=\"og:title\" content=\"D\u00e9tectives morses : le public est invit\u00e9 \u00e0 compter les mammif\u00e8res arctiques sur les images satellite\" \/>\n<meta property=\"og:description\" content=\"Le programme de science citoyenne du WWF et du British Antarctic Survey vise \u00e0 aider \u00e0 conserver les morses face au changement climatique. On demande\" \/>\n<meta property=\"og:url\" content=\"https:\/\/www.svalbard.fr\/actualites\/detectives-morses-le-public-est-invite-a-compter-les-mammiferes-arctiques-sur-les-images-satellite\/\" \/>\n<meta property=\"og:site_name\" content=\"www.Svalbard.fr\" \/>\n<meta property=\"article:published_time\" content=\"2023-09-04T22:17:24+00:00\" \/>\n<meta property=\"og:image\" content=\"https:\/\/www.svalbard.fr\/actualites\/wp-content\/uploads\/2023\/09\/head-nom.jpg\" \/>\n\t<meta property=\"og:image:width\" content=\"264\" \/>\n\t<meta property=\"og:image:height\" content=\"35\" \/>\n\t<meta property=\"og:image:type\" content=\"image\/jpeg\" \/>\n<meta name=\"author\" content=\"Hilmar\" \/>\n<meta name=\"twitter:card\" content=\"summary_large_image\" \/>\n<meta name=\"twitter:label1\" content=\"\u00c9crit par\" \/>\n\t<meta name=\"twitter:data1\" content=\"Hilmar\" \/>\n\t<meta name=\"twitter:label2\" content=\"Dur\u00e9e de lecture estim\u00e9e\" \/>\n\t<meta name=\"twitter:data2\" content=\"3 minutes\" \/>\n<script type=\"application\/ld+json\" class=\"yoast-schema-graph\">{\"@context\":\"https:\/\/schema.org\",\"@graph\":[{\"@type\":\"Article\",\"@id\":\"https:\/\/www.svalbard.fr\/actualites\/detectives-morses-le-public-est-invite-a-compter-les-mammiferes-arctiques-sur-les-images-satellite\/#article\",\"isPartOf\":{\"@id\":\"https:\/\/www.svalbard.fr\/actualites\/detectives-morses-le-public-est-invite-a-compter-les-mammiferes-arctiques-sur-les-images-satellite\/\"},\"author\":{\"name\":\"Hilmar\",\"@id\":\"https:\/\/www.svalbard.fr\/actualites\/#\/schema\/person\/a2f937d5712222366738fae98755c600\"},\"headline\":\"D\u00e9tectives morses : le public est invit\u00e9 \u00e0 compter les mammif\u00e8res arctiques sur les images satellite\",\"datePublished\":\"2023-09-04T22:17:24+00:00\",\"dateModified\":\"2023-09-04T22:17:24+00:00\",\"mainEntityOfPage\":{\"@id\":\"https:\/\/www.svalbard.fr\/actualites\/detectives-morses-le-public-est-invite-a-compter-les-mammiferes-arctiques-sur-les-images-satellite\/\"},\"wordCount\":626,\"publisher\":{\"@id\":\"https:\/\/www.svalbard.fr\/actualites\/#organization\"},\"keywords\":[\"arctiques\",\"compter\",\"D\u00e9tectives\",\"est\",\"images\",\"invit\u00e9\",\"Les\",\"mammif\u00e8res\",\"morses\",\"public\",\"satellite\",\"sur\"],\"articleSection\":[\"Svalbard\"],\"inLanguage\":\"fr-FR\"},{\"@type\":\"WebPage\",\"@id\":\"https:\/\/www.svalbard.fr\/actualites\/detectives-morses-le-public-est-invite-a-compter-les-mammiferes-arctiques-sur-les-images-satellite\/\",\"url\":\"https:\/\/www.svalbard.fr\/actualites\/detectives-morses-le-public-est-invite-a-compter-les-mammiferes-arctiques-sur-les-images-satellite\/\",\"name\":\"D\u00e9tectives morses : le public est invit\u00e9 \u00e0 compter les mammif\u00e8res arctiques sur les images satellite\",\"isPartOf\":{\"@id\":\"https:\/\/www.svalbard.fr\/actualites\/#website\"},\"datePublished\":\"2023-09-04T22:17:24+00:00\",\"dateModified\":\"2023-09-04T22:17:24+00:00\",\"breadcrumb\":{\"@id\":\"https:\/\/www.svalbard.fr\/actualites\/detectives-morses-le-public-est-invite-a-compter-les-mammiferes-arctiques-sur-les-images-satellite\/#breadcrumb\"},\"inLanguage\":\"fr-FR\",\"potentialAction\":[{\"@type\":\"ReadAction\",\"target\":[\"https:\/\/www.svalbard.fr\/actualites\/detectives-morses-le-public-est-invite-a-compter-les-mammiferes-arctiques-sur-les-images-satellite\/\"]}]},{\"@type\":\"BreadcrumbList\",\"@id\":\"https:\/\/www.svalbard.fr\/actualites\/detectives-morses-le-public-est-invite-a-compter-les-mammiferes-arctiques-sur-les-images-satellite\/#breadcrumb\",\"itemListElement\":[{\"@type\":\"ListItem\",\"position\":1,\"name\":\"Accueil\",\"item\":\"https:\/\/www.svalbard.fr\/actualites\/\"},{\"@type\":\"ListItem\",\"position\":2,\"name\":\"D\u00e9tectives morses : le public est invit\u00e9 \u00e0 compter les mammif\u00e8res arctiques sur les images satellite\"}]},{\"@type\":\"WebSite\",\"@id\":\"https:\/\/www.svalbard.fr\/actualites\/#website\",\"url\":\"https:\/\/www.svalbard.fr\/actualites\/\",\"name\":\"www.Svalbard.fr\",\"description\":\"\",\"publisher\":{\"@id\":\"https:\/\/www.svalbard.fr\/actualites\/#organization\"},\"potentialAction\":[{\"@type\":\"SearchAction\",\"target\":{\"@type\":\"EntryPoint\",\"urlTemplate\":\"https:\/\/www.svalbard.fr\/actualites\/?s={search_term_string}\"},\"query-input\":\"required name=search_term_string\"}],\"inLanguage\":\"fr-FR\"},{\"@type\":\"Organization\",\"@id\":\"https:\/\/www.svalbard.fr\/actualites\/#organization\",\"name\":\"www.Svalbard.fr\",\"url\":\"https:\/\/www.svalbard.fr\/actualites\/\",\"logo\":{\"@type\":\"ImageObject\",\"inLanguage\":\"fr-FR\",\"@id\":\"https:\/\/www.svalbard.fr\/actualites\/#\/schema\/logo\/image\/\",\"url\":\"https:\/\/www.svalbard.fr\/actualites\/wp-content\/uploads\/2023\/09\/head-nom.jpg\",\"contentUrl\":\"https:\/\/www.svalbard.fr\/actualites\/wp-content\/uploads\/2023\/09\/head-nom.jpg\",\"width\":264,\"height\":35,\"caption\":\"www.Svalbard.fr\"},\"image\":{\"@id\":\"https:\/\/www.svalbard.fr\/actualites\/#\/schema\/logo\/image\/\"}},{\"@type\":\"Person\",\"@id\":\"https:\/\/www.svalbard.fr\/actualites\/#\/schema\/person\/a2f937d5712222366738fae98755c600\",\"name\":\"Hilmar\",\"image\":{\"@type\":\"ImageObject\",\"inLanguage\":\"fr-FR\",\"@id\":\"https:\/\/www.svalbard.fr\/actualites\/#\/schema\/person\/image\/\",\"url\":\"https:\/\/secure.gravatar.com\/avatar\/4daa437093476dbc32da415c112b6512?s=96&d=mm&r=g\",\"contentUrl\":\"https:\/\/secure.gravatar.com\/avatar\/4daa437093476dbc32da415c112b6512?s=96&d=mm&r=g\",\"caption\":\"Hilmar\"},\"description\":\"Hilmar est un passionn\u00e9 des r\u00e9gions polaires, sp\u00e9cialis\u00e9 dans la r\u00e9daction d'articles sur le Spitzberg et autres destinations arctiques. Il apporte son expertise et sa passion pour l'Arctique au sein de l'\u00e9quipe de r\u00e9daction de Svalbard depuis de nombreuses ann\u00e9es.\",\"sameAs\":[\"https:\/\/www.svalbard.fr\/\"]}]}<\/script>\n<!-- \/ Yoast SEO plugin. -->","yoast_head_json":{"title":"D\u00e9tectives morses : le public est invit\u00e9 \u00e0 compter les mammif\u00e8res arctiques sur les images satellite","robots":{"index":"index","follow":"follow","max-snippet":"max-snippet:-1","max-image-preview":"max-image-preview:large","max-video-preview":"max-video-preview:-1"},"canonical":"https:\/\/www.svalbard.fr\/actualites\/detectives-morses-le-public-est-invite-a-compter-les-mammiferes-arctiques-sur-les-images-satellite\/","og_locale":"fr_FR","og_type":"article","og_title":"D\u00e9tectives morses : le public est invit\u00e9 \u00e0 compter les mammif\u00e8res arctiques sur les images satellite","og_description":"Le programme de science citoyenne du WWF et du British Antarctic Survey vise \u00e0 aider \u00e0 conserver les morses face au changement climatique. On demande","og_url":"https:\/\/www.svalbard.fr\/actualites\/detectives-morses-le-public-est-invite-a-compter-les-mammiferes-arctiques-sur-les-images-satellite\/","og_site_name":"www.Svalbard.fr","article_published_time":"2023-09-04T22:17:24+00:00","og_image":[{"width":264,"height":35,"url":"https:\/\/www.svalbard.fr\/actualites\/wp-content\/uploads\/2023\/09\/head-nom.jpg","type":"image\/jpeg"}],"author":"Hilmar","twitter_card":"summary_large_image","twitter_misc":{"\u00c9crit par":"Hilmar","Dur\u00e9e de lecture estim\u00e9e":"3 minutes"},"schema":{"@context":"https:\/\/schema.org","@graph":[{"@type":"Article","@id":"https:\/\/www.svalbard.fr\/actualites\/detectives-morses-le-public-est-invite-a-compter-les-mammiferes-arctiques-sur-les-images-satellite\/#article","isPartOf":{"@id":"https:\/\/www.svalbard.fr\/actualites\/detectives-morses-le-public-est-invite-a-compter-les-mammiferes-arctiques-sur-les-images-satellite\/"},"author":{"name":"Hilmar","@id":"https:\/\/www.svalbard.fr\/actualites\/#\/schema\/person\/a2f937d5712222366738fae98755c600"},"headline":"D\u00e9tectives morses : le public est invit\u00e9 \u00e0 compter les mammif\u00e8res arctiques sur les images satellite","datePublished":"2023-09-04T22:17:24+00:00","dateModified":"2023-09-04T22:17:24+00:00","mainEntityOfPage":{"@id":"https:\/\/www.svalbard.fr\/actualites\/detectives-morses-le-public-est-invite-a-compter-les-mammiferes-arctiques-sur-les-images-satellite\/"},"wordCount":626,"publisher":{"@id":"https:\/\/www.svalbard.fr\/actualites\/#organization"},"keywords":["arctiques","compter","D\u00e9tectives","est","images","invit\u00e9","Les","mammif\u00e8res","morses","public","satellite","sur"],"articleSection":["Svalbard"],"inLanguage":"fr-FR"},{"@type":"WebPage","@id":"https:\/\/www.svalbard.fr\/actualites\/detectives-morses-le-public-est-invite-a-compter-les-mammiferes-arctiques-sur-les-images-satellite\/","url":"https:\/\/www.svalbard.fr\/actualites\/detectives-morses-le-public-est-invite-a-compter-les-mammiferes-arctiques-sur-les-images-satellite\/","name":"D\u00e9tectives morses : le public est invit\u00e9 \u00e0 compter les mammif\u00e8res arctiques sur les images satellite","isPartOf":{"@id":"https:\/\/www.svalbard.fr\/actualites\/#website"},"datePublished":"2023-09-04T22:17:24+00:00","dateModified":"2023-09-04T22:17:24+00:00","breadcrumb":{"@id":"https:\/\/www.svalbard.fr\/actualites\/detectives-morses-le-public-est-invite-a-compter-les-mammiferes-arctiques-sur-les-images-satellite\/#breadcrumb"},"inLanguage":"fr-FR","potentialAction":[{"@type":"ReadAction","target":["https:\/\/www.svalbard.fr\/actualites\/detectives-morses-le-public-est-invite-a-compter-les-mammiferes-arctiques-sur-les-images-satellite\/"]}]},{"@type":"BreadcrumbList","@id":"https:\/\/www.svalbard.fr\/actualites\/detectives-morses-le-public-est-invite-a-compter-les-mammiferes-arctiques-sur-les-images-satellite\/#breadcrumb","itemListElement":[{"@type":"ListItem","position":1,"name":"Accueil","item":"https:\/\/www.svalbard.fr\/actualites\/"},{"@type":"ListItem","position":2,"name":"D\u00e9tectives morses : le public est invit\u00e9 \u00e0 compter les mammif\u00e8res arctiques sur les images satellite"}]},{"@type":"WebSite","@id":"https:\/\/www.svalbard.fr\/actualites\/#website","url":"https:\/\/www.svalbard.fr\/actualites\/","name":"www.Svalbard.fr","description":"","publisher":{"@id":"https:\/\/www.svalbard.fr\/actualites\/#organization"},"potentialAction":[{"@type":"SearchAction","target":{"@type":"EntryPoint","urlTemplate":"https:\/\/www.svalbard.fr\/actualites\/?s={search_term_string}"},"query-input":"required name=search_term_string"}],"inLanguage":"fr-FR"},{"@type":"Organization","@id":"https:\/\/www.svalbard.fr\/actualites\/#organization","name":"www.Svalbard.fr","url":"https:\/\/www.svalbard.fr\/actualites\/","logo":{"@type":"ImageObject","inLanguage":"fr-FR","@id":"https:\/\/www.svalbard.fr\/actualites\/#\/schema\/logo\/image\/","url":"https:\/\/www.svalbard.fr\/actualites\/wp-content\/uploads\/2023\/09\/head-nom.jpg","contentUrl":"https:\/\/www.svalbard.fr\/actualites\/wp-content\/uploads\/2023\/09\/head-nom.jpg","width":264,"height":35,"caption":"www.Svalbard.fr"},"image":{"@id":"https:\/\/www.svalbard.fr\/actualites\/#\/schema\/logo\/image\/"}},{"@type":"Person","@id":"https:\/\/www.svalbard.fr\/actualites\/#\/schema\/person\/a2f937d5712222366738fae98755c600","name":"Hilmar","image":{"@type":"ImageObject","inLanguage":"fr-FR","@id":"https:\/\/www.svalbard.fr\/actualites\/#\/schema\/person\/image\/","url":"https:\/\/secure.gravatar.com\/avatar\/4daa437093476dbc32da415c112b6512?s=96&d=mm&r=g","contentUrl":"https:\/\/secure.gravatar.com\/avatar\/4daa437093476dbc32da415c112b6512?s=96&d=mm&r=g","caption":"Hilmar"},"description":"Hilmar est un passionn\u00e9 des r\u00e9gions polaires, sp\u00e9cialis\u00e9 dans la r\u00e9daction d'articles sur le Spitzberg et autres destinations arctiques. Il apporte son expertise et sa passion pour l'Arctique au sein de l'\u00e9quipe de r\u00e9daction de Svalbard depuis de nombreuses ann\u00e9es.","sameAs":["https:\/\/www.svalbard.fr\/"]}]}},"_links":{"self":[{"href":"https:\/\/www.svalbard.fr\/actualites\/wp-json\/wp\/v2\/posts\/158"}],"collection":[{"href":"https:\/\/www.svalbard.fr\/actualites\/wp-json\/wp\/v2\/posts"}],"about":[{"href":"https:\/\/www.svalbard.fr\/actualites\/wp-json\/wp\/v2\/types\/post"}],"author":[{"embeddable":true,"href":"https:\/\/www.svalbard.fr\/actualites\/wp-json\/wp\/v2\/users\/1"}],"replies":[{"embeddable":true,"href":"https:\/\/www.svalbard.fr\/actualites\/wp-json\/wp\/v2\/comments?post=158"}],"version-history":[{"count":0,"href":"https:\/\/www.svalbard.fr\/actualites\/wp-json\/wp\/v2\/posts\/158\/revisions"}],"wp:featuredmedia":[{"embeddable":true,"href":"https:\/\/www.svalbard.fr\/actualites\/wp-json\/wp\/v2\/media\/159"}],"wp:attachment":[{"href":"https:\/\/www.svalbard.fr\/actualites\/wp-json\/wp\/v2\/media?parent=158"}],"wp:term":[{"taxonomy":"category","embeddable":true,"href":"https:\/\/www.svalbard.fr\/actualites\/wp-json\/wp\/v2\/categories?post=158"},{"taxonomy":"post_tag","embeddable":true,"href":"https:\/\/www.svalbard.fr\/actualites\/wp-json\/wp\/v2\/tags?post=158"}],"curies":[{"name":"wp","href":"https:\/\/api.w.org\/{rel}","templated":true}]}}