{"id":164,"date":"2023-09-05T15:27:48","date_gmt":"2023-09-05T13:27:48","guid":{"rendered":"https:\/\/www.svalbard.fr\/actualites\/leglise-aide-la-communaute-miniere-a-evoluer-dans-lobscurite-et-le-rechauffement-de-larctique-2\/"},"modified":"2023-09-05T15:27:48","modified_gmt":"2023-09-05T13:27:48","slug":"leglise-aide-la-communaute-miniere-a-evoluer-dans-lobscurite-et-le-rechauffement-de-larctique-2","status":"publish","type":"post","link":"https:\/\/www.svalbard.fr\/actualites\/leglise-aide-la-communaute-miniere-a-evoluer-dans-lobscurite-et-le-rechauffement-de-larctique-2\/","title":{"rendered":"L\u2019\u00c9glise aide la communaut\u00e9 mini\u00e8re \u00e0 \u00e9voluer dans l\u2019obscurit\u00e9 et le r\u00e9chauffement de l\u2019Arctique"},"content":{"rendered":"<p>La vie sociale du village norv\u00e9gien de Longyearbyen \u2013 entour\u00e9 de montagnes, d&rsquo;un glacier et d&rsquo;un fjord sur une \u00eele isol\u00e9e de l&rsquo;Arctique \u2013 a longtemps tourn\u00e9 autour de sa seule \u00e9glise.<br \/>\n<\/p>\n<p>  La lueur chaleureuse des lumi\u00e8res de Svalbard Kirke brille sur le versant de la montagne d&rsquo;o\u00f9 se trouve l&rsquo;\u00e9glise au-dessus de ce village isol\u00e9 de l&rsquo;Arctique norv\u00e9gien, envelopp\u00e9 dans l&rsquo;obscurit\u00e9 constante de la nuit polaire.<\/p>\n<p>Un si\u00e8cle apr\u00e8s sa fondation pour servir les mineurs de charbon qui se sont install\u00e9s \u00e0 Longyearbyen, la maison de foi luth\u00e9rienne est ouverte 24h\/24 et 7j\/7, servant de phare \u00e0 la communaut\u00e9 qui traverse un changement radical d&rsquo;identit\u00e9.<\/p>\n<p>La derni\u00e8re mine de charbon norv\u00e9gienne du Svalbard \u2013 un archipel qui est l&rsquo;un des endroits o\u00f9 le r\u00e9chauffement est le plus rapide au monde \u2013 devait fermer cette ann\u00e9e et n&rsquo;a obtenu un sursis que jusqu&rsquo;en 2025 en raison de la crise \u00e9nerg\u00e9tique provoqu\u00e9e par la guerre en Ukraine.<\/p>\n<p>Pour le pasteur solitaire, le d\u00e9fi consiste \u00e0 remplir la mission historique de l&rsquo;\u00c9glise, qui consiste \u00e0 s&rsquo;occuper de ceux qui sont en crise, tout en relevant un d\u00e9fi contemporain urgent et source de division.<\/p>\n<p>\u00ab Nous prions chaque dimanche pour tous ceux qui sont touch\u00e9s par le changement climatique \u00bb, a d\u00e9clar\u00e9 le r\u00e9v\u00e9rend Siv Limstrand. <\/p>\n<p>Svalbard Kirke vous invite \u00e0 d\u00e9couvrir son salon chauff\u00e9 par une chemin\u00e9e qui s&rsquo;ouvre sur le sanctuaire.  Une tasse de caf\u00e9 ou des recueils de cantiques en plusieurs langues sont toujours disponibles.<\/p>\n<p>\u00ab Il n&rsquo;est pas n\u00e9cessaire d&rsquo;\u00eatre tr\u00e8s religieux.  Ils ont de la place pour tout le monde \u00bb, a d\u00e9clar\u00e9 Leonard Snoeks, dont la fille chante dans Polargospel, la chorale d&rsquo;enfants de l&rsquo;\u00e9glise, et dont la femme travaille sur le plan \u00e9nerg\u00e9tique de la ville. <\/p>\n<p>Le passage cette ann\u00e9e de la production d&rsquo;\u00e9nergie au charbon \u00e0 la production d&rsquo;\u00e9nergie au diesel dans l&rsquo;usine \u2013 qui a motiv\u00e9 la d\u00e9cision de la mine de fermer \u2013 devrait r\u00e9duire de moiti\u00e9 les \u00e9missions de dioxyde de carbone, a d\u00e9clar\u00e9 Torbj\u00f8rn Gr\u00f8tte, chef du projet de transition \u00e9nerg\u00e9tique \u00e0 Longyearbyen.<\/p>\n<p>Alors que le changement tourbillonne plus vite que les cong\u00e8res \u00e0 l\u2019ext\u00e9rieur, le r\u00f4le d\u2019ancrage de l\u2019\u00c9glise semble sur le point de rester la seule constante. <\/p>\n<p>Il attire des mineurs qui ont assist\u00e9 aux fun\u00e9railles de coll\u00e8gues d\u00e9c\u00e9d\u00e9s au travail au fil des d\u00e9cennies, ainsi que des scientifiques et des travailleurs du tourisme nouvellement arriv\u00e9s qui cherchent \u00e0 s&rsquo;int\u00e9grer dans une communaut\u00e9 de plus en plus diversifi\u00e9e o\u00f9 les gens ont d\u00e9sormais tendance \u00e0 ne rester que quelques ann\u00e9es. <\/p>\n<p>Store Norske, la soci\u00e9t\u00e9 norv\u00e9gienne qui exploite toujours la mine restante, a construit la premi\u00e8re \u00e9glise en 1921 \u00e0 Longyearbyen, qui a \u00e9t\u00e9 habit\u00e9e pendant la majeure partie du XXe si\u00e8cle par des mineurs c\u00e9libataires et les familles des dirigeants de la mine. <\/p>\n<p>Trond Johansen avait 17 ans lorsqu&rsquo;il arriva en 1971 \u00e0 bord d&rsquo;un avion affr\u00e9t\u00e9 par la soci\u00e9t\u00e9 mini\u00e8re.  En sirotant un caf\u00e9 noir un matin de mi-janvier dans le caf\u00e9 \u00e9l\u00e9gant de la ville, le mineur \u00e0 la retraite se souvient de l&rsquo;\u00e9poque o\u00f9 le divertissement principal avait lieu \u00e0 l&rsquo;\u00e9glise.<\/p>\n<p>Johansen et ses coll\u00e8gues mineurs se sont r\u00e9unis le mercredi pour regarder des cassettes vid\u00e9o vieilles de quatre semaines contenant des informations en provenance du continent \u2013 \u200b\u200bbien qu&rsquo;ils aient ignor\u00e9 les pr\u00e9visions m\u00e9t\u00e9orologiques, a ajout\u00e9 Johansen en riant. <\/p>\n<p>\u00ab\u00a0C&rsquo;\u00e9tait un endroit fantastique pour grandir, probablement plus libre que beaucoup d&rsquo;endroits, et il y avait la nature sauvage et l&rsquo;excitation avec les ours polaires qui r\u00f4daient\u00a0\u00bb, a d\u00e9clar\u00e9 Bent Jakobsen, n\u00e9 \u00e0 Svalbard et qui travaille \u00e0 la mine de charbon comme son p\u00e8re. et des fr\u00e8res avant lui.<\/p>\n<p>Mais aujourd&rsquo;hui, il plaisante : la fermeture de la mine fera de lui une esp\u00e8ce en voie de disparition, au m\u00eame titre que le pr\u00e9dateur embl\u00e9matique de l&rsquo;Arctique.<\/p>\n<p>\u00ab\u00a0Je peux \u00eatre empaill\u00e9 et mis au mus\u00e9e, moi et l&rsquo;ours polaire\u00a0\u00bb, a d\u00e9clar\u00e9 Jakobsen.<\/p>\n<p>L&rsquo;environnement naturel du Svalbard \u00e9volue \u00e9galement rapidement.  Il n&rsquo;y a plus de glace sur Isfjorden, qui se traduit par \u00ab fjord de glace \u00bb et dont la couverture de glace de plusieurs pieds d&rsquo;\u00e9paisseur \u00e9tait autrefois travers\u00e9e par les ours polaires en hiver jusqu&rsquo;\u00e0 il y a une douzaine d&rsquo;ann\u00e9es.<\/p>\n<p>\u00ab\u00a0Tout a chang\u00e9, sauf l&rsquo;obscurit\u00e9\u00a0\u00bb, a d\u00e9clar\u00e9 Kim Holm\u00e9n, conseiller sp\u00e9cial de l&rsquo;Institut polaire norv\u00e9gien. <\/p>\n<p>Balay\u00e9 par le courant oc\u00e9anique du Gulf Stream et avec des eaux libres croissantes qui acc\u00e9l\u00e8rent le r\u00e9chauffement, le Svalbard se r\u00e9chauffe encore plus rapidement que le reste de l&rsquo;Arctique. <\/p>\n<p>Des pluies hivernales inhabituelles perturbent le manteau neigeux, entra\u00eenant de nouvelles avalanches, dont une mortelle aux alentours de No\u00ebl 2015 qui a tu\u00e9 deux personnes \u00e0 Longyearbyen.<\/p>\n<p>L&rsquo;un d&rsquo;eux \u00e9tait un ami du pasteur de Svalbard Kirke, le r\u00e9v\u00e9rend Leif Magne Helgesen, qui travaillait d\u00e9j\u00e0 \u00e0 sensibiliser les gens aux changements qu&rsquo;il observait sur l&rsquo;\u00eele.<\/p>\n<p>\u00ab En tant que pasteur du Svalbard, vous \u00eates le chef religieux le plus septentrional du monde.  Cela vous donne une chaire \u00bb, a d\u00e9clar\u00e9 Helgesen.<\/p>\n<p>Il a commenc\u00e9 \u00e0 inclure des pri\u00e8res sur le climat dans les services religieux.  Il a \u00e9galement travaill\u00e9 avec Espen Rotevatn, alors directeur musical de l&rsquo;\u00e9glise, pour cr\u00e9er une messe sur le changement climatique \u2013 comprenant un rite de p\u00e9nitence pour piano avec des notes profondes et envo\u00fbtantes et des passages optimistes inspir\u00e9s du Blues.<\/p>\n<p>D\u2019un point de vue chr\u00e9tien, certains pourraient affirmer que Dieu peut tout arranger \u2013 mais Rotevatn partage un point de vue diff\u00e9rent qui, selon lui, est plus r\u00e9pandu dans l\u2019\u00c9glise norv\u00e9gienne.<\/p>\n<p>\u00ab\u00a0Nous avons la responsabilit\u00e9 de la terre qui nous est donn\u00e9e, de ne pas la d\u00e9truire, ce que nous pourrions faire maintenant\u00a0\u00bb, a d\u00e9clar\u00e9 Rotevatn.<\/p>\n<p>Pendant les mois d&rsquo;hiver, lorsque le soleil ne se l\u00e8ve jamais ici, entretenir une lumi\u00e8re allum\u00e9e devient plus qu&rsquo;une m\u00e9taphore pour Svalbard Kirke.<\/p>\n<p>\u00ab\u00a0L&rsquo;ouverture physique et l&rsquo;accessibilit\u00e9 pour moi non seulement symbolisent, mais c&rsquo;est aussi&#8230; un id\u00e9al de ce que devrait \u00eatre une \u00e9glise\u00a0\u00bb, a d\u00e9clar\u00e9 Limstrand, devenu pasteur ici en 2019.<\/p>\n<p>Parmi les quelques dizaines de fid\u00e8les pr\u00e9sents \u00e0 la messe du dimanche apr\u00e8s-midi de la mi-janvier se trouvait une famille hindoue : deux scientifiques indiens et leur fille de 18 mois, qu&rsquo;ils ont baptis\u00e9e Svalbie en hommage \u00e0 l&rsquo;archipel. <\/p>\n<p>\u00ab Dieu est Dieu, peu importe la religion.  Nous nous sentons bien, paisibles et calmes, comme nous le ressentons lorsque nous allons au temple \u00bb, a d\u00e9clar\u00e9 Neelu Singh.<\/p>\n<p>Ce que Limstrand appelle \u00ab l\u2019hospitalit\u00e9 spirituelle \u00bb s\u2019\u00e9tend \u00e9galement \u00e0 l\u2019ext\u00e9rieur de l\u2019\u00e9glise aux lattes rouges.<\/p>\n<p>Avant la pand\u00e9mie, elle recevait r\u00e9guli\u00e8rement des visites de pr\u00eatres catholiques et orthodoxes pour exercer leur minist\u00e8re aupr\u00e8s de leurs congr\u00e9gations \u2013 notamment des Polonais dans des stations de recherche isol\u00e9es et des Russes et Ukrainiens dans la ville mini\u00e8re de Barentsburg.<\/p>\n<p>La pasteur elle-m\u00eame se d\u00e9place pour c\u00e9l\u00e9brer des services au-del\u00e0 de l&rsquo;\u00e9glise \u2013 notamment pour aller baptiser deux enfants \u00e0 Green Dog, une entreprise de tra\u00eeneau \u00e0 chiens situ\u00e9e \u00e0 une demi-douzaine de kilom\u00e8tres de Longyearbyen, dans une large vall\u00e9e.<\/p>\n<p>Leur m\u00e8re, Karina Bernlow, est arriv\u00e9e au Svalbard il y a dix ans et a d\u00e9j\u00e0 vu Longyearbyen se transformer d&rsquo;une communaut\u00e9 o\u00f9 les familles mini\u00e8res vivaient depuis des g\u00e9n\u00e9rations et accueillaient chaleureusement les \u00e9trangers, \u00e0 un m\u00e9lange de travailleurs \u00e0 court terme qui ne se rencontrent presque jamais en dehors de leur travail. .<\/p>\n<p>\u00ab Un lieu sans histoire, voil\u00e0 ce qu&rsquo;il est en train de devenir.  Je peux voir comment cela dispara\u00eet \u00bb, a-t-elle d\u00e9clar\u00e9.  \u00ab\u00a0L&rsquo;\u00c9glise est un b\u00e2tisseur de ponts.\u00a0\u00bb <\/p>\n<p>C\u2019est exactement le genre d\u2019\u00e9glise que Limstrand souhaite promouvoir pour servir cette communaut\u00e9 en \u00e9volution.<\/p>\n<p>Ici, les gens se sentent chez eux lorsqu&rsquo;ils viennent prier pr\u00e8s de l&rsquo;autel rempli de roses, car ils ont d\u00e9j\u00e0 assist\u00e9 \u00e0 un concert ou au caf\u00e9 du mardi soir.<\/p>\n<p>\u00ab Ce n&rsquo;est pas l&rsquo;\u00e9glise du pasteur, ce n&rsquo;est pas l&rsquo;\u00e9glise de l&rsquo;\u00c9glise, ce n&rsquo;est pas l&rsquo;\u00e9glise du conseil de l&rsquo;\u00e9glise, mais c&rsquo;est notre \u00e9glise \u00bb, a d\u00e9clar\u00e9 Limstrand. <\/p>\n<p>___<\/p>\n<p>La couverture religieuse d&rsquo;Associated Press re\u00e7oit un soutien gr\u00e2ce \u00e0 la collaboration de l&rsquo;AP avec The Conversation US, avec un financement de Lilly Endowment Inc. L&rsquo;AP est seul responsable de ce contenu.<\/p>\n<p>__<\/p>\n<p>La couverture climatique et environnementale d\u2019Associated Press re\u00e7oit le soutien de plusieurs fondations priv\u00e9es.  En savoir plus sur l\u2019initiative climatique d\u2019AP ici.  L&rsquo;AP est seul responsable de tout le contenu.<\/p>\n","protected":false},"excerpt":{"rendered":"<p>La vie sociale du village norv\u00e9gien de Longyearbyen \u2013 entour\u00e9 de montagnes, d&rsquo;un glacier et d&rsquo;un fjord sur une \u00eele isol\u00e9e de l&rsquo;Arctique \u2013 a<\/p>\n","protected":false},"author":1,"featured_media":163,"comment_status":"","ping_status":"","sticky":false,"template":"","format":"standard","meta":{"footnotes":""},"categories":[1],"tags":[219,220,54,222,70,218,223,221,208],"yoast_head":"<!-- This site is optimized with the Yoast SEO plugin v21.0 - https:\/\/yoast.com\/wordpress\/plugins\/seo\/ -->\n<title>L\u2019\u00c9glise aide la communaut\u00e9 mini\u00e8re \u00e0 \u00e9voluer dans l\u2019obscurit\u00e9 et le r\u00e9chauffement de l\u2019Arctique<\/title>\n<meta name=\"robots\" content=\"index, follow, max-snippet:-1, max-image-preview:large, max-video-preview:-1\" \/>\n<link rel=\"canonical\" href=\"https:\/\/www.svalbard.fr\/actualites\/leglise-aide-la-communaute-miniere-a-evoluer-dans-lobscurite-et-le-rechauffement-de-larctique-2\/\" \/>\n<meta property=\"og:locale\" content=\"fr_FR\" \/>\n<meta property=\"og:type\" content=\"article\" \/>\n<meta property=\"og:title\" content=\"L\u2019\u00c9glise aide la communaut\u00e9 mini\u00e8re \u00e0 \u00e9voluer dans l\u2019obscurit\u00e9 et le r\u00e9chauffement de l\u2019Arctique\" \/>\n<meta property=\"og:description\" content=\"La vie sociale du village norv\u00e9gien de Longyearbyen \u2013 entour\u00e9 de montagnes, d&rsquo;un glacier et d&rsquo;un fjord sur une \u00eele isol\u00e9e de l&rsquo;Arctique \u2013 a\" \/>\n<meta property=\"og:url\" content=\"https:\/\/www.svalbard.fr\/actualites\/leglise-aide-la-communaute-miniere-a-evoluer-dans-lobscurite-et-le-rechauffement-de-larctique-2\/\" \/>\n<meta property=\"og:site_name\" content=\"www.Svalbard.fr\" \/>\n<meta property=\"article:published_time\" content=\"2023-09-05T13:27:48+00:00\" \/>\n<meta property=\"og:image\" content=\"https:\/\/www.svalbard.fr\/actualites\/wp-content\/uploads\/2023\/09\/head-nom.jpg\" \/>\n\t<meta property=\"og:image:width\" content=\"264\" \/>\n\t<meta property=\"og:image:height\" content=\"35\" \/>\n\t<meta property=\"og:image:type\" content=\"image\/jpeg\" \/>\n<meta name=\"author\" content=\"Hilmar\" \/>\n<meta name=\"twitter:card\" content=\"summary_large_image\" \/>\n<meta name=\"twitter:label1\" content=\"\u00c9crit par\" \/>\n\t<meta name=\"twitter:data1\" content=\"Hilmar\" \/>\n\t<meta name=\"twitter:label2\" content=\"Dur\u00e9e de lecture estim\u00e9e\" \/>\n\t<meta name=\"twitter:data2\" content=\"7 minutes\" \/>\n<script type=\"application\/ld+json\" class=\"yoast-schema-graph\">{\"@context\":\"https:\/\/schema.org\",\"@graph\":[{\"@type\":\"Article\",\"@id\":\"https:\/\/www.svalbard.fr\/actualites\/leglise-aide-la-communaute-miniere-a-evoluer-dans-lobscurite-et-le-rechauffement-de-larctique-2\/#article\",\"isPartOf\":{\"@id\":\"https:\/\/www.svalbard.fr\/actualites\/leglise-aide-la-communaute-miniere-a-evoluer-dans-lobscurite-et-le-rechauffement-de-larctique-2\/\"},\"author\":{\"name\":\"Hilmar\",\"@id\":\"https:\/\/www.svalbard.fr\/actualites\/#\/schema\/person\/a2f937d5712222366738fae98755c600\"},\"headline\":\"L\u2019\u00c9glise aide la communaut\u00e9 mini\u00e8re \u00e0 \u00e9voluer dans l\u2019obscurit\u00e9 et le r\u00e9chauffement de l\u2019Arctique\",\"datePublished\":\"2023-09-05T13:27:48+00:00\",\"dateModified\":\"2023-09-05T13:27:48+00:00\",\"mainEntityOfPage\":{\"@id\":\"https:\/\/www.svalbard.fr\/actualites\/leglise-aide-la-communaute-miniere-a-evoluer-dans-lobscurite-et-le-rechauffement-de-larctique-2\/\"},\"wordCount\":1505,\"publisher\":{\"@id\":\"https:\/\/www.svalbard.fr\/actualites\/#organization\"},\"keywords\":[\"aide\",\"communaut\u00e9\",\"dans\",\"\u00e9voluer\",\"lArctique\",\"L\u00c9glise\",\"lobscurit\u00e9\",\"mini\u00e8re\",\"r\u00e9chauffement\"],\"articleSection\":[\"Svalbard\"],\"inLanguage\":\"fr-FR\"},{\"@type\":\"WebPage\",\"@id\":\"https:\/\/www.svalbard.fr\/actualites\/leglise-aide-la-communaute-miniere-a-evoluer-dans-lobscurite-et-le-rechauffement-de-larctique-2\/\",\"url\":\"https:\/\/www.svalbard.fr\/actualites\/leglise-aide-la-communaute-miniere-a-evoluer-dans-lobscurite-et-le-rechauffement-de-larctique-2\/\",\"name\":\"L\u2019\u00c9glise aide la communaut\u00e9 mini\u00e8re \u00e0 \u00e9voluer dans l\u2019obscurit\u00e9 et le r\u00e9chauffement de l\u2019Arctique\",\"isPartOf\":{\"@id\":\"https:\/\/www.svalbard.fr\/actualites\/#website\"},\"datePublished\":\"2023-09-05T13:27:48+00:00\",\"dateModified\":\"2023-09-05T13:27:48+00:00\",\"breadcrumb\":{\"@id\":\"https:\/\/www.svalbard.fr\/actualites\/leglise-aide-la-communaute-miniere-a-evoluer-dans-lobscurite-et-le-rechauffement-de-larctique-2\/#breadcrumb\"},\"inLanguage\":\"fr-FR\",\"potentialAction\":[{\"@type\":\"ReadAction\",\"target\":[\"https:\/\/www.svalbard.fr\/actualites\/leglise-aide-la-communaute-miniere-a-evoluer-dans-lobscurite-et-le-rechauffement-de-larctique-2\/\"]}]},{\"@type\":\"BreadcrumbList\",\"@id\":\"https:\/\/www.svalbard.fr\/actualites\/leglise-aide-la-communaute-miniere-a-evoluer-dans-lobscurite-et-le-rechauffement-de-larctique-2\/#breadcrumb\",\"itemListElement\":[{\"@type\":\"ListItem\",\"position\":1,\"name\":\"Accueil\",\"item\":\"https:\/\/www.svalbard.fr\/actualites\/\"},{\"@type\":\"ListItem\",\"position\":2,\"name\":\"L\u2019\u00c9glise aide la communaut\u00e9 mini\u00e8re \u00e0 \u00e9voluer dans l\u2019obscurit\u00e9 et le r\u00e9chauffement de l\u2019Arctique\"}]},{\"@type\":\"WebSite\",\"@id\":\"https:\/\/www.svalbard.fr\/actualites\/#website\",\"url\":\"https:\/\/www.svalbard.fr\/actualites\/\",\"name\":\"www.Svalbard.fr\",\"description\":\"\",\"publisher\":{\"@id\":\"https:\/\/www.svalbard.fr\/actualites\/#organization\"},\"potentialAction\":[{\"@type\":\"SearchAction\",\"target\":{\"@type\":\"EntryPoint\",\"urlTemplate\":\"https:\/\/www.svalbard.fr\/actualites\/?s={search_term_string}\"},\"query-input\":\"required name=search_term_string\"}],\"inLanguage\":\"fr-FR\"},{\"@type\":\"Organization\",\"@id\":\"https:\/\/www.svalbard.fr\/actualites\/#organization\",\"name\":\"www.Svalbard.fr\",\"url\":\"https:\/\/www.svalbard.fr\/actualites\/\",\"logo\":{\"@type\":\"ImageObject\",\"inLanguage\":\"fr-FR\",\"@id\":\"https:\/\/www.svalbard.fr\/actualites\/#\/schema\/logo\/image\/\",\"url\":\"https:\/\/www.svalbard.fr\/actualites\/wp-content\/uploads\/2023\/09\/head-nom.jpg\",\"contentUrl\":\"https:\/\/www.svalbard.fr\/actualites\/wp-content\/uploads\/2023\/09\/head-nom.jpg\",\"width\":264,\"height\":35,\"caption\":\"www.Svalbard.fr\"},\"image\":{\"@id\":\"https:\/\/www.svalbard.fr\/actualites\/#\/schema\/logo\/image\/\"}},{\"@type\":\"Person\",\"@id\":\"https:\/\/www.svalbard.fr\/actualites\/#\/schema\/person\/a2f937d5712222366738fae98755c600\",\"name\":\"Hilmar\",\"image\":{\"@type\":\"ImageObject\",\"inLanguage\":\"fr-FR\",\"@id\":\"https:\/\/www.svalbard.fr\/actualites\/#\/schema\/person\/image\/\",\"url\":\"https:\/\/secure.gravatar.com\/avatar\/4daa437093476dbc32da415c112b6512?s=96&d=mm&r=g\",\"contentUrl\":\"https:\/\/secure.gravatar.com\/avatar\/4daa437093476dbc32da415c112b6512?s=96&d=mm&r=g\",\"caption\":\"Hilmar\"},\"description\":\"Hilmar est un passionn\u00e9 des r\u00e9gions polaires, sp\u00e9cialis\u00e9 dans la r\u00e9daction d'articles sur le Spitzberg et autres destinations arctiques. Il apporte son expertise et sa passion pour l'Arctique au sein de l'\u00e9quipe de r\u00e9daction de Svalbard depuis de nombreuses ann\u00e9es.\",\"sameAs\":[\"https:\/\/www.svalbard.fr\/\"]}]}<\/script>\n<!-- \/ Yoast SEO plugin. -->","yoast_head_json":{"title":"L\u2019\u00c9glise aide la communaut\u00e9 mini\u00e8re \u00e0 \u00e9voluer dans l\u2019obscurit\u00e9 et le r\u00e9chauffement de l\u2019Arctique","robots":{"index":"index","follow":"follow","max-snippet":"max-snippet:-1","max-image-preview":"max-image-preview:large","max-video-preview":"max-video-preview:-1"},"canonical":"https:\/\/www.svalbard.fr\/actualites\/leglise-aide-la-communaute-miniere-a-evoluer-dans-lobscurite-et-le-rechauffement-de-larctique-2\/","og_locale":"fr_FR","og_type":"article","og_title":"L\u2019\u00c9glise aide la communaut\u00e9 mini\u00e8re \u00e0 \u00e9voluer dans l\u2019obscurit\u00e9 et le r\u00e9chauffement de l\u2019Arctique","og_description":"La vie sociale du village norv\u00e9gien de Longyearbyen \u2013 entour\u00e9 de montagnes, d&rsquo;un glacier et d&rsquo;un fjord sur une \u00eele isol\u00e9e de l&rsquo;Arctique \u2013 a","og_url":"https:\/\/www.svalbard.fr\/actualites\/leglise-aide-la-communaute-miniere-a-evoluer-dans-lobscurite-et-le-rechauffement-de-larctique-2\/","og_site_name":"www.Svalbard.fr","article_published_time":"2023-09-05T13:27:48+00:00","og_image":[{"width":264,"height":35,"url":"https:\/\/www.svalbard.fr\/actualites\/wp-content\/uploads\/2023\/09\/head-nom.jpg","type":"image\/jpeg"}],"author":"Hilmar","twitter_card":"summary_large_image","twitter_misc":{"\u00c9crit par":"Hilmar","Dur\u00e9e de lecture estim\u00e9e":"7 minutes"},"schema":{"@context":"https:\/\/schema.org","@graph":[{"@type":"Article","@id":"https:\/\/www.svalbard.fr\/actualites\/leglise-aide-la-communaute-miniere-a-evoluer-dans-lobscurite-et-le-rechauffement-de-larctique-2\/#article","isPartOf":{"@id":"https:\/\/www.svalbard.fr\/actualites\/leglise-aide-la-communaute-miniere-a-evoluer-dans-lobscurite-et-le-rechauffement-de-larctique-2\/"},"author":{"name":"Hilmar","@id":"https:\/\/www.svalbard.fr\/actualites\/#\/schema\/person\/a2f937d5712222366738fae98755c600"},"headline":"L\u2019\u00c9glise aide la communaut\u00e9 mini\u00e8re \u00e0 \u00e9voluer dans l\u2019obscurit\u00e9 et le r\u00e9chauffement de l\u2019Arctique","datePublished":"2023-09-05T13:27:48+00:00","dateModified":"2023-09-05T13:27:48+00:00","mainEntityOfPage":{"@id":"https:\/\/www.svalbard.fr\/actualites\/leglise-aide-la-communaute-miniere-a-evoluer-dans-lobscurite-et-le-rechauffement-de-larctique-2\/"},"wordCount":1505,"publisher":{"@id":"https:\/\/www.svalbard.fr\/actualites\/#organization"},"keywords":["aide","communaut\u00e9","dans","\u00e9voluer","lArctique","L\u00c9glise","lobscurit\u00e9","mini\u00e8re","r\u00e9chauffement"],"articleSection":["Svalbard"],"inLanguage":"fr-FR"},{"@type":"WebPage","@id":"https:\/\/www.svalbard.fr\/actualites\/leglise-aide-la-communaute-miniere-a-evoluer-dans-lobscurite-et-le-rechauffement-de-larctique-2\/","url":"https:\/\/www.svalbard.fr\/actualites\/leglise-aide-la-communaute-miniere-a-evoluer-dans-lobscurite-et-le-rechauffement-de-larctique-2\/","name":"L\u2019\u00c9glise aide la communaut\u00e9 mini\u00e8re \u00e0 \u00e9voluer dans l\u2019obscurit\u00e9 et le r\u00e9chauffement de l\u2019Arctique","isPartOf":{"@id":"https:\/\/www.svalbard.fr\/actualites\/#website"},"datePublished":"2023-09-05T13:27:48+00:00","dateModified":"2023-09-05T13:27:48+00:00","breadcrumb":{"@id":"https:\/\/www.svalbard.fr\/actualites\/leglise-aide-la-communaute-miniere-a-evoluer-dans-lobscurite-et-le-rechauffement-de-larctique-2\/#breadcrumb"},"inLanguage":"fr-FR","potentialAction":[{"@type":"ReadAction","target":["https:\/\/www.svalbard.fr\/actualites\/leglise-aide-la-communaute-miniere-a-evoluer-dans-lobscurite-et-le-rechauffement-de-larctique-2\/"]}]},{"@type":"BreadcrumbList","@id":"https:\/\/www.svalbard.fr\/actualites\/leglise-aide-la-communaute-miniere-a-evoluer-dans-lobscurite-et-le-rechauffement-de-larctique-2\/#breadcrumb","itemListElement":[{"@type":"ListItem","position":1,"name":"Accueil","item":"https:\/\/www.svalbard.fr\/actualites\/"},{"@type":"ListItem","position":2,"name":"L\u2019\u00c9glise aide la communaut\u00e9 mini\u00e8re \u00e0 \u00e9voluer dans l\u2019obscurit\u00e9 et le r\u00e9chauffement de l\u2019Arctique"}]},{"@type":"WebSite","@id":"https:\/\/www.svalbard.fr\/actualites\/#website","url":"https:\/\/www.svalbard.fr\/actualites\/","name":"www.Svalbard.fr","description":"","publisher":{"@id":"https:\/\/www.svalbard.fr\/actualites\/#organization"},"potentialAction":[{"@type":"SearchAction","target":{"@type":"EntryPoint","urlTemplate":"https:\/\/www.svalbard.fr\/actualites\/?s={search_term_string}"},"query-input":"required name=search_term_string"}],"inLanguage":"fr-FR"},{"@type":"Organization","@id":"https:\/\/www.svalbard.fr\/actualites\/#organization","name":"www.Svalbard.fr","url":"https:\/\/www.svalbard.fr\/actualites\/","logo":{"@type":"ImageObject","inLanguage":"fr-FR","@id":"https:\/\/www.svalbard.fr\/actualites\/#\/schema\/logo\/image\/","url":"https:\/\/www.svalbard.fr\/actualites\/wp-content\/uploads\/2023\/09\/head-nom.jpg","contentUrl":"https:\/\/www.svalbard.fr\/actualites\/wp-content\/uploads\/2023\/09\/head-nom.jpg","width":264,"height":35,"caption":"www.Svalbard.fr"},"image":{"@id":"https:\/\/www.svalbard.fr\/actualites\/#\/schema\/logo\/image\/"}},{"@type":"Person","@id":"https:\/\/www.svalbard.fr\/actualites\/#\/schema\/person\/a2f937d5712222366738fae98755c600","name":"Hilmar","image":{"@type":"ImageObject","inLanguage":"fr-FR","@id":"https:\/\/www.svalbard.fr\/actualites\/#\/schema\/person\/image\/","url":"https:\/\/secure.gravatar.com\/avatar\/4daa437093476dbc32da415c112b6512?s=96&d=mm&r=g","contentUrl":"https:\/\/secure.gravatar.com\/avatar\/4daa437093476dbc32da415c112b6512?s=96&d=mm&r=g","caption":"Hilmar"},"description":"Hilmar est un passionn\u00e9 des r\u00e9gions polaires, sp\u00e9cialis\u00e9 dans la r\u00e9daction d'articles sur le Spitzberg et autres destinations arctiques. Il apporte son expertise et sa passion pour l'Arctique au sein de l'\u00e9quipe de r\u00e9daction de Svalbard depuis de nombreuses ann\u00e9es.","sameAs":["https:\/\/www.svalbard.fr\/"]}]}},"_links":{"self":[{"href":"https:\/\/www.svalbard.fr\/actualites\/wp-json\/wp\/v2\/posts\/164"}],"collection":[{"href":"https:\/\/www.svalbard.fr\/actualites\/wp-json\/wp\/v2\/posts"}],"about":[{"href":"https:\/\/www.svalbard.fr\/actualites\/wp-json\/wp\/v2\/types\/post"}],"author":[{"embeddable":true,"href":"https:\/\/www.svalbard.fr\/actualites\/wp-json\/wp\/v2\/users\/1"}],"replies":[{"embeddable":true,"href":"https:\/\/www.svalbard.fr\/actualites\/wp-json\/wp\/v2\/comments?post=164"}],"version-history":[{"count":0,"href":"https:\/\/www.svalbard.fr\/actualites\/wp-json\/wp\/v2\/posts\/164\/revisions"}],"wp:featuredmedia":[{"embeddable":true,"href":"https:\/\/www.svalbard.fr\/actualites\/wp-json\/wp\/v2\/media\/163"}],"wp:attachment":[{"href":"https:\/\/www.svalbard.fr\/actualites\/wp-json\/wp\/v2\/media?parent=164"}],"wp:term":[{"taxonomy":"category","embeddable":true,"href":"https:\/\/www.svalbard.fr\/actualites\/wp-json\/wp\/v2\/categories?post=164"},{"taxonomy":"post_tag","embeddable":true,"href":"https:\/\/www.svalbard.fr\/actualites\/wp-json\/wp\/v2\/tags?post=164"}],"curies":[{"name":"wp","href":"https:\/\/api.w.org\/{rel}","templated":true}]}}