{"id":1701,"date":"2024-11-14T09:19:43","date_gmt":"2024-11-14T08:19:43","guid":{"rendered":"https:\/\/www.svalbard.fr\/actualites\/jours-feries-en-norvege-2025\/"},"modified":"2024-11-14T09:19:43","modified_gmt":"2024-11-14T08:19:43","slug":"jours-feries-en-norvege-2025","status":"publish","type":"post","link":"https:\/\/www.svalbard.fr\/actualites\/jours-feries-en-norvege-2025\/","title":{"rendered":"Jours f\u00e9ri\u00e9s en Norv\u00e8ge 2025"},"content":{"rendered":"<div itemprop=\"text\">\n\t\t\t<span id=\"dpsp-post-content-markup\" data-image-pin-it=\"false\"><\/span><\/p>\n<p class=\"intro\">Vous planifiez un voyage, une randonn\u00e9e ou simplement une journ\u00e9e de d\u00e9tente \u00e0 la maison ? D\u00e9couvrez les prochains jours f\u00e9ri\u00e9s en Norv\u00e8ge gr\u00e2ce \u00e0 notre guide pratique, mis \u00e0 jour chaque ann\u00e9e.<\/p>\n<p>En plus des g\u00e9n\u00e9reuses allocations de vacances pr\u00e9vues dans la plupart des contrats de travail, les r\u00e9sidents norv\u00e9giens b\u00e9n\u00e9ficient \u00e9galement d&#39;un certain nombre de jours gratuits tout au long de l&#39;ann\u00e9e.<\/p>\n<figure class=\"wp-block-image size-large\"><img data-lazyloaded=\"1\" data-placeholder-resp=\"768x432\" fetchpriority=\"high\" decoding=\"async\" width=\"768\" height=\"432\" src=\"https:\/\/www.svalbard.fr\/actualites\/wp-content\/uploads\/2024\/11\/Jours-feries-en-Norvege-2025.jpg\" alt=\"Norv\u00e9gien un jour f\u00e9ri\u00e9.\" class=\"wp-image-82471\"  data-><noscript><img fetchpriority=\"high\" decoding=\"async\" width=\"768\" height=\"432\" src=\"https:\/\/www.svalbard.fr\/actualites\/wp-content\/uploads\/2024\/11\/Jours-feries-en-Norvege-2025.jpg\" alt=\"Norv\u00e9gien un jour f\u00e9ri\u00e9.\" class=\"wp-image-82471\"  ><\/noscript><\/figure>\n<p>Les jours f\u00e9ri\u00e9s en Norv\u00e8ge sont une p\u00e9riode privil\u00e9gi\u00e9e pour ralentir, honorer les traditions et profiter de la nature. Des d\u00e9fil\u00e9s dynamiques du Jour de la Constitution \u00e0 la c\u00e9l\u00e9bration pacifique du jour de l&#39;Ascension, ces f\u00eates r\u00e9v\u00e8lent les fortes racines culturelles du pays.<\/p>\n<p>Voici un aper\u00e7u des jours f\u00e9ri\u00e9s en Norv\u00e8ge, de leur histoire et de la fa\u00e7on dont les habitants les c\u00e9l\u00e8brent, parfois avec un peu plus qu&#39;une simple pause bien m\u00e9rit\u00e9e.<\/p>\n<h2 class=\"wp-block-heading\"><span class=\"ez-toc-section\" id=\"Norways_approach_to_public_holidays\"><\/span>L&#39;approche de la Norv\u00e8ge concernant les jours f\u00e9ri\u00e9s<span class=\"ez-toc-section-end\"><\/span><\/h2>\n<p>Beaucoup de ces jours, les jours f\u00e9ri\u00e9s comme les Britanniques les appellent, <em>Helligdager<\/em> comme disent les Norv\u00e9giens, sont en place pour des raisons religieuses historiques ou pour marquer des jours importants de l&#39;histoire de la Norv\u00e8ge.<\/p>\n<p>Si vous visitez la Norv\u00e8ge un de ces jours, vous pouvez vous attendre \u00e0 ce que la grande majorit\u00e9 des magasins et de nombreux restaurants et autres services soient ferm\u00e9s.<\/p>\n<p>Dans certains pays, dont le Royaume-Uni, les jours f\u00e9ri\u00e9s tombent un lundi quelle que soit la date r\u00e9elle en question. En Norv\u00e8ge, les jours f\u00e9ri\u00e9s (\u00e0 quelques exceptions pr\u00e8s) tombent <strong>date pr\u00e9cise<\/strong>.<\/p>\n<figure class=\"wp-block-image\"><img loading=\"lazy\" data-lazyloaded=\"1\" data-placeholder-resp=\"800x438\" decoding=\"async\" width=\"800\" height=\"438\" src=\"https:\/\/www.svalbard.fr\/actualites\/wp-content\/uploads\/2024\/11\/1731572383_509_Jours-feries-en-Norvege-2025.jpg\" alt=\"Jours f\u00e9ri\u00e9s norv\u00e9giens\" class=\"wp-image-25806\"  data-><noscript><img loading=\"lazy\" decoding=\"async\" width=\"800\" height=\"438\" src=\"https:\/\/www.svalbard.fr\/actualites\/wp-content\/uploads\/2024\/11\/1731572383_509_Jours-feries-en-Norvege-2025.jpg\" alt=\"Jours f\u00e9ri\u00e9s norv\u00e9giens\" class=\"wp-image-25806\"  ><\/noscript><\/figure>\n<p>Cela signifie qu&#39;il y en a g\u00e9n\u00e9ralement qui tombent un week-end, de sorte que le nombre de jours f\u00e9ri\u00e9s r\u00e9els en Norv\u00e8ge varie chaque ann\u00e9e. La plupart des jours tombent en mai et d\u00e9but juin, ce qui peut conduire \u00e0 de nombreuses semaines de 3 ou 4 jours \u00e0 l&#39;approche de l&#39;\u00e9t\u00e9.<\/p>\n<p>Mais cela peut aussi signifier que nous b\u00e9n\u00e9ficions de moins de jours de cong\u00e9 certaines ann\u00e9es que d\u2019autres. Par exemple, cette ann\u00e9e, le jour de la Constitution norv\u00e9gienne tombe un samedi.<\/p>\n<p>Maintenant, les journaux sont pr\u00eats. Que vous viviez ici ou que vous planifiiez simplement un voyage, voici \u00e0 quels jours f\u00e9ri\u00e9s vous pouvez vous attendre en Norv\u00e8ge en 2025.<\/p>\n<h2 class=\"wp-block-heading\"><span class=\"ez-toc-section\" id=\"New_Years_Day\"><\/span>Jour de l&#39;An<span class=\"ez-toc-section-end\"><\/span><\/h2>\n<p><strong>mercredi 1 janvier 2025<\/strong>: Jour f\u00e9ri\u00e9 dans tous les pays qui observent le calendrier gr\u00e9gorien, \u00e0 l&#39;exception d&#39;Isra\u00ebl. Les Norv\u00e9giens ont tendance \u00e0 c\u00e9l\u00e9brer la veille de mani\u00e8re un peu plus discr\u00e8te que dans d\u2019autres pays.<\/p>\n<p>Les feux d&#39;artifice sont courants \u00e0 l&#39;arriv\u00e9e de la nouvelle ann\u00e9e. En fait, ici \u00e0 Trondheim, le feu d&#39;artifice est spectaculaire, surtout si vous avez une vue sur toute la ville.<\/p>\n<p>Cependant, les rassemblements ont tendance \u00e0 \u00eatre de petits rassemblements ax\u00e9s sur la famille. Le jour m\u00eame du Nouvel An, les Norv\u00e9giens se dirigeront probablement vers les collines pour une randonn\u00e9e.<\/p>\n<h2 class=\"wp-block-heading\"><span class=\"ez-toc-section\" id=\"Easter\"><\/span>P\u00e2ques<span class=\"ez-toc-section-end\"><\/span><\/h2>\n<p><strong>Jeudi 10 avril \u2013 lundi 14 avril 2025<\/strong>: En raison de traditions religieuses, la Norv\u00e8ge accorde trois jours f\u00e9ri\u00e9s pour les c\u00e9l\u00e9brations de P\u00e2ques. Le Jeudi Saint, le Vendredi Saint et le Lundi de P\u00e2ques sont connus en norv\u00e9gien sous le nom de <em>jour f\u00e9ri\u00e9<\/em>, <em>langfredag<\/em> et <em>andr\u00e9 p\u00e5skedag<\/em> respectivement.<\/p>\n<p>Contrairement \u00e0 de nombreux autres jours de vacances en Norv\u00e8ge, ces jours tombent toujours le jeudi, le vendredi et le lundi, garantissant ainsi un long week-end.<\/p>\n<figure class=\"wp-block-image alignnone size-full wp-image-2050\"><img loading=\"lazy\" data-lazyloaded=\"1\" data-placeholder-resp=\"800x515\" decoding=\"async\" width=\"800\" height=\"515\" src=\"https:\/\/www.svalbard.fr\/actualites\/wp-content\/uploads\/2024\/11\/1731572383_807_Jours-feries-en-Norvege-2025.jpg\" alt=\"Dieu P\u00e5ske - Joyeuses P\u00e2ques\" class=\"wp-image-2050\"  data-><noscript><img loading=\"lazy\" decoding=\"async\" width=\"800\" height=\"515\" src=\"https:\/\/www.svalbard.fr\/actualites\/wp-content\/uploads\/2024\/11\/1731572383_807_Jours-feries-en-Norvege-2025.jpg\" alt=\"Dieu P\u00e5ske - Joyeuses P\u00e2ques\" class=\"wp-image-2050\"  ><\/noscript><\/figure>\n<p>De nombreux habitants prennent l&#39;une des semaines adjacentes comme vacances. La raison ? Cela cr\u00e9e une semaine de vacances au prix de quelques jours de vacances seulement. Dans certains bureaux, prendre la semaine pr\u00e9c\u00e9dant le week-end de P\u00e2ques est essentiellement obligatoire.<\/p>\n<h2 class=\"wp-block-heading\"><span class=\"ez-toc-section\" id=\"Labour_Day\"><\/span>F\u00eate du Travail<span class=\"ez-toc-section-end\"><\/span><\/h2>\n<p><strong>jeudi 1er mai 2025<\/strong>: Le 1er mai ou Journ\u00e9e internationale des travailleurs est c\u00e9l\u00e9br\u00e9e dans environ 80 pays \u00e0 travers le monde et marque les r\u00e9alisations du mouvement syndical organis\u00e9.<\/p>\n<p>En Norv\u00e8ge, les d\u00e9fil\u00e9s organis\u00e9s par les syndicats sont monnaie courante dans les grandes villes. Ils ne sont pas difficiles \u00e0 rater, il suffit de garder un \u0153il sur les drapeaux rouges.<\/p>\n<p>Contrairement \u00e0 l&#39;objectif de la journ\u00e9e, si le 1er mai tombe un week-end, de nombreux Norv\u00e9giens ne b\u00e9n\u00e9ficient pas d&#39;un jour de cong\u00e9 diff\u00e9rent ! Malheureusement, ce fut le cas en 2022 puisque la f\u00eate du Travail tombait un dimanche. La bonne nouvelle est que la f\u00eate du Travail en 2025 est un jour de semaine.<\/p>\n<h2 class=\"wp-block-heading\"><span class=\"ez-toc-section\" id=\"Constitution_Day\"><\/span>Jour de la Constitution<span class=\"ez-toc-section-end\"><\/span><\/h2>\n<p><strong>samedi 17 mai 2025<\/strong>: C&#39;est sans aucun doute la plus grande f\u00eate de l&#39;ann\u00e9e. La f\u00eate nationale norv\u00e9gienne commence par des d\u00e9fil\u00e9s d&#39;enfants dans chaque communaut\u00e9. En r\u00e8gle g\u00e9n\u00e9rale, ceci est suivi d&#39;un d\u00e9fil\u00e9 de groupes communautaires, de musique live et d&#39;autres activit\u00e9s amusantes.<\/p>\n<p>En tant qu&#39;\u00e9tranger, votre premier syttende mai sera s\u00fbrement une exp\u00e9rience m\u00e9morable. Si vous visitez le pays ce jour-l\u00e0, ce sera s\u00fbrement aussi un moment m\u00e9morable. Gardez simplement \u00e0 l&#39;esprit qu&#39;il est peu probable que vous trouviez une table dans un restaurant, car ils sont r\u00e9serv\u00e9s des semaines \u00e0 l&#39;avance.<\/p>\n<figure class=\"wp-block-image alignnone size-full wp-image-1484\"><img loading=\"lazy\" data-lazyloaded=\"1\" data-placeholder-resp=\"760x570\" decoding=\"async\" width=\"760\" height=\"570\" src=\"https:\/\/www.svalbard.fr\/actualites\/wp-content\/uploads\/2024\/11\/1731572383_354_Jours-feries-en-Norvege-2025.jpg\" alt=\"Les Norv\u00e9giens c\u00e9l\u00e8brent leur f\u00eate nationale le 17 mai\" class=\"wp-image-1484\"  data-><noscript><img loading=\"lazy\" decoding=\"async\" width=\"760\" height=\"570\" src=\"https:\/\/www.svalbard.fr\/actualites\/wp-content\/uploads\/2024\/11\/1731572383_354_Jours-feries-en-Norvege-2025.jpg\" alt=\"Les Norv\u00e9giens c\u00e9l\u00e8brent leur f\u00eate nationale le 17 mai\" class=\"wp-image-1484\"  ><\/noscript><\/figure>\n<p>Malheureusement, cette ann\u00e9e, la f\u00eate nationale tombe un samedi et il n&#39;y aura donc pas de jour de cong\u00e9 pour de nombreuses personnes. Si vous travaillez dans le commerce de d\u00e9tail, vous aurez probablement de la chance\u00a0!<\/p>\n<p>Le soir de la f\u00eate nationale, le 16 mai, est souvent aussi une grande f\u00eate. Ainsi, comme cela tombe un vendredi cette ann\u00e9e, cela sera s\u00fbrement c\u00e9l\u00e9br\u00e9 avec enthousiasme cette ann\u00e9e.<\/p>\n<h2 class=\"wp-block-heading\"><span class=\"ez-toc-section\" id=\"Ascension_Day\"><\/span>Jour de l&#39;Ascension<span class=\"ez-toc-section-end\"><\/span><\/h2>\n<p><strong>jeudi 29 mai 2025<\/strong>: Connu en norv\u00e9gien sous le nom de <em>Kristi lui-m\u00eame le jour de son anniversaire<\/em>le jour de l&#39;Ascension comm\u00e9more l&#39;ascension de J\u00e9sus au ciel 39 jours apr\u00e8s la r\u00e9surrection le dimanche de P\u00e2ques.<\/p>\n<p>Pour cette raison, la date varie \u00e9norm\u00e9ment d\u2019ann\u00e9e en ann\u00e9e. Parfois, cela tombe avant le jour de la Constitution norv\u00e9gienne, et parfois apr\u00e8s. En 2025, ce sera apr\u00e8s.<\/p>\n<p>Bien que la date r\u00e9elle varie chaque ann\u00e9e, elle tombe toujours un jeudi. Certaines entreprises offrent gratuitement le vendredi \u00e0 leurs employ\u00e9s. D&#39;autres encouragent leur personnel \u00e0 prendre le vendredi comme jour de vacances.<\/p>\n<h2 class=\"wp-block-heading\"><span class=\"ez-toc-section\" id=\"Pinse_Whit_Monday_Pentecost\"><\/span>Pinse (Lundi de Pentec\u00f4te \/ Pentec\u00f4te)<span class=\"ez-toc-section-end\"><\/span><\/h2>\n<p><strong>lundi 9 juin 2025<\/strong>: \u00c9galement connu sous le nom de Pentec\u00f4te, le lundi de Pentec\u00f4te est observ\u00e9 dix jours apr\u00e8s le jour de l&#39;Ascension et tombe donc toujours un lundi.<\/p>\n<p>Cette journ\u00e9e comm\u00e9more la croyance chr\u00e9tienne en la venue du Saint-Esprit sous forme de flammes vers les ap\u00f4tres, comme indiqu\u00e9 dans le Nouveau Testament. En Norv\u00e8ge, cette f\u00eate est connue sous le nom de pin.<\/p>\n<h2 class=\"wp-block-heading\"><span class=\"ez-toc-section\" id=\"Christmas_Day\"><\/span>Jour de No\u00ebl<span class=\"ez-toc-section-end\"><\/span><\/h2>\n<p><strong>jeudi 25 d\u00e9cembre 2025<\/strong>: <em>Juillet<\/em> est un jour f\u00e9ri\u00e9 en Norv\u00e8ge malgr\u00e9 les principales f\u00eates familiales qui ont lieu la veille de No\u00ebl. Bien qu&#39;il ne s&#39;agisse pas techniquement d&#39;un jour f\u00e9ri\u00e9, la veille de No\u00ebl voit peu de gens au travail, le principal repas de famille ayant lieu le soir.<\/p>\n<figure class=\"wp-block-image alignnone size-full wp-image-24305\"><img loading=\"lazy\" data-lazyloaded=\"1\" data-placeholder-resp=\"760x703\" decoding=\"async\" width=\"760\" height=\"703\" src=\"https:\/\/www.svalbard.fr\/actualites\/wp-content\/uploads\/2024\/11\/1731572383_223_Jours-feries-en-Norvege-2025.jpg\" alt=\"L&#39;\u00e9glise de V\u00e5g\u00e5n est connue localement sous le nom de cath\u00e9drale des Lofoten et est la plus grande \u00e9glise en bois du nord de la Norv\u00e8ge.\" class=\"wp-image-24305\"  data-><noscript><img loading=\"lazy\" decoding=\"async\" width=\"760\" height=\"703\" src=\"https:\/\/www.svalbard.fr\/actualites\/wp-content\/uploads\/2024\/11\/1731572383_223_Jours-feries-en-Norvege-2025.jpg\" alt=\"L&#39;\u00e9glise de V\u00e5g\u00e5n est connue localement sous le nom de cath\u00e9drale des Lofoten et est la plus grande \u00e9glise en bois du nord de la Norv\u00e8ge.\" class=\"wp-image-24305\"  ><\/noscript><\/figure>\n<h2 class=\"wp-block-heading\"><span class=\"ez-toc-section\" id=\"St_Stephens_Day\"><\/span>F\u00eate de la Saint-\u00c9tienne<span class=\"ez-toc-section-end\"><\/span><\/h2>\n<p><strong>vendredi 26 d\u00e9cembre 2025<\/strong>: <em>Andre Juledag<\/em> est une journ\u00e9e de d\u00e9tente bien m\u00e9rit\u00e9e apr\u00e8s les festivit\u00e9s de No\u00ebl.<\/p>\n<p>Tout comme P\u00e2ques (et avouons-le, \u00e0 peu pr\u00e8s n&#39;importe quel jour de l&#39;ann\u00e9e !), les Norv\u00e9giens profitent de cette journ\u00e9e pour sortir dans les for\u00eats et les montagnes, malgr\u00e9 le froid.<\/p>\n<h2 class=\"wp-block-heading\"><span class=\"ez-toc-section\" id=\"Romjul\"><\/span>Romjul<span class=\"ez-toc-section-end\"><\/span><\/h2>\n<p>Bien qu&#39;il ne s&#39;agisse pas d&#39;un jour f\u00e9ri\u00e9, je ne peux pas terminer un article sur ce sujet sans \u00e9voquer cette p\u00e9riode unique entre No\u00ebl et le Nouvel An.<\/p>\n<p>\u00ab Romjul \u00bb fait r\u00e9f\u00e9rence \u00e0 ces journ\u00e9es tranquilles, une p\u00e9riode en Norv\u00e8ge marqu\u00e9e par la d\u00e9tente, les r\u00e9unions de famille et un rythme plus lent. De nombreux Norv\u00e9giens s&#39;absentent du travail pour se d\u00e9tendre, profiter d&#39;activit\u00e9s int\u00e9rieures agr\u00e9ables ou s&#39;aventurer \u00e0 l&#39;ext\u00e9rieur pour faire du ski et de la randonn\u00e9e.<\/p>\n<p>En fait, certaines entreprises insistent pour que les vacances soient prises \u00e0 cette p\u00e9riode. Romjul capture l&#39;essence du hygge norv\u00e9gien, offrant une cl\u00f4ture paisible de la p\u00e9riode des f\u00eates.<\/p>\n<h2 class=\"wp-block-heading\"><span class=\"ez-toc-section\" id=\"Public_Holidays_in_2026\"><\/span>Jours f\u00e9ri\u00e9s en 2026<span class=\"ez-toc-section-end\"><\/span><\/h2>\n<p>Voil\u00e0, 2025 est termin\u00e9 et d\u00e9poussi\u00e9r\u00e9 ! Pour vous aider \u00e0 planifier \u00e0 l\u2019avance, avan\u00e7ons encore plus loin dans le temps\u2026<\/p>\n<ul class=\"wp-block-list\">\n<li>Jour de l&#39;An \u2013 1er janvier (jeudi)<\/li>\n<li>Jeudi Saint \u2013 2 avril (jeudi)<\/li>\n<li>Vendredi Saint \u2013 3 avril (vendredi)<\/li>\n<li>Dimanche de P\u00e2ques \u2013 5 avril (dimanche)<\/li>\n<li>Lundi de P\u00e2ques \u2013 6 avril (lundi)<\/li>\n<li>F\u00eate du Travail \u2013 1er mai (vendredi)<\/li>\n<li>Jour de la Constitution \u2013 17 mai (dimanche)<\/li>\n<li>Jour de l&#39;Ascension \u2013 21 mai (jeudi)<\/li>\n<li>Dimanche de Pentec\u00f4te \u2013 31 mai (dimanche)<\/li>\n<li>Lundi de Pentec\u00f4te (lundi de Pentec\u00f4te) \u2013 1er juin (lundi)<\/li>\n<li>Jour de No\u00ebl \u2013 25 d\u00e9cembre (vendredi)<\/li>\n<li>F\u00eate de la Saint-\u00c9tienne (deuxi\u00e8me jour de No\u00ebl) \u2013 26 d\u00e9cembre (samedi)<\/li>\n<\/ul><\/div>\n","protected":false},"excerpt":{"rendered":"<p>Vous planifiez un voyage, une randonn\u00e9e ou simplement une journ\u00e9e de d\u00e9tente \u00e0 la maison ? D\u00e9couvrez les prochains jours f\u00e9ri\u00e9s en Norv\u00e8ge gr\u00e2ce \u00e0<\/p>\n","protected":false},"author":1,"featured_media":1702,"comment_status":"","ping_status":"","sticky":false,"template":"","format":"standard","meta":{"footnotes":""},"categories":[1],"tags":[1827,42,6],"yoast_head":"<!-- This site is optimized with the Yoast SEO plugin v21.0 - https:\/\/yoast.com\/wordpress\/plugins\/seo\/ -->\n<title>Jours f\u00e9ri\u00e9s en Norv\u00e8ge 2025<\/title>\n<meta name=\"robots\" content=\"index, follow, max-snippet:-1, max-image-preview:large, max-video-preview:-1\" \/>\n<link rel=\"canonical\" href=\"https:\/\/www.svalbard.fr\/actualites\/jours-feries-en-norvege-2025\/\" \/>\n<meta property=\"og:locale\" content=\"fr_FR\" \/>\n<meta property=\"og:type\" content=\"article\" \/>\n<meta property=\"og:title\" content=\"Jours f\u00e9ri\u00e9s en Norv\u00e8ge 2025\" \/>\n<meta property=\"og:description\" content=\"Vous planifiez un voyage, une randonn\u00e9e ou simplement une journ\u00e9e de d\u00e9tente \u00e0 la maison ? D\u00e9couvrez les prochains jours f\u00e9ri\u00e9s en Norv\u00e8ge gr\u00e2ce \u00e0\" \/>\n<meta property=\"og:url\" content=\"https:\/\/www.svalbard.fr\/actualites\/jours-feries-en-norvege-2025\/\" \/>\n<meta property=\"og:site_name\" content=\"www.Svalbard.fr\" \/>\n<meta property=\"article:published_time\" content=\"2024-11-14T08:19:43+00:00\" \/>\n<meta property=\"og:image\" content=\"https:\/\/www.svalbard.fr\/actualites\/wp-content\/uploads\/2024\/11\/Jours-feries-en-Norvege-2025.jpg\" \/>\n<meta name=\"author\" content=\"Hilmar\" \/>\n<meta name=\"twitter:card\" content=\"summary_large_image\" \/>\n<meta name=\"twitter:label1\" content=\"\u00c9crit par\" \/>\n\t<meta name=\"twitter:data1\" content=\"Hilmar\" \/>\n\t<meta name=\"twitter:label2\" content=\"Dur\u00e9e de lecture estim\u00e9e\" \/>\n\t<meta name=\"twitter:data2\" content=\"8 minutes\" \/>\n<script type=\"application\/ld+json\" class=\"yoast-schema-graph\">{\"@context\":\"https:\/\/schema.org\",\"@graph\":[{\"@type\":\"Article\",\"@id\":\"https:\/\/www.svalbard.fr\/actualites\/jours-feries-en-norvege-2025\/#article\",\"isPartOf\":{\"@id\":\"https:\/\/www.svalbard.fr\/actualites\/jours-feries-en-norvege-2025\/\"},\"author\":{\"name\":\"Hilmar\",\"@id\":\"https:\/\/www.svalbard.fr\/actualites\/#\/schema\/person\/a2f937d5712222366738fae98755c600\"},\"headline\":\"Jours f\u00e9ri\u00e9s en Norv\u00e8ge 2025\",\"datePublished\":\"2024-11-14T08:19:43+00:00\",\"dateModified\":\"2024-11-14T08:19:43+00:00\",\"mainEntityOfPage\":{\"@id\":\"https:\/\/www.svalbard.fr\/actualites\/jours-feries-en-norvege-2025\/\"},\"wordCount\":1581,\"publisher\":{\"@id\":\"https:\/\/www.svalbard.fr\/actualites\/#organization\"},\"keywords\":[\"f\u00e9ri\u00e9s\",\"jours\",\"Norv\u00e8ge\"],\"articleSection\":[\"Svalbard\"],\"inLanguage\":\"fr-FR\"},{\"@type\":\"WebPage\",\"@id\":\"https:\/\/www.svalbard.fr\/actualites\/jours-feries-en-norvege-2025\/\",\"url\":\"https:\/\/www.svalbard.fr\/actualites\/jours-feries-en-norvege-2025\/\",\"name\":\"Jours f\u00e9ri\u00e9s en Norv\u00e8ge 2025\",\"isPartOf\":{\"@id\":\"https:\/\/www.svalbard.fr\/actualites\/#website\"},\"datePublished\":\"2024-11-14T08:19:43+00:00\",\"dateModified\":\"2024-11-14T08:19:43+00:00\",\"breadcrumb\":{\"@id\":\"https:\/\/www.svalbard.fr\/actualites\/jours-feries-en-norvege-2025\/#breadcrumb\"},\"inLanguage\":\"fr-FR\",\"potentialAction\":[{\"@type\":\"ReadAction\",\"target\":[\"https:\/\/www.svalbard.fr\/actualites\/jours-feries-en-norvege-2025\/\"]}]},{\"@type\":\"BreadcrumbList\",\"@id\":\"https:\/\/www.svalbard.fr\/actualites\/jours-feries-en-norvege-2025\/#breadcrumb\",\"itemListElement\":[{\"@type\":\"ListItem\",\"position\":1,\"name\":\"Accueil\",\"item\":\"https:\/\/www.svalbard.fr\/actualites\/\"},{\"@type\":\"ListItem\",\"position\":2,\"name\":\"Jours f\u00e9ri\u00e9s en Norv\u00e8ge 2025\"}]},{\"@type\":\"WebSite\",\"@id\":\"https:\/\/www.svalbard.fr\/actualites\/#website\",\"url\":\"https:\/\/www.svalbard.fr\/actualites\/\",\"name\":\"www.Svalbard.fr\",\"description\":\"\",\"publisher\":{\"@id\":\"https:\/\/www.svalbard.fr\/actualites\/#organization\"},\"potentialAction\":[{\"@type\":\"SearchAction\",\"target\":{\"@type\":\"EntryPoint\",\"urlTemplate\":\"https:\/\/www.svalbard.fr\/actualites\/?s={search_term_string}\"},\"query-input\":\"required name=search_term_string\"}],\"inLanguage\":\"fr-FR\"},{\"@type\":\"Organization\",\"@id\":\"https:\/\/www.svalbard.fr\/actualites\/#organization\",\"name\":\"www.Svalbard.fr\",\"url\":\"https:\/\/www.svalbard.fr\/actualites\/\",\"logo\":{\"@type\":\"ImageObject\",\"inLanguage\":\"fr-FR\",\"@id\":\"https:\/\/www.svalbard.fr\/actualites\/#\/schema\/logo\/image\/\",\"url\":\"https:\/\/www.svalbard.fr\/actualites\/wp-content\/uploads\/2023\/09\/head-nom.jpg\",\"contentUrl\":\"https:\/\/www.svalbard.fr\/actualites\/wp-content\/uploads\/2023\/09\/head-nom.jpg\",\"width\":264,\"height\":35,\"caption\":\"www.Svalbard.fr\"},\"image\":{\"@id\":\"https:\/\/www.svalbard.fr\/actualites\/#\/schema\/logo\/image\/\"}},{\"@type\":\"Person\",\"@id\":\"https:\/\/www.svalbard.fr\/actualites\/#\/schema\/person\/a2f937d5712222366738fae98755c600\",\"name\":\"Hilmar\",\"image\":{\"@type\":\"ImageObject\",\"inLanguage\":\"fr-FR\",\"@id\":\"https:\/\/www.svalbard.fr\/actualites\/#\/schema\/person\/image\/\",\"url\":\"https:\/\/secure.gravatar.com\/avatar\/4daa437093476dbc32da415c112b6512?s=96&d=mm&r=g\",\"contentUrl\":\"https:\/\/secure.gravatar.com\/avatar\/4daa437093476dbc32da415c112b6512?s=96&d=mm&r=g\",\"caption\":\"Hilmar\"},\"description\":\"Hilmar est un passionn\u00e9 des r\u00e9gions polaires, sp\u00e9cialis\u00e9 dans la r\u00e9daction d'articles sur le Spitzberg et autres destinations arctiques. Il apporte son expertise et sa passion pour l'Arctique au sein de l'\u00e9quipe de r\u00e9daction de Svalbard depuis de nombreuses ann\u00e9es.\",\"sameAs\":[\"https:\/\/www.svalbard.fr\/\"]}]}<\/script>\n<!-- \/ Yoast SEO plugin. -->","yoast_head_json":{"title":"Jours f\u00e9ri\u00e9s en Norv\u00e8ge 2025","robots":{"index":"index","follow":"follow","max-snippet":"max-snippet:-1","max-image-preview":"max-image-preview:large","max-video-preview":"max-video-preview:-1"},"canonical":"https:\/\/www.svalbard.fr\/actualites\/jours-feries-en-norvege-2025\/","og_locale":"fr_FR","og_type":"article","og_title":"Jours f\u00e9ri\u00e9s en Norv\u00e8ge 2025","og_description":"Vous planifiez un voyage, une randonn\u00e9e ou simplement une journ\u00e9e de d\u00e9tente \u00e0 la maison ? D\u00e9couvrez les prochains jours f\u00e9ri\u00e9s en Norv\u00e8ge gr\u00e2ce \u00e0","og_url":"https:\/\/www.svalbard.fr\/actualites\/jours-feries-en-norvege-2025\/","og_site_name":"www.Svalbard.fr","article_published_time":"2024-11-14T08:19:43+00:00","og_image":[{"url":"https:\/\/www.svalbard.fr\/actualites\/wp-content\/uploads\/2024\/11\/Jours-feries-en-Norvege-2025.jpg"}],"author":"Hilmar","twitter_card":"summary_large_image","twitter_misc":{"\u00c9crit par":"Hilmar","Dur\u00e9e de lecture estim\u00e9e":"8 minutes"},"schema":{"@context":"https:\/\/schema.org","@graph":[{"@type":"Article","@id":"https:\/\/www.svalbard.fr\/actualites\/jours-feries-en-norvege-2025\/#article","isPartOf":{"@id":"https:\/\/www.svalbard.fr\/actualites\/jours-feries-en-norvege-2025\/"},"author":{"name":"Hilmar","@id":"https:\/\/www.svalbard.fr\/actualites\/#\/schema\/person\/a2f937d5712222366738fae98755c600"},"headline":"Jours f\u00e9ri\u00e9s en Norv\u00e8ge 2025","datePublished":"2024-11-14T08:19:43+00:00","dateModified":"2024-11-14T08:19:43+00:00","mainEntityOfPage":{"@id":"https:\/\/www.svalbard.fr\/actualites\/jours-feries-en-norvege-2025\/"},"wordCount":1581,"publisher":{"@id":"https:\/\/www.svalbard.fr\/actualites\/#organization"},"keywords":["f\u00e9ri\u00e9s","jours","Norv\u00e8ge"],"articleSection":["Svalbard"],"inLanguage":"fr-FR"},{"@type":"WebPage","@id":"https:\/\/www.svalbard.fr\/actualites\/jours-feries-en-norvege-2025\/","url":"https:\/\/www.svalbard.fr\/actualites\/jours-feries-en-norvege-2025\/","name":"Jours f\u00e9ri\u00e9s en Norv\u00e8ge 2025","isPartOf":{"@id":"https:\/\/www.svalbard.fr\/actualites\/#website"},"datePublished":"2024-11-14T08:19:43+00:00","dateModified":"2024-11-14T08:19:43+00:00","breadcrumb":{"@id":"https:\/\/www.svalbard.fr\/actualites\/jours-feries-en-norvege-2025\/#breadcrumb"},"inLanguage":"fr-FR","potentialAction":[{"@type":"ReadAction","target":["https:\/\/www.svalbard.fr\/actualites\/jours-feries-en-norvege-2025\/"]}]},{"@type":"BreadcrumbList","@id":"https:\/\/www.svalbard.fr\/actualites\/jours-feries-en-norvege-2025\/#breadcrumb","itemListElement":[{"@type":"ListItem","position":1,"name":"Accueil","item":"https:\/\/www.svalbard.fr\/actualites\/"},{"@type":"ListItem","position":2,"name":"Jours f\u00e9ri\u00e9s en Norv\u00e8ge 2025"}]},{"@type":"WebSite","@id":"https:\/\/www.svalbard.fr\/actualites\/#website","url":"https:\/\/www.svalbard.fr\/actualites\/","name":"www.Svalbard.fr","description":"","publisher":{"@id":"https:\/\/www.svalbard.fr\/actualites\/#organization"},"potentialAction":[{"@type":"SearchAction","target":{"@type":"EntryPoint","urlTemplate":"https:\/\/www.svalbard.fr\/actualites\/?s={search_term_string}"},"query-input":"required name=search_term_string"}],"inLanguage":"fr-FR"},{"@type":"Organization","@id":"https:\/\/www.svalbard.fr\/actualites\/#organization","name":"www.Svalbard.fr","url":"https:\/\/www.svalbard.fr\/actualites\/","logo":{"@type":"ImageObject","inLanguage":"fr-FR","@id":"https:\/\/www.svalbard.fr\/actualites\/#\/schema\/logo\/image\/","url":"https:\/\/www.svalbard.fr\/actualites\/wp-content\/uploads\/2023\/09\/head-nom.jpg","contentUrl":"https:\/\/www.svalbard.fr\/actualites\/wp-content\/uploads\/2023\/09\/head-nom.jpg","width":264,"height":35,"caption":"www.Svalbard.fr"},"image":{"@id":"https:\/\/www.svalbard.fr\/actualites\/#\/schema\/logo\/image\/"}},{"@type":"Person","@id":"https:\/\/www.svalbard.fr\/actualites\/#\/schema\/person\/a2f937d5712222366738fae98755c600","name":"Hilmar","image":{"@type":"ImageObject","inLanguage":"fr-FR","@id":"https:\/\/www.svalbard.fr\/actualites\/#\/schema\/person\/image\/","url":"https:\/\/secure.gravatar.com\/avatar\/4daa437093476dbc32da415c112b6512?s=96&d=mm&r=g","contentUrl":"https:\/\/secure.gravatar.com\/avatar\/4daa437093476dbc32da415c112b6512?s=96&d=mm&r=g","caption":"Hilmar"},"description":"Hilmar est un passionn\u00e9 des r\u00e9gions polaires, sp\u00e9cialis\u00e9 dans la r\u00e9daction d'articles sur le Spitzberg et autres destinations arctiques. Il apporte son expertise et sa passion pour l'Arctique au sein de l'\u00e9quipe de r\u00e9daction de Svalbard depuis de nombreuses ann\u00e9es.","sameAs":["https:\/\/www.svalbard.fr\/"]}]}},"_links":{"self":[{"href":"https:\/\/www.svalbard.fr\/actualites\/wp-json\/wp\/v2\/posts\/1701"}],"collection":[{"href":"https:\/\/www.svalbard.fr\/actualites\/wp-json\/wp\/v2\/posts"}],"about":[{"href":"https:\/\/www.svalbard.fr\/actualites\/wp-json\/wp\/v2\/types\/post"}],"author":[{"embeddable":true,"href":"https:\/\/www.svalbard.fr\/actualites\/wp-json\/wp\/v2\/users\/1"}],"replies":[{"embeddable":true,"href":"https:\/\/www.svalbard.fr\/actualites\/wp-json\/wp\/v2\/comments?post=1701"}],"version-history":[{"count":0,"href":"https:\/\/www.svalbard.fr\/actualites\/wp-json\/wp\/v2\/posts\/1701\/revisions"}],"wp:featuredmedia":[{"embeddable":true,"href":"https:\/\/www.svalbard.fr\/actualites\/wp-json\/wp\/v2\/media\/1702"}],"wp:attachment":[{"href":"https:\/\/www.svalbard.fr\/actualites\/wp-json\/wp\/v2\/media?parent=1701"}],"wp:term":[{"taxonomy":"category","embeddable":true,"href":"https:\/\/www.svalbard.fr\/actualites\/wp-json\/wp\/v2\/categories?post=1701"},{"taxonomy":"post_tag","embeddable":true,"href":"https:\/\/www.svalbard.fr\/actualites\/wp-json\/wp\/v2\/tags?post=1701"}],"curies":[{"name":"wp","href":"https:\/\/api.w.org\/{rel}","templated":true}]}}