{"id":1710,"date":"2024-11-17T12:21:04","date_gmt":"2024-11-17T11:21:04","guid":{"rendered":"https:\/\/www.svalbard.fr\/actualites\/olav-thon-en-souvenir-du-magnat-de-limmobilier-milliardaire-norvegien\/"},"modified":"2024-11-17T12:21:04","modified_gmt":"2024-11-17T11:21:04","slug":"olav-thon-en-souvenir-du-magnat-de-limmobilier-milliardaire-norvegien","status":"publish","type":"post","link":"https:\/\/www.svalbard.fr\/actualites\/olav-thon-en-souvenir-du-magnat-de-limmobilier-milliardaire-norvegien\/","title":{"rendered":"Olav Thon : en souvenir du magnat de l&#39;immobilier milliardaire norv\u00e9gien"},"content":{"rendered":"<div itemprop=\"text\">\n\t\t\t<span id=\"dpsp-post-content-markup\" data-image-pin-it=\"false\"><\/span><\/p>\n<p class=\"intro\">\u00c0 l&#39;\u00e2ge de 101 ans, l&#39;une des personnes les plus riches de Norv\u00e8ge est d\u00e9c\u00e9d\u00e9e. Olav Thon est surtout connu pour sa cha\u00eene d&#39;h\u00f4tels, mais ses int\u00e9r\u00eats commerciaux et sa philanthropie ont touch\u00e9 une grande partie de la Norv\u00e8ge et au-del\u00e0.<\/p>\n<p>L&#39;homme d&#39;affaires, promoteur immobilier et investisseur Olav Thon est d\u00e9c\u00e9d\u00e9 \u00e0 l&#39;\u00e2ge de 101 ans. La soci\u00e9t\u00e9 \u00ab Olav Thon Gruppen \u00bb a annonc\u00e9 son d\u00e9c\u00e8s dans un communiqu\u00e9 de presse, pr\u00e9cisant qu&#39;il \u00e9tait d\u00e9c\u00e9d\u00e9 samedi apr\u00e8s-midi.<\/p>\n<figure class=\"wp-block-image size-large\"><img data-lazyloaded=\"1\" data-placeholder-resp=\"768x422\" fetchpriority=\"high\" decoding=\"async\" width=\"768\" height=\"422\" src=\"https:\/\/www.svalbard.fr\/actualites\/wp-content\/uploads\/2024\/11\/Olav-Thon-en-souvenir-du-magnat-de-l39immobilier-milliardaire.jpg\" alt=\"Olav Thon porte son chapeau rouge. Photo : Kjetil Ree \/ Wikip\u00e9dia (CC)\" class=\"wp-image-82486\"  data-><noscript><img fetchpriority=\"high\" decoding=\"async\" width=\"768\" height=\"422\" src=\"https:\/\/www.svalbard.fr\/actualites\/wp-content\/uploads\/2024\/11\/Olav-Thon-en-souvenir-du-magnat-de-l39immobilier-milliardaire.jpg\" alt=\"Olav Thon porte son chapeau rouge. Photo : Kjetil Ree \/ Wikip\u00e9dia (CC)\" class=\"wp-image-82486\"  ><\/noscript><\/figure>\n<p>Olav Thon \u00e9tait une figure \u00e9minente de diverses industries et a \u00e9t\u00e9 pendant de nombreuses ann\u00e9es l&#39;une des personnes les plus riches de Norv\u00e8ge. Si vous avez d\u00e9j\u00e0 s\u00e9journ\u00e9 dans un h\u00f4tel Thon ou fait du shopping dans un centre commercial AMFI, vous avez fait affaire, indirectement, avec Thon.<\/p>\n<p>\u00ab C&#39;est avec une grande tristesse que nous avons appris aujourd&#39;hui la nouvelle du d\u00e9c\u00e8s d&#39;Olav Thon. Il avait 101 ans\u00bb, pr\u00e9cise le communiqu\u00e9.<\/p>\n<p>Sissel Berdal Haga Thon, son \u00e9pouse depuis 2019, a partag\u00e9 les derniers instants de Thon avec <em>Dagens N\u00e6ringsliv<\/em>: \u00ab Nous nous sommes tenus la main, comme nous l\u2019avons toujours fait. Olav a \u00e9cout\u00e9 de la belle musique, puis il a disparu soudainement. C&#39;\u00e9tait tellement paisible.<\/p>\n<h2 class=\"wp-block-heading\">\u00ab Un homme d\u2019affaires hors du commun \u00bb<\/h2>\n<p>Connu dans ses derni\u00e8res ann\u00e9es pour son bonnet tricot\u00e9 rouge, qu&#39;il portait parce qu&#39;il avait froid \u00e0 la t\u00eate, Thon avait des int\u00e9r\u00eats commerciaux dans le tourisme, la vente au d\u00e9tail et le d\u00e9veloppement immobilier.<\/p>\n<p>Par l&#39;interm\u00e9diaire d&#39;Olav Thon Gruppen, il a r\u00e9alis\u00e9 des investissements importants, consolidant le tout dans la Fondation Olav Thon en 2013. La fondation sert de soci\u00e9t\u00e9 m\u00e8re d&#39;Olav Thon Gruppen.<\/p>\n<p>\u00ab\u00a0Un chapitre de l&#39;histoire des affaires norv\u00e9giennes s&#39;est termin\u00e9 avec le d\u00e9c\u00e8s d&#39;Olav Thon\u00a0\u00bb, a d\u00e9clar\u00e9 le Premier ministre norv\u00e9gien Jonas Gahr St\u00f8re \u00e0 NRK.<\/p>\n<figure class=\"wp-block-image size-large\"><img loading=\"lazy\" data-lazyloaded=\"1\" data-placeholder-resp=\"768x432\" decoding=\"async\" width=\"768\" height=\"432\" src=\"https:\/\/www.svalbard.fr\/actualites\/wp-content\/uploads\/2024\/11\/1731842464_287_Olav-Thon-en-souvenir-du-magnat-de-l39immobilier-milliardaire.jpg\" alt=\"Ext\u00e9rieur du Thon Hotel Svolv\u00e6r. Photo : David Nikel.\" class=\"wp-image-82490\"  data-><noscript><img loading=\"lazy\" decoding=\"async\" width=\"768\" height=\"432\" src=\"https:\/\/www.svalbard.fr\/actualites\/wp-content\/uploads\/2024\/11\/1731842464_287_Olav-Thon-en-souvenir-du-magnat-de-l39immobilier-milliardaire.jpg\" alt=\"Ext\u00e9rieur du Thon Hotel Svolv\u00e6r. Photo : David Nikel.\" class=\"wp-image-82490\"  ><\/noscript><\/figure>\n<p>\u00ab Thon \u00e9tait un homme d&#39;affaires extraordinaire qui cr\u00e9ait des emplois et des opportunit\u00e9s en Norv\u00e8ge et \u00e0 l&#39;\u00e9tranger. Cependant, il n\u2019a jamais oubli\u00e9 ses racines dans les communaut\u00e9s locales de Hallingdal et de Norv\u00e8ge. Aujourd&#39;hui, mes pens\u00e9es vont \u00e0 ses proches\u00a0\u00bb, a-t-il ajout\u00e9.<\/p>\n<h2 class=\"wp-block-heading\">Les hommages affluent<\/h2>\n<p>Ce n&#39;est pas seulement le Premier ministre qui a rendu hommage \u00e0 Thon. Le ministre des Finances, Trygve Slagsvold Vedum, a d\u00e9clar\u00e9 que Thon \u00e9tait \u00ab \u00e0 la fois original et inspirant pour beaucoup. Thon a cr\u00e9\u00e9 une immense valeur et laisse derri\u00e8re lui un h\u00e9ritage impressionnant.<\/p>\n<p>Le magnat de l&#39;h\u00f4tellerie Petter Stordalen a d\u00e9crit Thon comme un pionnier. \u00ab C\u2019\u00e9tait un visionnaire et une l\u00e9gende du monde des affaires norv\u00e9gien. Il a construit un empire et a redonn\u00e9 \u00e0 la soci\u00e9t\u00e9 avec autant de d\u00e9vouement qu\u2019il a cr\u00e9\u00e9 de la valeur.<\/p>\n<p>L&#39;ami de longue date de Thon, l&#39;avocat John Christian Elden, l&#39;a d\u00e9crit \u00ab comme un grand homme \u00bb, ajoutant que \u00ab son h\u00e9ritage perdurera \u00bb.<\/p>\n<h2 class=\"wp-block-heading\">Des d\u00e9buts modestes aux h\u00f4tels<\/h2>\n<p>N\u00e9 le 29 juin 1923 \u00e0 \u00c5l, Hallingdal, dans la ferme familiale S\u00f8ndre Thon, Olav Thon aspirait initialement \u00e0 \u00e9tudier la m\u00e9decine, mais la Seconde Guerre mondiale a perturb\u00e9 ses projets.<\/p>\n<p>Au lieu de cela, il s&#39;est tourn\u00e9 vers l&#39;\u00e9levage de fourrures et le commerce des peaux \u00e0 Hallingdal, avant de d\u00e9m\u00e9nager \u00e0 Oslo, o\u00f9 il a ouvert un magasin de fourrures \u00e0 seulement 18 ans.<\/p>\n<p>Thon a r\u00e9alis\u00e9 son premier investissement immobilier \u00e0 Oslo en 1950, entamant ainsi une carri\u00e8re r\u00e9ussie dans l&#39;immobilier. En 1974, il se lance dans l&#39;h\u00f4tellerie en achetant l&#39;h\u00f4tel Bristol \u00e0 Oslo.<\/p>\n<p>Cela a conduit \u00e0 la cr\u00e9ation des Rainbow Hotels en 1989, proposant des h\u00e9bergements abordables dans des emplacements centraux. La cha\u00eene, rebaptis\u00e9e Thon Hotels en 2005, s&#39;est d\u00e9velopp\u00e9e \u00e0 travers la Norv\u00e8ge et l&#39;Europe, poss\u00e9dant plus de 70 h\u00f4tels en 2020.<\/p>\n<h2 class=\"wp-block-heading\">Passion pour la Nature<\/h2>\n<p>Passionn\u00e9 de nature depuis toujours, Olav Thon a fond\u00e9 une fondation en 1990 pour soutenir l&#39;Association norv\u00e9gienne de trekking (DNT) et promouvoir la randonn\u00e9e en montagne.<\/p>\n<p>La fondation finance la construction et l&#39;entretien de chalets, ainsi que le balisage et l&#39;entretien des sentiers de randonn\u00e9e en Norv\u00e8ge.<\/p>\n<p>En 2013, Thon a transf\u00e9r\u00e9 une grande partie de sa richesse \u00e0 la Fondation Olav Thon, qui donne des millions chaque ann\u00e9e \u00e0 la recherche, \u00e0 des \u0153uvres caritatives et \u00e0 des causes communautaires. Elle sert \u00e9galement de soci\u00e9t\u00e9 m\u00e8re aux entreprises qu\u2019il a b\u00e2ties, garantissant ainsi la p\u00e9rennit\u00e9 de son h\u00e9ritage.<\/p>\n<h2 class=\"wp-block-heading\">Un contraste avec les riches d&#39;aujourd&#39;hui<\/h2>\n<p>Dans un article d&#39;opinion publi\u00e9 par NRK, la chroniqueuse \u00e9conomique Cecilie Langum Becker a consid\u00e9r\u00e9 Olav Thon comme un symbole de l&#39;id\u00e9al norv\u00e9gien de richesse construite gr\u00e2ce au travail acharn\u00e9 et \u00e0 la frugalit\u00e9, le contrastant fortement avec l&#39;\u00e9lite riche d&#39;aujourd&#39;hui.<\/p>\n<p>Thon est d\u00e9crit comme incarnant \u00ab l\u2019id\u00e9al de frugalit\u00e9 riche et norv\u00e9gien \u00bb, quelqu\u2019un qui \u00ab \u00e9tait tout aussi susceptible d\u2019\u00eatre vu avec un panier-repas et du fromage brun dans son sac \u00e0 dos qu\u2019avec un portefeuille de propri\u00e9t\u00e9s et d\u2019investissements \u00bb.<\/p>\n<p>Le chroniqueur a soulign\u00e9 la diff\u00e9rence marqu\u00e9e entre Thon et les riches d&#39;aujourd&#39;hui, dont beaucoup sont anonymes, ax\u00e9s sur le luxe et d\u00e9connect\u00e9s des valeurs traditionnelles.<\/p>\n<p>\u00ab Nous ne savons presque plus qui sont les plus riches \u00bb, a-t-elle \u00e9crit, soulignant combien d\u2019\u00e9lites modernes affichent leur vie sur les r\u00e9seaux sociaux, cr\u00e9ant un sentiment d\u2019ali\u00e9nation plut\u00f4t que d\u2019admiration.<\/p>\n<p>\u00ab Thon a montr\u00e9 qu&#39;on pouvait r\u00e9ussir sans perdre le lien avec ses origines \u00bb, conclut-elle.<\/p>\n<\/p><\/div>\n","protected":false},"excerpt":{"rendered":"<p>\u00c0 l&#39;\u00e2ge de 101 ans, l&#39;une des personnes les plus riches de Norv\u00e8ge est d\u00e9c\u00e9d\u00e9e. Olav Thon est surtout connu pour sa cha\u00eene d&#39;h\u00f4tels, mais<\/p>\n","protected":false},"author":1,"featured_media":1711,"comment_status":"","ping_status":"","sticky":false,"template":"","format":"standard","meta":{"footnotes":""},"categories":[1],"tags":[1844,1843,1845,184,1617,1842,1841],"yoast_head":"<!-- This site is optimized with the Yoast SEO plugin v21.0 - https:\/\/yoast.com\/wordpress\/plugins\/seo\/ -->\n<title>Olav Thon : en souvenir du magnat de l&#039;immobilier milliardaire norv\u00e9gien<\/title>\n<meta name=\"robots\" content=\"index, follow, max-snippet:-1, max-image-preview:large, max-video-preview:-1\" \/>\n<link rel=\"canonical\" href=\"https:\/\/www.svalbard.fr\/actualites\/olav-thon-en-souvenir-du-magnat-de-limmobilier-milliardaire-norvegien\/\" \/>\n<meta property=\"og:locale\" content=\"fr_FR\" \/>\n<meta property=\"og:type\" content=\"article\" \/>\n<meta property=\"og:title\" content=\"Olav Thon : en souvenir du magnat de l&#039;immobilier milliardaire norv\u00e9gien\" \/>\n<meta property=\"og:description\" content=\"\u00c0 l&#039;\u00e2ge de 101 ans, l&#039;une des personnes les plus riches de Norv\u00e8ge est d\u00e9c\u00e9d\u00e9e. Olav Thon est surtout connu pour sa cha\u00eene d&#039;h\u00f4tels, mais\" \/>\n<meta property=\"og:url\" content=\"https:\/\/www.svalbard.fr\/actualites\/olav-thon-en-souvenir-du-magnat-de-limmobilier-milliardaire-norvegien\/\" \/>\n<meta property=\"og:site_name\" content=\"www.Svalbard.fr\" \/>\n<meta property=\"article:published_time\" content=\"2024-11-17T11:21:04+00:00\" \/>\n<meta property=\"og:image\" content=\"https:\/\/www.svalbard.fr\/actualites\/wp-content\/uploads\/2024\/11\/Olav-Thon-en-souvenir-du-magnat-de-l39immobilier-milliardaire.jpg\" \/>\n<meta name=\"author\" content=\"Hilmar\" \/>\n<meta name=\"twitter:card\" content=\"summary_large_image\" \/>\n<meta name=\"twitter:label1\" content=\"\u00c9crit par\" \/>\n\t<meta name=\"twitter:data1\" content=\"Hilmar\" \/>\n\t<meta name=\"twitter:label2\" content=\"Dur\u00e9e de lecture estim\u00e9e\" \/>\n\t<meta name=\"twitter:data2\" content=\"5 minutes\" \/>\n<script type=\"application\/ld+json\" class=\"yoast-schema-graph\">{\"@context\":\"https:\/\/schema.org\",\"@graph\":[{\"@type\":\"Article\",\"@id\":\"https:\/\/www.svalbard.fr\/actualites\/olav-thon-en-souvenir-du-magnat-de-limmobilier-milliardaire-norvegien\/#article\",\"isPartOf\":{\"@id\":\"https:\/\/www.svalbard.fr\/actualites\/olav-thon-en-souvenir-du-magnat-de-limmobilier-milliardaire-norvegien\/\"},\"author\":{\"name\":\"Hilmar\",\"@id\":\"https:\/\/www.svalbard.fr\/actualites\/#\/schema\/person\/a2f937d5712222366738fae98755c600\"},\"headline\":\"Olav Thon : en souvenir du magnat de l&#39;immobilier milliardaire norv\u00e9gien\",\"datePublished\":\"2024-11-17T11:21:04+00:00\",\"dateModified\":\"2024-11-17T11:21:04+00:00\",\"mainEntityOfPage\":{\"@id\":\"https:\/\/www.svalbard.fr\/actualites\/olav-thon-en-souvenir-du-magnat-de-limmobilier-milliardaire-norvegien\/\"},\"wordCount\":991,\"publisher\":{\"@id\":\"https:\/\/www.svalbard.fr\/actualites\/#organization\"},\"keywords\":[\"l39immobilier\",\"magnat\",\"milliardaire\",\"norv\u00e9gien\",\"Olav\",\"souvenir\",\"Thon\"],\"articleSection\":[\"Svalbard\"],\"inLanguage\":\"fr-FR\"},{\"@type\":\"WebPage\",\"@id\":\"https:\/\/www.svalbard.fr\/actualites\/olav-thon-en-souvenir-du-magnat-de-limmobilier-milliardaire-norvegien\/\",\"url\":\"https:\/\/www.svalbard.fr\/actualites\/olav-thon-en-souvenir-du-magnat-de-limmobilier-milliardaire-norvegien\/\",\"name\":\"Olav Thon : en souvenir du magnat de l&#39;immobilier milliardaire norv\u00e9gien\",\"isPartOf\":{\"@id\":\"https:\/\/www.svalbard.fr\/actualites\/#website\"},\"datePublished\":\"2024-11-17T11:21:04+00:00\",\"dateModified\":\"2024-11-17T11:21:04+00:00\",\"breadcrumb\":{\"@id\":\"https:\/\/www.svalbard.fr\/actualites\/olav-thon-en-souvenir-du-magnat-de-limmobilier-milliardaire-norvegien\/#breadcrumb\"},\"inLanguage\":\"fr-FR\",\"potentialAction\":[{\"@type\":\"ReadAction\",\"target\":[\"https:\/\/www.svalbard.fr\/actualites\/olav-thon-en-souvenir-du-magnat-de-limmobilier-milliardaire-norvegien\/\"]}]},{\"@type\":\"BreadcrumbList\",\"@id\":\"https:\/\/www.svalbard.fr\/actualites\/olav-thon-en-souvenir-du-magnat-de-limmobilier-milliardaire-norvegien\/#breadcrumb\",\"itemListElement\":[{\"@type\":\"ListItem\",\"position\":1,\"name\":\"Accueil\",\"item\":\"https:\/\/www.svalbard.fr\/actualites\/\"},{\"@type\":\"ListItem\",\"position\":2,\"name\":\"Olav Thon : en souvenir du magnat de l&#39;immobilier milliardaire norv\u00e9gien\"}]},{\"@type\":\"WebSite\",\"@id\":\"https:\/\/www.svalbard.fr\/actualites\/#website\",\"url\":\"https:\/\/www.svalbard.fr\/actualites\/\",\"name\":\"www.Svalbard.fr\",\"description\":\"\",\"publisher\":{\"@id\":\"https:\/\/www.svalbard.fr\/actualites\/#organization\"},\"potentialAction\":[{\"@type\":\"SearchAction\",\"target\":{\"@type\":\"EntryPoint\",\"urlTemplate\":\"https:\/\/www.svalbard.fr\/actualites\/?s={search_term_string}\"},\"query-input\":\"required name=search_term_string\"}],\"inLanguage\":\"fr-FR\"},{\"@type\":\"Organization\",\"@id\":\"https:\/\/www.svalbard.fr\/actualites\/#organization\",\"name\":\"www.Svalbard.fr\",\"url\":\"https:\/\/www.svalbard.fr\/actualites\/\",\"logo\":{\"@type\":\"ImageObject\",\"inLanguage\":\"fr-FR\",\"@id\":\"https:\/\/www.svalbard.fr\/actualites\/#\/schema\/logo\/image\/\",\"url\":\"https:\/\/www.svalbard.fr\/actualites\/wp-content\/uploads\/2023\/09\/head-nom.jpg\",\"contentUrl\":\"https:\/\/www.svalbard.fr\/actualites\/wp-content\/uploads\/2023\/09\/head-nom.jpg\",\"width\":264,\"height\":35,\"caption\":\"www.Svalbard.fr\"},\"image\":{\"@id\":\"https:\/\/www.svalbard.fr\/actualites\/#\/schema\/logo\/image\/\"}},{\"@type\":\"Person\",\"@id\":\"https:\/\/www.svalbard.fr\/actualites\/#\/schema\/person\/a2f937d5712222366738fae98755c600\",\"name\":\"Hilmar\",\"image\":{\"@type\":\"ImageObject\",\"inLanguage\":\"fr-FR\",\"@id\":\"https:\/\/www.svalbard.fr\/actualites\/#\/schema\/person\/image\/\",\"url\":\"https:\/\/secure.gravatar.com\/avatar\/4daa437093476dbc32da415c112b6512?s=96&d=mm&r=g\",\"contentUrl\":\"https:\/\/secure.gravatar.com\/avatar\/4daa437093476dbc32da415c112b6512?s=96&d=mm&r=g\",\"caption\":\"Hilmar\"},\"description\":\"Hilmar est un passionn\u00e9 des r\u00e9gions polaires, sp\u00e9cialis\u00e9 dans la r\u00e9daction d'articles sur le Spitzberg et autres destinations arctiques. Il apporte son expertise et sa passion pour l'Arctique au sein de l'\u00e9quipe de r\u00e9daction de Svalbard depuis de nombreuses ann\u00e9es.\",\"sameAs\":[\"https:\/\/www.svalbard.fr\/\"]}]}<\/script>\n<!-- \/ Yoast SEO plugin. -->","yoast_head_json":{"title":"Olav Thon : en souvenir du magnat de l&#39;immobilier milliardaire norv\u00e9gien","robots":{"index":"index","follow":"follow","max-snippet":"max-snippet:-1","max-image-preview":"max-image-preview:large","max-video-preview":"max-video-preview:-1"},"canonical":"https:\/\/www.svalbard.fr\/actualites\/olav-thon-en-souvenir-du-magnat-de-limmobilier-milliardaire-norvegien\/","og_locale":"fr_FR","og_type":"article","og_title":"Olav Thon : en souvenir du magnat de l&#39;immobilier milliardaire norv\u00e9gien","og_description":"\u00c0 l&#39;\u00e2ge de 101 ans, l&#39;une des personnes les plus riches de Norv\u00e8ge est d\u00e9c\u00e9d\u00e9e. Olav Thon est surtout connu pour sa cha\u00eene d&#39;h\u00f4tels, mais","og_url":"https:\/\/www.svalbard.fr\/actualites\/olav-thon-en-souvenir-du-magnat-de-limmobilier-milliardaire-norvegien\/","og_site_name":"www.Svalbard.fr","article_published_time":"2024-11-17T11:21:04+00:00","og_image":[{"url":"https:\/\/www.svalbard.fr\/actualites\/wp-content\/uploads\/2024\/11\/Olav-Thon-en-souvenir-du-magnat-de-l39immobilier-milliardaire.jpg"}],"author":"Hilmar","twitter_card":"summary_large_image","twitter_misc":{"\u00c9crit par":"Hilmar","Dur\u00e9e de lecture estim\u00e9e":"5 minutes"},"schema":{"@context":"https:\/\/schema.org","@graph":[{"@type":"Article","@id":"https:\/\/www.svalbard.fr\/actualites\/olav-thon-en-souvenir-du-magnat-de-limmobilier-milliardaire-norvegien\/#article","isPartOf":{"@id":"https:\/\/www.svalbard.fr\/actualites\/olav-thon-en-souvenir-du-magnat-de-limmobilier-milliardaire-norvegien\/"},"author":{"name":"Hilmar","@id":"https:\/\/www.svalbard.fr\/actualites\/#\/schema\/person\/a2f937d5712222366738fae98755c600"},"headline":"Olav Thon : en souvenir du magnat de l&#39;immobilier milliardaire norv\u00e9gien","datePublished":"2024-11-17T11:21:04+00:00","dateModified":"2024-11-17T11:21:04+00:00","mainEntityOfPage":{"@id":"https:\/\/www.svalbard.fr\/actualites\/olav-thon-en-souvenir-du-magnat-de-limmobilier-milliardaire-norvegien\/"},"wordCount":991,"publisher":{"@id":"https:\/\/www.svalbard.fr\/actualites\/#organization"},"keywords":["l39immobilier","magnat","milliardaire","norv\u00e9gien","Olav","souvenir","Thon"],"articleSection":["Svalbard"],"inLanguage":"fr-FR"},{"@type":"WebPage","@id":"https:\/\/www.svalbard.fr\/actualites\/olav-thon-en-souvenir-du-magnat-de-limmobilier-milliardaire-norvegien\/","url":"https:\/\/www.svalbard.fr\/actualites\/olav-thon-en-souvenir-du-magnat-de-limmobilier-milliardaire-norvegien\/","name":"Olav Thon : en souvenir du magnat de l&#39;immobilier milliardaire norv\u00e9gien","isPartOf":{"@id":"https:\/\/www.svalbard.fr\/actualites\/#website"},"datePublished":"2024-11-17T11:21:04+00:00","dateModified":"2024-11-17T11:21:04+00:00","breadcrumb":{"@id":"https:\/\/www.svalbard.fr\/actualites\/olav-thon-en-souvenir-du-magnat-de-limmobilier-milliardaire-norvegien\/#breadcrumb"},"inLanguage":"fr-FR","potentialAction":[{"@type":"ReadAction","target":["https:\/\/www.svalbard.fr\/actualites\/olav-thon-en-souvenir-du-magnat-de-limmobilier-milliardaire-norvegien\/"]}]},{"@type":"BreadcrumbList","@id":"https:\/\/www.svalbard.fr\/actualites\/olav-thon-en-souvenir-du-magnat-de-limmobilier-milliardaire-norvegien\/#breadcrumb","itemListElement":[{"@type":"ListItem","position":1,"name":"Accueil","item":"https:\/\/www.svalbard.fr\/actualites\/"},{"@type":"ListItem","position":2,"name":"Olav Thon : en souvenir du magnat de l&#39;immobilier milliardaire norv\u00e9gien"}]},{"@type":"WebSite","@id":"https:\/\/www.svalbard.fr\/actualites\/#website","url":"https:\/\/www.svalbard.fr\/actualites\/","name":"www.Svalbard.fr","description":"","publisher":{"@id":"https:\/\/www.svalbard.fr\/actualites\/#organization"},"potentialAction":[{"@type":"SearchAction","target":{"@type":"EntryPoint","urlTemplate":"https:\/\/www.svalbard.fr\/actualites\/?s={search_term_string}"},"query-input":"required name=search_term_string"}],"inLanguage":"fr-FR"},{"@type":"Organization","@id":"https:\/\/www.svalbard.fr\/actualites\/#organization","name":"www.Svalbard.fr","url":"https:\/\/www.svalbard.fr\/actualites\/","logo":{"@type":"ImageObject","inLanguage":"fr-FR","@id":"https:\/\/www.svalbard.fr\/actualites\/#\/schema\/logo\/image\/","url":"https:\/\/www.svalbard.fr\/actualites\/wp-content\/uploads\/2023\/09\/head-nom.jpg","contentUrl":"https:\/\/www.svalbard.fr\/actualites\/wp-content\/uploads\/2023\/09\/head-nom.jpg","width":264,"height":35,"caption":"www.Svalbard.fr"},"image":{"@id":"https:\/\/www.svalbard.fr\/actualites\/#\/schema\/logo\/image\/"}},{"@type":"Person","@id":"https:\/\/www.svalbard.fr\/actualites\/#\/schema\/person\/a2f937d5712222366738fae98755c600","name":"Hilmar","image":{"@type":"ImageObject","inLanguage":"fr-FR","@id":"https:\/\/www.svalbard.fr\/actualites\/#\/schema\/person\/image\/","url":"https:\/\/secure.gravatar.com\/avatar\/4daa437093476dbc32da415c112b6512?s=96&d=mm&r=g","contentUrl":"https:\/\/secure.gravatar.com\/avatar\/4daa437093476dbc32da415c112b6512?s=96&d=mm&r=g","caption":"Hilmar"},"description":"Hilmar est un passionn\u00e9 des r\u00e9gions polaires, sp\u00e9cialis\u00e9 dans la r\u00e9daction d'articles sur le Spitzberg et autres destinations arctiques. Il apporte son expertise et sa passion pour l'Arctique au sein de l'\u00e9quipe de r\u00e9daction de Svalbard depuis de nombreuses ann\u00e9es.","sameAs":["https:\/\/www.svalbard.fr\/"]}]}},"_links":{"self":[{"href":"https:\/\/www.svalbard.fr\/actualites\/wp-json\/wp\/v2\/posts\/1710"}],"collection":[{"href":"https:\/\/www.svalbard.fr\/actualites\/wp-json\/wp\/v2\/posts"}],"about":[{"href":"https:\/\/www.svalbard.fr\/actualites\/wp-json\/wp\/v2\/types\/post"}],"author":[{"embeddable":true,"href":"https:\/\/www.svalbard.fr\/actualites\/wp-json\/wp\/v2\/users\/1"}],"replies":[{"embeddable":true,"href":"https:\/\/www.svalbard.fr\/actualites\/wp-json\/wp\/v2\/comments?post=1710"}],"version-history":[{"count":0,"href":"https:\/\/www.svalbard.fr\/actualites\/wp-json\/wp\/v2\/posts\/1710\/revisions"}],"wp:featuredmedia":[{"embeddable":true,"href":"https:\/\/www.svalbard.fr\/actualites\/wp-json\/wp\/v2\/media\/1711"}],"wp:attachment":[{"href":"https:\/\/www.svalbard.fr\/actualites\/wp-json\/wp\/v2\/media?parent=1710"}],"wp:term":[{"taxonomy":"category","embeddable":true,"href":"https:\/\/www.svalbard.fr\/actualites\/wp-json\/wp\/v2\/categories?post=1710"},{"taxonomy":"post_tag","embeddable":true,"href":"https:\/\/www.svalbard.fr\/actualites\/wp-json\/wp\/v2\/tags?post=1710"}],"curies":[{"name":"wp","href":"https:\/\/api.w.org\/{rel}","templated":true}]}}