{"id":1746,"date":"2024-11-21T15:19:35","date_gmt":"2024-11-21T14:19:35","guid":{"rendered":"https:\/\/www.svalbard.fr\/actualites\/musee-tirpitz-lhistoire-du-cuirasse-perdu-dhitler-dans-le-nord-de-la-norvege\/"},"modified":"2024-11-21T15:19:35","modified_gmt":"2024-11-21T14:19:35","slug":"musee-tirpitz-lhistoire-du-cuirasse-perdu-dhitler-dans-le-nord-de-la-norvege","status":"publish","type":"post","link":"https:\/\/www.svalbard.fr\/actualites\/musee-tirpitz-lhistoire-du-cuirasse-perdu-dhitler-dans-le-nord-de-la-norvege\/","title":{"rendered":"Mus\u00e9e Tirpitz\u00a0: L&#39;histoire du cuirass\u00e9 perdu d&#39;Hitler dans le nord de la Norv\u00e8ge"},"content":{"rendered":"<div itemprop=\"text\">\n\t\t\t<span id=\"dpsp-post-content-markup\" data-image-pin-it=\"false\"><\/span><\/p>\n<p class=\"intro\">Autrefois fiert\u00e9 de la marine allemande, le cuirass\u00e9 Tirpitz a connu une fin dramatique au large des c\u00f4tes du nord de la Norv\u00e8ge. D\u00e9couvrez la formidable puissance du navire, son importance strat\u00e9gique et les efforts alli\u00e9s qui ont conduit \u00e0 sa disparition d\u00e9finitive.<\/p>\n<p>Le nord de la Norv\u00e8ge est bien connu pour beaucoup de choses : ses paysages bruts mais spectaculaires, le soleil de minuit, les aurores bor\u00e9ales magiques, la culture sami et les fantastiques exp\u00e9riences hivernales. Mais elle a \u00e9galement jou\u00e9 un r\u00f4le majeur pendant la Seconde Guerre mondiale.<\/p>\n<figure class=\"wp-block-image size-large\"><img data-lazyloaded=\"1\" data-placeholder-resp=\"768x432\" fetchpriority=\"high\" decoding=\"async\" width=\"768\" height=\"432\" src=\"https:\/\/www.svalbard.fr\/actualites\/wp-content\/uploads\/2024\/11\/Musee-Tirpitz-L39histoire-du-cuirasse-perdu-d39Hitler-dans-le-nord.jpg\" alt=\"Photo d&#39;un soldat britannique lors d&#39;une campagne contre le Tirpitz pendant la Seconde Guerre mondiale.\" class=\"wp-image-82383\"  data-><noscript><img fetchpriority=\"high\" decoding=\"async\" width=\"768\" height=\"432\" src=\"https:\/\/www.svalbard.fr\/actualites\/wp-content\/uploads\/2024\/11\/Musee-Tirpitz-L39histoire-du-cuirasse-perdu-d39Hitler-dans-le-nord.jpg\" alt=\"Photo d&#39;un soldat britannique lors d&#39;une campagne contre le Tirpitz pendant la Seconde Guerre mondiale.\" class=\"wp-image-82383\"  ><\/noscript><\/figure>\n<p>J&#39;ai d\u00e9j\u00e0 \u00e9crit sur l&#39;importance strat\u00e9gique de Narvik pendant la Seconde Guerre mondiale, mais il y a bien d&#39;autres histoires de guerre cach\u00e9es \u00e0 la vue de tous dans la r\u00e9gion arctique.<\/p>\n<p>Mon voyage au mus\u00e9e de la guerre de Narvik m&#39;a beaucoup marqu\u00e9. Ainsi, lors d&#39;un r\u00e9cent voyage \u00e0 Alta, j&#39;ai particip\u00e9 \u00e0 une visite au mus\u00e9e Tirpitz. Je dois dire que je ne connaissais pas grand-chose du Tirpitz, \u00e0 part qu&#39;il s&#39;agissait d&#39;un cuirass\u00e9 allemand coul\u00e9 dans le nord de la Norv\u00e8ge.<\/p>\n<p>Mais compte tenu de mon exp\u00e9rience \u00e0 Narvik, j&#39;avais le sentiment que ce serait une histoire int\u00e9ressante \u00e0 apprendre dans le cadre de mon projet en cours visant \u00e0 en apprendre davantage sur le r\u00f4le de la Norv\u00e8ge dans la Seconde Guerre mondiale. Et c\u2019est ce qui s\u2019est av\u00e9r\u00e9.<\/p>\n<h2 class=\"wp-block-heading\">L&#39;histoire du Tirpitz<\/h2>\n<p>Le Tirpitz \u00e9tait un cuirass\u00e9 pas comme les autres, r\u00e9put\u00e9 pour sa taille, son armement avanc\u00e9 et l&#39;ombre imposante qu&#39;il projetait sur l&#39;Atlantique Nord. C&#39;\u00e9tait le plus grand cuirass\u00e9 jamais construit par la marine allemande.<\/p>\n<p>Aux c\u00f4t\u00e9s de son navire jumeau, le Bismarck, le Tirpitz \u00e9tait cens\u00e9 \u00eatre un outil puissant dans l&#39;arsenal naval allemand, destin\u00e9 \u00e0 d\u00e9fier le contr\u00f4le alli\u00e9 sur les convois arctiques transportant des fournitures essentielles \u00e0 l&#39;Union sovi\u00e9tique.<\/p>\n<figure class=\"wp-block-image size-full\"><img loading=\"lazy\" data-lazyloaded=\"1\" data-placeholder-resp=\"880x1080\" decoding=\"async\" width=\"880\" height=\"1080\" src=\"https:\/\/www.svalbard.fr\/actualites\/wp-content\/uploads\/2024\/11\/1732198773_169_Musee-Tirpitz-L39histoire-du-cuirasse-perdu-d39Hitler-dans-le-nord.jpg\" alt=\"Une maquette du Tirpitz au mus\u00e9e d&#39;Alta, en Norv\u00e8ge. Photo : David Nikel.\" class=\"wp-image-82386\"  data-><noscript><img loading=\"lazy\" decoding=\"async\" width=\"880\" height=\"1080\" src=\"https:\/\/www.svalbard.fr\/actualites\/wp-content\/uploads\/2024\/11\/1732198773_169_Musee-Tirpitz-L39histoire-du-cuirasse-perdu-d39Hitler-dans-le-nord.jpg\" alt=\"Une maquette du Tirpitz au mus\u00e9e d&#39;Alta, en Norv\u00e8ge. Photo : David Nikel.\" class=\"wp-image-82386\"  ><\/noscript><\/figure>\n<p>Stationn\u00e9 dans le nord de la Norv\u00e8ge pendant une grande partie de sa vie op\u00e9rationnelle, le Tirpitz avait un objectif strat\u00e9gique au-del\u00e0 de la simple puissance de feu : c&#39;\u00e9tait une arme psychologique.<\/p>\n<p>Rien que par sa pr\u00e9sence, le cuirass\u00e9 obligeait les forces alli\u00e9es \u00e0 d\u00e9tourner d\u2019\u00e9normes ressources pour contrer la menace, m\u00eame s\u2019il s\u2019engageait rarement dans des combats directs.<\/p>\n<p>La Royal Navy britannique et la Royal Air Force ont organis\u00e9 de nombreuses missions pour neutraliser le Tirpitz, reconnaissant que son naufrage soulagerait l&#39;immense pression qu&#39;il exer\u00e7ait sur les convois alli\u00e9s de l&#39;Arctique.<\/p>\n<p>Cependant, attaquer le Tirpitz n\u2019\u00e9tait pas une mince affaire. Le cuirass\u00e9 \u00e9tait lourdement blind\u00e9, d\u00e9fendu par des canons anti-a\u00e9riens et stationn\u00e9 dans des fjords norv\u00e9giens bien fortifi\u00e9s o\u00f9 il \u00e9tait prot\u00e9g\u00e9 par des montagnes et prot\u00e9g\u00e9 des attaques directes.<\/p>\n<h2 class=\"wp-block-heading\">La destruction du Tirpitz<\/h2>\n<p>De nombreuses missions ont \u00e9t\u00e9 lanc\u00e9es pour neutraliser ou d\u00e9truire le navire, et ces tentatives sont devenues l\u00e9gendaires en elles-m\u00eames : des raids audacieux sous-marins aux op\u00e9rations de bombardement innovantes \u00e0 haute altitude.<\/p>\n<p>La poursuite incessante du Tirpitz par les forces alli\u00e9es est devenue l&#39;un des jeux du chat et de la souris les plus intenses de la Seconde Guerre mondiale.<\/p>\n<p>Au cours d&#39;une s\u00e9rie d&#39;op\u00e9rations, les Britanniques tent\u00e8rent de d\u00e9sactiver ou de d\u00e9truire le navire, comprenant l&#39;immense avantage strat\u00e9gique que son \u00e9limination apporterait.<\/p>\n<figure class=\"wp-block-image size-large\"><img loading=\"lazy\" data-lazyloaded=\"1\" data-placeholder-resp=\"768x576\" decoding=\"async\" width=\"768\" height=\"576\" src=\"https:\/\/www.svalbard.fr\/actualites\/wp-content\/uploads\/2024\/11\/1732198774_716_Musee-Tirpitz-L39histoire-du-cuirasse-perdu-d39Hitler-dans-le-nord.jpg\" alt=\"V\u00eatements et autres objets de la guerre au mus\u00e9e Tirpitz. Photo : David Nikel.\" class=\"wp-image-82385\"  data-><noscript><img loading=\"lazy\" decoding=\"async\" width=\"768\" height=\"576\" src=\"https:\/\/www.svalbard.fr\/actualites\/wp-content\/uploads\/2024\/11\/1732198774_716_Musee-Tirpitz-L39histoire-du-cuirasse-perdu-d39Hitler-dans-le-nord.jpg\" alt=\"V\u00eatements et autres objets de la guerre au mus\u00e9e Tirpitz. Photo : David Nikel.\" class=\"wp-image-82385\"  ><\/noscript><\/figure>\n<p>Les premiers efforts impliquaient d&#39;audacieux mini-sous-marins X-craft dans le cadre de l&#39;Op\u00e9ration Source, o\u00f9 les \u00e9quipages britanniques naviguaient dans les fjords p\u00e9rilleux et parvenaient \u00e0 placer des charges explosives sous le navire. Bien que l&#39;attaque ait caus\u00e9 des d\u00e9g\u00e2ts, le Tirpitz a \u00e9t\u00e9 r\u00e9par\u00e9 et la menace est rest\u00e9e.<\/p>\n<p>Consciente de la n\u00e9cessit\u00e9 d&#39;un coup plus d\u00e9cisif, la Royal Air Force a lanc\u00e9 une s\u00e9rie de bombardements \u00e0 haute altitude, connus sous le nom d&#39;op\u00e9rations Tungsten, Paravane et Cat\u00e9chisme.<\/p>\n<p>Chaque tentative devenait plus sophistiqu\u00e9e, avec de nouvelles tactiques, de nouveaux avions et de puissantes bombes Tallboy, con\u00e7ues pour p\u00e9n\u00e9trer le formidable blindage du Tirpitz.<\/p>\n<p>Finalement, le 12 novembre 1944, lors de l&#39;op\u00e9ration Cat\u00e9chisme, la RAF r\u00e9ussit ce qui lui avait \u00e9chapp\u00e9 depuis des ann\u00e9es. Les bombardiers ont frapp\u00e9 le Tirpitz \u00e0 H\u00e5k\u00f8ya pr\u00e8s de Troms\u00f8, causant des d\u00e9g\u00e2ts catastrophiques.<\/p>\n<p>Le cuirass\u00e9 a chavir\u00e9, pi\u00e9geant des centaines de marins allemands \u00e0 l&#39;int\u00e9rieur. La \u00ab Reine solitaire du Nord \u00bb avait connu sa fin, mettant un terme dramatique \u00e0 l\u2019une des sagas navales les plus intenses de la guerre.<\/p>\n<h2 class=\"wp-block-heading\">Visiter le mus\u00e9e Tirpitz<\/h2>\n<p>En entrant dans le mus\u00e9e Tirpitz \u00e0 Alta, vous \u00eates imm\u00e9diatement frapp\u00e9 par le poids de l&#39;histoire. Le petit espace intime est rempli d&#39;objets, de photographies et de documents qui racontent l&#39;histoire du Tirpitz et des soldats qui y ont servi.<\/p>\n<figure class=\"wp-block-image size-large\"><img loading=\"lazy\" data-lazyloaded=\"1\" data-placeholder-resp=\"768x432\" decoding=\"async\" width=\"768\" height=\"432\" src=\"https:\/\/www.svalbard.fr\/actualites\/wp-content\/uploads\/2024\/11\/1732198774_246_Musee-Tirpitz-L39histoire-du-cuirasse-perdu-d39Hitler-dans-le-nord.jpg\" alt=\"Ext\u00e9rieur du mus\u00e9e Tirpitz \u00e0 Alta, Norv\u00e8ge. Photo : David Nikel.\" class=\"wp-image-82384\"  data-><noscript><img loading=\"lazy\" decoding=\"async\" width=\"768\" height=\"432\" src=\"https:\/\/www.svalbard.fr\/actualites\/wp-content\/uploads\/2024\/11\/1732198774_246_Musee-Tirpitz-L39histoire-du-cuirasse-perdu-d39Hitler-dans-le-nord.jpg\" alt=\"Ext\u00e9rieur du mus\u00e9e Tirpitz \u00e0 Alta, Norv\u00e8ge. Photo : David Nikel.\" class=\"wp-image-82384\"  ><\/noscript><\/figure>\n<p>Chaque exposition donne vie \u00e0 un aspect diff\u00e9rent de l&#39;histoire du cuirass\u00e9, des mod\u00e8les du navire \u00e0 son apog\u00e9e aux photographies de l&#39;\u00e9poque.<\/p>\n<p>Les objets personnels r\u00e9cup\u00e9r\u00e9s dans l&#39;\u00e9pave, rappelant les vies perdues lorsque le Tirpitz a finalement coul\u00e9, sont peut-\u00eatre les plus \u00e9mouvants. Les lettres, les uniformes et les photographies de jeunes marins allemands ajoutent un \u00e9l\u00e9ment humain \u00e0 l&#39;histoire \u00e9pique du cuirass\u00e9.<\/p>\n<p>En parcourant les expositions, vous acqu\u00e9rez une compr\u00e9hension plus approfondie des sacrifices, des ambitions et des peurs qui ont d\u00e9fini ce chapitre de l&#39;histoire. Il y a aussi un film (environ 30 minutes) racontant l&#39;histoire des attaques finales.<\/p>\n<p><strong>Comment visiter le mus\u00e9e Tirpitz<\/strong>: J&#39;ai pu visiter en octobre, mais uniquement parce que je faisais partie d&#39;une excursion organis\u00e9e depuis le Fred Olsen Balmoral, un bateau de croisi\u00e8re amarr\u00e9 \u00e0 Alta.<\/p>\n<p>Bien qu&#39;annonc\u00e9e comme une visite du mus\u00e9e Tirpitz, l&#39;excursion comprenait \u00e9galement plusieurs arr\u00eats photos et une visite \u00e0 la cath\u00e9drale des aurores bor\u00e9ales d&#39;Alta. Cela valait bien son prix.<\/p>\n<p>Des visites ind\u00e9pendantes du mus\u00e9e Tirpitz sont \u00e9galement possibles, mais uniquement pendant la saison d&#39;ouverture estivale.<\/p>\n<p>Entre juin et ao\u00fbt, le mus\u00e9e est ouvert tous les jours de 10h \u00e0 17h. Cela dit, il peut \u00eatre judicieux de se renseigner aupr\u00e8s de l&#39;office de tourisme d&#39;Alta avant de faire un voyage sp\u00e9cial.<\/p>\n<h2 class=\"wp-block-heading\">Le Tirpitz Au-del\u00e0 du mus\u00e9e<\/h2>\n<p>Mais l\u2019histoire du Tirpitz s\u2019\u00e9tend au-del\u00e0 des murs du mus\u00e9e. Juste \u00e0 l&#39;ext\u00e9rieur du mus\u00e9e, un m\u00e9morial rend un hommage solennel au Tirpitz et aux vies perdues lors de son dernier chapitre.<\/p>\n<figure class=\"wp-block-image size-large\"><img loading=\"lazy\" data-lazyloaded=\"1\" data-placeholder-resp=\"768x576\" decoding=\"async\" width=\"768\" height=\"576\" src=\"https:\/\/www.svalbard.fr\/actualites\/wp-content\/uploads\/2024\/11\/1732198775_669_Musee-Tirpitz-L39histoire-du-cuirasse-perdu-d39Hitler-dans-le-nord.jpg\" alt=\"Crat\u00e8re Tirpitz pr\u00e8s du K\u00e5fjord. Photo : David Nikel.\" class=\"wp-image-82379\"  data-><noscript><img loading=\"lazy\" decoding=\"async\" width=\"768\" height=\"576\" src=\"https:\/\/www.svalbard.fr\/actualites\/wp-content\/uploads\/2024\/11\/1732198775_669_Musee-Tirpitz-L39histoire-du-cuirasse-perdu-d39Hitler-dans-le-nord.jpg\" alt=\"Crat\u00e8re Tirpitz pr\u00e8s du K\u00e5fjord. Photo : David Nikel.\" class=\"wp-image-82379\"  ><\/noscript><\/figure>\n<p>Sur le trajet entre Alta et le mus\u00e9e, il y a un rep\u00e8re historique unique cach\u00e9 \u00e0 la vue de tous. Surplombant le K\u00e5fjord, il reste un \u00e9norme crat\u00e8re, une cicatrice dans le paysage cr\u00e9\u00e9e par une bombe britannique qui est tomb\u00e9e juste avant sa cible.<\/p>\n<p>\u00c0 quelques pas d&#39;un parking voisin, ce crat\u00e8re est un rappel silencieux mais puissant des efforts intenses des Alli\u00e9s pour mettre fin au r\u00e8gne du Tirpitz.<\/p>\n<p>Debout au bord du crat\u00e8re, face au fjord o\u00f9 se dressait autrefois le Tirpitz, vous obtenez une perspective profonde sur les \u00e9v\u00e9nements qui ont fa\u00e7onn\u00e9 cette r\u00e9gion.<\/p>\n<\/p><\/div>\n","protected":false},"excerpt":{"rendered":"<p>Autrefois fiert\u00e9 de la marine allemande, le cuirass\u00e9 Tirpitz a connu une fin dramatique au large des c\u00f4tes du nord de la Norv\u00e8ge. D\u00e9couvrez la<\/p>\n","protected":false},"author":1,"featured_media":1747,"comment_status":"","ping_status":"","sticky":false,"template":"","format":"standard","meta":{"footnotes":""},"categories":[1],"tags":[1858,1859,54,1203,1340,321,6,123,1857],"yoast_head":"<!-- This site is optimized with the Yoast SEO plugin v21.0 - https:\/\/yoast.com\/wordpress\/plugins\/seo\/ -->\n<title>Mus\u00e9e Tirpitz\u00a0: L&#039;histoire du cuirass\u00e9 perdu d&#039;Hitler dans le nord de la Norv\u00e8ge<\/title>\n<meta name=\"robots\" content=\"index, follow, max-snippet:-1, max-image-preview:large, max-video-preview:-1\" \/>\n<link rel=\"canonical\" href=\"https:\/\/www.svalbard.fr\/actualites\/musee-tirpitz-lhistoire-du-cuirasse-perdu-dhitler-dans-le-nord-de-la-norvege\/\" \/>\n<meta property=\"og:locale\" content=\"fr_FR\" \/>\n<meta property=\"og:type\" content=\"article\" \/>\n<meta property=\"og:title\" content=\"Mus\u00e9e Tirpitz\u00a0: L&#039;histoire du cuirass\u00e9 perdu d&#039;Hitler dans le nord de la Norv\u00e8ge\" \/>\n<meta property=\"og:description\" content=\"Autrefois fiert\u00e9 de la marine allemande, le cuirass\u00e9 Tirpitz a connu une fin dramatique au large des c\u00f4tes du nord de la Norv\u00e8ge. D\u00e9couvrez la\" \/>\n<meta property=\"og:url\" content=\"https:\/\/www.svalbard.fr\/actualites\/musee-tirpitz-lhistoire-du-cuirasse-perdu-dhitler-dans-le-nord-de-la-norvege\/\" \/>\n<meta property=\"og:site_name\" content=\"www.Svalbard.fr\" \/>\n<meta property=\"article:published_time\" content=\"2024-11-21T14:19:35+00:00\" \/>\n<meta property=\"og:image\" content=\"https:\/\/www.svalbard.fr\/actualites\/wp-content\/uploads\/2024\/11\/Musee-Tirpitz-L39histoire-du-cuirasse-perdu-d39Hitler-dans-le-nord.jpg\" \/>\n<meta name=\"author\" content=\"Hilmar\" \/>\n<meta name=\"twitter:card\" content=\"summary_large_image\" \/>\n<meta name=\"twitter:label1\" content=\"\u00c9crit par\" \/>\n\t<meta name=\"twitter:data1\" content=\"Hilmar\" \/>\n\t<meta name=\"twitter:label2\" content=\"Dur\u00e9e de lecture estim\u00e9e\" \/>\n\t<meta name=\"twitter:data2\" content=\"6 minutes\" \/>\n<script type=\"application\/ld+json\" class=\"yoast-schema-graph\">{\"@context\":\"https:\/\/schema.org\",\"@graph\":[{\"@type\":\"Article\",\"@id\":\"https:\/\/www.svalbard.fr\/actualites\/musee-tirpitz-lhistoire-du-cuirasse-perdu-dhitler-dans-le-nord-de-la-norvege\/#article\",\"isPartOf\":{\"@id\":\"https:\/\/www.svalbard.fr\/actualites\/musee-tirpitz-lhistoire-du-cuirasse-perdu-dhitler-dans-le-nord-de-la-norvege\/\"},\"author\":{\"name\":\"Hilmar\",\"@id\":\"https:\/\/www.svalbard.fr\/actualites\/#\/schema\/person\/a2f937d5712222366738fae98755c600\"},\"headline\":\"Mus\u00e9e Tirpitz\u00a0: L&#39;histoire du cuirass\u00e9 perdu d&#39;Hitler dans le nord de la Norv\u00e8ge\",\"datePublished\":\"2024-11-21T14:19:35+00:00\",\"dateModified\":\"2024-11-21T14:19:35+00:00\",\"mainEntityOfPage\":{\"@id\":\"https:\/\/www.svalbard.fr\/actualites\/musee-tirpitz-lhistoire-du-cuirasse-perdu-dhitler-dans-le-nord-de-la-norvege\/\"},\"wordCount\":1261,\"publisher\":{\"@id\":\"https:\/\/www.svalbard.fr\/actualites\/#organization\"},\"keywords\":[\"cuirass\u00e9\",\"d39Hitler\",\"dans\",\"l39histoire\",\"Mus\u00e9e\",\"Nord\",\"Norv\u00e8ge\",\"perdu\",\"Tirpitz\"],\"articleSection\":[\"Svalbard\"],\"inLanguage\":\"fr-FR\"},{\"@type\":\"WebPage\",\"@id\":\"https:\/\/www.svalbard.fr\/actualites\/musee-tirpitz-lhistoire-du-cuirasse-perdu-dhitler-dans-le-nord-de-la-norvege\/\",\"url\":\"https:\/\/www.svalbard.fr\/actualites\/musee-tirpitz-lhistoire-du-cuirasse-perdu-dhitler-dans-le-nord-de-la-norvege\/\",\"name\":\"Mus\u00e9e Tirpitz\u00a0: L&#39;histoire du cuirass\u00e9 perdu d&#39;Hitler dans le nord de la Norv\u00e8ge\",\"isPartOf\":{\"@id\":\"https:\/\/www.svalbard.fr\/actualites\/#website\"},\"datePublished\":\"2024-11-21T14:19:35+00:00\",\"dateModified\":\"2024-11-21T14:19:35+00:00\",\"breadcrumb\":{\"@id\":\"https:\/\/www.svalbard.fr\/actualites\/musee-tirpitz-lhistoire-du-cuirasse-perdu-dhitler-dans-le-nord-de-la-norvege\/#breadcrumb\"},\"inLanguage\":\"fr-FR\",\"potentialAction\":[{\"@type\":\"ReadAction\",\"target\":[\"https:\/\/www.svalbard.fr\/actualites\/musee-tirpitz-lhistoire-du-cuirasse-perdu-dhitler-dans-le-nord-de-la-norvege\/\"]}]},{\"@type\":\"BreadcrumbList\",\"@id\":\"https:\/\/www.svalbard.fr\/actualites\/musee-tirpitz-lhistoire-du-cuirasse-perdu-dhitler-dans-le-nord-de-la-norvege\/#breadcrumb\",\"itemListElement\":[{\"@type\":\"ListItem\",\"position\":1,\"name\":\"Accueil\",\"item\":\"https:\/\/www.svalbard.fr\/actualites\/\"},{\"@type\":\"ListItem\",\"position\":2,\"name\":\"Mus\u00e9e Tirpitz\u00a0: L&#39;histoire du cuirass\u00e9 perdu d&#39;Hitler dans le nord de la Norv\u00e8ge\"}]},{\"@type\":\"WebSite\",\"@id\":\"https:\/\/www.svalbard.fr\/actualites\/#website\",\"url\":\"https:\/\/www.svalbard.fr\/actualites\/\",\"name\":\"www.Svalbard.fr\",\"description\":\"\",\"publisher\":{\"@id\":\"https:\/\/www.svalbard.fr\/actualites\/#organization\"},\"potentialAction\":[{\"@type\":\"SearchAction\",\"target\":{\"@type\":\"EntryPoint\",\"urlTemplate\":\"https:\/\/www.svalbard.fr\/actualites\/?s={search_term_string}\"},\"query-input\":\"required name=search_term_string\"}],\"inLanguage\":\"fr-FR\"},{\"@type\":\"Organization\",\"@id\":\"https:\/\/www.svalbard.fr\/actualites\/#organization\",\"name\":\"www.Svalbard.fr\",\"url\":\"https:\/\/www.svalbard.fr\/actualites\/\",\"logo\":{\"@type\":\"ImageObject\",\"inLanguage\":\"fr-FR\",\"@id\":\"https:\/\/www.svalbard.fr\/actualites\/#\/schema\/logo\/image\/\",\"url\":\"https:\/\/www.svalbard.fr\/actualites\/wp-content\/uploads\/2023\/09\/head-nom.jpg\",\"contentUrl\":\"https:\/\/www.svalbard.fr\/actualites\/wp-content\/uploads\/2023\/09\/head-nom.jpg\",\"width\":264,\"height\":35,\"caption\":\"www.Svalbard.fr\"},\"image\":{\"@id\":\"https:\/\/www.svalbard.fr\/actualites\/#\/schema\/logo\/image\/\"}},{\"@type\":\"Person\",\"@id\":\"https:\/\/www.svalbard.fr\/actualites\/#\/schema\/person\/a2f937d5712222366738fae98755c600\",\"name\":\"Hilmar\",\"image\":{\"@type\":\"ImageObject\",\"inLanguage\":\"fr-FR\",\"@id\":\"https:\/\/www.svalbard.fr\/actualites\/#\/schema\/person\/image\/\",\"url\":\"https:\/\/secure.gravatar.com\/avatar\/4daa437093476dbc32da415c112b6512?s=96&d=mm&r=g\",\"contentUrl\":\"https:\/\/secure.gravatar.com\/avatar\/4daa437093476dbc32da415c112b6512?s=96&d=mm&r=g\",\"caption\":\"Hilmar\"},\"description\":\"Hilmar est un passionn\u00e9 des r\u00e9gions polaires, sp\u00e9cialis\u00e9 dans la r\u00e9daction d'articles sur le Spitzberg et autres destinations arctiques. Il apporte son expertise et sa passion pour l'Arctique au sein de l'\u00e9quipe de r\u00e9daction de Svalbard depuis de nombreuses ann\u00e9es.\",\"sameAs\":[\"https:\/\/www.svalbard.fr\/\"]}]}<\/script>\n<!-- \/ Yoast SEO plugin. -->","yoast_head_json":{"title":"Mus\u00e9e Tirpitz\u00a0: L&#39;histoire du cuirass\u00e9 perdu d&#39;Hitler dans le nord de la Norv\u00e8ge","robots":{"index":"index","follow":"follow","max-snippet":"max-snippet:-1","max-image-preview":"max-image-preview:large","max-video-preview":"max-video-preview:-1"},"canonical":"https:\/\/www.svalbard.fr\/actualites\/musee-tirpitz-lhistoire-du-cuirasse-perdu-dhitler-dans-le-nord-de-la-norvege\/","og_locale":"fr_FR","og_type":"article","og_title":"Mus\u00e9e Tirpitz\u00a0: L&#39;histoire du cuirass\u00e9 perdu d&#39;Hitler dans le nord de la Norv\u00e8ge","og_description":"Autrefois fiert\u00e9 de la marine allemande, le cuirass\u00e9 Tirpitz a connu une fin dramatique au large des c\u00f4tes du nord de la Norv\u00e8ge. D\u00e9couvrez la","og_url":"https:\/\/www.svalbard.fr\/actualites\/musee-tirpitz-lhistoire-du-cuirasse-perdu-dhitler-dans-le-nord-de-la-norvege\/","og_site_name":"www.Svalbard.fr","article_published_time":"2024-11-21T14:19:35+00:00","og_image":[{"url":"https:\/\/www.svalbard.fr\/actualites\/wp-content\/uploads\/2024\/11\/Musee-Tirpitz-L39histoire-du-cuirasse-perdu-d39Hitler-dans-le-nord.jpg"}],"author":"Hilmar","twitter_card":"summary_large_image","twitter_misc":{"\u00c9crit par":"Hilmar","Dur\u00e9e de lecture estim\u00e9e":"6 minutes"},"schema":{"@context":"https:\/\/schema.org","@graph":[{"@type":"Article","@id":"https:\/\/www.svalbard.fr\/actualites\/musee-tirpitz-lhistoire-du-cuirasse-perdu-dhitler-dans-le-nord-de-la-norvege\/#article","isPartOf":{"@id":"https:\/\/www.svalbard.fr\/actualites\/musee-tirpitz-lhistoire-du-cuirasse-perdu-dhitler-dans-le-nord-de-la-norvege\/"},"author":{"name":"Hilmar","@id":"https:\/\/www.svalbard.fr\/actualites\/#\/schema\/person\/a2f937d5712222366738fae98755c600"},"headline":"Mus\u00e9e Tirpitz\u00a0: L&#39;histoire du cuirass\u00e9 perdu d&#39;Hitler dans le nord de la Norv\u00e8ge","datePublished":"2024-11-21T14:19:35+00:00","dateModified":"2024-11-21T14:19:35+00:00","mainEntityOfPage":{"@id":"https:\/\/www.svalbard.fr\/actualites\/musee-tirpitz-lhistoire-du-cuirasse-perdu-dhitler-dans-le-nord-de-la-norvege\/"},"wordCount":1261,"publisher":{"@id":"https:\/\/www.svalbard.fr\/actualites\/#organization"},"keywords":["cuirass\u00e9","d39Hitler","dans","l39histoire","Mus\u00e9e","Nord","Norv\u00e8ge","perdu","Tirpitz"],"articleSection":["Svalbard"],"inLanguage":"fr-FR"},{"@type":"WebPage","@id":"https:\/\/www.svalbard.fr\/actualites\/musee-tirpitz-lhistoire-du-cuirasse-perdu-dhitler-dans-le-nord-de-la-norvege\/","url":"https:\/\/www.svalbard.fr\/actualites\/musee-tirpitz-lhistoire-du-cuirasse-perdu-dhitler-dans-le-nord-de-la-norvege\/","name":"Mus\u00e9e Tirpitz\u00a0: L&#39;histoire du cuirass\u00e9 perdu d&#39;Hitler dans le nord de la Norv\u00e8ge","isPartOf":{"@id":"https:\/\/www.svalbard.fr\/actualites\/#website"},"datePublished":"2024-11-21T14:19:35+00:00","dateModified":"2024-11-21T14:19:35+00:00","breadcrumb":{"@id":"https:\/\/www.svalbard.fr\/actualites\/musee-tirpitz-lhistoire-du-cuirasse-perdu-dhitler-dans-le-nord-de-la-norvege\/#breadcrumb"},"inLanguage":"fr-FR","potentialAction":[{"@type":"ReadAction","target":["https:\/\/www.svalbard.fr\/actualites\/musee-tirpitz-lhistoire-du-cuirasse-perdu-dhitler-dans-le-nord-de-la-norvege\/"]}]},{"@type":"BreadcrumbList","@id":"https:\/\/www.svalbard.fr\/actualites\/musee-tirpitz-lhistoire-du-cuirasse-perdu-dhitler-dans-le-nord-de-la-norvege\/#breadcrumb","itemListElement":[{"@type":"ListItem","position":1,"name":"Accueil","item":"https:\/\/www.svalbard.fr\/actualites\/"},{"@type":"ListItem","position":2,"name":"Mus\u00e9e Tirpitz\u00a0: L&#39;histoire du cuirass\u00e9 perdu d&#39;Hitler dans le nord de la Norv\u00e8ge"}]},{"@type":"WebSite","@id":"https:\/\/www.svalbard.fr\/actualites\/#website","url":"https:\/\/www.svalbard.fr\/actualites\/","name":"www.Svalbard.fr","description":"","publisher":{"@id":"https:\/\/www.svalbard.fr\/actualites\/#organization"},"potentialAction":[{"@type":"SearchAction","target":{"@type":"EntryPoint","urlTemplate":"https:\/\/www.svalbard.fr\/actualites\/?s={search_term_string}"},"query-input":"required name=search_term_string"}],"inLanguage":"fr-FR"},{"@type":"Organization","@id":"https:\/\/www.svalbard.fr\/actualites\/#organization","name":"www.Svalbard.fr","url":"https:\/\/www.svalbard.fr\/actualites\/","logo":{"@type":"ImageObject","inLanguage":"fr-FR","@id":"https:\/\/www.svalbard.fr\/actualites\/#\/schema\/logo\/image\/","url":"https:\/\/www.svalbard.fr\/actualites\/wp-content\/uploads\/2023\/09\/head-nom.jpg","contentUrl":"https:\/\/www.svalbard.fr\/actualites\/wp-content\/uploads\/2023\/09\/head-nom.jpg","width":264,"height":35,"caption":"www.Svalbard.fr"},"image":{"@id":"https:\/\/www.svalbard.fr\/actualites\/#\/schema\/logo\/image\/"}},{"@type":"Person","@id":"https:\/\/www.svalbard.fr\/actualites\/#\/schema\/person\/a2f937d5712222366738fae98755c600","name":"Hilmar","image":{"@type":"ImageObject","inLanguage":"fr-FR","@id":"https:\/\/www.svalbard.fr\/actualites\/#\/schema\/person\/image\/","url":"https:\/\/secure.gravatar.com\/avatar\/4daa437093476dbc32da415c112b6512?s=96&d=mm&r=g","contentUrl":"https:\/\/secure.gravatar.com\/avatar\/4daa437093476dbc32da415c112b6512?s=96&d=mm&r=g","caption":"Hilmar"},"description":"Hilmar est un passionn\u00e9 des r\u00e9gions polaires, sp\u00e9cialis\u00e9 dans la r\u00e9daction d'articles sur le Spitzberg et autres destinations arctiques. Il apporte son expertise et sa passion pour l'Arctique au sein de l'\u00e9quipe de r\u00e9daction de Svalbard depuis de nombreuses ann\u00e9es.","sameAs":["https:\/\/www.svalbard.fr\/"]}]}},"_links":{"self":[{"href":"https:\/\/www.svalbard.fr\/actualites\/wp-json\/wp\/v2\/posts\/1746"}],"collection":[{"href":"https:\/\/www.svalbard.fr\/actualites\/wp-json\/wp\/v2\/posts"}],"about":[{"href":"https:\/\/www.svalbard.fr\/actualites\/wp-json\/wp\/v2\/types\/post"}],"author":[{"embeddable":true,"href":"https:\/\/www.svalbard.fr\/actualites\/wp-json\/wp\/v2\/users\/1"}],"replies":[{"embeddable":true,"href":"https:\/\/www.svalbard.fr\/actualites\/wp-json\/wp\/v2\/comments?post=1746"}],"version-history":[{"count":0,"href":"https:\/\/www.svalbard.fr\/actualites\/wp-json\/wp\/v2\/posts\/1746\/revisions"}],"wp:featuredmedia":[{"embeddable":true,"href":"https:\/\/www.svalbard.fr\/actualites\/wp-json\/wp\/v2\/media\/1747"}],"wp:attachment":[{"href":"https:\/\/www.svalbard.fr\/actualites\/wp-json\/wp\/v2\/media?parent=1746"}],"wp:term":[{"taxonomy":"category","embeddable":true,"href":"https:\/\/www.svalbard.fr\/actualites\/wp-json\/wp\/v2\/categories?post=1746"},{"taxonomy":"post_tag","embeddable":true,"href":"https:\/\/www.svalbard.fr\/actualites\/wp-json\/wp\/v2\/tags?post=1746"}],"curies":[{"name":"wp","href":"https:\/\/api.w.org\/{rel}","templated":true}]}}