{"id":1775,"date":"2024-11-22T14:19:52","date_gmt":"2024-11-22T13:19:52","guid":{"rendered":"https:\/\/www.svalbard.fr\/actualites\/lile-isolee-appartenant-a-des-europeens-situee-a-2-400-kilometres-de-lafrique-est-la-plus-isolee-de-la-planete\/"},"modified":"2024-11-22T14:19:55","modified_gmt":"2024-11-22T13:19:55","slug":"lile-isolee-appartenant-a-des-europeens-situee-a-2-400-kilometres-de-lafrique-est-la-plus-isolee-de-la-planete","status":"publish","type":"post","link":"https:\/\/www.svalbard.fr\/actualites\/lile-isolee-appartenant-a-des-europeens-situee-a-2-400-kilometres-de-lafrique-est-la-plus-isolee-de-la-planete\/","title":{"rendered":"L&#39;\u00eele isol\u00e9e appartenant \u00e0 des Europ\u00e9ens, situ\u00e9e \u00e0 2\u00a0400 kilom\u00e8tres de l&#39;Afrique, est la \u00ab plus isol\u00e9e de la plan\u00e8te \u00bb."},"content":{"rendered":"<div>\n<p>L&#39;\u00eele Bouvet, un \u00eelot d\u00e9sol\u00e9 de l&#39;oc\u00e9an Atlantique Sud, d\u00e9tient le titre d&#39;\u00eele la plus isol\u00e9e du monde. <\/p>\n<p>Situ\u00e9 \u00e0 environ 1\u00a0600 milles au nord de l\u2019Antarctique et \u00e0 1\u00a0500 milles au sud-ouest du cap de Bonne-Esp\u00e9rance, cet affleurement glac\u00e9 t\u00e9moigne de la beaut\u00e9 aust\u00e8re et de l\u2019\u00e9loignement de la nature. <\/p>\n<p>Officiellement sous souverainet\u00e9 norv\u00e9gienne, elle reste inhabit\u00e9e et presque imp\u00e9n\u00e9trable.<\/p>\n<p>L&#39;\u00eele Bouvet ne s&#39;\u00e9tend que sur 23 milles carr\u00e9s et culmine \u00e0 une altitude de 3 068 pieds. <\/p>\n<p data-mce-linkchecker-status=\"valid\">Son terrain est principalement constitu\u00e9 de roches volcaniques, presque enti\u00e8rement recouvertes de glaciers et entour\u00e9es de p\u00e9rilleuses falaises de glace. <\/p>\n<\/div>\n<div>\n<p>Ces barri\u00e8res naturelles rendent l&#39;atterrissage presque impossible, renfor\u00e7ant encore davantage sa r\u00e9putation d&#39;\u00ab endroit le plus solitaire de la plan\u00e8te \u00bb.<\/p>\n<p>D\u00e9couverte en 1739 par le navigateur fran\u00e7ais Jean-Baptiste-Charles Bouvet de Lozier, l&#39;\u00eele a \u00e9chapp\u00e9 \u00e0 toute exploration pendant plus d&#39;un si\u00e8cle jusqu&#39;\u00e0 ce qu&#39;elle soit red\u00e9couverte par une exp\u00e9dition allemande en 1898. <\/p>\n<p>La Norv\u00e8ge a ensuite revendiqu\u00e9 l&#39;\u00eele lors de ses exp\u00e9ditions en Antarctique dans les ann\u00e9es 1920, hissant le drapeau norv\u00e9gien en d\u00e9cembre 1927. <\/p>\n<p>L&#39;annexion fut officialis\u00e9e par arr\u00eat\u00e9 royal le 27 f\u00e9vrier 1930.<\/p>\n<p>Malgr\u00e9 son environnement hostile, l\u2019\u00eele Bouvet r\u00e9pond \u00e0 un objectif \u00e9cologique important. <\/p>\n<\/div>\n<div>\n<p>En 1971, la Norv\u00e8ge l&#39;a d\u00e9clar\u00e9 r\u00e9serve naturelle, prot\u00e9geant ainsi son \u00e9cosyst\u00e8me fragile et garantissant qu&#39;il reste \u00e9pargn\u00e9 par l&#39;activit\u00e9 humaine. <\/p>\n<p>L&#39;\u00eele abrite une vie limit\u00e9e, principalement compos\u00e9e d&#39;oiseaux marins et de phoques, qui trouvent refuge sur ses c\u00f4tes glac\u00e9es.<\/p>\n<p>L&#39;extr\u00eame isolement de l&#39;\u00eele a aliment\u00e9 la curiosit\u00e9 et le myst\u00e8re. <\/p>\n<p>En 1964, un canot de sauvetage abandonn\u00e9 a \u00e9t\u00e9 d\u00e9couvert sur la c\u00f4te de l&#39;\u00eele, mais ses origines restent inconnues. <\/p>\n<p>Son inaccessibilit\u00e9 et son \u00e9tat intact en font un phare pour les scientifiques et les d\u00e9fenseurs de l\u2019environnement, m\u00eame s\u2019il continue de d\u00e9fier l\u2019habitation et l\u2019exploration humaines.<\/p>\n<\/div>\n","protected":false},"excerpt":{"rendered":"<p>L&#39;\u00eele Bouvet, un \u00eelot d\u00e9sol\u00e9 de l&#39;oc\u00e9an Atlantique Sud, d\u00e9tient le titre d&#39;\u00eele la plus isol\u00e9e du monde. Situ\u00e9 \u00e0 environ 1\u00a0600 milles au nord<\/p>\n","protected":false},"author":1,"featured_media":1776,"comment_status":"closed","ping_status":"","sticky":false,"template":"","format":"standard","meta":{"footnotes":""},"categories":[1],"tags":[1860,8,154,863,69,512,1861,1349,107,1206],"yoast_head":"<!-- This site is optimized with the Yoast SEO plugin v21.0 - https:\/\/yoast.com\/wordpress\/plugins\/seo\/ -->\n<title>L&#039;\u00eele isol\u00e9e appartenant \u00e0 des Europ\u00e9ens, situ\u00e9e \u00e0 2\u00a0400 kilom\u00e8tres de l&#039;Afrique, est la \u00ab plus isol\u00e9e de la plan\u00e8te \u00bb.<\/title>\n<meta name=\"robots\" content=\"index, follow, max-snippet:-1, max-image-preview:large, max-video-preview:-1\" \/>\n<link rel=\"canonical\" href=\"https:\/\/www.svalbard.fr\/actualites\/lile-isolee-appartenant-a-des-europeens-situee-a-2-400-kilometres-de-lafrique-est-la-plus-isolee-de-la-planete\/\" \/>\n<meta property=\"og:locale\" content=\"fr_FR\" \/>\n<meta property=\"og:type\" content=\"article\" \/>\n<meta property=\"og:title\" content=\"L&#039;\u00eele isol\u00e9e appartenant \u00e0 des Europ\u00e9ens, situ\u00e9e \u00e0 2\u00a0400 kilom\u00e8tres de l&#039;Afrique, est la \u00ab plus isol\u00e9e de la plan\u00e8te \u00bb.\" \/>\n<meta property=\"og:description\" content=\"L&#039;\u00eele Bouvet, un \u00eelot d\u00e9sol\u00e9 de l&#039;oc\u00e9an Atlantique Sud, d\u00e9tient le titre d&#039;\u00eele la plus isol\u00e9e du monde. Situ\u00e9 \u00e0 environ 1\u00a0600 milles au nord\" \/>\n<meta property=\"og:url\" content=\"https:\/\/www.svalbard.fr\/actualites\/lile-isolee-appartenant-a-des-europeens-situee-a-2-400-kilometres-de-lafrique-est-la-plus-isolee-de-la-planete\/\" \/>\n<meta property=\"og:site_name\" content=\"www.Svalbard.fr\" \/>\n<meta property=\"article:published_time\" content=\"2024-11-22T13:19:52+00:00\" \/>\n<meta property=\"article:modified_time\" content=\"2024-11-22T13:19:55+00:00\" \/>\n<meta property=\"og:image\" content=\"https:\/\/www.svalbard.fr\/actualites\/wp-content\/uploads\/2024\/11\/L39ile-isolee-appartenant-a-des-Europeens-situee-a-2-400-kilometres.jpg\" \/>\n\t<meta property=\"og:image:width\" content=\"1200\" \/>\n\t<meta property=\"og:image:height\" content=\"630\" \/>\n\t<meta property=\"og:image:type\" content=\"image\/jpeg\" \/>\n<meta name=\"author\" content=\"Hilmar\" \/>\n<meta name=\"twitter:card\" content=\"summary_large_image\" \/>\n<meta name=\"twitter:label1\" content=\"\u00c9crit par\" \/>\n\t<meta name=\"twitter:data1\" content=\"Hilmar\" \/>\n\t<meta name=\"twitter:label2\" content=\"Dur\u00e9e de lecture estim\u00e9e\" \/>\n\t<meta name=\"twitter:data2\" content=\"2 minutes\" \/>\n<script type=\"application\/ld+json\" class=\"yoast-schema-graph\">{\"@context\":\"https:\/\/schema.org\",\"@graph\":[{\"@type\":\"Article\",\"@id\":\"https:\/\/www.svalbard.fr\/actualites\/lile-isolee-appartenant-a-des-europeens-situee-a-2-400-kilometres-de-lafrique-est-la-plus-isolee-de-la-planete\/#article\",\"isPartOf\":{\"@id\":\"https:\/\/www.svalbard.fr\/actualites\/lile-isolee-appartenant-a-des-europeens-situee-a-2-400-kilometres-de-lafrique-est-la-plus-isolee-de-la-planete\/\"},\"author\":{\"name\":\"Hilmar\",\"@id\":\"https:\/\/www.svalbard.fr\/actualites\/#\/schema\/person\/a2f937d5712222366738fae98755c600\"},\"headline\":\"L&#39;\u00eele isol\u00e9e appartenant \u00e0 des Europ\u00e9ens, situ\u00e9e \u00e0 2\u00a0400 kilom\u00e8tres de l&#39;Afrique, est la \u00ab plus isol\u00e9e de la plan\u00e8te \u00bb.\",\"datePublished\":\"2024-11-22T13:19:52+00:00\",\"dateModified\":\"2024-11-22T13:19:55+00:00\",\"mainEntityOfPage\":{\"@id\":\"https:\/\/www.svalbard.fr\/actualites\/lile-isolee-appartenant-a-des-europeens-situee-a-2-400-kilometres-de-lafrique-est-la-plus-isolee-de-la-planete\/\"},\"wordCount\":375,\"publisher\":{\"@id\":\"https:\/\/www.svalbard.fr\/actualites\/#organization\"},\"keywords\":[\"appartenant\",\"des\",\"est\",\"europ\u00e9ens\",\"isol\u00e9e\",\"kilom\u00e8tres\",\"l39Afrique\",\"L39\u00eele\",\"plan\u00e8te\",\"situ\u00e9e\"],\"articleSection\":[\"Svalbard\"],\"inLanguage\":\"fr-FR\"},{\"@type\":\"WebPage\",\"@id\":\"https:\/\/www.svalbard.fr\/actualites\/lile-isolee-appartenant-a-des-europeens-situee-a-2-400-kilometres-de-lafrique-est-la-plus-isolee-de-la-planete\/\",\"url\":\"https:\/\/www.svalbard.fr\/actualites\/lile-isolee-appartenant-a-des-europeens-situee-a-2-400-kilometres-de-lafrique-est-la-plus-isolee-de-la-planete\/\",\"name\":\"L&#39;\u00eele isol\u00e9e appartenant \u00e0 des Europ\u00e9ens, situ\u00e9e \u00e0 2\u00a0400 kilom\u00e8tres de l&#39;Afrique, est la \u00ab plus isol\u00e9e de la plan\u00e8te \u00bb.\",\"isPartOf\":{\"@id\":\"https:\/\/www.svalbard.fr\/actualites\/#website\"},\"datePublished\":\"2024-11-22T13:19:52+00:00\",\"dateModified\":\"2024-11-22T13:19:55+00:00\",\"breadcrumb\":{\"@id\":\"https:\/\/www.svalbard.fr\/actualites\/lile-isolee-appartenant-a-des-europeens-situee-a-2-400-kilometres-de-lafrique-est-la-plus-isolee-de-la-planete\/#breadcrumb\"},\"inLanguage\":\"fr-FR\",\"potentialAction\":[{\"@type\":\"ReadAction\",\"target\":[\"https:\/\/www.svalbard.fr\/actualites\/lile-isolee-appartenant-a-des-europeens-situee-a-2-400-kilometres-de-lafrique-est-la-plus-isolee-de-la-planete\/\"]}]},{\"@type\":\"BreadcrumbList\",\"@id\":\"https:\/\/www.svalbard.fr\/actualites\/lile-isolee-appartenant-a-des-europeens-situee-a-2-400-kilometres-de-lafrique-est-la-plus-isolee-de-la-planete\/#breadcrumb\",\"itemListElement\":[{\"@type\":\"ListItem\",\"position\":1,\"name\":\"Accueil\",\"item\":\"https:\/\/www.svalbard.fr\/actualites\/\"},{\"@type\":\"ListItem\",\"position\":2,\"name\":\"L&#39;\u00eele isol\u00e9e appartenant \u00e0 des Europ\u00e9ens, situ\u00e9e \u00e0 2\u00a0400 kilom\u00e8tres de l&#39;Afrique, est la \u00ab plus isol\u00e9e de la plan\u00e8te \u00bb.\"}]},{\"@type\":\"WebSite\",\"@id\":\"https:\/\/www.svalbard.fr\/actualites\/#website\",\"url\":\"https:\/\/www.svalbard.fr\/actualites\/\",\"name\":\"www.Svalbard.fr\",\"description\":\"\",\"publisher\":{\"@id\":\"https:\/\/www.svalbard.fr\/actualites\/#organization\"},\"potentialAction\":[{\"@type\":\"SearchAction\",\"target\":{\"@type\":\"EntryPoint\",\"urlTemplate\":\"https:\/\/www.svalbard.fr\/actualites\/?s={search_term_string}\"},\"query-input\":\"required name=search_term_string\"}],\"inLanguage\":\"fr-FR\"},{\"@type\":\"Organization\",\"@id\":\"https:\/\/www.svalbard.fr\/actualites\/#organization\",\"name\":\"www.Svalbard.fr\",\"url\":\"https:\/\/www.svalbard.fr\/actualites\/\",\"logo\":{\"@type\":\"ImageObject\",\"inLanguage\":\"fr-FR\",\"@id\":\"https:\/\/www.svalbard.fr\/actualites\/#\/schema\/logo\/image\/\",\"url\":\"https:\/\/www.svalbard.fr\/actualites\/wp-content\/uploads\/2023\/09\/head-nom.jpg\",\"contentUrl\":\"https:\/\/www.svalbard.fr\/actualites\/wp-content\/uploads\/2023\/09\/head-nom.jpg\",\"width\":264,\"height\":35,\"caption\":\"www.Svalbard.fr\"},\"image\":{\"@id\":\"https:\/\/www.svalbard.fr\/actualites\/#\/schema\/logo\/image\/\"}},{\"@type\":\"Person\",\"@id\":\"https:\/\/www.svalbard.fr\/actualites\/#\/schema\/person\/a2f937d5712222366738fae98755c600\",\"name\":\"Hilmar\",\"image\":{\"@type\":\"ImageObject\",\"inLanguage\":\"fr-FR\",\"@id\":\"https:\/\/www.svalbard.fr\/actualites\/#\/schema\/person\/image\/\",\"url\":\"https:\/\/secure.gravatar.com\/avatar\/4daa437093476dbc32da415c112b6512?s=96&d=mm&r=g\",\"contentUrl\":\"https:\/\/secure.gravatar.com\/avatar\/4daa437093476dbc32da415c112b6512?s=96&d=mm&r=g\",\"caption\":\"Hilmar\"},\"description\":\"Hilmar est un passionn\u00e9 des r\u00e9gions polaires, sp\u00e9cialis\u00e9 dans la r\u00e9daction d'articles sur le Spitzberg et autres destinations arctiques. Il apporte son expertise et sa passion pour l'Arctique au sein de l'\u00e9quipe de r\u00e9daction de Svalbard depuis de nombreuses ann\u00e9es.\",\"sameAs\":[\"https:\/\/www.svalbard.fr\/\"]}]}<\/script>\n<!-- \/ Yoast SEO plugin. -->","yoast_head_json":{"title":"L&#39;\u00eele isol\u00e9e appartenant \u00e0 des Europ\u00e9ens, situ\u00e9e \u00e0 2\u00a0400 kilom\u00e8tres de l&#39;Afrique, est la \u00ab plus isol\u00e9e de la plan\u00e8te \u00bb.","robots":{"index":"index","follow":"follow","max-snippet":"max-snippet:-1","max-image-preview":"max-image-preview:large","max-video-preview":"max-video-preview:-1"},"canonical":"https:\/\/www.svalbard.fr\/actualites\/lile-isolee-appartenant-a-des-europeens-situee-a-2-400-kilometres-de-lafrique-est-la-plus-isolee-de-la-planete\/","og_locale":"fr_FR","og_type":"article","og_title":"L&#39;\u00eele isol\u00e9e appartenant \u00e0 des Europ\u00e9ens, situ\u00e9e \u00e0 2\u00a0400 kilom\u00e8tres de l&#39;Afrique, est la \u00ab plus isol\u00e9e de la plan\u00e8te \u00bb.","og_description":"L&#39;\u00eele Bouvet, un \u00eelot d\u00e9sol\u00e9 de l&#39;oc\u00e9an Atlantique Sud, d\u00e9tient le titre d&#39;\u00eele la plus isol\u00e9e du monde. Situ\u00e9 \u00e0 environ 1\u00a0600 milles au nord","og_url":"https:\/\/www.svalbard.fr\/actualites\/lile-isolee-appartenant-a-des-europeens-situee-a-2-400-kilometres-de-lafrique-est-la-plus-isolee-de-la-planete\/","og_site_name":"www.Svalbard.fr","article_published_time":"2024-11-22T13:19:52+00:00","article_modified_time":"2024-11-22T13:19:55+00:00","og_image":[{"width":1200,"height":630,"url":"https:\/\/www.svalbard.fr\/actualites\/wp-content\/uploads\/2024\/11\/L39ile-isolee-appartenant-a-des-Europeens-situee-a-2-400-kilometres.jpg","type":"image\/jpeg"}],"author":"Hilmar","twitter_card":"summary_large_image","twitter_misc":{"\u00c9crit par":"Hilmar","Dur\u00e9e de lecture estim\u00e9e":"2 minutes"},"schema":{"@context":"https:\/\/schema.org","@graph":[{"@type":"Article","@id":"https:\/\/www.svalbard.fr\/actualites\/lile-isolee-appartenant-a-des-europeens-situee-a-2-400-kilometres-de-lafrique-est-la-plus-isolee-de-la-planete\/#article","isPartOf":{"@id":"https:\/\/www.svalbard.fr\/actualites\/lile-isolee-appartenant-a-des-europeens-situee-a-2-400-kilometres-de-lafrique-est-la-plus-isolee-de-la-planete\/"},"author":{"name":"Hilmar","@id":"https:\/\/www.svalbard.fr\/actualites\/#\/schema\/person\/a2f937d5712222366738fae98755c600"},"headline":"L&#39;\u00eele isol\u00e9e appartenant \u00e0 des Europ\u00e9ens, situ\u00e9e \u00e0 2\u00a0400 kilom\u00e8tres de l&#39;Afrique, est la \u00ab plus isol\u00e9e de la plan\u00e8te \u00bb.","datePublished":"2024-11-22T13:19:52+00:00","dateModified":"2024-11-22T13:19:55+00:00","mainEntityOfPage":{"@id":"https:\/\/www.svalbard.fr\/actualites\/lile-isolee-appartenant-a-des-europeens-situee-a-2-400-kilometres-de-lafrique-est-la-plus-isolee-de-la-planete\/"},"wordCount":375,"publisher":{"@id":"https:\/\/www.svalbard.fr\/actualites\/#organization"},"keywords":["appartenant","des","est","europ\u00e9ens","isol\u00e9e","kilom\u00e8tres","l39Afrique","L39\u00eele","plan\u00e8te","situ\u00e9e"],"articleSection":["Svalbard"],"inLanguage":"fr-FR"},{"@type":"WebPage","@id":"https:\/\/www.svalbard.fr\/actualites\/lile-isolee-appartenant-a-des-europeens-situee-a-2-400-kilometres-de-lafrique-est-la-plus-isolee-de-la-planete\/","url":"https:\/\/www.svalbard.fr\/actualites\/lile-isolee-appartenant-a-des-europeens-situee-a-2-400-kilometres-de-lafrique-est-la-plus-isolee-de-la-planete\/","name":"L&#39;\u00eele isol\u00e9e appartenant \u00e0 des Europ\u00e9ens, situ\u00e9e \u00e0 2\u00a0400 kilom\u00e8tres de l&#39;Afrique, est la \u00ab plus isol\u00e9e de la plan\u00e8te \u00bb.","isPartOf":{"@id":"https:\/\/www.svalbard.fr\/actualites\/#website"},"datePublished":"2024-11-22T13:19:52+00:00","dateModified":"2024-11-22T13:19:55+00:00","breadcrumb":{"@id":"https:\/\/www.svalbard.fr\/actualites\/lile-isolee-appartenant-a-des-europeens-situee-a-2-400-kilometres-de-lafrique-est-la-plus-isolee-de-la-planete\/#breadcrumb"},"inLanguage":"fr-FR","potentialAction":[{"@type":"ReadAction","target":["https:\/\/www.svalbard.fr\/actualites\/lile-isolee-appartenant-a-des-europeens-situee-a-2-400-kilometres-de-lafrique-est-la-plus-isolee-de-la-planete\/"]}]},{"@type":"BreadcrumbList","@id":"https:\/\/www.svalbard.fr\/actualites\/lile-isolee-appartenant-a-des-europeens-situee-a-2-400-kilometres-de-lafrique-est-la-plus-isolee-de-la-planete\/#breadcrumb","itemListElement":[{"@type":"ListItem","position":1,"name":"Accueil","item":"https:\/\/www.svalbard.fr\/actualites\/"},{"@type":"ListItem","position":2,"name":"L&#39;\u00eele isol\u00e9e appartenant \u00e0 des Europ\u00e9ens, situ\u00e9e \u00e0 2\u00a0400 kilom\u00e8tres de l&#39;Afrique, est la \u00ab plus isol\u00e9e de la plan\u00e8te \u00bb."}]},{"@type":"WebSite","@id":"https:\/\/www.svalbard.fr\/actualites\/#website","url":"https:\/\/www.svalbard.fr\/actualites\/","name":"www.Svalbard.fr","description":"","publisher":{"@id":"https:\/\/www.svalbard.fr\/actualites\/#organization"},"potentialAction":[{"@type":"SearchAction","target":{"@type":"EntryPoint","urlTemplate":"https:\/\/www.svalbard.fr\/actualites\/?s={search_term_string}"},"query-input":"required name=search_term_string"}],"inLanguage":"fr-FR"},{"@type":"Organization","@id":"https:\/\/www.svalbard.fr\/actualites\/#organization","name":"www.Svalbard.fr","url":"https:\/\/www.svalbard.fr\/actualites\/","logo":{"@type":"ImageObject","inLanguage":"fr-FR","@id":"https:\/\/www.svalbard.fr\/actualites\/#\/schema\/logo\/image\/","url":"https:\/\/www.svalbard.fr\/actualites\/wp-content\/uploads\/2023\/09\/head-nom.jpg","contentUrl":"https:\/\/www.svalbard.fr\/actualites\/wp-content\/uploads\/2023\/09\/head-nom.jpg","width":264,"height":35,"caption":"www.Svalbard.fr"},"image":{"@id":"https:\/\/www.svalbard.fr\/actualites\/#\/schema\/logo\/image\/"}},{"@type":"Person","@id":"https:\/\/www.svalbard.fr\/actualites\/#\/schema\/person\/a2f937d5712222366738fae98755c600","name":"Hilmar","image":{"@type":"ImageObject","inLanguage":"fr-FR","@id":"https:\/\/www.svalbard.fr\/actualites\/#\/schema\/person\/image\/","url":"https:\/\/secure.gravatar.com\/avatar\/4daa437093476dbc32da415c112b6512?s=96&d=mm&r=g","contentUrl":"https:\/\/secure.gravatar.com\/avatar\/4daa437093476dbc32da415c112b6512?s=96&d=mm&r=g","caption":"Hilmar"},"description":"Hilmar est un passionn\u00e9 des r\u00e9gions polaires, sp\u00e9cialis\u00e9 dans la r\u00e9daction d'articles sur le Spitzberg et autres destinations arctiques. Il apporte son expertise et sa passion pour l'Arctique au sein de l'\u00e9quipe de r\u00e9daction de Svalbard depuis de nombreuses ann\u00e9es.","sameAs":["https:\/\/www.svalbard.fr\/"]}]}},"_links":{"self":[{"href":"https:\/\/www.svalbard.fr\/actualites\/wp-json\/wp\/v2\/posts\/1775"}],"collection":[{"href":"https:\/\/www.svalbard.fr\/actualites\/wp-json\/wp\/v2\/posts"}],"about":[{"href":"https:\/\/www.svalbard.fr\/actualites\/wp-json\/wp\/v2\/types\/post"}],"author":[{"embeddable":true,"href":"https:\/\/www.svalbard.fr\/actualites\/wp-json\/wp\/v2\/users\/1"}],"replies":[{"embeddable":true,"href":"https:\/\/www.svalbard.fr\/actualites\/wp-json\/wp\/v2\/comments?post=1775"}],"version-history":[{"count":1,"href":"https:\/\/www.svalbard.fr\/actualites\/wp-json\/wp\/v2\/posts\/1775\/revisions"}],"predecessor-version":[{"id":1777,"href":"https:\/\/www.svalbard.fr\/actualites\/wp-json\/wp\/v2\/posts\/1775\/revisions\/1777"}],"wp:featuredmedia":[{"embeddable":true,"href":"https:\/\/www.svalbard.fr\/actualites\/wp-json\/wp\/v2\/media\/1776"}],"wp:attachment":[{"href":"https:\/\/www.svalbard.fr\/actualites\/wp-json\/wp\/v2\/media?parent=1775"}],"wp:term":[{"taxonomy":"category","embeddable":true,"href":"https:\/\/www.svalbard.fr\/actualites\/wp-json\/wp\/v2\/categories?post=1775"},{"taxonomy":"post_tag","embeddable":true,"href":"https:\/\/www.svalbard.fr\/actualites\/wp-json\/wp\/v2\/tags?post=1775"}],"curies":[{"name":"wp","href":"https:\/\/api.w.org\/{rel}","templated":true}]}}