{"id":1820,"date":"2024-11-27T12:18:45","date_gmt":"2024-11-27T11:18:45","guid":{"rendered":"https:\/\/www.svalbard.fr\/actualites\/un-tour-nordique-noir-en-scandinavie\/"},"modified":"2024-11-27T12:18:45","modified_gmt":"2024-11-27T11:18:45","slug":"un-tour-nordique-noir-en-scandinavie","status":"publish","type":"post","link":"https:\/\/www.svalbard.fr\/actualites\/un-tour-nordique-noir-en-scandinavie\/","title":{"rendered":"Un tour nordique noir en Scandinavie"},"content":{"rendered":"<div itemprop=\"text\">\n\t\t\t<span id=\"dpsp-post-content-markup\" data-image-pin-it=\"false\"><\/span><\/p>\n<p class=\"intro\">Entrez dans le monde sombre et atmosph\u00e9rique du noir nordique, o\u00f9 la fiction polici\u00e8re captivante rencontre les paysages scandinaves saisissants. Explorez les lieux embl\u00e9matiques qui ont inspir\u00e9 des romans \u00e0 succ\u00e8s et des s\u00e9ries t\u00e9l\u00e9vis\u00e9es de renomm\u00e9e internationale.<\/p>\n<p>Pour les amateurs de romans policiers, le d\u00e9cor rec\u00e8le souvent autant d\u2019intrigues que le myst\u00e8re lui-m\u00eame.<\/p>\n<figure class=\"wp-block-image size-large\"><img data-lazyloaded=\"1\" data-placeholder-resp=\"768x432\" fetchpriority=\"high\" decoding=\"async\" width=\"768\" height=\"432\" src=\"https:\/\/www.svalbard.fr\/actualites\/wp-content\/uploads\/2024\/11\/Un-tour-nordique-noir-en-Scandinavie.jpg\" alt=\"Image conceptuelle du noir nordique.\" class=\"wp-image-82497\"  data-><noscript><img fetchpriority=\"high\" decoding=\"async\" width=\"768\" height=\"432\" src=\"https:\/\/www.svalbard.fr\/actualites\/wp-content\/uploads\/2024\/11\/Un-tour-nordique-noir-en-Scandinavie.jpg\" alt=\"Image conceptuelle du noir nordique.\" class=\"wp-image-82497\"  ><\/noscript><\/figure>\n<p>Parfois, cela augmente subtilement la tension ou procure un sentiment d\u2019appr\u00e9hension. \u00c0 d\u2019autres moments, le d\u00e9cor devient central dans le r\u00e9cit, orientant l\u2019intrigue et r\u00e9v\u00e9lant des indices.<\/p>\n<p>Ce lien entre l\u2019histoire et le lieu est une caract\u00e9ristique du film noir nordique, le genre de polar scandinave qui a captiv\u00e9 le public du monde entier.<\/p>\n<p>\u00ab Nous r\u00e9pondons \u00e0 la morosit\u00e9. La plupart des s\u00e9ries danoises et su\u00e9doises ne pr\u00e9sentent pas une vision touristique et brillante des pays \u00bb, a d\u00e9clar\u00e9 le journaliste Barry Forshaw, une autorit\u00e9 dans le genre.<\/p>\n<p>Si les remarques de Forshaw concernaient la mont\u00e9e des s\u00e9ries polici\u00e8res scandinaves \u00e0 la t\u00e9l\u00e9vision au d\u00e9but des ann\u00e9es 2010, elles r\u00e9sonnent tout aussi fortement avec les romans qui les ont inspir\u00e9es.<\/p>\n<p>Voici quelques d\u00e9cors de romans policiers scandinaves remarquables qui ont attir\u00e9 les visiteurs \u00e0 la recherche de leurs h\u00e9ros et m\u00e9chants fictifs au fil des ans.<\/p>\n<h2 class=\"wp-block-heading\">Le pont : Copenhague et Malm\u00f6<\/h2>\n<p>L&#39;ouverture obs\u00e9dante de <em>Le pont<\/em>une s\u00e9rie t\u00e9l\u00e9vis\u00e9e dano-su\u00e9doise, a fait d\u00e9couvrir \u00e0 des millions de personnes l&#39;embl\u00e9matique pont de l&#39;\u00d6resund.<\/p>\n<figure class=\"wp-block-image size-large\"><img loading=\"lazy\" data-lazyloaded=\"1\" data-placeholder-resp=\"1024x632\" decoding=\"async\" width=\"1024\" height=\"632\" src=\"https:\/\/www.svalbard.fr\/actualites\/wp-content\/uploads\/2024\/11\/Un-tour-nordique-noir-en-Scandinavie.webp.webp\" alt=\"Pont de l&#39;\u00d8resund entre la Su\u00e8de et le Danemark.\" class=\"wp-image-62039\"  data-><noscript><img loading=\"lazy\" decoding=\"async\" width=\"1024\" height=\"632\" src=\"https:\/\/www.svalbard.fr\/actualites\/wp-content\/uploads\/2024\/11\/Un-tour-nordique-noir-en-Scandinavie.webp.webp\" alt=\"Pont de l&#39;\u00d8resund entre la Su\u00e8de et le Danemark.\" class=\"wp-image-62039\"  ><\/noscript><\/figure>\n<p>Le corps d\u00e9couvert \u00e0 la fronti\u00e8re entre le Danemark et la Su\u00e8de a non seulement lanc\u00e9 le r\u00e9cit captivant de la s\u00e9rie, mais a \u00e9galement consolid\u00e9 la place du pont dans la tradition du noir nordique.<\/p>\n<p>S&#39;\u00e9tendant sur le d\u00e9troit de l&#39;\u00d8resund, le pont relie Copenhague \u00e0 Malm\u00f6 et est facilement rep\u00e9rable \u00e0 l&#39;approche de l&#39;a\u00e9roport de Copenhague.<\/p>\n<p>Avec le tunnel qui l&#39;accompagne, il constitue une art\u00e8re de transport essentielle, transportant des v\u00e9hicules, des trains et m\u00eame des c\u00e2bles Internet entre la Scandinavie et l&#39;Europe continentale.<\/p>\n<p>\u00c0 juste titre, la sc\u00e8ne finale de la s\u00e9rie a ramen\u00e9 le public \u00e0 ce monument d\u00e9sormais c\u00e9l\u00e8bre.<\/p>\n<h2 class=\"wp-block-heading\">Le Stockholm de Lisbeth Salander<\/h2>\n<p>Le regrett\u00e9 Stieg Larsson <em>Mill\u00e9naire<\/em> trilogie, dont <em>La fille au tatouage de dragon<\/em>a propuls\u00e9 Stockholm sous les projecteurs, attirant des l\u00e9gions de fans d\u00e9sireux d&#39;explorer le monde de la hackeuse Lisbeth Salander et du journaliste Mikael Blomkvist.<\/p>\n<p>Les visites \u00e0 pied inspir\u00e9es des livres se concentrent sur S\u00f6dermalm, l&#39;\u00eele que Larsson lui-m\u00eame habitait. M\u00e9lange dynamique de richesse, de vie \u00e9tudiante et de culture immigr\u00e9e, S\u00f6dermalm offre aux visiteurs une fen\u00eatre sur le Stockholm moderne.<\/p>\n<figure class=\"wp-block-image size-large\"><img loading=\"lazy\" data-lazyloaded=\"1\" data-placeholder-resp=\"768x432\" decoding=\"async\" width=\"768\" height=\"432\" src=\"https:\/\/www.svalbard.fr\/actualites\/wp-content\/uploads\/2024\/11\/1732706325_217_Un-tour-nordique-noir-en-Scandinavie.jpg\" alt=\"Front de mer de Stockholm la nuit.\" class=\"wp-image-79335\"  data-><noscript><img loading=\"lazy\" decoding=\"async\" width=\"768\" height=\"432\" src=\"https:\/\/www.svalbard.fr\/actualites\/wp-content\/uploads\/2024\/11\/1732706325_217_Un-tour-nordique-noir-en-Scandinavie.jpg\" alt=\"Front de mer de Stockholm la nuit.\" class=\"wp-image-79335\"  ><\/noscript><\/figure>\n<p>Les fans peuvent se promener devant l&#39;appartement de Blomkvist, les repaires secrets de Salander et les d\u00e9cors de sc\u00e8nes cruciales, tout en s&#39;impr\u00e9gnant de l&#39;atmosph\u00e8re de ce quartier \u00e9clectique.<\/p>\n<h2 class=\"wp-block-heading\">Ystad de Wallander<\/h2>\n<p>Nich\u00e9e au sud de la Su\u00e8de, la petite ville d&#39;Ystad est synonyme de <em>Wallander<\/em>tant sur papier qu\u2019\u00e0 l\u2019\u00e9cran.<\/p>\n<p>Que vous pr\u00e9f\u00e9riez la s\u00e9rie su\u00e9doise originale ou l&#39;adaptation britannique mettant en vedette Kenneth Branagh, les charmantes rues pav\u00e9es et les b\u00e2timents m\u00e9di\u00e9vaux d&#39;Ystad jouent un r\u00f4le principal.<\/p>\n<p>Les studios d&#39;Ystad, o\u00f9 a eu lieu une grande partie du tournage, sont d\u00e9sormais une attraction touristique populaire proposant des accessoires et des souvenirs de la s\u00e9rie. Pour les amateurs de litt\u00e9rature, le centre d&#39;accueil comprend des hommages \u00e0 Henning Mankell, l&#39;auteur du <em>Wallander<\/em> livres.<\/p>\n<p>Explorer Ystad est un d\u00e9lice, avec des endroits remarquables comme la maison fictive de Wallander sur Mariagatan et les caf\u00e9s de St Knuts Torg faciles \u00e0 trouver.<\/p>\n<h2 class=\"wp-block-heading\">Le Copenhague de la tuerie<\/h2>\n<p>Quand <em>Le meurtre<\/em> a fait ses d\u00e9buts sur BBC Four en 2011, il a amen\u00e9 des drames scandinaves sous-titr\u00e9s dans les salons britanniques et a suscit\u00e9 une fascination mondiale pour le noir nordique.<\/p>\n<p>Sarah Lund, la d\u00e9tective tenace de la s\u00e9rie, est devenue une ic\u00f4ne, notamment gr\u00e2ce \u00e0 ses pulls f\u00e9ro\u00efens distinctifs, qui ont d\u00e9clench\u00e9 une tendance de la mode.<\/p>\n<p>Le Copenhague fictif de Lund comprend sa maison dans le quartier chic d&#39;\u00d8sterbro, tandis qu&#39;une grande partie de l&#39;action se d\u00e9roule autour de monuments centraux comme l&#39;h\u00f4tel de ville et le palais de Christiansborg. Ce dernier figure \u00e9galement en bonne place dans <em>Borgen<\/em>un autre drame danois acclam\u00e9.<\/p>\n<h2 class=\"wp-block-heading\">L&#39;Oslo de Harry Hole<\/h2>\n<p>L&#39;anti-h\u00e9ros des romans policiers tr\u00e8s populaires de Jo Nesb\u00f8, Harry Hole, n&#39;est peut-\u00eatre pas un choix \u00e9vident comme mod\u00e8le, mais ses histoires crues ont contribu\u00e9 \u00e0 placer Oslo sur la carte du noir nordique.<\/p>\n<figure class=\"wp-block-image size-large\"><img loading=\"lazy\" data-lazyloaded=\"1\" data-placeholder-resp=\"768x432\" decoding=\"async\" width=\"768\" height=\"432\" src=\"https:\/\/www.svalbard.fr\/actualites\/wp-content\/uploads\/2024\/11\/1732706325_653_Un-tour-nordique-noir-en-Scandinavie.jpg\" alt=\"B\u00e2timent du Parlement norv\u00e9gien \u00e0 Oslo. Photo : David Nikel.\" class=\"wp-image-82253\"  data-><noscript><img loading=\"lazy\" decoding=\"async\" width=\"768\" height=\"432\" src=\"https:\/\/www.svalbard.fr\/actualites\/wp-content\/uploads\/2024\/11\/1732706325_653_Un-tour-nordique-noir-en-Scandinavie.jpg\" alt=\"B\u00e2timent du Parlement norv\u00e9gien \u00e0 Oslo. Photo : David Nikel.\" class=\"wp-image-82253\"  ><\/noscript><\/figure>\n<p>Contrairement \u00e0 de nombreux d\u00e9cors fictifs, Oslo offre un d\u00e9cor r\u00e9aliste aux fans de la s\u00e9rie. L&#39;appartement d&#39;Harry sur Sofies Gate, avec sa sonnerie portant son nom, est un v\u00e9ritable lieu, tout comme son lieu de pr\u00e9dilection, le restaurant Schr\u00f8der.<\/p>\n<p>Les visiteurs peuvent savourer un repas tout en s\u2019impr\u00e9gnant de l\u2019atmosph\u00e8re de cette institution bien-aim\u00e9e d\u2019Oslo.<\/p>\n<h2 class=\"wp-block-heading\">Bergen de Varg Veum<\/h2>\n<p>Varg Veum, le d\u00e9tective priv\u00e9 de Gunnar Staalesen, est l&#39;un des personnages de fiction les plus appr\u00e9ci\u00e9s de Norv\u00e8ge. Situ\u00e9es dans le contexte dramatique de Bergen, les histoires de Veum ont inspir\u00e9 \u00e0 la fois des livres et des films, avec \u00e0 ce jour 12 adaptations en langue norv\u00e9gienne.<\/p>\n<p>Les fans peuvent explorer Bergen \u00e0 travers des visites \u00e0 pied qui visitent la maison de Veum sous la caserne des pompiers de Skansen, son bureau \u00e0 Strandkaien et des lieux cl\u00e9s comme le caf\u00e9 B\u00f8rs, d\u00e9sormais ferm\u00e9.<\/p>\n<p>Une statue de Varg Veum se dresse fi\u00e8rement devant son bureau fictif, offrant un hommage appropri\u00e9 \u00e0 ce personnage incontournable.<\/p>\n<p>Que vous soyez fan de s\u00e9ries t\u00e9l\u00e9vis\u00e9es tendues ou de romans captivants, ces destinations nordiques noires offrent une occasion unique d&#39;entrer dans le monde obscur de la fiction polici\u00e8re scandinave, o\u00f9 chaque recoin rec\u00e8le un myst\u00e8re attendant d&#39;\u00eatre r\u00e9solu.<\/p>\n<h2 class=\"wp-block-heading\">Reykjav\u00edk : le d\u00e9tective Erlendur d&#39;Arnaldur Indri\u00f0ason<\/h2>\n<p>La s\u00e9rie D\u00e9tective Erlendur d&#39;Arnaldur Indri\u00f0ason, dont Jar City, acclam\u00e9e par la critique, plonge les lecteurs dans l&#39;atmosph\u00e8re discr\u00e8te mais troublante de Reykjav\u00edk.<\/p>\n<p>La capitale islandaise, avec ses rues clairsem\u00e9es et son architecture minimaliste, offre un contraste saisissant avec le r\u00e9seau complexe d&#39;\u00e9motions humaines et de criminalit\u00e9 sur lequel Erlendur enqu\u00eate.<\/p>\n<p>Une grande partie de la s\u00e9rie explore le c\u00f4t\u00e9 le plus calme de Reykjav\u00edk \u2013 des maisons ordinaires, des immeubles de bureaux sans pr\u00e9tention et des zones industrielles \u2013 des lieux qui rec\u00e8lent de sombres secrets sous leurs surfaces apparemment banales.<\/p>\n<p>Le paysage volcanique environnant, avec ses champs de lave maussades et ses sources g\u00e9othermiques, refl\u00e8te l&#39;agitation \u00e9motionnelle et les th\u00e8mes sombres des romans. Les fans du travail d&#39;Indri\u00f0ason peuvent d\u00e9couvrir la dualit\u00e9 de la ville : un centre moderne et anim\u00e9 avec un courant sous-jacent d&#39;isolement et de myst\u00e8re caract\u00e9ristique du noir nordique.<\/p>\n<p><strong>\u00cates-vous fan de Nordic Noir?<\/strong> J&#39;aimerais entendre vos favoris dans les commentaires, surtout si vous avez visit\u00e9 l&#39;un de ces endroits.<\/p>\n<\/p><\/div>\n","protected":false},"excerpt":{"rendered":"<p>Entrez dans le monde sombre et atmosph\u00e9rique du noir nordique, o\u00f9 la fiction polici\u00e8re captivante rencontre les paysages scandinaves saisissants. Explorez les lieux embl\u00e9matiques qui<\/p>\n","protected":false},"author":1,"featured_media":1821,"comment_status":"","ping_status":"","sticky":false,"template":"","format":"standard","meta":{"footnotes":""},"categories":[1],"tags":[1444,1109,342,1883],"yoast_head":"<!-- This site is optimized with the Yoast SEO plugin v21.0 - https:\/\/yoast.com\/wordpress\/plugins\/seo\/ -->\n<title>Un tour nordique noir en Scandinavie<\/title>\n<meta name=\"robots\" content=\"index, follow, max-snippet:-1, max-image-preview:large, max-video-preview:-1\" \/>\n<link rel=\"canonical\" href=\"https:\/\/www.svalbard.fr\/actualites\/un-tour-nordique-noir-en-scandinavie\/\" \/>\n<meta property=\"og:locale\" content=\"fr_FR\" \/>\n<meta property=\"og:type\" content=\"article\" \/>\n<meta property=\"og:title\" content=\"Un tour nordique noir en Scandinavie\" \/>\n<meta property=\"og:description\" content=\"Entrez dans le monde sombre et atmosph\u00e9rique du noir nordique, o\u00f9 la fiction polici\u00e8re captivante rencontre les paysages scandinaves saisissants. Explorez les lieux embl\u00e9matiques qui\" \/>\n<meta property=\"og:url\" content=\"https:\/\/www.svalbard.fr\/actualites\/un-tour-nordique-noir-en-scandinavie\/\" \/>\n<meta property=\"og:site_name\" content=\"www.Svalbard.fr\" \/>\n<meta property=\"article:published_time\" content=\"2024-11-27T11:18:45+00:00\" \/>\n<meta property=\"og:image\" content=\"https:\/\/www.svalbard.fr\/actualites\/wp-content\/uploads\/2024\/11\/Un-tour-nordique-noir-en-Scandinavie.jpg\" \/>\n<meta name=\"author\" content=\"Hilmar\" \/>\n<meta name=\"twitter:card\" content=\"summary_large_image\" \/>\n<meta name=\"twitter:label1\" content=\"\u00c9crit par\" \/>\n\t<meta name=\"twitter:data1\" content=\"Hilmar\" \/>\n\t<meta name=\"twitter:label2\" content=\"Dur\u00e9e de lecture estim\u00e9e\" \/>\n\t<meta name=\"twitter:data2\" content=\"6 minutes\" \/>\n<script type=\"application\/ld+json\" class=\"yoast-schema-graph\">{\"@context\":\"https:\/\/schema.org\",\"@graph\":[{\"@type\":\"Article\",\"@id\":\"https:\/\/www.svalbard.fr\/actualites\/un-tour-nordique-noir-en-scandinavie\/#article\",\"isPartOf\":{\"@id\":\"https:\/\/www.svalbard.fr\/actualites\/un-tour-nordique-noir-en-scandinavie\/\"},\"author\":{\"name\":\"Hilmar\",\"@id\":\"https:\/\/www.svalbard.fr\/actualites\/#\/schema\/person\/a2f937d5712222366738fae98755c600\"},\"headline\":\"Un tour nordique noir en Scandinavie\",\"datePublished\":\"2024-11-27T11:18:45+00:00\",\"dateModified\":\"2024-11-27T11:18:45+00:00\",\"mainEntityOfPage\":{\"@id\":\"https:\/\/www.svalbard.fr\/actualites\/un-tour-nordique-noir-en-scandinavie\/\"},\"wordCount\":1271,\"publisher\":{\"@id\":\"https:\/\/www.svalbard.fr\/actualites\/#organization\"},\"keywords\":[\"noir\",\"nordique\",\"Scandinavie\",\"tour\"],\"articleSection\":[\"Svalbard\"],\"inLanguage\":\"fr-FR\"},{\"@type\":\"WebPage\",\"@id\":\"https:\/\/www.svalbard.fr\/actualites\/un-tour-nordique-noir-en-scandinavie\/\",\"url\":\"https:\/\/www.svalbard.fr\/actualites\/un-tour-nordique-noir-en-scandinavie\/\",\"name\":\"Un tour nordique noir en Scandinavie\",\"isPartOf\":{\"@id\":\"https:\/\/www.svalbard.fr\/actualites\/#website\"},\"datePublished\":\"2024-11-27T11:18:45+00:00\",\"dateModified\":\"2024-11-27T11:18:45+00:00\",\"breadcrumb\":{\"@id\":\"https:\/\/www.svalbard.fr\/actualites\/un-tour-nordique-noir-en-scandinavie\/#breadcrumb\"},\"inLanguage\":\"fr-FR\",\"potentialAction\":[{\"@type\":\"ReadAction\",\"target\":[\"https:\/\/www.svalbard.fr\/actualites\/un-tour-nordique-noir-en-scandinavie\/\"]}]},{\"@type\":\"BreadcrumbList\",\"@id\":\"https:\/\/www.svalbard.fr\/actualites\/un-tour-nordique-noir-en-scandinavie\/#breadcrumb\",\"itemListElement\":[{\"@type\":\"ListItem\",\"position\":1,\"name\":\"Accueil\",\"item\":\"https:\/\/www.svalbard.fr\/actualites\/\"},{\"@type\":\"ListItem\",\"position\":2,\"name\":\"Un tour nordique noir en Scandinavie\"}]},{\"@type\":\"WebSite\",\"@id\":\"https:\/\/www.svalbard.fr\/actualites\/#website\",\"url\":\"https:\/\/www.svalbard.fr\/actualites\/\",\"name\":\"www.Svalbard.fr\",\"description\":\"\",\"publisher\":{\"@id\":\"https:\/\/www.svalbard.fr\/actualites\/#organization\"},\"potentialAction\":[{\"@type\":\"SearchAction\",\"target\":{\"@type\":\"EntryPoint\",\"urlTemplate\":\"https:\/\/www.svalbard.fr\/actualites\/?s={search_term_string}\"},\"query-input\":\"required name=search_term_string\"}],\"inLanguage\":\"fr-FR\"},{\"@type\":\"Organization\",\"@id\":\"https:\/\/www.svalbard.fr\/actualites\/#organization\",\"name\":\"www.Svalbard.fr\",\"url\":\"https:\/\/www.svalbard.fr\/actualites\/\",\"logo\":{\"@type\":\"ImageObject\",\"inLanguage\":\"fr-FR\",\"@id\":\"https:\/\/www.svalbard.fr\/actualites\/#\/schema\/logo\/image\/\",\"url\":\"https:\/\/www.svalbard.fr\/actualites\/wp-content\/uploads\/2023\/09\/head-nom.jpg\",\"contentUrl\":\"https:\/\/www.svalbard.fr\/actualites\/wp-content\/uploads\/2023\/09\/head-nom.jpg\",\"width\":264,\"height\":35,\"caption\":\"www.Svalbard.fr\"},\"image\":{\"@id\":\"https:\/\/www.svalbard.fr\/actualites\/#\/schema\/logo\/image\/\"}},{\"@type\":\"Person\",\"@id\":\"https:\/\/www.svalbard.fr\/actualites\/#\/schema\/person\/a2f937d5712222366738fae98755c600\",\"name\":\"Hilmar\",\"image\":{\"@type\":\"ImageObject\",\"inLanguage\":\"fr-FR\",\"@id\":\"https:\/\/www.svalbard.fr\/actualites\/#\/schema\/person\/image\/\",\"url\":\"https:\/\/secure.gravatar.com\/avatar\/4daa437093476dbc32da415c112b6512?s=96&d=mm&r=g\",\"contentUrl\":\"https:\/\/secure.gravatar.com\/avatar\/4daa437093476dbc32da415c112b6512?s=96&d=mm&r=g\",\"caption\":\"Hilmar\"},\"description\":\"Hilmar est un passionn\u00e9 des r\u00e9gions polaires, sp\u00e9cialis\u00e9 dans la r\u00e9daction d'articles sur le Spitzberg et autres destinations arctiques. Il apporte son expertise et sa passion pour l'Arctique au sein de l'\u00e9quipe de r\u00e9daction de Svalbard depuis de nombreuses ann\u00e9es.\",\"sameAs\":[\"https:\/\/www.svalbard.fr\/\"]}]}<\/script>\n<!-- \/ Yoast SEO plugin. -->","yoast_head_json":{"title":"Un tour nordique noir en Scandinavie","robots":{"index":"index","follow":"follow","max-snippet":"max-snippet:-1","max-image-preview":"max-image-preview:large","max-video-preview":"max-video-preview:-1"},"canonical":"https:\/\/www.svalbard.fr\/actualites\/un-tour-nordique-noir-en-scandinavie\/","og_locale":"fr_FR","og_type":"article","og_title":"Un tour nordique noir en Scandinavie","og_description":"Entrez dans le monde sombre et atmosph\u00e9rique du noir nordique, o\u00f9 la fiction polici\u00e8re captivante rencontre les paysages scandinaves saisissants. Explorez les lieux embl\u00e9matiques qui","og_url":"https:\/\/www.svalbard.fr\/actualites\/un-tour-nordique-noir-en-scandinavie\/","og_site_name":"www.Svalbard.fr","article_published_time":"2024-11-27T11:18:45+00:00","og_image":[{"url":"https:\/\/www.svalbard.fr\/actualites\/wp-content\/uploads\/2024\/11\/Un-tour-nordique-noir-en-Scandinavie.jpg"}],"author":"Hilmar","twitter_card":"summary_large_image","twitter_misc":{"\u00c9crit par":"Hilmar","Dur\u00e9e de lecture estim\u00e9e":"6 minutes"},"schema":{"@context":"https:\/\/schema.org","@graph":[{"@type":"Article","@id":"https:\/\/www.svalbard.fr\/actualites\/un-tour-nordique-noir-en-scandinavie\/#article","isPartOf":{"@id":"https:\/\/www.svalbard.fr\/actualites\/un-tour-nordique-noir-en-scandinavie\/"},"author":{"name":"Hilmar","@id":"https:\/\/www.svalbard.fr\/actualites\/#\/schema\/person\/a2f937d5712222366738fae98755c600"},"headline":"Un tour nordique noir en Scandinavie","datePublished":"2024-11-27T11:18:45+00:00","dateModified":"2024-11-27T11:18:45+00:00","mainEntityOfPage":{"@id":"https:\/\/www.svalbard.fr\/actualites\/un-tour-nordique-noir-en-scandinavie\/"},"wordCount":1271,"publisher":{"@id":"https:\/\/www.svalbard.fr\/actualites\/#organization"},"keywords":["noir","nordique","Scandinavie","tour"],"articleSection":["Svalbard"],"inLanguage":"fr-FR"},{"@type":"WebPage","@id":"https:\/\/www.svalbard.fr\/actualites\/un-tour-nordique-noir-en-scandinavie\/","url":"https:\/\/www.svalbard.fr\/actualites\/un-tour-nordique-noir-en-scandinavie\/","name":"Un tour nordique noir en Scandinavie","isPartOf":{"@id":"https:\/\/www.svalbard.fr\/actualites\/#website"},"datePublished":"2024-11-27T11:18:45+00:00","dateModified":"2024-11-27T11:18:45+00:00","breadcrumb":{"@id":"https:\/\/www.svalbard.fr\/actualites\/un-tour-nordique-noir-en-scandinavie\/#breadcrumb"},"inLanguage":"fr-FR","potentialAction":[{"@type":"ReadAction","target":["https:\/\/www.svalbard.fr\/actualites\/un-tour-nordique-noir-en-scandinavie\/"]}]},{"@type":"BreadcrumbList","@id":"https:\/\/www.svalbard.fr\/actualites\/un-tour-nordique-noir-en-scandinavie\/#breadcrumb","itemListElement":[{"@type":"ListItem","position":1,"name":"Accueil","item":"https:\/\/www.svalbard.fr\/actualites\/"},{"@type":"ListItem","position":2,"name":"Un tour nordique noir en Scandinavie"}]},{"@type":"WebSite","@id":"https:\/\/www.svalbard.fr\/actualites\/#website","url":"https:\/\/www.svalbard.fr\/actualites\/","name":"www.Svalbard.fr","description":"","publisher":{"@id":"https:\/\/www.svalbard.fr\/actualites\/#organization"},"potentialAction":[{"@type":"SearchAction","target":{"@type":"EntryPoint","urlTemplate":"https:\/\/www.svalbard.fr\/actualites\/?s={search_term_string}"},"query-input":"required name=search_term_string"}],"inLanguage":"fr-FR"},{"@type":"Organization","@id":"https:\/\/www.svalbard.fr\/actualites\/#organization","name":"www.Svalbard.fr","url":"https:\/\/www.svalbard.fr\/actualites\/","logo":{"@type":"ImageObject","inLanguage":"fr-FR","@id":"https:\/\/www.svalbard.fr\/actualites\/#\/schema\/logo\/image\/","url":"https:\/\/www.svalbard.fr\/actualites\/wp-content\/uploads\/2023\/09\/head-nom.jpg","contentUrl":"https:\/\/www.svalbard.fr\/actualites\/wp-content\/uploads\/2023\/09\/head-nom.jpg","width":264,"height":35,"caption":"www.Svalbard.fr"},"image":{"@id":"https:\/\/www.svalbard.fr\/actualites\/#\/schema\/logo\/image\/"}},{"@type":"Person","@id":"https:\/\/www.svalbard.fr\/actualites\/#\/schema\/person\/a2f937d5712222366738fae98755c600","name":"Hilmar","image":{"@type":"ImageObject","inLanguage":"fr-FR","@id":"https:\/\/www.svalbard.fr\/actualites\/#\/schema\/person\/image\/","url":"https:\/\/secure.gravatar.com\/avatar\/4daa437093476dbc32da415c112b6512?s=96&d=mm&r=g","contentUrl":"https:\/\/secure.gravatar.com\/avatar\/4daa437093476dbc32da415c112b6512?s=96&d=mm&r=g","caption":"Hilmar"},"description":"Hilmar est un passionn\u00e9 des r\u00e9gions polaires, sp\u00e9cialis\u00e9 dans la r\u00e9daction d'articles sur le Spitzberg et autres destinations arctiques. Il apporte son expertise et sa passion pour l'Arctique au sein de l'\u00e9quipe de r\u00e9daction de Svalbard depuis de nombreuses ann\u00e9es.","sameAs":["https:\/\/www.svalbard.fr\/"]}]}},"_links":{"self":[{"href":"https:\/\/www.svalbard.fr\/actualites\/wp-json\/wp\/v2\/posts\/1820"}],"collection":[{"href":"https:\/\/www.svalbard.fr\/actualites\/wp-json\/wp\/v2\/posts"}],"about":[{"href":"https:\/\/www.svalbard.fr\/actualites\/wp-json\/wp\/v2\/types\/post"}],"author":[{"embeddable":true,"href":"https:\/\/www.svalbard.fr\/actualites\/wp-json\/wp\/v2\/users\/1"}],"replies":[{"embeddable":true,"href":"https:\/\/www.svalbard.fr\/actualites\/wp-json\/wp\/v2\/comments?post=1820"}],"version-history":[{"count":0,"href":"https:\/\/www.svalbard.fr\/actualites\/wp-json\/wp\/v2\/posts\/1820\/revisions"}],"wp:featuredmedia":[{"embeddable":true,"href":"https:\/\/www.svalbard.fr\/actualites\/wp-json\/wp\/v2\/media\/1821"}],"wp:attachment":[{"href":"https:\/\/www.svalbard.fr\/actualites\/wp-json\/wp\/v2\/media?parent=1820"}],"wp:term":[{"taxonomy":"category","embeddable":true,"href":"https:\/\/www.svalbard.fr\/actualites\/wp-json\/wp\/v2\/categories?post=1820"},{"taxonomy":"post_tag","embeddable":true,"href":"https:\/\/www.svalbard.fr\/actualites\/wp-json\/wp\/v2\/tags?post=1820"}],"curies":[{"name":"wp","href":"https:\/\/api.w.org\/{rel}","templated":true}]}}