{"id":1826,"date":"2024-11-29T09:30:00","date_gmt":"2024-11-29T08:30:00","guid":{"rendered":"https:\/\/www.svalbard.fr\/actualites\/?p=1826"},"modified":"2024-11-29T06:14:01","modified_gmt":"2024-11-29T05:14:01","slug":"laustralie-eblouit-le-monde-avec-le-plus-grand-parc-deoliennes-de-lhemisphere-sud-marquant-sa-transition-energetique","status":"publish","type":"post","link":"https:\/\/www.svalbard.fr\/actualites\/laustralie-eblouit-le-monde-avec-le-plus-grand-parc-deoliennes-de-lhemisphere-sud-marquant-sa-transition-energetique\/","title":{"rendered":"L&rsquo;Australie \u00e9blouit le monde avec le plus grand parc d&rsquo;\u00e9oliennes de l\u2019h\u00e9misph\u00e8re Sud, marquant sa transition \u00e9nerg\u00e9tique"},"content":{"rendered":"\n<p><strong><em>L&rsquo;Australie s&rsquo;appr\u00eate \u00e0 d\u00e9voiler l&rsquo;un des projets les plus ambitieux de son histoire \u00e9nerg\u00e9tique. Dans l&rsquo;\u00c9tat du Victoria, le parc \u00e9olien de Golden Plains deviendra le plus grand de l\u2019h\u00e9misph\u00e8re Sud avec une capacit\u00e9 impressionnante de 1,3 gigawatt. Ce projet est un jalon cl\u00e9 dans la transition \u00e9nerg\u00e9tique du pays, visant \u00e0 couvrir 8 % de la demande d\u2019\u00e9lectricit\u00e9 de l&rsquo;\u00c9tat d&rsquo;ici 2027.<\/em><\/strong><\/p>\n\n\n\n<!--more-->\n\n\n\n<h2 class=\"wp-block-heading\">Golden Plains : un projet ambitieux pour l\u2019avenir de l\u2019\u00e9nergie en Australie<\/h2>\n\n\n\n<p>\u00c0 environ 60 kilom\u00e8tres de Geelong, la deuxi\u00e8me plus grande ville du Victoria, le chantier de Golden Plains se d\u00e9ploie dans la petite ville de Rokewood. C&rsquo;est ici, au c\u0153ur d\u2019une r\u00e9gion r\u00e9put\u00e9e pour ses paysages ouverts et ses champs agricoles, que se construit ce parc d\u2019\u00e9oliennes colossal. La premi\u00e8re phase de la construction a d\u00e9but\u00e9 en 2023, et d&rsquo;ores et d\u00e9j\u00e0, pr\u00e8s de <strong>756 MW<\/strong> de capacit\u00e9 \u00e9olienne sont en activit\u00e9.<\/p>\n\n\n\n<p>Pour donner une id\u00e9e de l\u2019ampleur du projet, ce parc pourrait produire suffisamment d\u2019\u00e9nergie pour alimenter plus de 300 000 foyers australiens chaque ann\u00e9e. Et ce n\u2019est que le d\u00e9but. Le parc sera d\u00e9velopp\u00e9 en deux grandes phases, et \u00e0 terme, il fournira une proportion significative de l\u2019\u00e9lectricit\u00e9 n\u00e9cessaire pour r\u00e9pondre \u00e0 la demande croissante de la r\u00e9gion, tout en r\u00e9duisant les \u00e9missions de gaz \u00e0 effet de serre.<\/p>\n\n\n\n<h2 class=\"wp-block-heading\">Une innovation technologique au service de la transition verte<\/h2>\n\n\n\n<p>Ce qui distingue le projet Golden Plains, au-del\u00e0 de sa taille, c\u2019est l\u2019int\u00e9gration de technologies de pointe. <strong>Vestas<\/strong>, le g\u00e9ant danois des turbines \u00e9oliennes, est un partenaire cl\u00e9. Pour la seconde phase du projet, <strong>93 nouvelles \u00e9oliennes V162-6.2 MW<\/strong> seront install\u00e9es. Ces turbines sont con\u00e7ues pour maximiser l&rsquo;efficacit\u00e9 tout en minimisant leur empreinte au sol \u2013 un atout majeur dans un pays o\u00f9 la pr\u00e9servation des espaces naturels est essentielle.<\/p>\n\n\n\n<p>La technologie V162-6.2 MW permet d&rsquo;exploiter davantage l&rsquo;\u00e9nergie du vent avec moins de turbines, ce qui optimise les co\u00fbts et l&rsquo;espace tout en maximisant la production. Ce type d\u2019innovation est essentiel pour faire face aux d\u00e9fis pos\u00e9s par la transition vers une <a href=\"https:\/\/www.svalbard.fr\/actualites\/une-ancienne-mine-europeenne-devient-une-batterie-geante-pour-stocker-lenergie-verte\/\"><strong>\u00e9nergie plus verte<\/strong><\/a>.<\/p>\n\n\n\n<p>Il y a quelques mois, lors d\u2019un voyage \u00e0 Melbourne, j&rsquo;ai eu l&rsquo;occasion de visiter un site \u00e9olien en activit\u00e9. Ce fut une exp\u00e9rience fascinante de voir ces turbines en action. Le bruit qu&rsquo;elles \u00e9mettent est doux, presque apaisant, et leur mouvement imposant rappelle \u00e0 quel point ces g\u00e9ants modernes peuvent transformer notre mani\u00e8re de produire de l\u2019\u00e9nergie. Si l&rsquo;on en croit les experts, des projets comme celui de Golden Plains pourraient \u00eatre la norme dans un futur proche.<\/p>\n\n\n\n<h2 class=\"wp-block-heading\">L\u2019Australie, un mod\u00e8le de transition \u00e9nerg\u00e9tique<\/h2>\n\n\n\n<p>La construction de ce parc \u00e9olien est bien plus qu&rsquo;une simple avanc\u00e9e technologique ; elle incarne un changement radical dans la mani\u00e8re dont l&rsquo;Australie envisage son avenir \u00e9nerg\u00e9tique. Le pays, longtemps d\u00e9pendant des \u00e9nergies fossiles, se tourne d\u00e9sormais vers les <strong>\u00e9nergies renouvelables<\/strong> pour assurer sa s\u00e9curit\u00e9 \u00e9nerg\u00e9tique et r\u00e9duire son empreinte carbone.<\/p>\n\n\n\n<p>En 2022, l\u2019Australie a enregistr\u00e9 une production d&rsquo;\u00e9lectricit\u00e9 issue \u00e0 25% des renouvelables. Le projet de Golden Plains est une des pi\u00e8ces ma\u00eetresses de cette strat\u00e9gie, visant \u00e0 atteindre une production de 50 % d\u2019\u00e9nergies renouvelables d\u2019ici 2030.<\/p>\n\n\n\n<p>Le projet a \u00e9galement des r\u00e9percussions locales importantes : il g\u00e9n\u00e8re des emplois dans une r\u00e9gion qui, historiquement, a \u00e9t\u00e9 plus connue pour son secteur agricole que pour son implication dans la transition \u00e9nerg\u00e9tique. Les autorit\u00e9s locales estiment que ce projet cr\u00e9era plus de <strong>300 emplois directs<\/strong> pendant la phase de construction, et des dizaines d\u2019autres \u00e0 long terme pour la maintenance et l\u2019exploitation du parc.<\/p>\n\n\n\n<p>Ce qui est fascinant avec de tels projets, c\u2019est qu\u2019ils permettent de relier l\u2019innovation technologique aux pr\u00e9occupations environnementales, tout en stimulant l\u2019\u00e9conomie locale. L\u2019Australie, avec des initiatives comme celle de Golden Plains, d\u00e9montre qu\u2019il est possible de r\u00e9pondre aux d\u00e9fis \u00e9nerg\u00e9tiques mondiaux tout en respectant les besoins des populations locales.<\/p>\n\n\n\n<p>En conclusion, la mise en place de ce parc \u00e9olien \u00e0 Golden Plains est un pas d\u00e9cisif pour l&rsquo;Australie dans sa qu\u00eate d\u2019une transition \u00e9nerg\u00e9tique durable. Il montre non seulement la capacit\u00e9 du pays \u00e0 adopter des solutions novatrices, mais aussi l\u2019impact positif que peuvent avoir les <a href=\"https:\/\/www.svalbard.fr\/actualites\/lespagne-surprend-le-monde-entier-avec-un-nouveau-generateur-a-hydrogene-fonctionnant-uniquement-a-partir-denergies-renouvelables\/\"><strong>\u00e9nergies renouvelables<\/strong><\/a> sur l\u2019\u00e9conomie et l\u2019environnement. Le futur s\u2019annonce plus vert pour l\u2019Australie !<\/p>\n","protected":false},"excerpt":{"rendered":"<p>L&rsquo;Australie s&rsquo;appr\u00eate \u00e0 d\u00e9voiler l&rsquo;un des projets les plus ambitieux de son histoire \u00e9nerg\u00e9tique. Dans l&rsquo;\u00c9tat du Victoria, le parc \u00e9olien de Golden Plains deviendra<\/p>\n","protected":false},"author":3,"featured_media":1827,"comment_status":"closed","ping_status":"closed","sticky":false,"template":"","format":"standard","meta":{"footnotes":""},"categories":[1725],"tags":[],"yoast_head":"<!-- This site is optimized with the Yoast SEO plugin v21.0 - https:\/\/yoast.com\/wordpress\/plugins\/seo\/ -->\n<title>L&#039;Australie \u00e9blouit le monde avec le plus grand parc d&#039;\u00e9oliennes de l\u2019h\u00e9misph\u00e8re Sud, marquant sa transition \u00e9nerg\u00e9tique<\/title>\n<meta name=\"robots\" content=\"index, follow, max-snippet:-1, max-image-preview:large, max-video-preview:-1\" \/>\n<link rel=\"canonical\" href=\"https:\/\/www.svalbard.fr\/actualites\/laustralie-eblouit-le-monde-avec-le-plus-grand-parc-deoliennes-de-lhemisphere-sud-marquant-sa-transition-energetique\/\" \/>\n<meta property=\"og:locale\" content=\"fr_FR\" \/>\n<meta property=\"og:type\" content=\"article\" \/>\n<meta property=\"og:title\" content=\"L&#039;Australie \u00e9blouit le monde avec le plus grand parc d&#039;\u00e9oliennes de l\u2019h\u00e9misph\u00e8re Sud, marquant sa transition \u00e9nerg\u00e9tique\" \/>\n<meta property=\"og:description\" content=\"L&rsquo;Australie s&rsquo;appr\u00eate \u00e0 d\u00e9voiler l&rsquo;un des projets les plus ambitieux de son histoire \u00e9nerg\u00e9tique. Dans l&rsquo;\u00c9tat du Victoria, le parc \u00e9olien de Golden Plains deviendra\" \/>\n<meta property=\"og:url\" content=\"https:\/\/www.svalbard.fr\/actualites\/laustralie-eblouit-le-monde-avec-le-plus-grand-parc-deoliennes-de-lhemisphere-sud-marquant-sa-transition-energetique\/\" \/>\n<meta property=\"og:site_name\" content=\"www.Svalbard.fr\" \/>\n<meta property=\"article:published_time\" content=\"2024-11-29T08:30:00+00:00\" \/>\n<meta property=\"article:modified_time\" content=\"2024-11-29T05:14:01+00:00\" \/>\n<meta property=\"og:image\" content=\"https:\/\/www.svalbard.fr\/actualites\/wp-content\/uploads\/2024\/11\/LAustralie-eblouit-le-monde-avec-le-plus-grand-parc-deoliennes.jpg\" \/>\n\t<meta property=\"og:image:width\" content=\"1200\" \/>\n\t<meta property=\"og:image:height\" content=\"800\" \/>\n\t<meta property=\"og:image:type\" content=\"image\/jpeg\" \/>\n<meta name=\"author\" content=\"Guillaume Chen\" \/>\n<meta name=\"twitter:card\" content=\"summary_large_image\" \/>\n<meta name=\"twitter:label1\" content=\"\u00c9crit par\" \/>\n\t<meta name=\"twitter:data1\" content=\"Guillaume Chen\" \/>\n\t<meta name=\"twitter:label2\" content=\"Dur\u00e9e de lecture estim\u00e9e\" \/>\n\t<meta name=\"twitter:data2\" content=\"4 minutes\" \/>\n<script type=\"application\/ld+json\" class=\"yoast-schema-graph\">{\"@context\":\"https:\/\/schema.org\",\"@graph\":[{\"@type\":\"Article\",\"@id\":\"https:\/\/www.svalbard.fr\/actualites\/laustralie-eblouit-le-monde-avec-le-plus-grand-parc-deoliennes-de-lhemisphere-sud-marquant-sa-transition-energetique\/#article\",\"isPartOf\":{\"@id\":\"https:\/\/www.svalbard.fr\/actualites\/laustralie-eblouit-le-monde-avec-le-plus-grand-parc-deoliennes-de-lhemisphere-sud-marquant-sa-transition-energetique\/\"},\"author\":{\"name\":\"Guillaume Chen\",\"@id\":\"https:\/\/www.svalbard.fr\/actualites\/#\/schema\/person\/b9d185560b94bff7322d37cb676ee545\"},\"headline\":\"L&rsquo;Australie \u00e9blouit le monde avec le plus grand parc d&rsquo;\u00e9oliennes de l\u2019h\u00e9misph\u00e8re Sud, marquant sa transition \u00e9nerg\u00e9tique\",\"datePublished\":\"2024-11-29T08:30:00+00:00\",\"dateModified\":\"2024-11-29T05:14:01+00:00\",\"mainEntityOfPage\":{\"@id\":\"https:\/\/www.svalbard.fr\/actualites\/laustralie-eblouit-le-monde-avec-le-plus-grand-parc-deoliennes-de-lhemisphere-sud-marquant-sa-transition-energetique\/\"},\"wordCount\":783,\"publisher\":{\"@id\":\"https:\/\/www.svalbard.fr\/actualites\/#organization\"},\"articleSection\":[\"Tendances\"],\"inLanguage\":\"fr-FR\"},{\"@type\":\"WebPage\",\"@id\":\"https:\/\/www.svalbard.fr\/actualites\/laustralie-eblouit-le-monde-avec-le-plus-grand-parc-deoliennes-de-lhemisphere-sud-marquant-sa-transition-energetique\/\",\"url\":\"https:\/\/www.svalbard.fr\/actualites\/laustralie-eblouit-le-monde-avec-le-plus-grand-parc-deoliennes-de-lhemisphere-sud-marquant-sa-transition-energetique\/\",\"name\":\"L'Australie \u00e9blouit le monde avec le plus grand parc d'\u00e9oliennes de l\u2019h\u00e9misph\u00e8re Sud, marquant sa transition \u00e9nerg\u00e9tique\",\"isPartOf\":{\"@id\":\"https:\/\/www.svalbard.fr\/actualites\/#website\"},\"datePublished\":\"2024-11-29T08:30:00+00:00\",\"dateModified\":\"2024-11-29T05:14:01+00:00\",\"breadcrumb\":{\"@id\":\"https:\/\/www.svalbard.fr\/actualites\/laustralie-eblouit-le-monde-avec-le-plus-grand-parc-deoliennes-de-lhemisphere-sud-marquant-sa-transition-energetique\/#breadcrumb\"},\"inLanguage\":\"fr-FR\",\"potentialAction\":[{\"@type\":\"ReadAction\",\"target\":[\"https:\/\/www.svalbard.fr\/actualites\/laustralie-eblouit-le-monde-avec-le-plus-grand-parc-deoliennes-de-lhemisphere-sud-marquant-sa-transition-energetique\/\"]}]},{\"@type\":\"BreadcrumbList\",\"@id\":\"https:\/\/www.svalbard.fr\/actualites\/laustralie-eblouit-le-monde-avec-le-plus-grand-parc-deoliennes-de-lhemisphere-sud-marquant-sa-transition-energetique\/#breadcrumb\",\"itemListElement\":[{\"@type\":\"ListItem\",\"position\":1,\"name\":\"Accueil\",\"item\":\"https:\/\/www.svalbard.fr\/actualites\/\"},{\"@type\":\"ListItem\",\"position\":2,\"name\":\"L&rsquo;Australie \u00e9blouit le monde avec le plus grand parc d&rsquo;\u00e9oliennes de l\u2019h\u00e9misph\u00e8re Sud, marquant sa transition \u00e9nerg\u00e9tique\"}]},{\"@type\":\"WebSite\",\"@id\":\"https:\/\/www.svalbard.fr\/actualites\/#website\",\"url\":\"https:\/\/www.svalbard.fr\/actualites\/\",\"name\":\"www.Svalbard.fr\",\"description\":\"\",\"publisher\":{\"@id\":\"https:\/\/www.svalbard.fr\/actualites\/#organization\"},\"potentialAction\":[{\"@type\":\"SearchAction\",\"target\":{\"@type\":\"EntryPoint\",\"urlTemplate\":\"https:\/\/www.svalbard.fr\/actualites\/?s={search_term_string}\"},\"query-input\":\"required name=search_term_string\"}],\"inLanguage\":\"fr-FR\"},{\"@type\":\"Organization\",\"@id\":\"https:\/\/www.svalbard.fr\/actualites\/#organization\",\"name\":\"www.Svalbard.fr\",\"url\":\"https:\/\/www.svalbard.fr\/actualites\/\",\"logo\":{\"@type\":\"ImageObject\",\"inLanguage\":\"fr-FR\",\"@id\":\"https:\/\/www.svalbard.fr\/actualites\/#\/schema\/logo\/image\/\",\"url\":\"https:\/\/www.svalbard.fr\/actualites\/wp-content\/uploads\/2023\/09\/head-nom.jpg\",\"contentUrl\":\"https:\/\/www.svalbard.fr\/actualites\/wp-content\/uploads\/2023\/09\/head-nom.jpg\",\"width\":264,\"height\":35,\"caption\":\"www.Svalbard.fr\"},\"image\":{\"@id\":\"https:\/\/www.svalbard.fr\/actualites\/#\/schema\/logo\/image\/\"}},{\"@type\":\"Person\",\"@id\":\"https:\/\/www.svalbard.fr\/actualites\/#\/schema\/person\/b9d185560b94bff7322d37cb676ee545\",\"name\":\"Guillaume Chen\",\"image\":{\"@type\":\"ImageObject\",\"inLanguage\":\"fr-FR\",\"@id\":\"https:\/\/www.svalbard.fr\/actualites\/#\/schema\/person\/image\/\",\"url\":\"https:\/\/secure.gravatar.com\/avatar\/0c3f9c94586035b795ad4049a06fb048?s=96&d=mm&r=g\",\"contentUrl\":\"https:\/\/secure.gravatar.com\/avatar\/0c3f9c94586035b795ad4049a06fb048?s=96&d=mm&r=g\",\"caption\":\"Guillaume Chen\"},\"sameAs\":[\"https:\/\/www.svalbard.fr\/\"]}]}<\/script>\n<!-- \/ Yoast SEO plugin. -->","yoast_head_json":{"title":"L'Australie \u00e9blouit le monde avec le plus grand parc d'\u00e9oliennes de l\u2019h\u00e9misph\u00e8re Sud, marquant sa transition \u00e9nerg\u00e9tique","robots":{"index":"index","follow":"follow","max-snippet":"max-snippet:-1","max-image-preview":"max-image-preview:large","max-video-preview":"max-video-preview:-1"},"canonical":"https:\/\/www.svalbard.fr\/actualites\/laustralie-eblouit-le-monde-avec-le-plus-grand-parc-deoliennes-de-lhemisphere-sud-marquant-sa-transition-energetique\/","og_locale":"fr_FR","og_type":"article","og_title":"L'Australie \u00e9blouit le monde avec le plus grand parc d'\u00e9oliennes de l\u2019h\u00e9misph\u00e8re Sud, marquant sa transition \u00e9nerg\u00e9tique","og_description":"L&rsquo;Australie s&rsquo;appr\u00eate \u00e0 d\u00e9voiler l&rsquo;un des projets les plus ambitieux de son histoire \u00e9nerg\u00e9tique. Dans l&rsquo;\u00c9tat du Victoria, le parc \u00e9olien de Golden Plains deviendra","og_url":"https:\/\/www.svalbard.fr\/actualites\/laustralie-eblouit-le-monde-avec-le-plus-grand-parc-deoliennes-de-lhemisphere-sud-marquant-sa-transition-energetique\/","og_site_name":"www.Svalbard.fr","article_published_time":"2024-11-29T08:30:00+00:00","article_modified_time":"2024-11-29T05:14:01+00:00","og_image":[{"width":1200,"height":800,"url":"https:\/\/www.svalbard.fr\/actualites\/wp-content\/uploads\/2024\/11\/LAustralie-eblouit-le-monde-avec-le-plus-grand-parc-deoliennes.jpg","type":"image\/jpeg"}],"author":"Guillaume Chen","twitter_card":"summary_large_image","twitter_misc":{"\u00c9crit par":"Guillaume Chen","Dur\u00e9e de lecture estim\u00e9e":"4 minutes"},"schema":{"@context":"https:\/\/schema.org","@graph":[{"@type":"Article","@id":"https:\/\/www.svalbard.fr\/actualites\/laustralie-eblouit-le-monde-avec-le-plus-grand-parc-deoliennes-de-lhemisphere-sud-marquant-sa-transition-energetique\/#article","isPartOf":{"@id":"https:\/\/www.svalbard.fr\/actualites\/laustralie-eblouit-le-monde-avec-le-plus-grand-parc-deoliennes-de-lhemisphere-sud-marquant-sa-transition-energetique\/"},"author":{"name":"Guillaume Chen","@id":"https:\/\/www.svalbard.fr\/actualites\/#\/schema\/person\/b9d185560b94bff7322d37cb676ee545"},"headline":"L&rsquo;Australie \u00e9blouit le monde avec le plus grand parc d&rsquo;\u00e9oliennes de l\u2019h\u00e9misph\u00e8re Sud, marquant sa transition \u00e9nerg\u00e9tique","datePublished":"2024-11-29T08:30:00+00:00","dateModified":"2024-11-29T05:14:01+00:00","mainEntityOfPage":{"@id":"https:\/\/www.svalbard.fr\/actualites\/laustralie-eblouit-le-monde-avec-le-plus-grand-parc-deoliennes-de-lhemisphere-sud-marquant-sa-transition-energetique\/"},"wordCount":783,"publisher":{"@id":"https:\/\/www.svalbard.fr\/actualites\/#organization"},"articleSection":["Tendances"],"inLanguage":"fr-FR"},{"@type":"WebPage","@id":"https:\/\/www.svalbard.fr\/actualites\/laustralie-eblouit-le-monde-avec-le-plus-grand-parc-deoliennes-de-lhemisphere-sud-marquant-sa-transition-energetique\/","url":"https:\/\/www.svalbard.fr\/actualites\/laustralie-eblouit-le-monde-avec-le-plus-grand-parc-deoliennes-de-lhemisphere-sud-marquant-sa-transition-energetique\/","name":"L'Australie \u00e9blouit le monde avec le plus grand parc d'\u00e9oliennes de l\u2019h\u00e9misph\u00e8re Sud, marquant sa transition \u00e9nerg\u00e9tique","isPartOf":{"@id":"https:\/\/www.svalbard.fr\/actualites\/#website"},"datePublished":"2024-11-29T08:30:00+00:00","dateModified":"2024-11-29T05:14:01+00:00","breadcrumb":{"@id":"https:\/\/www.svalbard.fr\/actualites\/laustralie-eblouit-le-monde-avec-le-plus-grand-parc-deoliennes-de-lhemisphere-sud-marquant-sa-transition-energetique\/#breadcrumb"},"inLanguage":"fr-FR","potentialAction":[{"@type":"ReadAction","target":["https:\/\/www.svalbard.fr\/actualites\/laustralie-eblouit-le-monde-avec-le-plus-grand-parc-deoliennes-de-lhemisphere-sud-marquant-sa-transition-energetique\/"]}]},{"@type":"BreadcrumbList","@id":"https:\/\/www.svalbard.fr\/actualites\/laustralie-eblouit-le-monde-avec-le-plus-grand-parc-deoliennes-de-lhemisphere-sud-marquant-sa-transition-energetique\/#breadcrumb","itemListElement":[{"@type":"ListItem","position":1,"name":"Accueil","item":"https:\/\/www.svalbard.fr\/actualites\/"},{"@type":"ListItem","position":2,"name":"L&rsquo;Australie \u00e9blouit le monde avec le plus grand parc d&rsquo;\u00e9oliennes de l\u2019h\u00e9misph\u00e8re Sud, marquant sa transition \u00e9nerg\u00e9tique"}]},{"@type":"WebSite","@id":"https:\/\/www.svalbard.fr\/actualites\/#website","url":"https:\/\/www.svalbard.fr\/actualites\/","name":"www.Svalbard.fr","description":"","publisher":{"@id":"https:\/\/www.svalbard.fr\/actualites\/#organization"},"potentialAction":[{"@type":"SearchAction","target":{"@type":"EntryPoint","urlTemplate":"https:\/\/www.svalbard.fr\/actualites\/?s={search_term_string}"},"query-input":"required name=search_term_string"}],"inLanguage":"fr-FR"},{"@type":"Organization","@id":"https:\/\/www.svalbard.fr\/actualites\/#organization","name":"www.Svalbard.fr","url":"https:\/\/www.svalbard.fr\/actualites\/","logo":{"@type":"ImageObject","inLanguage":"fr-FR","@id":"https:\/\/www.svalbard.fr\/actualites\/#\/schema\/logo\/image\/","url":"https:\/\/www.svalbard.fr\/actualites\/wp-content\/uploads\/2023\/09\/head-nom.jpg","contentUrl":"https:\/\/www.svalbard.fr\/actualites\/wp-content\/uploads\/2023\/09\/head-nom.jpg","width":264,"height":35,"caption":"www.Svalbard.fr"},"image":{"@id":"https:\/\/www.svalbard.fr\/actualites\/#\/schema\/logo\/image\/"}},{"@type":"Person","@id":"https:\/\/www.svalbard.fr\/actualites\/#\/schema\/person\/b9d185560b94bff7322d37cb676ee545","name":"Guillaume Chen","image":{"@type":"ImageObject","inLanguage":"fr-FR","@id":"https:\/\/www.svalbard.fr\/actualites\/#\/schema\/person\/image\/","url":"https:\/\/secure.gravatar.com\/avatar\/0c3f9c94586035b795ad4049a06fb048?s=96&d=mm&r=g","contentUrl":"https:\/\/secure.gravatar.com\/avatar\/0c3f9c94586035b795ad4049a06fb048?s=96&d=mm&r=g","caption":"Guillaume Chen"},"sameAs":["https:\/\/www.svalbard.fr\/"]}]}},"_links":{"self":[{"href":"https:\/\/www.svalbard.fr\/actualites\/wp-json\/wp\/v2\/posts\/1826"}],"collection":[{"href":"https:\/\/www.svalbard.fr\/actualites\/wp-json\/wp\/v2\/posts"}],"about":[{"href":"https:\/\/www.svalbard.fr\/actualites\/wp-json\/wp\/v2\/types\/post"}],"author":[{"embeddable":true,"href":"https:\/\/www.svalbard.fr\/actualites\/wp-json\/wp\/v2\/users\/3"}],"replies":[{"embeddable":true,"href":"https:\/\/www.svalbard.fr\/actualites\/wp-json\/wp\/v2\/comments?post=1826"}],"version-history":[{"count":1,"href":"https:\/\/www.svalbard.fr\/actualites\/wp-json\/wp\/v2\/posts\/1826\/revisions"}],"predecessor-version":[{"id":1828,"href":"https:\/\/www.svalbard.fr\/actualites\/wp-json\/wp\/v2\/posts\/1826\/revisions\/1828"}],"wp:featuredmedia":[{"embeddable":true,"href":"https:\/\/www.svalbard.fr\/actualites\/wp-json\/wp\/v2\/media\/1827"}],"wp:attachment":[{"href":"https:\/\/www.svalbard.fr\/actualites\/wp-json\/wp\/v2\/media?parent=1826"}],"wp:term":[{"taxonomy":"category","embeddable":true,"href":"https:\/\/www.svalbard.fr\/actualites\/wp-json\/wp\/v2\/categories?post=1826"},{"taxonomy":"post_tag","embeddable":true,"href":"https:\/\/www.svalbard.fr\/actualites\/wp-json\/wp\/v2\/tags?post=1826"}],"curies":[{"name":"wp","href":"https:\/\/api.w.org\/{rel}","templated":true}]}}