{"id":1879,"date":"2024-12-02T17:18:59","date_gmt":"2024-12-02T16:18:59","guid":{"rendered":"https:\/\/www.svalbard.fr\/actualites\/larbre-de-noel-de-trafalgar-square-sest-encore-moque-alors-que-les-londoniens-rageaient-la-moitie-du-sapin-manque\/"},"modified":"2024-12-02T17:19:02","modified_gmt":"2024-12-02T16:19:02","slug":"larbre-de-noel-de-trafalgar-square-sest-encore-moque-alors-que-les-londoniens-rageaient-la-moitie-du-sapin-manque","status":"publish","type":"post","link":"https:\/\/www.svalbard.fr\/actualites\/larbre-de-noel-de-trafalgar-square-sest-encore-moque-alors-que-les-londoniens-rageaient-la-moitie-du-sapin-manque\/","title":{"rendered":"L&#39;arbre de No\u00ebl de Trafalgar Square s&#39;est encore moqu\u00e9 alors que les Londoniens rageaient \u00ab\u00a0la moiti\u00e9 du sapin manque!\u00a0\u00bb"},"content":{"rendered":"<div>\n<p>Trafalgar Square <span style=\"color: #ff0000;\">No\u00ebl<\/span> L&#39;arbre a de nouveau \u00e9t\u00e9 moqu\u00e9, les Londoniens fulminant parce qu&#39;il manque la moiti\u00e9 de son sapin.<\/p>\n<p>L&#39;arbre de f\u00eate de la capitale a \u00e9t\u00e9 dress\u00e9 au milieu du centre-ville <span style=\"color: #ff0000;\">Londres<\/span> point de rep\u00e8re lundi (2 d\u00e9cembre) apr\u00e8s son arriv\u00e9e de <span style=\"color: #ff0000;\">Norv\u00e8ge<\/span>.<\/p>\n<p>Un message sur X provenant du compte officiel de l&#39;arbre disait : \u00ab Devinez qui est de retour ? Maintenant, avant que les haineux ne commencent \u00e0 commenter mes branches, j&#39;ai eu 10 jours de sommeil r\u00e9parateur.<\/p>\n<p>\u00ab\u00a0Qui n&#39;aurait pas l&#39;air un peu plat apr\u00e8s ce genre de voyage ? Mais ne vous inqui\u00e9tez pas, il se gonflera et brillera juste \u00e0 temps pour mon grand moment.\u00a0\u00bb<\/p>\n<p>Mais l\u2019arbre a divis\u00e9 l\u2019opinion sur les r\u00e9seaux sociaux, certains utilisateurs X se plaignant de son \u00e9tat. Gillian Flavell a \u00e9crit sur la plateforme : \u00ab\u00a0\u00c7a va prendre beaucoup de peluches pour cacher toutes ces branches mortes. Je dis juste.\u00a0\u00bb<\/p>\n<\/div>\n<div>\n<p>Mark, un autre utilisateur de X, a d\u00e9clar\u00e9 : \u00ab\u00a0J&#39;esp\u00e8re que \u00e7a aura l&#39;air mieux une fois en place.\u00a0\u00bb Un utilisateur de Facebook a d\u00e9clar\u00e9 : \u00ab\u00a0C&#39;est ici. Enfin, la moiti\u00e9 en tout cas.\u00a0\u00bb<\/p>\n<p>Le r\u00e9cit officiel de l&#39;arbre a r\u00e9torqu\u00e9 que les critiques ne l&#39;avaient pas vu \u00ab\u00a0briller de mille feux\u00a0\u00bb, ses lumi\u00e8res de No\u00ebl n&#39;ayant pas encore \u00e9t\u00e9 ajout\u00e9es \u00e0 l&#39;\u00e9poque.<\/p>\n<p>D&#39;autres personnes ont fait l&#39;\u00e9loge de l&#39;arbre, offert chaque ann\u00e9e \u00e0 la capitale par le peuple norv\u00e9gien en guise de remerciement pour le soutien britannique pendant la Seconde Guerre mondiale.<\/p>\n<p>L&#39;utilisateur de X, Summerflower, a d\u00e9clar\u00e9 : \u00ab\u00a0Quel \u00e9norme sapin de No\u00ebl sur Trafalgar Square. Magnifique et majestueux, issu des for\u00eats profondes de Norv\u00e8ge.\u00a0\u00bb<\/p>\n<p>Lynne Bateson a post\u00e9 : \u00ab\u00a0Un grand merci \u00e0 notre amie la Norv\u00e8ge. Et une chaleureuse bienvenue pour votre cadeau. No\u00ebl ne peut pas commencer sans vous !\u00a0\u00bb<\/p>\n<\/div>\n<div>\n<p>Cet \u00e9loge a suscit\u00e9 une multitude de jeux de mots festifs douteux sur le compte X de l&#39;arbre, l&#39;une de ces r\u00e9ponses d\u00e9clarant : \u00ab\u00a0Je suis vraiment excit\u00e9 d&#39;\u00eatre ici.\u00a0\u00bb<\/p>\n<p>Un autre a lu : \u00ab\u00a0Et n&#39;est-ce pas juste un arbre-mendous\u00a0\u00bb, tandis qu&#39;une troisi\u00e8me r\u00e9ponse a d\u00e9clar\u00e9 : \u00ab\u00a0Je suis extr\u00eamement excit\u00e9 d&#39;\u00eatre ici\u00a0\u00bb.<\/p>\n<p>L&#39;arbre de No\u00ebl de Trafalgar Square est g\u00e9n\u00e9ralement un \u00e9pic\u00e9a norv\u00e9gien mesurant plus de 20 m\u00e8tres de haut et pouvant atteindre 60 ans.<\/p>\n<p>Il provient des for\u00eats autour d&#39;Oslo o\u00f9 les forestiers le d\u00e9crivent comme la \u00ab Reine de la for\u00eat \u00bb. Abattu en novembre, il arrive au Royaume-Uni par voie maritime avant d&#39;\u00eatre transport\u00e9 par camion jusqu&#39;\u00e0 Londres.<\/p>\n<p>Les illuminations de No\u00ebl du sapin seront allum\u00e9es ce jeudi.<\/p>\n<\/div>\n","protected":false},"excerpt":{"rendered":"<p>Trafalgar Square No\u00ebl L&#39;arbre a de nouveau \u00e9t\u00e9 moqu\u00e9, les Londoniens fulminant parce qu&#39;il manque la moiti\u00e9 de son sapin. L&#39;arbre de f\u00eate de la<\/p>\n","protected":false},"author":1,"featured_media":1880,"comment_status":"closed","ping_status":"","sticky":false,"template":"","format":"standard","meta":{"footnotes":""},"categories":[1],"tags":[24,1911,1353,3,1913,756,1915,1912,204,1914,1325,1916,1910,1909],"yoast_head":"<!-- This site is optimized with the Yoast SEO plugin v21.0 - https:\/\/yoast.com\/wordpress\/plugins\/seo\/ -->\n<title>L&#039;arbre de No\u00ebl de Trafalgar Square s&#039;est encore moqu\u00e9 alors que les Londoniens rageaient &quot;la moiti\u00e9 du sapin manque!&quot;<\/title>\n<meta name=\"robots\" content=\"index, follow, max-snippet:-1, max-image-preview:large, max-video-preview:-1\" \/>\n<link rel=\"canonical\" href=\"https:\/\/www.svalbard.fr\/actualites\/larbre-de-noel-de-trafalgar-square-sest-encore-moque-alors-que-les-londoniens-rageaient-la-moitie-du-sapin-manque\/\" \/>\n<meta property=\"og:locale\" content=\"fr_FR\" \/>\n<meta property=\"og:type\" content=\"article\" \/>\n<meta property=\"og:title\" content=\"L&#039;arbre de No\u00ebl de Trafalgar Square s&#039;est encore moqu\u00e9 alors que les Londoniens rageaient &quot;la moiti\u00e9 du sapin manque!&quot;\" \/>\n<meta property=\"og:description\" content=\"Trafalgar Square No\u00ebl L&#039;arbre a de nouveau \u00e9t\u00e9 moqu\u00e9, les Londoniens fulminant parce qu&#039;il manque la moiti\u00e9 de son sapin. L&#039;arbre de f\u00eate de la\" \/>\n<meta property=\"og:url\" content=\"https:\/\/www.svalbard.fr\/actualites\/larbre-de-noel-de-trafalgar-square-sest-encore-moque-alors-que-les-londoniens-rageaient-la-moitie-du-sapin-manque\/\" \/>\n<meta property=\"og:site_name\" content=\"www.Svalbard.fr\" \/>\n<meta property=\"article:published_time\" content=\"2024-12-02T16:18:59+00:00\" \/>\n<meta property=\"article:modified_time\" content=\"2024-12-02T16:19:02+00:00\" \/>\n<meta property=\"og:image\" content=\"https:\/\/www.svalbard.fr\/actualites\/wp-content\/uploads\/2024\/12\/L39arbre-de-Noel-de-Trafalgar-Square-s39est-encore-moque-alors.jpg\" \/>\n\t<meta property=\"og:image:width\" content=\"1200\" \/>\n\t<meta property=\"og:image:height\" content=\"630\" \/>\n\t<meta property=\"og:image:type\" content=\"image\/jpeg\" \/>\n<meta name=\"author\" content=\"Hilmar\" \/>\n<meta name=\"twitter:card\" content=\"summary_large_image\" \/>\n<meta name=\"twitter:label1\" content=\"\u00c9crit par\" \/>\n\t<meta name=\"twitter:data1\" content=\"Hilmar\" \/>\n\t<meta name=\"twitter:label2\" content=\"Dur\u00e9e de lecture estim\u00e9e\" \/>\n\t<meta name=\"twitter:data2\" content=\"2 minutes\" \/>\n<script type=\"application\/ld+json\" class=\"yoast-schema-graph\">{\"@context\":\"https:\/\/schema.org\",\"@graph\":[{\"@type\":\"Article\",\"@id\":\"https:\/\/www.svalbard.fr\/actualites\/larbre-de-noel-de-trafalgar-square-sest-encore-moque-alors-que-les-londoniens-rageaient-la-moitie-du-sapin-manque\/#article\",\"isPartOf\":{\"@id\":\"https:\/\/www.svalbard.fr\/actualites\/larbre-de-noel-de-trafalgar-square-sest-encore-moque-alors-que-les-londoniens-rageaient-la-moitie-du-sapin-manque\/\"},\"author\":{\"name\":\"Hilmar\",\"@id\":\"https:\/\/www.svalbard.fr\/actualites\/#\/schema\/person\/a2f937d5712222366738fae98755c600\"},\"headline\":\"L&#39;arbre de No\u00ebl de Trafalgar Square s&#39;est encore moqu\u00e9 alors que les Londoniens rageaient \u00ab\u00a0la moiti\u00e9 du sapin manque!\u00a0\u00bb\",\"datePublished\":\"2024-12-02T16:18:59+00:00\",\"dateModified\":\"2024-12-02T16:19:02+00:00\",\"mainEntityOfPage\":{\"@id\":\"https:\/\/www.svalbard.fr\/actualites\/larbre-de-noel-de-trafalgar-square-sest-encore-moque-alors-que-les-londoniens-rageaient-la-moitie-du-sapin-manque\/\"},\"wordCount\":491,\"publisher\":{\"@id\":\"https:\/\/www.svalbard.fr\/actualites\/#organization\"},\"keywords\":[\"alors\",\"encore\",\"l39arbre\",\"Les\",\"Londoniens\",\"manque\",\"moiti\u00e9\",\"moqu\u00e9\",\"No\u00ebl\",\"rageaient\",\"s39est\",\"sapin\",\"Square\",\"Trafalgar\"],\"articleSection\":[\"Svalbard\"],\"inLanguage\":\"fr-FR\"},{\"@type\":\"WebPage\",\"@id\":\"https:\/\/www.svalbard.fr\/actualites\/larbre-de-noel-de-trafalgar-square-sest-encore-moque-alors-que-les-londoniens-rageaient-la-moitie-du-sapin-manque\/\",\"url\":\"https:\/\/www.svalbard.fr\/actualites\/larbre-de-noel-de-trafalgar-square-sest-encore-moque-alors-que-les-londoniens-rageaient-la-moitie-du-sapin-manque\/\",\"name\":\"L&#39;arbre de No\u00ebl de Trafalgar Square s&#39;est encore moqu\u00e9 alors que les Londoniens rageaient \\\"la moiti\u00e9 du sapin manque!\\\"\",\"isPartOf\":{\"@id\":\"https:\/\/www.svalbard.fr\/actualites\/#website\"},\"datePublished\":\"2024-12-02T16:18:59+00:00\",\"dateModified\":\"2024-12-02T16:19:02+00:00\",\"breadcrumb\":{\"@id\":\"https:\/\/www.svalbard.fr\/actualites\/larbre-de-noel-de-trafalgar-square-sest-encore-moque-alors-que-les-londoniens-rageaient-la-moitie-du-sapin-manque\/#breadcrumb\"},\"inLanguage\":\"fr-FR\",\"potentialAction\":[{\"@type\":\"ReadAction\",\"target\":[\"https:\/\/www.svalbard.fr\/actualites\/larbre-de-noel-de-trafalgar-square-sest-encore-moque-alors-que-les-londoniens-rageaient-la-moitie-du-sapin-manque\/\"]}]},{\"@type\":\"BreadcrumbList\",\"@id\":\"https:\/\/www.svalbard.fr\/actualites\/larbre-de-noel-de-trafalgar-square-sest-encore-moque-alors-que-les-londoniens-rageaient-la-moitie-du-sapin-manque\/#breadcrumb\",\"itemListElement\":[{\"@type\":\"ListItem\",\"position\":1,\"name\":\"Accueil\",\"item\":\"https:\/\/www.svalbard.fr\/actualites\/\"},{\"@type\":\"ListItem\",\"position\":2,\"name\":\"L&#39;arbre de No\u00ebl de Trafalgar Square s&#39;est encore moqu\u00e9 alors que les Londoniens rageaient \u00ab\u00a0la moiti\u00e9 du sapin manque!\u00a0\u00bb\"}]},{\"@type\":\"WebSite\",\"@id\":\"https:\/\/www.svalbard.fr\/actualites\/#website\",\"url\":\"https:\/\/www.svalbard.fr\/actualites\/\",\"name\":\"www.Svalbard.fr\",\"description\":\"\",\"publisher\":{\"@id\":\"https:\/\/www.svalbard.fr\/actualites\/#organization\"},\"potentialAction\":[{\"@type\":\"SearchAction\",\"target\":{\"@type\":\"EntryPoint\",\"urlTemplate\":\"https:\/\/www.svalbard.fr\/actualites\/?s={search_term_string}\"},\"query-input\":\"required name=search_term_string\"}],\"inLanguage\":\"fr-FR\"},{\"@type\":\"Organization\",\"@id\":\"https:\/\/www.svalbard.fr\/actualites\/#organization\",\"name\":\"www.Svalbard.fr\",\"url\":\"https:\/\/www.svalbard.fr\/actualites\/\",\"logo\":{\"@type\":\"ImageObject\",\"inLanguage\":\"fr-FR\",\"@id\":\"https:\/\/www.svalbard.fr\/actualites\/#\/schema\/logo\/image\/\",\"url\":\"https:\/\/www.svalbard.fr\/actualites\/wp-content\/uploads\/2023\/09\/head-nom.jpg\",\"contentUrl\":\"https:\/\/www.svalbard.fr\/actualites\/wp-content\/uploads\/2023\/09\/head-nom.jpg\",\"width\":264,\"height\":35,\"caption\":\"www.Svalbard.fr\"},\"image\":{\"@id\":\"https:\/\/www.svalbard.fr\/actualites\/#\/schema\/logo\/image\/\"}},{\"@type\":\"Person\",\"@id\":\"https:\/\/www.svalbard.fr\/actualites\/#\/schema\/person\/a2f937d5712222366738fae98755c600\",\"name\":\"Hilmar\",\"image\":{\"@type\":\"ImageObject\",\"inLanguage\":\"fr-FR\",\"@id\":\"https:\/\/www.svalbard.fr\/actualites\/#\/schema\/person\/image\/\",\"url\":\"https:\/\/secure.gravatar.com\/avatar\/4daa437093476dbc32da415c112b6512?s=96&d=mm&r=g\",\"contentUrl\":\"https:\/\/secure.gravatar.com\/avatar\/4daa437093476dbc32da415c112b6512?s=96&d=mm&r=g\",\"caption\":\"Hilmar\"},\"description\":\"Hilmar est un passionn\u00e9 des r\u00e9gions polaires, sp\u00e9cialis\u00e9 dans la r\u00e9daction d'articles sur le Spitzberg et autres destinations arctiques. Il apporte son expertise et sa passion pour l'Arctique au sein de l'\u00e9quipe de r\u00e9daction de Svalbard depuis de nombreuses ann\u00e9es.\",\"sameAs\":[\"https:\/\/www.svalbard.fr\/\"]}]}<\/script>\n<!-- \/ Yoast SEO plugin. -->","yoast_head_json":{"title":"L&#39;arbre de No\u00ebl de Trafalgar Square s&#39;est encore moqu\u00e9 alors que les Londoniens rageaient \"la moiti\u00e9 du sapin manque!\"","robots":{"index":"index","follow":"follow","max-snippet":"max-snippet:-1","max-image-preview":"max-image-preview:large","max-video-preview":"max-video-preview:-1"},"canonical":"https:\/\/www.svalbard.fr\/actualites\/larbre-de-noel-de-trafalgar-square-sest-encore-moque-alors-que-les-londoniens-rageaient-la-moitie-du-sapin-manque\/","og_locale":"fr_FR","og_type":"article","og_title":"L&#39;arbre de No\u00ebl de Trafalgar Square s&#39;est encore moqu\u00e9 alors que les Londoniens rageaient \"la moiti\u00e9 du sapin manque!\"","og_description":"Trafalgar Square No\u00ebl L&#39;arbre a de nouveau \u00e9t\u00e9 moqu\u00e9, les Londoniens fulminant parce qu&#39;il manque la moiti\u00e9 de son sapin. L&#39;arbre de f\u00eate de la","og_url":"https:\/\/www.svalbard.fr\/actualites\/larbre-de-noel-de-trafalgar-square-sest-encore-moque-alors-que-les-londoniens-rageaient-la-moitie-du-sapin-manque\/","og_site_name":"www.Svalbard.fr","article_published_time":"2024-12-02T16:18:59+00:00","article_modified_time":"2024-12-02T16:19:02+00:00","og_image":[{"width":1200,"height":630,"url":"https:\/\/www.svalbard.fr\/actualites\/wp-content\/uploads\/2024\/12\/L39arbre-de-Noel-de-Trafalgar-Square-s39est-encore-moque-alors.jpg","type":"image\/jpeg"}],"author":"Hilmar","twitter_card":"summary_large_image","twitter_misc":{"\u00c9crit par":"Hilmar","Dur\u00e9e de lecture estim\u00e9e":"2 minutes"},"schema":{"@context":"https:\/\/schema.org","@graph":[{"@type":"Article","@id":"https:\/\/www.svalbard.fr\/actualites\/larbre-de-noel-de-trafalgar-square-sest-encore-moque-alors-que-les-londoniens-rageaient-la-moitie-du-sapin-manque\/#article","isPartOf":{"@id":"https:\/\/www.svalbard.fr\/actualites\/larbre-de-noel-de-trafalgar-square-sest-encore-moque-alors-que-les-londoniens-rageaient-la-moitie-du-sapin-manque\/"},"author":{"name":"Hilmar","@id":"https:\/\/www.svalbard.fr\/actualites\/#\/schema\/person\/a2f937d5712222366738fae98755c600"},"headline":"L&#39;arbre de No\u00ebl de Trafalgar Square s&#39;est encore moqu\u00e9 alors que les Londoniens rageaient \u00ab\u00a0la moiti\u00e9 du sapin manque!\u00a0\u00bb","datePublished":"2024-12-02T16:18:59+00:00","dateModified":"2024-12-02T16:19:02+00:00","mainEntityOfPage":{"@id":"https:\/\/www.svalbard.fr\/actualites\/larbre-de-noel-de-trafalgar-square-sest-encore-moque-alors-que-les-londoniens-rageaient-la-moitie-du-sapin-manque\/"},"wordCount":491,"publisher":{"@id":"https:\/\/www.svalbard.fr\/actualites\/#organization"},"keywords":["alors","encore","l39arbre","Les","Londoniens","manque","moiti\u00e9","moqu\u00e9","No\u00ebl","rageaient","s39est","sapin","Square","Trafalgar"],"articleSection":["Svalbard"],"inLanguage":"fr-FR"},{"@type":"WebPage","@id":"https:\/\/www.svalbard.fr\/actualites\/larbre-de-noel-de-trafalgar-square-sest-encore-moque-alors-que-les-londoniens-rageaient-la-moitie-du-sapin-manque\/","url":"https:\/\/www.svalbard.fr\/actualites\/larbre-de-noel-de-trafalgar-square-sest-encore-moque-alors-que-les-londoniens-rageaient-la-moitie-du-sapin-manque\/","name":"L&#39;arbre de No\u00ebl de Trafalgar Square s&#39;est encore moqu\u00e9 alors que les Londoniens rageaient \"la moiti\u00e9 du sapin manque!\"","isPartOf":{"@id":"https:\/\/www.svalbard.fr\/actualites\/#website"},"datePublished":"2024-12-02T16:18:59+00:00","dateModified":"2024-12-02T16:19:02+00:00","breadcrumb":{"@id":"https:\/\/www.svalbard.fr\/actualites\/larbre-de-noel-de-trafalgar-square-sest-encore-moque-alors-que-les-londoniens-rageaient-la-moitie-du-sapin-manque\/#breadcrumb"},"inLanguage":"fr-FR","potentialAction":[{"@type":"ReadAction","target":["https:\/\/www.svalbard.fr\/actualites\/larbre-de-noel-de-trafalgar-square-sest-encore-moque-alors-que-les-londoniens-rageaient-la-moitie-du-sapin-manque\/"]}]},{"@type":"BreadcrumbList","@id":"https:\/\/www.svalbard.fr\/actualites\/larbre-de-noel-de-trafalgar-square-sest-encore-moque-alors-que-les-londoniens-rageaient-la-moitie-du-sapin-manque\/#breadcrumb","itemListElement":[{"@type":"ListItem","position":1,"name":"Accueil","item":"https:\/\/www.svalbard.fr\/actualites\/"},{"@type":"ListItem","position":2,"name":"L&#39;arbre de No\u00ebl de Trafalgar Square s&#39;est encore moqu\u00e9 alors que les Londoniens rageaient \u00ab\u00a0la moiti\u00e9 du sapin manque!\u00a0\u00bb"}]},{"@type":"WebSite","@id":"https:\/\/www.svalbard.fr\/actualites\/#website","url":"https:\/\/www.svalbard.fr\/actualites\/","name":"www.Svalbard.fr","description":"","publisher":{"@id":"https:\/\/www.svalbard.fr\/actualites\/#organization"},"potentialAction":[{"@type":"SearchAction","target":{"@type":"EntryPoint","urlTemplate":"https:\/\/www.svalbard.fr\/actualites\/?s={search_term_string}"},"query-input":"required name=search_term_string"}],"inLanguage":"fr-FR"},{"@type":"Organization","@id":"https:\/\/www.svalbard.fr\/actualites\/#organization","name":"www.Svalbard.fr","url":"https:\/\/www.svalbard.fr\/actualites\/","logo":{"@type":"ImageObject","inLanguage":"fr-FR","@id":"https:\/\/www.svalbard.fr\/actualites\/#\/schema\/logo\/image\/","url":"https:\/\/www.svalbard.fr\/actualites\/wp-content\/uploads\/2023\/09\/head-nom.jpg","contentUrl":"https:\/\/www.svalbard.fr\/actualites\/wp-content\/uploads\/2023\/09\/head-nom.jpg","width":264,"height":35,"caption":"www.Svalbard.fr"},"image":{"@id":"https:\/\/www.svalbard.fr\/actualites\/#\/schema\/logo\/image\/"}},{"@type":"Person","@id":"https:\/\/www.svalbard.fr\/actualites\/#\/schema\/person\/a2f937d5712222366738fae98755c600","name":"Hilmar","image":{"@type":"ImageObject","inLanguage":"fr-FR","@id":"https:\/\/www.svalbard.fr\/actualites\/#\/schema\/person\/image\/","url":"https:\/\/secure.gravatar.com\/avatar\/4daa437093476dbc32da415c112b6512?s=96&d=mm&r=g","contentUrl":"https:\/\/secure.gravatar.com\/avatar\/4daa437093476dbc32da415c112b6512?s=96&d=mm&r=g","caption":"Hilmar"},"description":"Hilmar est un passionn\u00e9 des r\u00e9gions polaires, sp\u00e9cialis\u00e9 dans la r\u00e9daction d'articles sur le Spitzberg et autres destinations arctiques. Il apporte son expertise et sa passion pour l'Arctique au sein de l'\u00e9quipe de r\u00e9daction de Svalbard depuis de nombreuses ann\u00e9es.","sameAs":["https:\/\/www.svalbard.fr\/"]}]}},"_links":{"self":[{"href":"https:\/\/www.svalbard.fr\/actualites\/wp-json\/wp\/v2\/posts\/1879"}],"collection":[{"href":"https:\/\/www.svalbard.fr\/actualites\/wp-json\/wp\/v2\/posts"}],"about":[{"href":"https:\/\/www.svalbard.fr\/actualites\/wp-json\/wp\/v2\/types\/post"}],"author":[{"embeddable":true,"href":"https:\/\/www.svalbard.fr\/actualites\/wp-json\/wp\/v2\/users\/1"}],"replies":[{"embeddable":true,"href":"https:\/\/www.svalbard.fr\/actualites\/wp-json\/wp\/v2\/comments?post=1879"}],"version-history":[{"count":1,"href":"https:\/\/www.svalbard.fr\/actualites\/wp-json\/wp\/v2\/posts\/1879\/revisions"}],"predecessor-version":[{"id":1881,"href":"https:\/\/www.svalbard.fr\/actualites\/wp-json\/wp\/v2\/posts\/1879\/revisions\/1881"}],"wp:featuredmedia":[{"embeddable":true,"href":"https:\/\/www.svalbard.fr\/actualites\/wp-json\/wp\/v2\/media\/1880"}],"wp:attachment":[{"href":"https:\/\/www.svalbard.fr\/actualites\/wp-json\/wp\/v2\/media?parent=1879"}],"wp:term":[{"taxonomy":"category","embeddable":true,"href":"https:\/\/www.svalbard.fr\/actualites\/wp-json\/wp\/v2\/categories?post=1879"},{"taxonomy":"post_tag","embeddable":true,"href":"https:\/\/www.svalbard.fr\/actualites\/wp-json\/wp\/v2\/tags?post=1879"}],"curies":[{"name":"wp","href":"https:\/\/api.w.org\/{rel}","templated":true}]}}