{"id":2014,"date":"2024-12-11T16:20:42","date_gmt":"2024-12-11T15:20:42","guid":{"rendered":"https:\/\/www.svalbard.fr\/actualites\/jai-visite-la-ville-la-plus-septentrionale-du-monde-une-loi-etonnante-ma-epoustoufle\/"},"modified":"2024-12-11T16:20:45","modified_gmt":"2024-12-11T15:20:45","slug":"jai-visite-la-ville-la-plus-septentrionale-du-monde-une-loi-etonnante-ma-epoustoufle","status":"publish","type":"post","link":"https:\/\/www.svalbard.fr\/actualites\/jai-visite-la-ville-la-plus-septentrionale-du-monde-une-loi-etonnante-ma-epoustoufle\/","title":{"rendered":"\u00ab\u00a0J&#39;ai visit\u00e9 la ville la plus septentrionale du monde \u2013 une loi \u00e9tonnante m&#39;a \u00e9poustoufl\u00e9\u00a0\u00bb"},"content":{"rendered":"<div>\n<p>En voyageant dans la ville isol\u00e9e de Longyearbyen, au large des c\u00f4tes norv\u00e9giennes, le YouTuber Simon Wilson a \u00e9t\u00e9 \u00e9poustoufl\u00e9 lorsqu&#39;il a d\u00e9couvert une r\u00e8gle \u00e9trange en vigueur dans cette ville glaciale.<\/p>\n<p>Apr\u00e8s avoir fait le voyage jusqu&#39;\u00e0 la ville de Longyearbyen, sur l&#39;\u00eele de Svalbard, depuis son pays de Galles natal, Simon a d\u00e9couvert un certain nombre de bizarreries inhabituelles \u00e0 propos de la \u00ab ville la plus au nord de la plan\u00e8te \u00bb. Cependant, c\u2019est une loi qui d\u00e9clare qu\u2019il est ill\u00e9gal de mourir qui l\u2019a le plus choqu\u00e9.<\/p>\n<p>Essayant d&#39;en savoir plus sur la loi, il s&#39;est entretenu avec un r\u00e9sident local, Marcus, qui a expliqu\u00e9 cette r\u00e8gle particuli\u00e8re et pourquoi elle existe.<\/p>\n<p>Il a d\u00e9clar\u00e9 : \u00ab\u00a0Il n&#39;y a pas de maison de retraite (maison de retraite) et bien s\u00fbr il y a eu des cas de personnes qui sont mortes ici mais en g\u00e9n\u00e9ral, si quelqu&#39;un est trop \u00e2g\u00e9 ou ne peut pas prendre soin d&#39;eux-m\u00eames, il n&#39;est pas autoris\u00e9 \u00e0 \u00eatre sur l&#39;\u00eele. \u00ab\u00a0.<\/p>\n<p>Et Simon l&#39;a interrog\u00e9 plus en d\u00e9tail sur la question, en lui demandant ce qui se passe lorsque les habitants de l&#39;\u00eele atteignent un \u00e2ge avanc\u00e9.<\/p>\n<\/div>\n<div>\n<p>Marcus a expliqu\u00e9 : \u00ab\u00a0(Le gouvernement local) tient un registre indiquant qui a quel \u00e2ge et qui travaille, qui ne travaille pas\u00a0\u00bb <\/p>\n<p>Il a ajout\u00e9 que les habitants commencent g\u00e9n\u00e9ralement \u00e0 quitter l\u2019\u00eele \u00e0 partir de 70 ans.<\/p>\n<p>M\u00eame si la loi peut para\u00eetre bizarre \u00e0 premi\u00e8re vue, le raisonnement est ancr\u00e9 dans des preuves scientifiques s\u00e9culaires, selon Christian Meyer, de l&#39;Universit\u00e9 norv\u00e9gienne des sciences et technologies.<\/p>\n<p>Christian a expliqu\u00e9 l&#39;interdiction en disant : \u00ab La raison en est que le sol gel\u00e9 en permanence aura non seulement tendance \u00e0 emp\u00eacher vos restes enterr\u00e9s de se d\u00e9composer et de les pousser \u00e0 la surface \u2013 il peut \u00e9galement parfaitement pr\u00e9server la maladie qui vous a tu\u00e9, pour que les habitants puissent le faire. reprendre plus tard.\u00a0\u00bb<\/p>\n<\/div>\n<div>\n<p>Il a ajout\u00e9 : \u00ab\u00a0Si vous semblez sur le point d&#39;expirer, tous les efforts seront faits pour vous envoyer sur le continent.\u00a0\u00bb<\/p>\n<p>Bien que la ville soit connue pour ses r\u00e8gles \u00e9tranges concernant la mort, la loi stipule \u00e9galement que quiconque dans la ville doit porter une arme \u00e0 feu.<\/p>\n<p>Selon secretatlas.com : \u00ab\u00a0Depuis 2012, la loi impose \u00e0 toute personne voyageant en dehors d&#39;une colonie de porter une arme \u00e0 feu en raison de la menace pos\u00e9e par les ours polaires.\u00a0\u00bb<\/p>\n<\/p>\n<\/div>\n","protected":false},"excerpt":{"rendered":"<p>En voyageant dans la ville isol\u00e9e de Longyearbyen, au large des c\u00f4tes norv\u00e9giennes, le YouTuber Simon Wilson a \u00e9t\u00e9 \u00e9poustoufl\u00e9 lorsqu&#39;il a d\u00e9couvert une r\u00e8gle<\/p>\n","protected":false},"author":1,"featured_media":2015,"comment_status":"closed","ping_status":"","sticky":false,"template":"","format":"standard","meta":{"footnotes":""},"categories":[1],"tags":[1801,383,1149,276,1938,307,1937,18,103,666],"yoast_head":"<!-- This site is optimized with the Yoast SEO plugin v21.0 - https:\/\/yoast.com\/wordpress\/plugins\/seo\/ -->\n<title>&quot;J&#039;ai visit\u00e9 la ville la plus septentrionale du monde \u2013 une loi \u00e9tonnante m&#039;a \u00e9poustoufl\u00e9&quot;<\/title>\n<meta name=\"robots\" content=\"index, follow, max-snippet:-1, max-image-preview:large, max-video-preview:-1\" \/>\n<link rel=\"canonical\" href=\"https:\/\/www.svalbard.fr\/actualites\/jai-visite-la-ville-la-plus-septentrionale-du-monde-une-loi-etonnante-ma-epoustoufle\/\" \/>\n<meta property=\"og:locale\" content=\"fr_FR\" \/>\n<meta property=\"og:type\" content=\"article\" \/>\n<meta property=\"og:title\" content=\"&quot;J&#039;ai visit\u00e9 la ville la plus septentrionale du monde \u2013 une loi \u00e9tonnante m&#039;a \u00e9poustoufl\u00e9&quot;\" \/>\n<meta property=\"og:description\" content=\"En voyageant dans la ville isol\u00e9e de Longyearbyen, au large des c\u00f4tes norv\u00e9giennes, le YouTuber Simon Wilson a \u00e9t\u00e9 \u00e9poustoufl\u00e9 lorsqu&#039;il a d\u00e9couvert une r\u00e8gle\" \/>\n<meta property=\"og:url\" content=\"https:\/\/www.svalbard.fr\/actualites\/jai-visite-la-ville-la-plus-septentrionale-du-monde-une-loi-etonnante-ma-epoustoufle\/\" \/>\n<meta property=\"og:site_name\" content=\"www.Svalbard.fr\" \/>\n<meta property=\"article:published_time\" content=\"2024-12-11T15:20:42+00:00\" \/>\n<meta property=\"article:modified_time\" content=\"2024-12-11T15:20:45+00:00\" \/>\n<meta property=\"og:image\" content=\"https:\/\/www.svalbard.fr\/actualites\/wp-content\/uploads\/2024\/12\/J39ai-visite-la-ville-la-plus-septentrionale-du-monde-\u2013.jpg\" \/>\n\t<meta property=\"og:image:width\" content=\"1200\" \/>\n\t<meta property=\"og:image:height\" content=\"630\" \/>\n\t<meta property=\"og:image:type\" content=\"image\/jpeg\" \/>\n<meta name=\"author\" content=\"Hilmar\" \/>\n<meta name=\"twitter:card\" content=\"summary_large_image\" \/>\n<meta name=\"twitter:label1\" content=\"\u00c9crit par\" \/>\n\t<meta name=\"twitter:data1\" content=\"Hilmar\" \/>\n\t<meta name=\"twitter:label2\" content=\"Dur\u00e9e de lecture estim\u00e9e\" \/>\n\t<meta name=\"twitter:data2\" content=\"2 minutes\" \/>\n<script type=\"application\/ld+json\" class=\"yoast-schema-graph\">{\"@context\":\"https:\/\/schema.org\",\"@graph\":[{\"@type\":\"Article\",\"@id\":\"https:\/\/www.svalbard.fr\/actualites\/jai-visite-la-ville-la-plus-septentrionale-du-monde-une-loi-etonnante-ma-epoustoufle\/#article\",\"isPartOf\":{\"@id\":\"https:\/\/www.svalbard.fr\/actualites\/jai-visite-la-ville-la-plus-septentrionale-du-monde-une-loi-etonnante-ma-epoustoufle\/\"},\"author\":{\"name\":\"Hilmar\",\"@id\":\"https:\/\/www.svalbard.fr\/actualites\/#\/schema\/person\/a2f937d5712222366738fae98755c600\"},\"headline\":\"\u00ab\u00a0J&#39;ai visit\u00e9 la ville la plus septentrionale du monde \u2013 une loi \u00e9tonnante m&#39;a \u00e9poustoufl\u00e9\u00a0\u00bb\",\"datePublished\":\"2024-12-11T15:20:42+00:00\",\"dateModified\":\"2024-12-11T15:20:45+00:00\",\"mainEntityOfPage\":{\"@id\":\"https:\/\/www.svalbard.fr\/actualites\/jai-visite-la-ville-la-plus-septentrionale-du-monde-une-loi-etonnante-ma-epoustoufle\/\"},\"wordCount\":450,\"publisher\":{\"@id\":\"https:\/\/www.svalbard.fr\/actualites\/#organization\"},\"keywords\":[\"\u00e9poustoufl\u00e9\",\"\u00e9tonnante\",\"J39ai\",\"loi\",\"m39a\",\"monde\",\"septentrionale\",\"Une\",\"ville\",\"visite\"],\"articleSection\":[\"Svalbard\"],\"inLanguage\":\"fr-FR\"},{\"@type\":\"WebPage\",\"@id\":\"https:\/\/www.svalbard.fr\/actualites\/jai-visite-la-ville-la-plus-septentrionale-du-monde-une-loi-etonnante-ma-epoustoufle\/\",\"url\":\"https:\/\/www.svalbard.fr\/actualites\/jai-visite-la-ville-la-plus-septentrionale-du-monde-une-loi-etonnante-ma-epoustoufle\/\",\"name\":\"\\\"J&#39;ai visit\u00e9 la ville la plus septentrionale du monde \u2013 une loi \u00e9tonnante m&#39;a \u00e9poustoufl\u00e9\\\"\",\"isPartOf\":{\"@id\":\"https:\/\/www.svalbard.fr\/actualites\/#website\"},\"datePublished\":\"2024-12-11T15:20:42+00:00\",\"dateModified\":\"2024-12-11T15:20:45+00:00\",\"breadcrumb\":{\"@id\":\"https:\/\/www.svalbard.fr\/actualites\/jai-visite-la-ville-la-plus-septentrionale-du-monde-une-loi-etonnante-ma-epoustoufle\/#breadcrumb\"},\"inLanguage\":\"fr-FR\",\"potentialAction\":[{\"@type\":\"ReadAction\",\"target\":[\"https:\/\/www.svalbard.fr\/actualites\/jai-visite-la-ville-la-plus-septentrionale-du-monde-une-loi-etonnante-ma-epoustoufle\/\"]}]},{\"@type\":\"BreadcrumbList\",\"@id\":\"https:\/\/www.svalbard.fr\/actualites\/jai-visite-la-ville-la-plus-septentrionale-du-monde-une-loi-etonnante-ma-epoustoufle\/#breadcrumb\",\"itemListElement\":[{\"@type\":\"ListItem\",\"position\":1,\"name\":\"Accueil\",\"item\":\"https:\/\/www.svalbard.fr\/actualites\/\"},{\"@type\":\"ListItem\",\"position\":2,\"name\":\"\u00ab\u00a0J&#39;ai visit\u00e9 la ville la plus septentrionale du monde \u2013 une loi \u00e9tonnante m&#39;a \u00e9poustoufl\u00e9\u00a0\u00bb\"}]},{\"@type\":\"WebSite\",\"@id\":\"https:\/\/www.svalbard.fr\/actualites\/#website\",\"url\":\"https:\/\/www.svalbard.fr\/actualites\/\",\"name\":\"www.Svalbard.fr\",\"description\":\"\",\"publisher\":{\"@id\":\"https:\/\/www.svalbard.fr\/actualites\/#organization\"},\"potentialAction\":[{\"@type\":\"SearchAction\",\"target\":{\"@type\":\"EntryPoint\",\"urlTemplate\":\"https:\/\/www.svalbard.fr\/actualites\/?s={search_term_string}\"},\"query-input\":\"required name=search_term_string\"}],\"inLanguage\":\"fr-FR\"},{\"@type\":\"Organization\",\"@id\":\"https:\/\/www.svalbard.fr\/actualites\/#organization\",\"name\":\"www.Svalbard.fr\",\"url\":\"https:\/\/www.svalbard.fr\/actualites\/\",\"logo\":{\"@type\":\"ImageObject\",\"inLanguage\":\"fr-FR\",\"@id\":\"https:\/\/www.svalbard.fr\/actualites\/#\/schema\/logo\/image\/\",\"url\":\"https:\/\/www.svalbard.fr\/actualites\/wp-content\/uploads\/2023\/09\/head-nom.jpg\",\"contentUrl\":\"https:\/\/www.svalbard.fr\/actualites\/wp-content\/uploads\/2023\/09\/head-nom.jpg\",\"width\":264,\"height\":35,\"caption\":\"www.Svalbard.fr\"},\"image\":{\"@id\":\"https:\/\/www.svalbard.fr\/actualites\/#\/schema\/logo\/image\/\"}},{\"@type\":\"Person\",\"@id\":\"https:\/\/www.svalbard.fr\/actualites\/#\/schema\/person\/a2f937d5712222366738fae98755c600\",\"name\":\"Hilmar\",\"image\":{\"@type\":\"ImageObject\",\"inLanguage\":\"fr-FR\",\"@id\":\"https:\/\/www.svalbard.fr\/actualites\/#\/schema\/person\/image\/\",\"url\":\"https:\/\/secure.gravatar.com\/avatar\/4daa437093476dbc32da415c112b6512?s=96&d=mm&r=g\",\"contentUrl\":\"https:\/\/secure.gravatar.com\/avatar\/4daa437093476dbc32da415c112b6512?s=96&d=mm&r=g\",\"caption\":\"Hilmar\"},\"description\":\"Hilmar est un passionn\u00e9 des r\u00e9gions polaires, sp\u00e9cialis\u00e9 dans la r\u00e9daction d'articles sur le Spitzberg et autres destinations arctiques. Il apporte son expertise et sa passion pour l'Arctique au sein de l'\u00e9quipe de r\u00e9daction de Svalbard depuis de nombreuses ann\u00e9es.\",\"sameAs\":[\"https:\/\/www.svalbard.fr\/\"]}]}<\/script>\n<!-- \/ Yoast SEO plugin. -->","yoast_head_json":{"title":"\"J&#39;ai visit\u00e9 la ville la plus septentrionale du monde \u2013 une loi \u00e9tonnante m&#39;a \u00e9poustoufl\u00e9\"","robots":{"index":"index","follow":"follow","max-snippet":"max-snippet:-1","max-image-preview":"max-image-preview:large","max-video-preview":"max-video-preview:-1"},"canonical":"https:\/\/www.svalbard.fr\/actualites\/jai-visite-la-ville-la-plus-septentrionale-du-monde-une-loi-etonnante-ma-epoustoufle\/","og_locale":"fr_FR","og_type":"article","og_title":"\"J&#39;ai visit\u00e9 la ville la plus septentrionale du monde \u2013 une loi \u00e9tonnante m&#39;a \u00e9poustoufl\u00e9\"","og_description":"En voyageant dans la ville isol\u00e9e de Longyearbyen, au large des c\u00f4tes norv\u00e9giennes, le YouTuber Simon Wilson a \u00e9t\u00e9 \u00e9poustoufl\u00e9 lorsqu&#39;il a d\u00e9couvert une r\u00e8gle","og_url":"https:\/\/www.svalbard.fr\/actualites\/jai-visite-la-ville-la-plus-septentrionale-du-monde-une-loi-etonnante-ma-epoustoufle\/","og_site_name":"www.Svalbard.fr","article_published_time":"2024-12-11T15:20:42+00:00","article_modified_time":"2024-12-11T15:20:45+00:00","og_image":[{"width":1200,"height":630,"url":"https:\/\/www.svalbard.fr\/actualites\/wp-content\/uploads\/2024\/12\/J39ai-visite-la-ville-la-plus-septentrionale-du-monde-\u2013.jpg","type":"image\/jpeg"}],"author":"Hilmar","twitter_card":"summary_large_image","twitter_misc":{"\u00c9crit par":"Hilmar","Dur\u00e9e de lecture estim\u00e9e":"2 minutes"},"schema":{"@context":"https:\/\/schema.org","@graph":[{"@type":"Article","@id":"https:\/\/www.svalbard.fr\/actualites\/jai-visite-la-ville-la-plus-septentrionale-du-monde-une-loi-etonnante-ma-epoustoufle\/#article","isPartOf":{"@id":"https:\/\/www.svalbard.fr\/actualites\/jai-visite-la-ville-la-plus-septentrionale-du-monde-une-loi-etonnante-ma-epoustoufle\/"},"author":{"name":"Hilmar","@id":"https:\/\/www.svalbard.fr\/actualites\/#\/schema\/person\/a2f937d5712222366738fae98755c600"},"headline":"\u00ab\u00a0J&#39;ai visit\u00e9 la ville la plus septentrionale du monde \u2013 une loi \u00e9tonnante m&#39;a \u00e9poustoufl\u00e9\u00a0\u00bb","datePublished":"2024-12-11T15:20:42+00:00","dateModified":"2024-12-11T15:20:45+00:00","mainEntityOfPage":{"@id":"https:\/\/www.svalbard.fr\/actualites\/jai-visite-la-ville-la-plus-septentrionale-du-monde-une-loi-etonnante-ma-epoustoufle\/"},"wordCount":450,"publisher":{"@id":"https:\/\/www.svalbard.fr\/actualites\/#organization"},"keywords":["\u00e9poustoufl\u00e9","\u00e9tonnante","J39ai","loi","m39a","monde","septentrionale","Une","ville","visite"],"articleSection":["Svalbard"],"inLanguage":"fr-FR"},{"@type":"WebPage","@id":"https:\/\/www.svalbard.fr\/actualites\/jai-visite-la-ville-la-plus-septentrionale-du-monde-une-loi-etonnante-ma-epoustoufle\/","url":"https:\/\/www.svalbard.fr\/actualites\/jai-visite-la-ville-la-plus-septentrionale-du-monde-une-loi-etonnante-ma-epoustoufle\/","name":"\"J&#39;ai visit\u00e9 la ville la plus septentrionale du monde \u2013 une loi \u00e9tonnante m&#39;a \u00e9poustoufl\u00e9\"","isPartOf":{"@id":"https:\/\/www.svalbard.fr\/actualites\/#website"},"datePublished":"2024-12-11T15:20:42+00:00","dateModified":"2024-12-11T15:20:45+00:00","breadcrumb":{"@id":"https:\/\/www.svalbard.fr\/actualites\/jai-visite-la-ville-la-plus-septentrionale-du-monde-une-loi-etonnante-ma-epoustoufle\/#breadcrumb"},"inLanguage":"fr-FR","potentialAction":[{"@type":"ReadAction","target":["https:\/\/www.svalbard.fr\/actualites\/jai-visite-la-ville-la-plus-septentrionale-du-monde-une-loi-etonnante-ma-epoustoufle\/"]}]},{"@type":"BreadcrumbList","@id":"https:\/\/www.svalbard.fr\/actualites\/jai-visite-la-ville-la-plus-septentrionale-du-monde-une-loi-etonnante-ma-epoustoufle\/#breadcrumb","itemListElement":[{"@type":"ListItem","position":1,"name":"Accueil","item":"https:\/\/www.svalbard.fr\/actualites\/"},{"@type":"ListItem","position":2,"name":"\u00ab\u00a0J&#39;ai visit\u00e9 la ville la plus septentrionale du monde \u2013 une loi \u00e9tonnante m&#39;a \u00e9poustoufl\u00e9\u00a0\u00bb"}]},{"@type":"WebSite","@id":"https:\/\/www.svalbard.fr\/actualites\/#website","url":"https:\/\/www.svalbard.fr\/actualites\/","name":"www.Svalbard.fr","description":"","publisher":{"@id":"https:\/\/www.svalbard.fr\/actualites\/#organization"},"potentialAction":[{"@type":"SearchAction","target":{"@type":"EntryPoint","urlTemplate":"https:\/\/www.svalbard.fr\/actualites\/?s={search_term_string}"},"query-input":"required name=search_term_string"}],"inLanguage":"fr-FR"},{"@type":"Organization","@id":"https:\/\/www.svalbard.fr\/actualites\/#organization","name":"www.Svalbard.fr","url":"https:\/\/www.svalbard.fr\/actualites\/","logo":{"@type":"ImageObject","inLanguage":"fr-FR","@id":"https:\/\/www.svalbard.fr\/actualites\/#\/schema\/logo\/image\/","url":"https:\/\/www.svalbard.fr\/actualites\/wp-content\/uploads\/2023\/09\/head-nom.jpg","contentUrl":"https:\/\/www.svalbard.fr\/actualites\/wp-content\/uploads\/2023\/09\/head-nom.jpg","width":264,"height":35,"caption":"www.Svalbard.fr"},"image":{"@id":"https:\/\/www.svalbard.fr\/actualites\/#\/schema\/logo\/image\/"}},{"@type":"Person","@id":"https:\/\/www.svalbard.fr\/actualites\/#\/schema\/person\/a2f937d5712222366738fae98755c600","name":"Hilmar","image":{"@type":"ImageObject","inLanguage":"fr-FR","@id":"https:\/\/www.svalbard.fr\/actualites\/#\/schema\/person\/image\/","url":"https:\/\/secure.gravatar.com\/avatar\/4daa437093476dbc32da415c112b6512?s=96&d=mm&r=g","contentUrl":"https:\/\/secure.gravatar.com\/avatar\/4daa437093476dbc32da415c112b6512?s=96&d=mm&r=g","caption":"Hilmar"},"description":"Hilmar est un passionn\u00e9 des r\u00e9gions polaires, sp\u00e9cialis\u00e9 dans la r\u00e9daction d'articles sur le Spitzberg et autres destinations arctiques. Il apporte son expertise et sa passion pour l'Arctique au sein de l'\u00e9quipe de r\u00e9daction de Svalbard depuis de nombreuses ann\u00e9es.","sameAs":["https:\/\/www.svalbard.fr\/"]}]}},"_links":{"self":[{"href":"https:\/\/www.svalbard.fr\/actualites\/wp-json\/wp\/v2\/posts\/2014"}],"collection":[{"href":"https:\/\/www.svalbard.fr\/actualites\/wp-json\/wp\/v2\/posts"}],"about":[{"href":"https:\/\/www.svalbard.fr\/actualites\/wp-json\/wp\/v2\/types\/post"}],"author":[{"embeddable":true,"href":"https:\/\/www.svalbard.fr\/actualites\/wp-json\/wp\/v2\/users\/1"}],"replies":[{"embeddable":true,"href":"https:\/\/www.svalbard.fr\/actualites\/wp-json\/wp\/v2\/comments?post=2014"}],"version-history":[{"count":1,"href":"https:\/\/www.svalbard.fr\/actualites\/wp-json\/wp\/v2\/posts\/2014\/revisions"}],"predecessor-version":[{"id":2016,"href":"https:\/\/www.svalbard.fr\/actualites\/wp-json\/wp\/v2\/posts\/2014\/revisions\/2016"}],"wp:featuredmedia":[{"embeddable":true,"href":"https:\/\/www.svalbard.fr\/actualites\/wp-json\/wp\/v2\/media\/2015"}],"wp:attachment":[{"href":"https:\/\/www.svalbard.fr\/actualites\/wp-json\/wp\/v2\/media?parent=2014"}],"wp:term":[{"taxonomy":"category","embeddable":true,"href":"https:\/\/www.svalbard.fr\/actualites\/wp-json\/wp\/v2\/categories?post=2014"},{"taxonomy":"post_tag","embeddable":true,"href":"https:\/\/www.svalbard.fr\/actualites\/wp-json\/wp\/v2\/tags?post=2014"}],"curies":[{"name":"wp","href":"https:\/\/api.w.org\/{rel}","templated":true}]}}