{"id":2075,"date":"2024-12-19T20:20:20","date_gmt":"2024-12-19T19:20:20","guid":{"rendered":"https:\/\/www.svalbard.fr\/actualites\/pourquoi-vous-devez-regarder-la-vie-remarquable-dibelin\/"},"modified":"2024-12-19T20:20:20","modified_gmt":"2024-12-19T19:20:20","slug":"pourquoi-vous-devez-regarder-la-vie-remarquable-dibelin","status":"publish","type":"post","link":"https:\/\/www.svalbard.fr\/actualites\/pourquoi-vous-devez-regarder-la-vie-remarquable-dibelin\/","title":{"rendered":"Pourquoi vous devez regarder \u00ab\u00a0La vie remarquable d&#39;Ibelin\u00a0\u00bb"},"content":{"rendered":"<div itemprop=\"text\">\n\t\t\t<span id=\"dpsp-post-content-markup\" data-image-pin-it=\"false\"><\/span><\/p>\n<p class=\"intro\">ceux de Netflix <em>La vie remarquable d&#39;Ibelin<\/em> est un documentaire \u00e9mouvant et stimulant qui met en lumi\u00e8re un aspect inattendu de la connexion humaine moderne.<\/p>\n<p>R\u00e9alis\u00e9 par Benjamin Ree (<em>Le peintre et le voleur<\/em>), ce film partage l&#39;histoire remarquable de Mats Steen, un jeune joueur norv\u00e9gien d\u00e9c\u00e9d\u00e9 \u00e0 seulement 25 ans de la dystrophie musculaire de Duchenne.<\/p>\n<figure class=\"wp-block-image size-large\"><img data-lazyloaded=\"1\" data-placeholder-resp=\"768x432\" fetchpriority=\"high\" decoding=\"async\" width=\"768\" height=\"432\" src=\"https:\/\/www.svalbard.fr\/actualites\/wp-content\/uploads\/2024\/12\/Pourquoi-vous-devez-regarder-La-vie-remarquable-d39Ibelin.jpg\" alt=\"Capture d&#39;\u00e9cran d&#39;Ibelin.\" class=\"wp-image-82649\"  data-><noscript><img fetchpriority=\"high\" decoding=\"async\" width=\"768\" height=\"432\" src=\"https:\/\/www.svalbard.fr\/actualites\/wp-content\/uploads\/2024\/12\/Pourquoi-vous-devez-regarder-La-vie-remarquable-d39Ibelin.jpg\" alt=\"Capture d&#39;\u00e9cran d&#39;Ibelin.\" class=\"wp-image-82649\"  ><\/noscript><\/figure>\n<p>Pourtant, au cours de sa courte vie, Mats a eu un impact profond et durable gr\u00e2ce \u00e0 sa pr\u00e9sence num\u00e9rique dans l&#39;ar\u00e8ne des jeux de r\u00f4le en ligne,<em> Monde de Warcraft<\/em> (Ouah).<\/p>\n<p>Ayant r\u00e9cemment regard\u00e9 le film, j&#39;ai \u00e9t\u00e9 ravi de d\u00e9couvrir qu&#39;il avait \u00e9t\u00e9 s\u00e9lectionn\u00e9 pour la cat\u00e9gorie Long m\u00e9trage documentaire aux Oscars. M\u00eame s&#39;il ne fait pas partie de la s\u00e9lection finale des nominations aux Oscars, c&#39;est n\u00e9anmoins une grande r\u00e9ussite.<\/p>\n<h2 class=\"wp-block-heading\">Une vie au-del\u00e0 de l&#39;\u00e9cran<\/h2>\n<p>Pendant une grande partie de la vie de Mats Steen, ses parents consid\u00e9raient son jeu comme une exp\u00e9rience isolante. Ils pensaient que le temps pass\u00e9 devant un \u00e9cran rempla\u00e7ait les interactions sociales r\u00e9elles.<\/p>\n<p>Mats, cependant, menait une vie parall\u00e8le <em>S\u00e9quoia d&#39;Ibelin<\/em> \u2013 son avatar charismatique aux cheveux roux dans WoW. Lorsque Mats est d\u00e9c\u00e9d\u00e9 en 2014, sa famille a \u00e9t\u00e9 stup\u00e9faite de recevoir une avalanche de messages d&#39;amis du monde entier qui l&#39;avaient connu sous le nom d&#39;Ibelin.<\/p>\n<p>Pour ces amis, Mats \u00e9tait une source de gentillesse, d\u2019humour et de sagesse. C&#39;\u00e9tait un h\u00e9ros, un ami et quelqu&#39;un qui a laiss\u00e9 une marque tangible dans leur vie.<\/p>\n<p>Cette r\u00e9v\u00e9lation a transform\u00e9 la fa\u00e7on dont la famille de Mats le voyait. L\u00e0 o\u00f9 ils percevaient autrefois la solitude, ils voyaient d\u00e9sormais une communaut\u00e9. L\u00e0 o\u00f9 ils imaginaient l\u2019isolement, il y avait une connexion.<\/p>\n<p>\u00ab\u00a0Nous avons pleur\u00e9 et pleur\u00e9 \u00e0 cause d&#39;une joie \u00e9motionnelle intense qui venait de voir quel genre de vie Mats avait r\u00e9ellement v\u00e9cu\u00a0\u00bb, ont d\u00e9clar\u00e9 ses parents. \u00abAvec de vrais amis, des amoureux, des gens qui se souciaient tellement qu&#39;ils prenaient l&#39;avion d&#39;un autre pays pour assister aux fun\u00e9railles de quelqu&#39;un qu&#39;ils n&#39;avaient jamais rencontr\u00e9. C\u2019\u00e9tait puissant.<\/p>\n<p>Cette d\u00e9couverte est au c\u0153ur de <em>La vie remarquable d&#39;Ibelin<\/em>: le pouvoir des liens humains, quelle que soit la mani\u00e8re dont ils se nouent.<\/p>\n<h2 class=\"wp-block-heading\">L&#39;animation\u00a0: un outil de narration puissant<\/h2>\n<p>Ce qui distingue ce documentaire, c&#39;est son utilisation de l&#39;animation. Plut\u00f4t que de s&#39;appuyer uniquement sur des s\u00e9quences vid\u00e9o traditionnelles, Ree et son \u00e9quipe transposent la vie virtuelle de Mats \u00e0 l&#39;\u00e9cran en recr\u00e9ant des sc\u00e8nes \u00e0 l&#39;int\u00e9rieur. <em>Monde de Warcraft<\/em>.<\/p>\n<p>Ces s\u00e9quences anim\u00e9es permettent aux spectateurs de p\u00e9n\u00e9trer dans le monde o\u00f9 Mats a r\u00e9ellement v\u00e9cu. Nous voyons Ibelin se lancer dans des aventures, nouer des amiti\u00e9s et vivre la vie d&#39;une mani\u00e8re qui transcende ses limites physiques.<\/p>\n<p>Les visuels sont immersifs et respectueux, offrant une alternative puissante aux vid\u00e9os personnelles granuleuses souvent utilis\u00e9es dans les documentaires. C&#39;est plus r\u00e9el que vous ne le pensez, car tout est bas\u00e9 sur des transcriptions et des enregistrements des archives de WoW. C&#39;est la vie que Mats a v\u00e9cue.<\/p>\n<p>En tant que spectateur, le monde anim\u00e9 cr\u00e9e un lien \u00e9motionnel avec les exp\u00e9riences num\u00e9riques de Mats. Il ne s\u2019agit pas seulement de regarder une vie v\u00e9cue en ligne. Cela aide le spectateur \u00e0 comprendre comment cette vie lui a apport\u00e9 de la joie, un but et des relations qui comptaient profond\u00e9ment.<\/p>\n<p>Comme Mats l&#39;a \u00e9crit un jour sur son blog : \u00ab Ce n&#39;est pas un \u00e9cran. C&#39;est une porte d&#39;entr\u00e9e vers tout ce que votre c\u0153ur d\u00e9sire.<\/p>\n<h2 class=\"wp-block-heading\">Un message plus large : Internet en tant que communaut\u00e9<\/h2>\n<p>Dans le monde d\u2019aujourd\u2019hui, Internet est souvent critiqu\u00e9 parce qu\u2019il favorise l\u2019isolement, la d\u00e9connexion et la toxicit\u00e9. <em>La vie remarquable d&#39;Ibelin<\/em> remet en question ce r\u00e9cit.<\/p>\n<p>L&#39;histoire de Mats nous rappelle que le monde en ligne peut \u00eatre un lieu de connexion humaine profonde, o\u00f9 les gens trouvent l&#39;acceptation, l&#39;amiti\u00e9 et un but.<\/p>\n<p>Les relations en ligne de Mats n&#39;\u00e9taient pas moins r\u00e9elles que les amiti\u00e9s en face-\u00e0-face. \u00c0 bien des \u00e9gards, ils lui ont permis d\u2019\u00eatre lui-m\u00eame : gentil, empathique et libre.<\/p>\n<p>Pour ceux qui ne connaissent pas la culture du jeu vid\u00e9o, le film sert \u00e9galement de pont de compr\u00e9hension. Il montre \u00e0 quel point les jeux aiment <em>Monde de Warcraft<\/em> offrir plus que de l&#39;\u00e9vasion\u00a0; ils offrent des espaces de communaut\u00e9, de cr\u00e9ativit\u00e9 et de soutien \u00e9motionnel.<\/p>\n<h2 class=\"wp-block-heading\">Une histoire universelle d\u2019impact et d\u2019h\u00e9ritage<\/h2>\n<p>La plus grande force du film r\u00e9side dans sa r\u00e9sonance \u00e9motionnelle. L&#39;histoire de Mats parle de quelque chose d&#39;universel : le d\u00e9sir de faire une diff\u00e9rence dans la vie des autres.<\/p>\n<p>Que ce soit par de petits actes de gentillesse ou par des amiti\u00e9s profondes et durables, nous avons tous le pouvoir de laisser une marque.<\/p>\n<p>Mats n&#39;a peut-\u00eatre pas pu parcourir le monde, mais gr\u00e2ce \u00e0 WoW, il a touch\u00e9 des vies \u00e0 travers les continents. Comme l\u2019un de ses amis l\u2019a dit lors de ses fun\u00e9railles : \u00ab Merci de faire une diff\u00e9rence. \u00bb C&#39;est un sentiment que nous esp\u00e9rons tous entendre un jour.<\/p>\n<h2 class=\"wp-block-heading\">Pourquoi devriez-vous regarder <em>Ibelin<\/em><\/h2>\n<p>Si vous recherchez un documentaire qui vous fera pleurer et vous fera r\u00e9fl\u00e9chir sur la nature de la connexion humaine, <em>La vie remarquable d&#39;Ibelin<\/em> est un incontournable.<\/p>\n<p>Pour ceux d&#39;entre nous qui vivent \u00e0 l&#39;\u00e8re num\u00e9rique, l&#39;histoire de Mats sert \u00e0 la fois de rappel et d&#39;inspiration : la connexion est toujours possible, quelles que soient les fronti\u00e8res g\u00e9ographiques, physiques ou de perception.<\/p>\n<p>La combinaison d&#39;interviews sinc\u00e8res, des propres mots de Mats sur son blog et d&#39;une animation \u00e9poustouflante cr\u00e9e un hommage durable \u00e0 un jeune homme qui a v\u00e9cu pleinement sa vie, m\u00eame dans les limites de sa condition.<\/p>\n<\/p><\/div>\n","protected":false},"excerpt":{"rendered":"<p>ceux de Netflix La vie remarquable d&#39;Ibelin est un documentaire \u00e9mouvant et stimulant qui met en lumi\u00e8re un aspect inattendu de la connexion humaine moderne.<\/p>\n","protected":false},"author":1,"featured_media":2076,"comment_status":"","ping_status":"","sticky":false,"template":"","format":"standard","meta":{"footnotes":""},"categories":[1],"tags":[1957,997,284,1956,354,177,270],"yoast_head":"<!-- This site is optimized with the Yoast SEO plugin v21.0 - https:\/\/yoast.com\/wordpress\/plugins\/seo\/ -->\n<title>Pourquoi vous devez regarder &quot;La vie remarquable d&#039;Ibelin&quot;<\/title>\n<meta name=\"robots\" content=\"index, follow, max-snippet:-1, max-image-preview:large, max-video-preview:-1\" \/>\n<link rel=\"canonical\" href=\"https:\/\/www.svalbard.fr\/actualites\/pourquoi-vous-devez-regarder-la-vie-remarquable-dibelin\/\" \/>\n<meta property=\"og:locale\" content=\"fr_FR\" \/>\n<meta property=\"og:type\" content=\"article\" \/>\n<meta property=\"og:title\" content=\"Pourquoi vous devez regarder &quot;La vie remarquable d&#039;Ibelin&quot;\" \/>\n<meta property=\"og:description\" content=\"ceux de Netflix La vie remarquable d&#039;Ibelin est un documentaire \u00e9mouvant et stimulant qui met en lumi\u00e8re un aspect inattendu de la connexion humaine moderne.\" \/>\n<meta property=\"og:url\" content=\"https:\/\/www.svalbard.fr\/actualites\/pourquoi-vous-devez-regarder-la-vie-remarquable-dibelin\/\" \/>\n<meta property=\"og:site_name\" content=\"www.Svalbard.fr\" \/>\n<meta property=\"article:published_time\" content=\"2024-12-19T19:20:20+00:00\" \/>\n<meta property=\"og:image\" content=\"https:\/\/www.svalbard.fr\/actualites\/wp-content\/uploads\/2024\/12\/Pourquoi-vous-devez-regarder-La-vie-remarquable-d39Ibelin.jpg\" \/>\n<meta name=\"author\" content=\"Hilmar\" \/>\n<meta name=\"twitter:card\" content=\"summary_large_image\" \/>\n<meta name=\"twitter:label1\" content=\"\u00c9crit par\" \/>\n\t<meta name=\"twitter:data1\" content=\"Hilmar\" \/>\n\t<meta name=\"twitter:label2\" content=\"Dur\u00e9e de lecture estim\u00e9e\" \/>\n\t<meta name=\"twitter:data2\" content=\"5 minutes\" \/>\n<script type=\"application\/ld+json\" class=\"yoast-schema-graph\">{\"@context\":\"https:\/\/schema.org\",\"@graph\":[{\"@type\":\"Article\",\"@id\":\"https:\/\/www.svalbard.fr\/actualites\/pourquoi-vous-devez-regarder-la-vie-remarquable-dibelin\/#article\",\"isPartOf\":{\"@id\":\"https:\/\/www.svalbard.fr\/actualites\/pourquoi-vous-devez-regarder-la-vie-remarquable-dibelin\/\"},\"author\":{\"name\":\"Hilmar\",\"@id\":\"https:\/\/www.svalbard.fr\/actualites\/#\/schema\/person\/a2f937d5712222366738fae98755c600\"},\"headline\":\"Pourquoi vous devez regarder \u00ab\u00a0La vie remarquable d&#39;Ibelin\u00a0\u00bb\",\"datePublished\":\"2024-12-19T19:20:20+00:00\",\"dateModified\":\"2024-12-19T19:20:20+00:00\",\"mainEntityOfPage\":{\"@id\":\"https:\/\/www.svalbard.fr\/actualites\/pourquoi-vous-devez-regarder-la-vie-remarquable-dibelin\/\"},\"wordCount\":1070,\"publisher\":{\"@id\":\"https:\/\/www.svalbard.fr\/actualites\/#organization\"},\"keywords\":[\"d39Ibelin\",\"devez\",\"pourquoi\",\"regarder\",\"remarquable\",\"vie\",\"vous\"],\"articleSection\":[\"Svalbard\"],\"inLanguage\":\"fr-FR\"},{\"@type\":\"WebPage\",\"@id\":\"https:\/\/www.svalbard.fr\/actualites\/pourquoi-vous-devez-regarder-la-vie-remarquable-dibelin\/\",\"url\":\"https:\/\/www.svalbard.fr\/actualites\/pourquoi-vous-devez-regarder-la-vie-remarquable-dibelin\/\",\"name\":\"Pourquoi vous devez regarder \\\"La vie remarquable d&#39;Ibelin\\\"\",\"isPartOf\":{\"@id\":\"https:\/\/www.svalbard.fr\/actualites\/#website\"},\"datePublished\":\"2024-12-19T19:20:20+00:00\",\"dateModified\":\"2024-12-19T19:20:20+00:00\",\"breadcrumb\":{\"@id\":\"https:\/\/www.svalbard.fr\/actualites\/pourquoi-vous-devez-regarder-la-vie-remarquable-dibelin\/#breadcrumb\"},\"inLanguage\":\"fr-FR\",\"potentialAction\":[{\"@type\":\"ReadAction\",\"target\":[\"https:\/\/www.svalbard.fr\/actualites\/pourquoi-vous-devez-regarder-la-vie-remarquable-dibelin\/\"]}]},{\"@type\":\"BreadcrumbList\",\"@id\":\"https:\/\/www.svalbard.fr\/actualites\/pourquoi-vous-devez-regarder-la-vie-remarquable-dibelin\/#breadcrumb\",\"itemListElement\":[{\"@type\":\"ListItem\",\"position\":1,\"name\":\"Accueil\",\"item\":\"https:\/\/www.svalbard.fr\/actualites\/\"},{\"@type\":\"ListItem\",\"position\":2,\"name\":\"Pourquoi vous devez regarder \u00ab\u00a0La vie remarquable d&#39;Ibelin\u00a0\u00bb\"}]},{\"@type\":\"WebSite\",\"@id\":\"https:\/\/www.svalbard.fr\/actualites\/#website\",\"url\":\"https:\/\/www.svalbard.fr\/actualites\/\",\"name\":\"www.Svalbard.fr\",\"description\":\"\",\"publisher\":{\"@id\":\"https:\/\/www.svalbard.fr\/actualites\/#organization\"},\"potentialAction\":[{\"@type\":\"SearchAction\",\"target\":{\"@type\":\"EntryPoint\",\"urlTemplate\":\"https:\/\/www.svalbard.fr\/actualites\/?s={search_term_string}\"},\"query-input\":\"required name=search_term_string\"}],\"inLanguage\":\"fr-FR\"},{\"@type\":\"Organization\",\"@id\":\"https:\/\/www.svalbard.fr\/actualites\/#organization\",\"name\":\"www.Svalbard.fr\",\"url\":\"https:\/\/www.svalbard.fr\/actualites\/\",\"logo\":{\"@type\":\"ImageObject\",\"inLanguage\":\"fr-FR\",\"@id\":\"https:\/\/www.svalbard.fr\/actualites\/#\/schema\/logo\/image\/\",\"url\":\"https:\/\/www.svalbard.fr\/actualites\/wp-content\/uploads\/2023\/09\/head-nom.jpg\",\"contentUrl\":\"https:\/\/www.svalbard.fr\/actualites\/wp-content\/uploads\/2023\/09\/head-nom.jpg\",\"width\":264,\"height\":35,\"caption\":\"www.Svalbard.fr\"},\"image\":{\"@id\":\"https:\/\/www.svalbard.fr\/actualites\/#\/schema\/logo\/image\/\"}},{\"@type\":\"Person\",\"@id\":\"https:\/\/www.svalbard.fr\/actualites\/#\/schema\/person\/a2f937d5712222366738fae98755c600\",\"name\":\"Hilmar\",\"image\":{\"@type\":\"ImageObject\",\"inLanguage\":\"fr-FR\",\"@id\":\"https:\/\/www.svalbard.fr\/actualites\/#\/schema\/person\/image\/\",\"url\":\"https:\/\/secure.gravatar.com\/avatar\/4daa437093476dbc32da415c112b6512?s=96&d=mm&r=g\",\"contentUrl\":\"https:\/\/secure.gravatar.com\/avatar\/4daa437093476dbc32da415c112b6512?s=96&d=mm&r=g\",\"caption\":\"Hilmar\"},\"description\":\"Hilmar est un passionn\u00e9 des r\u00e9gions polaires, sp\u00e9cialis\u00e9 dans la r\u00e9daction d'articles sur le Spitzberg et autres destinations arctiques. Il apporte son expertise et sa passion pour l'Arctique au sein de l'\u00e9quipe de r\u00e9daction de Svalbard depuis de nombreuses ann\u00e9es.\",\"sameAs\":[\"https:\/\/www.svalbard.fr\/\"]}]}<\/script>\n<!-- \/ Yoast SEO plugin. -->","yoast_head_json":{"title":"Pourquoi vous devez regarder \"La vie remarquable d&#39;Ibelin\"","robots":{"index":"index","follow":"follow","max-snippet":"max-snippet:-1","max-image-preview":"max-image-preview:large","max-video-preview":"max-video-preview:-1"},"canonical":"https:\/\/www.svalbard.fr\/actualites\/pourquoi-vous-devez-regarder-la-vie-remarquable-dibelin\/","og_locale":"fr_FR","og_type":"article","og_title":"Pourquoi vous devez regarder \"La vie remarquable d&#39;Ibelin\"","og_description":"ceux de Netflix La vie remarquable d&#39;Ibelin est un documentaire \u00e9mouvant et stimulant qui met en lumi\u00e8re un aspect inattendu de la connexion humaine moderne.","og_url":"https:\/\/www.svalbard.fr\/actualites\/pourquoi-vous-devez-regarder-la-vie-remarquable-dibelin\/","og_site_name":"www.Svalbard.fr","article_published_time":"2024-12-19T19:20:20+00:00","og_image":[{"url":"https:\/\/www.svalbard.fr\/actualites\/wp-content\/uploads\/2024\/12\/Pourquoi-vous-devez-regarder-La-vie-remarquable-d39Ibelin.jpg"}],"author":"Hilmar","twitter_card":"summary_large_image","twitter_misc":{"\u00c9crit par":"Hilmar","Dur\u00e9e de lecture estim\u00e9e":"5 minutes"},"schema":{"@context":"https:\/\/schema.org","@graph":[{"@type":"Article","@id":"https:\/\/www.svalbard.fr\/actualites\/pourquoi-vous-devez-regarder-la-vie-remarquable-dibelin\/#article","isPartOf":{"@id":"https:\/\/www.svalbard.fr\/actualites\/pourquoi-vous-devez-regarder-la-vie-remarquable-dibelin\/"},"author":{"name":"Hilmar","@id":"https:\/\/www.svalbard.fr\/actualites\/#\/schema\/person\/a2f937d5712222366738fae98755c600"},"headline":"Pourquoi vous devez regarder \u00ab\u00a0La vie remarquable d&#39;Ibelin\u00a0\u00bb","datePublished":"2024-12-19T19:20:20+00:00","dateModified":"2024-12-19T19:20:20+00:00","mainEntityOfPage":{"@id":"https:\/\/www.svalbard.fr\/actualites\/pourquoi-vous-devez-regarder-la-vie-remarquable-dibelin\/"},"wordCount":1070,"publisher":{"@id":"https:\/\/www.svalbard.fr\/actualites\/#organization"},"keywords":["d39Ibelin","devez","pourquoi","regarder","remarquable","vie","vous"],"articleSection":["Svalbard"],"inLanguage":"fr-FR"},{"@type":"WebPage","@id":"https:\/\/www.svalbard.fr\/actualites\/pourquoi-vous-devez-regarder-la-vie-remarquable-dibelin\/","url":"https:\/\/www.svalbard.fr\/actualites\/pourquoi-vous-devez-regarder-la-vie-remarquable-dibelin\/","name":"Pourquoi vous devez regarder \"La vie remarquable d&#39;Ibelin\"","isPartOf":{"@id":"https:\/\/www.svalbard.fr\/actualites\/#website"},"datePublished":"2024-12-19T19:20:20+00:00","dateModified":"2024-12-19T19:20:20+00:00","breadcrumb":{"@id":"https:\/\/www.svalbard.fr\/actualites\/pourquoi-vous-devez-regarder-la-vie-remarquable-dibelin\/#breadcrumb"},"inLanguage":"fr-FR","potentialAction":[{"@type":"ReadAction","target":["https:\/\/www.svalbard.fr\/actualites\/pourquoi-vous-devez-regarder-la-vie-remarquable-dibelin\/"]}]},{"@type":"BreadcrumbList","@id":"https:\/\/www.svalbard.fr\/actualites\/pourquoi-vous-devez-regarder-la-vie-remarquable-dibelin\/#breadcrumb","itemListElement":[{"@type":"ListItem","position":1,"name":"Accueil","item":"https:\/\/www.svalbard.fr\/actualites\/"},{"@type":"ListItem","position":2,"name":"Pourquoi vous devez regarder \u00ab\u00a0La vie remarquable d&#39;Ibelin\u00a0\u00bb"}]},{"@type":"WebSite","@id":"https:\/\/www.svalbard.fr\/actualites\/#website","url":"https:\/\/www.svalbard.fr\/actualites\/","name":"www.Svalbard.fr","description":"","publisher":{"@id":"https:\/\/www.svalbard.fr\/actualites\/#organization"},"potentialAction":[{"@type":"SearchAction","target":{"@type":"EntryPoint","urlTemplate":"https:\/\/www.svalbard.fr\/actualites\/?s={search_term_string}"},"query-input":"required name=search_term_string"}],"inLanguage":"fr-FR"},{"@type":"Organization","@id":"https:\/\/www.svalbard.fr\/actualites\/#organization","name":"www.Svalbard.fr","url":"https:\/\/www.svalbard.fr\/actualites\/","logo":{"@type":"ImageObject","inLanguage":"fr-FR","@id":"https:\/\/www.svalbard.fr\/actualites\/#\/schema\/logo\/image\/","url":"https:\/\/www.svalbard.fr\/actualites\/wp-content\/uploads\/2023\/09\/head-nom.jpg","contentUrl":"https:\/\/www.svalbard.fr\/actualites\/wp-content\/uploads\/2023\/09\/head-nom.jpg","width":264,"height":35,"caption":"www.Svalbard.fr"},"image":{"@id":"https:\/\/www.svalbard.fr\/actualites\/#\/schema\/logo\/image\/"}},{"@type":"Person","@id":"https:\/\/www.svalbard.fr\/actualites\/#\/schema\/person\/a2f937d5712222366738fae98755c600","name":"Hilmar","image":{"@type":"ImageObject","inLanguage":"fr-FR","@id":"https:\/\/www.svalbard.fr\/actualites\/#\/schema\/person\/image\/","url":"https:\/\/secure.gravatar.com\/avatar\/4daa437093476dbc32da415c112b6512?s=96&d=mm&r=g","contentUrl":"https:\/\/secure.gravatar.com\/avatar\/4daa437093476dbc32da415c112b6512?s=96&d=mm&r=g","caption":"Hilmar"},"description":"Hilmar est un passionn\u00e9 des r\u00e9gions polaires, sp\u00e9cialis\u00e9 dans la r\u00e9daction d'articles sur le Spitzberg et autres destinations arctiques. Il apporte son expertise et sa passion pour l'Arctique au sein de l'\u00e9quipe de r\u00e9daction de Svalbard depuis de nombreuses ann\u00e9es.","sameAs":["https:\/\/www.svalbard.fr\/"]}]}},"_links":{"self":[{"href":"https:\/\/www.svalbard.fr\/actualites\/wp-json\/wp\/v2\/posts\/2075"}],"collection":[{"href":"https:\/\/www.svalbard.fr\/actualites\/wp-json\/wp\/v2\/posts"}],"about":[{"href":"https:\/\/www.svalbard.fr\/actualites\/wp-json\/wp\/v2\/types\/post"}],"author":[{"embeddable":true,"href":"https:\/\/www.svalbard.fr\/actualites\/wp-json\/wp\/v2\/users\/1"}],"replies":[{"embeddable":true,"href":"https:\/\/www.svalbard.fr\/actualites\/wp-json\/wp\/v2\/comments?post=2075"}],"version-history":[{"count":0,"href":"https:\/\/www.svalbard.fr\/actualites\/wp-json\/wp\/v2\/posts\/2075\/revisions"}],"wp:featuredmedia":[{"embeddable":true,"href":"https:\/\/www.svalbard.fr\/actualites\/wp-json\/wp\/v2\/media\/2076"}],"wp:attachment":[{"href":"https:\/\/www.svalbard.fr\/actualites\/wp-json\/wp\/v2\/media?parent=2075"}],"wp:term":[{"taxonomy":"category","embeddable":true,"href":"https:\/\/www.svalbard.fr\/actualites\/wp-json\/wp\/v2\/categories?post=2075"},{"taxonomy":"post_tag","embeddable":true,"href":"https:\/\/www.svalbard.fr\/actualites\/wp-json\/wp\/v2\/tags?post=2075"}],"curies":[{"name":"wp","href":"https:\/\/api.w.org\/{rel}","templated":true}]}}