{"id":2077,"date":"2024-12-19T22:18:37","date_gmt":"2024-12-19T21:18:37","guid":{"rendered":"https:\/\/www.svalbard.fr\/actualites\/le-pays-deurope-ou-tout-le-monde-cache-son-balai-la-veille-de-noel\/"},"modified":"2024-12-19T22:18:39","modified_gmt":"2024-12-19T21:18:39","slug":"le-pays-deurope-ou-tout-le-monde-cache-son-balai-la-veille-de-noel","status":"publish","type":"post","link":"https:\/\/www.svalbard.fr\/actualites\/le-pays-deurope-ou-tout-le-monde-cache-son-balai-la-veille-de-noel\/","title":{"rendered":"Le pays d&#39;Europe o\u00f9 tout le monde cache son balai la veille de No\u00ebl"},"content":{"rendered":"<div>\n<p>Tandis que le Royaume-Uni orne la chemin\u00e9e de petits p\u00e2t\u00e9s et de carottes la veille de No\u00ebl, un pays europ\u00e9en s&#39;affaire \u00e0 cacher son mat\u00e9riel de nettoyage.<\/p>\n<p>Dans ce pays scandinave, la l\u00e9gende raconte que la veille de No\u00ebl co\u00efncide avec l&#39;arriv\u00e9e des mauvais esprits et des sorci\u00e8res. Il est donc naturel que les appareils de sorcellerie soient \u00e9galement cach\u00e9s.<\/p>\n<p>Dans une tradition qui perdure encore aujourd&#39;hui, les Norv\u00e9giens rangent leurs balais avant de s&#39;endormir afin qu&#39;ils ne puissent pas \u00eatre vol\u00e9s pour une balade qui risque de se r\u00e9veiller avec un carnage le jour de No\u00ebl.  <\/p>\n<p>Dans les versions plus douces de l&#39;histoire, des balais sont plac\u00e9s \u00e0 l&#39;ext\u00e9rieur de la maison au cas o\u00f9 une sorci\u00e8re utile de passage pourrait les utiliser pour aider \u00e0 nettoyer.<\/p>\n<\/div>\n<div>\n<p>Fid\u00e8le au th\u00e8me de la propret\u00e9, une autre tradition nordique consiste \u00e0 cacher tous les ustensiles de nettoyage comme symbole pour rappeler \u00e0 la famille de se reposer du travail et de profiter des vacances.<\/p>\n<\/div>\n<div>\n<p>De nombreux pays ont \u00e9galement leurs propres bizarreries \u00e0 No\u00ebl, comme le Japon, o\u00f9 la dinde est remplac\u00e9e par du KFC et servie dans des seaux sp\u00e9ciaux pour le jour de No\u00ebl.<\/p>\n<p>En raison d&#39;une combinaison de fours japonais compacts qui ne conviendraient pas \u00e0 une dinde g\u00e9ante et de campagnes marketing d\u00e9crivant le poulet frit comme le repas de f\u00eate traditionnel, le Japon organise officiellement un No\u00ebl frit au Kentucky.<\/p>\n<\/div>\n<div>\n<p>C&#39;est une tradition devenue si populaire qu&#39;il faut r\u00e9server des mois \u00e0 l&#39;avance pour garantir une place pour le bon festin qui se l\u00e8che les doigts.<\/p>\n<p>Ailleurs en Europe, au Portugal, les familles r\u00e9servent parfois des places suppl\u00e9mentaires \u00e0 la table \u00e0 manger pour leurs proches d\u00e9c\u00e9d\u00e9s afin d&#39;assurer la bonne fortune \u00e0 l&#39;ensemble du foyer.<\/p>\n<\/div>\n","protected":false},"excerpt":{"rendered":"<p>Tandis que le Royaume-Uni orne la chemin\u00e9e de petits p\u00e2t\u00e9s et de carottes la veille de No\u00ebl, un pays europ\u00e9en s&#39;affaire \u00e0 cacher son mat\u00e9riel<\/p>\n","protected":false},"author":1,"featured_media":2078,"comment_status":"closed","ping_status":"","sticky":false,"template":"","format":"standard","meta":{"footnotes":""},"categories":[1],"tags":[1958,1795,1158,307,204,129,287,193,872,1959],"yoast_head":"<!-- This site is optimized with the Yoast SEO plugin v21.0 - https:\/\/yoast.com\/wordpress\/plugins\/seo\/ -->\n<title>Le pays d&#039;Europe o\u00f9 tout le monde cache son balai la veille de No\u00ebl<\/title>\n<meta name=\"robots\" content=\"index, follow, max-snippet:-1, max-image-preview:large, max-video-preview:-1\" \/>\n<link rel=\"canonical\" href=\"https:\/\/www.svalbard.fr\/actualites\/le-pays-deurope-ou-tout-le-monde-cache-son-balai-la-veille-de-noel\/\" \/>\n<meta property=\"og:locale\" content=\"fr_FR\" \/>\n<meta property=\"og:type\" content=\"article\" \/>\n<meta property=\"og:title\" content=\"Le pays d&#039;Europe o\u00f9 tout le monde cache son balai la veille de No\u00ebl\" \/>\n<meta property=\"og:description\" content=\"Tandis que le Royaume-Uni orne la chemin\u00e9e de petits p\u00e2t\u00e9s et de carottes la veille de No\u00ebl, un pays europ\u00e9en s&#039;affaire \u00e0 cacher son mat\u00e9riel\" \/>\n<meta property=\"og:url\" content=\"https:\/\/www.svalbard.fr\/actualites\/le-pays-deurope-ou-tout-le-monde-cache-son-balai-la-veille-de-noel\/\" \/>\n<meta property=\"og:site_name\" content=\"www.Svalbard.fr\" \/>\n<meta property=\"article:published_time\" content=\"2024-12-19T21:18:37+00:00\" \/>\n<meta property=\"article:modified_time\" content=\"2024-12-19T21:18:39+00:00\" \/>\n<meta property=\"og:image\" content=\"https:\/\/www.svalbard.fr\/actualites\/wp-content\/uploads\/2024\/12\/Le-pays-d39Europe-ou-tout-le-monde-cache-son-balai.jpg\" \/>\n\t<meta property=\"og:image:width\" content=\"1200\" \/>\n\t<meta property=\"og:image:height\" content=\"630\" \/>\n\t<meta property=\"og:image:type\" content=\"image\/jpeg\" \/>\n<meta name=\"author\" content=\"Hilmar\" \/>\n<meta name=\"twitter:card\" content=\"summary_large_image\" \/>\n<meta name=\"twitter:label1\" content=\"\u00c9crit par\" \/>\n\t<meta name=\"twitter:data1\" content=\"Hilmar\" \/>\n\t<meta name=\"twitter:label2\" content=\"Dur\u00e9e de lecture estim\u00e9e\" \/>\n\t<meta name=\"twitter:data2\" content=\"2 minutes\" \/>\n<script type=\"application\/ld+json\" class=\"yoast-schema-graph\">{\"@context\":\"https:\/\/schema.org\",\"@graph\":[{\"@type\":\"Article\",\"@id\":\"https:\/\/www.svalbard.fr\/actualites\/le-pays-deurope-ou-tout-le-monde-cache-son-balai-la-veille-de-noel\/#article\",\"isPartOf\":{\"@id\":\"https:\/\/www.svalbard.fr\/actualites\/le-pays-deurope-ou-tout-le-monde-cache-son-balai-la-veille-de-noel\/\"},\"author\":{\"name\":\"Hilmar\",\"@id\":\"https:\/\/www.svalbard.fr\/actualites\/#\/schema\/person\/a2f937d5712222366738fae98755c600\"},\"headline\":\"Le pays d&#39;Europe o\u00f9 tout le monde cache son balai la veille de No\u00ebl\",\"datePublished\":\"2024-12-19T21:18:37+00:00\",\"dateModified\":\"2024-12-19T21:18:39+00:00\",\"mainEntityOfPage\":{\"@id\":\"https:\/\/www.svalbard.fr\/actualites\/le-pays-deurope-ou-tout-le-monde-cache-son-balai-la-veille-de-noel\/\"},\"wordCount\":344,\"publisher\":{\"@id\":\"https:\/\/www.svalbard.fr\/actualites\/#organization\"},\"keywords\":[\"balai\",\"cach\u00e9\",\"d39Europe\",\"monde\",\"No\u00ebl\",\"O\u00f9\",\"pays\",\"son\",\"tout\",\"veille\"],\"articleSection\":[\"Svalbard\"],\"inLanguage\":\"fr-FR\"},{\"@type\":\"WebPage\",\"@id\":\"https:\/\/www.svalbard.fr\/actualites\/le-pays-deurope-ou-tout-le-monde-cache-son-balai-la-veille-de-noel\/\",\"url\":\"https:\/\/www.svalbard.fr\/actualites\/le-pays-deurope-ou-tout-le-monde-cache-son-balai-la-veille-de-noel\/\",\"name\":\"Le pays d&#39;Europe o\u00f9 tout le monde cache son balai la veille de No\u00ebl\",\"isPartOf\":{\"@id\":\"https:\/\/www.svalbard.fr\/actualites\/#website\"},\"datePublished\":\"2024-12-19T21:18:37+00:00\",\"dateModified\":\"2024-12-19T21:18:39+00:00\",\"breadcrumb\":{\"@id\":\"https:\/\/www.svalbard.fr\/actualites\/le-pays-deurope-ou-tout-le-monde-cache-son-balai-la-veille-de-noel\/#breadcrumb\"},\"inLanguage\":\"fr-FR\",\"potentialAction\":[{\"@type\":\"ReadAction\",\"target\":[\"https:\/\/www.svalbard.fr\/actualites\/le-pays-deurope-ou-tout-le-monde-cache-son-balai-la-veille-de-noel\/\"]}]},{\"@type\":\"BreadcrumbList\",\"@id\":\"https:\/\/www.svalbard.fr\/actualites\/le-pays-deurope-ou-tout-le-monde-cache-son-balai-la-veille-de-noel\/#breadcrumb\",\"itemListElement\":[{\"@type\":\"ListItem\",\"position\":1,\"name\":\"Accueil\",\"item\":\"https:\/\/www.svalbard.fr\/actualites\/\"},{\"@type\":\"ListItem\",\"position\":2,\"name\":\"Le pays d&#39;Europe o\u00f9 tout le monde cache son balai la veille de No\u00ebl\"}]},{\"@type\":\"WebSite\",\"@id\":\"https:\/\/www.svalbard.fr\/actualites\/#website\",\"url\":\"https:\/\/www.svalbard.fr\/actualites\/\",\"name\":\"www.Svalbard.fr\",\"description\":\"\",\"publisher\":{\"@id\":\"https:\/\/www.svalbard.fr\/actualites\/#organization\"},\"potentialAction\":[{\"@type\":\"SearchAction\",\"target\":{\"@type\":\"EntryPoint\",\"urlTemplate\":\"https:\/\/www.svalbard.fr\/actualites\/?s={search_term_string}\"},\"query-input\":\"required name=search_term_string\"}],\"inLanguage\":\"fr-FR\"},{\"@type\":\"Organization\",\"@id\":\"https:\/\/www.svalbard.fr\/actualites\/#organization\",\"name\":\"www.Svalbard.fr\",\"url\":\"https:\/\/www.svalbard.fr\/actualites\/\",\"logo\":{\"@type\":\"ImageObject\",\"inLanguage\":\"fr-FR\",\"@id\":\"https:\/\/www.svalbard.fr\/actualites\/#\/schema\/logo\/image\/\",\"url\":\"https:\/\/www.svalbard.fr\/actualites\/wp-content\/uploads\/2023\/09\/head-nom.jpg\",\"contentUrl\":\"https:\/\/www.svalbard.fr\/actualites\/wp-content\/uploads\/2023\/09\/head-nom.jpg\",\"width\":264,\"height\":35,\"caption\":\"www.Svalbard.fr\"},\"image\":{\"@id\":\"https:\/\/www.svalbard.fr\/actualites\/#\/schema\/logo\/image\/\"}},{\"@type\":\"Person\",\"@id\":\"https:\/\/www.svalbard.fr\/actualites\/#\/schema\/person\/a2f937d5712222366738fae98755c600\",\"name\":\"Hilmar\",\"image\":{\"@type\":\"ImageObject\",\"inLanguage\":\"fr-FR\",\"@id\":\"https:\/\/www.svalbard.fr\/actualites\/#\/schema\/person\/image\/\",\"url\":\"https:\/\/secure.gravatar.com\/avatar\/4daa437093476dbc32da415c112b6512?s=96&d=mm&r=g\",\"contentUrl\":\"https:\/\/secure.gravatar.com\/avatar\/4daa437093476dbc32da415c112b6512?s=96&d=mm&r=g\",\"caption\":\"Hilmar\"},\"description\":\"Hilmar est un passionn\u00e9 des r\u00e9gions polaires, sp\u00e9cialis\u00e9 dans la r\u00e9daction d'articles sur le Spitzberg et autres destinations arctiques. Il apporte son expertise et sa passion pour l'Arctique au sein de l'\u00e9quipe de r\u00e9daction de Svalbard depuis de nombreuses ann\u00e9es.\",\"sameAs\":[\"https:\/\/www.svalbard.fr\/\"]}]}<\/script>\n<!-- \/ Yoast SEO plugin. -->","yoast_head_json":{"title":"Le pays d&#39;Europe o\u00f9 tout le monde cache son balai la veille de No\u00ebl","robots":{"index":"index","follow":"follow","max-snippet":"max-snippet:-1","max-image-preview":"max-image-preview:large","max-video-preview":"max-video-preview:-1"},"canonical":"https:\/\/www.svalbard.fr\/actualites\/le-pays-deurope-ou-tout-le-monde-cache-son-balai-la-veille-de-noel\/","og_locale":"fr_FR","og_type":"article","og_title":"Le pays d&#39;Europe o\u00f9 tout le monde cache son balai la veille de No\u00ebl","og_description":"Tandis que le Royaume-Uni orne la chemin\u00e9e de petits p\u00e2t\u00e9s et de carottes la veille de No\u00ebl, un pays europ\u00e9en s&#39;affaire \u00e0 cacher son mat\u00e9riel","og_url":"https:\/\/www.svalbard.fr\/actualites\/le-pays-deurope-ou-tout-le-monde-cache-son-balai-la-veille-de-noel\/","og_site_name":"www.Svalbard.fr","article_published_time":"2024-12-19T21:18:37+00:00","article_modified_time":"2024-12-19T21:18:39+00:00","og_image":[{"width":1200,"height":630,"url":"https:\/\/www.svalbard.fr\/actualites\/wp-content\/uploads\/2024\/12\/Le-pays-d39Europe-ou-tout-le-monde-cache-son-balai.jpg","type":"image\/jpeg"}],"author":"Hilmar","twitter_card":"summary_large_image","twitter_misc":{"\u00c9crit par":"Hilmar","Dur\u00e9e de lecture estim\u00e9e":"2 minutes"},"schema":{"@context":"https:\/\/schema.org","@graph":[{"@type":"Article","@id":"https:\/\/www.svalbard.fr\/actualites\/le-pays-deurope-ou-tout-le-monde-cache-son-balai-la-veille-de-noel\/#article","isPartOf":{"@id":"https:\/\/www.svalbard.fr\/actualites\/le-pays-deurope-ou-tout-le-monde-cache-son-balai-la-veille-de-noel\/"},"author":{"name":"Hilmar","@id":"https:\/\/www.svalbard.fr\/actualites\/#\/schema\/person\/a2f937d5712222366738fae98755c600"},"headline":"Le pays d&#39;Europe o\u00f9 tout le monde cache son balai la veille de No\u00ebl","datePublished":"2024-12-19T21:18:37+00:00","dateModified":"2024-12-19T21:18:39+00:00","mainEntityOfPage":{"@id":"https:\/\/www.svalbard.fr\/actualites\/le-pays-deurope-ou-tout-le-monde-cache-son-balai-la-veille-de-noel\/"},"wordCount":344,"publisher":{"@id":"https:\/\/www.svalbard.fr\/actualites\/#organization"},"keywords":["balai","cach\u00e9","d39Europe","monde","No\u00ebl","O\u00f9","pays","son","tout","veille"],"articleSection":["Svalbard"],"inLanguage":"fr-FR"},{"@type":"WebPage","@id":"https:\/\/www.svalbard.fr\/actualites\/le-pays-deurope-ou-tout-le-monde-cache-son-balai-la-veille-de-noel\/","url":"https:\/\/www.svalbard.fr\/actualites\/le-pays-deurope-ou-tout-le-monde-cache-son-balai-la-veille-de-noel\/","name":"Le pays d&#39;Europe o\u00f9 tout le monde cache son balai la veille de No\u00ebl","isPartOf":{"@id":"https:\/\/www.svalbard.fr\/actualites\/#website"},"datePublished":"2024-12-19T21:18:37+00:00","dateModified":"2024-12-19T21:18:39+00:00","breadcrumb":{"@id":"https:\/\/www.svalbard.fr\/actualites\/le-pays-deurope-ou-tout-le-monde-cache-son-balai-la-veille-de-noel\/#breadcrumb"},"inLanguage":"fr-FR","potentialAction":[{"@type":"ReadAction","target":["https:\/\/www.svalbard.fr\/actualites\/le-pays-deurope-ou-tout-le-monde-cache-son-balai-la-veille-de-noel\/"]}]},{"@type":"BreadcrumbList","@id":"https:\/\/www.svalbard.fr\/actualites\/le-pays-deurope-ou-tout-le-monde-cache-son-balai-la-veille-de-noel\/#breadcrumb","itemListElement":[{"@type":"ListItem","position":1,"name":"Accueil","item":"https:\/\/www.svalbard.fr\/actualites\/"},{"@type":"ListItem","position":2,"name":"Le pays d&#39;Europe o\u00f9 tout le monde cache son balai la veille de No\u00ebl"}]},{"@type":"WebSite","@id":"https:\/\/www.svalbard.fr\/actualites\/#website","url":"https:\/\/www.svalbard.fr\/actualites\/","name":"www.Svalbard.fr","description":"","publisher":{"@id":"https:\/\/www.svalbard.fr\/actualites\/#organization"},"potentialAction":[{"@type":"SearchAction","target":{"@type":"EntryPoint","urlTemplate":"https:\/\/www.svalbard.fr\/actualites\/?s={search_term_string}"},"query-input":"required name=search_term_string"}],"inLanguage":"fr-FR"},{"@type":"Organization","@id":"https:\/\/www.svalbard.fr\/actualites\/#organization","name":"www.Svalbard.fr","url":"https:\/\/www.svalbard.fr\/actualites\/","logo":{"@type":"ImageObject","inLanguage":"fr-FR","@id":"https:\/\/www.svalbard.fr\/actualites\/#\/schema\/logo\/image\/","url":"https:\/\/www.svalbard.fr\/actualites\/wp-content\/uploads\/2023\/09\/head-nom.jpg","contentUrl":"https:\/\/www.svalbard.fr\/actualites\/wp-content\/uploads\/2023\/09\/head-nom.jpg","width":264,"height":35,"caption":"www.Svalbard.fr"},"image":{"@id":"https:\/\/www.svalbard.fr\/actualites\/#\/schema\/logo\/image\/"}},{"@type":"Person","@id":"https:\/\/www.svalbard.fr\/actualites\/#\/schema\/person\/a2f937d5712222366738fae98755c600","name":"Hilmar","image":{"@type":"ImageObject","inLanguage":"fr-FR","@id":"https:\/\/www.svalbard.fr\/actualites\/#\/schema\/person\/image\/","url":"https:\/\/secure.gravatar.com\/avatar\/4daa437093476dbc32da415c112b6512?s=96&d=mm&r=g","contentUrl":"https:\/\/secure.gravatar.com\/avatar\/4daa437093476dbc32da415c112b6512?s=96&d=mm&r=g","caption":"Hilmar"},"description":"Hilmar est un passionn\u00e9 des r\u00e9gions polaires, sp\u00e9cialis\u00e9 dans la r\u00e9daction d'articles sur le Spitzberg et autres destinations arctiques. Il apporte son expertise et sa passion pour l'Arctique au sein de l'\u00e9quipe de r\u00e9daction de Svalbard depuis de nombreuses ann\u00e9es.","sameAs":["https:\/\/www.svalbard.fr\/"]}]}},"_links":{"self":[{"href":"https:\/\/www.svalbard.fr\/actualites\/wp-json\/wp\/v2\/posts\/2077"}],"collection":[{"href":"https:\/\/www.svalbard.fr\/actualites\/wp-json\/wp\/v2\/posts"}],"about":[{"href":"https:\/\/www.svalbard.fr\/actualites\/wp-json\/wp\/v2\/types\/post"}],"author":[{"embeddable":true,"href":"https:\/\/www.svalbard.fr\/actualites\/wp-json\/wp\/v2\/users\/1"}],"replies":[{"embeddable":true,"href":"https:\/\/www.svalbard.fr\/actualites\/wp-json\/wp\/v2\/comments?post=2077"}],"version-history":[{"count":1,"href":"https:\/\/www.svalbard.fr\/actualites\/wp-json\/wp\/v2\/posts\/2077\/revisions"}],"predecessor-version":[{"id":2079,"href":"https:\/\/www.svalbard.fr\/actualites\/wp-json\/wp\/v2\/posts\/2077\/revisions\/2079"}],"wp:featuredmedia":[{"embeddable":true,"href":"https:\/\/www.svalbard.fr\/actualites\/wp-json\/wp\/v2\/media\/2078"}],"wp:attachment":[{"href":"https:\/\/www.svalbard.fr\/actualites\/wp-json\/wp\/v2\/media?parent=2077"}],"wp:term":[{"taxonomy":"category","embeddable":true,"href":"https:\/\/www.svalbard.fr\/actualites\/wp-json\/wp\/v2\/categories?post=2077"},{"taxonomy":"post_tag","embeddable":true,"href":"https:\/\/www.svalbard.fr\/actualites\/wp-json\/wp\/v2\/tags?post=2077"}],"curies":[{"name":"wp","href":"https:\/\/api.w.org\/{rel}","templated":true}]}}