{"id":2080,"date":"2024-12-20T08:29:00","date_gmt":"2024-12-20T07:29:00","guid":{"rendered":"https:\/\/www.svalbard.fr\/actualites\/?p=2080"},"modified":"2024-12-20T08:31:11","modified_gmt":"2024-12-20T07:31:11","slug":"un-nouveau-materiau-revolutionnaire-pourrait-marquer-la-fin-du-plastique-et-le-debut-dune-ere-nouvelle","status":"publish","type":"post","link":"https:\/\/www.svalbard.fr\/actualites\/un-nouveau-materiau-revolutionnaire-pourrait-marquer-la-fin-du-plastique-et-le-debut-dune-ere-nouvelle\/","title":{"rendered":"Un nouveau mat\u00e9riau r\u00e9volutionnaire pourrait marquer la fin du plastique et le d\u00e9but d\u2019une \u00e8re nouvelle"},"content":{"rendered":"\n<p><em><strong>Un pas de g\u00e9ant vers un futur plus durable. Les chercheurs du Laboratoire national d\u2019Oak Ridge (ORNL) viennent de d\u00e9voiler un mat\u00e9riau innovant qui pourrait bouleverser l\u2019industrie manufacturi\u00e8re. Ce polym\u00e8re intelligent, \u00e0 la fois performant et respectueux de l\u2019environnement, ouvre la voie \u00e0 une alternative s\u00e9rieuse au plastique traditionnel.<\/strong><\/em><\/p>\n\n\n\n<!--more-->\n\n\n\n<h2 class=\"wp-block-heading\">Un composite issu de fibres de bois<\/h2>\n\n\n\n<p>La particularit\u00e9 de ce mat\u00e9riau r\u00e9side dans sa <strong>composition unique\u00a0: des fibres de bois int\u00e9gr\u00e9es \u00e0 un polym\u00e8re \u00e9lastom\u00e8re<\/strong>, formant un composite renforc\u00e9. Ce qui le rend vraiment r\u00e9volutionnaire, c\u2019est la pr\u00e9sence de <strong>liaisons \u00ab\u00a0intelligentes\u00a0\u00bb<\/strong>. Ces connexions se brisent sous l\u2019effet de la chaleur, permettant au mat\u00e9riau de redevenir fluide. Cette propri\u00e9t\u00e9 facilite sa r\u00e9utilisation pour des techniques comme le <strong>moulage par injection<\/strong> ou l\u2019<strong>impression 3D<\/strong>.<\/p>\n\n\n\n<p>Imaginez un produit cass\u00e9 ou obsol\u00e8te&nbsp;: il peut \u00eatre transform\u00e9 et reconditionn\u00e9 sans gaspillage. Une approche qui r\u00e9duit drastiquement les d\u00e9chets industriels.<\/p>\n\n\n\n<h2 class=\"wp-block-heading\">Une solution \u00e9cologique et innovante<\/h2>\n\n\n\n<p>Contrairement aux <strong>plastiques traditionnels<\/strong>, souvent issus de p\u00e9trochimie et difficiles \u00e0 recycler, ce polym\u00e8re est \u00e9labor\u00e9 \u00e0 partir de <strong>mati\u00e8res premi\u00e8res biosourc\u00e9es<\/strong>. Aucun solvant n\u2019est n\u00e9cessaire pour sa fabrication, rendant le processus non seulement durable mais aussi \u00e9cologiquement responsable. Ce mat\u00e9riau se transforme \u00e0 des temp\u00e9ratures sup\u00e9rieures \u00e0 250\u00a0\u00b0F (environ 120\u00a0\u00b0C), le rendant id\u00e9al pour le recyclage sans compromettre ses qualit\u00e9s structurelles.<\/p>\n\n\n\n<h2 class=\"wp-block-heading\">Des performances en constante am\u00e9lioration<\/h2>\n\n\n\n<p>Sous la direction d\u2019<strong>Amit Naskar<\/strong>, sp\u00e9cialiste des mat\u00e9riaux composites au sein d\u2019<strong>ORNL<\/strong>, l\u2019\u00e9quipe de recherche travaille \u00e0 renforcer les <strong>propri\u00e9t\u00e9s m\u00e9caniques et thermiques<\/strong> de ce polym\u00e8re. Les objectifs\u00a0: augmenter sa r\u00e9sistance \u00e0 la chaleur et multiplier ses <a href=\"https:\/\/www.svalbard.fr\/actualites\/attention-si-cette-application-est-sur-votre-telephone-cest-une-arnaque-massive\/\">applications<\/a> possibles, notamment dans la <strong>fabrication de composants renforc\u00e9s<\/strong>, l\u2019assemblage par soudure et l\u2019impression 3D.<\/p>\n\n\n\n<h2 class=\"wp-block-heading\">Une r\u00e9volution pour l\u2019industrie<\/h2>\n\n\n\n<p>Les avantages de ce <strong>mat\u00e9riau intelligent <\/strong>sont immenses pour des secteurs comme l\u2019<a href=\"https:\/\/www.svalbard.fr\/actualites\/cette-nouvelle-technologie-pour-moteurs-diesel-pourrait-elle-eclipser-lavenir-des-voitures-electriques\/\">automobile<\/a>, l\u2019a\u00e9rospatiale ou encore le b\u00e2timent. En r\u00e9duisant les d\u00e9lais de production et en optimisant le cycle de vie des produits, il pourrait transformer la mani\u00e8re dont nous fabriquons et utilisons les objets du quotidien.<\/p>\n\n\n\n<p>En rempla\u00e7ant progressivement le plastique traditionnel, ce composite innovant contribue aussi \u00e0 une r\u00e9duction significative de l\u2019empreinte carbone des industries.<\/p>\n\n\n\n<h2 class=\"wp-block-heading\">Les d\u00e9fis \u00e0 relever<\/h2>\n\n\n\n<p>Malgr\u00e9 ses promesses, cette technologie devra surmonter certains obstacles avant d\u2019\u00eatre largement adopt\u00e9e. Parmi eux&nbsp;: les <strong>co\u00fbts de production<\/strong>, encore \u00e9lev\u00e9s, et l\u2019ad\u00e9quation avec les processus industriels existants. Des investissements dans la recherche et le d\u00e9veloppement seront n\u00e9cessaires pour rendre cette innovation accessible \u00e0 grande \u00e9chelle.<\/p>\n\n\n\n<h2 class=\"wp-block-heading\">Vers un futur durable<\/h2>\n\n\n\n<p>Le travail men\u00e9 par ORNL montre que la science des mat\u00e9riaux peut jouer un r\u00f4le cl\u00e9 dans la transition vers des <strong>pratiques plus respectueuses de l\u2019environnement<\/strong>. En int\u00e9grant ce type de polym\u00e8re dans les cha\u00eenes de production, les industriels pourraient non seulement r\u00e9duire leur impact \u00e9cologique mais aussi r\u00e9pondre aux besoins croissants de durabilit\u00e9.<\/p>\n\n\n\n<p><strong>Le remplacement du plastique par ce nouveau mat\u00e9riau pourrait marquer le d\u00e9but d\u2019une nouvelle \u00e8re<\/strong>, o\u00f9 innovation et durabilit\u00e9 travaillent main dans la main pour un avenir plus vert.<\/p>\n","protected":false},"excerpt":{"rendered":"<p>Un pas de g\u00e9ant vers un futur plus durable. Les chercheurs du Laboratoire national d\u2019Oak Ridge (ORNL) viennent de d\u00e9voiler un mat\u00e9riau innovant qui pourrait<\/p>\n","protected":false},"author":3,"featured_media":2081,"comment_status":"closed","ping_status":"closed","sticky":false,"template":"","format":"standard","meta":{"footnotes":""},"categories":[1725],"tags":[],"yoast_head":"<!-- This site is optimized with the Yoast SEO plugin v21.0 - https:\/\/yoast.com\/wordpress\/plugins\/seo\/ -->\n<title>Un nouveau mat\u00e9riau r\u00e9volutionnaire pourrait marquer la fin du plastique et le d\u00e9but d\u2019une \u00e8re nouvelle<\/title>\n<meta name=\"robots\" content=\"index, follow, max-snippet:-1, max-image-preview:large, max-video-preview:-1\" \/>\n<link rel=\"canonical\" href=\"https:\/\/www.svalbard.fr\/actualites\/un-nouveau-materiau-revolutionnaire-pourrait-marquer-la-fin-du-plastique-et-le-debut-dune-ere-nouvelle\/\" \/>\n<meta property=\"og:locale\" content=\"fr_FR\" \/>\n<meta property=\"og:type\" content=\"article\" \/>\n<meta property=\"og:title\" content=\"Un nouveau mat\u00e9riau r\u00e9volutionnaire pourrait marquer la fin du plastique et le d\u00e9but d\u2019une \u00e8re nouvelle\" \/>\n<meta property=\"og:description\" content=\"Un pas de g\u00e9ant vers un futur plus durable. Les chercheurs du Laboratoire national d\u2019Oak Ridge (ORNL) viennent de d\u00e9voiler un mat\u00e9riau innovant qui pourrait\" \/>\n<meta property=\"og:url\" content=\"https:\/\/www.svalbard.fr\/actualites\/un-nouveau-materiau-revolutionnaire-pourrait-marquer-la-fin-du-plastique-et-le-debut-dune-ere-nouvelle\/\" \/>\n<meta property=\"og:site_name\" content=\"www.Svalbard.fr\" \/>\n<meta property=\"article:published_time\" content=\"2024-12-20T07:29:00+00:00\" \/>\n<meta property=\"article:modified_time\" content=\"2024-12-20T07:31:11+00:00\" \/>\n<meta property=\"og:image\" content=\"https:\/\/www.svalbard.fr\/actualites\/wp-content\/uploads\/2024\/12\/nouveau-materiau-revolutionnaire.jpg\" \/>\n\t<meta property=\"og:image:width\" content=\"1200\" \/>\n\t<meta property=\"og:image:height\" content=\"800\" \/>\n\t<meta property=\"og:image:type\" content=\"image\/jpeg\" \/>\n<meta name=\"author\" content=\"Guillaume Chen\" \/>\n<meta name=\"twitter:card\" content=\"summary_large_image\" \/>\n<meta name=\"twitter:label1\" content=\"\u00c9crit par\" \/>\n\t<meta name=\"twitter:data1\" content=\"Guillaume Chen\" \/>\n\t<meta name=\"twitter:label2\" content=\"Dur\u00e9e de lecture estim\u00e9e\" \/>\n\t<meta name=\"twitter:data2\" content=\"3 minutes\" \/>\n<script type=\"application\/ld+json\" class=\"yoast-schema-graph\">{\"@context\":\"https:\/\/schema.org\",\"@graph\":[{\"@type\":\"Article\",\"@id\":\"https:\/\/www.svalbard.fr\/actualites\/un-nouveau-materiau-revolutionnaire-pourrait-marquer-la-fin-du-plastique-et-le-debut-dune-ere-nouvelle\/#article\",\"isPartOf\":{\"@id\":\"https:\/\/www.svalbard.fr\/actualites\/un-nouveau-materiau-revolutionnaire-pourrait-marquer-la-fin-du-plastique-et-le-debut-dune-ere-nouvelle\/\"},\"author\":{\"name\":\"Guillaume Chen\",\"@id\":\"https:\/\/www.svalbard.fr\/actualites\/#\/schema\/person\/b9d185560b94bff7322d37cb676ee545\"},\"headline\":\"Un nouveau mat\u00e9riau r\u00e9volutionnaire pourrait marquer la fin du plastique et le d\u00e9but d\u2019une \u00e8re nouvelle\",\"datePublished\":\"2024-12-20T07:29:00+00:00\",\"dateModified\":\"2024-12-20T07:31:11+00:00\",\"mainEntityOfPage\":{\"@id\":\"https:\/\/www.svalbard.fr\/actualites\/un-nouveau-materiau-revolutionnaire-pourrait-marquer-la-fin-du-plastique-et-le-debut-dune-ere-nouvelle\/\"},\"wordCount\":571,\"publisher\":{\"@id\":\"https:\/\/www.svalbard.fr\/actualites\/#organization\"},\"articleSection\":[\"Tendances\"],\"inLanguage\":\"fr-FR\"},{\"@type\":\"WebPage\",\"@id\":\"https:\/\/www.svalbard.fr\/actualites\/un-nouveau-materiau-revolutionnaire-pourrait-marquer-la-fin-du-plastique-et-le-debut-dune-ere-nouvelle\/\",\"url\":\"https:\/\/www.svalbard.fr\/actualites\/un-nouveau-materiau-revolutionnaire-pourrait-marquer-la-fin-du-plastique-et-le-debut-dune-ere-nouvelle\/\",\"name\":\"Un nouveau mat\u00e9riau r\u00e9volutionnaire pourrait marquer la fin du plastique et le d\u00e9but d\u2019une \u00e8re nouvelle\",\"isPartOf\":{\"@id\":\"https:\/\/www.svalbard.fr\/actualites\/#website\"},\"datePublished\":\"2024-12-20T07:29:00+00:00\",\"dateModified\":\"2024-12-20T07:31:11+00:00\",\"breadcrumb\":{\"@id\":\"https:\/\/www.svalbard.fr\/actualites\/un-nouveau-materiau-revolutionnaire-pourrait-marquer-la-fin-du-plastique-et-le-debut-dune-ere-nouvelle\/#breadcrumb\"},\"inLanguage\":\"fr-FR\",\"potentialAction\":[{\"@type\":\"ReadAction\",\"target\":[\"https:\/\/www.svalbard.fr\/actualites\/un-nouveau-materiau-revolutionnaire-pourrait-marquer-la-fin-du-plastique-et-le-debut-dune-ere-nouvelle\/\"]}]},{\"@type\":\"BreadcrumbList\",\"@id\":\"https:\/\/www.svalbard.fr\/actualites\/un-nouveau-materiau-revolutionnaire-pourrait-marquer-la-fin-du-plastique-et-le-debut-dune-ere-nouvelle\/#breadcrumb\",\"itemListElement\":[{\"@type\":\"ListItem\",\"position\":1,\"name\":\"Accueil\",\"item\":\"https:\/\/www.svalbard.fr\/actualites\/\"},{\"@type\":\"ListItem\",\"position\":2,\"name\":\"Un nouveau mat\u00e9riau r\u00e9volutionnaire pourrait marquer la fin du plastique et le d\u00e9but d\u2019une \u00e8re nouvelle\"}]},{\"@type\":\"WebSite\",\"@id\":\"https:\/\/www.svalbard.fr\/actualites\/#website\",\"url\":\"https:\/\/www.svalbard.fr\/actualites\/\",\"name\":\"www.Svalbard.fr\",\"description\":\"\",\"publisher\":{\"@id\":\"https:\/\/www.svalbard.fr\/actualites\/#organization\"},\"potentialAction\":[{\"@type\":\"SearchAction\",\"target\":{\"@type\":\"EntryPoint\",\"urlTemplate\":\"https:\/\/www.svalbard.fr\/actualites\/?s={search_term_string}\"},\"query-input\":\"required name=search_term_string\"}],\"inLanguage\":\"fr-FR\"},{\"@type\":\"Organization\",\"@id\":\"https:\/\/www.svalbard.fr\/actualites\/#organization\",\"name\":\"www.Svalbard.fr\",\"url\":\"https:\/\/www.svalbard.fr\/actualites\/\",\"logo\":{\"@type\":\"ImageObject\",\"inLanguage\":\"fr-FR\",\"@id\":\"https:\/\/www.svalbard.fr\/actualites\/#\/schema\/logo\/image\/\",\"url\":\"https:\/\/www.svalbard.fr\/actualites\/wp-content\/uploads\/2023\/09\/head-nom.jpg\",\"contentUrl\":\"https:\/\/www.svalbard.fr\/actualites\/wp-content\/uploads\/2023\/09\/head-nom.jpg\",\"width\":264,\"height\":35,\"caption\":\"www.Svalbard.fr\"},\"image\":{\"@id\":\"https:\/\/www.svalbard.fr\/actualites\/#\/schema\/logo\/image\/\"}},{\"@type\":\"Person\",\"@id\":\"https:\/\/www.svalbard.fr\/actualites\/#\/schema\/person\/b9d185560b94bff7322d37cb676ee545\",\"name\":\"Guillaume Chen\",\"image\":{\"@type\":\"ImageObject\",\"inLanguage\":\"fr-FR\",\"@id\":\"https:\/\/www.svalbard.fr\/actualites\/#\/schema\/person\/image\/\",\"url\":\"https:\/\/secure.gravatar.com\/avatar\/0c3f9c94586035b795ad4049a06fb048?s=96&d=mm&r=g\",\"contentUrl\":\"https:\/\/secure.gravatar.com\/avatar\/0c3f9c94586035b795ad4049a06fb048?s=96&d=mm&r=g\",\"caption\":\"Guillaume Chen\"},\"sameAs\":[\"https:\/\/www.svalbard.fr\/\"]}]}<\/script>\n<!-- \/ Yoast SEO plugin. -->","yoast_head_json":{"title":"Un nouveau mat\u00e9riau r\u00e9volutionnaire pourrait marquer la fin du plastique et le d\u00e9but d\u2019une \u00e8re nouvelle","robots":{"index":"index","follow":"follow","max-snippet":"max-snippet:-1","max-image-preview":"max-image-preview:large","max-video-preview":"max-video-preview:-1"},"canonical":"https:\/\/www.svalbard.fr\/actualites\/un-nouveau-materiau-revolutionnaire-pourrait-marquer-la-fin-du-plastique-et-le-debut-dune-ere-nouvelle\/","og_locale":"fr_FR","og_type":"article","og_title":"Un nouveau mat\u00e9riau r\u00e9volutionnaire pourrait marquer la fin du plastique et le d\u00e9but d\u2019une \u00e8re nouvelle","og_description":"Un pas de g\u00e9ant vers un futur plus durable. Les chercheurs du Laboratoire national d\u2019Oak Ridge (ORNL) viennent de d\u00e9voiler un mat\u00e9riau innovant qui pourrait","og_url":"https:\/\/www.svalbard.fr\/actualites\/un-nouveau-materiau-revolutionnaire-pourrait-marquer-la-fin-du-plastique-et-le-debut-dune-ere-nouvelle\/","og_site_name":"www.Svalbard.fr","article_published_time":"2024-12-20T07:29:00+00:00","article_modified_time":"2024-12-20T07:31:11+00:00","og_image":[{"width":1200,"height":800,"url":"https:\/\/www.svalbard.fr\/actualites\/wp-content\/uploads\/2024\/12\/nouveau-materiau-revolutionnaire.jpg","type":"image\/jpeg"}],"author":"Guillaume Chen","twitter_card":"summary_large_image","twitter_misc":{"\u00c9crit par":"Guillaume Chen","Dur\u00e9e de lecture estim\u00e9e":"3 minutes"},"schema":{"@context":"https:\/\/schema.org","@graph":[{"@type":"Article","@id":"https:\/\/www.svalbard.fr\/actualites\/un-nouveau-materiau-revolutionnaire-pourrait-marquer-la-fin-du-plastique-et-le-debut-dune-ere-nouvelle\/#article","isPartOf":{"@id":"https:\/\/www.svalbard.fr\/actualites\/un-nouveau-materiau-revolutionnaire-pourrait-marquer-la-fin-du-plastique-et-le-debut-dune-ere-nouvelle\/"},"author":{"name":"Guillaume Chen","@id":"https:\/\/www.svalbard.fr\/actualites\/#\/schema\/person\/b9d185560b94bff7322d37cb676ee545"},"headline":"Un nouveau mat\u00e9riau r\u00e9volutionnaire pourrait marquer la fin du plastique et le d\u00e9but d\u2019une \u00e8re nouvelle","datePublished":"2024-12-20T07:29:00+00:00","dateModified":"2024-12-20T07:31:11+00:00","mainEntityOfPage":{"@id":"https:\/\/www.svalbard.fr\/actualites\/un-nouveau-materiau-revolutionnaire-pourrait-marquer-la-fin-du-plastique-et-le-debut-dune-ere-nouvelle\/"},"wordCount":571,"publisher":{"@id":"https:\/\/www.svalbard.fr\/actualites\/#organization"},"articleSection":["Tendances"],"inLanguage":"fr-FR"},{"@type":"WebPage","@id":"https:\/\/www.svalbard.fr\/actualites\/un-nouveau-materiau-revolutionnaire-pourrait-marquer-la-fin-du-plastique-et-le-debut-dune-ere-nouvelle\/","url":"https:\/\/www.svalbard.fr\/actualites\/un-nouveau-materiau-revolutionnaire-pourrait-marquer-la-fin-du-plastique-et-le-debut-dune-ere-nouvelle\/","name":"Un nouveau mat\u00e9riau r\u00e9volutionnaire pourrait marquer la fin du plastique et le d\u00e9but d\u2019une \u00e8re nouvelle","isPartOf":{"@id":"https:\/\/www.svalbard.fr\/actualites\/#website"},"datePublished":"2024-12-20T07:29:00+00:00","dateModified":"2024-12-20T07:31:11+00:00","breadcrumb":{"@id":"https:\/\/www.svalbard.fr\/actualites\/un-nouveau-materiau-revolutionnaire-pourrait-marquer-la-fin-du-plastique-et-le-debut-dune-ere-nouvelle\/#breadcrumb"},"inLanguage":"fr-FR","potentialAction":[{"@type":"ReadAction","target":["https:\/\/www.svalbard.fr\/actualites\/un-nouveau-materiau-revolutionnaire-pourrait-marquer-la-fin-du-plastique-et-le-debut-dune-ere-nouvelle\/"]}]},{"@type":"BreadcrumbList","@id":"https:\/\/www.svalbard.fr\/actualites\/un-nouveau-materiau-revolutionnaire-pourrait-marquer-la-fin-du-plastique-et-le-debut-dune-ere-nouvelle\/#breadcrumb","itemListElement":[{"@type":"ListItem","position":1,"name":"Accueil","item":"https:\/\/www.svalbard.fr\/actualites\/"},{"@type":"ListItem","position":2,"name":"Un nouveau mat\u00e9riau r\u00e9volutionnaire pourrait marquer la fin du plastique et le d\u00e9but d\u2019une \u00e8re nouvelle"}]},{"@type":"WebSite","@id":"https:\/\/www.svalbard.fr\/actualites\/#website","url":"https:\/\/www.svalbard.fr\/actualites\/","name":"www.Svalbard.fr","description":"","publisher":{"@id":"https:\/\/www.svalbard.fr\/actualites\/#organization"},"potentialAction":[{"@type":"SearchAction","target":{"@type":"EntryPoint","urlTemplate":"https:\/\/www.svalbard.fr\/actualites\/?s={search_term_string}"},"query-input":"required name=search_term_string"}],"inLanguage":"fr-FR"},{"@type":"Organization","@id":"https:\/\/www.svalbard.fr\/actualites\/#organization","name":"www.Svalbard.fr","url":"https:\/\/www.svalbard.fr\/actualites\/","logo":{"@type":"ImageObject","inLanguage":"fr-FR","@id":"https:\/\/www.svalbard.fr\/actualites\/#\/schema\/logo\/image\/","url":"https:\/\/www.svalbard.fr\/actualites\/wp-content\/uploads\/2023\/09\/head-nom.jpg","contentUrl":"https:\/\/www.svalbard.fr\/actualites\/wp-content\/uploads\/2023\/09\/head-nom.jpg","width":264,"height":35,"caption":"www.Svalbard.fr"},"image":{"@id":"https:\/\/www.svalbard.fr\/actualites\/#\/schema\/logo\/image\/"}},{"@type":"Person","@id":"https:\/\/www.svalbard.fr\/actualites\/#\/schema\/person\/b9d185560b94bff7322d37cb676ee545","name":"Guillaume Chen","image":{"@type":"ImageObject","inLanguage":"fr-FR","@id":"https:\/\/www.svalbard.fr\/actualites\/#\/schema\/person\/image\/","url":"https:\/\/secure.gravatar.com\/avatar\/0c3f9c94586035b795ad4049a06fb048?s=96&d=mm&r=g","contentUrl":"https:\/\/secure.gravatar.com\/avatar\/0c3f9c94586035b795ad4049a06fb048?s=96&d=mm&r=g","caption":"Guillaume Chen"},"sameAs":["https:\/\/www.svalbard.fr\/"]}]}},"_links":{"self":[{"href":"https:\/\/www.svalbard.fr\/actualites\/wp-json\/wp\/v2\/posts\/2080"}],"collection":[{"href":"https:\/\/www.svalbard.fr\/actualites\/wp-json\/wp\/v2\/posts"}],"about":[{"href":"https:\/\/www.svalbard.fr\/actualites\/wp-json\/wp\/v2\/types\/post"}],"author":[{"embeddable":true,"href":"https:\/\/www.svalbard.fr\/actualites\/wp-json\/wp\/v2\/users\/3"}],"replies":[{"embeddable":true,"href":"https:\/\/www.svalbard.fr\/actualites\/wp-json\/wp\/v2\/comments?post=2080"}],"version-history":[{"count":1,"href":"https:\/\/www.svalbard.fr\/actualites\/wp-json\/wp\/v2\/posts\/2080\/revisions"}],"predecessor-version":[{"id":2082,"href":"https:\/\/www.svalbard.fr\/actualites\/wp-json\/wp\/v2\/posts\/2080\/revisions\/2082"}],"wp:featuredmedia":[{"embeddable":true,"href":"https:\/\/www.svalbard.fr\/actualites\/wp-json\/wp\/v2\/media\/2081"}],"wp:attachment":[{"href":"https:\/\/www.svalbard.fr\/actualites\/wp-json\/wp\/v2\/media?parent=2080"}],"wp:term":[{"taxonomy":"category","embeddable":true,"href":"https:\/\/www.svalbard.fr\/actualites\/wp-json\/wp\/v2\/categories?post=2080"},{"taxonomy":"post_tag","embeddable":true,"href":"https:\/\/www.svalbard.fr\/actualites\/wp-json\/wp\/v2\/tags?post=2080"}],"curies":[{"name":"wp","href":"https:\/\/api.w.org\/{rel}","templated":true}]}}