{"id":2086,"date":"2024-12-22T08:30:00","date_gmt":"2024-12-22T07:30:00","guid":{"rendered":"https:\/\/www.svalbard.fr\/actualites\/?p=2086"},"modified":"2024-12-20T08:41:59","modified_gmt":"2024-12-20T07:41:59","slug":"aldi-au-coeur-dune-polemique-apres-une-avalanche-de-plaintes-de-clients-en-belgique","status":"publish","type":"post","link":"https:\/\/www.svalbard.fr\/actualites\/aldi-au-coeur-dune-polemique-apres-une-avalanche-de-plaintes-de-clients-en-belgique\/","title":{"rendered":"Aldi au c\u0153ur d\u2019une pol\u00e9mique apr\u00e8s une avalanche de plaintes de clients en Belgique"},"content":{"rendered":"\n<p><strong><em>Une surprise de taille pour les clients d\u2019Aldi. Ces derni\u00e8res semaines, l\u2019enseigne discount s\u2019est retrouv\u00e9e sous les projecteurs en raison d\u2019une affaire pour le moins inattendue. Des consommateurs belges ont signal\u00e9 un probl\u00e8me concernant l\u2019un de leurs produits phares, ce qui a entra\u00een\u00e9 une v\u00e9ritable vague de plaintes.<\/em><\/strong><\/p>\n\n\n\n<!--more-->\n\n\n\n<h2 class=\"wp-block-heading\">Un go\u00fbt inhabituel dans un produit embl\u00e9matique<\/h2>\n\n\n\n<p>Tout a commenc\u00e9 lorsque plusieurs clients ont remarqu\u00e9 un <strong>go\u00fbt \u00e9trange dans le \u00ab River Cola Z\u00e9ro \u00bb<\/strong>, une boisson tr\u00e8s pris\u00e9e des habitu\u00e9s d\u2019<a href=\"https:\/\/www.svalbard.fr\/actualites\/aldi-innove-au-royaume-uni-une-nouvelle-facon-de-faire-ses-courses-revolutionne-la-chaine\/\">Aldi<\/a>. Vendue en bouteille de 1,5 litre, cette r\u00e9f\u00e9rence a suscit\u00e9 de nombreuses interrogations, au point que des clients se sont exprim\u00e9s sur les r\u00e9seaux sociaux et dans les m\u00e9dias locaux.<\/p>\n\n\n\n<p>Aldi, r\u00e9put\u00e9 pour ses <strong>prix attractifs<\/strong> et son <strong>souci de la qualit\u00e9<\/strong>, a r\u00e9agi rapidement. L\u2019enseigne a entrepris une s\u00e9rie de tests pour d\u00e9terminer l\u2019origine du probl\u00e8me. Les r\u00e9sultats ont confirm\u00e9 les doutes\u00a0: l\u2019ar\u00f4me diff\u00e9rait de la recette originale, un \u00e9cart que la marque ne pouvait tol\u00e9rer.<\/p>\n\n\n\n<h2 class=\"wp-block-heading\">Une transparence rassurante<\/h2>\n\n\n\n<p>Face \u00e0 la situation, <strong>Jason Sevestre<\/strong>, porte-parole d\u2019Aldi en Belgique, a tenu \u00e0 rassurer les consommateurs. \u00ab&nbsp;Soyons clairs : il n\u2019y a aucun probl\u00e8me de sant\u00e9 publique. Les clients n\u2019ont aucune inqui\u00e9tude \u00e0 avoir&nbsp;\u00bb, a-t-il d\u00e9clar\u00e9. Toutefois, pour respecter ses engagements en mati\u00e8re de qualit\u00e9, Aldi a proc\u00e9d\u00e9 au <strong>retrait des lots concern\u00e9s des rayons<\/strong>.<\/p>\n\n\n\n<p>Les clients ayant achet\u00e9 des bouteilles de ce lot peuvent les ramener en magasin pour un \u00e9change ou un remboursement. Les nouveaux arrivages, <strong>conformes aux normes de qualit\u00e9<\/strong>, sont d\u00e9sormais disponibles dans les magasins de l\u2019enseigne.<\/p>\n\n\n\n<h2 class=\"wp-block-heading\">Une enseigne qui mise sur la confiance<\/h2>\n\n\n\n<p>Depuis des d\u00e9cennies, Aldi s\u2019est impos\u00e9 comme un <em>acteur incontournable du discount<\/em>, en proposant des produits de qualit\u00e9 \u00e0 des prix comp\u00e9titifs. R\u00e9cemment, l\u2019enseigne a introduit un <strong>programme de fid\u00e9lit\u00e9 en Belgique<\/strong>, une premi\u00e8re dans son histoire. Inspir\u00e9e du succ\u00e8s de la carte de fid\u00e9lit\u00e9 de <a href=\"https:\/\/www.svalbard.fr\/actualites\/lidl-incident-sur-le-parking-il-range-ses-courses-dans-sa-voiture-et-cest-la-catastrophe\/\">Lidl<\/a>, cette initiative pourrait \u00eatre \u00e9tendue \u00e0 d\u2019autres pays si les r\u00e9sultats sont positifs.<\/p>\n\n\n\n<p>Malgr\u00e9 cet incident, Aldi reste fid\u00e8le \u00e0 sa volont\u00e9 de <strong>maintenir un haut niveau de qualit\u00e9<\/strong>. Cet \u00e9pisode illustre l\u2019importance d\u2019une r\u00e9activit\u00e9 exemplaire face aux impr\u00e9vus et montre que m\u00eame les grandes enseignes peuvent faire preuve d\u2019humilit\u00e9 et de transparence.<\/p>\n\n\n\n<h2 class=\"wp-block-heading\">Une le\u00e7on pour l\u2019avenir<\/h2>\n\n\n\n<p>Cet incident rappelle que m\u00eame <strong>les entreprises les plus exp\u00e9riment\u00e9es ne sont pas \u00e0 l\u2019abri d\u2019erreurs<\/strong>. Cependant, la mani\u00e8re dont elles g\u00e8rent ces crises peut renforcer ou \u00e9roder la confiance des consommateurs. Avec une communication claire et des mesures correctives rapides, Aldi montre l\u2019exemple d\u2019une <strong>gestion responsable<\/strong>.<\/p>\n\n\n\n<p>Alors que l\u2019enseigne continue de conqu\u00e9rir de nouveaux march\u00e9s, cet \u00e9pisode sera sans doute une opportunit\u00e9 de renforcer encore ses proc\u00e9dures internes, tout en gardant le cap sur son objectif principal : proposer des produits abordables sans compromis sur la qualit\u00e9.<\/p>\n","protected":false},"excerpt":{"rendered":"<p>Une surprise de taille pour les clients d\u2019Aldi. Ces derni\u00e8res semaines, l\u2019enseigne discount s\u2019est retrouv\u00e9e sous les projecteurs en raison d\u2019une affaire pour le moins<\/p>\n","protected":false},"author":3,"featured_media":2087,"comment_status":"closed","ping_status":"closed","sticky":false,"template":"","format":"standard","meta":{"footnotes":""},"categories":[1725],"tags":[],"yoast_head":"<!-- This site is optimized with the Yoast SEO plugin v21.0 - https:\/\/yoast.com\/wordpress\/plugins\/seo\/ -->\n<title>Aldi au c\u0153ur d\u2019une pol\u00e9mique apr\u00e8s une avalanche de plaintes de clients en Belgique<\/title>\n<meta name=\"robots\" content=\"index, follow, max-snippet:-1, max-image-preview:large, max-video-preview:-1\" \/>\n<link rel=\"canonical\" href=\"https:\/\/www.svalbard.fr\/actualites\/aldi-au-coeur-dune-polemique-apres-une-avalanche-de-plaintes-de-clients-en-belgique\/\" \/>\n<meta property=\"og:locale\" content=\"fr_FR\" \/>\n<meta property=\"og:type\" content=\"article\" \/>\n<meta property=\"og:title\" content=\"Aldi au c\u0153ur d\u2019une pol\u00e9mique apr\u00e8s une avalanche de plaintes de clients en Belgique\" \/>\n<meta property=\"og:description\" content=\"Une surprise de taille pour les clients d\u2019Aldi. Ces derni\u00e8res semaines, l\u2019enseigne discount s\u2019est retrouv\u00e9e sous les projecteurs en raison d\u2019une affaire pour le moins\" \/>\n<meta property=\"og:url\" content=\"https:\/\/www.svalbard.fr\/actualites\/aldi-au-coeur-dune-polemique-apres-une-avalanche-de-plaintes-de-clients-en-belgique\/\" \/>\n<meta property=\"og:site_name\" content=\"www.Svalbard.fr\" \/>\n<meta property=\"article:published_time\" content=\"2024-12-22T07:30:00+00:00\" \/>\n<meta property=\"article:modified_time\" content=\"2024-12-20T07:41:59+00:00\" \/>\n<meta property=\"og:image\" content=\"https:\/\/www.svalbard.fr\/actualites\/wp-content\/uploads\/2024\/12\/Aldi-au-coeur-dune-polemique.jpg\" \/>\n\t<meta property=\"og:image:width\" content=\"1200\" \/>\n\t<meta property=\"og:image:height\" content=\"675\" \/>\n\t<meta property=\"og:image:type\" content=\"image\/jpeg\" \/>\n<meta name=\"author\" content=\"Guillaume Chen\" \/>\n<meta name=\"twitter:card\" content=\"summary_large_image\" \/>\n<meta name=\"twitter:label1\" content=\"\u00c9crit par\" \/>\n\t<meta name=\"twitter:data1\" content=\"Guillaume Chen\" \/>\n\t<meta name=\"twitter:label2\" content=\"Dur\u00e9e de lecture estim\u00e9e\" \/>\n\t<meta name=\"twitter:data2\" content=\"3 minutes\" \/>\n<script type=\"application\/ld+json\" class=\"yoast-schema-graph\">{\"@context\":\"https:\/\/schema.org\",\"@graph\":[{\"@type\":\"Article\",\"@id\":\"https:\/\/www.svalbard.fr\/actualites\/aldi-au-coeur-dune-polemique-apres-une-avalanche-de-plaintes-de-clients-en-belgique\/#article\",\"isPartOf\":{\"@id\":\"https:\/\/www.svalbard.fr\/actualites\/aldi-au-coeur-dune-polemique-apres-une-avalanche-de-plaintes-de-clients-en-belgique\/\"},\"author\":{\"name\":\"Guillaume Chen\",\"@id\":\"https:\/\/www.svalbard.fr\/actualites\/#\/schema\/person\/b9d185560b94bff7322d37cb676ee545\"},\"headline\":\"Aldi au c\u0153ur d\u2019une pol\u00e9mique apr\u00e8s une avalanche de plaintes de clients en Belgique\",\"datePublished\":\"2024-12-22T07:30:00+00:00\",\"dateModified\":\"2024-12-20T07:41:59+00:00\",\"mainEntityOfPage\":{\"@id\":\"https:\/\/www.svalbard.fr\/actualites\/aldi-au-coeur-dune-polemique-apres-une-avalanche-de-plaintes-de-clients-en-belgique\/\"},\"wordCount\":538,\"publisher\":{\"@id\":\"https:\/\/www.svalbard.fr\/actualites\/#organization\"},\"articleSection\":[\"Tendances\"],\"inLanguage\":\"fr-FR\"},{\"@type\":\"WebPage\",\"@id\":\"https:\/\/www.svalbard.fr\/actualites\/aldi-au-coeur-dune-polemique-apres-une-avalanche-de-plaintes-de-clients-en-belgique\/\",\"url\":\"https:\/\/www.svalbard.fr\/actualites\/aldi-au-coeur-dune-polemique-apres-une-avalanche-de-plaintes-de-clients-en-belgique\/\",\"name\":\"Aldi au c\u0153ur d\u2019une pol\u00e9mique apr\u00e8s une avalanche de plaintes de clients en Belgique\",\"isPartOf\":{\"@id\":\"https:\/\/www.svalbard.fr\/actualites\/#website\"},\"datePublished\":\"2024-12-22T07:30:00+00:00\",\"dateModified\":\"2024-12-20T07:41:59+00:00\",\"breadcrumb\":{\"@id\":\"https:\/\/www.svalbard.fr\/actualites\/aldi-au-coeur-dune-polemique-apres-une-avalanche-de-plaintes-de-clients-en-belgique\/#breadcrumb\"},\"inLanguage\":\"fr-FR\",\"potentialAction\":[{\"@type\":\"ReadAction\",\"target\":[\"https:\/\/www.svalbard.fr\/actualites\/aldi-au-coeur-dune-polemique-apres-une-avalanche-de-plaintes-de-clients-en-belgique\/\"]}]},{\"@type\":\"BreadcrumbList\",\"@id\":\"https:\/\/www.svalbard.fr\/actualites\/aldi-au-coeur-dune-polemique-apres-une-avalanche-de-plaintes-de-clients-en-belgique\/#breadcrumb\",\"itemListElement\":[{\"@type\":\"ListItem\",\"position\":1,\"name\":\"Accueil\",\"item\":\"https:\/\/www.svalbard.fr\/actualites\/\"},{\"@type\":\"ListItem\",\"position\":2,\"name\":\"Aldi au c\u0153ur d\u2019une pol\u00e9mique apr\u00e8s une avalanche de plaintes de clients en Belgique\"}]},{\"@type\":\"WebSite\",\"@id\":\"https:\/\/www.svalbard.fr\/actualites\/#website\",\"url\":\"https:\/\/www.svalbard.fr\/actualites\/\",\"name\":\"www.Svalbard.fr\",\"description\":\"\",\"publisher\":{\"@id\":\"https:\/\/www.svalbard.fr\/actualites\/#organization\"},\"potentialAction\":[{\"@type\":\"SearchAction\",\"target\":{\"@type\":\"EntryPoint\",\"urlTemplate\":\"https:\/\/www.svalbard.fr\/actualites\/?s={search_term_string}\"},\"query-input\":\"required name=search_term_string\"}],\"inLanguage\":\"fr-FR\"},{\"@type\":\"Organization\",\"@id\":\"https:\/\/www.svalbard.fr\/actualites\/#organization\",\"name\":\"www.Svalbard.fr\",\"url\":\"https:\/\/www.svalbard.fr\/actualites\/\",\"logo\":{\"@type\":\"ImageObject\",\"inLanguage\":\"fr-FR\",\"@id\":\"https:\/\/www.svalbard.fr\/actualites\/#\/schema\/logo\/image\/\",\"url\":\"https:\/\/www.svalbard.fr\/actualites\/wp-content\/uploads\/2023\/09\/head-nom.jpg\",\"contentUrl\":\"https:\/\/www.svalbard.fr\/actualites\/wp-content\/uploads\/2023\/09\/head-nom.jpg\",\"width\":264,\"height\":35,\"caption\":\"www.Svalbard.fr\"},\"image\":{\"@id\":\"https:\/\/www.svalbard.fr\/actualites\/#\/schema\/logo\/image\/\"}},{\"@type\":\"Person\",\"@id\":\"https:\/\/www.svalbard.fr\/actualites\/#\/schema\/person\/b9d185560b94bff7322d37cb676ee545\",\"name\":\"Guillaume Chen\",\"image\":{\"@type\":\"ImageObject\",\"inLanguage\":\"fr-FR\",\"@id\":\"https:\/\/www.svalbard.fr\/actualites\/#\/schema\/person\/image\/\",\"url\":\"https:\/\/secure.gravatar.com\/avatar\/0c3f9c94586035b795ad4049a06fb048?s=96&d=mm&r=g\",\"contentUrl\":\"https:\/\/secure.gravatar.com\/avatar\/0c3f9c94586035b795ad4049a06fb048?s=96&d=mm&r=g\",\"caption\":\"Guillaume Chen\"},\"sameAs\":[\"https:\/\/www.svalbard.fr\/\"]}]}<\/script>\n<!-- \/ Yoast SEO plugin. -->","yoast_head_json":{"title":"Aldi au c\u0153ur d\u2019une pol\u00e9mique apr\u00e8s une avalanche de plaintes de clients en Belgique","robots":{"index":"index","follow":"follow","max-snippet":"max-snippet:-1","max-image-preview":"max-image-preview:large","max-video-preview":"max-video-preview:-1"},"canonical":"https:\/\/www.svalbard.fr\/actualites\/aldi-au-coeur-dune-polemique-apres-une-avalanche-de-plaintes-de-clients-en-belgique\/","og_locale":"fr_FR","og_type":"article","og_title":"Aldi au c\u0153ur d\u2019une pol\u00e9mique apr\u00e8s une avalanche de plaintes de clients en Belgique","og_description":"Une surprise de taille pour les clients d\u2019Aldi. Ces derni\u00e8res semaines, l\u2019enseigne discount s\u2019est retrouv\u00e9e sous les projecteurs en raison d\u2019une affaire pour le moins","og_url":"https:\/\/www.svalbard.fr\/actualites\/aldi-au-coeur-dune-polemique-apres-une-avalanche-de-plaintes-de-clients-en-belgique\/","og_site_name":"www.Svalbard.fr","article_published_time":"2024-12-22T07:30:00+00:00","article_modified_time":"2024-12-20T07:41:59+00:00","og_image":[{"width":1200,"height":675,"url":"https:\/\/www.svalbard.fr\/actualites\/wp-content\/uploads\/2024\/12\/Aldi-au-coeur-dune-polemique.jpg","type":"image\/jpeg"}],"author":"Guillaume Chen","twitter_card":"summary_large_image","twitter_misc":{"\u00c9crit par":"Guillaume Chen","Dur\u00e9e de lecture estim\u00e9e":"3 minutes"},"schema":{"@context":"https:\/\/schema.org","@graph":[{"@type":"Article","@id":"https:\/\/www.svalbard.fr\/actualites\/aldi-au-coeur-dune-polemique-apres-une-avalanche-de-plaintes-de-clients-en-belgique\/#article","isPartOf":{"@id":"https:\/\/www.svalbard.fr\/actualites\/aldi-au-coeur-dune-polemique-apres-une-avalanche-de-plaintes-de-clients-en-belgique\/"},"author":{"name":"Guillaume Chen","@id":"https:\/\/www.svalbard.fr\/actualites\/#\/schema\/person\/b9d185560b94bff7322d37cb676ee545"},"headline":"Aldi au c\u0153ur d\u2019une pol\u00e9mique apr\u00e8s une avalanche de plaintes de clients en Belgique","datePublished":"2024-12-22T07:30:00+00:00","dateModified":"2024-12-20T07:41:59+00:00","mainEntityOfPage":{"@id":"https:\/\/www.svalbard.fr\/actualites\/aldi-au-coeur-dune-polemique-apres-une-avalanche-de-plaintes-de-clients-en-belgique\/"},"wordCount":538,"publisher":{"@id":"https:\/\/www.svalbard.fr\/actualites\/#organization"},"articleSection":["Tendances"],"inLanguage":"fr-FR"},{"@type":"WebPage","@id":"https:\/\/www.svalbard.fr\/actualites\/aldi-au-coeur-dune-polemique-apres-une-avalanche-de-plaintes-de-clients-en-belgique\/","url":"https:\/\/www.svalbard.fr\/actualites\/aldi-au-coeur-dune-polemique-apres-une-avalanche-de-plaintes-de-clients-en-belgique\/","name":"Aldi au c\u0153ur d\u2019une pol\u00e9mique apr\u00e8s une avalanche de plaintes de clients en Belgique","isPartOf":{"@id":"https:\/\/www.svalbard.fr\/actualites\/#website"},"datePublished":"2024-12-22T07:30:00+00:00","dateModified":"2024-12-20T07:41:59+00:00","breadcrumb":{"@id":"https:\/\/www.svalbard.fr\/actualites\/aldi-au-coeur-dune-polemique-apres-une-avalanche-de-plaintes-de-clients-en-belgique\/#breadcrumb"},"inLanguage":"fr-FR","potentialAction":[{"@type":"ReadAction","target":["https:\/\/www.svalbard.fr\/actualites\/aldi-au-coeur-dune-polemique-apres-une-avalanche-de-plaintes-de-clients-en-belgique\/"]}]},{"@type":"BreadcrumbList","@id":"https:\/\/www.svalbard.fr\/actualites\/aldi-au-coeur-dune-polemique-apres-une-avalanche-de-plaintes-de-clients-en-belgique\/#breadcrumb","itemListElement":[{"@type":"ListItem","position":1,"name":"Accueil","item":"https:\/\/www.svalbard.fr\/actualites\/"},{"@type":"ListItem","position":2,"name":"Aldi au c\u0153ur d\u2019une pol\u00e9mique apr\u00e8s une avalanche de plaintes de clients en Belgique"}]},{"@type":"WebSite","@id":"https:\/\/www.svalbard.fr\/actualites\/#website","url":"https:\/\/www.svalbard.fr\/actualites\/","name":"www.Svalbard.fr","description":"","publisher":{"@id":"https:\/\/www.svalbard.fr\/actualites\/#organization"},"potentialAction":[{"@type":"SearchAction","target":{"@type":"EntryPoint","urlTemplate":"https:\/\/www.svalbard.fr\/actualites\/?s={search_term_string}"},"query-input":"required name=search_term_string"}],"inLanguage":"fr-FR"},{"@type":"Organization","@id":"https:\/\/www.svalbard.fr\/actualites\/#organization","name":"www.Svalbard.fr","url":"https:\/\/www.svalbard.fr\/actualites\/","logo":{"@type":"ImageObject","inLanguage":"fr-FR","@id":"https:\/\/www.svalbard.fr\/actualites\/#\/schema\/logo\/image\/","url":"https:\/\/www.svalbard.fr\/actualites\/wp-content\/uploads\/2023\/09\/head-nom.jpg","contentUrl":"https:\/\/www.svalbard.fr\/actualites\/wp-content\/uploads\/2023\/09\/head-nom.jpg","width":264,"height":35,"caption":"www.Svalbard.fr"},"image":{"@id":"https:\/\/www.svalbard.fr\/actualites\/#\/schema\/logo\/image\/"}},{"@type":"Person","@id":"https:\/\/www.svalbard.fr\/actualites\/#\/schema\/person\/b9d185560b94bff7322d37cb676ee545","name":"Guillaume Chen","image":{"@type":"ImageObject","inLanguage":"fr-FR","@id":"https:\/\/www.svalbard.fr\/actualites\/#\/schema\/person\/image\/","url":"https:\/\/secure.gravatar.com\/avatar\/0c3f9c94586035b795ad4049a06fb048?s=96&d=mm&r=g","contentUrl":"https:\/\/secure.gravatar.com\/avatar\/0c3f9c94586035b795ad4049a06fb048?s=96&d=mm&r=g","caption":"Guillaume Chen"},"sameAs":["https:\/\/www.svalbard.fr\/"]}]}},"_links":{"self":[{"href":"https:\/\/www.svalbard.fr\/actualites\/wp-json\/wp\/v2\/posts\/2086"}],"collection":[{"href":"https:\/\/www.svalbard.fr\/actualites\/wp-json\/wp\/v2\/posts"}],"about":[{"href":"https:\/\/www.svalbard.fr\/actualites\/wp-json\/wp\/v2\/types\/post"}],"author":[{"embeddable":true,"href":"https:\/\/www.svalbard.fr\/actualites\/wp-json\/wp\/v2\/users\/3"}],"replies":[{"embeddable":true,"href":"https:\/\/www.svalbard.fr\/actualites\/wp-json\/wp\/v2\/comments?post=2086"}],"version-history":[{"count":1,"href":"https:\/\/www.svalbard.fr\/actualites\/wp-json\/wp\/v2\/posts\/2086\/revisions"}],"predecessor-version":[{"id":2088,"href":"https:\/\/www.svalbard.fr\/actualites\/wp-json\/wp\/v2\/posts\/2086\/revisions\/2088"}],"wp:featuredmedia":[{"embeddable":true,"href":"https:\/\/www.svalbard.fr\/actualites\/wp-json\/wp\/v2\/media\/2087"}],"wp:attachment":[{"href":"https:\/\/www.svalbard.fr\/actualites\/wp-json\/wp\/v2\/media?parent=2086"}],"wp:term":[{"taxonomy":"category","embeddable":true,"href":"https:\/\/www.svalbard.fr\/actualites\/wp-json\/wp\/v2\/categories?post=2086"},{"taxonomy":"post_tag","embeddable":true,"href":"https:\/\/www.svalbard.fr\/actualites\/wp-json\/wp\/v2\/tags?post=2086"}],"curies":[{"name":"wp","href":"https:\/\/api.w.org\/{rel}","templated":true}]}}