{"id":2115,"date":"2025-01-01T10:50:00","date_gmt":"2025-01-01T09:50:00","guid":{"rendered":"https:\/\/www.svalbard.fr\/actualites\/?p=2115"},"modified":"2024-12-24T10:50:59","modified_gmt":"2024-12-24T09:50:59","slug":"aldi-accuse-de-pratiques-inhumaines-pour-gagner-du-temps-et-de-largent","status":"publish","type":"post","link":"https:\/\/www.svalbard.fr\/actualites\/aldi-accuse-de-pratiques-inhumaines-pour-gagner-du-temps-et-de-largent\/","title":{"rendered":"Aldi accus\u00e9 de pratiques \u00ab\u00a0inhumaines\u00a0\u00bb pour gagner du temps et de l\u2019argent"},"content":{"rendered":"\n<p><strong><em>La derni\u00e8re d\u00e9cision strat\u00e9gique d\u2019Aldi, g\u00e9ant de la grande distribution, a suscit\u00e9 une vague de critiques. Certains clients, m\u00e9contents, n\u2019ont pas h\u00e9sit\u00e9 \u00e0 qualifier cette d\u00e9marche d\u2019inhumaine, remettant en question l\u2019image d\u2019innovation et de proximit\u00e9 que l\u2019enseigne s\u2019efforce de v\u00e9hiculer.<\/em><\/strong><\/p>\n\n\n\n<!--more-->\n\n\n\n<h2 class=\"wp-block-heading\">Aldi : un acteur incontournable de la grande distribution<\/h2>\n\n\n\n<p>Dans un secteur ultra-concurrentiel o\u00f9 des enseignes comme <strong>Lidl<\/strong> et <strong><a href=\"https:\/\/www.svalbard.fr\/actualites\/aldi-au-coeur-dune-polemique-apres-une-avalanche-de-plaintes-de-clients-en-belgique\/\">Aldi<\/a><\/strong> rivalisent pour proposer les <strong>meilleurs prix<\/strong>, chaque strat\u00e9gie compte. Avec <strong>12 000 magasins r\u00e9partis dans 18 pays<\/strong> et un chiffre d\u2019affaires d\u00e9passant les <strong>100 milliards d\u2019euros en 2022<\/strong>, Aldi est devenu un poids lourd du march\u00e9, particuli\u00e8rement dans le domaine alimentaire.<\/p>\n\n\n\n<p>Le succ\u00e8s d\u2019Aldi repose sur ses <strong>produits de qualit\u00e9<\/strong>, une offre diversifi\u00e9e et une capacit\u00e9 \u00e0 innover pour r\u00e9pondre aux attentes de ses clients. Cependant, sa derni\u00e8re initiative, bien que novatrice, divise fortement l\u2019opinion.<\/p>\n\n\n\n<h2 class=\"wp-block-heading\">Une strat\u00e9gie publicitaire innovante mais critiqu\u00e9e<\/h2>\n\n\n\n<p>Aldi a r\u00e9cemment adopt\u00e9 une <strong>intelligence artificielle (IA)<\/strong> pour ses campagnes publicitaires, notamment aux <strong>Pays-Bas<\/strong>. L\u2019enseigne a utilis\u00e9 les <strong>voix de dix de ses salari\u00e9s<\/strong> pour cr\u00e9er une banque sonore, permettant \u00e0 l\u2019IA de produire des messages publicitaires diffus\u00e9s \u00e0 la fois \u00e0 la radio et \u00e0 la t\u00e9l\u00e9vision.<\/p>\n\n\n\n<p>Cette technologie offre plusieurs avantages : elle est <strong>disponible \u00e0 tout moment<\/strong>, \u00e9limine les variations de ton et garantit une coh\u00e9rence sonore. Toutefois, cette avanc\u00e9e a mis de c\u00f4t\u00e9 l\u2019acteur n\u00e9erlandais <strong>Diederik Ebbinge<\/strong>, c\u00e9l\u00e8bre pour \u00eatre la voix embl\u00e9matique des produits Aldi. Ce remplacement n\u2019a pas manqu\u00e9 de faire r\u00e9agir, notamment parmi les adeptes des publicit\u00e9s classiques.<\/p>\n\n\n\n<h2 class=\"wp-block-heading\">Des r\u00e9actions mitig\u00e9es des clients<\/h2>\n\n\n\n<p>D\u00e8s la diffusion des premi\u00e8res publicit\u00e9s utilisant cette <strong>voix artificielle<\/strong>, les critiques ont afflu\u00e9. De nombreux clients jugent le r\u00e9sultat <strong>d\u00e9cevant<\/strong>, d\u00e9crivant la voix comme <strong>nasillarde<\/strong> et d\u00e9nu\u00e9e d\u2019\u00e9motion, un contraste frappant avec une voix humaine chaleureuse et engageante.<\/p>\n\n\n\n<p>Sur les <strong>r\u00e9seaux sociaux<\/strong>, certains consommateurs n\u2019ont pas h\u00e9sit\u00e9 \u00e0 qualifier cette initiative de v\u00e9ritable <strong>erreur strat\u00e9gique<\/strong>, tandis que d\u2019autres y voient une tentative maladroite d\u2019innovation. Pour certains, cela donne l\u2019impression d\u2019un <strong>poisson d\u2019avril tardif<\/strong>, plut\u00f4t qu\u2019une avanc\u00e9e technologique r\u00e9ellement utile.<\/p>\n\n\n\n<h2 class=\"wp-block-heading\">Une strat\u00e9gie qui divise, mais qui reste dans la lign\u00e9e des ambitions d\u2019Aldi<\/h2>\n\n\n\n<p>Malgr\u00e9 les critiques, cette d\u00e9marche s\u2019inscrit dans la volont\u00e9 d\u2019Aldi de rester \u00e0 la pointe de l\u2019innovation tout en r\u00e9duisant ses co\u00fbts. Avec la mont\u00e9e en puissance des <strong>intelligences artificielles<\/strong> dans le secteur commercial, il est probable que d\u2019autres enseignes suivent cette voie, m\u00eame si l\u2019accueil r\u00e9serv\u00e9 \u00e0 ces initiatives est encore incertain.<\/p>\n\n\n\n<h2 class=\"wp-block-heading\">Conclusion : un pari audacieux mais risqu\u00e9<\/h2>\n\n\n\n<p>Aldi, connu pour ses <strong>strat\u00e9gies audacieuses<\/strong>, a pris un risque avec cette initiative technologique. Si l\u2019introduction de l\u2019intelligence artificielle dans ses publicit\u00e9s montre une volont\u00e9 de modernisation, elle met \u00e9galement en lumi\u00e8re les d\u00e9fis d\u2019une telle transition. L\u2019\u00e9quilibre entre <strong>innovation<\/strong> et <strong>proximit\u00e9 humaine<\/strong> reste un d\u00e9fi de taille pour s\u00e9duire et fid\u00e9liser ses clients. Seul le temps dira si cette strat\u00e9gie permettra \u00e0 Aldi de maintenir sa position de leader ou si elle n\u00e9cessitera des ajustements.<\/p>\n","protected":false},"excerpt":{"rendered":"<p>La derni\u00e8re d\u00e9cision strat\u00e9gique d\u2019Aldi, g\u00e9ant de la grande distribution, a suscit\u00e9 une vague de critiques. Certains clients, m\u00e9contents, n\u2019ont pas h\u00e9sit\u00e9 \u00e0 qualifier cette<\/p>\n","protected":false},"author":3,"featured_media":2131,"comment_status":"closed","ping_status":"closed","sticky":false,"template":"","format":"standard","meta":{"footnotes":""},"categories":[1725],"tags":[],"yoast_head":"<!-- This site is optimized with the Yoast SEO plugin v21.0 - https:\/\/yoast.com\/wordpress\/plugins\/seo\/ -->\n<title>Aldi accus\u00e9 de pratiques &quot;inhumaines&quot; pour gagner du temps et de l\u2019argent<\/title>\n<meta name=\"robots\" content=\"index, follow, max-snippet:-1, max-image-preview:large, max-video-preview:-1\" \/>\n<link rel=\"canonical\" href=\"https:\/\/www.svalbard.fr\/actualites\/aldi-accuse-de-pratiques-inhumaines-pour-gagner-du-temps-et-de-largent\/\" \/>\n<meta property=\"og:locale\" content=\"fr_FR\" \/>\n<meta property=\"og:type\" content=\"article\" \/>\n<meta property=\"og:title\" content=\"Aldi accus\u00e9 de pratiques &quot;inhumaines&quot; pour gagner du temps et de l\u2019argent\" \/>\n<meta property=\"og:description\" content=\"La derni\u00e8re d\u00e9cision strat\u00e9gique d\u2019Aldi, g\u00e9ant de la grande distribution, a suscit\u00e9 une vague de critiques. Certains clients, m\u00e9contents, n\u2019ont pas h\u00e9sit\u00e9 \u00e0 qualifier cette\" \/>\n<meta property=\"og:url\" content=\"https:\/\/www.svalbard.fr\/actualites\/aldi-accuse-de-pratiques-inhumaines-pour-gagner-du-temps-et-de-largent\/\" \/>\n<meta property=\"og:site_name\" content=\"www.Svalbard.fr\" \/>\n<meta property=\"article:published_time\" content=\"2025-01-01T09:50:00+00:00\" \/>\n<meta property=\"article:modified_time\" content=\"2024-12-24T09:50:59+00:00\" \/>\n<meta property=\"og:image\" content=\"https:\/\/www.svalbard.fr\/actualites\/wp-content\/uploads\/2024\/12\/Aldi-accuse-de-pratiques-inhumaines-pour-gagner-du-temps-et-de-largent.jpeg\" \/>\n\t<meta property=\"og:image:width\" content=\"1200\" \/>\n\t<meta property=\"og:image:height\" content=\"675\" \/>\n\t<meta property=\"og:image:type\" content=\"image\/jpeg\" \/>\n<meta name=\"author\" content=\"Guillaume Chen\" \/>\n<meta name=\"twitter:card\" content=\"summary_large_image\" \/>\n<meta name=\"twitter:label1\" content=\"\u00c9crit par\" \/>\n\t<meta name=\"twitter:data1\" content=\"Guillaume Chen\" \/>\n\t<meta name=\"twitter:label2\" content=\"Dur\u00e9e de lecture estim\u00e9e\" \/>\n\t<meta name=\"twitter:data2\" content=\"3 minutes\" \/>\n<script type=\"application\/ld+json\" class=\"yoast-schema-graph\">{\"@context\":\"https:\/\/schema.org\",\"@graph\":[{\"@type\":\"Article\",\"@id\":\"https:\/\/www.svalbard.fr\/actualites\/aldi-accuse-de-pratiques-inhumaines-pour-gagner-du-temps-et-de-largent\/#article\",\"isPartOf\":{\"@id\":\"https:\/\/www.svalbard.fr\/actualites\/aldi-accuse-de-pratiques-inhumaines-pour-gagner-du-temps-et-de-largent\/\"},\"author\":{\"name\":\"Guillaume Chen\",\"@id\":\"https:\/\/www.svalbard.fr\/actualites\/#\/schema\/person\/b9d185560b94bff7322d37cb676ee545\"},\"headline\":\"Aldi accus\u00e9 de pratiques \u00ab\u00a0inhumaines\u00a0\u00bb pour gagner du temps et de l\u2019argent\",\"datePublished\":\"2025-01-01T09:50:00+00:00\",\"dateModified\":\"2024-12-24T09:50:59+00:00\",\"mainEntityOfPage\":{\"@id\":\"https:\/\/www.svalbard.fr\/actualites\/aldi-accuse-de-pratiques-inhumaines-pour-gagner-du-temps-et-de-largent\/\"},\"wordCount\":575,\"publisher\":{\"@id\":\"https:\/\/www.svalbard.fr\/actualites\/#organization\"},\"articleSection\":[\"Tendances\"],\"inLanguage\":\"fr-FR\"},{\"@type\":\"WebPage\",\"@id\":\"https:\/\/www.svalbard.fr\/actualites\/aldi-accuse-de-pratiques-inhumaines-pour-gagner-du-temps-et-de-largent\/\",\"url\":\"https:\/\/www.svalbard.fr\/actualites\/aldi-accuse-de-pratiques-inhumaines-pour-gagner-du-temps-et-de-largent\/\",\"name\":\"Aldi accus\u00e9 de pratiques \\\"inhumaines\\\" pour gagner du temps et de l\u2019argent\",\"isPartOf\":{\"@id\":\"https:\/\/www.svalbard.fr\/actualites\/#website\"},\"datePublished\":\"2025-01-01T09:50:00+00:00\",\"dateModified\":\"2024-12-24T09:50:59+00:00\",\"breadcrumb\":{\"@id\":\"https:\/\/www.svalbard.fr\/actualites\/aldi-accuse-de-pratiques-inhumaines-pour-gagner-du-temps-et-de-largent\/#breadcrumb\"},\"inLanguage\":\"fr-FR\",\"potentialAction\":[{\"@type\":\"ReadAction\",\"target\":[\"https:\/\/www.svalbard.fr\/actualites\/aldi-accuse-de-pratiques-inhumaines-pour-gagner-du-temps-et-de-largent\/\"]}]},{\"@type\":\"BreadcrumbList\",\"@id\":\"https:\/\/www.svalbard.fr\/actualites\/aldi-accuse-de-pratiques-inhumaines-pour-gagner-du-temps-et-de-largent\/#breadcrumb\",\"itemListElement\":[{\"@type\":\"ListItem\",\"position\":1,\"name\":\"Accueil\",\"item\":\"https:\/\/www.svalbard.fr\/actualites\/\"},{\"@type\":\"ListItem\",\"position\":2,\"name\":\"Aldi accus\u00e9 de pratiques \u00ab\u00a0inhumaines\u00a0\u00bb pour gagner du temps et de l\u2019argent\"}]},{\"@type\":\"WebSite\",\"@id\":\"https:\/\/www.svalbard.fr\/actualites\/#website\",\"url\":\"https:\/\/www.svalbard.fr\/actualites\/\",\"name\":\"www.Svalbard.fr\",\"description\":\"\",\"publisher\":{\"@id\":\"https:\/\/www.svalbard.fr\/actualites\/#organization\"},\"potentialAction\":[{\"@type\":\"SearchAction\",\"target\":{\"@type\":\"EntryPoint\",\"urlTemplate\":\"https:\/\/www.svalbard.fr\/actualites\/?s={search_term_string}\"},\"query-input\":\"required name=search_term_string\"}],\"inLanguage\":\"fr-FR\"},{\"@type\":\"Organization\",\"@id\":\"https:\/\/www.svalbard.fr\/actualites\/#organization\",\"name\":\"www.Svalbard.fr\",\"url\":\"https:\/\/www.svalbard.fr\/actualites\/\",\"logo\":{\"@type\":\"ImageObject\",\"inLanguage\":\"fr-FR\",\"@id\":\"https:\/\/www.svalbard.fr\/actualites\/#\/schema\/logo\/image\/\",\"url\":\"https:\/\/www.svalbard.fr\/actualites\/wp-content\/uploads\/2023\/09\/head-nom.jpg\",\"contentUrl\":\"https:\/\/www.svalbard.fr\/actualites\/wp-content\/uploads\/2023\/09\/head-nom.jpg\",\"width\":264,\"height\":35,\"caption\":\"www.Svalbard.fr\"},\"image\":{\"@id\":\"https:\/\/www.svalbard.fr\/actualites\/#\/schema\/logo\/image\/\"}},{\"@type\":\"Person\",\"@id\":\"https:\/\/www.svalbard.fr\/actualites\/#\/schema\/person\/b9d185560b94bff7322d37cb676ee545\",\"name\":\"Guillaume Chen\",\"image\":{\"@type\":\"ImageObject\",\"inLanguage\":\"fr-FR\",\"@id\":\"https:\/\/www.svalbard.fr\/actualites\/#\/schema\/person\/image\/\",\"url\":\"https:\/\/secure.gravatar.com\/avatar\/0c3f9c94586035b795ad4049a06fb048?s=96&d=mm&r=g\",\"contentUrl\":\"https:\/\/secure.gravatar.com\/avatar\/0c3f9c94586035b795ad4049a06fb048?s=96&d=mm&r=g\",\"caption\":\"Guillaume Chen\"},\"sameAs\":[\"https:\/\/www.svalbard.fr\/\"]}]}<\/script>\n<!-- \/ Yoast SEO plugin. -->","yoast_head_json":{"title":"Aldi accus\u00e9 de pratiques \"inhumaines\" pour gagner du temps et de l\u2019argent","robots":{"index":"index","follow":"follow","max-snippet":"max-snippet:-1","max-image-preview":"max-image-preview:large","max-video-preview":"max-video-preview:-1"},"canonical":"https:\/\/www.svalbard.fr\/actualites\/aldi-accuse-de-pratiques-inhumaines-pour-gagner-du-temps-et-de-largent\/","og_locale":"fr_FR","og_type":"article","og_title":"Aldi accus\u00e9 de pratiques \"inhumaines\" pour gagner du temps et de l\u2019argent","og_description":"La derni\u00e8re d\u00e9cision strat\u00e9gique d\u2019Aldi, g\u00e9ant de la grande distribution, a suscit\u00e9 une vague de critiques. Certains clients, m\u00e9contents, n\u2019ont pas h\u00e9sit\u00e9 \u00e0 qualifier cette","og_url":"https:\/\/www.svalbard.fr\/actualites\/aldi-accuse-de-pratiques-inhumaines-pour-gagner-du-temps-et-de-largent\/","og_site_name":"www.Svalbard.fr","article_published_time":"2025-01-01T09:50:00+00:00","article_modified_time":"2024-12-24T09:50:59+00:00","og_image":[{"width":1200,"height":675,"url":"https:\/\/www.svalbard.fr\/actualites\/wp-content\/uploads\/2024\/12\/Aldi-accuse-de-pratiques-inhumaines-pour-gagner-du-temps-et-de-largent.jpeg","type":"image\/jpeg"}],"author":"Guillaume Chen","twitter_card":"summary_large_image","twitter_misc":{"\u00c9crit par":"Guillaume Chen","Dur\u00e9e de lecture estim\u00e9e":"3 minutes"},"schema":{"@context":"https:\/\/schema.org","@graph":[{"@type":"Article","@id":"https:\/\/www.svalbard.fr\/actualites\/aldi-accuse-de-pratiques-inhumaines-pour-gagner-du-temps-et-de-largent\/#article","isPartOf":{"@id":"https:\/\/www.svalbard.fr\/actualites\/aldi-accuse-de-pratiques-inhumaines-pour-gagner-du-temps-et-de-largent\/"},"author":{"name":"Guillaume Chen","@id":"https:\/\/www.svalbard.fr\/actualites\/#\/schema\/person\/b9d185560b94bff7322d37cb676ee545"},"headline":"Aldi accus\u00e9 de pratiques \u00ab\u00a0inhumaines\u00a0\u00bb pour gagner du temps et de l\u2019argent","datePublished":"2025-01-01T09:50:00+00:00","dateModified":"2024-12-24T09:50:59+00:00","mainEntityOfPage":{"@id":"https:\/\/www.svalbard.fr\/actualites\/aldi-accuse-de-pratiques-inhumaines-pour-gagner-du-temps-et-de-largent\/"},"wordCount":575,"publisher":{"@id":"https:\/\/www.svalbard.fr\/actualites\/#organization"},"articleSection":["Tendances"],"inLanguage":"fr-FR"},{"@type":"WebPage","@id":"https:\/\/www.svalbard.fr\/actualites\/aldi-accuse-de-pratiques-inhumaines-pour-gagner-du-temps-et-de-largent\/","url":"https:\/\/www.svalbard.fr\/actualites\/aldi-accuse-de-pratiques-inhumaines-pour-gagner-du-temps-et-de-largent\/","name":"Aldi accus\u00e9 de pratiques \"inhumaines\" pour gagner du temps et de l\u2019argent","isPartOf":{"@id":"https:\/\/www.svalbard.fr\/actualites\/#website"},"datePublished":"2025-01-01T09:50:00+00:00","dateModified":"2024-12-24T09:50:59+00:00","breadcrumb":{"@id":"https:\/\/www.svalbard.fr\/actualites\/aldi-accuse-de-pratiques-inhumaines-pour-gagner-du-temps-et-de-largent\/#breadcrumb"},"inLanguage":"fr-FR","potentialAction":[{"@type":"ReadAction","target":["https:\/\/www.svalbard.fr\/actualites\/aldi-accuse-de-pratiques-inhumaines-pour-gagner-du-temps-et-de-largent\/"]}]},{"@type":"BreadcrumbList","@id":"https:\/\/www.svalbard.fr\/actualites\/aldi-accuse-de-pratiques-inhumaines-pour-gagner-du-temps-et-de-largent\/#breadcrumb","itemListElement":[{"@type":"ListItem","position":1,"name":"Accueil","item":"https:\/\/www.svalbard.fr\/actualites\/"},{"@type":"ListItem","position":2,"name":"Aldi accus\u00e9 de pratiques \u00ab\u00a0inhumaines\u00a0\u00bb pour gagner du temps et de l\u2019argent"}]},{"@type":"WebSite","@id":"https:\/\/www.svalbard.fr\/actualites\/#website","url":"https:\/\/www.svalbard.fr\/actualites\/","name":"www.Svalbard.fr","description":"","publisher":{"@id":"https:\/\/www.svalbard.fr\/actualites\/#organization"},"potentialAction":[{"@type":"SearchAction","target":{"@type":"EntryPoint","urlTemplate":"https:\/\/www.svalbard.fr\/actualites\/?s={search_term_string}"},"query-input":"required name=search_term_string"}],"inLanguage":"fr-FR"},{"@type":"Organization","@id":"https:\/\/www.svalbard.fr\/actualites\/#organization","name":"www.Svalbard.fr","url":"https:\/\/www.svalbard.fr\/actualites\/","logo":{"@type":"ImageObject","inLanguage":"fr-FR","@id":"https:\/\/www.svalbard.fr\/actualites\/#\/schema\/logo\/image\/","url":"https:\/\/www.svalbard.fr\/actualites\/wp-content\/uploads\/2023\/09\/head-nom.jpg","contentUrl":"https:\/\/www.svalbard.fr\/actualites\/wp-content\/uploads\/2023\/09\/head-nom.jpg","width":264,"height":35,"caption":"www.Svalbard.fr"},"image":{"@id":"https:\/\/www.svalbard.fr\/actualites\/#\/schema\/logo\/image\/"}},{"@type":"Person","@id":"https:\/\/www.svalbard.fr\/actualites\/#\/schema\/person\/b9d185560b94bff7322d37cb676ee545","name":"Guillaume Chen","image":{"@type":"ImageObject","inLanguage":"fr-FR","@id":"https:\/\/www.svalbard.fr\/actualites\/#\/schema\/person\/image\/","url":"https:\/\/secure.gravatar.com\/avatar\/0c3f9c94586035b795ad4049a06fb048?s=96&d=mm&r=g","contentUrl":"https:\/\/secure.gravatar.com\/avatar\/0c3f9c94586035b795ad4049a06fb048?s=96&d=mm&r=g","caption":"Guillaume Chen"},"sameAs":["https:\/\/www.svalbard.fr\/"]}]}},"_links":{"self":[{"href":"https:\/\/www.svalbard.fr\/actualites\/wp-json\/wp\/v2\/posts\/2115"}],"collection":[{"href":"https:\/\/www.svalbard.fr\/actualites\/wp-json\/wp\/v2\/posts"}],"about":[{"href":"https:\/\/www.svalbard.fr\/actualites\/wp-json\/wp\/v2\/types\/post"}],"author":[{"embeddable":true,"href":"https:\/\/www.svalbard.fr\/actualites\/wp-json\/wp\/v2\/users\/3"}],"replies":[{"embeddable":true,"href":"https:\/\/www.svalbard.fr\/actualites\/wp-json\/wp\/v2\/comments?post=2115"}],"version-history":[{"count":3,"href":"https:\/\/www.svalbard.fr\/actualites\/wp-json\/wp\/v2\/posts\/2115\/revisions"}],"predecessor-version":[{"id":2154,"href":"https:\/\/www.svalbard.fr\/actualites\/wp-json\/wp\/v2\/posts\/2115\/revisions\/2154"}],"wp:featuredmedia":[{"embeddable":true,"href":"https:\/\/www.svalbard.fr\/actualites\/wp-json\/wp\/v2\/media\/2131"}],"wp:attachment":[{"href":"https:\/\/www.svalbard.fr\/actualites\/wp-json\/wp\/v2\/media?parent=2115"}],"wp:term":[{"taxonomy":"category","embeddable":true,"href":"https:\/\/www.svalbard.fr\/actualites\/wp-json\/wp\/v2\/categories?post=2115"},{"taxonomy":"post_tag","embeddable":true,"href":"https:\/\/www.svalbard.fr\/actualites\/wp-json\/wp\/v2\/tags?post=2115"}],"curies":[{"name":"wp","href":"https:\/\/api.w.org\/{rel}","templated":true}]}}