{"id":2234,"date":"2025-01-12T17:23:24","date_gmt":"2025-01-12T16:23:24","guid":{"rendered":"https:\/\/www.svalbard.fr\/actualites\/la-reine-sonja-transportee-durgence-a-lhopital-apres-un-incident-de-ski\/"},"modified":"2025-01-12T17:23:28","modified_gmt":"2025-01-12T16:23:28","slug":"la-reine-sonja-transportee-durgence-a-lhopital-apres-un-incident-de-ski","status":"publish","type":"post","link":"https:\/\/www.svalbard.fr\/actualites\/la-reine-sonja-transportee-durgence-a-lhopital-apres-un-incident-de-ski\/","title":{"rendered":"La reine Sonja transport\u00e9e d&#39;urgence \u00e0 l&#39;h\u00f4pital apr\u00e8s un \u00ab\u00a0incident de ski\u00a0\u00bb"},"content":{"rendered":"<div>\n<p>La reine Sonja de Norv\u00e8ge a \u00e9t\u00e9 admise \u00e0 l&#39;h\u00f4pital apr\u00e8s avoir subi une blessure li\u00e9e au ski samedi, a r\u00e9v\u00e9l\u00e9 la maison royale norv\u00e9gienne.<\/p>\n<p>La reine de Norv\u00e8ge souffrirait de fibrillation auriculaire qui, selon le site Internet du NHS, est une maladie cardiaque qui provoque une fr\u00e9quence cardiaque irr\u00e9guli\u00e8re et souvent anormalement rapide.<\/p>\n<p>Malgr\u00e9 la visite \u00e0 l&#39;h\u00f4pital, la famille &#8211; via le Swedish Herald &#8211; a d\u00e9clar\u00e9 que l&#39;\u00e9tat de sant\u00e9 de l&#39;homme de 87 ans ne semblait pas grave.<\/p>\n<p>Apr\u00e8s sa visite \u00e0 l&#39;h\u00f4pital de Lillehammer, le palais a annonc\u00e9 que la reine Sonja &#8211; mari\u00e9e au roi Harald V de Norv\u00e8ge, \u00e9galement \u00e2g\u00e9 de 87 ans &#8211; \u00e9tait d\u00e9sormais sortie avec un rythme cardiaque normal.<\/p>\n<p>En raison de la blessure li\u00e9e au ski, le calendrier royal de la reine de Norv\u00e8ge est d\u00e9sormais libre d&#39;engagements au cours des prochaines semaines.<\/p>\n<\/div>\n<div>\n<p>Depuis que la nouvelle de sa blessure a \u00e9t\u00e9 annonc\u00e9e, le Premier ministre Jonas Gahr St\u00f8re a publi\u00e9 une d\u00e9claration \u00e0 NTB, une agence de presse norv\u00e9gienne.<\/p>\n<p>Il a d\u00e9clar\u00e9 qu&#39;il souhaitait \u00e0 la reine de Norv\u00e8ge un prompt r\u00e9tablissement \u00ab\u00a0et esp\u00e8re qu&#39;elle sera bient\u00f4t pr\u00eate pour de nouveaux voyages de ski\u00a0\u00bb.<\/p>\n<p>Cela survient apr\u00e8s que son mari soit tomb\u00e9 malade pendant ses vacances avec sa femme et qu&#39;il ait ensuite \u00e9t\u00e9 \u00e9quip\u00e9 d&#39;un stimulateur cardiaque en mars dernier.<\/p>\n<p>Malgr\u00e9 ses probl\u00e8mes de sant\u00e9 ces derni\u00e8res ann\u00e9es, le roi de Norv\u00e8ge n\u2019aurait pas l\u2019intention d\u2019abdiquer. Sa cousine germaine, la reine Margrethe II du Danemark, a annonc\u00e9 son abdication l&#39;ann\u00e9e derni\u00e8re.<\/p>\n<p>La famille royale a annonc\u00e9 plus tard que le monarque r\u00e9duirait toutefois ses fonctions officielles, notamment en raison de son \u00e2ge.<\/p>\n<\/div>\n","protected":false},"excerpt":{"rendered":"<p>La reine Sonja de Norv\u00e8ge a \u00e9t\u00e9 admise \u00e0 l&#39;h\u00f4pital apr\u00e8s avoir subi une blessure li\u00e9e au ski samedi, a r\u00e9v\u00e9l\u00e9 la maison royale norv\u00e9gienne.<\/p>\n","protected":false},"author":1,"featured_media":2235,"comment_status":"closed","ping_status":"","sticky":false,"template":"","format":"standard","meta":{"footnotes":""},"categories":[1],"tags":[73,2006,297,2007,1234,1044,2004,2005],"yoast_head":"<!-- This site is optimized with the Yoast SEO plugin v21.0 - https:\/\/yoast.com\/wordpress\/plugins\/seo\/ -->\n<title>La reine Sonja transport\u00e9e d&#039;urgence \u00e0 l&#039;h\u00f4pital apr\u00e8s un &quot;incident de ski&quot;<\/title>\n<meta name=\"robots\" content=\"index, follow, max-snippet:-1, max-image-preview:large, max-video-preview:-1\" \/>\n<link rel=\"canonical\" href=\"https:\/\/www.svalbard.fr\/actualites\/la-reine-sonja-transportee-durgence-a-lhopital-apres-un-incident-de-ski\/\" \/>\n<meta property=\"og:locale\" content=\"fr_FR\" \/>\n<meta property=\"og:type\" content=\"article\" \/>\n<meta property=\"og:title\" content=\"La reine Sonja transport\u00e9e d&#039;urgence \u00e0 l&#039;h\u00f4pital apr\u00e8s un &quot;incident de ski&quot;\" \/>\n<meta property=\"og:description\" content=\"La reine Sonja de Norv\u00e8ge a \u00e9t\u00e9 admise \u00e0 l&#039;h\u00f4pital apr\u00e8s avoir subi une blessure li\u00e9e au ski samedi, a r\u00e9v\u00e9l\u00e9 la maison royale norv\u00e9gienne.\" \/>\n<meta property=\"og:url\" content=\"https:\/\/www.svalbard.fr\/actualites\/la-reine-sonja-transportee-durgence-a-lhopital-apres-un-incident-de-ski\/\" \/>\n<meta property=\"og:site_name\" content=\"www.Svalbard.fr\" \/>\n<meta property=\"article:published_time\" content=\"2025-01-12T16:23:24+00:00\" \/>\n<meta property=\"article:modified_time\" content=\"2025-01-12T16:23:28+00:00\" \/>\n<meta property=\"og:image\" content=\"https:\/\/www.svalbard.fr\/actualites\/wp-content\/uploads\/2025\/01\/La-reine-Sonja-transportee-d39urgence-a-l39hopital-apres-un-incident.jpg\" \/>\n\t<meta property=\"og:image:width\" content=\"1200\" \/>\n\t<meta property=\"og:image:height\" content=\"630\" \/>\n\t<meta property=\"og:image:type\" content=\"image\/jpeg\" \/>\n<meta name=\"author\" content=\"Hilmar\" \/>\n<meta name=\"twitter:card\" content=\"summary_large_image\" \/>\n<meta name=\"twitter:label1\" content=\"\u00c9crit par\" \/>\n\t<meta name=\"twitter:data1\" content=\"Hilmar\" \/>\n\t<meta name=\"twitter:label2\" content=\"Dur\u00e9e de lecture estim\u00e9e\" \/>\n\t<meta name=\"twitter:data2\" content=\"2 minutes\" \/>\n<script type=\"application\/ld+json\" class=\"yoast-schema-graph\">{\"@context\":\"https:\/\/schema.org\",\"@graph\":[{\"@type\":\"Article\",\"@id\":\"https:\/\/www.svalbard.fr\/actualites\/la-reine-sonja-transportee-durgence-a-lhopital-apres-un-incident-de-ski\/#article\",\"isPartOf\":{\"@id\":\"https:\/\/www.svalbard.fr\/actualites\/la-reine-sonja-transportee-durgence-a-lhopital-apres-un-incident-de-ski\/\"},\"author\":{\"name\":\"Hilmar\",\"@id\":\"https:\/\/www.svalbard.fr\/actualites\/#\/schema\/person\/a2f937d5712222366738fae98755c600\"},\"headline\":\"La reine Sonja transport\u00e9e d&#39;urgence \u00e0 l&#39;h\u00f4pital apr\u00e8s un \u00ab\u00a0incident de ski\u00a0\u00bb\",\"datePublished\":\"2025-01-12T16:23:24+00:00\",\"dateModified\":\"2025-01-12T16:23:28+00:00\",\"mainEntityOfPage\":{\"@id\":\"https:\/\/www.svalbard.fr\/actualites\/la-reine-sonja-transportee-durgence-a-lhopital-apres-un-incident-de-ski\/\"},\"wordCount\":337,\"publisher\":{\"@id\":\"https:\/\/www.svalbard.fr\/actualites\/#organization\"},\"keywords\":[\"apr\u00e8s\",\"d39urgence\",\"incident\",\"l39h\u00f4pital\",\"reine\",\"ski\",\"Sonja\",\"transport\u00e9e\"],\"articleSection\":[\"Svalbard\"],\"inLanguage\":\"fr-FR\"},{\"@type\":\"WebPage\",\"@id\":\"https:\/\/www.svalbard.fr\/actualites\/la-reine-sonja-transportee-durgence-a-lhopital-apres-un-incident-de-ski\/\",\"url\":\"https:\/\/www.svalbard.fr\/actualites\/la-reine-sonja-transportee-durgence-a-lhopital-apres-un-incident-de-ski\/\",\"name\":\"La reine Sonja transport\u00e9e d&#39;urgence \u00e0 l&#39;h\u00f4pital apr\u00e8s un \\\"incident de ski\\\"\",\"isPartOf\":{\"@id\":\"https:\/\/www.svalbard.fr\/actualites\/#website\"},\"datePublished\":\"2025-01-12T16:23:24+00:00\",\"dateModified\":\"2025-01-12T16:23:28+00:00\",\"breadcrumb\":{\"@id\":\"https:\/\/www.svalbard.fr\/actualites\/la-reine-sonja-transportee-durgence-a-lhopital-apres-un-incident-de-ski\/#breadcrumb\"},\"inLanguage\":\"fr-FR\",\"potentialAction\":[{\"@type\":\"ReadAction\",\"target\":[\"https:\/\/www.svalbard.fr\/actualites\/la-reine-sonja-transportee-durgence-a-lhopital-apres-un-incident-de-ski\/\"]}]},{\"@type\":\"BreadcrumbList\",\"@id\":\"https:\/\/www.svalbard.fr\/actualites\/la-reine-sonja-transportee-durgence-a-lhopital-apres-un-incident-de-ski\/#breadcrumb\",\"itemListElement\":[{\"@type\":\"ListItem\",\"position\":1,\"name\":\"Accueil\",\"item\":\"https:\/\/www.svalbard.fr\/actualites\/\"},{\"@type\":\"ListItem\",\"position\":2,\"name\":\"La reine Sonja transport\u00e9e d&#39;urgence \u00e0 l&#39;h\u00f4pital apr\u00e8s un \u00ab\u00a0incident de ski\u00a0\u00bb\"}]},{\"@type\":\"WebSite\",\"@id\":\"https:\/\/www.svalbard.fr\/actualites\/#website\",\"url\":\"https:\/\/www.svalbard.fr\/actualites\/\",\"name\":\"www.Svalbard.fr\",\"description\":\"\",\"publisher\":{\"@id\":\"https:\/\/www.svalbard.fr\/actualites\/#organization\"},\"potentialAction\":[{\"@type\":\"SearchAction\",\"target\":{\"@type\":\"EntryPoint\",\"urlTemplate\":\"https:\/\/www.svalbard.fr\/actualites\/?s={search_term_string}\"},\"query-input\":\"required name=search_term_string\"}],\"inLanguage\":\"fr-FR\"},{\"@type\":\"Organization\",\"@id\":\"https:\/\/www.svalbard.fr\/actualites\/#organization\",\"name\":\"www.Svalbard.fr\",\"url\":\"https:\/\/www.svalbard.fr\/actualites\/\",\"logo\":{\"@type\":\"ImageObject\",\"inLanguage\":\"fr-FR\",\"@id\":\"https:\/\/www.svalbard.fr\/actualites\/#\/schema\/logo\/image\/\",\"url\":\"https:\/\/www.svalbard.fr\/actualites\/wp-content\/uploads\/2023\/09\/head-nom.jpg\",\"contentUrl\":\"https:\/\/www.svalbard.fr\/actualites\/wp-content\/uploads\/2023\/09\/head-nom.jpg\",\"width\":264,\"height\":35,\"caption\":\"www.Svalbard.fr\"},\"image\":{\"@id\":\"https:\/\/www.svalbard.fr\/actualites\/#\/schema\/logo\/image\/\"}},{\"@type\":\"Person\",\"@id\":\"https:\/\/www.svalbard.fr\/actualites\/#\/schema\/person\/a2f937d5712222366738fae98755c600\",\"name\":\"Hilmar\",\"image\":{\"@type\":\"ImageObject\",\"inLanguage\":\"fr-FR\",\"@id\":\"https:\/\/www.svalbard.fr\/actualites\/#\/schema\/person\/image\/\",\"url\":\"https:\/\/secure.gravatar.com\/avatar\/4daa437093476dbc32da415c112b6512?s=96&d=mm&r=g\",\"contentUrl\":\"https:\/\/secure.gravatar.com\/avatar\/4daa437093476dbc32da415c112b6512?s=96&d=mm&r=g\",\"caption\":\"Hilmar\"},\"description\":\"Hilmar est un passionn\u00e9 des r\u00e9gions polaires, sp\u00e9cialis\u00e9 dans la r\u00e9daction d'articles sur le Spitzberg et autres destinations arctiques. Il apporte son expertise et sa passion pour l'Arctique au sein de l'\u00e9quipe de r\u00e9daction de Svalbard depuis de nombreuses ann\u00e9es.\",\"sameAs\":[\"https:\/\/www.svalbard.fr\/\"]}]}<\/script>\n<!-- \/ Yoast SEO plugin. -->","yoast_head_json":{"title":"La reine Sonja transport\u00e9e d&#39;urgence \u00e0 l&#39;h\u00f4pital apr\u00e8s un \"incident de ski\"","robots":{"index":"index","follow":"follow","max-snippet":"max-snippet:-1","max-image-preview":"max-image-preview:large","max-video-preview":"max-video-preview:-1"},"canonical":"https:\/\/www.svalbard.fr\/actualites\/la-reine-sonja-transportee-durgence-a-lhopital-apres-un-incident-de-ski\/","og_locale":"fr_FR","og_type":"article","og_title":"La reine Sonja transport\u00e9e d&#39;urgence \u00e0 l&#39;h\u00f4pital apr\u00e8s un \"incident de ski\"","og_description":"La reine Sonja de Norv\u00e8ge a \u00e9t\u00e9 admise \u00e0 l&#39;h\u00f4pital apr\u00e8s avoir subi une blessure li\u00e9e au ski samedi, a r\u00e9v\u00e9l\u00e9 la maison royale norv\u00e9gienne.","og_url":"https:\/\/www.svalbard.fr\/actualites\/la-reine-sonja-transportee-durgence-a-lhopital-apres-un-incident-de-ski\/","og_site_name":"www.Svalbard.fr","article_published_time":"2025-01-12T16:23:24+00:00","article_modified_time":"2025-01-12T16:23:28+00:00","og_image":[{"width":1200,"height":630,"url":"https:\/\/www.svalbard.fr\/actualites\/wp-content\/uploads\/2025\/01\/La-reine-Sonja-transportee-d39urgence-a-l39hopital-apres-un-incident.jpg","type":"image\/jpeg"}],"author":"Hilmar","twitter_card":"summary_large_image","twitter_misc":{"\u00c9crit par":"Hilmar","Dur\u00e9e de lecture estim\u00e9e":"2 minutes"},"schema":{"@context":"https:\/\/schema.org","@graph":[{"@type":"Article","@id":"https:\/\/www.svalbard.fr\/actualites\/la-reine-sonja-transportee-durgence-a-lhopital-apres-un-incident-de-ski\/#article","isPartOf":{"@id":"https:\/\/www.svalbard.fr\/actualites\/la-reine-sonja-transportee-durgence-a-lhopital-apres-un-incident-de-ski\/"},"author":{"name":"Hilmar","@id":"https:\/\/www.svalbard.fr\/actualites\/#\/schema\/person\/a2f937d5712222366738fae98755c600"},"headline":"La reine Sonja transport\u00e9e d&#39;urgence \u00e0 l&#39;h\u00f4pital apr\u00e8s un \u00ab\u00a0incident de ski\u00a0\u00bb","datePublished":"2025-01-12T16:23:24+00:00","dateModified":"2025-01-12T16:23:28+00:00","mainEntityOfPage":{"@id":"https:\/\/www.svalbard.fr\/actualites\/la-reine-sonja-transportee-durgence-a-lhopital-apres-un-incident-de-ski\/"},"wordCount":337,"publisher":{"@id":"https:\/\/www.svalbard.fr\/actualites\/#organization"},"keywords":["apr\u00e8s","d39urgence","incident","l39h\u00f4pital","reine","ski","Sonja","transport\u00e9e"],"articleSection":["Svalbard"],"inLanguage":"fr-FR"},{"@type":"WebPage","@id":"https:\/\/www.svalbard.fr\/actualites\/la-reine-sonja-transportee-durgence-a-lhopital-apres-un-incident-de-ski\/","url":"https:\/\/www.svalbard.fr\/actualites\/la-reine-sonja-transportee-durgence-a-lhopital-apres-un-incident-de-ski\/","name":"La reine Sonja transport\u00e9e d&#39;urgence \u00e0 l&#39;h\u00f4pital apr\u00e8s un \"incident de ski\"","isPartOf":{"@id":"https:\/\/www.svalbard.fr\/actualites\/#website"},"datePublished":"2025-01-12T16:23:24+00:00","dateModified":"2025-01-12T16:23:28+00:00","breadcrumb":{"@id":"https:\/\/www.svalbard.fr\/actualites\/la-reine-sonja-transportee-durgence-a-lhopital-apres-un-incident-de-ski\/#breadcrumb"},"inLanguage":"fr-FR","potentialAction":[{"@type":"ReadAction","target":["https:\/\/www.svalbard.fr\/actualites\/la-reine-sonja-transportee-durgence-a-lhopital-apres-un-incident-de-ski\/"]}]},{"@type":"BreadcrumbList","@id":"https:\/\/www.svalbard.fr\/actualites\/la-reine-sonja-transportee-durgence-a-lhopital-apres-un-incident-de-ski\/#breadcrumb","itemListElement":[{"@type":"ListItem","position":1,"name":"Accueil","item":"https:\/\/www.svalbard.fr\/actualites\/"},{"@type":"ListItem","position":2,"name":"La reine Sonja transport\u00e9e d&#39;urgence \u00e0 l&#39;h\u00f4pital apr\u00e8s un \u00ab\u00a0incident de ski\u00a0\u00bb"}]},{"@type":"WebSite","@id":"https:\/\/www.svalbard.fr\/actualites\/#website","url":"https:\/\/www.svalbard.fr\/actualites\/","name":"www.Svalbard.fr","description":"","publisher":{"@id":"https:\/\/www.svalbard.fr\/actualites\/#organization"},"potentialAction":[{"@type":"SearchAction","target":{"@type":"EntryPoint","urlTemplate":"https:\/\/www.svalbard.fr\/actualites\/?s={search_term_string}"},"query-input":"required name=search_term_string"}],"inLanguage":"fr-FR"},{"@type":"Organization","@id":"https:\/\/www.svalbard.fr\/actualites\/#organization","name":"www.Svalbard.fr","url":"https:\/\/www.svalbard.fr\/actualites\/","logo":{"@type":"ImageObject","inLanguage":"fr-FR","@id":"https:\/\/www.svalbard.fr\/actualites\/#\/schema\/logo\/image\/","url":"https:\/\/www.svalbard.fr\/actualites\/wp-content\/uploads\/2023\/09\/head-nom.jpg","contentUrl":"https:\/\/www.svalbard.fr\/actualites\/wp-content\/uploads\/2023\/09\/head-nom.jpg","width":264,"height":35,"caption":"www.Svalbard.fr"},"image":{"@id":"https:\/\/www.svalbard.fr\/actualites\/#\/schema\/logo\/image\/"}},{"@type":"Person","@id":"https:\/\/www.svalbard.fr\/actualites\/#\/schema\/person\/a2f937d5712222366738fae98755c600","name":"Hilmar","image":{"@type":"ImageObject","inLanguage":"fr-FR","@id":"https:\/\/www.svalbard.fr\/actualites\/#\/schema\/person\/image\/","url":"https:\/\/secure.gravatar.com\/avatar\/4daa437093476dbc32da415c112b6512?s=96&d=mm&r=g","contentUrl":"https:\/\/secure.gravatar.com\/avatar\/4daa437093476dbc32da415c112b6512?s=96&d=mm&r=g","caption":"Hilmar"},"description":"Hilmar est un passionn\u00e9 des r\u00e9gions polaires, sp\u00e9cialis\u00e9 dans la r\u00e9daction d'articles sur le Spitzberg et autres destinations arctiques. Il apporte son expertise et sa passion pour l'Arctique au sein de l'\u00e9quipe de r\u00e9daction de Svalbard depuis de nombreuses ann\u00e9es.","sameAs":["https:\/\/www.svalbard.fr\/"]}]}},"_links":{"self":[{"href":"https:\/\/www.svalbard.fr\/actualites\/wp-json\/wp\/v2\/posts\/2234"}],"collection":[{"href":"https:\/\/www.svalbard.fr\/actualites\/wp-json\/wp\/v2\/posts"}],"about":[{"href":"https:\/\/www.svalbard.fr\/actualites\/wp-json\/wp\/v2\/types\/post"}],"author":[{"embeddable":true,"href":"https:\/\/www.svalbard.fr\/actualites\/wp-json\/wp\/v2\/users\/1"}],"replies":[{"embeddable":true,"href":"https:\/\/www.svalbard.fr\/actualites\/wp-json\/wp\/v2\/comments?post=2234"}],"version-history":[{"count":1,"href":"https:\/\/www.svalbard.fr\/actualites\/wp-json\/wp\/v2\/posts\/2234\/revisions"}],"predecessor-version":[{"id":2236,"href":"https:\/\/www.svalbard.fr\/actualites\/wp-json\/wp\/v2\/posts\/2234\/revisions\/2236"}],"wp:featuredmedia":[{"embeddable":true,"href":"https:\/\/www.svalbard.fr\/actualites\/wp-json\/wp\/v2\/media\/2235"}],"wp:attachment":[{"href":"https:\/\/www.svalbard.fr\/actualites\/wp-json\/wp\/v2\/media?parent=2234"}],"wp:term":[{"taxonomy":"category","embeddable":true,"href":"https:\/\/www.svalbard.fr\/actualites\/wp-json\/wp\/v2\/categories?post=2234"},{"taxonomy":"post_tag","embeddable":true,"href":"https:\/\/www.svalbard.fr\/actualites\/wp-json\/wp\/v2\/tags?post=2234"}],"curies":[{"name":"wp","href":"https:\/\/api.w.org\/{rel}","templated":true}]}}