{"id":2241,"date":"2025-01-15T08:30:00","date_gmt":"2025-01-15T07:30:00","guid":{"rendered":"https:\/\/www.svalbard.fr\/actualites\/?p=2241"},"modified":"2025-01-14T12:28:21","modified_gmt":"2025-01-14T11:28:21","slug":"une-marque-chinoise-condamnee-a-6-millions-deuros-damende-pour-avoir-pretendu-que-ses-voitures-etaient-produites-en-italie","status":"publish","type":"post","link":"https:\/\/www.svalbard.fr\/actualites\/une-marque-chinoise-condamnee-a-6-millions-deuros-damende-pour-avoir-pretendu-que-ses-voitures-etaient-produites-en-italie\/","title":{"rendered":"Une marque chinoise condamn\u00e9e \u00e0 6 millions d&rsquo;euros d&rsquo;amende pour avoir pr\u00e9tendu que ses voitures \u00e9taient produites en Italie"},"content":{"rendered":"\n<p><strong><em>Le constructeur DR Automobiles, bien implant\u00e9 en Italie, a \u00e9t\u00e9 lourdement sanctionn\u00e9 pour pratiques commerciales trompeuses. L\u2019entreprise devra s\u2019acquitter d\u2019une amende de 6 millions d\u2019euros apr\u00e8s avoir pr\u00e9sent\u00e9 ses v\u00e9hicules comme \u00ab Made in Italy \u00bb, alors qu\u2019ils \u00e9taient int\u00e9gralement assembl\u00e9s en Chine. Retour sur une affaire qui soul\u00e8ve des questions sur la transparence dans l\u2019industrie automobile.<\/em><\/strong><\/p>\n\n\n\n<!--more-->\n\n\n\n<h2 class=\"wp-block-heading\">Une tromperie sur l\u2019origine des v\u00e9hicules<\/h2>\n\n\n\n<p>Selon les conclusions de l\u2019<strong>Autorit\u00e0 Garante della Concorrenza e del Mercato (AGCM)<\/strong>, les v\u00e9hicules DR Automobiles arrivaient d\u2019usines chinoises, enti\u00e8rement mont\u00e9s, dans des conteneurs. Une fois en <a href=\"https:\/\/www.svalbard.fr\/actualites\/les-jolis-points-chauds-deurope-ou-les-visiteurs-ont-jure-de-ne-pas-revenir-dont-deux-en-italie\/\"><strong>Italie<\/strong><\/a>, seules quelques \u00e9tapes mineures, comme l\u2019ajout des <strong>logos de la marque<\/strong>, \u00e9taient r\u00e9alis\u00e9es avant leur mise en vente.<\/p>\n\n\n\n<p>Le rapport officiel indique que depuis d\u00e9cembre 2021, le constructeur a revendiqu\u00e9 une production italienne pour ses mod\u00e8les, alors qu\u2019ils provenaient des cha\u00eenes d\u2019assemblage du constructeur chinois <strong>Chery<\/strong>. Cette strat\u00e9gie visait \u00e0 s\u00e9duire une client\u00e8le europ\u00e9enne attach\u00e9e \u00e0 l\u2019origine des produits, en capitalisant sur la <strong>renomm\u00e9e de la fabrication italienne<\/strong>.<\/p>\n\n\n\n<h2 class=\"wp-block-heading\">Des mod\u00e8les rebadg\u00e9s : la strat\u00e9gie DR Automobiles<\/h2>\n\n\n\n<p>Les mod\u00e8les phares, tels que les <strong>DR 3<\/strong> et <strong>DR 5<\/strong>, ne sont en r\u00e9alit\u00e9 que des versions l\u00e9g\u00e8rement modifi\u00e9es des <strong>Chery Tigo 2<\/strong> et <strong>Chery Tigo 4<\/strong>, produits en Chine. Des photographies prises \u00e0 la sortie des conteneurs montrent des v\u00e9hicules pr\u00eats \u00e0 l\u2019usage, n\u00e9cessitant seulement l\u2019installation de quelques embl\u00e8mes pour revendiquer une origine europ\u00e9enne.<\/p>\n\n\n\n<p>Cette m\u00e9thode permettait \u00e0 DR Automobiles de r\u00e9duire consid\u00e9rablement ses co\u00fbts de production, tout en <strong>b\u00e9n\u00e9ficiant d\u2019une image de marque trompeuse<\/strong>, bas\u00e9e sur une pr\u00e9tendue fabrication locale. Ce proc\u00e9d\u00e9 a \u00e9t\u00e9 jug\u00e9 inacceptable par l\u2019AGCM, car il influen\u00e7ait directement les d\u00e9cisions d\u2019achat des consommateurs, souvent s\u00e9duits par l\u2019id\u00e9e d\u2019acqu\u00e9rir un produit \u00ab made in Europe \u00bb.<\/p>\n\n\n\n<h2 class=\"wp-block-heading\">Un service apr\u00e8s-vente d\u00e9faillant point\u00e9 du doigt<\/h2>\n\n\n\n<p>Les accusations ne s\u2019arr\u00eatent pas l\u00e0. Le <strong>service apr\u00e8s-vente<\/strong> de DR Automobiles a \u00e9galement \u00e9t\u00e9 critiqu\u00e9 pour son manque d\u2019efficacit\u00e9. L\u2019approvisionnement en <strong>pi\u00e8ces d\u00e9tach\u00e9es<\/strong> est jug\u00e9 insuffisant, entra\u00eenant des retards cons\u00e9quents dans les r\u00e9parations. Les concessionnaires et ateliers agr\u00e9\u00e9s, mal \u00e9quip\u00e9s, peinent \u00e0 r\u00e9pondre aux attentes des clients, aggravant leur insatisfaction.<\/p>\n\n\n\n<p>Le rapport de l\u2019AGCM, qui s\u2019\u00e9tend sur <strong>71 pages<\/strong>, d\u00e9taille ces d\u00e9faillances, mettant en lumi\u00e8re un r\u00e9seau apr\u00e8s-vente sous-dimensionn\u00e9 et une logistique d\u00e9ficiente. Ces probl\u00e8mes, cumul\u00e9s \u00e0 la tromperie sur l\u2019origine des v\u00e9hicules, ont renforc\u00e9 la s\u00e9v\u00e9rit\u00e9 de la sanction.<\/p>\n\n\n\n<h2 class=\"wp-block-heading\">Un message clair pour l\u2019industrie automobile<\/h2>\n\n\n\n<p>Cette condamnation est un avertissement adress\u00e9 \u00e0 toutes les entreprises op\u00e9rant sur le march\u00e9 europ\u00e9en. En infligeant une amende de 6 millions d\u2019euros \u00e0 DR Automobiles, les autorit\u00e9s italiennes rappellent l\u2019importance de la <strong>transparence<\/strong> et de l\u2019<strong>honn\u00eatet\u00e9<\/strong> dans les pratiques commerciales. Les consommateurs, de plus en plus attentifs \u00e0 l\u2019origine et \u00e0 la qualit\u00e9 des produits qu\u2019ils ach\u00e8tent, m\u00e9ritent des informations claires et v\u00e9ridiques.<\/p>\n\n\n\n<p>Cette affaire pourrait inciter d\u2019autres constructeurs \u00e0 revoir leurs strat\u00e9gies et leurs communications pour \u00e9viter de s\u2019exposer \u00e0 des sanctions similaires. Pour DR Automobiles, l\u2019enjeu sera d\u00e9sormais de regagner la confiance des clients europ\u00e9ens et de prouver que l\u2019entreprise peut \u00e9voluer vers des pratiques plus responsables et \u00e9thiques.<\/p>\n","protected":false},"excerpt":{"rendered":"<p>Le constructeur DR Automobiles, bien implant\u00e9 en Italie, a \u00e9t\u00e9 lourdement sanctionn\u00e9 pour pratiques commerciales trompeuses. L\u2019entreprise devra s\u2019acquitter d\u2019une amende de 6 millions d\u2019euros<\/p>\n","protected":false},"author":3,"featured_media":2244,"comment_status":"closed","ping_status":"closed","sticky":false,"template":"","format":"standard","meta":{"footnotes":""},"categories":[1725],"tags":[],"yoast_head":"<!-- This site is optimized with the Yoast SEO plugin v21.0 - https:\/\/yoast.com\/wordpress\/plugins\/seo\/ -->\n<title>Une marque chinoise condamn\u00e9e \u00e0 6 millions d&#039;euros d&#039;amende pour avoir pr\u00e9tendu que ses voitures \u00e9taient produites en Italie<\/title>\n<meta name=\"robots\" content=\"index, follow, max-snippet:-1, max-image-preview:large, max-video-preview:-1\" \/>\n<link rel=\"canonical\" href=\"https:\/\/www.svalbard.fr\/actualites\/une-marque-chinoise-condamnee-a-6-millions-deuros-damende-pour-avoir-pretendu-que-ses-voitures-etaient-produites-en-italie\/\" \/>\n<meta property=\"og:locale\" content=\"fr_FR\" \/>\n<meta property=\"og:type\" content=\"article\" \/>\n<meta property=\"og:title\" content=\"Une marque chinoise condamn\u00e9e \u00e0 6 millions d&#039;euros d&#039;amende pour avoir pr\u00e9tendu que ses voitures \u00e9taient produites en Italie\" \/>\n<meta property=\"og:description\" content=\"Le constructeur DR Automobiles, bien implant\u00e9 en Italie, a \u00e9t\u00e9 lourdement sanctionn\u00e9 pour pratiques commerciales trompeuses. L\u2019entreprise devra s\u2019acquitter d\u2019une amende de 6 millions d\u2019euros\" \/>\n<meta property=\"og:url\" content=\"https:\/\/www.svalbard.fr\/actualites\/une-marque-chinoise-condamnee-a-6-millions-deuros-damende-pour-avoir-pretendu-que-ses-voitures-etaient-produites-en-italie\/\" \/>\n<meta property=\"og:site_name\" content=\"www.Svalbard.fr\" \/>\n<meta property=\"article:published_time\" content=\"2025-01-15T07:30:00+00:00\" \/>\n<meta property=\"article:modified_time\" content=\"2025-01-14T11:28:21+00:00\" \/>\n<meta property=\"og:image\" content=\"https:\/\/www.svalbard.fr\/actualites\/wp-content\/uploads\/2025\/01\/Une-marque-chinoise-condamnee-a-6-millions-deuros-damende.jpg\" \/>\n\t<meta property=\"og:image:width\" content=\"1200\" \/>\n\t<meta property=\"og:image:height\" content=\"686\" \/>\n\t<meta property=\"og:image:type\" content=\"image\/jpeg\" \/>\n<meta name=\"author\" content=\"Guillaume Chen\" \/>\n<meta name=\"twitter:card\" content=\"summary_large_image\" \/>\n<meta name=\"twitter:label1\" content=\"\u00c9crit par\" \/>\n\t<meta name=\"twitter:data1\" content=\"Guillaume Chen\" \/>\n\t<meta name=\"twitter:label2\" content=\"Dur\u00e9e de lecture estim\u00e9e\" \/>\n\t<meta name=\"twitter:data2\" content=\"3 minutes\" \/>\n<script type=\"application\/ld+json\" class=\"yoast-schema-graph\">{\"@context\":\"https:\/\/schema.org\",\"@graph\":[{\"@type\":\"Article\",\"@id\":\"https:\/\/www.svalbard.fr\/actualites\/une-marque-chinoise-condamnee-a-6-millions-deuros-damende-pour-avoir-pretendu-que-ses-voitures-etaient-produites-en-italie\/#article\",\"isPartOf\":{\"@id\":\"https:\/\/www.svalbard.fr\/actualites\/une-marque-chinoise-condamnee-a-6-millions-deuros-damende-pour-avoir-pretendu-que-ses-voitures-etaient-produites-en-italie\/\"},\"author\":{\"name\":\"Guillaume Chen\",\"@id\":\"https:\/\/www.svalbard.fr\/actualites\/#\/schema\/person\/b9d185560b94bff7322d37cb676ee545\"},\"headline\":\"Une marque chinoise condamn\u00e9e \u00e0 6 millions d&rsquo;euros d&rsquo;amende pour avoir pr\u00e9tendu que ses voitures \u00e9taient produites en Italie\",\"datePublished\":\"2025-01-15T07:30:00+00:00\",\"dateModified\":\"2025-01-14T11:28:21+00:00\",\"mainEntityOfPage\":{\"@id\":\"https:\/\/www.svalbard.fr\/actualites\/une-marque-chinoise-condamnee-a-6-millions-deuros-damende-pour-avoir-pretendu-que-ses-voitures-etaient-produites-en-italie\/\"},\"wordCount\":606,\"publisher\":{\"@id\":\"https:\/\/www.svalbard.fr\/actualites\/#organization\"},\"articleSection\":[\"Tendances\"],\"inLanguage\":\"fr-FR\"},{\"@type\":\"WebPage\",\"@id\":\"https:\/\/www.svalbard.fr\/actualites\/une-marque-chinoise-condamnee-a-6-millions-deuros-damende-pour-avoir-pretendu-que-ses-voitures-etaient-produites-en-italie\/\",\"url\":\"https:\/\/www.svalbard.fr\/actualites\/une-marque-chinoise-condamnee-a-6-millions-deuros-damende-pour-avoir-pretendu-que-ses-voitures-etaient-produites-en-italie\/\",\"name\":\"Une marque chinoise condamn\u00e9e \u00e0 6 millions d'euros d'amende pour avoir pr\u00e9tendu que ses voitures \u00e9taient produites en Italie\",\"isPartOf\":{\"@id\":\"https:\/\/www.svalbard.fr\/actualites\/#website\"},\"datePublished\":\"2025-01-15T07:30:00+00:00\",\"dateModified\":\"2025-01-14T11:28:21+00:00\",\"breadcrumb\":{\"@id\":\"https:\/\/www.svalbard.fr\/actualites\/une-marque-chinoise-condamnee-a-6-millions-deuros-damende-pour-avoir-pretendu-que-ses-voitures-etaient-produites-en-italie\/#breadcrumb\"},\"inLanguage\":\"fr-FR\",\"potentialAction\":[{\"@type\":\"ReadAction\",\"target\":[\"https:\/\/www.svalbard.fr\/actualites\/une-marque-chinoise-condamnee-a-6-millions-deuros-damende-pour-avoir-pretendu-que-ses-voitures-etaient-produites-en-italie\/\"]}]},{\"@type\":\"BreadcrumbList\",\"@id\":\"https:\/\/www.svalbard.fr\/actualites\/une-marque-chinoise-condamnee-a-6-millions-deuros-damende-pour-avoir-pretendu-que-ses-voitures-etaient-produites-en-italie\/#breadcrumb\",\"itemListElement\":[{\"@type\":\"ListItem\",\"position\":1,\"name\":\"Accueil\",\"item\":\"https:\/\/www.svalbard.fr\/actualites\/\"},{\"@type\":\"ListItem\",\"position\":2,\"name\":\"Une marque chinoise condamn\u00e9e \u00e0 6 millions d&rsquo;euros d&rsquo;amende pour avoir pr\u00e9tendu que ses voitures \u00e9taient produites en Italie\"}]},{\"@type\":\"WebSite\",\"@id\":\"https:\/\/www.svalbard.fr\/actualites\/#website\",\"url\":\"https:\/\/www.svalbard.fr\/actualites\/\",\"name\":\"www.Svalbard.fr\",\"description\":\"\",\"publisher\":{\"@id\":\"https:\/\/www.svalbard.fr\/actualites\/#organization\"},\"potentialAction\":[{\"@type\":\"SearchAction\",\"target\":{\"@type\":\"EntryPoint\",\"urlTemplate\":\"https:\/\/www.svalbard.fr\/actualites\/?s={search_term_string}\"},\"query-input\":\"required name=search_term_string\"}],\"inLanguage\":\"fr-FR\"},{\"@type\":\"Organization\",\"@id\":\"https:\/\/www.svalbard.fr\/actualites\/#organization\",\"name\":\"www.Svalbard.fr\",\"url\":\"https:\/\/www.svalbard.fr\/actualites\/\",\"logo\":{\"@type\":\"ImageObject\",\"inLanguage\":\"fr-FR\",\"@id\":\"https:\/\/www.svalbard.fr\/actualites\/#\/schema\/logo\/image\/\",\"url\":\"https:\/\/www.svalbard.fr\/actualites\/wp-content\/uploads\/2023\/09\/head-nom.jpg\",\"contentUrl\":\"https:\/\/www.svalbard.fr\/actualites\/wp-content\/uploads\/2023\/09\/head-nom.jpg\",\"width\":264,\"height\":35,\"caption\":\"www.Svalbard.fr\"},\"image\":{\"@id\":\"https:\/\/www.svalbard.fr\/actualites\/#\/schema\/logo\/image\/\"}},{\"@type\":\"Person\",\"@id\":\"https:\/\/www.svalbard.fr\/actualites\/#\/schema\/person\/b9d185560b94bff7322d37cb676ee545\",\"name\":\"Guillaume Chen\",\"image\":{\"@type\":\"ImageObject\",\"inLanguage\":\"fr-FR\",\"@id\":\"https:\/\/www.svalbard.fr\/actualites\/#\/schema\/person\/image\/\",\"url\":\"https:\/\/secure.gravatar.com\/avatar\/0c3f9c94586035b795ad4049a06fb048?s=96&d=mm&r=g\",\"contentUrl\":\"https:\/\/secure.gravatar.com\/avatar\/0c3f9c94586035b795ad4049a06fb048?s=96&d=mm&r=g\",\"caption\":\"Guillaume Chen\"},\"sameAs\":[\"https:\/\/www.svalbard.fr\/\"]}]}<\/script>\n<!-- \/ Yoast SEO plugin. -->","yoast_head_json":{"title":"Une marque chinoise condamn\u00e9e \u00e0 6 millions d'euros d'amende pour avoir pr\u00e9tendu que ses voitures \u00e9taient produites en Italie","robots":{"index":"index","follow":"follow","max-snippet":"max-snippet:-1","max-image-preview":"max-image-preview:large","max-video-preview":"max-video-preview:-1"},"canonical":"https:\/\/www.svalbard.fr\/actualites\/une-marque-chinoise-condamnee-a-6-millions-deuros-damende-pour-avoir-pretendu-que-ses-voitures-etaient-produites-en-italie\/","og_locale":"fr_FR","og_type":"article","og_title":"Une marque chinoise condamn\u00e9e \u00e0 6 millions d'euros d'amende pour avoir pr\u00e9tendu que ses voitures \u00e9taient produites en Italie","og_description":"Le constructeur DR Automobiles, bien implant\u00e9 en Italie, a \u00e9t\u00e9 lourdement sanctionn\u00e9 pour pratiques commerciales trompeuses. L\u2019entreprise devra s\u2019acquitter d\u2019une amende de 6 millions d\u2019euros","og_url":"https:\/\/www.svalbard.fr\/actualites\/une-marque-chinoise-condamnee-a-6-millions-deuros-damende-pour-avoir-pretendu-que-ses-voitures-etaient-produites-en-italie\/","og_site_name":"www.Svalbard.fr","article_published_time":"2025-01-15T07:30:00+00:00","article_modified_time":"2025-01-14T11:28:21+00:00","og_image":[{"width":1200,"height":686,"url":"https:\/\/www.svalbard.fr\/actualites\/wp-content\/uploads\/2025\/01\/Une-marque-chinoise-condamnee-a-6-millions-deuros-damende.jpg","type":"image\/jpeg"}],"author":"Guillaume Chen","twitter_card":"summary_large_image","twitter_misc":{"\u00c9crit par":"Guillaume Chen","Dur\u00e9e de lecture estim\u00e9e":"3 minutes"},"schema":{"@context":"https:\/\/schema.org","@graph":[{"@type":"Article","@id":"https:\/\/www.svalbard.fr\/actualites\/une-marque-chinoise-condamnee-a-6-millions-deuros-damende-pour-avoir-pretendu-que-ses-voitures-etaient-produites-en-italie\/#article","isPartOf":{"@id":"https:\/\/www.svalbard.fr\/actualites\/une-marque-chinoise-condamnee-a-6-millions-deuros-damende-pour-avoir-pretendu-que-ses-voitures-etaient-produites-en-italie\/"},"author":{"name":"Guillaume Chen","@id":"https:\/\/www.svalbard.fr\/actualites\/#\/schema\/person\/b9d185560b94bff7322d37cb676ee545"},"headline":"Une marque chinoise condamn\u00e9e \u00e0 6 millions d&rsquo;euros d&rsquo;amende pour avoir pr\u00e9tendu que ses voitures \u00e9taient produites en Italie","datePublished":"2025-01-15T07:30:00+00:00","dateModified":"2025-01-14T11:28:21+00:00","mainEntityOfPage":{"@id":"https:\/\/www.svalbard.fr\/actualites\/une-marque-chinoise-condamnee-a-6-millions-deuros-damende-pour-avoir-pretendu-que-ses-voitures-etaient-produites-en-italie\/"},"wordCount":606,"publisher":{"@id":"https:\/\/www.svalbard.fr\/actualites\/#organization"},"articleSection":["Tendances"],"inLanguage":"fr-FR"},{"@type":"WebPage","@id":"https:\/\/www.svalbard.fr\/actualites\/une-marque-chinoise-condamnee-a-6-millions-deuros-damende-pour-avoir-pretendu-que-ses-voitures-etaient-produites-en-italie\/","url":"https:\/\/www.svalbard.fr\/actualites\/une-marque-chinoise-condamnee-a-6-millions-deuros-damende-pour-avoir-pretendu-que-ses-voitures-etaient-produites-en-italie\/","name":"Une marque chinoise condamn\u00e9e \u00e0 6 millions d'euros d'amende pour avoir pr\u00e9tendu que ses voitures \u00e9taient produites en Italie","isPartOf":{"@id":"https:\/\/www.svalbard.fr\/actualites\/#website"},"datePublished":"2025-01-15T07:30:00+00:00","dateModified":"2025-01-14T11:28:21+00:00","breadcrumb":{"@id":"https:\/\/www.svalbard.fr\/actualites\/une-marque-chinoise-condamnee-a-6-millions-deuros-damende-pour-avoir-pretendu-que-ses-voitures-etaient-produites-en-italie\/#breadcrumb"},"inLanguage":"fr-FR","potentialAction":[{"@type":"ReadAction","target":["https:\/\/www.svalbard.fr\/actualites\/une-marque-chinoise-condamnee-a-6-millions-deuros-damende-pour-avoir-pretendu-que-ses-voitures-etaient-produites-en-italie\/"]}]},{"@type":"BreadcrumbList","@id":"https:\/\/www.svalbard.fr\/actualites\/une-marque-chinoise-condamnee-a-6-millions-deuros-damende-pour-avoir-pretendu-que-ses-voitures-etaient-produites-en-italie\/#breadcrumb","itemListElement":[{"@type":"ListItem","position":1,"name":"Accueil","item":"https:\/\/www.svalbard.fr\/actualites\/"},{"@type":"ListItem","position":2,"name":"Une marque chinoise condamn\u00e9e \u00e0 6 millions d&rsquo;euros d&rsquo;amende pour avoir pr\u00e9tendu que ses voitures \u00e9taient produites en Italie"}]},{"@type":"WebSite","@id":"https:\/\/www.svalbard.fr\/actualites\/#website","url":"https:\/\/www.svalbard.fr\/actualites\/","name":"www.Svalbard.fr","description":"","publisher":{"@id":"https:\/\/www.svalbard.fr\/actualites\/#organization"},"potentialAction":[{"@type":"SearchAction","target":{"@type":"EntryPoint","urlTemplate":"https:\/\/www.svalbard.fr\/actualites\/?s={search_term_string}"},"query-input":"required name=search_term_string"}],"inLanguage":"fr-FR"},{"@type":"Organization","@id":"https:\/\/www.svalbard.fr\/actualites\/#organization","name":"www.Svalbard.fr","url":"https:\/\/www.svalbard.fr\/actualites\/","logo":{"@type":"ImageObject","inLanguage":"fr-FR","@id":"https:\/\/www.svalbard.fr\/actualites\/#\/schema\/logo\/image\/","url":"https:\/\/www.svalbard.fr\/actualites\/wp-content\/uploads\/2023\/09\/head-nom.jpg","contentUrl":"https:\/\/www.svalbard.fr\/actualites\/wp-content\/uploads\/2023\/09\/head-nom.jpg","width":264,"height":35,"caption":"www.Svalbard.fr"},"image":{"@id":"https:\/\/www.svalbard.fr\/actualites\/#\/schema\/logo\/image\/"}},{"@type":"Person","@id":"https:\/\/www.svalbard.fr\/actualites\/#\/schema\/person\/b9d185560b94bff7322d37cb676ee545","name":"Guillaume Chen","image":{"@type":"ImageObject","inLanguage":"fr-FR","@id":"https:\/\/www.svalbard.fr\/actualites\/#\/schema\/person\/image\/","url":"https:\/\/secure.gravatar.com\/avatar\/0c3f9c94586035b795ad4049a06fb048?s=96&d=mm&r=g","contentUrl":"https:\/\/secure.gravatar.com\/avatar\/0c3f9c94586035b795ad4049a06fb048?s=96&d=mm&r=g","caption":"Guillaume Chen"},"sameAs":["https:\/\/www.svalbard.fr\/"]}]}},"_links":{"self":[{"href":"https:\/\/www.svalbard.fr\/actualites\/wp-json\/wp\/v2\/posts\/2241"}],"collection":[{"href":"https:\/\/www.svalbard.fr\/actualites\/wp-json\/wp\/v2\/posts"}],"about":[{"href":"https:\/\/www.svalbard.fr\/actualites\/wp-json\/wp\/v2\/types\/post"}],"author":[{"embeddable":true,"href":"https:\/\/www.svalbard.fr\/actualites\/wp-json\/wp\/v2\/users\/3"}],"replies":[{"embeddable":true,"href":"https:\/\/www.svalbard.fr\/actualites\/wp-json\/wp\/v2\/comments?post=2241"}],"version-history":[{"count":1,"href":"https:\/\/www.svalbard.fr\/actualites\/wp-json\/wp\/v2\/posts\/2241\/revisions"}],"predecessor-version":[{"id":2245,"href":"https:\/\/www.svalbard.fr\/actualites\/wp-json\/wp\/v2\/posts\/2241\/revisions\/2245"}],"wp:featuredmedia":[{"embeddable":true,"href":"https:\/\/www.svalbard.fr\/actualites\/wp-json\/wp\/v2\/media\/2244"}],"wp:attachment":[{"href":"https:\/\/www.svalbard.fr\/actualites\/wp-json\/wp\/v2\/media?parent=2241"}],"wp:term":[{"taxonomy":"category","embeddable":true,"href":"https:\/\/www.svalbard.fr\/actualites\/wp-json\/wp\/v2\/categories?post=2241"},{"taxonomy":"post_tag","embeddable":true,"href":"https:\/\/www.svalbard.fr\/actualites\/wp-json\/wp\/v2\/tags?post=2241"}],"curies":[{"name":"wp","href":"https:\/\/api.w.org\/{rel}","templated":true}]}}