{"id":2256,"date":"2025-01-21T08:30:00","date_gmt":"2025-01-21T07:30:00","guid":{"rendered":"https:\/\/www.svalbard.fr\/actualites\/?p=2256"},"modified":"2025-01-15T07:55:26","modified_gmt":"2025-01-15T06:55:26","slug":"a-partir-de-quel-revenu-mensuel-peut-on-etre-classe-parmi-les-riches-en-france","status":"publish","type":"post","link":"https:\/\/www.svalbard.fr\/actualites\/a-partir-de-quel-revenu-mensuel-peut-on-etre-classe-parmi-les-riches-en-france\/","title":{"rendered":"\u00c0 partir de quel revenu mensuel peut-on \u00eatre class\u00e9 parmi les riches en France ?"},"content":{"rendered":"\n<p><strong><em>La richesse, concept souvent d\u00e9battu et parfois mal per\u00e7u en France, soul\u00e8ve une question r\u00e9currente : \u00e0 partir de quel revenu devient-on \u00ab\u00a0riche\u00a0\u00bb ? Gr\u00e2ce \u00e0 l\u2019Observatoire des in\u00e9galit\u00e9s, cette notion prend une dimension plus concr\u00e8te gr\u00e2ce \u00e0 des chiffres pr\u00e9cis et une analyse approfondie.<\/em><\/strong><\/p>\n\n\n\n<!--more-->\n\n\n\n<h2 class=\"wp-block-heading\">D\u00e9finir la richesse : le seuil selon l\u2019Observatoire des in\u00e9galit\u00e9s<\/h2>\n\n\n\n<p>Le seuil de richesse, concept relativement r\u00e9cent, permet de poser une limite chiffr\u00e9e \u00e0 une notion souvent subjective. En juin 2023, l\u2019Observatoire des in\u00e9galit\u00e9s a fix\u00e9 ce seuil \u00e0 <strong>3 762 \u20ac par mois<\/strong> pour une personne seule. Ce montant correspond au double du niveau de vie m\u00e9dian en France, estim\u00e9 \u00e0 <strong>1 881 \u20ac<\/strong>.<\/p>\n\n\n\n<p>Ce seuil int\u00e8gre non seulement les revenus du travail, mais aussi ceux provenant du patrimoine, comme l\u2019immobilier ou les placements financiers, le tout calcul\u00e9 apr\u00e8s imp\u00f4ts et prestations sociales. Pour <strong>un couple sans enfant<\/strong>, le seuil grimpe \u00e0 <strong>5 700 \u20ac<\/strong>, tandis qu\u2019il atteint <strong>7 900 \u20ac<\/strong> pour une famille avec deux enfants jeunes et <strong>9 400 \u20ac<\/strong> si les enfants sont adolescents.<\/p>\n\n\n\n<h2 class=\"wp-block-heading\">Une perception diff\u00e9rente de la richesse selon les Fran\u00e7ais<\/h2>\n\n\n\n<p>Si ces chiffres permettent de poser un cadre, la perception de la richesse reste bien plus subjective. Selon un sondage Odoxa, la majorit\u00e9 des Fran\u00e7ais estiment qu\u2019un revenu de <strong>5 000 \u20ac par mois<\/strong> ou un patrimoine de <strong>50 000 \u20ac<\/strong> suffit pour \u00eatre qualifi\u00e9 de \u00ab\u00a0riche\u00a0\u00bb. Un \u00e9cart notable par rapport aux donn\u00e9es de l\u2019Observatoire.<\/p>\n\n\n\n<p>Ce d\u00e9calage s\u2019explique par une culture fran\u00e7aise particuli\u00e8re. Contrairement aux \u00c9tats-Unis, o\u00f9 la richesse est souvent synonyme de r\u00e9ussite, elle est en France plus souvent per\u00e7ue avec m\u00e9fiance. <strong>Trois quarts des sond\u00e9s<\/strong> pensent m\u00eame que \u00ab\u00a0les riches ne sont pas aim\u00e9s\u00a0\u00bb. Certains riches eux-m\u00eames \u00e9voquent un sentiment de stigmatisation sociale, renforc\u00e9 par le d\u00e9bat constant autour des in\u00e9galit\u00e9s.<\/p>\n\n\n\n<h2 class=\"wp-block-heading\">La richesse ne se limite pas aux revenus<\/h2>\n\n\n\n<p>Au-del\u00e0 des chiffres, la richesse est aussi une question de contexte et de perception. <strong>Le co\u00fbt de la vie<\/strong> varie fortement selon les r\u00e9gions : un revenu \u00e9lev\u00e9 \u00e0 Paris ne garantit pas le m\u00eame confort qu\u2019en province. De m\u00eame, des <strong>charges incompressibles<\/strong>, comme le logement ou les frais familiaux, peuvent r\u00e9duire le sentiment de richesse malgr\u00e9 un revenu important.<\/p>\n\n\n\n<p>L\u2019Observatoire rappelle aussi que le salaire brut n\u2019est qu\u2019une partie de l\u2019\u00e9quation. Ce qui importe r\u00e9ellement, c\u2019est le <strong><a href=\"https:\/\/www.svalbard.fr\/actualites\/medecine-generale-a-combien-selevent-les-revenus-dun-praticien\/\">revenu<\/a> disponible<\/strong>, celui qui reste apr\u00e8s les d\u00e9penses essentielles et les charges fixes.<\/p>\n\n\n\n<h2 class=\"wp-block-heading\">La richesse, entre privil\u00e8ge et responsabilit\u00e9<\/h2>\n\n\n\n<p>En France, la richesse est un sujet qui divise. Si elle est vue comme un signe de r\u00e9ussite pour certains, elle peut cristalliser des tensions sociales pour d\u2019autres. Ce paradoxe met en lumi\u00e8re les <strong>enjeux sociaux et \u00e9conomiques<\/strong> li\u00e9s \u00e0 la r\u00e9partition des ressources.<\/p>\n\n\n\n<p>La richesse peut aussi \u00eatre per\u00e7ue comme un d\u00e9fi. Elle oblige parfois \u00e0 naviguer entre <strong>privil\u00e8ge<\/strong> et <strong>responsabilit\u00e9 sociale<\/strong>, notamment dans un pays o\u00f9 les d\u00e9bats sur les in\u00e9galit\u00e9s \u00e9conomiques sont omnipr\u00e9sents.<\/p>\n\n\n\n<h2 class=\"wp-block-heading\">\u00cates-vous riche ?<\/h2>\n\n\n\n<p>En fin de compte, la richesse ne se r\u00e9sume pas \u00e0 un chiffre fixe. Elle d\u00e9pend autant des crit\u00e8res objectifs, comme le revenu ou le patrimoine, que des perceptions individuelles et sociales. Alors, \u00eates-vous riche ? Tout d\u00e9pend de la mani\u00e8re dont vous \u00e9valuez vos besoins, votre confort et votre place dans la soci\u00e9t\u00e9.<\/p>\n","protected":false},"excerpt":{"rendered":"<p>La richesse, concept souvent d\u00e9battu et parfois mal per\u00e7u en France, soul\u00e8ve une question r\u00e9currente : \u00e0 partir de quel revenu devient-on \u00ab\u00a0riche\u00a0\u00bb ? Gr\u00e2ce<\/p>\n","protected":false},"author":3,"featured_media":2262,"comment_status":"closed","ping_status":"closed","sticky":false,"template":"","format":"standard","meta":{"footnotes":""},"categories":[1725],"tags":[],"yoast_head":"<!-- This site is optimized with the Yoast SEO plugin v21.0 - https:\/\/yoast.com\/wordpress\/plugins\/seo\/ -->\n<title>\u00c0 partir de quel revenu mensuel peut-on \u00eatre class\u00e9 parmi les riches en France ?<\/title>\n<meta name=\"robots\" content=\"index, follow, max-snippet:-1, max-image-preview:large, max-video-preview:-1\" \/>\n<link rel=\"canonical\" href=\"https:\/\/www.svalbard.fr\/actualites\/a-partir-de-quel-revenu-mensuel-peut-on-etre-classe-parmi-les-riches-en-france\/\" \/>\n<meta property=\"og:locale\" content=\"fr_FR\" \/>\n<meta property=\"og:type\" content=\"article\" \/>\n<meta property=\"og:title\" content=\"\u00c0 partir de quel revenu mensuel peut-on \u00eatre class\u00e9 parmi les riches en France ?\" \/>\n<meta property=\"og:description\" content=\"La richesse, concept souvent d\u00e9battu et parfois mal per\u00e7u en France, soul\u00e8ve une question r\u00e9currente : \u00e0 partir de quel revenu devient-on \u00ab\u00a0riche\u00a0\u00bb ? Gr\u00e2ce\" \/>\n<meta property=\"og:url\" content=\"https:\/\/www.svalbard.fr\/actualites\/a-partir-de-quel-revenu-mensuel-peut-on-etre-classe-parmi-les-riches-en-france\/\" \/>\n<meta property=\"og:site_name\" content=\"www.Svalbard.fr\" \/>\n<meta property=\"article:published_time\" content=\"2025-01-21T07:30:00+00:00\" \/>\n<meta property=\"article:modified_time\" content=\"2025-01-15T06:55:26+00:00\" \/>\n<meta property=\"og:image\" content=\"https:\/\/www.svalbard.fr\/actualites\/wp-content\/uploads\/2025\/01\/A-partir-de-quel-revenu-mensuel-peut-on-etre-classe-parmi-les-riches-en-France.jpg\" \/>\n\t<meta property=\"og:image:width\" content=\"1200\" \/>\n\t<meta property=\"og:image:height\" content=\"630\" \/>\n\t<meta property=\"og:image:type\" content=\"image\/jpeg\" \/>\n<meta name=\"author\" content=\"Guillaume Chen\" \/>\n<meta name=\"twitter:card\" content=\"summary_large_image\" \/>\n<meta name=\"twitter:label1\" content=\"\u00c9crit par\" \/>\n\t<meta name=\"twitter:data1\" content=\"Guillaume Chen\" \/>\n\t<meta name=\"twitter:label2\" content=\"Dur\u00e9e de lecture estim\u00e9e\" \/>\n\t<meta name=\"twitter:data2\" content=\"3 minutes\" \/>\n<script type=\"application\/ld+json\" class=\"yoast-schema-graph\">{\"@context\":\"https:\/\/schema.org\",\"@graph\":[{\"@type\":\"Article\",\"@id\":\"https:\/\/www.svalbard.fr\/actualites\/a-partir-de-quel-revenu-mensuel-peut-on-etre-classe-parmi-les-riches-en-france\/#article\",\"isPartOf\":{\"@id\":\"https:\/\/www.svalbard.fr\/actualites\/a-partir-de-quel-revenu-mensuel-peut-on-etre-classe-parmi-les-riches-en-france\/\"},\"author\":{\"name\":\"Guillaume Chen\",\"@id\":\"https:\/\/www.svalbard.fr\/actualites\/#\/schema\/person\/b9d185560b94bff7322d37cb676ee545\"},\"headline\":\"\u00c0 partir de quel revenu mensuel peut-on \u00eatre class\u00e9 parmi les riches en France ?\",\"datePublished\":\"2025-01-21T07:30:00+00:00\",\"dateModified\":\"2025-01-15T06:55:26+00:00\",\"mainEntityOfPage\":{\"@id\":\"https:\/\/www.svalbard.fr\/actualites\/a-partir-de-quel-revenu-mensuel-peut-on-etre-classe-parmi-les-riches-en-france\/\"},\"wordCount\":587,\"publisher\":{\"@id\":\"https:\/\/www.svalbard.fr\/actualites\/#organization\"},\"articleSection\":[\"Tendances\"],\"inLanguage\":\"fr-FR\"},{\"@type\":\"WebPage\",\"@id\":\"https:\/\/www.svalbard.fr\/actualites\/a-partir-de-quel-revenu-mensuel-peut-on-etre-classe-parmi-les-riches-en-france\/\",\"url\":\"https:\/\/www.svalbard.fr\/actualites\/a-partir-de-quel-revenu-mensuel-peut-on-etre-classe-parmi-les-riches-en-france\/\",\"name\":\"\u00c0 partir de quel revenu mensuel peut-on \u00eatre class\u00e9 parmi les riches en France ?\",\"isPartOf\":{\"@id\":\"https:\/\/www.svalbard.fr\/actualites\/#website\"},\"datePublished\":\"2025-01-21T07:30:00+00:00\",\"dateModified\":\"2025-01-15T06:55:26+00:00\",\"breadcrumb\":{\"@id\":\"https:\/\/www.svalbard.fr\/actualites\/a-partir-de-quel-revenu-mensuel-peut-on-etre-classe-parmi-les-riches-en-france\/#breadcrumb\"},\"inLanguage\":\"fr-FR\",\"potentialAction\":[{\"@type\":\"ReadAction\",\"target\":[\"https:\/\/www.svalbard.fr\/actualites\/a-partir-de-quel-revenu-mensuel-peut-on-etre-classe-parmi-les-riches-en-france\/\"]}]},{\"@type\":\"BreadcrumbList\",\"@id\":\"https:\/\/www.svalbard.fr\/actualites\/a-partir-de-quel-revenu-mensuel-peut-on-etre-classe-parmi-les-riches-en-france\/#breadcrumb\",\"itemListElement\":[{\"@type\":\"ListItem\",\"position\":1,\"name\":\"Accueil\",\"item\":\"https:\/\/www.svalbard.fr\/actualites\/\"},{\"@type\":\"ListItem\",\"position\":2,\"name\":\"\u00c0 partir de quel revenu mensuel peut-on \u00eatre class\u00e9 parmi les riches en France ?\"}]},{\"@type\":\"WebSite\",\"@id\":\"https:\/\/www.svalbard.fr\/actualites\/#website\",\"url\":\"https:\/\/www.svalbard.fr\/actualites\/\",\"name\":\"www.Svalbard.fr\",\"description\":\"\",\"publisher\":{\"@id\":\"https:\/\/www.svalbard.fr\/actualites\/#organization\"},\"potentialAction\":[{\"@type\":\"SearchAction\",\"target\":{\"@type\":\"EntryPoint\",\"urlTemplate\":\"https:\/\/www.svalbard.fr\/actualites\/?s={search_term_string}\"},\"query-input\":\"required name=search_term_string\"}],\"inLanguage\":\"fr-FR\"},{\"@type\":\"Organization\",\"@id\":\"https:\/\/www.svalbard.fr\/actualites\/#organization\",\"name\":\"www.Svalbard.fr\",\"url\":\"https:\/\/www.svalbard.fr\/actualites\/\",\"logo\":{\"@type\":\"ImageObject\",\"inLanguage\":\"fr-FR\",\"@id\":\"https:\/\/www.svalbard.fr\/actualites\/#\/schema\/logo\/image\/\",\"url\":\"https:\/\/www.svalbard.fr\/actualites\/wp-content\/uploads\/2023\/09\/head-nom.jpg\",\"contentUrl\":\"https:\/\/www.svalbard.fr\/actualites\/wp-content\/uploads\/2023\/09\/head-nom.jpg\",\"width\":264,\"height\":35,\"caption\":\"www.Svalbard.fr\"},\"image\":{\"@id\":\"https:\/\/www.svalbard.fr\/actualites\/#\/schema\/logo\/image\/\"}},{\"@type\":\"Person\",\"@id\":\"https:\/\/www.svalbard.fr\/actualites\/#\/schema\/person\/b9d185560b94bff7322d37cb676ee545\",\"name\":\"Guillaume Chen\",\"image\":{\"@type\":\"ImageObject\",\"inLanguage\":\"fr-FR\",\"@id\":\"https:\/\/www.svalbard.fr\/actualites\/#\/schema\/person\/image\/\",\"url\":\"https:\/\/secure.gravatar.com\/avatar\/0c3f9c94586035b795ad4049a06fb048?s=96&d=mm&r=g\",\"contentUrl\":\"https:\/\/secure.gravatar.com\/avatar\/0c3f9c94586035b795ad4049a06fb048?s=96&d=mm&r=g\",\"caption\":\"Guillaume Chen\"},\"sameAs\":[\"https:\/\/www.svalbard.fr\/\"]}]}<\/script>\n<!-- \/ Yoast SEO plugin. -->","yoast_head_json":{"title":"\u00c0 partir de quel revenu mensuel peut-on \u00eatre class\u00e9 parmi les riches en France ?","robots":{"index":"index","follow":"follow","max-snippet":"max-snippet:-1","max-image-preview":"max-image-preview:large","max-video-preview":"max-video-preview:-1"},"canonical":"https:\/\/www.svalbard.fr\/actualites\/a-partir-de-quel-revenu-mensuel-peut-on-etre-classe-parmi-les-riches-en-france\/","og_locale":"fr_FR","og_type":"article","og_title":"\u00c0 partir de quel revenu mensuel peut-on \u00eatre class\u00e9 parmi les riches en France ?","og_description":"La richesse, concept souvent d\u00e9battu et parfois mal per\u00e7u en France, soul\u00e8ve une question r\u00e9currente : \u00e0 partir de quel revenu devient-on \u00ab\u00a0riche\u00a0\u00bb ? Gr\u00e2ce","og_url":"https:\/\/www.svalbard.fr\/actualites\/a-partir-de-quel-revenu-mensuel-peut-on-etre-classe-parmi-les-riches-en-france\/","og_site_name":"www.Svalbard.fr","article_published_time":"2025-01-21T07:30:00+00:00","article_modified_time":"2025-01-15T06:55:26+00:00","og_image":[{"width":1200,"height":630,"url":"https:\/\/www.svalbard.fr\/actualites\/wp-content\/uploads\/2025\/01\/A-partir-de-quel-revenu-mensuel-peut-on-etre-classe-parmi-les-riches-en-France.jpg","type":"image\/jpeg"}],"author":"Guillaume Chen","twitter_card":"summary_large_image","twitter_misc":{"\u00c9crit par":"Guillaume Chen","Dur\u00e9e de lecture estim\u00e9e":"3 minutes"},"schema":{"@context":"https:\/\/schema.org","@graph":[{"@type":"Article","@id":"https:\/\/www.svalbard.fr\/actualites\/a-partir-de-quel-revenu-mensuel-peut-on-etre-classe-parmi-les-riches-en-france\/#article","isPartOf":{"@id":"https:\/\/www.svalbard.fr\/actualites\/a-partir-de-quel-revenu-mensuel-peut-on-etre-classe-parmi-les-riches-en-france\/"},"author":{"name":"Guillaume Chen","@id":"https:\/\/www.svalbard.fr\/actualites\/#\/schema\/person\/b9d185560b94bff7322d37cb676ee545"},"headline":"\u00c0 partir de quel revenu mensuel peut-on \u00eatre class\u00e9 parmi les riches en France ?","datePublished":"2025-01-21T07:30:00+00:00","dateModified":"2025-01-15T06:55:26+00:00","mainEntityOfPage":{"@id":"https:\/\/www.svalbard.fr\/actualites\/a-partir-de-quel-revenu-mensuel-peut-on-etre-classe-parmi-les-riches-en-france\/"},"wordCount":587,"publisher":{"@id":"https:\/\/www.svalbard.fr\/actualites\/#organization"},"articleSection":["Tendances"],"inLanguage":"fr-FR"},{"@type":"WebPage","@id":"https:\/\/www.svalbard.fr\/actualites\/a-partir-de-quel-revenu-mensuel-peut-on-etre-classe-parmi-les-riches-en-france\/","url":"https:\/\/www.svalbard.fr\/actualites\/a-partir-de-quel-revenu-mensuel-peut-on-etre-classe-parmi-les-riches-en-france\/","name":"\u00c0 partir de quel revenu mensuel peut-on \u00eatre class\u00e9 parmi les riches en France ?","isPartOf":{"@id":"https:\/\/www.svalbard.fr\/actualites\/#website"},"datePublished":"2025-01-21T07:30:00+00:00","dateModified":"2025-01-15T06:55:26+00:00","breadcrumb":{"@id":"https:\/\/www.svalbard.fr\/actualites\/a-partir-de-quel-revenu-mensuel-peut-on-etre-classe-parmi-les-riches-en-france\/#breadcrumb"},"inLanguage":"fr-FR","potentialAction":[{"@type":"ReadAction","target":["https:\/\/www.svalbard.fr\/actualites\/a-partir-de-quel-revenu-mensuel-peut-on-etre-classe-parmi-les-riches-en-france\/"]}]},{"@type":"BreadcrumbList","@id":"https:\/\/www.svalbard.fr\/actualites\/a-partir-de-quel-revenu-mensuel-peut-on-etre-classe-parmi-les-riches-en-france\/#breadcrumb","itemListElement":[{"@type":"ListItem","position":1,"name":"Accueil","item":"https:\/\/www.svalbard.fr\/actualites\/"},{"@type":"ListItem","position":2,"name":"\u00c0 partir de quel revenu mensuel peut-on \u00eatre class\u00e9 parmi les riches en France ?"}]},{"@type":"WebSite","@id":"https:\/\/www.svalbard.fr\/actualites\/#website","url":"https:\/\/www.svalbard.fr\/actualites\/","name":"www.Svalbard.fr","description":"","publisher":{"@id":"https:\/\/www.svalbard.fr\/actualites\/#organization"},"potentialAction":[{"@type":"SearchAction","target":{"@type":"EntryPoint","urlTemplate":"https:\/\/www.svalbard.fr\/actualites\/?s={search_term_string}"},"query-input":"required name=search_term_string"}],"inLanguage":"fr-FR"},{"@type":"Organization","@id":"https:\/\/www.svalbard.fr\/actualites\/#organization","name":"www.Svalbard.fr","url":"https:\/\/www.svalbard.fr\/actualites\/","logo":{"@type":"ImageObject","inLanguage":"fr-FR","@id":"https:\/\/www.svalbard.fr\/actualites\/#\/schema\/logo\/image\/","url":"https:\/\/www.svalbard.fr\/actualites\/wp-content\/uploads\/2023\/09\/head-nom.jpg","contentUrl":"https:\/\/www.svalbard.fr\/actualites\/wp-content\/uploads\/2023\/09\/head-nom.jpg","width":264,"height":35,"caption":"www.Svalbard.fr"},"image":{"@id":"https:\/\/www.svalbard.fr\/actualites\/#\/schema\/logo\/image\/"}},{"@type":"Person","@id":"https:\/\/www.svalbard.fr\/actualites\/#\/schema\/person\/b9d185560b94bff7322d37cb676ee545","name":"Guillaume Chen","image":{"@type":"ImageObject","inLanguage":"fr-FR","@id":"https:\/\/www.svalbard.fr\/actualites\/#\/schema\/person\/image\/","url":"https:\/\/secure.gravatar.com\/avatar\/0c3f9c94586035b795ad4049a06fb048?s=96&d=mm&r=g","contentUrl":"https:\/\/secure.gravatar.com\/avatar\/0c3f9c94586035b795ad4049a06fb048?s=96&d=mm&r=g","caption":"Guillaume Chen"},"sameAs":["https:\/\/www.svalbard.fr\/"]}]}},"_links":{"self":[{"href":"https:\/\/www.svalbard.fr\/actualites\/wp-json\/wp\/v2\/posts\/2256"}],"collection":[{"href":"https:\/\/www.svalbard.fr\/actualites\/wp-json\/wp\/v2\/posts"}],"about":[{"href":"https:\/\/www.svalbard.fr\/actualites\/wp-json\/wp\/v2\/types\/post"}],"author":[{"embeddable":true,"href":"https:\/\/www.svalbard.fr\/actualites\/wp-json\/wp\/v2\/users\/3"}],"replies":[{"embeddable":true,"href":"https:\/\/www.svalbard.fr\/actualites\/wp-json\/wp\/v2\/comments?post=2256"}],"version-history":[{"count":1,"href":"https:\/\/www.svalbard.fr\/actualites\/wp-json\/wp\/v2\/posts\/2256\/revisions"}],"predecessor-version":[{"id":2263,"href":"https:\/\/www.svalbard.fr\/actualites\/wp-json\/wp\/v2\/posts\/2256\/revisions\/2263"}],"wp:featuredmedia":[{"embeddable":true,"href":"https:\/\/www.svalbard.fr\/actualites\/wp-json\/wp\/v2\/media\/2262"}],"wp:attachment":[{"href":"https:\/\/www.svalbard.fr\/actualites\/wp-json\/wp\/v2\/media?parent=2256"}],"wp:term":[{"taxonomy":"category","embeddable":true,"href":"https:\/\/www.svalbard.fr\/actualites\/wp-json\/wp\/v2\/categories?post=2256"},{"taxonomy":"post_tag","embeddable":true,"href":"https:\/\/www.svalbard.fr\/actualites\/wp-json\/wp\/v2\/tags?post=2256"}],"curies":[{"name":"wp","href":"https:\/\/api.w.org\/{rel}","templated":true}]}}