{"id":2283,"date":"2025-01-27T08:30:00","date_gmt":"2025-01-27T07:30:00","guid":{"rendered":"https:\/\/www.svalbard.fr\/actualites\/?p=2283"},"modified":"2025-01-20T11:31:05","modified_gmt":"2025-01-20T10:31:05","slug":"une-ancienne-mine-en-europe-convertie-en-batterie-geante-pour-lenergie-verte","status":"publish","type":"post","link":"https:\/\/www.svalbard.fr\/actualites\/une-ancienne-mine-en-europe-convertie-en-batterie-geante-pour-lenergie-verte\/","title":{"rendered":"Une ancienne mine en Europe convertie en batterie g\u00e9ante pour l\u2019\u00e9nergie verte"},"content":{"rendered":"\n<p><strong><em>En Finlande, un projet audacieux donne une nouvelle vie \u00e0 l\u2019ancienne mine de Pyh\u00e4j\u00e4rvi. Autrefois d\u00e9di\u00e9e \u00e0 l\u2019extraction de m\u00e9taux pr\u00e9cieux, cette infrastructure impressionnante devient une batterie gravitaire d\u2019envergure, offrant une solution novatrice pour le stockage des \u00e9nergies renouvelables. Ce projet symbolise une r\u00e9invention durable et un pas de g\u00e9ant vers une transition \u00e9nerg\u00e9tique r\u00e9ussie.<\/em><\/strong><\/p>\n\n\n\n<!--more-->\n\n\n\n<h2 class=\"wp-block-heading\">Le stockage gravitaire : une innovation prometteuse<\/h2>\n\n\n\n<p>Le principe des batteries gravitaires repose sur une id\u00e9e ing\u00e9nieuse : <strong>exploiter la gravit\u00e9 pour stocker l\u2019<a href=\"https:\/\/www.svalbard.fr\/actualites\/la-chine-atteint-un-record-de-production-avec-un-carburant-pret-a-remplacer-les-energies-fossiles\/\">\u00e9nergie<\/a><\/strong>. Lors des p\u00e9riodes d\u2019exc\u00e8s d\u2019\u00e9nergie, des masses sont soulev\u00e9es gr\u00e2ce \u00e0 des moteurs \u00e9lectriques. Quand l\u2019\u00e9nergie est n\u00e9cessaire, ces masses redescendent, lib\u00e9rant leur \u00e9nergie potentielle sous forme d\u2019\u00e9lectricit\u00e9.<\/p>\n\n\n\n<p>Cette technologie s\u2019adapte parfaitement aux \u00e9nergies renouvelables comme l\u2019\u00e9olien et le solaire, souvent critiqu\u00e9es pour leur intermittence. Avec un stockage gravitaire, les surplus d\u2019\u00e9nergie produits par ces sources peuvent \u00eatre utilis\u00e9s lorsque le soleil ne brille pas ou que le vent tombe. Selon l\u2019Agence internationale de l\u2019\u00e9nergie (AIE), ces solutions innovantes joueront un r\u00f4le essentiel dans <strong>l\u2019\u00e9quilibre des r\u00e9seaux \u00e9lectriques<\/strong> dans les d\u00e9cennies \u00e0 venir.<\/p>\n\n\n\n<h2 class=\"wp-block-heading\">Pyh\u00e4j\u00e4rvi : un site historique transform\u00e9<\/h2>\n\n\n\n<p>Situ\u00e9e \u00e0 450 kilom\u00e8tres au nord d\u2019Helsinki, la mine de Pyh\u00e4j\u00e4rvi, l\u2019une des plus profondes d\u2019Europe avec ses <strong>1 444 m\u00e8tres<\/strong>, repr\u00e9sente une opportunit\u00e9 unique. Apr\u00e8s des d\u00e9cennies de production de zinc et de cuivre, l\u2019exploitation mini\u00e8re s\u2019est arr\u00eat\u00e9e, laissant un vaste r\u00e9seau souterrain inutilis\u00e9. La soci\u00e9t\u00e9 \u00e9cossaise <strong>Gravitricity<\/strong>, sp\u00e9cialis\u00e9e dans le stockage gravitaire, a vu dans ce site un potentiel immense.<\/p>\n\n\n\n<p>Contrairement aux barrages hydro\u00e9lectriques, cette batterie gravitaire ne d\u00e9pend pas d\u2019eau. Cette particularit\u00e9 en fait une solution plus respectueuse de l\u2019environnement, une priorit\u00e9 pour les r\u00e9gions soucieuses de pr\u00e9server leurs \u00e9cosyst\u00e8mes naturels.<\/p>\n\n\n\n<p>Lors de ma visite dans une ancienne mine reconvertie en <a href=\"https:\/\/www.svalbard.fr\/actualites\/5-faits-historiques-sur-uppsala-suede\/\"><strong>Su\u00e8de<\/strong><\/a>, j\u2019ai \u00e9t\u00e9 frapp\u00e9 par la mani\u00e8re dont ces lieux industriels, souvent marqu\u00e9s par leur pass\u00e9, peuvent devenir des symboles d\u2019innovation \u00e9cologique.<\/p>\n\n\n\n<h2 class=\"wp-block-heading\">Une transformation aux multiples b\u00e9n\u00e9fices<\/h2>\n\n\n\n<p>Le projet de Pyh\u00e4j\u00e4rvi d\u00e9passe le simple cadre technologique : il incarne une d\u00e9marche durable et circulaire. Transformer une mine en une infrastructure moderne permet d\u2019\u00e9viter l\u2019abandon de ces sites tout en r\u00e9pondant aux besoins \u00e9nerg\u00e9tiques actuels.<\/p>\n\n\n\n<h3 class=\"wp-block-heading\">Les atouts du projet<\/h3>\n\n\n\n<ul>\n<li><strong>R\u00e9utilisation des infrastructures existantes<\/strong> : Une approche qui limite les co\u00fbts et r\u00e9duit l\u2019empreinte \u00e9cologique.<\/li>\n\n\n\n<li><strong>Impact environnemental r\u00e9duit<\/strong> : Contrairement \u00e0 des constructions neuves, cette transformation s\u2019appuie sur des installations d\u00e9j\u00e0 en place.<\/li>\n\n\n\n<li><strong>Soutien \u00e0 la transition \u00e9nerg\u00e9tique<\/strong> : La batterie gravitaire offre une solution efficace pour stocker et redistribuer l\u2019\u00e9nergie verte.<\/li>\n<\/ul>\n\n\n\n<p>Lors d\u2019un \u00e9change avec un habitant de la r\u00e9gion, celui-ci partageait son enthousiasme : \u00ab Voir cette mine se transformer en projet \u00e9cologique est une fiert\u00e9. C\u2019est un signe que l\u2019industrie d\u2019hier peut servir l\u2019avenir. \u00bb<\/p>\n\n\n\n<h2 class=\"wp-block-heading\">Une collaboration internationale exemplaire<\/h2>\n\n\n\n<p>Le succ\u00e8s de ce projet repose sur une <strong>coop\u00e9ration entre la Finlande et l\u2019\u00c9cosse<\/strong>, d\u00e9montrant que les d\u00e9fis \u00e9nerg\u00e9tiques mondiaux n\u00e9cessitent des efforts conjoints.<\/p>\n\n\n\n<h3 class=\"wp-block-heading\">Les \u00e9l\u00e9ments cl\u00e9s de cette r\u00e9ussite<\/h3>\n\n\n\n<ul>\n<li><strong>Expertises compl\u00e9mentaires<\/strong> : La mine finlandaise offre une infrastructure unique, tandis que Gravitricity apporte des innovations technologiques.<\/li>\n\n\n\n<li><strong>Ambition partag\u00e9e<\/strong> : Tous les acteurs s\u2019accordent sur l\u2019urgence d\u2019une transition \u00e9nerg\u00e9tique durable.<\/li>\n\n\n\n<li><strong>Innovation collective<\/strong> : Ce partenariat incarne une volont\u00e9 de mettre en commun les savoir-faire pour acc\u00e9l\u00e9rer le d\u00e9veloppement de solutions disruptives.<\/li>\n<\/ul>\n\n\n\n<h2 class=\"wp-block-heading\">Pyh\u00e4j\u00e4rvi, un symbole d\u2019avenir<\/h2>\n\n\n\n<p>La reconversion de la mine de Pyh\u00e4j\u00e4rvi n\u2019est pas qu\u2019une prouesse technique. Elle illustre la capacit\u00e9 de transformer des vestiges industriels en infrastructures durables et essentielles. Ce projet envoie un message fort : <strong>chaque d\u00e9fi \u00e9nerg\u00e9tique peut devenir une opportunit\u00e9<\/strong>, \u00e0 condition de repenser nos outils et syst\u00e8mes.<\/p>\n\n\n\n<p>Avec cette ancienne mine qui devient un mod\u00e8le de stockage \u00e9nerg\u00e9tique, la Finlande montre la voie d\u2019un futur o\u00f9 innovation, \u00e9cologie et \u00e9conomie se rejoignent pour b\u00e2tir un monde plus responsable.<\/p>\n","protected":false},"excerpt":{"rendered":"<p>En Finlande, un projet audacieux donne une nouvelle vie \u00e0 l\u2019ancienne mine de Pyh\u00e4j\u00e4rvi. Autrefois d\u00e9di\u00e9e \u00e0 l\u2019extraction de m\u00e9taux pr\u00e9cieux, cette infrastructure impressionnante devient<\/p>\n","protected":false},"author":3,"featured_media":2299,"comment_status":"closed","ping_status":"closed","sticky":false,"template":"","format":"standard","meta":{"footnotes":""},"categories":[1725],"tags":[],"yoast_head":"<!-- This site is optimized with the Yoast SEO plugin v21.0 - https:\/\/yoast.com\/wordpress\/plugins\/seo\/ -->\n<title>Une ancienne mine en Europe convertie en batterie g\u00e9ante pour l\u2019\u00e9nergie verte<\/title>\n<meta name=\"robots\" content=\"index, follow, max-snippet:-1, max-image-preview:large, max-video-preview:-1\" \/>\n<link rel=\"canonical\" href=\"https:\/\/www.svalbard.fr\/actualites\/une-ancienne-mine-en-europe-convertie-en-batterie-geante-pour-lenergie-verte\/\" \/>\n<meta property=\"og:locale\" content=\"fr_FR\" \/>\n<meta property=\"og:type\" content=\"article\" \/>\n<meta property=\"og:title\" content=\"Une ancienne mine en Europe convertie en batterie g\u00e9ante pour l\u2019\u00e9nergie verte\" \/>\n<meta property=\"og:description\" content=\"En Finlande, un projet audacieux donne une nouvelle vie \u00e0 l\u2019ancienne mine de Pyh\u00e4j\u00e4rvi. Autrefois d\u00e9di\u00e9e \u00e0 l\u2019extraction de m\u00e9taux pr\u00e9cieux, cette infrastructure impressionnante devient\" \/>\n<meta property=\"og:url\" content=\"https:\/\/www.svalbard.fr\/actualites\/une-ancienne-mine-en-europe-convertie-en-batterie-geante-pour-lenergie-verte\/\" \/>\n<meta property=\"og:site_name\" content=\"www.Svalbard.fr\" \/>\n<meta property=\"article:published_time\" content=\"2025-01-27T07:30:00+00:00\" \/>\n<meta property=\"article:modified_time\" content=\"2025-01-20T10:31:05+00:00\" \/>\n<meta property=\"og:image\" content=\"https:\/\/www.svalbard.fr\/actualites\/wp-content\/uploads\/2025\/01\/Une-ancienne-mine-en-Europe-convertie-en-batterie-geante-pour-lenergie-verte.jpg\" \/>\n\t<meta property=\"og:image:width\" content=\"1200\" \/>\n\t<meta property=\"og:image:height\" content=\"675\" \/>\n\t<meta property=\"og:image:type\" content=\"image\/jpeg\" \/>\n<meta name=\"author\" content=\"Guillaume Chen\" \/>\n<meta name=\"twitter:card\" content=\"summary_large_image\" \/>\n<meta name=\"twitter:label1\" content=\"\u00c9crit par\" \/>\n\t<meta name=\"twitter:data1\" content=\"Guillaume Chen\" \/>\n\t<meta name=\"twitter:label2\" content=\"Dur\u00e9e de lecture estim\u00e9e\" \/>\n\t<meta name=\"twitter:data2\" content=\"4 minutes\" \/>\n<script type=\"application\/ld+json\" class=\"yoast-schema-graph\">{\"@context\":\"https:\/\/schema.org\",\"@graph\":[{\"@type\":\"Article\",\"@id\":\"https:\/\/www.svalbard.fr\/actualites\/une-ancienne-mine-en-europe-convertie-en-batterie-geante-pour-lenergie-verte\/#article\",\"isPartOf\":{\"@id\":\"https:\/\/www.svalbard.fr\/actualites\/une-ancienne-mine-en-europe-convertie-en-batterie-geante-pour-lenergie-verte\/\"},\"author\":{\"name\":\"Guillaume Chen\",\"@id\":\"https:\/\/www.svalbard.fr\/actualites\/#\/schema\/person\/b9d185560b94bff7322d37cb676ee545\"},\"headline\":\"Une ancienne mine en Europe convertie en batterie g\u00e9ante pour l\u2019\u00e9nergie verte\",\"datePublished\":\"2025-01-27T07:30:00+00:00\",\"dateModified\":\"2025-01-20T10:31:05+00:00\",\"mainEntityOfPage\":{\"@id\":\"https:\/\/www.svalbard.fr\/actualites\/une-ancienne-mine-en-europe-convertie-en-batterie-geante-pour-lenergie-verte\/\"},\"wordCount\":724,\"publisher\":{\"@id\":\"https:\/\/www.svalbard.fr\/actualites\/#organization\"},\"articleSection\":[\"Tendances\"],\"inLanguage\":\"fr-FR\"},{\"@type\":\"WebPage\",\"@id\":\"https:\/\/www.svalbard.fr\/actualites\/une-ancienne-mine-en-europe-convertie-en-batterie-geante-pour-lenergie-verte\/\",\"url\":\"https:\/\/www.svalbard.fr\/actualites\/une-ancienne-mine-en-europe-convertie-en-batterie-geante-pour-lenergie-verte\/\",\"name\":\"Une ancienne mine en Europe convertie en batterie g\u00e9ante pour l\u2019\u00e9nergie verte\",\"isPartOf\":{\"@id\":\"https:\/\/www.svalbard.fr\/actualites\/#website\"},\"datePublished\":\"2025-01-27T07:30:00+00:00\",\"dateModified\":\"2025-01-20T10:31:05+00:00\",\"breadcrumb\":{\"@id\":\"https:\/\/www.svalbard.fr\/actualites\/une-ancienne-mine-en-europe-convertie-en-batterie-geante-pour-lenergie-verte\/#breadcrumb\"},\"inLanguage\":\"fr-FR\",\"potentialAction\":[{\"@type\":\"ReadAction\",\"target\":[\"https:\/\/www.svalbard.fr\/actualites\/une-ancienne-mine-en-europe-convertie-en-batterie-geante-pour-lenergie-verte\/\"]}]},{\"@type\":\"BreadcrumbList\",\"@id\":\"https:\/\/www.svalbard.fr\/actualites\/une-ancienne-mine-en-europe-convertie-en-batterie-geante-pour-lenergie-verte\/#breadcrumb\",\"itemListElement\":[{\"@type\":\"ListItem\",\"position\":1,\"name\":\"Accueil\",\"item\":\"https:\/\/www.svalbard.fr\/actualites\/\"},{\"@type\":\"ListItem\",\"position\":2,\"name\":\"Une ancienne mine en Europe convertie en batterie g\u00e9ante pour l\u2019\u00e9nergie verte\"}]},{\"@type\":\"WebSite\",\"@id\":\"https:\/\/www.svalbard.fr\/actualites\/#website\",\"url\":\"https:\/\/www.svalbard.fr\/actualites\/\",\"name\":\"www.Svalbard.fr\",\"description\":\"\",\"publisher\":{\"@id\":\"https:\/\/www.svalbard.fr\/actualites\/#organization\"},\"potentialAction\":[{\"@type\":\"SearchAction\",\"target\":{\"@type\":\"EntryPoint\",\"urlTemplate\":\"https:\/\/www.svalbard.fr\/actualites\/?s={search_term_string}\"},\"query-input\":\"required name=search_term_string\"}],\"inLanguage\":\"fr-FR\"},{\"@type\":\"Organization\",\"@id\":\"https:\/\/www.svalbard.fr\/actualites\/#organization\",\"name\":\"www.Svalbard.fr\",\"url\":\"https:\/\/www.svalbard.fr\/actualites\/\",\"logo\":{\"@type\":\"ImageObject\",\"inLanguage\":\"fr-FR\",\"@id\":\"https:\/\/www.svalbard.fr\/actualites\/#\/schema\/logo\/image\/\",\"url\":\"https:\/\/www.svalbard.fr\/actualites\/wp-content\/uploads\/2023\/09\/head-nom.jpg\",\"contentUrl\":\"https:\/\/www.svalbard.fr\/actualites\/wp-content\/uploads\/2023\/09\/head-nom.jpg\",\"width\":264,\"height\":35,\"caption\":\"www.Svalbard.fr\"},\"image\":{\"@id\":\"https:\/\/www.svalbard.fr\/actualites\/#\/schema\/logo\/image\/\"}},{\"@type\":\"Person\",\"@id\":\"https:\/\/www.svalbard.fr\/actualites\/#\/schema\/person\/b9d185560b94bff7322d37cb676ee545\",\"name\":\"Guillaume Chen\",\"image\":{\"@type\":\"ImageObject\",\"inLanguage\":\"fr-FR\",\"@id\":\"https:\/\/www.svalbard.fr\/actualites\/#\/schema\/person\/image\/\",\"url\":\"https:\/\/secure.gravatar.com\/avatar\/0c3f9c94586035b795ad4049a06fb048?s=96&d=mm&r=g\",\"contentUrl\":\"https:\/\/secure.gravatar.com\/avatar\/0c3f9c94586035b795ad4049a06fb048?s=96&d=mm&r=g\",\"caption\":\"Guillaume Chen\"},\"sameAs\":[\"https:\/\/www.svalbard.fr\/\"]}]}<\/script>\n<!-- \/ Yoast SEO plugin. -->","yoast_head_json":{"title":"Une ancienne mine en Europe convertie en batterie g\u00e9ante pour l\u2019\u00e9nergie verte","robots":{"index":"index","follow":"follow","max-snippet":"max-snippet:-1","max-image-preview":"max-image-preview:large","max-video-preview":"max-video-preview:-1"},"canonical":"https:\/\/www.svalbard.fr\/actualites\/une-ancienne-mine-en-europe-convertie-en-batterie-geante-pour-lenergie-verte\/","og_locale":"fr_FR","og_type":"article","og_title":"Une ancienne mine en Europe convertie en batterie g\u00e9ante pour l\u2019\u00e9nergie verte","og_description":"En Finlande, un projet audacieux donne une nouvelle vie \u00e0 l\u2019ancienne mine de Pyh\u00e4j\u00e4rvi. Autrefois d\u00e9di\u00e9e \u00e0 l\u2019extraction de m\u00e9taux pr\u00e9cieux, cette infrastructure impressionnante devient","og_url":"https:\/\/www.svalbard.fr\/actualites\/une-ancienne-mine-en-europe-convertie-en-batterie-geante-pour-lenergie-verte\/","og_site_name":"www.Svalbard.fr","article_published_time":"2025-01-27T07:30:00+00:00","article_modified_time":"2025-01-20T10:31:05+00:00","og_image":[{"width":1200,"height":675,"url":"https:\/\/www.svalbard.fr\/actualites\/wp-content\/uploads\/2025\/01\/Une-ancienne-mine-en-Europe-convertie-en-batterie-geante-pour-lenergie-verte.jpg","type":"image\/jpeg"}],"author":"Guillaume Chen","twitter_card":"summary_large_image","twitter_misc":{"\u00c9crit par":"Guillaume Chen","Dur\u00e9e de lecture estim\u00e9e":"4 minutes"},"schema":{"@context":"https:\/\/schema.org","@graph":[{"@type":"Article","@id":"https:\/\/www.svalbard.fr\/actualites\/une-ancienne-mine-en-europe-convertie-en-batterie-geante-pour-lenergie-verte\/#article","isPartOf":{"@id":"https:\/\/www.svalbard.fr\/actualites\/une-ancienne-mine-en-europe-convertie-en-batterie-geante-pour-lenergie-verte\/"},"author":{"name":"Guillaume Chen","@id":"https:\/\/www.svalbard.fr\/actualites\/#\/schema\/person\/b9d185560b94bff7322d37cb676ee545"},"headline":"Une ancienne mine en Europe convertie en batterie g\u00e9ante pour l\u2019\u00e9nergie verte","datePublished":"2025-01-27T07:30:00+00:00","dateModified":"2025-01-20T10:31:05+00:00","mainEntityOfPage":{"@id":"https:\/\/www.svalbard.fr\/actualites\/une-ancienne-mine-en-europe-convertie-en-batterie-geante-pour-lenergie-verte\/"},"wordCount":724,"publisher":{"@id":"https:\/\/www.svalbard.fr\/actualites\/#organization"},"articleSection":["Tendances"],"inLanguage":"fr-FR"},{"@type":"WebPage","@id":"https:\/\/www.svalbard.fr\/actualites\/une-ancienne-mine-en-europe-convertie-en-batterie-geante-pour-lenergie-verte\/","url":"https:\/\/www.svalbard.fr\/actualites\/une-ancienne-mine-en-europe-convertie-en-batterie-geante-pour-lenergie-verte\/","name":"Une ancienne mine en Europe convertie en batterie g\u00e9ante pour l\u2019\u00e9nergie verte","isPartOf":{"@id":"https:\/\/www.svalbard.fr\/actualites\/#website"},"datePublished":"2025-01-27T07:30:00+00:00","dateModified":"2025-01-20T10:31:05+00:00","breadcrumb":{"@id":"https:\/\/www.svalbard.fr\/actualites\/une-ancienne-mine-en-europe-convertie-en-batterie-geante-pour-lenergie-verte\/#breadcrumb"},"inLanguage":"fr-FR","potentialAction":[{"@type":"ReadAction","target":["https:\/\/www.svalbard.fr\/actualites\/une-ancienne-mine-en-europe-convertie-en-batterie-geante-pour-lenergie-verte\/"]}]},{"@type":"BreadcrumbList","@id":"https:\/\/www.svalbard.fr\/actualites\/une-ancienne-mine-en-europe-convertie-en-batterie-geante-pour-lenergie-verte\/#breadcrumb","itemListElement":[{"@type":"ListItem","position":1,"name":"Accueil","item":"https:\/\/www.svalbard.fr\/actualites\/"},{"@type":"ListItem","position":2,"name":"Une ancienne mine en Europe convertie en batterie g\u00e9ante pour l\u2019\u00e9nergie verte"}]},{"@type":"WebSite","@id":"https:\/\/www.svalbard.fr\/actualites\/#website","url":"https:\/\/www.svalbard.fr\/actualites\/","name":"www.Svalbard.fr","description":"","publisher":{"@id":"https:\/\/www.svalbard.fr\/actualites\/#organization"},"potentialAction":[{"@type":"SearchAction","target":{"@type":"EntryPoint","urlTemplate":"https:\/\/www.svalbard.fr\/actualites\/?s={search_term_string}"},"query-input":"required name=search_term_string"}],"inLanguage":"fr-FR"},{"@type":"Organization","@id":"https:\/\/www.svalbard.fr\/actualites\/#organization","name":"www.Svalbard.fr","url":"https:\/\/www.svalbard.fr\/actualites\/","logo":{"@type":"ImageObject","inLanguage":"fr-FR","@id":"https:\/\/www.svalbard.fr\/actualites\/#\/schema\/logo\/image\/","url":"https:\/\/www.svalbard.fr\/actualites\/wp-content\/uploads\/2023\/09\/head-nom.jpg","contentUrl":"https:\/\/www.svalbard.fr\/actualites\/wp-content\/uploads\/2023\/09\/head-nom.jpg","width":264,"height":35,"caption":"www.Svalbard.fr"},"image":{"@id":"https:\/\/www.svalbard.fr\/actualites\/#\/schema\/logo\/image\/"}},{"@type":"Person","@id":"https:\/\/www.svalbard.fr\/actualites\/#\/schema\/person\/b9d185560b94bff7322d37cb676ee545","name":"Guillaume Chen","image":{"@type":"ImageObject","inLanguage":"fr-FR","@id":"https:\/\/www.svalbard.fr\/actualites\/#\/schema\/person\/image\/","url":"https:\/\/secure.gravatar.com\/avatar\/0c3f9c94586035b795ad4049a06fb048?s=96&d=mm&r=g","contentUrl":"https:\/\/secure.gravatar.com\/avatar\/0c3f9c94586035b795ad4049a06fb048?s=96&d=mm&r=g","caption":"Guillaume Chen"},"sameAs":["https:\/\/www.svalbard.fr\/"]}]}},"_links":{"self":[{"href":"https:\/\/www.svalbard.fr\/actualites\/wp-json\/wp\/v2\/posts\/2283"}],"collection":[{"href":"https:\/\/www.svalbard.fr\/actualites\/wp-json\/wp\/v2\/posts"}],"about":[{"href":"https:\/\/www.svalbard.fr\/actualites\/wp-json\/wp\/v2\/types\/post"}],"author":[{"embeddable":true,"href":"https:\/\/www.svalbard.fr\/actualites\/wp-json\/wp\/v2\/users\/3"}],"replies":[{"embeddable":true,"href":"https:\/\/www.svalbard.fr\/actualites\/wp-json\/wp\/v2\/comments?post=2283"}],"version-history":[{"count":1,"href":"https:\/\/www.svalbard.fr\/actualites\/wp-json\/wp\/v2\/posts\/2283\/revisions"}],"predecessor-version":[{"id":2307,"href":"https:\/\/www.svalbard.fr\/actualites\/wp-json\/wp\/v2\/posts\/2283\/revisions\/2307"}],"wp:featuredmedia":[{"embeddable":true,"href":"https:\/\/www.svalbard.fr\/actualites\/wp-json\/wp\/v2\/media\/2299"}],"wp:attachment":[{"href":"https:\/\/www.svalbard.fr\/actualites\/wp-json\/wp\/v2\/media?parent=2283"}],"wp:term":[{"taxonomy":"category","embeddable":true,"href":"https:\/\/www.svalbard.fr\/actualites\/wp-json\/wp\/v2\/categories?post=2283"},{"taxonomy":"post_tag","embeddable":true,"href":"https:\/\/www.svalbard.fr\/actualites\/wp-json\/wp\/v2\/tags?post=2283"}],"curies":[{"name":"wp","href":"https:\/\/api.w.org\/{rel}","templated":true}]}}