{"id":2377,"date":"2025-01-31T13:19:28","date_gmt":"2025-01-31T12:19:28","guid":{"rendered":"https:\/\/www.svalbard.fr\/actualites\/chaos-en-norvege-alors-que-le-gouvernement-seffondre-dans-une-enorme-rangee-sur-lue\/"},"modified":"2025-01-31T13:19:31","modified_gmt":"2025-01-31T12:19:31","slug":"chaos-en-norvege-alors-que-le-gouvernement-seffondre-dans-une-enorme-rangee-sur-lue","status":"publish","type":"post","link":"https:\/\/www.svalbard.fr\/actualites\/chaos-en-norvege-alors-que-le-gouvernement-seffondre-dans-une-enorme-rangee-sur-lue\/","title":{"rendered":"Chaos en Norv\u00e8ge alors que le gouvernement s&#39;effondre dans une \u00e9norme rang\u00e9e sur l&#39;UE"},"content":{"rendered":"<div>\n<p>Le chaos a \u00e9clat\u00e9 dans un pays scandinave alors que son gouvernement s&#39;effondre au milieu d&#39;une rang\u00e9e sur l&#39;UE.<\/p>\n<p>  L&#39;administration de la Norv\u00e8ge a implos\u00e9 jeudi apr\u00e8s que son parti du centre eurosceptique a quitt\u00e9 la coalition \u00e0 deux parties au pouvoir sur l&#39;adoption des lois sur l&#39;\u00e9nergie verte de l&#39;UE.<\/p>\n<p>Les scories Trygve Vedum, le ministre des Finances et chef du parti du centre, ont mis au point les r\u00e9glementations.<\/p>\n<p data-mce-linkchecker-status=\"valid\">Selon le diffuseur norv\u00e9gien DN, il a d\u00e9clar\u00e9: \u00abNous disons que c&#39;est assez, c&#39;est la limite.<\/p>\n<p>\u00ab\u00a0Nous le faisons pour modifier la politique de l&#39;\u00e9lectricit\u00e9 norv\u00e9gienne et cr\u00e9er une dynamique o\u00f9 nous pouvons prendre des mesures qui peuvent nous donner des prix d&#39;\u00e9lectricit\u00e9 plus bas et stables en Norv\u00e8ge, et que nous ne devrions pas c\u00e9der plus de puissance \u00e0 l&#39;UE.\u00a0\u00bb<\/p>\n<\/div>\n<div>\n<p>La Norv\u00e8ge a \u00e9t\u00e9 \u00e9voqu\u00e9e \u00e0 plusieurs reprises lors du d\u00e9bat du Brexit du Royaume-Uni, car l&#39;\u00c9tat n&#39;est pas membre de l&#39;UE, mais fait partie du domaine \u00e9conomique europ\u00e9en (EEE).<\/p>\n<p data-mce-linkchecker-status=\"valid\">Cela garantit qu&#39;il a acc\u00e8s au march\u00e9 unique de l&#39;Union, mais signifie que le pays doit suivre la plupart des directives de l&#39;UE.<\/p>\n<p data-mce-linkchecker-status=\"valid\">La possibilit\u00e9 d&#39;un accord de style Norv\u00e8ge avec Bruxelles a \u00e9t\u00e9 pr\u00e9conis\u00e9e par certains, et est toujours occasionnellement d\u00e9nu\u00e9 aujourd&#39;hui cinq ans apr\u00e8s la sortie du Royaume-Uni par les d\u00e9fenseurs de l&#39;entr\u00e9e du pays sur le march\u00e9 unique.<\/p>\n<p data-mce-linkchecker-status=\"valid\">Le navire de saut de centre du centre signifie que le parti travailliste de centre-gauche, dirig\u00e9 par Jonas Gahr St\u00f8re, le Premier ministre, r\u00e9gira le solo pour la premi\u00e8re fois en un quart de si\u00e8cle, rapporte le t\u00e9l\u00e9graphe.<\/p>\n<\/div>\n<div>\n<p>Il est possible que le parti travailliste continue de gouverner jusqu&#39;aux \u00e9lections norv\u00e9giennes en septembre, bien que le parti puisse avoir du mal \u00e0 adopter une l\u00e9gislation en raison du manque d&#39;une majorit\u00e9 parlementaire.<\/p>\n<p>M. St\u00f8re a d\u00e9clar\u00e9 aux journalistes: \u00ab\u00a0Ici je me tiens, je ne suis pas parti.\u00a0\u00bb Il a ajout\u00e9: \u00ab\u00a0Ce n&#39;est pas le r\u00e9sultat que je voulais.\u00a0\u00bb<\/p>\n<p>Un ambassadeur de l&#39;UE \u00e0 Oslo a r\u00e9cemment d\u00e9clar\u00e9 au Financial Times: \u00abNous ne sommes pas satisfaits de la Norv\u00e8ge. Le sentiment est aussi mauvais que je l&#39;ai connu.<\/p>\n<p>\u00ab\u00a0La Norv\u00e8ge a l&#39;air \u00e9go\u00efste, essayant de garder cette \u00e9lectricit\u00e9 pour elle-m\u00eame alors qu&#39;elle gagne tellement d&#39;argent en nous vendant du gaz.\u00a0\u00bb<\/p>\n<\/div>\n","protected":false},"excerpt":{"rendered":"<p>Le chaos a \u00e9clat\u00e9 dans un pays scandinave alors que son gouvernement s&#39;effondre au milieu d&#39;une rang\u00e9e sur l&#39;UE. L&#39;administration de la Norv\u00e8ge a implos\u00e9<\/p>\n","protected":false},"author":1,"featured_media":2378,"comment_status":"closed","ping_status":"","sticky":false,"template":"","format":"standard","meta":{"footnotes":""},"categories":[1],"tags":[24,1885,54,596,152,1268,6,2027,2026,28,18],"yoast_head":"<!-- This site is optimized with the Yoast SEO plugin v21.0 - https:\/\/yoast.com\/wordpress\/plugins\/seo\/ -->\n<title>Chaos en Norv\u00e8ge alors que le gouvernement s&#039;effondre dans une \u00e9norme rang\u00e9e sur l&#039;UE<\/title>\n<meta name=\"robots\" content=\"index, follow, max-snippet:-1, max-image-preview:large, max-video-preview:-1\" \/>\n<link rel=\"canonical\" href=\"https:\/\/www.svalbard.fr\/actualites\/chaos-en-norvege-alors-que-le-gouvernement-seffondre-dans-une-enorme-rangee-sur-lue\/\" \/>\n<meta property=\"og:locale\" content=\"fr_FR\" \/>\n<meta property=\"og:type\" content=\"article\" \/>\n<meta property=\"og:title\" content=\"Chaos en Norv\u00e8ge alors que le gouvernement s&#039;effondre dans une \u00e9norme rang\u00e9e sur l&#039;UE\" \/>\n<meta property=\"og:description\" content=\"Le chaos a \u00e9clat\u00e9 dans un pays scandinave alors que son gouvernement s&#039;effondre au milieu d&#039;une rang\u00e9e sur l&#039;UE. L&#039;administration de la Norv\u00e8ge a implos\u00e9\" \/>\n<meta property=\"og:url\" content=\"https:\/\/www.svalbard.fr\/actualites\/chaos-en-norvege-alors-que-le-gouvernement-seffondre-dans-une-enorme-rangee-sur-lue\/\" \/>\n<meta property=\"og:site_name\" content=\"www.Svalbard.fr\" \/>\n<meta property=\"article:published_time\" content=\"2025-01-31T12:19:28+00:00\" \/>\n<meta property=\"article:modified_time\" content=\"2025-01-31T12:19:31+00:00\" \/>\n<meta property=\"og:image\" content=\"https:\/\/www.svalbard.fr\/actualites\/wp-content\/uploads\/2025\/01\/Chaos-en-Norvege-alors-que-le-gouvernement-s39effondre-dans-une.jpg\" \/>\n\t<meta property=\"og:image:width\" content=\"1200\" \/>\n\t<meta property=\"og:image:height\" content=\"630\" \/>\n\t<meta property=\"og:image:type\" content=\"image\/jpeg\" \/>\n<meta name=\"author\" content=\"Hilmar\" \/>\n<meta name=\"twitter:card\" content=\"summary_large_image\" \/>\n<meta name=\"twitter:label1\" content=\"\u00c9crit par\" \/>\n\t<meta name=\"twitter:data1\" content=\"Hilmar\" \/>\n\t<meta name=\"twitter:label2\" content=\"Dur\u00e9e de lecture estim\u00e9e\" \/>\n\t<meta name=\"twitter:data2\" content=\"2 minutes\" \/>\n<script type=\"application\/ld+json\" class=\"yoast-schema-graph\">{\"@context\":\"https:\/\/schema.org\",\"@graph\":[{\"@type\":\"Article\",\"@id\":\"https:\/\/www.svalbard.fr\/actualites\/chaos-en-norvege-alors-que-le-gouvernement-seffondre-dans-une-enorme-rangee-sur-lue\/#article\",\"isPartOf\":{\"@id\":\"https:\/\/www.svalbard.fr\/actualites\/chaos-en-norvege-alors-que-le-gouvernement-seffondre-dans-une-enorme-rangee-sur-lue\/\"},\"author\":{\"name\":\"Hilmar\",\"@id\":\"https:\/\/www.svalbard.fr\/actualites\/#\/schema\/person\/a2f937d5712222366738fae98755c600\"},\"headline\":\"Chaos en Norv\u00e8ge alors que le gouvernement s&#39;effondre dans une \u00e9norme rang\u00e9e sur l&#39;UE\",\"datePublished\":\"2025-01-31T12:19:28+00:00\",\"dateModified\":\"2025-01-31T12:19:31+00:00\",\"mainEntityOfPage\":{\"@id\":\"https:\/\/www.svalbard.fr\/actualites\/chaos-en-norvege-alors-que-le-gouvernement-seffondre-dans-une-enorme-rangee-sur-lue\/\"},\"wordCount\":453,\"publisher\":{\"@id\":\"https:\/\/www.svalbard.fr\/actualites\/#organization\"},\"keywords\":[\"alors\",\"chaos\",\"dans\",\"\u00e9norme\",\"gouvernement\",\"l39UE\",\"Norv\u00e8ge\",\"rang\u00e9e\",\"s39effondre\",\"sur\",\"Une\"],\"articleSection\":[\"Svalbard\"],\"inLanguage\":\"fr-FR\"},{\"@type\":\"WebPage\",\"@id\":\"https:\/\/www.svalbard.fr\/actualites\/chaos-en-norvege-alors-que-le-gouvernement-seffondre-dans-une-enorme-rangee-sur-lue\/\",\"url\":\"https:\/\/www.svalbard.fr\/actualites\/chaos-en-norvege-alors-que-le-gouvernement-seffondre-dans-une-enorme-rangee-sur-lue\/\",\"name\":\"Chaos en Norv\u00e8ge alors que le gouvernement s&#39;effondre dans une \u00e9norme rang\u00e9e sur l&#39;UE\",\"isPartOf\":{\"@id\":\"https:\/\/www.svalbard.fr\/actualites\/#website\"},\"datePublished\":\"2025-01-31T12:19:28+00:00\",\"dateModified\":\"2025-01-31T12:19:31+00:00\",\"breadcrumb\":{\"@id\":\"https:\/\/www.svalbard.fr\/actualites\/chaos-en-norvege-alors-que-le-gouvernement-seffondre-dans-une-enorme-rangee-sur-lue\/#breadcrumb\"},\"inLanguage\":\"fr-FR\",\"potentialAction\":[{\"@type\":\"ReadAction\",\"target\":[\"https:\/\/www.svalbard.fr\/actualites\/chaos-en-norvege-alors-que-le-gouvernement-seffondre-dans-une-enorme-rangee-sur-lue\/\"]}]},{\"@type\":\"BreadcrumbList\",\"@id\":\"https:\/\/www.svalbard.fr\/actualites\/chaos-en-norvege-alors-que-le-gouvernement-seffondre-dans-une-enorme-rangee-sur-lue\/#breadcrumb\",\"itemListElement\":[{\"@type\":\"ListItem\",\"position\":1,\"name\":\"Accueil\",\"item\":\"https:\/\/www.svalbard.fr\/actualites\/\"},{\"@type\":\"ListItem\",\"position\":2,\"name\":\"Chaos en Norv\u00e8ge alors que le gouvernement s&#39;effondre dans une \u00e9norme rang\u00e9e sur l&#39;UE\"}]},{\"@type\":\"WebSite\",\"@id\":\"https:\/\/www.svalbard.fr\/actualites\/#website\",\"url\":\"https:\/\/www.svalbard.fr\/actualites\/\",\"name\":\"www.Svalbard.fr\",\"description\":\"\",\"publisher\":{\"@id\":\"https:\/\/www.svalbard.fr\/actualites\/#organization\"},\"potentialAction\":[{\"@type\":\"SearchAction\",\"target\":{\"@type\":\"EntryPoint\",\"urlTemplate\":\"https:\/\/www.svalbard.fr\/actualites\/?s={search_term_string}\"},\"query-input\":\"required name=search_term_string\"}],\"inLanguage\":\"fr-FR\"},{\"@type\":\"Organization\",\"@id\":\"https:\/\/www.svalbard.fr\/actualites\/#organization\",\"name\":\"www.Svalbard.fr\",\"url\":\"https:\/\/www.svalbard.fr\/actualites\/\",\"logo\":{\"@type\":\"ImageObject\",\"inLanguage\":\"fr-FR\",\"@id\":\"https:\/\/www.svalbard.fr\/actualites\/#\/schema\/logo\/image\/\",\"url\":\"https:\/\/www.svalbard.fr\/actualites\/wp-content\/uploads\/2023\/09\/head-nom.jpg\",\"contentUrl\":\"https:\/\/www.svalbard.fr\/actualites\/wp-content\/uploads\/2023\/09\/head-nom.jpg\",\"width\":264,\"height\":35,\"caption\":\"www.Svalbard.fr\"},\"image\":{\"@id\":\"https:\/\/www.svalbard.fr\/actualites\/#\/schema\/logo\/image\/\"}},{\"@type\":\"Person\",\"@id\":\"https:\/\/www.svalbard.fr\/actualites\/#\/schema\/person\/a2f937d5712222366738fae98755c600\",\"name\":\"Hilmar\",\"image\":{\"@type\":\"ImageObject\",\"inLanguage\":\"fr-FR\",\"@id\":\"https:\/\/www.svalbard.fr\/actualites\/#\/schema\/person\/image\/\",\"url\":\"https:\/\/secure.gravatar.com\/avatar\/4daa437093476dbc32da415c112b6512?s=96&d=mm&r=g\",\"contentUrl\":\"https:\/\/secure.gravatar.com\/avatar\/4daa437093476dbc32da415c112b6512?s=96&d=mm&r=g\",\"caption\":\"Hilmar\"},\"description\":\"Hilmar est un passionn\u00e9 des r\u00e9gions polaires, sp\u00e9cialis\u00e9 dans la r\u00e9daction d'articles sur le Spitzberg et autres destinations arctiques. Il apporte son expertise et sa passion pour l'Arctique au sein de l'\u00e9quipe de r\u00e9daction de Svalbard depuis de nombreuses ann\u00e9es.\",\"sameAs\":[\"https:\/\/www.svalbard.fr\/\"]}]}<\/script>\n<!-- \/ Yoast SEO plugin. -->","yoast_head_json":{"title":"Chaos en Norv\u00e8ge alors que le gouvernement s&#39;effondre dans une \u00e9norme rang\u00e9e sur l&#39;UE","robots":{"index":"index","follow":"follow","max-snippet":"max-snippet:-1","max-image-preview":"max-image-preview:large","max-video-preview":"max-video-preview:-1"},"canonical":"https:\/\/www.svalbard.fr\/actualites\/chaos-en-norvege-alors-que-le-gouvernement-seffondre-dans-une-enorme-rangee-sur-lue\/","og_locale":"fr_FR","og_type":"article","og_title":"Chaos en Norv\u00e8ge alors que le gouvernement s&#39;effondre dans une \u00e9norme rang\u00e9e sur l&#39;UE","og_description":"Le chaos a \u00e9clat\u00e9 dans un pays scandinave alors que son gouvernement s&#39;effondre au milieu d&#39;une rang\u00e9e sur l&#39;UE. L&#39;administration de la Norv\u00e8ge a implos\u00e9","og_url":"https:\/\/www.svalbard.fr\/actualites\/chaos-en-norvege-alors-que-le-gouvernement-seffondre-dans-une-enorme-rangee-sur-lue\/","og_site_name":"www.Svalbard.fr","article_published_time":"2025-01-31T12:19:28+00:00","article_modified_time":"2025-01-31T12:19:31+00:00","og_image":[{"width":1200,"height":630,"url":"https:\/\/www.svalbard.fr\/actualites\/wp-content\/uploads\/2025\/01\/Chaos-en-Norvege-alors-que-le-gouvernement-s39effondre-dans-une.jpg","type":"image\/jpeg"}],"author":"Hilmar","twitter_card":"summary_large_image","twitter_misc":{"\u00c9crit par":"Hilmar","Dur\u00e9e de lecture estim\u00e9e":"2 minutes"},"schema":{"@context":"https:\/\/schema.org","@graph":[{"@type":"Article","@id":"https:\/\/www.svalbard.fr\/actualites\/chaos-en-norvege-alors-que-le-gouvernement-seffondre-dans-une-enorme-rangee-sur-lue\/#article","isPartOf":{"@id":"https:\/\/www.svalbard.fr\/actualites\/chaos-en-norvege-alors-que-le-gouvernement-seffondre-dans-une-enorme-rangee-sur-lue\/"},"author":{"name":"Hilmar","@id":"https:\/\/www.svalbard.fr\/actualites\/#\/schema\/person\/a2f937d5712222366738fae98755c600"},"headline":"Chaos en Norv\u00e8ge alors que le gouvernement s&#39;effondre dans une \u00e9norme rang\u00e9e sur l&#39;UE","datePublished":"2025-01-31T12:19:28+00:00","dateModified":"2025-01-31T12:19:31+00:00","mainEntityOfPage":{"@id":"https:\/\/www.svalbard.fr\/actualites\/chaos-en-norvege-alors-que-le-gouvernement-seffondre-dans-une-enorme-rangee-sur-lue\/"},"wordCount":453,"publisher":{"@id":"https:\/\/www.svalbard.fr\/actualites\/#organization"},"keywords":["alors","chaos","dans","\u00e9norme","gouvernement","l39UE","Norv\u00e8ge","rang\u00e9e","s39effondre","sur","Une"],"articleSection":["Svalbard"],"inLanguage":"fr-FR"},{"@type":"WebPage","@id":"https:\/\/www.svalbard.fr\/actualites\/chaos-en-norvege-alors-que-le-gouvernement-seffondre-dans-une-enorme-rangee-sur-lue\/","url":"https:\/\/www.svalbard.fr\/actualites\/chaos-en-norvege-alors-que-le-gouvernement-seffondre-dans-une-enorme-rangee-sur-lue\/","name":"Chaos en Norv\u00e8ge alors que le gouvernement s&#39;effondre dans une \u00e9norme rang\u00e9e sur l&#39;UE","isPartOf":{"@id":"https:\/\/www.svalbard.fr\/actualites\/#website"},"datePublished":"2025-01-31T12:19:28+00:00","dateModified":"2025-01-31T12:19:31+00:00","breadcrumb":{"@id":"https:\/\/www.svalbard.fr\/actualites\/chaos-en-norvege-alors-que-le-gouvernement-seffondre-dans-une-enorme-rangee-sur-lue\/#breadcrumb"},"inLanguage":"fr-FR","potentialAction":[{"@type":"ReadAction","target":["https:\/\/www.svalbard.fr\/actualites\/chaos-en-norvege-alors-que-le-gouvernement-seffondre-dans-une-enorme-rangee-sur-lue\/"]}]},{"@type":"BreadcrumbList","@id":"https:\/\/www.svalbard.fr\/actualites\/chaos-en-norvege-alors-que-le-gouvernement-seffondre-dans-une-enorme-rangee-sur-lue\/#breadcrumb","itemListElement":[{"@type":"ListItem","position":1,"name":"Accueil","item":"https:\/\/www.svalbard.fr\/actualites\/"},{"@type":"ListItem","position":2,"name":"Chaos en Norv\u00e8ge alors que le gouvernement s&#39;effondre dans une \u00e9norme rang\u00e9e sur l&#39;UE"}]},{"@type":"WebSite","@id":"https:\/\/www.svalbard.fr\/actualites\/#website","url":"https:\/\/www.svalbard.fr\/actualites\/","name":"www.Svalbard.fr","description":"","publisher":{"@id":"https:\/\/www.svalbard.fr\/actualites\/#organization"},"potentialAction":[{"@type":"SearchAction","target":{"@type":"EntryPoint","urlTemplate":"https:\/\/www.svalbard.fr\/actualites\/?s={search_term_string}"},"query-input":"required name=search_term_string"}],"inLanguage":"fr-FR"},{"@type":"Organization","@id":"https:\/\/www.svalbard.fr\/actualites\/#organization","name":"www.Svalbard.fr","url":"https:\/\/www.svalbard.fr\/actualites\/","logo":{"@type":"ImageObject","inLanguage":"fr-FR","@id":"https:\/\/www.svalbard.fr\/actualites\/#\/schema\/logo\/image\/","url":"https:\/\/www.svalbard.fr\/actualites\/wp-content\/uploads\/2023\/09\/head-nom.jpg","contentUrl":"https:\/\/www.svalbard.fr\/actualites\/wp-content\/uploads\/2023\/09\/head-nom.jpg","width":264,"height":35,"caption":"www.Svalbard.fr"},"image":{"@id":"https:\/\/www.svalbard.fr\/actualites\/#\/schema\/logo\/image\/"}},{"@type":"Person","@id":"https:\/\/www.svalbard.fr\/actualites\/#\/schema\/person\/a2f937d5712222366738fae98755c600","name":"Hilmar","image":{"@type":"ImageObject","inLanguage":"fr-FR","@id":"https:\/\/www.svalbard.fr\/actualites\/#\/schema\/person\/image\/","url":"https:\/\/secure.gravatar.com\/avatar\/4daa437093476dbc32da415c112b6512?s=96&d=mm&r=g","contentUrl":"https:\/\/secure.gravatar.com\/avatar\/4daa437093476dbc32da415c112b6512?s=96&d=mm&r=g","caption":"Hilmar"},"description":"Hilmar est un passionn\u00e9 des r\u00e9gions polaires, sp\u00e9cialis\u00e9 dans la r\u00e9daction d'articles sur le Spitzberg et autres destinations arctiques. Il apporte son expertise et sa passion pour l'Arctique au sein de l'\u00e9quipe de r\u00e9daction de Svalbard depuis de nombreuses ann\u00e9es.","sameAs":["https:\/\/www.svalbard.fr\/"]}]}},"_links":{"self":[{"href":"https:\/\/www.svalbard.fr\/actualites\/wp-json\/wp\/v2\/posts\/2377"}],"collection":[{"href":"https:\/\/www.svalbard.fr\/actualites\/wp-json\/wp\/v2\/posts"}],"about":[{"href":"https:\/\/www.svalbard.fr\/actualites\/wp-json\/wp\/v2\/types\/post"}],"author":[{"embeddable":true,"href":"https:\/\/www.svalbard.fr\/actualites\/wp-json\/wp\/v2\/users\/1"}],"replies":[{"embeddable":true,"href":"https:\/\/www.svalbard.fr\/actualites\/wp-json\/wp\/v2\/comments?post=2377"}],"version-history":[{"count":1,"href":"https:\/\/www.svalbard.fr\/actualites\/wp-json\/wp\/v2\/posts\/2377\/revisions"}],"predecessor-version":[{"id":2379,"href":"https:\/\/www.svalbard.fr\/actualites\/wp-json\/wp\/v2\/posts\/2377\/revisions\/2379"}],"wp:featuredmedia":[{"embeddable":true,"href":"https:\/\/www.svalbard.fr\/actualites\/wp-json\/wp\/v2\/media\/2378"}],"wp:attachment":[{"href":"https:\/\/www.svalbard.fr\/actualites\/wp-json\/wp\/v2\/media?parent=2377"}],"wp:term":[{"taxonomy":"category","embeddable":true,"href":"https:\/\/www.svalbard.fr\/actualites\/wp-json\/wp\/v2\/categories?post=2377"},{"taxonomy":"post_tag","embeddable":true,"href":"https:\/\/www.svalbard.fr\/actualites\/wp-json\/wp\/v2\/tags?post=2377"}],"curies":[{"name":"wp","href":"https:\/\/api.w.org\/{rel}","templated":true}]}}