{"id":2463,"date":"2025-02-13T08:20:44","date_gmt":"2025-02-13T07:20:44","guid":{"rendered":"https:\/\/www.svalbard.fr\/actualites\/changements-a-venir-pour-le-ferry-de-croisiere-doslo-copenhagen\/"},"modified":"2025-02-13T08:20:44","modified_gmt":"2025-02-13T07:20:44","slug":"changements-a-venir-pour-le-ferry-de-croisiere-doslo-copenhagen","status":"publish","type":"post","link":"https:\/\/www.svalbard.fr\/actualites\/changements-a-venir-pour-le-ferry-de-croisiere-doslo-copenhagen\/","title":{"rendered":"Changements \u00e0 venir pour le ferry de croisi\u00e8re d&#39;Oslo-Copenhagen"},"content":{"rendered":"<div itemprop=\"text\">\n\t\t\t<span id=\"dpsp-post-content-markup\" data-image-pin-it=\"false\"><\/span><\/p>\n<p class=\"intro\">La route historique d&#39;Oslo-Copenhagen Ferry a rebaptis\u00e9 pour refl\u00e9ter son h\u00e9ritage nordique. Sous le nouveau propri\u00e9taire Gotlandsbolaget, l&#39;itin\u00e9raire est en cours d&#39;am\u00e9lioration majeure, y compris des navires remani\u00e9s, des exp\u00e9riences \u00e0 bord am\u00e9lior\u00e9es et un accent sur la culture nordique.<\/p>\n<p>Depuis des g\u00e9n\u00e9rations, les habitants et les visiteurs ont navigu\u00e9 entre Oslo et Copenhague, faisant de la route des ferry une tradition qui a reli\u00e9 les deux capitales nordiques depuis plus de 150 ans &#8211; que ce soit pour les vacances, les affaires ou simplement la joie d&#39;une mini-croisi\u00e8re en mer.<\/p>\n<figure class=\"wp-block-image size-large\"><img data-lazyloaded=\"1\" data-placeholder-resp=\"768x432\" fetchpriority=\"high\" decoding=\"async\" width=\"768\" height=\"432\" src=\"https:\/\/www.svalbard.fr\/actualites\/wp-content\/uploads\/2025\/02\/Changements-a-venir-pour-le-ferry-de-croisiere-d39Oslo-Copenhagen.jpg\" alt='Nouvelles couleurs et logo pour le \"bateau danois\" embl\u00e9matique.' class=\"wp-image-83087\"  data-><noscript><img fetchpriority=\"high\" decoding=\"async\" width=\"768\" height=\"432\" src=\"https:\/\/www.svalbard.fr\/actualites\/wp-content\/uploads\/2025\/02\/Changements-a-venir-pour-le-ferry-de-croisiere-d39Oslo-Copenhagen.jpg\" alt='Nouvelles couleurs et logo pour le \"bateau danois\" embl\u00e9matique.' class=\"wp-image-83087\"  ><\/noscript><\/figure>\n<p>Le navire qui navigue quotidiennement entre Oslo et Copenhague a longtemps \u00e9t\u00e9 exploit\u00e9 par DFD. Mais apr\u00e8s l&#39;acquisition d&#39;une soci\u00e9t\u00e9 su\u00e9doise, la route historique a maintenant officiellement annonc\u00e9 son nouveau nom: Go Nordic Cruiseline.<\/p>\n<p>L&#39;objectif est de cr\u00e9er des exp\u00e9riences de qualit\u00e9 encore de meilleure qualit\u00e9 \u00e0 bord, en se concentrant sur le divertissement nordique et la gastronomie nordique, ainsi que pour fournir plus de temps pour explorer les capitales nordiques.<\/p>\n<p>\u00abLe nom refl\u00e8te notre fier h\u00e9ritage nordique et notre histoire. Nous naviguons dans les passagers entre Copenhague et Oslo depuis plus de 150 ans, cr\u00e9ant des exp\u00e9riences m\u00e9morables en mer pour les invit\u00e9s scandinaves et internationaux \u00bb, explique Kim Heiberg, vice-pr\u00e9sident ex\u00e9cutif de la route, maintenant connue sous le nom de Go Nordic Cruiseline.<\/p>\n<h2 class=\"wp-block-heading\">Un nouveau service<\/h2>\n<p>Le 1er novembre 2024, l&#39;itin\u00e9raire a \u00e9t\u00e9 acquis par la compagnie su\u00e9doise d&#39;exp\u00e9dition de passagers Gotlandsbolaget, qui a travaill\u00e9 intensivement pour d\u00e9velopper un nouveau nom, une nouvelle marque, un logo et une palette de couleurs pour l&#39;itin\u00e9raire.<\/p>\n<p>Dans le m\u00eame temps, des efforts d\u00e9di\u00e9s sont faits pour mettre \u00e0 niveau l&#39;exp\u00e9rience du produit et de l&#39;int\u00e9gration.<\/p>\n<p>\u00abNous d\u00e9velopperons le produit embarqu\u00e9 avec une identit\u00e9 nordique encore plus forte, en nous concentrant sur le divertissement nordique et la gastronomie nordique. Dans le m\u00eame temps, nous visons \u00e0 offrir une excellente exp\u00e9rience de voyage aux clients autonomes qui am\u00e8nent leurs voitures \u00e0 bord pour des vacances de ski, des vacances d&#39;\u00e9t\u00e9, des escapades de week-end ou des voyages similaires \u00bb, dit-il.<\/p>\n<figure class=\"wp-block-image size-large\"><img loading=\"lazy\" data-lazyloaded=\"1\" data-placeholder-resp=\"768x432\" decoding=\"async\" width=\"768\" height=\"432\" src=\"https:\/\/www.svalbard.fr\/actualites\/wp-content\/uploads\/2025\/02\/Changements-a-venir-pour-le-ferry-de-croisiere-d39Oslo-Copenhagen.png\" alt=\"Illustration du nouveau navire et du logo. Image: Gotlandsbolaget.\" class=\"wp-image-83091\"  data-><noscript><img loading=\"lazy\" decoding=\"async\" width=\"768\" height=\"432\" src=\"https:\/\/www.svalbard.fr\/actualites\/wp-content\/uploads\/2025\/02\/Changements-a-venir-pour-le-ferry-de-croisiere-d39Oslo-Copenhagen.png\" alt=\"Illustration du nouveau navire et du logo. Image: Gotlandsbolaget.\" class=\"wp-image-83091\"  ><\/noscript><\/figure>\n<p>\u00abNous continuerons \u00e9galement \u00e0 offrir des exp\u00e9riences de mini-cruise de haute qualit\u00e9 pour les couples, les familles, les groupes d&#39;amis et les entreprises &#8211; avec plus de temps pour explorer les deux capitales nordiques\u00bb, ajoute-t-il.<\/p>\n<h2 class=\"wp-block-heading\">Navires am\u00e9lior\u00e9s<\/h2>\n<p>L&#39;un des navires de l&#39;itin\u00e9raire, Nordic Pearl, est r\u00e9cemment revenu de Dry Dock dans une nouvelle palette de couleurs \u00e9tonnante, avec une coque aigue-marine, un entonnoir rouge et des cabines et des espaces publics am\u00e9lior\u00e9s.<\/p>\n<p>Apr\u00e8s la saison de ski, \u00e0 la mi-mars, le deuxi\u00e8me navire sur l&#39;itin\u00e9raire entrera dans le quai sec pour les m\u00eames mises \u00e0 niveau, y compris de nouvelles peintures, des r\u00e9novations de cabine et des zones publiques am\u00e9lior\u00e9es. Dans le cadre de cette transformation, le navire sera renomm\u00e9 Nordic Crown.<\/p>\n<p>L&#39;itin\u00e9raire a d\u00e9cid\u00e9 de d\u00e9voiler sa nouvelle marque maintenant en raison de l&#39;int\u00e9r\u00eat \u00e9lev\u00e9 des fans et des passagers.<\/p>\n<p>\u00abC&#39;est incroyable de voir le grand enthousiasme pour notre produit et la transformation que nous subissons &#8211; le plus grand investissement et la mise \u00e0 niveau de l&#39;histoire de l&#39;itin\u00e9raire\u00bb, explique Kim Heiberg.<\/p>\n<p>\u00abIl y a eu beaucoup de sp\u00e9culations, nous sommes donc ravis de partager enfin notre nouvelle marque avec tous nos invit\u00e9s &#8211; et nous sommes impatients de lancer de nombreuses nouvelles initiatives dans les prochains mois\u00bb, ajoute-t-il.<\/p>\n<p>L&#39;ann\u00e9e derni\u00e8re, la route Copenhague-Oslo a transport\u00e9 plus de 700 000 passagers.<\/p>\n<h2 class=\"wp-block-heading\">\u00c0 propos de Gotlandsbolaget<\/h2>\n<p>Avec l&#39;\u00eele su\u00e9doise de Gotland comme base, Gotlandsbolaget exploite des services de passagers et de fret ainsi que des croisi\u00e8res vers et depuis Gotland, Nyn\u00e4shamn, Oskarshamn, Oslo, Frederikshavn, Copenhagen, Stockholm et Mariehamn.<\/p>\n<p>La soci\u00e9t\u00e9 investit dans l&#39;avenir de l&#39;exp\u00e9dition et des nouvelles technologies tout en d\u00e9veloppant des destinations durables et des attractions des visiteurs. \u00c0 Gotland, la soci\u00e9t\u00e9 poss\u00e8de plusieurs h\u00f4tels et propri\u00e9t\u00e9s.<\/p>\n<p>Fond\u00e9e en 1865, Gotlandsbolaget est la plus ancienne compagnie de navigation de passagers de Su\u00e8de. Aujourd&#39;hui, le groupe compte environ 1 500 employ\u00e9s, son si\u00e8ge social \u00e0 Visby sur l&#39;\u00eele de Gotland, et est inscrit au Nasdaq First North, en Su\u00e8de.<\/p>\n<\/p><\/div>\n","protected":false},"excerpt":{"rendered":"<p>La route historique d&#39;Oslo-Copenhagen Ferry a rebaptis\u00e9 pour refl\u00e9ter son h\u00e9ritage nordique. Sous le nouveau propri\u00e9taire Gotlandsbolaget, l&#39;itin\u00e9raire est en cours d&#39;am\u00e9lioration majeure, y compris<\/p>\n","protected":false},"author":1,"featured_media":2464,"comment_status":"","ping_status":"","sticky":false,"template":"","format":"standard","meta":{"footnotes":""},"categories":[1],"tags":[2058,82,2060,1010,150,2059],"yoast_head":"<!-- This site is optimized with the Yoast SEO plugin v21.0 - https:\/\/yoast.com\/wordpress\/plugins\/seo\/ -->\n<title>Changements \u00e0 venir pour le ferry de croisi\u00e8re d&#039;Oslo-Copenhagen<\/title>\n<meta name=\"robots\" content=\"index, follow, max-snippet:-1, max-image-preview:large, max-video-preview:-1\" \/>\n<link rel=\"canonical\" href=\"https:\/\/www.svalbard.fr\/actualites\/changements-a-venir-pour-le-ferry-de-croisiere-doslo-copenhagen\/\" \/>\n<meta property=\"og:locale\" content=\"fr_FR\" \/>\n<meta property=\"og:type\" content=\"article\" \/>\n<meta property=\"og:title\" content=\"Changements \u00e0 venir pour le ferry de croisi\u00e8re d&#039;Oslo-Copenhagen\" \/>\n<meta property=\"og:description\" content=\"La route historique d&#039;Oslo-Copenhagen Ferry a rebaptis\u00e9 pour refl\u00e9ter son h\u00e9ritage nordique. Sous le nouveau propri\u00e9taire Gotlandsbolaget, l&#039;itin\u00e9raire est en cours d&#039;am\u00e9lioration majeure, y compris\" \/>\n<meta property=\"og:url\" content=\"https:\/\/www.svalbard.fr\/actualites\/changements-a-venir-pour-le-ferry-de-croisiere-doslo-copenhagen\/\" \/>\n<meta property=\"og:site_name\" content=\"www.Svalbard.fr\" \/>\n<meta property=\"article:published_time\" content=\"2025-02-13T07:20:44+00:00\" \/>\n<meta property=\"og:image\" content=\"https:\/\/www.svalbard.fr\/actualites\/wp-content\/uploads\/2025\/02\/Changements-a-venir-pour-le-ferry-de-croisiere-d39Oslo-Copenhagen.jpg\" \/>\n<meta name=\"author\" content=\"Hilmar\" \/>\n<meta name=\"twitter:card\" content=\"summary_large_image\" \/>\n<meta name=\"twitter:label1\" content=\"\u00c9crit par\" \/>\n\t<meta name=\"twitter:data1\" content=\"Hilmar\" \/>\n\t<meta name=\"twitter:label2\" content=\"Dur\u00e9e de lecture estim\u00e9e\" \/>\n\t<meta name=\"twitter:data2\" content=\"4 minutes\" \/>\n<script type=\"application\/ld+json\" class=\"yoast-schema-graph\">{\"@context\":\"https:\/\/schema.org\",\"@graph\":[{\"@type\":\"Article\",\"@id\":\"https:\/\/www.svalbard.fr\/actualites\/changements-a-venir-pour-le-ferry-de-croisiere-doslo-copenhagen\/#article\",\"isPartOf\":{\"@id\":\"https:\/\/www.svalbard.fr\/actualites\/changements-a-venir-pour-le-ferry-de-croisiere-doslo-copenhagen\/\"},\"author\":{\"name\":\"Hilmar\",\"@id\":\"https:\/\/www.svalbard.fr\/actualites\/#\/schema\/person\/a2f937d5712222366738fae98755c600\"},\"headline\":\"Changements \u00e0 venir pour le ferry de croisi\u00e8re d&#39;Oslo-Copenhagen\",\"datePublished\":\"2025-02-13T07:20:44+00:00\",\"dateModified\":\"2025-02-13T07:20:44+00:00\",\"mainEntityOfPage\":{\"@id\":\"https:\/\/www.svalbard.fr\/actualites\/changements-a-venir-pour-le-ferry-de-croisiere-doslo-copenhagen\/\"},\"wordCount\":764,\"publisher\":{\"@id\":\"https:\/\/www.svalbard.fr\/actualites\/#organization\"},\"keywords\":[\"Changements\",\"croisi\u00e8re\",\"d39OsloCopenhagen\",\"ferry\",\"pour\",\"venir\"],\"articleSection\":[\"Svalbard\"],\"inLanguage\":\"fr-FR\"},{\"@type\":\"WebPage\",\"@id\":\"https:\/\/www.svalbard.fr\/actualites\/changements-a-venir-pour-le-ferry-de-croisiere-doslo-copenhagen\/\",\"url\":\"https:\/\/www.svalbard.fr\/actualites\/changements-a-venir-pour-le-ferry-de-croisiere-doslo-copenhagen\/\",\"name\":\"Changements \u00e0 venir pour le ferry de croisi\u00e8re d&#39;Oslo-Copenhagen\",\"isPartOf\":{\"@id\":\"https:\/\/www.svalbard.fr\/actualites\/#website\"},\"datePublished\":\"2025-02-13T07:20:44+00:00\",\"dateModified\":\"2025-02-13T07:20:44+00:00\",\"breadcrumb\":{\"@id\":\"https:\/\/www.svalbard.fr\/actualites\/changements-a-venir-pour-le-ferry-de-croisiere-doslo-copenhagen\/#breadcrumb\"},\"inLanguage\":\"fr-FR\",\"potentialAction\":[{\"@type\":\"ReadAction\",\"target\":[\"https:\/\/www.svalbard.fr\/actualites\/changements-a-venir-pour-le-ferry-de-croisiere-doslo-copenhagen\/\"]}]},{\"@type\":\"BreadcrumbList\",\"@id\":\"https:\/\/www.svalbard.fr\/actualites\/changements-a-venir-pour-le-ferry-de-croisiere-doslo-copenhagen\/#breadcrumb\",\"itemListElement\":[{\"@type\":\"ListItem\",\"position\":1,\"name\":\"Accueil\",\"item\":\"https:\/\/www.svalbard.fr\/actualites\/\"},{\"@type\":\"ListItem\",\"position\":2,\"name\":\"Changements \u00e0 venir pour le ferry de croisi\u00e8re d&#39;Oslo-Copenhagen\"}]},{\"@type\":\"WebSite\",\"@id\":\"https:\/\/www.svalbard.fr\/actualites\/#website\",\"url\":\"https:\/\/www.svalbard.fr\/actualites\/\",\"name\":\"www.Svalbard.fr\",\"description\":\"\",\"publisher\":{\"@id\":\"https:\/\/www.svalbard.fr\/actualites\/#organization\"},\"potentialAction\":[{\"@type\":\"SearchAction\",\"target\":{\"@type\":\"EntryPoint\",\"urlTemplate\":\"https:\/\/www.svalbard.fr\/actualites\/?s={search_term_string}\"},\"query-input\":\"required name=search_term_string\"}],\"inLanguage\":\"fr-FR\"},{\"@type\":\"Organization\",\"@id\":\"https:\/\/www.svalbard.fr\/actualites\/#organization\",\"name\":\"www.Svalbard.fr\",\"url\":\"https:\/\/www.svalbard.fr\/actualites\/\",\"logo\":{\"@type\":\"ImageObject\",\"inLanguage\":\"fr-FR\",\"@id\":\"https:\/\/www.svalbard.fr\/actualites\/#\/schema\/logo\/image\/\",\"url\":\"https:\/\/www.svalbard.fr\/actualites\/wp-content\/uploads\/2023\/09\/head-nom.jpg\",\"contentUrl\":\"https:\/\/www.svalbard.fr\/actualites\/wp-content\/uploads\/2023\/09\/head-nom.jpg\",\"width\":264,\"height\":35,\"caption\":\"www.Svalbard.fr\"},\"image\":{\"@id\":\"https:\/\/www.svalbard.fr\/actualites\/#\/schema\/logo\/image\/\"}},{\"@type\":\"Person\",\"@id\":\"https:\/\/www.svalbard.fr\/actualites\/#\/schema\/person\/a2f937d5712222366738fae98755c600\",\"name\":\"Hilmar\",\"image\":{\"@type\":\"ImageObject\",\"inLanguage\":\"fr-FR\",\"@id\":\"https:\/\/www.svalbard.fr\/actualites\/#\/schema\/person\/image\/\",\"url\":\"https:\/\/secure.gravatar.com\/avatar\/4daa437093476dbc32da415c112b6512?s=96&d=mm&r=g\",\"contentUrl\":\"https:\/\/secure.gravatar.com\/avatar\/4daa437093476dbc32da415c112b6512?s=96&d=mm&r=g\",\"caption\":\"Hilmar\"},\"description\":\"Hilmar est un passionn\u00e9 des r\u00e9gions polaires, sp\u00e9cialis\u00e9 dans la r\u00e9daction d'articles sur le Spitzberg et autres destinations arctiques. Il apporte son expertise et sa passion pour l'Arctique au sein de l'\u00e9quipe de r\u00e9daction de Svalbard depuis de nombreuses ann\u00e9es.\",\"sameAs\":[\"https:\/\/www.svalbard.fr\/\"]}]}<\/script>\n<!-- \/ Yoast SEO plugin. -->","yoast_head_json":{"title":"Changements \u00e0 venir pour le ferry de croisi\u00e8re d&#39;Oslo-Copenhagen","robots":{"index":"index","follow":"follow","max-snippet":"max-snippet:-1","max-image-preview":"max-image-preview:large","max-video-preview":"max-video-preview:-1"},"canonical":"https:\/\/www.svalbard.fr\/actualites\/changements-a-venir-pour-le-ferry-de-croisiere-doslo-copenhagen\/","og_locale":"fr_FR","og_type":"article","og_title":"Changements \u00e0 venir pour le ferry de croisi\u00e8re d&#39;Oslo-Copenhagen","og_description":"La route historique d&#39;Oslo-Copenhagen Ferry a rebaptis\u00e9 pour refl\u00e9ter son h\u00e9ritage nordique. Sous le nouveau propri\u00e9taire Gotlandsbolaget, l&#39;itin\u00e9raire est en cours d&#39;am\u00e9lioration majeure, y compris","og_url":"https:\/\/www.svalbard.fr\/actualites\/changements-a-venir-pour-le-ferry-de-croisiere-doslo-copenhagen\/","og_site_name":"www.Svalbard.fr","article_published_time":"2025-02-13T07:20:44+00:00","og_image":[{"url":"https:\/\/www.svalbard.fr\/actualites\/wp-content\/uploads\/2025\/02\/Changements-a-venir-pour-le-ferry-de-croisiere-d39Oslo-Copenhagen.jpg"}],"author":"Hilmar","twitter_card":"summary_large_image","twitter_misc":{"\u00c9crit par":"Hilmar","Dur\u00e9e de lecture estim\u00e9e":"4 minutes"},"schema":{"@context":"https:\/\/schema.org","@graph":[{"@type":"Article","@id":"https:\/\/www.svalbard.fr\/actualites\/changements-a-venir-pour-le-ferry-de-croisiere-doslo-copenhagen\/#article","isPartOf":{"@id":"https:\/\/www.svalbard.fr\/actualites\/changements-a-venir-pour-le-ferry-de-croisiere-doslo-copenhagen\/"},"author":{"name":"Hilmar","@id":"https:\/\/www.svalbard.fr\/actualites\/#\/schema\/person\/a2f937d5712222366738fae98755c600"},"headline":"Changements \u00e0 venir pour le ferry de croisi\u00e8re d&#39;Oslo-Copenhagen","datePublished":"2025-02-13T07:20:44+00:00","dateModified":"2025-02-13T07:20:44+00:00","mainEntityOfPage":{"@id":"https:\/\/www.svalbard.fr\/actualites\/changements-a-venir-pour-le-ferry-de-croisiere-doslo-copenhagen\/"},"wordCount":764,"publisher":{"@id":"https:\/\/www.svalbard.fr\/actualites\/#organization"},"keywords":["Changements","croisi\u00e8re","d39OsloCopenhagen","ferry","pour","venir"],"articleSection":["Svalbard"],"inLanguage":"fr-FR"},{"@type":"WebPage","@id":"https:\/\/www.svalbard.fr\/actualites\/changements-a-venir-pour-le-ferry-de-croisiere-doslo-copenhagen\/","url":"https:\/\/www.svalbard.fr\/actualites\/changements-a-venir-pour-le-ferry-de-croisiere-doslo-copenhagen\/","name":"Changements \u00e0 venir pour le ferry de croisi\u00e8re d&#39;Oslo-Copenhagen","isPartOf":{"@id":"https:\/\/www.svalbard.fr\/actualites\/#website"},"datePublished":"2025-02-13T07:20:44+00:00","dateModified":"2025-02-13T07:20:44+00:00","breadcrumb":{"@id":"https:\/\/www.svalbard.fr\/actualites\/changements-a-venir-pour-le-ferry-de-croisiere-doslo-copenhagen\/#breadcrumb"},"inLanguage":"fr-FR","potentialAction":[{"@type":"ReadAction","target":["https:\/\/www.svalbard.fr\/actualites\/changements-a-venir-pour-le-ferry-de-croisiere-doslo-copenhagen\/"]}]},{"@type":"BreadcrumbList","@id":"https:\/\/www.svalbard.fr\/actualites\/changements-a-venir-pour-le-ferry-de-croisiere-doslo-copenhagen\/#breadcrumb","itemListElement":[{"@type":"ListItem","position":1,"name":"Accueil","item":"https:\/\/www.svalbard.fr\/actualites\/"},{"@type":"ListItem","position":2,"name":"Changements \u00e0 venir pour le ferry de croisi\u00e8re d&#39;Oslo-Copenhagen"}]},{"@type":"WebSite","@id":"https:\/\/www.svalbard.fr\/actualites\/#website","url":"https:\/\/www.svalbard.fr\/actualites\/","name":"www.Svalbard.fr","description":"","publisher":{"@id":"https:\/\/www.svalbard.fr\/actualites\/#organization"},"potentialAction":[{"@type":"SearchAction","target":{"@type":"EntryPoint","urlTemplate":"https:\/\/www.svalbard.fr\/actualites\/?s={search_term_string}"},"query-input":"required name=search_term_string"}],"inLanguage":"fr-FR"},{"@type":"Organization","@id":"https:\/\/www.svalbard.fr\/actualites\/#organization","name":"www.Svalbard.fr","url":"https:\/\/www.svalbard.fr\/actualites\/","logo":{"@type":"ImageObject","inLanguage":"fr-FR","@id":"https:\/\/www.svalbard.fr\/actualites\/#\/schema\/logo\/image\/","url":"https:\/\/www.svalbard.fr\/actualites\/wp-content\/uploads\/2023\/09\/head-nom.jpg","contentUrl":"https:\/\/www.svalbard.fr\/actualites\/wp-content\/uploads\/2023\/09\/head-nom.jpg","width":264,"height":35,"caption":"www.Svalbard.fr"},"image":{"@id":"https:\/\/www.svalbard.fr\/actualites\/#\/schema\/logo\/image\/"}},{"@type":"Person","@id":"https:\/\/www.svalbard.fr\/actualites\/#\/schema\/person\/a2f937d5712222366738fae98755c600","name":"Hilmar","image":{"@type":"ImageObject","inLanguage":"fr-FR","@id":"https:\/\/www.svalbard.fr\/actualites\/#\/schema\/person\/image\/","url":"https:\/\/secure.gravatar.com\/avatar\/4daa437093476dbc32da415c112b6512?s=96&d=mm&r=g","contentUrl":"https:\/\/secure.gravatar.com\/avatar\/4daa437093476dbc32da415c112b6512?s=96&d=mm&r=g","caption":"Hilmar"},"description":"Hilmar est un passionn\u00e9 des r\u00e9gions polaires, sp\u00e9cialis\u00e9 dans la r\u00e9daction d'articles sur le Spitzberg et autres destinations arctiques. Il apporte son expertise et sa passion pour l'Arctique au sein de l'\u00e9quipe de r\u00e9daction de Svalbard depuis de nombreuses ann\u00e9es.","sameAs":["https:\/\/www.svalbard.fr\/"]}]}},"_links":{"self":[{"href":"https:\/\/www.svalbard.fr\/actualites\/wp-json\/wp\/v2\/posts\/2463"}],"collection":[{"href":"https:\/\/www.svalbard.fr\/actualites\/wp-json\/wp\/v2\/posts"}],"about":[{"href":"https:\/\/www.svalbard.fr\/actualites\/wp-json\/wp\/v2\/types\/post"}],"author":[{"embeddable":true,"href":"https:\/\/www.svalbard.fr\/actualites\/wp-json\/wp\/v2\/users\/1"}],"replies":[{"embeddable":true,"href":"https:\/\/www.svalbard.fr\/actualites\/wp-json\/wp\/v2\/comments?post=2463"}],"version-history":[{"count":0,"href":"https:\/\/www.svalbard.fr\/actualites\/wp-json\/wp\/v2\/posts\/2463\/revisions"}],"wp:featuredmedia":[{"embeddable":true,"href":"https:\/\/www.svalbard.fr\/actualites\/wp-json\/wp\/v2\/media\/2464"}],"wp:attachment":[{"href":"https:\/\/www.svalbard.fr\/actualites\/wp-json\/wp\/v2\/media?parent=2463"}],"wp:term":[{"taxonomy":"category","embeddable":true,"href":"https:\/\/www.svalbard.fr\/actualites\/wp-json\/wp\/v2\/categories?post=2463"},{"taxonomy":"post_tag","embeddable":true,"href":"https:\/\/www.svalbard.fr\/actualites\/wp-json\/wp\/v2\/tags?post=2463"}],"curies":[{"name":"wp","href":"https:\/\/api.w.org\/{rel}","templated":true}]}}