{"id":2466,"date":"2025-02-14T16:20:57","date_gmt":"2025-02-14T15:20:57","guid":{"rendered":"https:\/\/www.svalbard.fr\/actualites\/la-ville-europeenne-qui-etait-autrefois-assise-dans-lobscurite-maintenant-eclairee-par-des-miroirs-geants-de-montagne-de-357-000\/"},"modified":"2025-02-14T16:20:59","modified_gmt":"2025-02-14T15:20:59","slug":"la-ville-europeenne-qui-etait-autrefois-assise-dans-lobscurite-maintenant-eclairee-par-des-miroirs-geants-de-montagne-de-357-000","status":"publish","type":"post","link":"https:\/\/www.svalbard.fr\/actualites\/la-ville-europeenne-qui-etait-autrefois-assise-dans-lobscurite-maintenant-eclairee-par-des-miroirs-geants-de-montagne-de-357-000\/","title":{"rendered":"La ville europ\u00e9enne qui \u00e9tait autrefois assise dans l&#39;obscurit\u00e9 maintenant \u00e9clair\u00e9e par des miroirs g\u00e9ants de montagne de 357 000 \u00a3"},"content":{"rendered":"<div>\n<p>Dans le nord de la Norv\u00e8ge, dans une vall\u00e9e profonde entre les montagnes imposantes, se trouve une petite ville, qui abrite 3 000 personnes, qui est plong\u00e9e dans l&#39;obscurit\u00e9 et ne re\u00e7oit aucun soleil direct pendant six mois de l&#39;ann\u00e9e.<\/p>\n<p>En effet<\/p>\n<p>Ainsi, en 2013, un projet artistique &#8211; au co\u00fbt de cinq millions de kr (un peu moins de 357 000 \u00a3) &#8211; a \u00e9t\u00e9 install\u00e9 sur le nord de la montagne au-dessus de la ville pour r\u00e9soudre le probl\u00e8me et fournir \u00e0 ses r\u00e9sidents une vitamine D. bien n\u00e9cessaire D.<\/p>\n<p>Finalement tir\u00e9 de l&#39;obscurit\u00e9, la lumi\u00e8re du soleil illumine maintenant une petite partie de la ville &#8211; \u00e0 trois heures au nord-ouest d&#39;Oslo &#8211; chaque jour.<\/p>\n<p>En 1906, la zone qui deviendrait Rjukan consistait en seulement une poign\u00e9e de fermes, mais le site a \u00e9t\u00e9 choisi en raison des chutes de Rjukan, avec une cascade de 104 m\u00e8tres qui a fourni des moyens faciles de g\u00e9n\u00e9rer de grandes quantit\u00e9s d&#39;\u00e9lectricit\u00e9.<\/p>\n<\/div>\n<div>\n<p>Au moment de sa construction, la centrale hydro\u00e9lectrique Vemork \u00e9tait la plus grande au monde.<\/p>\n<p>Parall\u00e8lement aux usines, de nombreuses maisons pour les ouvriers d&#39;usine ont \u00e9galement d\u00fb \u00eatre construites, ainsi qu&#39;une gare et une mairie. En 1920, sa population avait atteint 8 350.<\/p>\n<p>Mais, ses habitants doivent passer les mois de septembre \u00e0 la marche dans l&#39;obscurit\u00e9 compl\u00e8te.<\/p>\n<p>Pour r\u00e9soudre ce probl\u00e8me, trois grands r\u00e9troviseurs \u00e0 \u00e9nergie solaire et contr\u00f4l\u00e9s par ordinateur ont \u00e9t\u00e9 install\u00e9s \u00e0 450 m\u00e8tres au-dessus de la ville en 2013 pour suivre les mouvements du soleil et refl\u00e9ter ses rayons sur le carr\u00e9.<\/p>\n<p>S&#39;adressant \u00e0 The Guardian en 2013, la secr\u00e9taire \u00e0 la retraite, Ingrid Sparbo, a d\u00e9clar\u00e9 que les gens \u00ab\u00a0s&#39;habituent en quelque sorte \u00e0 l&#39;ombre. Vous finissez par n&#39;y pas vraiment.\u00a0\u00bb<\/p>\n<\/div>\n<div>\n<p>Mais, quand elle a vu la lumi\u00e8re du soleil rayonnant dans la place, elle a dit avec incr\u00e9dulit\u00e9: \u00ab\u00a0C&#39;est le soleil!\u00a0\u00bb Levant son visage et fermant les yeux sur l&#39;\u00e9blouissement auquel elle n&#39;\u00e9tait pas habitu\u00e9e. \u00abC&#39;est tellement chaud. Pas seulement physiquement, mais mentalement. Il se r\u00e9chauffe mentalement. \u00ab\u00a0<\/p>\n<p>L&#39;ing\u00e9nieur \u00e9lectricien Eivind Toreid a ajout\u00e9: \u00ab\u00a0C&#39;est une chose dr\u00f4le. Pas un vrai soleil, mais tout comme \u00e7a. Comme un projecteur.\u00a0\u00bb<\/p>\n<p>Il a dit que vivre \u00e0 Rjukan pendant l&#39;automne dans les semaines pr\u00e9c\u00e9dant le retour du soleil est le pire: \u00abVous regardez juste une courte voie au bord de la montagne et que le soleil est juste l\u00e0, si pr\u00e8s que vous pouvez presque le toucher. Mais pas ici. \u00ab\u00a0<\/p>\n<p>Au-del\u00e0 de ce projet impressionnant, Rjukan est \u00e9galement bien connu pour les op\u00e9rations de sabotage d&#39;eau lourde \u00e0 l&#39;usine de VMork pendant la Seconde Guerre mondiale. Les 16 et 18 novembre, 35 bombardiers lourds am\u00e9ricains ont largement attaqu\u00e9 la gare pendant plus de neuf heures.<\/p>\n<p>Finalement, les Allemands ont d\u00e9cid\u00e9 d&#39;abandonner l&#39;usine et de d\u00e9placer ses actions restantes en Allemagne en 1944.<\/p>\n<\/div>\n","protected":false},"excerpt":{"rendered":"<p>Dans le nord de la Norv\u00e8ge, dans une vall\u00e9e profonde entre les montagnes imposantes, se trouve une petite ville, qui abrite 3 000 personnes, qui<\/p>\n","protected":false},"author":1,"featured_media":2467,"comment_status":"closed","ping_status":"","sticky":false,"template":"","format":"standard","meta":{"footnotes":""},"categories":[1],"tags":[2062,2061,54,8,2064,1178,735,1542,2063,1648,2065,495,167,104,103],"yoast_head":"<!-- This site is optimized with the Yoast SEO plugin v21.0 - https:\/\/yoast.com\/wordpress\/plugins\/seo\/ -->\n<title>La ville europ\u00e9enne qui \u00e9tait autrefois assise dans l&#039;obscurit\u00e9 maintenant \u00e9clair\u00e9e par des miroirs g\u00e9ants de montagne de 357 000 \u00a3<\/title>\n<meta name=\"robots\" content=\"index, follow, max-snippet:-1, max-image-preview:large, max-video-preview:-1\" \/>\n<link rel=\"canonical\" href=\"https:\/\/www.svalbard.fr\/actualites\/la-ville-europeenne-qui-etait-autrefois-assise-dans-lobscurite-maintenant-eclairee-par-des-miroirs-geants-de-montagne-de-357-000\/\" \/>\n<meta property=\"og:locale\" content=\"fr_FR\" \/>\n<meta property=\"og:type\" content=\"article\" \/>\n<meta property=\"og:title\" content=\"La ville europ\u00e9enne qui \u00e9tait autrefois assise dans l&#039;obscurit\u00e9 maintenant \u00e9clair\u00e9e par des miroirs g\u00e9ants de montagne de 357 000 \u00a3\" \/>\n<meta property=\"og:description\" content=\"Dans le nord de la Norv\u00e8ge, dans une vall\u00e9e profonde entre les montagnes imposantes, se trouve une petite ville, qui abrite 3 000 personnes, qui\" \/>\n<meta property=\"og:url\" content=\"https:\/\/www.svalbard.fr\/actualites\/la-ville-europeenne-qui-etait-autrefois-assise-dans-lobscurite-maintenant-eclairee-par-des-miroirs-geants-de-montagne-de-357-000\/\" \/>\n<meta property=\"og:site_name\" content=\"www.Svalbard.fr\" \/>\n<meta property=\"article:published_time\" content=\"2025-02-14T15:20:57+00:00\" \/>\n<meta property=\"article:modified_time\" content=\"2025-02-14T15:20:59+00:00\" \/>\n<meta property=\"og:image\" content=\"https:\/\/www.svalbard.fr\/actualites\/wp-content\/uploads\/2025\/02\/La-ville-europeenne-qui-etait-autrefois-assise-dans-l39obscurite-maintenant.jpg\" \/>\n\t<meta property=\"og:image:width\" content=\"1200\" \/>\n\t<meta property=\"og:image:height\" content=\"630\" \/>\n\t<meta property=\"og:image:type\" content=\"image\/jpeg\" \/>\n<meta name=\"author\" content=\"Hilmar\" \/>\n<meta name=\"twitter:card\" content=\"summary_large_image\" \/>\n<meta name=\"twitter:label1\" content=\"\u00c9crit par\" \/>\n\t<meta name=\"twitter:data1\" content=\"Hilmar\" \/>\n\t<meta name=\"twitter:label2\" content=\"Dur\u00e9e de lecture estim\u00e9e\" \/>\n\t<meta name=\"twitter:data2\" content=\"3 minutes\" \/>\n<script type=\"application\/ld+json\" class=\"yoast-schema-graph\">{\"@context\":\"https:\/\/schema.org\",\"@graph\":[{\"@type\":\"Article\",\"@id\":\"https:\/\/www.svalbard.fr\/actualites\/la-ville-europeenne-qui-etait-autrefois-assise-dans-lobscurite-maintenant-eclairee-par-des-miroirs-geants-de-montagne-de-357-000\/#article\",\"isPartOf\":{\"@id\":\"https:\/\/www.svalbard.fr\/actualites\/la-ville-europeenne-qui-etait-autrefois-assise-dans-lobscurite-maintenant-eclairee-par-des-miroirs-geants-de-montagne-de-357-000\/\"},\"author\":{\"name\":\"Hilmar\",\"@id\":\"https:\/\/www.svalbard.fr\/actualites\/#\/schema\/person\/a2f937d5712222366738fae98755c600\"},\"headline\":\"La ville europ\u00e9enne qui \u00e9tait autrefois assise dans l&#39;obscurit\u00e9 maintenant \u00e9clair\u00e9e par des miroirs g\u00e9ants de montagne de 357 000 \u00a3\",\"datePublished\":\"2025-02-14T15:20:57+00:00\",\"dateModified\":\"2025-02-14T15:20:59+00:00\",\"mainEntityOfPage\":{\"@id\":\"https:\/\/www.svalbard.fr\/actualites\/la-ville-europeenne-qui-etait-autrefois-assise-dans-lobscurite-maintenant-eclairee-par-des-miroirs-geants-de-montagne-de-357-000\/\"},\"wordCount\":528,\"publisher\":{\"@id\":\"https:\/\/www.svalbard.fr\/actualites\/#organization\"},\"keywords\":[\"assise\",\"autrefois\",\"dans\",\"des\",\"\u00e9clair\u00e9e\",\"\u00e9tait\",\"europ\u00e9enne\",\"g\u00e9ants\",\"l39obscurit\u00e9\",\"maintenant\",\"miroirs\",\"montagne\",\"par\",\"qui\",\"ville\"],\"articleSection\":[\"Svalbard\"],\"inLanguage\":\"fr-FR\"},{\"@type\":\"WebPage\",\"@id\":\"https:\/\/www.svalbard.fr\/actualites\/la-ville-europeenne-qui-etait-autrefois-assise-dans-lobscurite-maintenant-eclairee-par-des-miroirs-geants-de-montagne-de-357-000\/\",\"url\":\"https:\/\/www.svalbard.fr\/actualites\/la-ville-europeenne-qui-etait-autrefois-assise-dans-lobscurite-maintenant-eclairee-par-des-miroirs-geants-de-montagne-de-357-000\/\",\"name\":\"La ville europ\u00e9enne qui \u00e9tait autrefois assise dans l&#39;obscurit\u00e9 maintenant \u00e9clair\u00e9e par des miroirs g\u00e9ants de montagne de 357 000 \u00a3\",\"isPartOf\":{\"@id\":\"https:\/\/www.svalbard.fr\/actualites\/#website\"},\"datePublished\":\"2025-02-14T15:20:57+00:00\",\"dateModified\":\"2025-02-14T15:20:59+00:00\",\"breadcrumb\":{\"@id\":\"https:\/\/www.svalbard.fr\/actualites\/la-ville-europeenne-qui-etait-autrefois-assise-dans-lobscurite-maintenant-eclairee-par-des-miroirs-geants-de-montagne-de-357-000\/#breadcrumb\"},\"inLanguage\":\"fr-FR\",\"potentialAction\":[{\"@type\":\"ReadAction\",\"target\":[\"https:\/\/www.svalbard.fr\/actualites\/la-ville-europeenne-qui-etait-autrefois-assise-dans-lobscurite-maintenant-eclairee-par-des-miroirs-geants-de-montagne-de-357-000\/\"]}]},{\"@type\":\"BreadcrumbList\",\"@id\":\"https:\/\/www.svalbard.fr\/actualites\/la-ville-europeenne-qui-etait-autrefois-assise-dans-lobscurite-maintenant-eclairee-par-des-miroirs-geants-de-montagne-de-357-000\/#breadcrumb\",\"itemListElement\":[{\"@type\":\"ListItem\",\"position\":1,\"name\":\"Accueil\",\"item\":\"https:\/\/www.svalbard.fr\/actualites\/\"},{\"@type\":\"ListItem\",\"position\":2,\"name\":\"La ville europ\u00e9enne qui \u00e9tait autrefois assise dans l&#39;obscurit\u00e9 maintenant \u00e9clair\u00e9e par des miroirs g\u00e9ants de montagne de 357 000 \u00a3\"}]},{\"@type\":\"WebSite\",\"@id\":\"https:\/\/www.svalbard.fr\/actualites\/#website\",\"url\":\"https:\/\/www.svalbard.fr\/actualites\/\",\"name\":\"www.Svalbard.fr\",\"description\":\"\",\"publisher\":{\"@id\":\"https:\/\/www.svalbard.fr\/actualites\/#organization\"},\"potentialAction\":[{\"@type\":\"SearchAction\",\"target\":{\"@type\":\"EntryPoint\",\"urlTemplate\":\"https:\/\/www.svalbard.fr\/actualites\/?s={search_term_string}\"},\"query-input\":\"required name=search_term_string\"}],\"inLanguage\":\"fr-FR\"},{\"@type\":\"Organization\",\"@id\":\"https:\/\/www.svalbard.fr\/actualites\/#organization\",\"name\":\"www.Svalbard.fr\",\"url\":\"https:\/\/www.svalbard.fr\/actualites\/\",\"logo\":{\"@type\":\"ImageObject\",\"inLanguage\":\"fr-FR\",\"@id\":\"https:\/\/www.svalbard.fr\/actualites\/#\/schema\/logo\/image\/\",\"url\":\"https:\/\/www.svalbard.fr\/actualites\/wp-content\/uploads\/2023\/09\/head-nom.jpg\",\"contentUrl\":\"https:\/\/www.svalbard.fr\/actualites\/wp-content\/uploads\/2023\/09\/head-nom.jpg\",\"width\":264,\"height\":35,\"caption\":\"www.Svalbard.fr\"},\"image\":{\"@id\":\"https:\/\/www.svalbard.fr\/actualites\/#\/schema\/logo\/image\/\"}},{\"@type\":\"Person\",\"@id\":\"https:\/\/www.svalbard.fr\/actualites\/#\/schema\/person\/a2f937d5712222366738fae98755c600\",\"name\":\"Hilmar\",\"image\":{\"@type\":\"ImageObject\",\"inLanguage\":\"fr-FR\",\"@id\":\"https:\/\/www.svalbard.fr\/actualites\/#\/schema\/person\/image\/\",\"url\":\"https:\/\/secure.gravatar.com\/avatar\/4daa437093476dbc32da415c112b6512?s=96&d=mm&r=g\",\"contentUrl\":\"https:\/\/secure.gravatar.com\/avatar\/4daa437093476dbc32da415c112b6512?s=96&d=mm&r=g\",\"caption\":\"Hilmar\"},\"description\":\"Hilmar est un passionn\u00e9 des r\u00e9gions polaires, sp\u00e9cialis\u00e9 dans la r\u00e9daction d'articles sur le Spitzberg et autres destinations arctiques. Il apporte son expertise et sa passion pour l'Arctique au sein de l'\u00e9quipe de r\u00e9daction de Svalbard depuis de nombreuses ann\u00e9es.\",\"sameAs\":[\"https:\/\/www.svalbard.fr\/\"]}]}<\/script>\n<!-- \/ Yoast SEO plugin. -->","yoast_head_json":{"title":"La ville europ\u00e9enne qui \u00e9tait autrefois assise dans l&#39;obscurit\u00e9 maintenant \u00e9clair\u00e9e par des miroirs g\u00e9ants de montagne de 357 000 \u00a3","robots":{"index":"index","follow":"follow","max-snippet":"max-snippet:-1","max-image-preview":"max-image-preview:large","max-video-preview":"max-video-preview:-1"},"canonical":"https:\/\/www.svalbard.fr\/actualites\/la-ville-europeenne-qui-etait-autrefois-assise-dans-lobscurite-maintenant-eclairee-par-des-miroirs-geants-de-montagne-de-357-000\/","og_locale":"fr_FR","og_type":"article","og_title":"La ville europ\u00e9enne qui \u00e9tait autrefois assise dans l&#39;obscurit\u00e9 maintenant \u00e9clair\u00e9e par des miroirs g\u00e9ants de montagne de 357 000 \u00a3","og_description":"Dans le nord de la Norv\u00e8ge, dans une vall\u00e9e profonde entre les montagnes imposantes, se trouve une petite ville, qui abrite 3 000 personnes, qui","og_url":"https:\/\/www.svalbard.fr\/actualites\/la-ville-europeenne-qui-etait-autrefois-assise-dans-lobscurite-maintenant-eclairee-par-des-miroirs-geants-de-montagne-de-357-000\/","og_site_name":"www.Svalbard.fr","article_published_time":"2025-02-14T15:20:57+00:00","article_modified_time":"2025-02-14T15:20:59+00:00","og_image":[{"width":1200,"height":630,"url":"https:\/\/www.svalbard.fr\/actualites\/wp-content\/uploads\/2025\/02\/La-ville-europeenne-qui-etait-autrefois-assise-dans-l39obscurite-maintenant.jpg","type":"image\/jpeg"}],"author":"Hilmar","twitter_card":"summary_large_image","twitter_misc":{"\u00c9crit par":"Hilmar","Dur\u00e9e de lecture estim\u00e9e":"3 minutes"},"schema":{"@context":"https:\/\/schema.org","@graph":[{"@type":"Article","@id":"https:\/\/www.svalbard.fr\/actualites\/la-ville-europeenne-qui-etait-autrefois-assise-dans-lobscurite-maintenant-eclairee-par-des-miroirs-geants-de-montagne-de-357-000\/#article","isPartOf":{"@id":"https:\/\/www.svalbard.fr\/actualites\/la-ville-europeenne-qui-etait-autrefois-assise-dans-lobscurite-maintenant-eclairee-par-des-miroirs-geants-de-montagne-de-357-000\/"},"author":{"name":"Hilmar","@id":"https:\/\/www.svalbard.fr\/actualites\/#\/schema\/person\/a2f937d5712222366738fae98755c600"},"headline":"La ville europ\u00e9enne qui \u00e9tait autrefois assise dans l&#39;obscurit\u00e9 maintenant \u00e9clair\u00e9e par des miroirs g\u00e9ants de montagne de 357 000 \u00a3","datePublished":"2025-02-14T15:20:57+00:00","dateModified":"2025-02-14T15:20:59+00:00","mainEntityOfPage":{"@id":"https:\/\/www.svalbard.fr\/actualites\/la-ville-europeenne-qui-etait-autrefois-assise-dans-lobscurite-maintenant-eclairee-par-des-miroirs-geants-de-montagne-de-357-000\/"},"wordCount":528,"publisher":{"@id":"https:\/\/www.svalbard.fr\/actualites\/#organization"},"keywords":["assise","autrefois","dans","des","\u00e9clair\u00e9e","\u00e9tait","europ\u00e9enne","g\u00e9ants","l39obscurit\u00e9","maintenant","miroirs","montagne","par","qui","ville"],"articleSection":["Svalbard"],"inLanguage":"fr-FR"},{"@type":"WebPage","@id":"https:\/\/www.svalbard.fr\/actualites\/la-ville-europeenne-qui-etait-autrefois-assise-dans-lobscurite-maintenant-eclairee-par-des-miroirs-geants-de-montagne-de-357-000\/","url":"https:\/\/www.svalbard.fr\/actualites\/la-ville-europeenne-qui-etait-autrefois-assise-dans-lobscurite-maintenant-eclairee-par-des-miroirs-geants-de-montagne-de-357-000\/","name":"La ville europ\u00e9enne qui \u00e9tait autrefois assise dans l&#39;obscurit\u00e9 maintenant \u00e9clair\u00e9e par des miroirs g\u00e9ants de montagne de 357 000 \u00a3","isPartOf":{"@id":"https:\/\/www.svalbard.fr\/actualites\/#website"},"datePublished":"2025-02-14T15:20:57+00:00","dateModified":"2025-02-14T15:20:59+00:00","breadcrumb":{"@id":"https:\/\/www.svalbard.fr\/actualites\/la-ville-europeenne-qui-etait-autrefois-assise-dans-lobscurite-maintenant-eclairee-par-des-miroirs-geants-de-montagne-de-357-000\/#breadcrumb"},"inLanguage":"fr-FR","potentialAction":[{"@type":"ReadAction","target":["https:\/\/www.svalbard.fr\/actualites\/la-ville-europeenne-qui-etait-autrefois-assise-dans-lobscurite-maintenant-eclairee-par-des-miroirs-geants-de-montagne-de-357-000\/"]}]},{"@type":"BreadcrumbList","@id":"https:\/\/www.svalbard.fr\/actualites\/la-ville-europeenne-qui-etait-autrefois-assise-dans-lobscurite-maintenant-eclairee-par-des-miroirs-geants-de-montagne-de-357-000\/#breadcrumb","itemListElement":[{"@type":"ListItem","position":1,"name":"Accueil","item":"https:\/\/www.svalbard.fr\/actualites\/"},{"@type":"ListItem","position":2,"name":"La ville europ\u00e9enne qui \u00e9tait autrefois assise dans l&#39;obscurit\u00e9 maintenant \u00e9clair\u00e9e par des miroirs g\u00e9ants de montagne de 357 000 \u00a3"}]},{"@type":"WebSite","@id":"https:\/\/www.svalbard.fr\/actualites\/#website","url":"https:\/\/www.svalbard.fr\/actualites\/","name":"www.Svalbard.fr","description":"","publisher":{"@id":"https:\/\/www.svalbard.fr\/actualites\/#organization"},"potentialAction":[{"@type":"SearchAction","target":{"@type":"EntryPoint","urlTemplate":"https:\/\/www.svalbard.fr\/actualites\/?s={search_term_string}"},"query-input":"required name=search_term_string"}],"inLanguage":"fr-FR"},{"@type":"Organization","@id":"https:\/\/www.svalbard.fr\/actualites\/#organization","name":"www.Svalbard.fr","url":"https:\/\/www.svalbard.fr\/actualites\/","logo":{"@type":"ImageObject","inLanguage":"fr-FR","@id":"https:\/\/www.svalbard.fr\/actualites\/#\/schema\/logo\/image\/","url":"https:\/\/www.svalbard.fr\/actualites\/wp-content\/uploads\/2023\/09\/head-nom.jpg","contentUrl":"https:\/\/www.svalbard.fr\/actualites\/wp-content\/uploads\/2023\/09\/head-nom.jpg","width":264,"height":35,"caption":"www.Svalbard.fr"},"image":{"@id":"https:\/\/www.svalbard.fr\/actualites\/#\/schema\/logo\/image\/"}},{"@type":"Person","@id":"https:\/\/www.svalbard.fr\/actualites\/#\/schema\/person\/a2f937d5712222366738fae98755c600","name":"Hilmar","image":{"@type":"ImageObject","inLanguage":"fr-FR","@id":"https:\/\/www.svalbard.fr\/actualites\/#\/schema\/person\/image\/","url":"https:\/\/secure.gravatar.com\/avatar\/4daa437093476dbc32da415c112b6512?s=96&d=mm&r=g","contentUrl":"https:\/\/secure.gravatar.com\/avatar\/4daa437093476dbc32da415c112b6512?s=96&d=mm&r=g","caption":"Hilmar"},"description":"Hilmar est un passionn\u00e9 des r\u00e9gions polaires, sp\u00e9cialis\u00e9 dans la r\u00e9daction d'articles sur le Spitzberg et autres destinations arctiques. Il apporte son expertise et sa passion pour l'Arctique au sein de l'\u00e9quipe de r\u00e9daction de Svalbard depuis de nombreuses ann\u00e9es.","sameAs":["https:\/\/www.svalbard.fr\/"]}]}},"_links":{"self":[{"href":"https:\/\/www.svalbard.fr\/actualites\/wp-json\/wp\/v2\/posts\/2466"}],"collection":[{"href":"https:\/\/www.svalbard.fr\/actualites\/wp-json\/wp\/v2\/posts"}],"about":[{"href":"https:\/\/www.svalbard.fr\/actualites\/wp-json\/wp\/v2\/types\/post"}],"author":[{"embeddable":true,"href":"https:\/\/www.svalbard.fr\/actualites\/wp-json\/wp\/v2\/users\/1"}],"replies":[{"embeddable":true,"href":"https:\/\/www.svalbard.fr\/actualites\/wp-json\/wp\/v2\/comments?post=2466"}],"version-history":[{"count":1,"href":"https:\/\/www.svalbard.fr\/actualites\/wp-json\/wp\/v2\/posts\/2466\/revisions"}],"predecessor-version":[{"id":2468,"href":"https:\/\/www.svalbard.fr\/actualites\/wp-json\/wp\/v2\/posts\/2466\/revisions\/2468"}],"wp:featuredmedia":[{"embeddable":true,"href":"https:\/\/www.svalbard.fr\/actualites\/wp-json\/wp\/v2\/media\/2467"}],"wp:attachment":[{"href":"https:\/\/www.svalbard.fr\/actualites\/wp-json\/wp\/v2\/media?parent=2466"}],"wp:term":[{"taxonomy":"category","embeddable":true,"href":"https:\/\/www.svalbard.fr\/actualites\/wp-json\/wp\/v2\/categories?post=2466"},{"taxonomy":"post_tag","embeddable":true,"href":"https:\/\/www.svalbard.fr\/actualites\/wp-json\/wp\/v2\/tags?post=2466"}],"curies":[{"name":"wp","href":"https:\/\/api.w.org\/{rel}","templated":true}]}}