{"id":2529,"date":"2025-02-23T15:30:00","date_gmt":"2025-02-23T14:30:00","guid":{"rendered":"https:\/\/www.svalbard.fr\/actualites\/?p=2529"},"modified":"2025-02-20T14:42:07","modified_gmt":"2025-02-20T13:42:07","slug":"retraite-lage-ideal-pour-les-francais-pour-partir-loin-des-64-ans","status":"publish","type":"post","link":"https:\/\/www.svalbard.fr\/actualites\/retraite-lage-ideal-pour-les-francais-pour-partir-loin-des-64-ans\/","title":{"rendered":"Retraite : l&rsquo;\u00e2ge id\u00e9al pour les Fran\u00e7ais pour partir (loin des 64 ans)"},"content":{"rendered":"\n<p><strong><em>Le d\u00e9part \u00e0 la retraite est un sujet qui anime de nombreuses discussions en France, surtout depuis la r\u00e9forme qui a repouss\u00e9 l\u2019\u00e2ge l\u00e9gal \u00e0 64 ans. Cette mesure, entr\u00e9e en vigueur en septembre 2023, a fait grincer des dents dans tout le pays. Pourtant, \u00e0 quel \u00e2ge les Fran\u00e7ais souhaitent-ils vraiment prendre leur retraite ? Une r\u00e9cente \u00e9tude nous d\u00e9voile des chiffres surprenants, bien loin des 64 ans fix\u00e9s par la r\u00e9forme.<\/em><\/strong><\/p>\n\n\n\n<!--more-->\n\n\n\n<h2 class=\"wp-block-heading\"><strong>L\u2019\u00e2ge r\u00e9el de d\u00e9part \u00e0 la retraite selon les Fran\u00e7ais<\/strong><\/h2>\n\n\n\n<p>Depuis l\u2019annonce de la <a href=\"https:\/\/www.svalbard.fr\/actualites\/la-norvege-va-reformer-la-loi-sur-le-commerce-doccasion-2\/\"><strong>r\u00e9forme<\/strong><\/a>, les Fran\u00e7ais ont d\u00fb s\u2019adapter \u00e0 l\u2019id\u00e9e de travailler plus longtemps. Toutefois, selon une enqu\u00eate men\u00e9e par le Club Landoy et l\u2019Ifop, les <strong>Fran\u00e7ais estiment<\/strong> qu\u2019ils partiront en moyenne \u00e0 <strong>63,5 ans<\/strong>. Un chiffre qui, m\u00eame s\u2019il se rapproche de l\u2019\u00e2ge l\u00e9gal, varie consid\u00e9rablement en fonction des professions. Par exemple, les <strong>artisans<\/strong> et <strong>commer\u00e7ants<\/strong>, plus souvent confront\u00e9s \u00e0 la fatigue physique, se projettent plut\u00f4t vers <strong>66,8 ans<\/strong>, tandis que les <strong>ouvriers<\/strong> envisagent un d\u00e9part plus t\u00f4t, autour de <strong>62,9 ans<\/strong>. Les <strong>cadres<\/strong>, eux, pr\u00e9voient de s\u2019arr\u00eater vers <strong>64,2 ans<\/strong>.<\/p>\n\n\n\n<p>Ces diff\u00e9rences sont r\u00e9v\u00e9latrices des <strong>r\u00e9alit\u00e9s de terrain<\/strong> : tous les m\u00e9tiers n\u2019ont pas le m\u00eame impact sur la sant\u00e9 ou le bien-\u00eatre, et la dur\u00e9e de vie en bonne sant\u00e9 n\u2019est pas la m\u00eame pour tout le monde.<\/p>\n\n\n\n<h2 class=\"wp-block-heading\"><strong>L\u2019\u00e2ge r\u00eav\u00e9 de la retraite : plus t\u00f4t, c\u2019est mieux<\/strong><\/h2>\n\n\n\n<p>Lorsqu\u2019on interroge les Fran\u00e7ais sur l\u2019\u00e2ge auquel ils <strong>aimeraient r\u00e9ellement partir \u00e0 la retraite<\/strong>, la r\u00e9ponse est claire : le plus t\u00f4t possible. En moyenne, ils souhaitent prendre leur retraite \u00e0 <strong>59,1 ans<\/strong>. Ce chiffre varie \u00e9galement selon les professions : pour les ouvriers, l\u2019\u00e2ge id\u00e9al se situe autour de <strong>58,8 ans<\/strong>, tandis que les cadres r\u00eavent de partir \u00e0 <strong>61,3 ans<\/strong>. Cet \u00e9cart entre l\u2019\u00e2ge \u00ab\u00a0id\u00e9al\u00a0\u00bb et l\u2019\u00e2ge r\u00e9el montre bien un d\u00e9sir de profiter de la vie avant que la fatigue ou les obligations professionnelles ne s\u2019imposent.<\/p>\n\n\n\n<p>Les jeunes g\u00e9n\u00e9rations sont encore plus optimistes. Les <strong>18-24 ans<\/strong>, qui se projettent souvent dans un avenir radieux, r\u00eavent d\u2019une <a href=\"https:\/\/www.svalbard.fr\/actualites\/retraites-2024-comment-casser-les-codes-et-partir-a-la-retraite-avant-62-ans-lastuce-infaillible\/\"><strong>retraite <\/strong><\/a>\u00e0 <strong>51,3 ans<\/strong>. Mais la r\u00e9alit\u00e9 les rattrape rapidement, car ils savent que, probablement, ils devront attendre plus longtemps, autour de <strong>59,6 ans<\/strong>. Au fur et \u00e0 mesure que l\u2019\u00e2ge avance, les projections deviennent plus r\u00e9alistes : chez les <strong>50-64 ans<\/strong>, l\u2019\u00e2ge souhait\u00e9 grimpe \u00e0 <strong>61,6 ans<\/strong>, tandis que l\u2019\u00e2ge pr\u00e9vu reste proche des <strong>64,2 ans<\/strong>. Ce <strong>d\u00e9calage<\/strong> montre une forme de d\u00e9sillusion qui s\u2019installe progressivement, aliment\u00e9e par les contraintes du monde du travail.<\/p>\n\n\n<div class=\"wp-block-image\">\n<figure class=\"aligncenter size-large\"><img decoding=\"async\" loading=\"lazy\" width=\"1024\" height=\"538\" src=\"https:\/\/www.svalbard.fr\/actualites\/wp-content\/uploads\/2025\/02\/retraites-1024x538.jpg\" alt=\"retrait\u00e9s\" class=\"wp-image-2531\" srcset=\"https:\/\/www.svalbard.fr\/actualites\/wp-content\/uploads\/2025\/02\/retraites-1024x538.jpg 1024w, https:\/\/www.svalbard.fr\/actualites\/wp-content\/uploads\/2025\/02\/retraites-300x158.jpg 300w, https:\/\/www.svalbard.fr\/actualites\/wp-content\/uploads\/2025\/02\/retraites-768x404.jpg 768w, https:\/\/www.svalbard.fr\/actualites\/wp-content\/uploads\/2025\/02\/retraites.jpg 1200w\" sizes=\"(max-width: 1024px) 100vw, 1024px\" \/><\/figure><\/div>\n\n\n<h2 class=\"wp-block-heading\"><strong>Le syst\u00e8me des retraites face aux attentes des Fran\u00e7ais<\/strong><\/h2>\n\n\n\n<p>Ces r\u00e9sultats soulignent une fracture entre les attentes des Fran\u00e7ais et le syst\u00e8me de retraite actuel. Le d\u00e9sir de partir plus t\u00f4t, d\u2019avoir plus de temps pour soi et de vivre une retraite <strong>de qualit\u00e9<\/strong> semble bien loin des <strong>r\u00e9formes en cours<\/strong>. La question qui se pose est alors : comment financer les retraites sans allonger les carri\u00e8res, tout en r\u00e9pondant aux attentes des actifs ? Une \u00e9quation qui para\u00eet particuli\u00e8rement complexe.<\/p>\n\n\n\n<p>Cette \u00e9tude soul\u00e8ve \u00e9galement une r\u00e9flexion plus profonde : au-del\u00e0 de la question de l\u2019\u00e2ge de d\u00e9part, quel sens les <strong>Fran\u00e7ais<\/strong> souhaitent-ils donner \u00e0 leur travail et \u00e0 leur vie apr\u00e8s ? Cette aspiration \u00e0 un <strong>retrait anticip\u00e9<\/strong> est-elle simplement un besoin de souffler ou une v\u00e9ritable qu\u00eate de sens pour les ann\u00e9es \u00e0 venir ? Le d\u00e9bat est loin d\u2019\u00eatre clos, et une chose est s\u00fbre : les Fran\u00e7ais veulent plus de temps pour eux, mais il reste encore \u00e0 trouver un moyen de concilier ce d\u00e9sir avec les contraintes \u00e9conomiques et sociales actuelles.<\/p>\n","protected":false},"excerpt":{"rendered":"<p>Le d\u00e9part \u00e0 la retraite est un sujet qui anime de nombreuses discussions en France, surtout depuis la r\u00e9forme qui a repouss\u00e9 l\u2019\u00e2ge l\u00e9gal \u00e0<\/p>\n","protected":false},"author":3,"featured_media":2530,"comment_status":"closed","ping_status":"closed","sticky":false,"template":"","format":"standard","meta":{"footnotes":""},"categories":[1725],"tags":[],"yoast_head":"<!-- This site is optimized with the Yoast SEO plugin v21.0 - https:\/\/yoast.com\/wordpress\/plugins\/seo\/ -->\n<title>Retraite : l&#039;\u00e2ge id\u00e9al pour les Fran\u00e7ais pour partir (loin des 64 ans)<\/title>\n<meta name=\"robots\" content=\"index, follow, max-snippet:-1, max-image-preview:large, max-video-preview:-1\" \/>\n<link rel=\"canonical\" href=\"https:\/\/www.svalbard.fr\/actualites\/retraite-lage-ideal-pour-les-francais-pour-partir-loin-des-64-ans\/\" \/>\n<meta property=\"og:locale\" content=\"fr_FR\" \/>\n<meta property=\"og:type\" content=\"article\" \/>\n<meta property=\"og:title\" content=\"Retraite : l&#039;\u00e2ge id\u00e9al pour les Fran\u00e7ais pour partir (loin des 64 ans)\" \/>\n<meta property=\"og:description\" content=\"Le d\u00e9part \u00e0 la retraite est un sujet qui anime de nombreuses discussions en France, surtout depuis la r\u00e9forme qui a repouss\u00e9 l\u2019\u00e2ge l\u00e9gal \u00e0\" \/>\n<meta property=\"og:url\" content=\"https:\/\/www.svalbard.fr\/actualites\/retraite-lage-ideal-pour-les-francais-pour-partir-loin-des-64-ans\/\" \/>\n<meta property=\"og:site_name\" content=\"www.Svalbard.fr\" \/>\n<meta property=\"article:published_time\" content=\"2025-02-23T14:30:00+00:00\" \/>\n<meta property=\"article:modified_time\" content=\"2025-02-20T13:42:07+00:00\" \/>\n<meta property=\"og:image\" content=\"https:\/\/www.svalbard.fr\/actualites\/wp-content\/uploads\/2025\/02\/Retraite-lage-ideal-pour-les-Francais-pour-partir-loin-des-64-ans.jpg\" \/>\n\t<meta property=\"og:image:width\" content=\"1200\" \/>\n\t<meta property=\"og:image:height\" content=\"674\" \/>\n\t<meta property=\"og:image:type\" content=\"image\/jpeg\" \/>\n<meta name=\"author\" content=\"Guillaume Chen\" \/>\n<meta name=\"twitter:card\" content=\"summary_large_image\" \/>\n<meta name=\"twitter:label1\" content=\"\u00c9crit par\" \/>\n\t<meta name=\"twitter:data1\" content=\"Guillaume Chen\" \/>\n\t<meta name=\"twitter:label2\" content=\"Dur\u00e9e de lecture estim\u00e9e\" \/>\n\t<meta name=\"twitter:data2\" content=\"4 minutes\" \/>\n<script type=\"application\/ld+json\" class=\"yoast-schema-graph\">{\"@context\":\"https:\/\/schema.org\",\"@graph\":[{\"@type\":\"Article\",\"@id\":\"https:\/\/www.svalbard.fr\/actualites\/retraite-lage-ideal-pour-les-francais-pour-partir-loin-des-64-ans\/#article\",\"isPartOf\":{\"@id\":\"https:\/\/www.svalbard.fr\/actualites\/retraite-lage-ideal-pour-les-francais-pour-partir-loin-des-64-ans\/\"},\"author\":{\"name\":\"Guillaume Chen\",\"@id\":\"https:\/\/www.svalbard.fr\/actualites\/#\/schema\/person\/b9d185560b94bff7322d37cb676ee545\"},\"headline\":\"Retraite : l&rsquo;\u00e2ge id\u00e9al pour les Fran\u00e7ais pour partir (loin des 64 ans)\",\"datePublished\":\"2025-02-23T14:30:00+00:00\",\"dateModified\":\"2025-02-20T13:42:07+00:00\",\"mainEntityOfPage\":{\"@id\":\"https:\/\/www.svalbard.fr\/actualites\/retraite-lage-ideal-pour-les-francais-pour-partir-loin-des-64-ans\/\"},\"wordCount\":666,\"publisher\":{\"@id\":\"https:\/\/www.svalbard.fr\/actualites\/#organization\"},\"articleSection\":[\"Tendances\"],\"inLanguage\":\"fr-FR\"},{\"@type\":\"WebPage\",\"@id\":\"https:\/\/www.svalbard.fr\/actualites\/retraite-lage-ideal-pour-les-francais-pour-partir-loin-des-64-ans\/\",\"url\":\"https:\/\/www.svalbard.fr\/actualites\/retraite-lage-ideal-pour-les-francais-pour-partir-loin-des-64-ans\/\",\"name\":\"Retraite : l'\u00e2ge id\u00e9al pour les Fran\u00e7ais pour partir (loin des 64 ans)\",\"isPartOf\":{\"@id\":\"https:\/\/www.svalbard.fr\/actualites\/#website\"},\"datePublished\":\"2025-02-23T14:30:00+00:00\",\"dateModified\":\"2025-02-20T13:42:07+00:00\",\"breadcrumb\":{\"@id\":\"https:\/\/www.svalbard.fr\/actualites\/retraite-lage-ideal-pour-les-francais-pour-partir-loin-des-64-ans\/#breadcrumb\"},\"inLanguage\":\"fr-FR\",\"potentialAction\":[{\"@type\":\"ReadAction\",\"target\":[\"https:\/\/www.svalbard.fr\/actualites\/retraite-lage-ideal-pour-les-francais-pour-partir-loin-des-64-ans\/\"]}]},{\"@type\":\"BreadcrumbList\",\"@id\":\"https:\/\/www.svalbard.fr\/actualites\/retraite-lage-ideal-pour-les-francais-pour-partir-loin-des-64-ans\/#breadcrumb\",\"itemListElement\":[{\"@type\":\"ListItem\",\"position\":1,\"name\":\"Accueil\",\"item\":\"https:\/\/www.svalbard.fr\/actualites\/\"},{\"@type\":\"ListItem\",\"position\":2,\"name\":\"Retraite : l&rsquo;\u00e2ge id\u00e9al pour les Fran\u00e7ais pour partir (loin des 64 ans)\"}]},{\"@type\":\"WebSite\",\"@id\":\"https:\/\/www.svalbard.fr\/actualites\/#website\",\"url\":\"https:\/\/www.svalbard.fr\/actualites\/\",\"name\":\"www.Svalbard.fr\",\"description\":\"\",\"publisher\":{\"@id\":\"https:\/\/www.svalbard.fr\/actualites\/#organization\"},\"potentialAction\":[{\"@type\":\"SearchAction\",\"target\":{\"@type\":\"EntryPoint\",\"urlTemplate\":\"https:\/\/www.svalbard.fr\/actualites\/?s={search_term_string}\"},\"query-input\":\"required name=search_term_string\"}],\"inLanguage\":\"fr-FR\"},{\"@type\":\"Organization\",\"@id\":\"https:\/\/www.svalbard.fr\/actualites\/#organization\",\"name\":\"www.Svalbard.fr\",\"url\":\"https:\/\/www.svalbard.fr\/actualites\/\",\"logo\":{\"@type\":\"ImageObject\",\"inLanguage\":\"fr-FR\",\"@id\":\"https:\/\/www.svalbard.fr\/actualites\/#\/schema\/logo\/image\/\",\"url\":\"https:\/\/www.svalbard.fr\/actualites\/wp-content\/uploads\/2023\/09\/head-nom.jpg\",\"contentUrl\":\"https:\/\/www.svalbard.fr\/actualites\/wp-content\/uploads\/2023\/09\/head-nom.jpg\",\"width\":264,\"height\":35,\"caption\":\"www.Svalbard.fr\"},\"image\":{\"@id\":\"https:\/\/www.svalbard.fr\/actualites\/#\/schema\/logo\/image\/\"}},{\"@type\":\"Person\",\"@id\":\"https:\/\/www.svalbard.fr\/actualites\/#\/schema\/person\/b9d185560b94bff7322d37cb676ee545\",\"name\":\"Guillaume Chen\",\"image\":{\"@type\":\"ImageObject\",\"inLanguage\":\"fr-FR\",\"@id\":\"https:\/\/www.svalbard.fr\/actualites\/#\/schema\/person\/image\/\",\"url\":\"https:\/\/secure.gravatar.com\/avatar\/0c3f9c94586035b795ad4049a06fb048?s=96&d=mm&r=g\",\"contentUrl\":\"https:\/\/secure.gravatar.com\/avatar\/0c3f9c94586035b795ad4049a06fb048?s=96&d=mm&r=g\",\"caption\":\"Guillaume Chen\"},\"sameAs\":[\"https:\/\/www.svalbard.fr\/\"]}]}<\/script>\n<!-- \/ Yoast SEO plugin. -->","yoast_head_json":{"title":"Retraite : l'\u00e2ge id\u00e9al pour les Fran\u00e7ais pour partir (loin des 64 ans)","robots":{"index":"index","follow":"follow","max-snippet":"max-snippet:-1","max-image-preview":"max-image-preview:large","max-video-preview":"max-video-preview:-1"},"canonical":"https:\/\/www.svalbard.fr\/actualites\/retraite-lage-ideal-pour-les-francais-pour-partir-loin-des-64-ans\/","og_locale":"fr_FR","og_type":"article","og_title":"Retraite : l'\u00e2ge id\u00e9al pour les Fran\u00e7ais pour partir (loin des 64 ans)","og_description":"Le d\u00e9part \u00e0 la retraite est un sujet qui anime de nombreuses discussions en France, surtout depuis la r\u00e9forme qui a repouss\u00e9 l\u2019\u00e2ge l\u00e9gal \u00e0","og_url":"https:\/\/www.svalbard.fr\/actualites\/retraite-lage-ideal-pour-les-francais-pour-partir-loin-des-64-ans\/","og_site_name":"www.Svalbard.fr","article_published_time":"2025-02-23T14:30:00+00:00","article_modified_time":"2025-02-20T13:42:07+00:00","og_image":[{"width":1200,"height":674,"url":"https:\/\/www.svalbard.fr\/actualites\/wp-content\/uploads\/2025\/02\/Retraite-lage-ideal-pour-les-Francais-pour-partir-loin-des-64-ans.jpg","type":"image\/jpeg"}],"author":"Guillaume Chen","twitter_card":"summary_large_image","twitter_misc":{"\u00c9crit par":"Guillaume Chen","Dur\u00e9e de lecture estim\u00e9e":"4 minutes"},"schema":{"@context":"https:\/\/schema.org","@graph":[{"@type":"Article","@id":"https:\/\/www.svalbard.fr\/actualites\/retraite-lage-ideal-pour-les-francais-pour-partir-loin-des-64-ans\/#article","isPartOf":{"@id":"https:\/\/www.svalbard.fr\/actualites\/retraite-lage-ideal-pour-les-francais-pour-partir-loin-des-64-ans\/"},"author":{"name":"Guillaume Chen","@id":"https:\/\/www.svalbard.fr\/actualites\/#\/schema\/person\/b9d185560b94bff7322d37cb676ee545"},"headline":"Retraite : l&rsquo;\u00e2ge id\u00e9al pour les Fran\u00e7ais pour partir (loin des 64 ans)","datePublished":"2025-02-23T14:30:00+00:00","dateModified":"2025-02-20T13:42:07+00:00","mainEntityOfPage":{"@id":"https:\/\/www.svalbard.fr\/actualites\/retraite-lage-ideal-pour-les-francais-pour-partir-loin-des-64-ans\/"},"wordCount":666,"publisher":{"@id":"https:\/\/www.svalbard.fr\/actualites\/#organization"},"articleSection":["Tendances"],"inLanguage":"fr-FR"},{"@type":"WebPage","@id":"https:\/\/www.svalbard.fr\/actualites\/retraite-lage-ideal-pour-les-francais-pour-partir-loin-des-64-ans\/","url":"https:\/\/www.svalbard.fr\/actualites\/retraite-lage-ideal-pour-les-francais-pour-partir-loin-des-64-ans\/","name":"Retraite : l'\u00e2ge id\u00e9al pour les Fran\u00e7ais pour partir (loin des 64 ans)","isPartOf":{"@id":"https:\/\/www.svalbard.fr\/actualites\/#website"},"datePublished":"2025-02-23T14:30:00+00:00","dateModified":"2025-02-20T13:42:07+00:00","breadcrumb":{"@id":"https:\/\/www.svalbard.fr\/actualites\/retraite-lage-ideal-pour-les-francais-pour-partir-loin-des-64-ans\/#breadcrumb"},"inLanguage":"fr-FR","potentialAction":[{"@type":"ReadAction","target":["https:\/\/www.svalbard.fr\/actualites\/retraite-lage-ideal-pour-les-francais-pour-partir-loin-des-64-ans\/"]}]},{"@type":"BreadcrumbList","@id":"https:\/\/www.svalbard.fr\/actualites\/retraite-lage-ideal-pour-les-francais-pour-partir-loin-des-64-ans\/#breadcrumb","itemListElement":[{"@type":"ListItem","position":1,"name":"Accueil","item":"https:\/\/www.svalbard.fr\/actualites\/"},{"@type":"ListItem","position":2,"name":"Retraite : l&rsquo;\u00e2ge id\u00e9al pour les Fran\u00e7ais pour partir (loin des 64 ans)"}]},{"@type":"WebSite","@id":"https:\/\/www.svalbard.fr\/actualites\/#website","url":"https:\/\/www.svalbard.fr\/actualites\/","name":"www.Svalbard.fr","description":"","publisher":{"@id":"https:\/\/www.svalbard.fr\/actualites\/#organization"},"potentialAction":[{"@type":"SearchAction","target":{"@type":"EntryPoint","urlTemplate":"https:\/\/www.svalbard.fr\/actualites\/?s={search_term_string}"},"query-input":"required name=search_term_string"}],"inLanguage":"fr-FR"},{"@type":"Organization","@id":"https:\/\/www.svalbard.fr\/actualites\/#organization","name":"www.Svalbard.fr","url":"https:\/\/www.svalbard.fr\/actualites\/","logo":{"@type":"ImageObject","inLanguage":"fr-FR","@id":"https:\/\/www.svalbard.fr\/actualites\/#\/schema\/logo\/image\/","url":"https:\/\/www.svalbard.fr\/actualites\/wp-content\/uploads\/2023\/09\/head-nom.jpg","contentUrl":"https:\/\/www.svalbard.fr\/actualites\/wp-content\/uploads\/2023\/09\/head-nom.jpg","width":264,"height":35,"caption":"www.Svalbard.fr"},"image":{"@id":"https:\/\/www.svalbard.fr\/actualites\/#\/schema\/logo\/image\/"}},{"@type":"Person","@id":"https:\/\/www.svalbard.fr\/actualites\/#\/schema\/person\/b9d185560b94bff7322d37cb676ee545","name":"Guillaume Chen","image":{"@type":"ImageObject","inLanguage":"fr-FR","@id":"https:\/\/www.svalbard.fr\/actualites\/#\/schema\/person\/image\/","url":"https:\/\/secure.gravatar.com\/avatar\/0c3f9c94586035b795ad4049a06fb048?s=96&d=mm&r=g","contentUrl":"https:\/\/secure.gravatar.com\/avatar\/0c3f9c94586035b795ad4049a06fb048?s=96&d=mm&r=g","caption":"Guillaume Chen"},"sameAs":["https:\/\/www.svalbard.fr\/"]}]}},"_links":{"self":[{"href":"https:\/\/www.svalbard.fr\/actualites\/wp-json\/wp\/v2\/posts\/2529"}],"collection":[{"href":"https:\/\/www.svalbard.fr\/actualites\/wp-json\/wp\/v2\/posts"}],"about":[{"href":"https:\/\/www.svalbard.fr\/actualites\/wp-json\/wp\/v2\/types\/post"}],"author":[{"embeddable":true,"href":"https:\/\/www.svalbard.fr\/actualites\/wp-json\/wp\/v2\/users\/3"}],"replies":[{"embeddable":true,"href":"https:\/\/www.svalbard.fr\/actualites\/wp-json\/wp\/v2\/comments?post=2529"}],"version-history":[{"count":1,"href":"https:\/\/www.svalbard.fr\/actualites\/wp-json\/wp\/v2\/posts\/2529\/revisions"}],"predecessor-version":[{"id":2532,"href":"https:\/\/www.svalbard.fr\/actualites\/wp-json\/wp\/v2\/posts\/2529\/revisions\/2532"}],"wp:featuredmedia":[{"embeddable":true,"href":"https:\/\/www.svalbard.fr\/actualites\/wp-json\/wp\/v2\/media\/2530"}],"wp:attachment":[{"href":"https:\/\/www.svalbard.fr\/actualites\/wp-json\/wp\/v2\/media?parent=2529"}],"wp:term":[{"taxonomy":"category","embeddable":true,"href":"https:\/\/www.svalbard.fr\/actualites\/wp-json\/wp\/v2\/categories?post=2529"},{"taxonomy":"post_tag","embeddable":true,"href":"https:\/\/www.svalbard.fr\/actualites\/wp-json\/wp\/v2\/tags?post=2529"}],"curies":[{"name":"wp","href":"https:\/\/api.w.org\/{rel}","templated":true}]}}