{"id":2590,"date":"2025-02-27T08:30:00","date_gmt":"2025-02-27T07:30:00","guid":{"rendered":"https:\/\/www.svalbard.fr\/actualites\/?p=2590"},"modified":"2025-02-25T11:53:36","modified_gmt":"2025-02-25T10:53:36","slug":"ce-jet-sans-ailes-fendant-lair-a-1837-km-h-sans-carburant-grace-a-une-innovation-qui-revolutionne-laviation","status":"publish","type":"post","link":"https:\/\/www.svalbard.fr\/actualites\/ce-jet-sans-ailes-fendant-lair-a-1837-km-h-sans-carburant-grace-a-une-innovation-qui-revolutionne-laviation\/","title":{"rendered":"Ce jet sans ailes fendant l\u2019air \u00e0 1837 km\/h, sans carburant, gr\u00e2ce \u00e0 une innovation qui r\u00e9volutionne l\u2019aviation"},"content":{"rendered":"\n<p><strong><em>Imaginez un avion qui file \u00e0 plus de 1 800 km\/h, sans ailes, sans carburant fossile et avec une empreinte \u00e9cologique proche de z\u00e9ro. Ce r\u00eave de science-fiction pourrait bien devenir une r\u00e9alit\u00e9 dans les prochaines d\u00e9cennies. Le Sky OV, un projet audacieux pr\u00e9sent\u00e9 par le designer espagnol Oscar Vi\u00f1al, pourrait red\u00e9finir l\u2019avenir du transport a\u00e9rien. Alliant vitesse, \u00e9cologie et luxe, ce concept futuriste promet de bouleverser notre fa\u00e7on de voyager.<\/em><\/strong><\/p>\n\n\n\n<!--more-->\n\n\n\n<h2 class=\"wp-block-heading\">Le Sky OV : une vision r\u00e9volutionnaire de l\u2019aviation<\/h2>\n\n\n\n<p>Le Sky OV n\u2019est pas un avion comme les autres. Avec une vitesse maximale de Mach 1.5, soit 1 837 km\/h, cet appareil pourrait relier Londres \u00e0 New York en moins de cinq heures, contre huit heures avec les <a href=\"https:\/\/www.svalbard.fr\/actualites\/les-avions-de-combat-typhoon-de-la-raf-decollent-et-atterrissent-sur-une-route-ordinaire-pour-une-premiere-etonnante\/\"><strong>avions <\/strong><\/a>actuels. Mais ce n\u2019est pas seulement sa vitesse impressionnante qui le distingue. Le Sky OV est con\u00e7u pour transporter 300 passagers et offre une autonomie de 16 600 km, permettant des trajets intercontinentaux sans escale. Ce concept reprend la <strong>conception aile volante<\/strong> des avions militaires, comme le c\u00e9l\u00e8bre B-2, mais sans les ailes conventionnelles. Ce design unique permet non seulement d&rsquo;optimiser l&rsquo;espace int\u00e9rieur, mais aussi d&rsquo;am\u00e9liorer l&rsquo;efficacit\u00e9 \u00e9nerg\u00e9tique.<\/p>\n\n\n\n<h2 class=\"wp-block-heading\">Des caract\u00e9ristiques techniques \u00e0 la pointe de l\u2019innovation<\/h2>\n\n\n\n<p>Le <strong>moteur \u00e0 d\u00e9tonation puls\u00e9e hybride<\/strong> (PDE) qui propulse le Sky OV est l&rsquo;un des \u00e9l\u00e9ments qui rendent ce projet si innovant. Associ\u00e9 \u00e0 un <strong>turbor\u00e9acteur<\/strong>, il permet de r\u00e9duire consid\u00e9rablement les \u00e9missions de CO\u2082 tout en atteignant des vitesses supersoniques. Ce syst\u00e8me de propulsion hybride utilise l&rsquo;<strong>hydrog\u00e8ne<\/strong> comme carburant, une alternative propre aux carburants fossiles, et \u00e9limine ainsi les \u00e9missions polluantes.<\/p>\n\n\n\n<p>Le Sky OV int\u00e8gre \u00e9galement des <strong>mat\u00e9riaux \u00e0 la pointe de la technologie<\/strong> : des <strong>points quantiques solaires<\/strong> sur sa surface permettent de produire de l\u2019\u00e9lectricit\u00e9 \u00e0 partir de la lumi\u00e8re du soleil, alimentant ainsi des syst\u00e8mes \u00e9nerg\u00e9tiques internes. De plus, ses <strong>ailerons intelligents<\/strong>, assist\u00e9s par intelligence artificielle, optimisent la performance du vol en ajustant la configuration de l\u2019appareil pour minimiser la consommation d\u2019\u00e9nergie.<\/p>\n\n\n\n<h2 class=\"wp-block-heading\">Une nouvelle exp\u00e9rience de vol : entre vitesse et luxe<\/h2>\n\n\n\n<p>Le Sky OV ne se contente pas de r\u00e9volutionner la <strong>vitesse<\/strong> et l\u2019<strong>\u00e9cologie<\/strong>. Il offre \u00e9galement une exp\u00e9rience de vol in\u00e9dite en termes de confort et de services. Chaque cabine, individuelle et spacieuse, est \u00e9quip\u00e9e de <strong>stores automatiques<\/strong>, de <strong>portes coulissantes<\/strong> pour une intimit\u00e9 totale, ainsi que de <strong>lits doubles<\/strong> et de <strong>salles de bain priv\u00e9es<\/strong> avec douches. Ce niveau de confort se rapproche plus de l\u2019exp\u00e9rience d\u2019un h\u00f4tel de luxe que d\u2019un vol classique.<\/p>\n\n\n\n<p>Les passagers pourront \u00e9galement profiter d&rsquo;un <strong>service gastronomique cinq \u00e9toiles<\/strong>, pr\u00e9par\u00e9 par un chef cuisinier \u00e0 bord, et se d\u00e9tendre dans des salons \u00e9quip\u00e9s de <strong>canap\u00e9s<\/strong> et de <strong>tables \u00e0 manger<\/strong>. Ce concept vise clairement une client\u00e8le de <a href=\"https:\/\/www.svalbard.fr\/actualites\/6-points-chauds-magiques-ou-les-voyageurs-peuvent-voir-les-aurores-boreales-dont-un-au-royaume-uni\/\"><strong>voyageurs <\/strong><\/a>d\u2019affaires et de luxe, cherchant \u00e0 allier rapidit\u00e9 et <strong>confort exceptionnel<\/strong>.<\/p>\n\n\n\n<h2 class=\"wp-block-heading\">Un impact environnemental r\u00e9duit et des co\u00fbts ma\u00eetris\u00e9s<\/h2>\n\n\n\n<p>Le Sky OV s\u2019inscrit dans une d\u00e9marche \u00e9co-responsable, cherchant \u00e0 r\u00e9duire drastiquement son impact environnemental. Gr\u00e2ce \u00e0 son utilisation de l&rsquo;hydrog\u00e8ne et de l&rsquo;\u00e9nergie solaire, cet appareil promet des voyages supersoniques \u00e0 <strong>z\u00e9ro \u00e9mission<\/strong> de CO\u2082. De plus, son design sans ailes diminue la <strong>tra\u00een\u00e9e<\/strong> et am\u00e9liore l\u2019efficacit\u00e9 \u00e9nerg\u00e9tique, ce qui r\u00e9duit aussi les <strong>co\u00fbts d\u2019exploitation<\/strong> pour les compagnies a\u00e9riennes.<\/p>\n\n\n\n<h2 class=\"wp-block-heading\">Comparaison avec les avions commerciaux actuels<\/h2>\n\n\n\n<figure class=\"wp-block-table\"><table><thead><tr><th>Crit\u00e8re<\/th><th>Sky OV<\/th><th>Avion actuel<\/th><\/tr><\/thead><tbody><tr><td>Vitesse maximale<\/td><td>1 837 km\/h<\/td><td>900 km\/h<\/td><\/tr><tr><td>\u00c9missions de CO\u2082<\/td><td>Z\u00e9ro<\/td><td>Significatives<\/td><\/tr><tr><td>Co\u00fbt d\u2019exploitation<\/td><td>R\u00e9duit<\/td><td>\u00c9lev\u00e9<\/td><\/tr><\/tbody><\/table><\/figure>\n\n\n\n<h2 class=\"wp-block-heading\">L\u2019avenir de l\u2019aviation : un concept \u00e0 suivre de pr\u00e8s<\/h2>\n\n\n\n<p>Le Sky OV n\u2019est pour l\u2019instant qu\u2019un concept, mais il repr\u00e9sente une avanc\u00e9e majeure dans le domaine de l\u2019aviation. Si les technologies int\u00e9gr\u00e9es, comme le moteur PDE et l\u2019hydrog\u00e8ne, se d\u00e9veloppent dans les ann\u00e9es \u00e0 venir, elles pourraient devenir des standards dans l\u2019aviation commerciale. Cependant, il reste encore beaucoup de travail \u00e0 faire avant que ce projet devienne r\u00e9alit\u00e9, notamment en termes de d\u00e9veloppement, de certification et de financement.<\/p>\n\n\n\n<h2 class=\"wp-block-heading\">Une inspiration pour l\u2019avenir de l\u2019aviation<\/h2>\n\n\n\n<p>Le Sky OV s\u2019inscrit dans une dynamique globale visant \u00e0 repenser l&rsquo;aviation, notamment en <strong>Asie<\/strong>, o\u00f9 des syst\u00e8mes d&rsquo;\u00e9nergie renouvelable pour le transport a\u00e9rien sont d\u00e9j\u00e0 en place. Si ce projet voit le jour, il pourrait devenir un mod\u00e8le de r\u00e9f\u00e9rence, combinant performance, \u00e9cologie et luxe pour r\u00e9pondre aux d\u00e9fis du futur.<\/p>\n\n\n\n<h2 class=\"wp-block-heading\">Une attente n\u00e9cessaire, mais prometteuse<\/h2>\n\n\n\n<p>Bien que le Sky OV ne soit pas encore une r\u00e9alit\u00e9 concr\u00e8te, il montre que l\u2019avenir de l\u2019aviation est en marche. Combiner <strong>innovation<\/strong>, <strong>durabilit\u00e9<\/strong> et <strong>confort<\/strong> dans un seul appareil est un d\u00e9fi ambitieux, mais qui pourrait, \u00e0 terme, transformer notre mani\u00e8re de voyager. Pour ceux qui r\u00eavent de voler \u00e0 bord de cet appareil futuriste, il faudra encore attendre, mais le projet Sky OV prouve qu\u2019une aviation plus <strong>verte<\/strong> et plus <strong>rapide<\/strong> est \u00e0 notre port\u00e9e.<\/p>\n","protected":false},"excerpt":{"rendered":"<p>Imaginez un avion qui file \u00e0 plus de 1 800 km\/h, sans ailes, sans carburant fossile et avec une empreinte \u00e9cologique proche de z\u00e9ro. Ce<\/p>\n","protected":false},"author":3,"featured_media":2591,"comment_status":"closed","ping_status":"closed","sticky":false,"template":"","format":"standard","meta":{"footnotes":""},"categories":[1725],"tags":[],"yoast_head":"<!-- This site is optimized with the Yoast SEO plugin v21.0 - https:\/\/yoast.com\/wordpress\/plugins\/seo\/ -->\n<title>Ce jet sans ailes fendant l\u2019air \u00e0 1837 km\/h, sans carburant, gr\u00e2ce \u00e0 une innovation qui r\u00e9volutionne l\u2019aviation<\/title>\n<meta name=\"robots\" content=\"index, follow, max-snippet:-1, max-image-preview:large, max-video-preview:-1\" \/>\n<link rel=\"canonical\" href=\"https:\/\/www.svalbard.fr\/actualites\/ce-jet-sans-ailes-fendant-lair-a-1837-km-h-sans-carburant-grace-a-une-innovation-qui-revolutionne-laviation\/\" \/>\n<meta property=\"og:locale\" content=\"fr_FR\" \/>\n<meta property=\"og:type\" content=\"article\" \/>\n<meta property=\"og:title\" content=\"Ce jet sans ailes fendant l\u2019air \u00e0 1837 km\/h, sans carburant, gr\u00e2ce \u00e0 une innovation qui r\u00e9volutionne l\u2019aviation\" \/>\n<meta property=\"og:description\" content=\"Imaginez un avion qui file \u00e0 plus de 1 800 km\/h, sans ailes, sans carburant fossile et avec une empreinte \u00e9cologique proche de z\u00e9ro. Ce\" \/>\n<meta property=\"og:url\" content=\"https:\/\/www.svalbard.fr\/actualites\/ce-jet-sans-ailes-fendant-lair-a-1837-km-h-sans-carburant-grace-a-une-innovation-qui-revolutionne-laviation\/\" \/>\n<meta property=\"og:site_name\" content=\"www.Svalbard.fr\" \/>\n<meta property=\"article:published_time\" content=\"2025-02-27T07:30:00+00:00\" \/>\n<meta property=\"article:modified_time\" content=\"2025-02-25T10:53:36+00:00\" \/>\n<meta property=\"og:image\" content=\"https:\/\/www.svalbard.fr\/actualites\/wp-content\/uploads\/2025\/02\/Ce-jet-sans-ailes-fendant-lair-a-1837-kmh-sans-carburant-grace-a-une-innovation-qui-revolutionne-laviation.jpg\" \/>\n\t<meta property=\"og:image:width\" content=\"1200\" \/>\n\t<meta property=\"og:image:height\" content=\"800\" \/>\n\t<meta property=\"og:image:type\" content=\"image\/jpeg\" \/>\n<meta name=\"author\" content=\"Guillaume Chen\" \/>\n<meta name=\"twitter:card\" content=\"summary_large_image\" \/>\n<meta name=\"twitter:label1\" content=\"\u00c9crit par\" \/>\n\t<meta name=\"twitter:data1\" content=\"Guillaume Chen\" \/>\n\t<meta name=\"twitter:label2\" content=\"Dur\u00e9e de lecture estim\u00e9e\" \/>\n\t<meta name=\"twitter:data2\" content=\"4 minutes\" \/>\n<script type=\"application\/ld+json\" class=\"yoast-schema-graph\">{\"@context\":\"https:\/\/schema.org\",\"@graph\":[{\"@type\":\"Article\",\"@id\":\"https:\/\/www.svalbard.fr\/actualites\/ce-jet-sans-ailes-fendant-lair-a-1837-km-h-sans-carburant-grace-a-une-innovation-qui-revolutionne-laviation\/#article\",\"isPartOf\":{\"@id\":\"https:\/\/www.svalbard.fr\/actualites\/ce-jet-sans-ailes-fendant-lair-a-1837-km-h-sans-carburant-grace-a-une-innovation-qui-revolutionne-laviation\/\"},\"author\":{\"name\":\"Guillaume Chen\",\"@id\":\"https:\/\/www.svalbard.fr\/actualites\/#\/schema\/person\/b9d185560b94bff7322d37cb676ee545\"},\"headline\":\"Ce jet sans ailes fendant l\u2019air \u00e0 1837 km\/h, sans carburant, gr\u00e2ce \u00e0 une innovation qui r\u00e9volutionne l\u2019aviation\",\"datePublished\":\"2025-02-27T07:30:00+00:00\",\"dateModified\":\"2025-02-25T10:53:36+00:00\",\"mainEntityOfPage\":{\"@id\":\"https:\/\/www.svalbard.fr\/actualites\/ce-jet-sans-ailes-fendant-lair-a-1837-km-h-sans-carburant-grace-a-une-innovation-qui-revolutionne-laviation\/\"},\"wordCount\":882,\"publisher\":{\"@id\":\"https:\/\/www.svalbard.fr\/actualites\/#organization\"},\"articleSection\":[\"Tendances\"],\"inLanguage\":\"fr-FR\"},{\"@type\":\"WebPage\",\"@id\":\"https:\/\/www.svalbard.fr\/actualites\/ce-jet-sans-ailes-fendant-lair-a-1837-km-h-sans-carburant-grace-a-une-innovation-qui-revolutionne-laviation\/\",\"url\":\"https:\/\/www.svalbard.fr\/actualites\/ce-jet-sans-ailes-fendant-lair-a-1837-km-h-sans-carburant-grace-a-une-innovation-qui-revolutionne-laviation\/\",\"name\":\"Ce jet sans ailes fendant l\u2019air \u00e0 1837 km\/h, sans carburant, gr\u00e2ce \u00e0 une innovation qui r\u00e9volutionne l\u2019aviation\",\"isPartOf\":{\"@id\":\"https:\/\/www.svalbard.fr\/actualites\/#website\"},\"datePublished\":\"2025-02-27T07:30:00+00:00\",\"dateModified\":\"2025-02-25T10:53:36+00:00\",\"breadcrumb\":{\"@id\":\"https:\/\/www.svalbard.fr\/actualites\/ce-jet-sans-ailes-fendant-lair-a-1837-km-h-sans-carburant-grace-a-une-innovation-qui-revolutionne-laviation\/#breadcrumb\"},\"inLanguage\":\"fr-FR\",\"potentialAction\":[{\"@type\":\"ReadAction\",\"target\":[\"https:\/\/www.svalbard.fr\/actualites\/ce-jet-sans-ailes-fendant-lair-a-1837-km-h-sans-carburant-grace-a-une-innovation-qui-revolutionne-laviation\/\"]}]},{\"@type\":\"BreadcrumbList\",\"@id\":\"https:\/\/www.svalbard.fr\/actualites\/ce-jet-sans-ailes-fendant-lair-a-1837-km-h-sans-carburant-grace-a-une-innovation-qui-revolutionne-laviation\/#breadcrumb\",\"itemListElement\":[{\"@type\":\"ListItem\",\"position\":1,\"name\":\"Accueil\",\"item\":\"https:\/\/www.svalbard.fr\/actualites\/\"},{\"@type\":\"ListItem\",\"position\":2,\"name\":\"Ce jet sans ailes fendant l\u2019air \u00e0 1837 km\/h, sans carburant, gr\u00e2ce \u00e0 une innovation qui r\u00e9volutionne l\u2019aviation\"}]},{\"@type\":\"WebSite\",\"@id\":\"https:\/\/www.svalbard.fr\/actualites\/#website\",\"url\":\"https:\/\/www.svalbard.fr\/actualites\/\",\"name\":\"www.Svalbard.fr\",\"description\":\"\",\"publisher\":{\"@id\":\"https:\/\/www.svalbard.fr\/actualites\/#organization\"},\"potentialAction\":[{\"@type\":\"SearchAction\",\"target\":{\"@type\":\"EntryPoint\",\"urlTemplate\":\"https:\/\/www.svalbard.fr\/actualites\/?s={search_term_string}\"},\"query-input\":\"required name=search_term_string\"}],\"inLanguage\":\"fr-FR\"},{\"@type\":\"Organization\",\"@id\":\"https:\/\/www.svalbard.fr\/actualites\/#organization\",\"name\":\"www.Svalbard.fr\",\"url\":\"https:\/\/www.svalbard.fr\/actualites\/\",\"logo\":{\"@type\":\"ImageObject\",\"inLanguage\":\"fr-FR\",\"@id\":\"https:\/\/www.svalbard.fr\/actualites\/#\/schema\/logo\/image\/\",\"url\":\"https:\/\/www.svalbard.fr\/actualites\/wp-content\/uploads\/2023\/09\/head-nom.jpg\",\"contentUrl\":\"https:\/\/www.svalbard.fr\/actualites\/wp-content\/uploads\/2023\/09\/head-nom.jpg\",\"width\":264,\"height\":35,\"caption\":\"www.Svalbard.fr\"},\"image\":{\"@id\":\"https:\/\/www.svalbard.fr\/actualites\/#\/schema\/logo\/image\/\"}},{\"@type\":\"Person\",\"@id\":\"https:\/\/www.svalbard.fr\/actualites\/#\/schema\/person\/b9d185560b94bff7322d37cb676ee545\",\"name\":\"Guillaume Chen\",\"image\":{\"@type\":\"ImageObject\",\"inLanguage\":\"fr-FR\",\"@id\":\"https:\/\/www.svalbard.fr\/actualites\/#\/schema\/person\/image\/\",\"url\":\"https:\/\/secure.gravatar.com\/avatar\/0c3f9c94586035b795ad4049a06fb048?s=96&d=mm&r=g\",\"contentUrl\":\"https:\/\/secure.gravatar.com\/avatar\/0c3f9c94586035b795ad4049a06fb048?s=96&d=mm&r=g\",\"caption\":\"Guillaume Chen\"},\"sameAs\":[\"https:\/\/www.svalbard.fr\/\"]}]}<\/script>\n<!-- \/ Yoast SEO plugin. -->","yoast_head_json":{"title":"Ce jet sans ailes fendant l\u2019air \u00e0 1837 km\/h, sans carburant, gr\u00e2ce \u00e0 une innovation qui r\u00e9volutionne l\u2019aviation","robots":{"index":"index","follow":"follow","max-snippet":"max-snippet:-1","max-image-preview":"max-image-preview:large","max-video-preview":"max-video-preview:-1"},"canonical":"https:\/\/www.svalbard.fr\/actualites\/ce-jet-sans-ailes-fendant-lair-a-1837-km-h-sans-carburant-grace-a-une-innovation-qui-revolutionne-laviation\/","og_locale":"fr_FR","og_type":"article","og_title":"Ce jet sans ailes fendant l\u2019air \u00e0 1837 km\/h, sans carburant, gr\u00e2ce \u00e0 une innovation qui r\u00e9volutionne l\u2019aviation","og_description":"Imaginez un avion qui file \u00e0 plus de 1 800 km\/h, sans ailes, sans carburant fossile et avec une empreinte \u00e9cologique proche de z\u00e9ro. Ce","og_url":"https:\/\/www.svalbard.fr\/actualites\/ce-jet-sans-ailes-fendant-lair-a-1837-km-h-sans-carburant-grace-a-une-innovation-qui-revolutionne-laviation\/","og_site_name":"www.Svalbard.fr","article_published_time":"2025-02-27T07:30:00+00:00","article_modified_time":"2025-02-25T10:53:36+00:00","og_image":[{"width":1200,"height":800,"url":"https:\/\/www.svalbard.fr\/actualites\/wp-content\/uploads\/2025\/02\/Ce-jet-sans-ailes-fendant-lair-a-1837-kmh-sans-carburant-grace-a-une-innovation-qui-revolutionne-laviation.jpg","type":"image\/jpeg"}],"author":"Guillaume Chen","twitter_card":"summary_large_image","twitter_misc":{"\u00c9crit par":"Guillaume Chen","Dur\u00e9e de lecture estim\u00e9e":"4 minutes"},"schema":{"@context":"https:\/\/schema.org","@graph":[{"@type":"Article","@id":"https:\/\/www.svalbard.fr\/actualites\/ce-jet-sans-ailes-fendant-lair-a-1837-km-h-sans-carburant-grace-a-une-innovation-qui-revolutionne-laviation\/#article","isPartOf":{"@id":"https:\/\/www.svalbard.fr\/actualites\/ce-jet-sans-ailes-fendant-lair-a-1837-km-h-sans-carburant-grace-a-une-innovation-qui-revolutionne-laviation\/"},"author":{"name":"Guillaume Chen","@id":"https:\/\/www.svalbard.fr\/actualites\/#\/schema\/person\/b9d185560b94bff7322d37cb676ee545"},"headline":"Ce jet sans ailes fendant l\u2019air \u00e0 1837 km\/h, sans carburant, gr\u00e2ce \u00e0 une innovation qui r\u00e9volutionne l\u2019aviation","datePublished":"2025-02-27T07:30:00+00:00","dateModified":"2025-02-25T10:53:36+00:00","mainEntityOfPage":{"@id":"https:\/\/www.svalbard.fr\/actualites\/ce-jet-sans-ailes-fendant-lair-a-1837-km-h-sans-carburant-grace-a-une-innovation-qui-revolutionne-laviation\/"},"wordCount":882,"publisher":{"@id":"https:\/\/www.svalbard.fr\/actualites\/#organization"},"articleSection":["Tendances"],"inLanguage":"fr-FR"},{"@type":"WebPage","@id":"https:\/\/www.svalbard.fr\/actualites\/ce-jet-sans-ailes-fendant-lair-a-1837-km-h-sans-carburant-grace-a-une-innovation-qui-revolutionne-laviation\/","url":"https:\/\/www.svalbard.fr\/actualites\/ce-jet-sans-ailes-fendant-lair-a-1837-km-h-sans-carburant-grace-a-une-innovation-qui-revolutionne-laviation\/","name":"Ce jet sans ailes fendant l\u2019air \u00e0 1837 km\/h, sans carburant, gr\u00e2ce \u00e0 une innovation qui r\u00e9volutionne l\u2019aviation","isPartOf":{"@id":"https:\/\/www.svalbard.fr\/actualites\/#website"},"datePublished":"2025-02-27T07:30:00+00:00","dateModified":"2025-02-25T10:53:36+00:00","breadcrumb":{"@id":"https:\/\/www.svalbard.fr\/actualites\/ce-jet-sans-ailes-fendant-lair-a-1837-km-h-sans-carburant-grace-a-une-innovation-qui-revolutionne-laviation\/#breadcrumb"},"inLanguage":"fr-FR","potentialAction":[{"@type":"ReadAction","target":["https:\/\/www.svalbard.fr\/actualites\/ce-jet-sans-ailes-fendant-lair-a-1837-km-h-sans-carburant-grace-a-une-innovation-qui-revolutionne-laviation\/"]}]},{"@type":"BreadcrumbList","@id":"https:\/\/www.svalbard.fr\/actualites\/ce-jet-sans-ailes-fendant-lair-a-1837-km-h-sans-carburant-grace-a-une-innovation-qui-revolutionne-laviation\/#breadcrumb","itemListElement":[{"@type":"ListItem","position":1,"name":"Accueil","item":"https:\/\/www.svalbard.fr\/actualites\/"},{"@type":"ListItem","position":2,"name":"Ce jet sans ailes fendant l\u2019air \u00e0 1837 km\/h, sans carburant, gr\u00e2ce \u00e0 une innovation qui r\u00e9volutionne l\u2019aviation"}]},{"@type":"WebSite","@id":"https:\/\/www.svalbard.fr\/actualites\/#website","url":"https:\/\/www.svalbard.fr\/actualites\/","name":"www.Svalbard.fr","description":"","publisher":{"@id":"https:\/\/www.svalbard.fr\/actualites\/#organization"},"potentialAction":[{"@type":"SearchAction","target":{"@type":"EntryPoint","urlTemplate":"https:\/\/www.svalbard.fr\/actualites\/?s={search_term_string}"},"query-input":"required name=search_term_string"}],"inLanguage":"fr-FR"},{"@type":"Organization","@id":"https:\/\/www.svalbard.fr\/actualites\/#organization","name":"www.Svalbard.fr","url":"https:\/\/www.svalbard.fr\/actualites\/","logo":{"@type":"ImageObject","inLanguage":"fr-FR","@id":"https:\/\/www.svalbard.fr\/actualites\/#\/schema\/logo\/image\/","url":"https:\/\/www.svalbard.fr\/actualites\/wp-content\/uploads\/2023\/09\/head-nom.jpg","contentUrl":"https:\/\/www.svalbard.fr\/actualites\/wp-content\/uploads\/2023\/09\/head-nom.jpg","width":264,"height":35,"caption":"www.Svalbard.fr"},"image":{"@id":"https:\/\/www.svalbard.fr\/actualites\/#\/schema\/logo\/image\/"}},{"@type":"Person","@id":"https:\/\/www.svalbard.fr\/actualites\/#\/schema\/person\/b9d185560b94bff7322d37cb676ee545","name":"Guillaume Chen","image":{"@type":"ImageObject","inLanguage":"fr-FR","@id":"https:\/\/www.svalbard.fr\/actualites\/#\/schema\/person\/image\/","url":"https:\/\/secure.gravatar.com\/avatar\/0c3f9c94586035b795ad4049a06fb048?s=96&d=mm&r=g","contentUrl":"https:\/\/secure.gravatar.com\/avatar\/0c3f9c94586035b795ad4049a06fb048?s=96&d=mm&r=g","caption":"Guillaume Chen"},"sameAs":["https:\/\/www.svalbard.fr\/"]}]}},"_links":{"self":[{"href":"https:\/\/www.svalbard.fr\/actualites\/wp-json\/wp\/v2\/posts\/2590"}],"collection":[{"href":"https:\/\/www.svalbard.fr\/actualites\/wp-json\/wp\/v2\/posts"}],"about":[{"href":"https:\/\/www.svalbard.fr\/actualites\/wp-json\/wp\/v2\/types\/post"}],"author":[{"embeddable":true,"href":"https:\/\/www.svalbard.fr\/actualites\/wp-json\/wp\/v2\/users\/3"}],"replies":[{"embeddable":true,"href":"https:\/\/www.svalbard.fr\/actualites\/wp-json\/wp\/v2\/comments?post=2590"}],"version-history":[{"count":1,"href":"https:\/\/www.svalbard.fr\/actualites\/wp-json\/wp\/v2\/posts\/2590\/revisions"}],"predecessor-version":[{"id":2592,"href":"https:\/\/www.svalbard.fr\/actualites\/wp-json\/wp\/v2\/posts\/2590\/revisions\/2592"}],"wp:featuredmedia":[{"embeddable":true,"href":"https:\/\/www.svalbard.fr\/actualites\/wp-json\/wp\/v2\/media\/2591"}],"wp:attachment":[{"href":"https:\/\/www.svalbard.fr\/actualites\/wp-json\/wp\/v2\/media?parent=2590"}],"wp:term":[{"taxonomy":"category","embeddable":true,"href":"https:\/\/www.svalbard.fr\/actualites\/wp-json\/wp\/v2\/categories?post=2590"},{"taxonomy":"post_tag","embeddable":true,"href":"https:\/\/www.svalbard.fr\/actualites\/wp-json\/wp\/v2\/tags?post=2590"}],"curies":[{"name":"wp","href":"https:\/\/api.w.org\/{rel}","templated":true}]}}