{"id":2606,"date":"2025-02-26T15:20:10","date_gmt":"2025-02-26T14:20:10","guid":{"rendered":"https:\/\/www.svalbard.fr\/actualites\/kardemomme-par-bienvenue-dans-la-ville-du-livre-de-contes-de-la-norvege\/"},"modified":"2025-02-26T15:20:10","modified_gmt":"2025-02-26T14:20:10","slug":"kardemomme-par-bienvenue-dans-la-ville-du-livre-de-contes-de-la-norvege","status":"publish","type":"post","link":"https:\/\/www.svalbard.fr\/actualites\/kardemomme-par-bienvenue-dans-la-ville-du-livre-de-contes-de-la-norvege\/","title":{"rendered":"Kardemomme par: bienvenue dans la ville du livre de contes de la Norv\u00e8ge"},"content":{"rendered":"<div itemprop=\"text\">\n\t\t\t<span id=\"dpsp-post-content-markup\" data-image-pin-it=\"false\"><\/span><\/p>\n<p class=\"intro\">La nostalgie domine dans la ville du livre de la vie de la Norv\u00e8ge o\u00f9 les souvenirs d&#39;enfance prennent vie. Bas\u00e9 sur le r\u00e9cit bien-aim\u00e9 de Thorbj\u00f8rn Egner, cette r\u00e9cr\u00e9ation \u00e0 Kristians et invite les visiteurs \u00e0 entrer dans l&#39;un des mondes litt\u00e9raires les plus pr\u00e9cieux de la Norv\u00e8ge.<\/p>\n<p>Qu&#39;est-ce qui vient \u00e0 l&#39;esprit lorsque vous pensez \u00e0 votre propre enfance? Peut-\u00eatre une histoire pr\u00e9f\u00e9r\u00e9e au coucher, une \u00e9mission de t\u00e9l\u00e9vision bien-aim\u00e9e ou un endroit qui semblait magique \u00e0 sa mani\u00e8re.<\/p>\n<figure class=\"wp-block-image size-large\"><img data-lazyloaded=\"1\" data-placeholder-resp=\"768x432\" fetchpriority=\"high\" decoding=\"async\" width=\"768\" height=\"432\" src=\"https:\/\/www.svalbard.fr\/actualites\/wp-content\/uploads\/2025\/02\/Kardemomme-par-bienvenue-dans-la-ville-du-livre-de-contes.jpg\" alt=\"Images de Kardemomme par Kristiansand. Photos: David Nikel.\" class=\"wp-image-83026\"  data-><noscript><img fetchpriority=\"high\" decoding=\"async\" width=\"768\" height=\"432\" src=\"https:\/\/www.svalbard.fr\/actualites\/wp-content\/uploads\/2025\/02\/Kardemomme-par-bienvenue-dans-la-ville-du-livre-de-contes.jpg\" alt=\"Images de Kardemomme par Kristiansand. Photos: David Nikel.\" class=\"wp-image-83026\"  ><\/noscript><\/figure>\n<p>Pour moi, en grandissant en Grande-Bretagne, c&#39;\u00e9tait \u00abButton Moon\u00bb et \u00abRainbow\u00bb, avec leurs personnages originaux et leurs mondes fantaisistes simples. M\u00eame maintenant, des d\u00e9cennies, je me surprends toujours \u00e0 bourdonner le th\u00e8me de la lune bouton!<\/p>\n<p>Mais pour de nombreux Norv\u00e9giens, la nostalgie de l&#39;enfance est souvent li\u00e9e \u00e0 \u00abKardemomme par\u00bb &#8211; une ville qui n&#39;existe pas seulement dans les pages d&#39;un livre, mais dans la vraie vie aussi.<\/p>\n<h2 class=\"wp-block-heading\">De quoi Kardemomme?<\/h2>\n<p>\u00abKardemomme par\u00bb (Cardamom Town) est le cadre de <em>Folk og r\u00f8vere i kardemomme par<\/em> (Publi\u00e9 en anglais comme \u00abWhen the Robbers est venu \u00e0 Cardamom Town\u00bb), le livre pour enfants bien-aim\u00e9 de 1955 de Thorbj\u00f8rn Egner.<\/p>\n<figure class=\"wp-block-image size-full\"><img loading=\"lazy\" data-lazyloaded=\"1\" data-placeholder-resp=\"960x1418\" decoding=\"async\" width=\"960\" height=\"1418\" src=\"https:\/\/www.svalbard.fr\/actualites\/wp-content\/uploads\/2025\/02\/1740579608_321_Kardemomme-par-bienvenue-dans-la-ville-du-livre-de-contes.jpg\" alt=\"Couverture de livre de \u00abfolk og r\u00f8vere i kardemomme by\u00bb. Image: Cappelen Damm.\" class=\"wp-image-83111\"  data-><noscript><img loading=\"lazy\" decoding=\"async\" width=\"960\" height=\"1418\" src=\"https:\/\/www.svalbard.fr\/actualites\/wp-content\/uploads\/2025\/02\/1740579608_321_Kardemomme-par-bienvenue-dans-la-ville-du-livre-de-contes.jpg\" alt=\"Couverture de livre de \u00abfolk og r\u00f8vere i kardemomme by\u00bb. Image: Cappelen Damm.\" class=\"wp-image-83111\"  ><\/noscript><\/figure>\n<p>L&#39;histoire suit les r\u00e9sidents paisibles de cette ville fictive alors qu&#39;ils naviguent dans la vie sous la \u00abloi Kardemomme\u00bb simple mais charmante, qui d\u00e9clare:<\/p>\n<p>\u00ab\u00a0On ne d\u00e9rangera pas les autres, on sera gentil et gentil, et sinon on peut faire comme on le veut.\u00a0\u00bb Cela me semble plut\u00f4t bien!<\/p>\n<h2 class=\"wp-block-heading\">Personnages de Kardemomme par<\/h2>\n<p>Parmi ses personnages les plus m\u00e9morables figurent Kasper, Jesper et Jonathan, trois voleurs malheureux mais attachants qui causent des probl\u00e8mes \u00e0 la ville mais finissent par r\u00e9parer leurs voies.<\/p>\n<figure class=\"wp-block-image size-large\"><img loading=\"lazy\" data-lazyloaded=\"1\" data-placeholder-resp=\"768x576\" decoding=\"async\" width=\"768\" height=\"576\" src=\"https:\/\/www.svalbard.fr\/actualites\/wp-content\/uploads\/2025\/02\/1740579609_801_Kardemomme-par-bienvenue-dans-la-ville-du-livre-de-contes.jpg\" alt=\"Tobias &#39;Tower \u00e0 Kardemomme par. Photo: David Nikel.\" class=\"wp-image-83106\"  data-><noscript><img loading=\"lazy\" decoding=\"async\" width=\"768\" height=\"576\" src=\"https:\/\/www.svalbard.fr\/actualites\/wp-content\/uploads\/2025\/02\/1740579609_801_Kardemomme-par-bienvenue-dans-la-ville-du-livre-de-contes.jpg\" alt=\"Tobias &#39;Tower \u00e0 Kardemomme par. Photo: David Nikel.\" class=\"wp-image-83106\"  ><\/noscript><\/figure>\n<p>Il y a aussi Tante Sofie (tante Sofie), le gardien strict mais bien intentionn\u00e9, Tobias the Watchman, et un tramway qui traverse la ville &#8211; un d\u00e9tail embl\u00e9matique qui reste un favori des enfants norv\u00e9giens \u00e0 ce jour.<\/p>\n<p>Comme de nombreux livres pour enfants classiques, \u00abKardemomme by\u00bb est plus qu&#39;une simple histoire. Il est devenu profond\u00e9ment ancr\u00e9 dans la culture norv\u00e9gienne, avec des chansons du livre connues par le c\u0153ur et des adaptations de sc\u00e8ne r\u00e9guli\u00e8rement interpr\u00e9t\u00e9es \u00e0 travers le pays.<\/p>\n<p>Mais ce qui le rend vraiment unique, c&#39;est que vous pouvez vous intervenir dans ce monde du livre de contes.<\/p>\n<h2 class=\"wp-block-heading\">Visiter le \u00abvrai\u00bb kardemomme par<\/h2>\n<p>Nich\u00e9 dans Dyreparken (Kristiansand Zoo et Amusement Park) dans le sud de la Norv\u00e8ge, une version r\u00e9elle de \u00abKardemomme by\u00bb existe depuis 1991.<\/p>\n<figure class=\"wp-block-image size-full\"><img loading=\"lazy\" data-lazyloaded=\"1\" data-placeholder-resp=\"960x1280\" decoding=\"async\" width=\"960\" height=\"1280\" src=\"https:\/\/www.svalbard.fr\/actualites\/wp-content\/uploads\/2025\/02\/1740579609_523_Kardemomme-par-bienvenue-dans-la-ville-du-livre-de-contes.jpg\" alt=\"Boulangerie \u00e0 Kardemomme par. Photo: David Nikel.\" class=\"wp-image-83107\"  data-><noscript><img loading=\"lazy\" decoding=\"async\" width=\"960\" height=\"1280\" src=\"https:\/\/www.svalbard.fr\/actualites\/wp-content\/uploads\/2025\/02\/1740579609_523_Kardemomme-par-bienvenue-dans-la-ville-du-livre-de-contes.jpg\" alt=\"Boulangerie \u00e0 Kardemomme par. Photo: David Nikel.\" class=\"wp-image-83107\"  ><\/noscript><\/figure>\n<p>Ici, les illustrations fantaisistes d&#39;EGner sont donn\u00e9es dans une ville enti\u00e8rement recr\u00e9\u00e9e, avec des rues pav\u00e9es, des b\u00e2timents color\u00e9s et une vraie boulangerie. Bien s\u00fbr, j&#39;ai d\u00fb essayer un chignon cardamome embl\u00e9matique pendant que j&#39;y \u00e9tais. Purement \u00e0 des fins de recherche, vous comprenez!<\/p>\n<p>Les visiteurs peuvent se promener dans la ville, entrer dans les maisons des personnages et m\u00eame passer la nuit dans un h\u00e9bergement \u00e0 th\u00e8me (entre mai et mi-octobre).<\/p>\n<figure class=\"wp-block-image size-large\"><img loading=\"lazy\" data-lazyloaded=\"1\" data-placeholder-resp=\"768x432\" decoding=\"async\" width=\"768\" height=\"432\" src=\"https:\/\/www.svalbard.fr\/actualites\/wp-content\/uploads\/2025\/02\/1740579610_468_Kardemomme-par-bienvenue-dans-la-ville-du-livre-de-contes.jpg\" alt=\"Sc\u00e8ne de rue \u00e0 Kardemomme par. Photo: David Nikel.\" class=\"wp-image-83109\"  data-><noscript><img loading=\"lazy\" decoding=\"async\" width=\"768\" height=\"432\" src=\"https:\/\/www.svalbard.fr\/actualites\/wp-content\/uploads\/2025\/02\/1740579610_468_Kardemomme-par-bienvenue-dans-la-ville-du-livre-de-contes.jpg\" alt=\"Sc\u00e8ne de rue \u00e0 Kardemomme par. Photo: David Nikel.\" class=\"wp-image-83109\"  ><\/noscript><\/figure>\n<p>Lors de ma r\u00e9cente visite, j&#39;ai \u00e9t\u00e9 frapp\u00e9 par la fid\u00e9lit\u00e9 du livre. En passant devant les joyeuses maisons pastel, il \u00e9tait facile d&#39;imaginer Kasper, Jesper et Jonathan qui se cachent dans un coin, complotant leur prochain programme (pas si sinistre).<\/p>\n<p>J&#39;ai grimp\u00e9 les escaliers \u00e0 l&#39;int\u00e9rieur de la tour de Tobias, me permettant de voir comment vit Tobias. Quelle belle vue du haut!<\/p>\n<figure class=\"wp-block-image size-full\"><img loading=\"lazy\" data-lazyloaded=\"1\" data-placeholder-resp=\"960x1280\" decoding=\"async\" width=\"960\" height=\"1280\" src=\"https:\/\/www.svalbard.fr\/actualites\/wp-content\/uploads\/2025\/02\/1740579610_444_Kardemomme-par-bienvenue-dans-la-ville-du-livre-de-contes.jpg\" alt=\"Vue du haut de la tour de Tobias \u00e0 Kardemomme par. Photo: David Nikel.\" class=\"wp-image-83108\"  data-><noscript><img loading=\"lazy\" decoding=\"async\" width=\"960\" height=\"1280\" src=\"https:\/\/www.svalbard.fr\/actualites\/wp-content\/uploads\/2025\/02\/1740579610_444_Kardemomme-par-bienvenue-dans-la-ville-du-livre-de-contes.jpg\" alt=\"Vue du haut de la tour de Tobias \u00e0 Kardemomme par. Photo: David Nikel.\" class=\"wp-image-83108\"  ><\/noscript><\/figure>\n<p>Quelque chose d&#39;important \u00e0 dire: j&#39;ai visit\u00e9 un jour froid en hiver alors que l&#39;attraction \u00e9tait tr\u00e8s calme. Il n&#39;y avait que 15 ou 20 autres visiteurs, bien que heureusement, la boulangerie \u00e9tait ouverte.<\/p>\n<p>En \u00e9t\u00e9, \u00abKardemomme by\u00bb est un endroit tr\u00e8s diff\u00e9rent! Il est beaucoup plus occup\u00e9, propose un tramway et des performances en direct donnent vie aux personnages. J&#39;adorerais alors visiter. Peut-\u00eatre plus tard cette ann\u00e9e!<\/p>\n<h2 class=\"wp-block-heading\">Un lieu de nostalgie pure<\/h2>\n<p>Pour les visiteurs norv\u00e9giens, c&#39;est plus qu&#39;une simple attraction du parc \u00e0 th\u00e8me &#8211; c&#39;est une exp\u00e9rience profond\u00e9ment nostalgique.<\/p>\n<p>De nombreux adultes qui ont grandi avec le livre apportent maintenant leurs propres enfants, transmettant la magie de \u00abKardemomme par\u00bb \u00e0 une nouvelle g\u00e9n\u00e9ration. Et tandis que la ville est petite, son charme est \u00e9norme.<\/p>\n<p>Pour toute personne visitant la Norv\u00e8ge, en particulier ceux qui ont des enfants, \u00abKardemomme by\u00bb est un incontournable &#8211; un endroit o\u00f9 la nostalgie, la narration et la culture norv\u00e9gienne se r\u00e9unissent de la mani\u00e8re la plus d\u00e9licieuse. Je serai de retour en \u00e9t\u00e9, c&#39;est s\u00fbr!<\/p>\n<p><strong>\u00cates-vous all\u00e9 \u00e0 Kardemomme par, peut-\u00eatre en \u00e9t\u00e9?<\/strong> J&#39;adorerais entendre vos pens\u00e9es et vos exp\u00e9riences dans les commentaires.<\/p>\n<\/p><\/div>\n","protected":false},"excerpt":{"rendered":"<p>La nostalgie domine dans la ville du livre de la vie de la Norv\u00e8ge o\u00f9 les souvenirs d&#39;enfance prennent vie. Bas\u00e9 sur le r\u00e9cit bien-aim\u00e9<\/p>\n","protected":false},"author":1,"featured_media":2607,"comment_status":"","ping_status":"","sticky":false,"template":"","format":"standard","meta":{"footnotes":""},"categories":[1],"tags":[2114,2115,54,2113,800,6,167,103],"yoast_head":"<!-- This site is optimized with the Yoast SEO plugin v21.0 - https:\/\/yoast.com\/wordpress\/plugins\/seo\/ -->\n<title>Kardemomme par: bienvenue dans la ville du livre de contes de la Norv\u00e8ge<\/title>\n<meta name=\"robots\" content=\"index, follow, max-snippet:-1, max-image-preview:large, max-video-preview:-1\" \/>\n<link rel=\"canonical\" href=\"https:\/\/www.svalbard.fr\/actualites\/kardemomme-par-bienvenue-dans-la-ville-du-livre-de-contes-de-la-norvege\/\" \/>\n<meta property=\"og:locale\" content=\"fr_FR\" \/>\n<meta property=\"og:type\" content=\"article\" \/>\n<meta property=\"og:title\" content=\"Kardemomme par: bienvenue dans la ville du livre de contes de la Norv\u00e8ge\" \/>\n<meta property=\"og:description\" content=\"La nostalgie domine dans la ville du livre de la vie de la Norv\u00e8ge o\u00f9 les souvenirs d&#039;enfance prennent vie. Bas\u00e9 sur le r\u00e9cit bien-aim\u00e9\" \/>\n<meta property=\"og:url\" content=\"https:\/\/www.svalbard.fr\/actualites\/kardemomme-par-bienvenue-dans-la-ville-du-livre-de-contes-de-la-norvege\/\" \/>\n<meta property=\"og:site_name\" content=\"www.Svalbard.fr\" \/>\n<meta property=\"article:published_time\" content=\"2025-02-26T14:20:10+00:00\" \/>\n<meta property=\"og:image\" content=\"https:\/\/www.svalbard.fr\/actualites\/wp-content\/uploads\/2025\/02\/Kardemomme-par-bienvenue-dans-la-ville-du-livre-de-contes.jpg\" \/>\n<meta name=\"author\" content=\"Hilmar\" \/>\n<meta name=\"twitter:card\" content=\"summary_large_image\" \/>\n<meta name=\"twitter:label1\" content=\"\u00c9crit par\" \/>\n\t<meta name=\"twitter:data1\" content=\"Hilmar\" \/>\n\t<meta name=\"twitter:label2\" content=\"Dur\u00e9e de lecture estim\u00e9e\" \/>\n\t<meta name=\"twitter:data2\" content=\"4 minutes\" \/>\n<script type=\"application\/ld+json\" class=\"yoast-schema-graph\">{\"@context\":\"https:\/\/schema.org\",\"@graph\":[{\"@type\":\"Article\",\"@id\":\"https:\/\/www.svalbard.fr\/actualites\/kardemomme-par-bienvenue-dans-la-ville-du-livre-de-contes-de-la-norvege\/#article\",\"isPartOf\":{\"@id\":\"https:\/\/www.svalbard.fr\/actualites\/kardemomme-par-bienvenue-dans-la-ville-du-livre-de-contes-de-la-norvege\/\"},\"author\":{\"name\":\"Hilmar\",\"@id\":\"https:\/\/www.svalbard.fr\/actualites\/#\/schema\/person\/a2f937d5712222366738fae98755c600\"},\"headline\":\"Kardemomme par: bienvenue dans la ville du livre de contes de la Norv\u00e8ge\",\"datePublished\":\"2025-02-26T14:20:10+00:00\",\"dateModified\":\"2025-02-26T14:20:10+00:00\",\"mainEntityOfPage\":{\"@id\":\"https:\/\/www.svalbard.fr\/actualites\/kardemomme-par-bienvenue-dans-la-ville-du-livre-de-contes-de-la-norvege\/\"},\"wordCount\":825,\"publisher\":{\"@id\":\"https:\/\/www.svalbard.fr\/actualites\/#organization\"},\"keywords\":[\"bienvenue\",\"contes\",\"dans\",\"Kardemomme\",\"livre\",\"Norv\u00e8ge\",\"par\",\"ville\"],\"articleSection\":[\"Svalbard\"],\"inLanguage\":\"fr-FR\"},{\"@type\":\"WebPage\",\"@id\":\"https:\/\/www.svalbard.fr\/actualites\/kardemomme-par-bienvenue-dans-la-ville-du-livre-de-contes-de-la-norvege\/\",\"url\":\"https:\/\/www.svalbard.fr\/actualites\/kardemomme-par-bienvenue-dans-la-ville-du-livre-de-contes-de-la-norvege\/\",\"name\":\"Kardemomme par: bienvenue dans la ville du livre de contes de la Norv\u00e8ge\",\"isPartOf\":{\"@id\":\"https:\/\/www.svalbard.fr\/actualites\/#website\"},\"datePublished\":\"2025-02-26T14:20:10+00:00\",\"dateModified\":\"2025-02-26T14:20:10+00:00\",\"breadcrumb\":{\"@id\":\"https:\/\/www.svalbard.fr\/actualites\/kardemomme-par-bienvenue-dans-la-ville-du-livre-de-contes-de-la-norvege\/#breadcrumb\"},\"inLanguage\":\"fr-FR\",\"potentialAction\":[{\"@type\":\"ReadAction\",\"target\":[\"https:\/\/www.svalbard.fr\/actualites\/kardemomme-par-bienvenue-dans-la-ville-du-livre-de-contes-de-la-norvege\/\"]}]},{\"@type\":\"BreadcrumbList\",\"@id\":\"https:\/\/www.svalbard.fr\/actualites\/kardemomme-par-bienvenue-dans-la-ville-du-livre-de-contes-de-la-norvege\/#breadcrumb\",\"itemListElement\":[{\"@type\":\"ListItem\",\"position\":1,\"name\":\"Accueil\",\"item\":\"https:\/\/www.svalbard.fr\/actualites\/\"},{\"@type\":\"ListItem\",\"position\":2,\"name\":\"Kardemomme par: bienvenue dans la ville du livre de contes de la Norv\u00e8ge\"}]},{\"@type\":\"WebSite\",\"@id\":\"https:\/\/www.svalbard.fr\/actualites\/#website\",\"url\":\"https:\/\/www.svalbard.fr\/actualites\/\",\"name\":\"www.Svalbard.fr\",\"description\":\"\",\"publisher\":{\"@id\":\"https:\/\/www.svalbard.fr\/actualites\/#organization\"},\"potentialAction\":[{\"@type\":\"SearchAction\",\"target\":{\"@type\":\"EntryPoint\",\"urlTemplate\":\"https:\/\/www.svalbard.fr\/actualites\/?s={search_term_string}\"},\"query-input\":\"required name=search_term_string\"}],\"inLanguage\":\"fr-FR\"},{\"@type\":\"Organization\",\"@id\":\"https:\/\/www.svalbard.fr\/actualites\/#organization\",\"name\":\"www.Svalbard.fr\",\"url\":\"https:\/\/www.svalbard.fr\/actualites\/\",\"logo\":{\"@type\":\"ImageObject\",\"inLanguage\":\"fr-FR\",\"@id\":\"https:\/\/www.svalbard.fr\/actualites\/#\/schema\/logo\/image\/\",\"url\":\"https:\/\/www.svalbard.fr\/actualites\/wp-content\/uploads\/2023\/09\/head-nom.jpg\",\"contentUrl\":\"https:\/\/www.svalbard.fr\/actualites\/wp-content\/uploads\/2023\/09\/head-nom.jpg\",\"width\":264,\"height\":35,\"caption\":\"www.Svalbard.fr\"},\"image\":{\"@id\":\"https:\/\/www.svalbard.fr\/actualites\/#\/schema\/logo\/image\/\"}},{\"@type\":\"Person\",\"@id\":\"https:\/\/www.svalbard.fr\/actualites\/#\/schema\/person\/a2f937d5712222366738fae98755c600\",\"name\":\"Hilmar\",\"image\":{\"@type\":\"ImageObject\",\"inLanguage\":\"fr-FR\",\"@id\":\"https:\/\/www.svalbard.fr\/actualites\/#\/schema\/person\/image\/\",\"url\":\"https:\/\/secure.gravatar.com\/avatar\/4daa437093476dbc32da415c112b6512?s=96&d=mm&r=g\",\"contentUrl\":\"https:\/\/secure.gravatar.com\/avatar\/4daa437093476dbc32da415c112b6512?s=96&d=mm&r=g\",\"caption\":\"Hilmar\"},\"description\":\"Hilmar est un passionn\u00e9 des r\u00e9gions polaires, sp\u00e9cialis\u00e9 dans la r\u00e9daction d'articles sur le Spitzberg et autres destinations arctiques. Il apporte son expertise et sa passion pour l'Arctique au sein de l'\u00e9quipe de r\u00e9daction de Svalbard depuis de nombreuses ann\u00e9es.\",\"sameAs\":[\"https:\/\/www.svalbard.fr\/\"]}]}<\/script>\n<!-- \/ Yoast SEO plugin. -->","yoast_head_json":{"title":"Kardemomme par: bienvenue dans la ville du livre de contes de la Norv\u00e8ge","robots":{"index":"index","follow":"follow","max-snippet":"max-snippet:-1","max-image-preview":"max-image-preview:large","max-video-preview":"max-video-preview:-1"},"canonical":"https:\/\/www.svalbard.fr\/actualites\/kardemomme-par-bienvenue-dans-la-ville-du-livre-de-contes-de-la-norvege\/","og_locale":"fr_FR","og_type":"article","og_title":"Kardemomme par: bienvenue dans la ville du livre de contes de la Norv\u00e8ge","og_description":"La nostalgie domine dans la ville du livre de la vie de la Norv\u00e8ge o\u00f9 les souvenirs d&#39;enfance prennent vie. Bas\u00e9 sur le r\u00e9cit bien-aim\u00e9","og_url":"https:\/\/www.svalbard.fr\/actualites\/kardemomme-par-bienvenue-dans-la-ville-du-livre-de-contes-de-la-norvege\/","og_site_name":"www.Svalbard.fr","article_published_time":"2025-02-26T14:20:10+00:00","og_image":[{"url":"https:\/\/www.svalbard.fr\/actualites\/wp-content\/uploads\/2025\/02\/Kardemomme-par-bienvenue-dans-la-ville-du-livre-de-contes.jpg"}],"author":"Hilmar","twitter_card":"summary_large_image","twitter_misc":{"\u00c9crit par":"Hilmar","Dur\u00e9e de lecture estim\u00e9e":"4 minutes"},"schema":{"@context":"https:\/\/schema.org","@graph":[{"@type":"Article","@id":"https:\/\/www.svalbard.fr\/actualites\/kardemomme-par-bienvenue-dans-la-ville-du-livre-de-contes-de-la-norvege\/#article","isPartOf":{"@id":"https:\/\/www.svalbard.fr\/actualites\/kardemomme-par-bienvenue-dans-la-ville-du-livre-de-contes-de-la-norvege\/"},"author":{"name":"Hilmar","@id":"https:\/\/www.svalbard.fr\/actualites\/#\/schema\/person\/a2f937d5712222366738fae98755c600"},"headline":"Kardemomme par: bienvenue dans la ville du livre de contes de la Norv\u00e8ge","datePublished":"2025-02-26T14:20:10+00:00","dateModified":"2025-02-26T14:20:10+00:00","mainEntityOfPage":{"@id":"https:\/\/www.svalbard.fr\/actualites\/kardemomme-par-bienvenue-dans-la-ville-du-livre-de-contes-de-la-norvege\/"},"wordCount":825,"publisher":{"@id":"https:\/\/www.svalbard.fr\/actualites\/#organization"},"keywords":["bienvenue","contes","dans","Kardemomme","livre","Norv\u00e8ge","par","ville"],"articleSection":["Svalbard"],"inLanguage":"fr-FR"},{"@type":"WebPage","@id":"https:\/\/www.svalbard.fr\/actualites\/kardemomme-par-bienvenue-dans-la-ville-du-livre-de-contes-de-la-norvege\/","url":"https:\/\/www.svalbard.fr\/actualites\/kardemomme-par-bienvenue-dans-la-ville-du-livre-de-contes-de-la-norvege\/","name":"Kardemomme par: bienvenue dans la ville du livre de contes de la Norv\u00e8ge","isPartOf":{"@id":"https:\/\/www.svalbard.fr\/actualites\/#website"},"datePublished":"2025-02-26T14:20:10+00:00","dateModified":"2025-02-26T14:20:10+00:00","breadcrumb":{"@id":"https:\/\/www.svalbard.fr\/actualites\/kardemomme-par-bienvenue-dans-la-ville-du-livre-de-contes-de-la-norvege\/#breadcrumb"},"inLanguage":"fr-FR","potentialAction":[{"@type":"ReadAction","target":["https:\/\/www.svalbard.fr\/actualites\/kardemomme-par-bienvenue-dans-la-ville-du-livre-de-contes-de-la-norvege\/"]}]},{"@type":"BreadcrumbList","@id":"https:\/\/www.svalbard.fr\/actualites\/kardemomme-par-bienvenue-dans-la-ville-du-livre-de-contes-de-la-norvege\/#breadcrumb","itemListElement":[{"@type":"ListItem","position":1,"name":"Accueil","item":"https:\/\/www.svalbard.fr\/actualites\/"},{"@type":"ListItem","position":2,"name":"Kardemomme par: bienvenue dans la ville du livre de contes de la Norv\u00e8ge"}]},{"@type":"WebSite","@id":"https:\/\/www.svalbard.fr\/actualites\/#website","url":"https:\/\/www.svalbard.fr\/actualites\/","name":"www.Svalbard.fr","description":"","publisher":{"@id":"https:\/\/www.svalbard.fr\/actualites\/#organization"},"potentialAction":[{"@type":"SearchAction","target":{"@type":"EntryPoint","urlTemplate":"https:\/\/www.svalbard.fr\/actualites\/?s={search_term_string}"},"query-input":"required name=search_term_string"}],"inLanguage":"fr-FR"},{"@type":"Organization","@id":"https:\/\/www.svalbard.fr\/actualites\/#organization","name":"www.Svalbard.fr","url":"https:\/\/www.svalbard.fr\/actualites\/","logo":{"@type":"ImageObject","inLanguage":"fr-FR","@id":"https:\/\/www.svalbard.fr\/actualites\/#\/schema\/logo\/image\/","url":"https:\/\/www.svalbard.fr\/actualites\/wp-content\/uploads\/2023\/09\/head-nom.jpg","contentUrl":"https:\/\/www.svalbard.fr\/actualites\/wp-content\/uploads\/2023\/09\/head-nom.jpg","width":264,"height":35,"caption":"www.Svalbard.fr"},"image":{"@id":"https:\/\/www.svalbard.fr\/actualites\/#\/schema\/logo\/image\/"}},{"@type":"Person","@id":"https:\/\/www.svalbard.fr\/actualites\/#\/schema\/person\/a2f937d5712222366738fae98755c600","name":"Hilmar","image":{"@type":"ImageObject","inLanguage":"fr-FR","@id":"https:\/\/www.svalbard.fr\/actualites\/#\/schema\/person\/image\/","url":"https:\/\/secure.gravatar.com\/avatar\/4daa437093476dbc32da415c112b6512?s=96&d=mm&r=g","contentUrl":"https:\/\/secure.gravatar.com\/avatar\/4daa437093476dbc32da415c112b6512?s=96&d=mm&r=g","caption":"Hilmar"},"description":"Hilmar est un passionn\u00e9 des r\u00e9gions polaires, sp\u00e9cialis\u00e9 dans la r\u00e9daction d'articles sur le Spitzberg et autres destinations arctiques. Il apporte son expertise et sa passion pour l'Arctique au sein de l'\u00e9quipe de r\u00e9daction de Svalbard depuis de nombreuses ann\u00e9es.","sameAs":["https:\/\/www.svalbard.fr\/"]}]}},"_links":{"self":[{"href":"https:\/\/www.svalbard.fr\/actualites\/wp-json\/wp\/v2\/posts\/2606"}],"collection":[{"href":"https:\/\/www.svalbard.fr\/actualites\/wp-json\/wp\/v2\/posts"}],"about":[{"href":"https:\/\/www.svalbard.fr\/actualites\/wp-json\/wp\/v2\/types\/post"}],"author":[{"embeddable":true,"href":"https:\/\/www.svalbard.fr\/actualites\/wp-json\/wp\/v2\/users\/1"}],"replies":[{"embeddable":true,"href":"https:\/\/www.svalbard.fr\/actualites\/wp-json\/wp\/v2\/comments?post=2606"}],"version-history":[{"count":0,"href":"https:\/\/www.svalbard.fr\/actualites\/wp-json\/wp\/v2\/posts\/2606\/revisions"}],"wp:featuredmedia":[{"embeddable":true,"href":"https:\/\/www.svalbard.fr\/actualites\/wp-json\/wp\/v2\/media\/2607"}],"wp:attachment":[{"href":"https:\/\/www.svalbard.fr\/actualites\/wp-json\/wp\/v2\/media?parent=2606"}],"wp:term":[{"taxonomy":"category","embeddable":true,"href":"https:\/\/www.svalbard.fr\/actualites\/wp-json\/wp\/v2\/categories?post=2606"},{"taxonomy":"post_tag","embeddable":true,"href":"https:\/\/www.svalbard.fr\/actualites\/wp-json\/wp\/v2\/tags?post=2606"}],"curies":[{"name":"wp","href":"https:\/\/api.w.org\/{rel}","templated":true}]}}