{"id":261,"date":"2023-11-17T03:55:26","date_gmt":"2023-11-17T02:55:26","guid":{"rendered":"https:\/\/www.svalbard.fr\/actualites\/un-navire-de-croisiere-de-luxe-bloque-pendant-des-jours-dans-larctique-et-certains-passagers-ont-meme-le-covid\/"},"modified":"2023-11-17T03:55:29","modified_gmt":"2023-11-17T02:55:29","slug":"un-navire-de-croisiere-de-luxe-bloque-pendant-des-jours-dans-larctique-et-certains-passagers-ont-meme-le-covid","status":"publish","type":"post","link":"https:\/\/www.svalbard.fr\/actualites\/un-navire-de-croisiere-de-luxe-bloque-pendant-des-jours-dans-larctique-et-certains-passagers-ont-meme-le-covid\/","title":{"rendered":"Un navire de croisi\u00e8re de luxe bloqu\u00e9 pendant des jours dans l\u2019Arctique et certains passagers ont m\u00eame le Covid"},"content":{"rendered":"<div>\n<p>Un navire de croisi\u00e8re de luxe est rest\u00e9 bloqu\u00e9 dans une r\u00e9gion isol\u00e9e et glaciale du Groenland avec \u00e0 son bord des passagers infect\u00e9s par Covid.<\/p>\n<p>Le MV Ocean Explorer du croisi\u00e9riste australien Aurora Expeditions transportait 206 passagers et membres d&rsquo;\u00e9quipage lorsque le navire sophistiqu\u00e9 s&rsquo;est retrouv\u00e9 coinc\u00e9 alors qu&rsquo;il visitait un parc national du nord-est du Groenland.<\/p>\n<p>L&rsquo;aide la plus proche se trouve \u00e0 un long voyage, ce qui signifie que les personnes \u00e0 bord doivent attendre des jours.<\/p>\n<p>Le navire d&rsquo;inspection le plus proche, le Knud Rasmussen, a \u00e9t\u00e9 d\u00e9p\u00each\u00e9 pour apporter son aide, mais il a d\u00fb parcourir un parcours stup\u00e9fiant de 1 200 milles marins (2 222 kilom\u00e8tres) pour arriver au navire.<\/p>\n<p>Pire encore, deux personnes \u00e0 bord du bateau de croisi\u00e8re sont infect\u00e9es par le COVID-19, a d\u00e9clar\u00e9 un passager australien au Sydney Morning Herald.<\/p>\n<\/div>\n<div>\n<p>Steven Fraser a d\u00e9clar\u00e9 au m\u00e9dia : \u00ab Nous avons quelques cas de COVID, mais il y a un m\u00e9decin \u00e0 bord. \u00bb<\/p>\n<p>D\u00e9sormais, les passagers de l&rsquo;Ocean Explorer devront rester sur place jusqu&rsquo;\u00e0 vendredi.  C&rsquo;est apparemment le moment le plus t\u00f4t o\u00f9 un navire peut atteindre le navire pour obtenir de l&rsquo;aide.<\/p>\n<p>Le Cmdr Brian Jensen, du commandement conjoint de la marine danoise dans l&rsquo;Arctique, a d\u00e9clar\u00e9 mardi dans un communiqu\u00e9 : \u00ab Un bateau de croisi\u00e8re en difficult\u00e9 dans le parc national est \u00e9videmment une source d&rsquo;inqui\u00e9tude.<\/p>\n<p>\u00ab Les secours les plus proches sont loin, nos unit\u00e9s sont loin et la m\u00e9t\u00e9o peut \u00eatre tr\u00e8s d\u00e9favorable.<\/p>\n<p>\u00ab\u00a0Cependant, dans cette situation pr\u00e9cise, nous ne voyons aucun danger imm\u00e9diat pour la vie humaine ou l&rsquo;environnement, ce qui est rassurant.\u00a0\u00bb<\/p>\n<\/div>\n<div>\n<p>Autre bonne nouvelle, le navire de 104 m\u00e8tres de long est \u00e9quip\u00e9 de 10 types diff\u00e9rents de suites et de cabines.<\/p>\n<p>Ils s&rsquo;\u00e9tendent entre 122 et 600 pieds carr\u00e9s.  Il dispose \u00e9galement d&rsquo;une salle de sport, d&rsquo;un centre de bien-\u00eatre, d&rsquo;un spa, d&rsquo;un atrium en verre et d&rsquo;une terrasse d&rsquo;observation spectaculaire.<\/p>\n<p>Le site Web d&rsquo;Aurora Expeditions indique \u00e9galement que les croisi\u00e8res de 30 jours peuvent co\u00fbter aux passagers jusqu&rsquo;\u00e0 38 895 $ par personne.<\/p>\n<p>On pense que la plupart des passagers \u00e0 bord sont australiens, mais il y a \u00e9galement des touristes de Nouvelle-Z\u00e9lande, du Royaume-Uni, des \u00c9tats-Unis et de Cor\u00e9e du Sud \u00e0 bord du navire.<\/p>\n<p>Gina Hill, une autre passag\u00e8re australienne, a d\u00e9clar\u00e9 avoir ressenti un frisson lorsque le navire s&rsquo;est retrouv\u00e9 coinc\u00e9 pour la premi\u00e8re fois.<\/p>\n<\/div>\n<div>\n<p>Mais elle a not\u00e9 que les passagers ne sont pas trop enlis\u00e9s et ont \u00e9t\u00e9 divertis par les conf\u00e9rences et les r\u00e9cits d&rsquo;exp\u00e9ditions de l&rsquo;\u00e9quipage.<\/p>\n<p>Elle a d\u00e9clar\u00e9 : \u00ab Personne ne semble avoir peur et ils nous donnent des nouvelles assez r\u00e9guli\u00e8rement. \u00bb<\/p>\n<p>Le navire d&rsquo;Aurora Expeditions a \u00e9t\u00e9 \u00ab sp\u00e9cialement construit pour les voyages d&rsquo;exp\u00e9dition vers les destinations les plus recul\u00e9es du monde \u00bb, selon son site officiel.<\/p>\n<p>Le navire devait rentrer au port le 22 septembre. Le gouvernement du Groenland, l&rsquo;autorit\u00e9 maritime danoise et le comit\u00e9 danois d&rsquo;enqu\u00eate sur les accidents ont \u00e9t\u00e9 inform\u00e9s que le navire s&rsquo;est \u00e9chou\u00e9.<\/p>\n<p>Aurora Expeditions a d\u00e9clar\u00e9 : \u00ab Nous sommes activement engag\u00e9s dans les efforts visant \u00e0 lib\u00e9rer le MV Ocean Explorer de son \u00e9chouement.  Notre principal engagement est d&rsquo;assurer la r\u00e9cup\u00e9ration du navire sans compromettre la s\u00e9curit\u00e9.<\/p>\n<p>\u00ab\u00a0Nous avons \u00e9galement obtenu le soutien d&rsquo;autres navires \u00e0 proximit\u00e9 si leur assistance s&rsquo;av\u00e9rait n\u00e9cessaire.\u00a0\u00bb<\/p>\n<p><strong>Suivez nos comptes de r\u00e9seaux sociaux ici sur facebook.com\/ExpressUSNews et @expressusnews<\/strong><\/p>\n<\/div>\n","protected":false},"excerpt":{"rendered":"<p>Un navire de croisi\u00e8re de luxe est rest\u00e9 bloqu\u00e9 dans une r\u00e9gion isol\u00e9e et glaciale du Groenland avec \u00e0 son bord des passagers infect\u00e9s par<\/p>\n","protected":false},"author":1,"featured_media":262,"comment_status":"closed","ping_status":"","sticky":false,"template":"","format":"standard","meta":{"footnotes":""},"categories":[1],"tags":[400,401,403,82,54,8,42,70,399,138,340,122,402,197],"yoast_head":"<!-- This site is optimized with the Yoast SEO plugin v21.0 - https:\/\/yoast.com\/wordpress\/plugins\/seo\/ -->\n<title>Un navire de croisi\u00e8re de luxe bloqu\u00e9 pendant des jours dans l\u2019Arctique et certains passagers ont m\u00eame le Covid<\/title>\n<meta name=\"robots\" content=\"index, follow, max-snippet:-1, max-image-preview:large, max-video-preview:-1\" \/>\n<link rel=\"canonical\" href=\"https:\/\/www.svalbard.fr\/actualites\/un-navire-de-croisiere-de-luxe-bloque-pendant-des-jours-dans-larctique-et-certains-passagers-ont-meme-le-covid\/\" \/>\n<meta property=\"og:locale\" content=\"fr_FR\" \/>\n<meta property=\"og:type\" content=\"article\" \/>\n<meta property=\"og:title\" content=\"Un navire de croisi\u00e8re de luxe bloqu\u00e9 pendant des jours dans l\u2019Arctique et certains passagers ont m\u00eame le Covid\" \/>\n<meta property=\"og:description\" content=\"Un navire de croisi\u00e8re de luxe est rest\u00e9 bloqu\u00e9 dans une r\u00e9gion isol\u00e9e et glaciale du Groenland avec \u00e0 son bord des passagers infect\u00e9s par\" \/>\n<meta property=\"og:url\" content=\"https:\/\/www.svalbard.fr\/actualites\/un-navire-de-croisiere-de-luxe-bloque-pendant-des-jours-dans-larctique-et-certains-passagers-ont-meme-le-covid\/\" \/>\n<meta property=\"og:site_name\" content=\"www.Svalbard.fr\" \/>\n<meta property=\"article:published_time\" content=\"2023-11-17T02:55:26+00:00\" \/>\n<meta property=\"article:modified_time\" content=\"2023-11-17T02:55:29+00:00\" \/>\n<meta property=\"og:image\" content=\"https:\/\/www.svalbard.fr\/actualites\/wp-content\/uploads\/2023\/11\/Un-navire-de-croisiere-de-luxe-bloque-pendant-des-jours.jpg\" \/>\n\t<meta property=\"og:image:width\" content=\"1200\" \/>\n\t<meta property=\"og:image:height\" content=\"712\" \/>\n\t<meta property=\"og:image:type\" content=\"image\/jpeg\" \/>\n<meta name=\"author\" content=\"Hilmar\" \/>\n<meta name=\"twitter:card\" content=\"summary_large_image\" \/>\n<meta name=\"twitter:label1\" content=\"\u00c9crit par\" \/>\n\t<meta name=\"twitter:data1\" content=\"Hilmar\" \/>\n\t<meta name=\"twitter:label2\" content=\"Dur\u00e9e de lecture estim\u00e9e\" \/>\n\t<meta name=\"twitter:data2\" content=\"3 minutes\" \/>\n<script type=\"application\/ld+json\" class=\"yoast-schema-graph\">{\"@context\":\"https:\/\/schema.org\",\"@graph\":[{\"@type\":\"Article\",\"@id\":\"https:\/\/www.svalbard.fr\/actualites\/un-navire-de-croisiere-de-luxe-bloque-pendant-des-jours-dans-larctique-et-certains-passagers-ont-meme-le-covid\/#article\",\"isPartOf\":{\"@id\":\"https:\/\/www.svalbard.fr\/actualites\/un-navire-de-croisiere-de-luxe-bloque-pendant-des-jours-dans-larctique-et-certains-passagers-ont-meme-le-covid\/\"},\"author\":{\"name\":\"Hilmar\",\"@id\":\"https:\/\/www.svalbard.fr\/actualites\/#\/schema\/person\/a2f937d5712222366738fae98755c600\"},\"headline\":\"Un navire de croisi\u00e8re de luxe bloqu\u00e9 pendant des jours dans l\u2019Arctique et certains passagers ont m\u00eame le Covid\",\"datePublished\":\"2023-11-17T02:55:26+00:00\",\"dateModified\":\"2023-11-17T02:55:29+00:00\",\"mainEntityOfPage\":{\"@id\":\"https:\/\/www.svalbard.fr\/actualites\/un-navire-de-croisiere-de-luxe-bloque-pendant-des-jours-dans-larctique-et-certains-passagers-ont-meme-le-covid\/\"},\"wordCount\":612,\"publisher\":{\"@id\":\"https:\/\/www.svalbard.fr\/actualites\/#organization\"},\"keywords\":[\"bloqu\u00e9\",\"certains\",\"Covid\",\"croisi\u00e8re\",\"dans\",\"des\",\"jours\",\"lArctique\",\"luxe\",\"m\u00eame\",\"navire\",\"ont\",\"passagers\",\"Pendant\"],\"articleSection\":[\"Svalbard\"],\"inLanguage\":\"fr-FR\"},{\"@type\":\"WebPage\",\"@id\":\"https:\/\/www.svalbard.fr\/actualites\/un-navire-de-croisiere-de-luxe-bloque-pendant-des-jours-dans-larctique-et-certains-passagers-ont-meme-le-covid\/\",\"url\":\"https:\/\/www.svalbard.fr\/actualites\/un-navire-de-croisiere-de-luxe-bloque-pendant-des-jours-dans-larctique-et-certains-passagers-ont-meme-le-covid\/\",\"name\":\"Un navire de croisi\u00e8re de luxe bloqu\u00e9 pendant des jours dans l\u2019Arctique et certains passagers ont m\u00eame le Covid\",\"isPartOf\":{\"@id\":\"https:\/\/www.svalbard.fr\/actualites\/#website\"},\"datePublished\":\"2023-11-17T02:55:26+00:00\",\"dateModified\":\"2023-11-17T02:55:29+00:00\",\"breadcrumb\":{\"@id\":\"https:\/\/www.svalbard.fr\/actualites\/un-navire-de-croisiere-de-luxe-bloque-pendant-des-jours-dans-larctique-et-certains-passagers-ont-meme-le-covid\/#breadcrumb\"},\"inLanguage\":\"fr-FR\",\"potentialAction\":[{\"@type\":\"ReadAction\",\"target\":[\"https:\/\/www.svalbard.fr\/actualites\/un-navire-de-croisiere-de-luxe-bloque-pendant-des-jours-dans-larctique-et-certains-passagers-ont-meme-le-covid\/\"]}]},{\"@type\":\"BreadcrumbList\",\"@id\":\"https:\/\/www.svalbard.fr\/actualites\/un-navire-de-croisiere-de-luxe-bloque-pendant-des-jours-dans-larctique-et-certains-passagers-ont-meme-le-covid\/#breadcrumb\",\"itemListElement\":[{\"@type\":\"ListItem\",\"position\":1,\"name\":\"Accueil\",\"item\":\"https:\/\/www.svalbard.fr\/actualites\/\"},{\"@type\":\"ListItem\",\"position\":2,\"name\":\"Un navire de croisi\u00e8re de luxe bloqu\u00e9 pendant des jours dans l\u2019Arctique et certains passagers ont m\u00eame le Covid\"}]},{\"@type\":\"WebSite\",\"@id\":\"https:\/\/www.svalbard.fr\/actualites\/#website\",\"url\":\"https:\/\/www.svalbard.fr\/actualites\/\",\"name\":\"www.Svalbard.fr\",\"description\":\"\",\"publisher\":{\"@id\":\"https:\/\/www.svalbard.fr\/actualites\/#organization\"},\"potentialAction\":[{\"@type\":\"SearchAction\",\"target\":{\"@type\":\"EntryPoint\",\"urlTemplate\":\"https:\/\/www.svalbard.fr\/actualites\/?s={search_term_string}\"},\"query-input\":\"required name=search_term_string\"}],\"inLanguage\":\"fr-FR\"},{\"@type\":\"Organization\",\"@id\":\"https:\/\/www.svalbard.fr\/actualites\/#organization\",\"name\":\"www.Svalbard.fr\",\"url\":\"https:\/\/www.svalbard.fr\/actualites\/\",\"logo\":{\"@type\":\"ImageObject\",\"inLanguage\":\"fr-FR\",\"@id\":\"https:\/\/www.svalbard.fr\/actualites\/#\/schema\/logo\/image\/\",\"url\":\"https:\/\/www.svalbard.fr\/actualites\/wp-content\/uploads\/2023\/09\/head-nom.jpg\",\"contentUrl\":\"https:\/\/www.svalbard.fr\/actualites\/wp-content\/uploads\/2023\/09\/head-nom.jpg\",\"width\":264,\"height\":35,\"caption\":\"www.Svalbard.fr\"},\"image\":{\"@id\":\"https:\/\/www.svalbard.fr\/actualites\/#\/schema\/logo\/image\/\"}},{\"@type\":\"Person\",\"@id\":\"https:\/\/www.svalbard.fr\/actualites\/#\/schema\/person\/a2f937d5712222366738fae98755c600\",\"name\":\"Hilmar\",\"image\":{\"@type\":\"ImageObject\",\"inLanguage\":\"fr-FR\",\"@id\":\"https:\/\/www.svalbard.fr\/actualites\/#\/schema\/person\/image\/\",\"url\":\"https:\/\/secure.gravatar.com\/avatar\/4daa437093476dbc32da415c112b6512?s=96&d=mm&r=g\",\"contentUrl\":\"https:\/\/secure.gravatar.com\/avatar\/4daa437093476dbc32da415c112b6512?s=96&d=mm&r=g\",\"caption\":\"Hilmar\"},\"description\":\"Hilmar est un passionn\u00e9 des r\u00e9gions polaires, sp\u00e9cialis\u00e9 dans la r\u00e9daction d'articles sur le Spitzberg et autres destinations arctiques. Il apporte son expertise et sa passion pour l'Arctique au sein de l'\u00e9quipe de r\u00e9daction de Svalbard depuis de nombreuses ann\u00e9es.\",\"sameAs\":[\"https:\/\/www.svalbard.fr\/\"]}]}<\/script>\n<!-- \/ Yoast SEO plugin. -->","yoast_head_json":{"title":"Un navire de croisi\u00e8re de luxe bloqu\u00e9 pendant des jours dans l\u2019Arctique et certains passagers ont m\u00eame le Covid","robots":{"index":"index","follow":"follow","max-snippet":"max-snippet:-1","max-image-preview":"max-image-preview:large","max-video-preview":"max-video-preview:-1"},"canonical":"https:\/\/www.svalbard.fr\/actualites\/un-navire-de-croisiere-de-luxe-bloque-pendant-des-jours-dans-larctique-et-certains-passagers-ont-meme-le-covid\/","og_locale":"fr_FR","og_type":"article","og_title":"Un navire de croisi\u00e8re de luxe bloqu\u00e9 pendant des jours dans l\u2019Arctique et certains passagers ont m\u00eame le Covid","og_description":"Un navire de croisi\u00e8re de luxe est rest\u00e9 bloqu\u00e9 dans une r\u00e9gion isol\u00e9e et glaciale du Groenland avec \u00e0 son bord des passagers infect\u00e9s par","og_url":"https:\/\/www.svalbard.fr\/actualites\/un-navire-de-croisiere-de-luxe-bloque-pendant-des-jours-dans-larctique-et-certains-passagers-ont-meme-le-covid\/","og_site_name":"www.Svalbard.fr","article_published_time":"2023-11-17T02:55:26+00:00","article_modified_time":"2023-11-17T02:55:29+00:00","og_image":[{"width":1200,"height":712,"url":"https:\/\/www.svalbard.fr\/actualites\/wp-content\/uploads\/2023\/11\/Un-navire-de-croisiere-de-luxe-bloque-pendant-des-jours.jpg","type":"image\/jpeg"}],"author":"Hilmar","twitter_card":"summary_large_image","twitter_misc":{"\u00c9crit par":"Hilmar","Dur\u00e9e de lecture estim\u00e9e":"3 minutes"},"schema":{"@context":"https:\/\/schema.org","@graph":[{"@type":"Article","@id":"https:\/\/www.svalbard.fr\/actualites\/un-navire-de-croisiere-de-luxe-bloque-pendant-des-jours-dans-larctique-et-certains-passagers-ont-meme-le-covid\/#article","isPartOf":{"@id":"https:\/\/www.svalbard.fr\/actualites\/un-navire-de-croisiere-de-luxe-bloque-pendant-des-jours-dans-larctique-et-certains-passagers-ont-meme-le-covid\/"},"author":{"name":"Hilmar","@id":"https:\/\/www.svalbard.fr\/actualites\/#\/schema\/person\/a2f937d5712222366738fae98755c600"},"headline":"Un navire de croisi\u00e8re de luxe bloqu\u00e9 pendant des jours dans l\u2019Arctique et certains passagers ont m\u00eame le Covid","datePublished":"2023-11-17T02:55:26+00:00","dateModified":"2023-11-17T02:55:29+00:00","mainEntityOfPage":{"@id":"https:\/\/www.svalbard.fr\/actualites\/un-navire-de-croisiere-de-luxe-bloque-pendant-des-jours-dans-larctique-et-certains-passagers-ont-meme-le-covid\/"},"wordCount":612,"publisher":{"@id":"https:\/\/www.svalbard.fr\/actualites\/#organization"},"keywords":["bloqu\u00e9","certains","Covid","croisi\u00e8re","dans","des","jours","lArctique","luxe","m\u00eame","navire","ont","passagers","Pendant"],"articleSection":["Svalbard"],"inLanguage":"fr-FR"},{"@type":"WebPage","@id":"https:\/\/www.svalbard.fr\/actualites\/un-navire-de-croisiere-de-luxe-bloque-pendant-des-jours-dans-larctique-et-certains-passagers-ont-meme-le-covid\/","url":"https:\/\/www.svalbard.fr\/actualites\/un-navire-de-croisiere-de-luxe-bloque-pendant-des-jours-dans-larctique-et-certains-passagers-ont-meme-le-covid\/","name":"Un navire de croisi\u00e8re de luxe bloqu\u00e9 pendant des jours dans l\u2019Arctique et certains passagers ont m\u00eame le Covid","isPartOf":{"@id":"https:\/\/www.svalbard.fr\/actualites\/#website"},"datePublished":"2023-11-17T02:55:26+00:00","dateModified":"2023-11-17T02:55:29+00:00","breadcrumb":{"@id":"https:\/\/www.svalbard.fr\/actualites\/un-navire-de-croisiere-de-luxe-bloque-pendant-des-jours-dans-larctique-et-certains-passagers-ont-meme-le-covid\/#breadcrumb"},"inLanguage":"fr-FR","potentialAction":[{"@type":"ReadAction","target":["https:\/\/www.svalbard.fr\/actualites\/un-navire-de-croisiere-de-luxe-bloque-pendant-des-jours-dans-larctique-et-certains-passagers-ont-meme-le-covid\/"]}]},{"@type":"BreadcrumbList","@id":"https:\/\/www.svalbard.fr\/actualites\/un-navire-de-croisiere-de-luxe-bloque-pendant-des-jours-dans-larctique-et-certains-passagers-ont-meme-le-covid\/#breadcrumb","itemListElement":[{"@type":"ListItem","position":1,"name":"Accueil","item":"https:\/\/www.svalbard.fr\/actualites\/"},{"@type":"ListItem","position":2,"name":"Un navire de croisi\u00e8re de luxe bloqu\u00e9 pendant des jours dans l\u2019Arctique et certains passagers ont m\u00eame le Covid"}]},{"@type":"WebSite","@id":"https:\/\/www.svalbard.fr\/actualites\/#website","url":"https:\/\/www.svalbard.fr\/actualites\/","name":"www.Svalbard.fr","description":"","publisher":{"@id":"https:\/\/www.svalbard.fr\/actualites\/#organization"},"potentialAction":[{"@type":"SearchAction","target":{"@type":"EntryPoint","urlTemplate":"https:\/\/www.svalbard.fr\/actualites\/?s={search_term_string}"},"query-input":"required name=search_term_string"}],"inLanguage":"fr-FR"},{"@type":"Organization","@id":"https:\/\/www.svalbard.fr\/actualites\/#organization","name":"www.Svalbard.fr","url":"https:\/\/www.svalbard.fr\/actualites\/","logo":{"@type":"ImageObject","inLanguage":"fr-FR","@id":"https:\/\/www.svalbard.fr\/actualites\/#\/schema\/logo\/image\/","url":"https:\/\/www.svalbard.fr\/actualites\/wp-content\/uploads\/2023\/09\/head-nom.jpg","contentUrl":"https:\/\/www.svalbard.fr\/actualites\/wp-content\/uploads\/2023\/09\/head-nom.jpg","width":264,"height":35,"caption":"www.Svalbard.fr"},"image":{"@id":"https:\/\/www.svalbard.fr\/actualites\/#\/schema\/logo\/image\/"}},{"@type":"Person","@id":"https:\/\/www.svalbard.fr\/actualites\/#\/schema\/person\/a2f937d5712222366738fae98755c600","name":"Hilmar","image":{"@type":"ImageObject","inLanguage":"fr-FR","@id":"https:\/\/www.svalbard.fr\/actualites\/#\/schema\/person\/image\/","url":"https:\/\/secure.gravatar.com\/avatar\/4daa437093476dbc32da415c112b6512?s=96&d=mm&r=g","contentUrl":"https:\/\/secure.gravatar.com\/avatar\/4daa437093476dbc32da415c112b6512?s=96&d=mm&r=g","caption":"Hilmar"},"description":"Hilmar est un passionn\u00e9 des r\u00e9gions polaires, sp\u00e9cialis\u00e9 dans la r\u00e9daction d'articles sur le Spitzberg et autres destinations arctiques. Il apporte son expertise et sa passion pour l'Arctique au sein de l'\u00e9quipe de r\u00e9daction de Svalbard depuis de nombreuses ann\u00e9es.","sameAs":["https:\/\/www.svalbard.fr\/"]}]}},"_links":{"self":[{"href":"https:\/\/www.svalbard.fr\/actualites\/wp-json\/wp\/v2\/posts\/261"}],"collection":[{"href":"https:\/\/www.svalbard.fr\/actualites\/wp-json\/wp\/v2\/posts"}],"about":[{"href":"https:\/\/www.svalbard.fr\/actualites\/wp-json\/wp\/v2\/types\/post"}],"author":[{"embeddable":true,"href":"https:\/\/www.svalbard.fr\/actualites\/wp-json\/wp\/v2\/users\/1"}],"replies":[{"embeddable":true,"href":"https:\/\/www.svalbard.fr\/actualites\/wp-json\/wp\/v2\/comments?post=261"}],"version-history":[{"count":1,"href":"https:\/\/www.svalbard.fr\/actualites\/wp-json\/wp\/v2\/posts\/261\/revisions"}],"predecessor-version":[{"id":263,"href":"https:\/\/www.svalbard.fr\/actualites\/wp-json\/wp\/v2\/posts\/261\/revisions\/263"}],"wp:featuredmedia":[{"embeddable":true,"href":"https:\/\/www.svalbard.fr\/actualites\/wp-json\/wp\/v2\/media\/262"}],"wp:attachment":[{"href":"https:\/\/www.svalbard.fr\/actualites\/wp-json\/wp\/v2\/media?parent=261"}],"wp:term":[{"taxonomy":"category","embeddable":true,"href":"https:\/\/www.svalbard.fr\/actualites\/wp-json\/wp\/v2\/categories?post=261"},{"taxonomy":"post_tag","embeddable":true,"href":"https:\/\/www.svalbard.fr\/actualites\/wp-json\/wp\/v2\/tags?post=261"}],"curies":[{"name":"wp","href":"https:\/\/api.w.org\/{rel}","templated":true}]}}