{"id":2615,"date":"2025-02-28T10:30:00","date_gmt":"2025-02-28T09:30:00","guid":{"rendered":"https:\/\/www.svalbard.fr\/actualites\/?p=2615"},"modified":"2025-02-27T07:03:12","modified_gmt":"2025-02-27T06:03:12","slug":"mercedes-eactros-600-ce-camion-electrique-offrant-500-km-dautonomie-passe-en-production","status":"publish","type":"post","link":"https:\/\/www.svalbard.fr\/actualites\/mercedes-eactros-600-ce-camion-electrique-offrant-500-km-dautonomie-passe-en-production\/","title":{"rendered":"Mercedes eActros 600 : ce camion \u00e9lectrique, offrant 500 km d\u2019autonomie, passe en production"},"content":{"rendered":"\n<p><strong><em>C\u2019est avec un enthousiasme palpable que l\u2019usine de W\u00f6rth en Allemagne entame la production du nouveau Mercedes eActros 600. Imaginez-vous, dans votre routine, d\u00e9couvrir que l\u2019un des g\u00e9ants du transport lance un camion \u00e9lectrique qui pourrait r\u00e9volutionner les trajets longue distance. J\u2019ai moi-m\u00eame \u00e9t\u00e9 surpris en lisant cette nouvelle, me rappelant les nombreuses innovations qui ont marqu\u00e9 l\u2019industrie automobile au fil des ann\u00e9es.<\/em><\/strong><\/p>\n\n\n\n<!--more-->\n\n\n\n<h2 class=\"wp-block-heading\">La production en s\u00e9rie \u00e0 W\u00f6rth<\/h2>\n\n\n\n<p>Le coup d\u2019envoi de la fabrication en s\u00e9rie a \u00e9t\u00e9 c\u00e9l\u00e9br\u00e9 par des personnalit\u00e9s influentes telles que Karin R\u00e5dstr\u00f6m, PDG d\u2019un grand groupe de transport, et Daniela Schmitt, ministre de l\u2019\u00c9conomie et des Transports du Land. Le eActros 600, qui s\u2019ajoute aux mod\u00e8les d\u00e9j\u00e0 \u00e9prouv\u00e9s comme l\u2019eActros 300\/400 et l\u2019eEconic, sera assembl\u00e9 dans le m\u00eame hall de production o\u00f9 l\u2019on fabrique encore des camions diesel. Cette particularit\u00e9 \u2013 la fabrication dans un unique espace \u2013 illustre parfaitement la <strong>modernisation<\/strong> des processus industriels, un changement qui me rappelle les r\u00e9cits de coll\u00e8gues passionn\u00e9s par les innovations technologiques dans leur m\u00e9tier. Pour plus d\u2019informations sur les \u00e9volutions du secteur, des organismes tels que l\u2019<strong>Agence Internationale de l\u2019<a href=\"https:\/\/www.svalbard.fr\/actualites\/le-geant-de-lenergie-norvegien-reduit-linvestissement-vert-de-4-milliards-de-livres-sterling-et-commence-a-creuser-pour-plus-dhuile-a-la-place\/\">\u00c9nergie<\/a><\/strong> offrent r\u00e9guli\u00e8rement des analyses pr\u00e9cises sur la transition \u00e9nerg\u00e9tique.<\/p>\n\n\n\n<h2 class=\"wp-block-heading\">Un v\u00e9hicule \u00e0 haute performance<\/h2>\n\n\n\n<p>Ce nouveau camion, \u00e9quip\u00e9 de trois packs de batteries d\u2019environ 207 kWh chacun, offre une <strong>autonomie de 500 km<\/strong>. Ce chiffre n\u2019est pas seulement une performance technique : il permet d\u2019envisager la r\u00e9alisation de trajets de plus de 1 000 km en une seule journ\u00e9e, une prouesse qui semble tout droit sortie d\u2019un film de science-fiction. Le mod\u00e8le est d\u00e9j\u00e0 dot\u00e9 d\u2019une recharge CCS d\u2019une puissance maximale de 400 kW et b\u00e9n\u00e9ficiera prochainement du Megawatt Charging System, capable d\u2019atteindre 1 000 kW. Ce passage \u00e0 l\u2019\u00e9lectrique marque une \u00e9tape d\u00e9cisive pour un secteur qui, depuis quelques ann\u00e9es, s\u2019efforce de r\u00e9duire son empreinte carbone. Des experts de l\u2019<strong>Agence de l\u2019environnement et de la ma\u00eetrise de l\u2019\u00e9nergie<\/strong> confirment d\u2019ailleurs que ces innovations sont au c\u0153ur de la transformation du transport de marchandises.<\/p>\n\n\n\n<h2 class=\"wp-block-heading\">Une fiert\u00e9 r\u00e9gionale et industrielle<\/h2>\n\n\n\n<p>L\u2019usine de W\u00f6rth, implant\u00e9e depuis 1963 et forte de pr\u00e8s de 10 000 employ\u00e9s, est un pilier industriel de la r\u00e9gion. Ayant vu d\u00e9filer plus de 4,4 millions de v\u00e9hicules, elle s\u2019adapte d\u00e9sormais aux exigences de la production de <strong>v\u00e9hicules \u00e9lectriques<\/strong>. Les nombreux programmes de formation suivis par les employ\u00e9s soulignent l\u2019engagement de l\u2019industrie pour une <a href=\"https:\/\/www.svalbard.fr\/actualites\/laustralie-impressionne-avec-le-plus-grand-parc-eolien-de-lhemisphere-sud-symbolisant-sa-transition-energetique\/\"><strong>transition <\/strong><\/a>technologique r\u00e9ussie. Personnellement, je ne peux m\u2019emp\u00eacher de penser aux anecdotes de certains anciens coll\u00e8gues, qui \u00e9voquent avec fiert\u00e9 comment leur savoir-faire s\u2019est enrichi au fil des transformations industrielles.<\/p>\n\n\n\n<h2 class=\"wp-block-heading\">Conclusion<\/h2>\n\n\n\n<p>La mise en production du Mercedes eActros 600 \u00e0 W\u00f6rth n\u2019est pas seulement une r\u00e9ussite technique ; c\u2019est aussi le reflet d\u2019un virage majeur vers un transport plus durable. Avec une <strong>autonomie impressionnante<\/strong> et des performances de recharge innovantes, ce camion \u00e9lectrique est une promesse de modernit\u00e9 pour le secteur. Des sources reconnues telles que l\u2019<strong>Agence Internationale de l\u2019\u00c9nergie<\/strong> et l\u2019<strong>Agence de l\u2019environnement et de la ma\u00eetrise de l\u2019\u00e9nergie<\/strong> confirment l\u2019importance de cette avanc\u00e9e pour l\u2019avenir du transport routier. En somme, le eActros 600 incarne parfaitement le mariage entre tradition industrielle et innovation technologique.<\/p>\n","protected":false},"excerpt":{"rendered":"<p>C\u2019est avec un enthousiasme palpable que l\u2019usine de W\u00f6rth en Allemagne entame la production du nouveau Mercedes eActros 600. Imaginez-vous, dans votre routine, d\u00e9couvrir que<\/p>\n","protected":false},"author":3,"featured_media":2616,"comment_status":"closed","ping_status":"closed","sticky":false,"template":"","format":"standard","meta":{"footnotes":""},"categories":[1725],"tags":[],"yoast_head":"<!-- This site is optimized with the Yoast SEO plugin v21.0 - https:\/\/yoast.com\/wordpress\/plugins\/seo\/ -->\n<title>Mercedes eActros 600 : ce camion \u00e9lectrique, offrant 500 km d\u2019autonomie, passe en production<\/title>\n<meta name=\"robots\" content=\"index, follow, max-snippet:-1, max-image-preview:large, max-video-preview:-1\" \/>\n<link rel=\"canonical\" href=\"https:\/\/www.svalbard.fr\/actualites\/mercedes-eactros-600-ce-camion-electrique-offrant-500-km-dautonomie-passe-en-production\/\" \/>\n<meta property=\"og:locale\" content=\"fr_FR\" \/>\n<meta property=\"og:type\" content=\"article\" \/>\n<meta property=\"og:title\" content=\"Mercedes eActros 600 : ce camion \u00e9lectrique, offrant 500 km d\u2019autonomie, passe en production\" \/>\n<meta property=\"og:description\" content=\"C\u2019est avec un enthousiasme palpable que l\u2019usine de W\u00f6rth en Allemagne entame la production du nouveau Mercedes eActros 600. Imaginez-vous, dans votre routine, d\u00e9couvrir que\" \/>\n<meta property=\"og:url\" content=\"https:\/\/www.svalbard.fr\/actualites\/mercedes-eactros-600-ce-camion-electrique-offrant-500-km-dautonomie-passe-en-production\/\" \/>\n<meta property=\"og:site_name\" content=\"www.Svalbard.fr\" \/>\n<meta property=\"article:published_time\" content=\"2025-02-28T09:30:00+00:00\" \/>\n<meta property=\"article:modified_time\" content=\"2025-02-27T06:03:12+00:00\" \/>\n<meta property=\"og:image\" content=\"https:\/\/www.svalbard.fr\/actualites\/wp-content\/uploads\/2025\/02\/Mercedes-eActros-600-ce-camion-electrique-offrant-500-km-dautonomie-passe-en-production.jpg\" \/>\n\t<meta property=\"og:image:width\" content=\"1200\" \/>\n\t<meta property=\"og:image:height\" content=\"799\" \/>\n\t<meta property=\"og:image:type\" content=\"image\/jpeg\" \/>\n<meta name=\"author\" content=\"Guillaume Chen\" \/>\n<meta name=\"twitter:card\" content=\"summary_large_image\" \/>\n<meta name=\"twitter:label1\" content=\"\u00c9crit par\" \/>\n\t<meta name=\"twitter:data1\" content=\"Guillaume Chen\" \/>\n\t<meta name=\"twitter:label2\" content=\"Dur\u00e9e de lecture estim\u00e9e\" \/>\n\t<meta name=\"twitter:data2\" content=\"3 minutes\" \/>\n<script type=\"application\/ld+json\" class=\"yoast-schema-graph\">{\"@context\":\"https:\/\/schema.org\",\"@graph\":[{\"@type\":\"Article\",\"@id\":\"https:\/\/www.svalbard.fr\/actualites\/mercedes-eactros-600-ce-camion-electrique-offrant-500-km-dautonomie-passe-en-production\/#article\",\"isPartOf\":{\"@id\":\"https:\/\/www.svalbard.fr\/actualites\/mercedes-eactros-600-ce-camion-electrique-offrant-500-km-dautonomie-passe-en-production\/\"},\"author\":{\"name\":\"Guillaume Chen\",\"@id\":\"https:\/\/www.svalbard.fr\/actualites\/#\/schema\/person\/b9d185560b94bff7322d37cb676ee545\"},\"headline\":\"Mercedes eActros 600 : ce camion \u00e9lectrique, offrant 500 km d\u2019autonomie, passe en production\",\"datePublished\":\"2025-02-28T09:30:00+00:00\",\"dateModified\":\"2025-02-27T06:03:12+00:00\",\"mainEntityOfPage\":{\"@id\":\"https:\/\/www.svalbard.fr\/actualites\/mercedes-eactros-600-ce-camion-electrique-offrant-500-km-dautonomie-passe-en-production\/\"},\"wordCount\":602,\"publisher\":{\"@id\":\"https:\/\/www.svalbard.fr\/actualites\/#organization\"},\"articleSection\":[\"Tendances\"],\"inLanguage\":\"fr-FR\"},{\"@type\":\"WebPage\",\"@id\":\"https:\/\/www.svalbard.fr\/actualites\/mercedes-eactros-600-ce-camion-electrique-offrant-500-km-dautonomie-passe-en-production\/\",\"url\":\"https:\/\/www.svalbard.fr\/actualites\/mercedes-eactros-600-ce-camion-electrique-offrant-500-km-dautonomie-passe-en-production\/\",\"name\":\"Mercedes eActros 600 : ce camion \u00e9lectrique, offrant 500 km d\u2019autonomie, passe en production\",\"isPartOf\":{\"@id\":\"https:\/\/www.svalbard.fr\/actualites\/#website\"},\"datePublished\":\"2025-02-28T09:30:00+00:00\",\"dateModified\":\"2025-02-27T06:03:12+00:00\",\"breadcrumb\":{\"@id\":\"https:\/\/www.svalbard.fr\/actualites\/mercedes-eactros-600-ce-camion-electrique-offrant-500-km-dautonomie-passe-en-production\/#breadcrumb\"},\"inLanguage\":\"fr-FR\",\"potentialAction\":[{\"@type\":\"ReadAction\",\"target\":[\"https:\/\/www.svalbard.fr\/actualites\/mercedes-eactros-600-ce-camion-electrique-offrant-500-km-dautonomie-passe-en-production\/\"]}]},{\"@type\":\"BreadcrumbList\",\"@id\":\"https:\/\/www.svalbard.fr\/actualites\/mercedes-eactros-600-ce-camion-electrique-offrant-500-km-dautonomie-passe-en-production\/#breadcrumb\",\"itemListElement\":[{\"@type\":\"ListItem\",\"position\":1,\"name\":\"Accueil\",\"item\":\"https:\/\/www.svalbard.fr\/actualites\/\"},{\"@type\":\"ListItem\",\"position\":2,\"name\":\"Mercedes eActros 600 : ce camion \u00e9lectrique, offrant 500 km d\u2019autonomie, passe en production\"}]},{\"@type\":\"WebSite\",\"@id\":\"https:\/\/www.svalbard.fr\/actualites\/#website\",\"url\":\"https:\/\/www.svalbard.fr\/actualites\/\",\"name\":\"www.Svalbard.fr\",\"description\":\"\",\"publisher\":{\"@id\":\"https:\/\/www.svalbard.fr\/actualites\/#organization\"},\"potentialAction\":[{\"@type\":\"SearchAction\",\"target\":{\"@type\":\"EntryPoint\",\"urlTemplate\":\"https:\/\/www.svalbard.fr\/actualites\/?s={search_term_string}\"},\"query-input\":\"required name=search_term_string\"}],\"inLanguage\":\"fr-FR\"},{\"@type\":\"Organization\",\"@id\":\"https:\/\/www.svalbard.fr\/actualites\/#organization\",\"name\":\"www.Svalbard.fr\",\"url\":\"https:\/\/www.svalbard.fr\/actualites\/\",\"logo\":{\"@type\":\"ImageObject\",\"inLanguage\":\"fr-FR\",\"@id\":\"https:\/\/www.svalbard.fr\/actualites\/#\/schema\/logo\/image\/\",\"url\":\"https:\/\/www.svalbard.fr\/actualites\/wp-content\/uploads\/2023\/09\/head-nom.jpg\",\"contentUrl\":\"https:\/\/www.svalbard.fr\/actualites\/wp-content\/uploads\/2023\/09\/head-nom.jpg\",\"width\":264,\"height\":35,\"caption\":\"www.Svalbard.fr\"},\"image\":{\"@id\":\"https:\/\/www.svalbard.fr\/actualites\/#\/schema\/logo\/image\/\"}},{\"@type\":\"Person\",\"@id\":\"https:\/\/www.svalbard.fr\/actualites\/#\/schema\/person\/b9d185560b94bff7322d37cb676ee545\",\"name\":\"Guillaume Chen\",\"image\":{\"@type\":\"ImageObject\",\"inLanguage\":\"fr-FR\",\"@id\":\"https:\/\/www.svalbard.fr\/actualites\/#\/schema\/person\/image\/\",\"url\":\"https:\/\/secure.gravatar.com\/avatar\/0c3f9c94586035b795ad4049a06fb048?s=96&d=mm&r=g\",\"contentUrl\":\"https:\/\/secure.gravatar.com\/avatar\/0c3f9c94586035b795ad4049a06fb048?s=96&d=mm&r=g\",\"caption\":\"Guillaume Chen\"},\"sameAs\":[\"https:\/\/www.svalbard.fr\/\"]}]}<\/script>\n<!-- \/ Yoast SEO plugin. -->","yoast_head_json":{"title":"Mercedes eActros 600 : ce camion \u00e9lectrique, offrant 500 km d\u2019autonomie, passe en production","robots":{"index":"index","follow":"follow","max-snippet":"max-snippet:-1","max-image-preview":"max-image-preview:large","max-video-preview":"max-video-preview:-1"},"canonical":"https:\/\/www.svalbard.fr\/actualites\/mercedes-eactros-600-ce-camion-electrique-offrant-500-km-dautonomie-passe-en-production\/","og_locale":"fr_FR","og_type":"article","og_title":"Mercedes eActros 600 : ce camion \u00e9lectrique, offrant 500 km d\u2019autonomie, passe en production","og_description":"C\u2019est avec un enthousiasme palpable que l\u2019usine de W\u00f6rth en Allemagne entame la production du nouveau Mercedes eActros 600. Imaginez-vous, dans votre routine, d\u00e9couvrir que","og_url":"https:\/\/www.svalbard.fr\/actualites\/mercedes-eactros-600-ce-camion-electrique-offrant-500-km-dautonomie-passe-en-production\/","og_site_name":"www.Svalbard.fr","article_published_time":"2025-02-28T09:30:00+00:00","article_modified_time":"2025-02-27T06:03:12+00:00","og_image":[{"width":1200,"height":799,"url":"https:\/\/www.svalbard.fr\/actualites\/wp-content\/uploads\/2025\/02\/Mercedes-eActros-600-ce-camion-electrique-offrant-500-km-dautonomie-passe-en-production.jpg","type":"image\/jpeg"}],"author":"Guillaume Chen","twitter_card":"summary_large_image","twitter_misc":{"\u00c9crit par":"Guillaume Chen","Dur\u00e9e de lecture estim\u00e9e":"3 minutes"},"schema":{"@context":"https:\/\/schema.org","@graph":[{"@type":"Article","@id":"https:\/\/www.svalbard.fr\/actualites\/mercedes-eactros-600-ce-camion-electrique-offrant-500-km-dautonomie-passe-en-production\/#article","isPartOf":{"@id":"https:\/\/www.svalbard.fr\/actualites\/mercedes-eactros-600-ce-camion-electrique-offrant-500-km-dautonomie-passe-en-production\/"},"author":{"name":"Guillaume Chen","@id":"https:\/\/www.svalbard.fr\/actualites\/#\/schema\/person\/b9d185560b94bff7322d37cb676ee545"},"headline":"Mercedes eActros 600 : ce camion \u00e9lectrique, offrant 500 km d\u2019autonomie, passe en production","datePublished":"2025-02-28T09:30:00+00:00","dateModified":"2025-02-27T06:03:12+00:00","mainEntityOfPage":{"@id":"https:\/\/www.svalbard.fr\/actualites\/mercedes-eactros-600-ce-camion-electrique-offrant-500-km-dautonomie-passe-en-production\/"},"wordCount":602,"publisher":{"@id":"https:\/\/www.svalbard.fr\/actualites\/#organization"},"articleSection":["Tendances"],"inLanguage":"fr-FR"},{"@type":"WebPage","@id":"https:\/\/www.svalbard.fr\/actualites\/mercedes-eactros-600-ce-camion-electrique-offrant-500-km-dautonomie-passe-en-production\/","url":"https:\/\/www.svalbard.fr\/actualites\/mercedes-eactros-600-ce-camion-electrique-offrant-500-km-dautonomie-passe-en-production\/","name":"Mercedes eActros 600 : ce camion \u00e9lectrique, offrant 500 km d\u2019autonomie, passe en production","isPartOf":{"@id":"https:\/\/www.svalbard.fr\/actualites\/#website"},"datePublished":"2025-02-28T09:30:00+00:00","dateModified":"2025-02-27T06:03:12+00:00","breadcrumb":{"@id":"https:\/\/www.svalbard.fr\/actualites\/mercedes-eactros-600-ce-camion-electrique-offrant-500-km-dautonomie-passe-en-production\/#breadcrumb"},"inLanguage":"fr-FR","potentialAction":[{"@type":"ReadAction","target":["https:\/\/www.svalbard.fr\/actualites\/mercedes-eactros-600-ce-camion-electrique-offrant-500-km-dautonomie-passe-en-production\/"]}]},{"@type":"BreadcrumbList","@id":"https:\/\/www.svalbard.fr\/actualites\/mercedes-eactros-600-ce-camion-electrique-offrant-500-km-dautonomie-passe-en-production\/#breadcrumb","itemListElement":[{"@type":"ListItem","position":1,"name":"Accueil","item":"https:\/\/www.svalbard.fr\/actualites\/"},{"@type":"ListItem","position":2,"name":"Mercedes eActros 600 : ce camion \u00e9lectrique, offrant 500 km d\u2019autonomie, passe en production"}]},{"@type":"WebSite","@id":"https:\/\/www.svalbard.fr\/actualites\/#website","url":"https:\/\/www.svalbard.fr\/actualites\/","name":"www.Svalbard.fr","description":"","publisher":{"@id":"https:\/\/www.svalbard.fr\/actualites\/#organization"},"potentialAction":[{"@type":"SearchAction","target":{"@type":"EntryPoint","urlTemplate":"https:\/\/www.svalbard.fr\/actualites\/?s={search_term_string}"},"query-input":"required name=search_term_string"}],"inLanguage":"fr-FR"},{"@type":"Organization","@id":"https:\/\/www.svalbard.fr\/actualites\/#organization","name":"www.Svalbard.fr","url":"https:\/\/www.svalbard.fr\/actualites\/","logo":{"@type":"ImageObject","inLanguage":"fr-FR","@id":"https:\/\/www.svalbard.fr\/actualites\/#\/schema\/logo\/image\/","url":"https:\/\/www.svalbard.fr\/actualites\/wp-content\/uploads\/2023\/09\/head-nom.jpg","contentUrl":"https:\/\/www.svalbard.fr\/actualites\/wp-content\/uploads\/2023\/09\/head-nom.jpg","width":264,"height":35,"caption":"www.Svalbard.fr"},"image":{"@id":"https:\/\/www.svalbard.fr\/actualites\/#\/schema\/logo\/image\/"}},{"@type":"Person","@id":"https:\/\/www.svalbard.fr\/actualites\/#\/schema\/person\/b9d185560b94bff7322d37cb676ee545","name":"Guillaume Chen","image":{"@type":"ImageObject","inLanguage":"fr-FR","@id":"https:\/\/www.svalbard.fr\/actualites\/#\/schema\/person\/image\/","url":"https:\/\/secure.gravatar.com\/avatar\/0c3f9c94586035b795ad4049a06fb048?s=96&d=mm&r=g","contentUrl":"https:\/\/secure.gravatar.com\/avatar\/0c3f9c94586035b795ad4049a06fb048?s=96&d=mm&r=g","caption":"Guillaume Chen"},"sameAs":["https:\/\/www.svalbard.fr\/"]}]}},"_links":{"self":[{"href":"https:\/\/www.svalbard.fr\/actualites\/wp-json\/wp\/v2\/posts\/2615"}],"collection":[{"href":"https:\/\/www.svalbard.fr\/actualites\/wp-json\/wp\/v2\/posts"}],"about":[{"href":"https:\/\/www.svalbard.fr\/actualites\/wp-json\/wp\/v2\/types\/post"}],"author":[{"embeddable":true,"href":"https:\/\/www.svalbard.fr\/actualites\/wp-json\/wp\/v2\/users\/3"}],"replies":[{"embeddable":true,"href":"https:\/\/www.svalbard.fr\/actualites\/wp-json\/wp\/v2\/comments?post=2615"}],"version-history":[{"count":1,"href":"https:\/\/www.svalbard.fr\/actualites\/wp-json\/wp\/v2\/posts\/2615\/revisions"}],"predecessor-version":[{"id":2617,"href":"https:\/\/www.svalbard.fr\/actualites\/wp-json\/wp\/v2\/posts\/2615\/revisions\/2617"}],"wp:featuredmedia":[{"embeddable":true,"href":"https:\/\/www.svalbard.fr\/actualites\/wp-json\/wp\/v2\/media\/2616"}],"wp:attachment":[{"href":"https:\/\/www.svalbard.fr\/actualites\/wp-json\/wp\/v2\/media?parent=2615"}],"wp:term":[{"taxonomy":"category","embeddable":true,"href":"https:\/\/www.svalbard.fr\/actualites\/wp-json\/wp\/v2\/categories?post=2615"},{"taxonomy":"post_tag","embeddable":true,"href":"https:\/\/www.svalbard.fr\/actualites\/wp-json\/wp\/v2\/tags?post=2615"}],"curies":[{"name":"wp","href":"https:\/\/api.w.org\/{rel}","templated":true}]}}