{"id":2618,"date":"2025-02-28T15:30:00","date_gmt":"2025-02-28T14:30:00","guid":{"rendered":"https:\/\/www.svalbard.fr\/actualites\/?p=2618"},"modified":"2025-02-27T07:08:49","modified_gmt":"2025-02-27T06:08:49","slug":"paiement-en-especes-interdit-voici-les-nouveaux-plafonds-qui-entreront-bientot-en-vigueur-affectant-tous-les-francais","status":"publish","type":"post","link":"https:\/\/www.svalbard.fr\/actualites\/paiement-en-especes-interdit-voici-les-nouveaux-plafonds-qui-entreront-bientot-en-vigueur-affectant-tous-les-francais\/","title":{"rendered":"Paiement en esp\u00e8ces interdit : voici les nouveaux plafonds qui entreront bient\u00f4t en vigueur, affectant tous les Fran\u00e7ais"},"content":{"rendered":"\n<p><strong><em>Alors que la modernisation financi\u00e8re ne cesse de prendre de l\u2019ampleur, l\u2019Union europ\u00e9enne s\u2019appr\u00eate \u00e0 revoir en profondeur les r\u00e8gles concernant l\u2019usage des esp\u00e8ces. Personnellement, je me souviens encore de mes premiers paiements en liquide lors de petits achats, une habitude que beaucoup continuent d\u2019adopter malgr\u00e9 l\u2019essor des paiements num\u00e9riques. Toutefois, d\u00e8s 2027, un nouveau plafond fix\u00e9 \u00e0 10 000 euros sera appliqu\u00e9 aux transactions en esp\u00e8ces entre particuliers et entreprises, une mesure qui vise avant tout \u00e0 lutter contre le blanchiment d\u2019argent et le financement d\u2019activit\u00e9s illicites. Des organismes reconnus comme la Banque centrale europ\u00e9enne expliquent que cette initiative vise \u00e9galement \u00e0 mieux tracer les flux financiers au sein de l\u2019Union.<\/em><\/strong><\/p>\n\n\n\n<!--more-->\n\n\n\n<h2 class=\"wp-block-heading\">\u00c9volution des habitudes de paiement en Europe<\/h2>\n\n\n\n<p>M\u00eame si les paiements \u00e9lectroniques gagnent du terrain gr\u00e2ce \u00e0 leur <strong>tra\u00e7abilit\u00e9<\/strong> et leur simplicit\u00e9, l\u2019<a href=\"https:\/\/www.svalbard.fr\/actualites\/je-nai-pas-assez-dargent-de-poche-une-ado-de-13-ans-confrontee-a-une-taxe-dhabitation-de-2-467-euros\/\"><strong>argent<\/strong><\/a> liquide reste un moyen de paiement populaire pour bon nombre d\u2019Europ\u00e9ens. Cela s\u2019explique par sa facilit\u00e9 d\u2019acc\u00e8s, son utilisation imm\u00e9diate pour les petits achats du quotidien, et l\u2019absence de frais pour certains commer\u00e7ants. Pourtant, force est de constater que l\u2019\u00e8re du cash touche \u00e0 sa fin. Par exemple, lors d\u2019un r\u00e9cent repas dans un petit bistrot de ma ville, j\u2019ai constat\u00e9 que la majorit\u00e9 des clients optaient pour le paiement par carte ou smartphone, signe \u00e9vident d\u2019une transition progressive.<\/p>\n\n\n\n<h2 class=\"wp-block-heading\">Nouveau plafond europ\u00e9en pour les paiements en esp\u00e8ces<\/h2>\n\n\n\n<p>\u00c0 partir de 2027, la limite des paiements en esp\u00e8ces sera fix\u00e9e \u00e0 <strong>10 000 euros<\/strong>. Cette r\u00e9glementation, applicable \u00e0 tous les \u00c9tats membres, r\u00e9pond \u00e0 une volont\u00e9 claire de r\u00e9duire les transactions anonymes et de freiner les pratiques financi\u00e8res frauduleuses. Ce changement a pour but d\u2019emp\u00eacher, par exemple, que des sommes importantes ne soient utilis\u00e9es pour financer des activit\u00e9s illicites, qu\u2019il s\u2019agisse d\u2019achats de v\u00e9hicules de luxe ou d\u2019autres biens de grande valeur. Des experts de l\u2019<strong>Autorit\u00e9 des march\u00e9s financiers<\/strong> confirment que cette mesure contribuera \u00e0 une meilleure transparence \u00e9conomique en Europe.<\/p>\n\n\n\n<h2 class=\"wp-block-heading\">Objectifs et implications de la nouvelle r\u00e9glementation<\/h2>\n\n\n\n<p>Au-del\u00e0 de la lutte contre la fraude, cette r\u00e9forme cherche \u00e0 encourager une transition vers des m\u00e9thodes de paiement plus modernes et <strong>num\u00e9riques<\/strong>. Parmi ses objectifs figurent :<\/p>\n\n\n\n<ul>\n<li><strong>R\u00e9duire l\u2019usage du cash<\/strong> pour favoriser des transactions plus tra\u00e7ables.<\/li>\n\n\n\n<li><strong>Limiter les op\u00e9rations anonymes<\/strong> en imposant des plafonds clairs.<\/li>\n\n\n\n<li><strong>Promouvoir les solutions de paiement \u00e9lectronique<\/strong>, s\u2019inscrivant dans le cadre plus vaste du projet d\u2019un euro num\u00e9rique, sous l\u2019\u00e9gide d\u2019organismes tels que l\u2019<strong>Eurosyst\u00e8me<\/strong>.<\/li>\n<\/ul>\n\n\n\n<p>Ces orientations illustrent une volont\u00e9 politique forte de moderniser le syst\u00e8me de <a href=\"https:\/\/www.svalbard.fr\/actualites\/paiement-sans-contact-quels-dangers-en-cas-de-vol-de-votre-carte-bancaire\/\"><strong>paiement <\/strong><\/a>tout en garantissant la s\u00e9curit\u00e9 financi\u00e8re des citoyens.<\/p>\n\n\n\n<h2 class=\"wp-block-heading\">Impacts sur les consommateurs et les commer\u00e7ants<\/h2>\n\n\n\n<p>La mise en place de ces nouvelles r\u00e8gles ne bouleversera pas la vie quotidienne de la majorit\u00e9 des Fran\u00e7ais, qui continueront d\u2019utiliser l\u2019esp\u00e8ce pour leurs petits achats. Cependant, pour les transactions de montant significatif, il sera d\u00e9sormais pr\u00e9f\u00e9rable de se tourner vers des moyens de paiement \u00e9lectroniques. Pour les commer\u00e7ants, la r\u00e9glementation offre une certaine latitude : ils pourront choisir de refuser les paiements en liquide d\u00e9passant le nouveau plafond ou d\u2019adapter leur offre en cons\u00e9quence. Lors d\u2019une conversation avec un commer\u00e7ant local, j\u2019ai appris que certains envisageaient d\u00e9j\u00e0 d\u2019installer de nouvelles solutions de paiement pour se conformer aux exigences \u00e0 venir.<\/p>\n\n\n\n<p>En conclusion, ces ajustements l\u00e9gislatifs repr\u00e9sentent une \u00e9tape cruciale dans la transition vers une \u00e9conomie plus transparente et moderne. Alors que certains redoutent la fin d\u2019une \u00e9poque, nombreux sont ceux qui y voient une opportunit\u00e9 pour renforcer la s\u00e9curit\u00e9 financi\u00e8re, tout en pr\u00e9servant le confort des transactions quotidiennes. Pour ceux qui souhaitent en savoir plus, des institutions telles que l\u2019<strong>OCDE<\/strong> et la <strong>Banque de France<\/strong> fournissent r\u00e9guli\u00e8rement des analyses sur ces transformations \u00e9conomiques.<\/p>\n","protected":false},"excerpt":{"rendered":"<p>Alors que la modernisation financi\u00e8re ne cesse de prendre de l\u2019ampleur, l\u2019Union europ\u00e9enne s\u2019appr\u00eate \u00e0 revoir en profondeur les r\u00e8gles concernant l\u2019usage des esp\u00e8ces. Personnellement,<\/p>\n","protected":false},"author":3,"featured_media":2619,"comment_status":"closed","ping_status":"closed","sticky":false,"template":"","format":"standard","meta":{"footnotes":""},"categories":[1725],"tags":[],"yoast_head":"<!-- This site is optimized with the Yoast SEO plugin v21.0 - https:\/\/yoast.com\/wordpress\/plugins\/seo\/ -->\n<title>Paiement en esp\u00e8ces interdit : voici les nouveaux plafonds qui entreront bient\u00f4t en vigueur, affectant tous les Fran\u00e7ais<\/title>\n<meta name=\"robots\" content=\"index, follow, max-snippet:-1, max-image-preview:large, max-video-preview:-1\" \/>\n<link rel=\"canonical\" href=\"https:\/\/www.svalbard.fr\/actualites\/paiement-en-especes-interdit-voici-les-nouveaux-plafonds-qui-entreront-bientot-en-vigueur-affectant-tous-les-francais\/\" \/>\n<meta property=\"og:locale\" content=\"fr_FR\" \/>\n<meta property=\"og:type\" content=\"article\" \/>\n<meta property=\"og:title\" content=\"Paiement en esp\u00e8ces interdit : voici les nouveaux plafonds qui entreront bient\u00f4t en vigueur, affectant tous les Fran\u00e7ais\" \/>\n<meta property=\"og:description\" content=\"Alors que la modernisation financi\u00e8re ne cesse de prendre de l\u2019ampleur, l\u2019Union europ\u00e9enne s\u2019appr\u00eate \u00e0 revoir en profondeur les r\u00e8gles concernant l\u2019usage des esp\u00e8ces. Personnellement,\" \/>\n<meta property=\"og:url\" content=\"https:\/\/www.svalbard.fr\/actualites\/paiement-en-especes-interdit-voici-les-nouveaux-plafonds-qui-entreront-bientot-en-vigueur-affectant-tous-les-francais\/\" \/>\n<meta property=\"og:site_name\" content=\"www.Svalbard.fr\" \/>\n<meta property=\"article:published_time\" content=\"2025-02-28T14:30:00+00:00\" \/>\n<meta property=\"article:modified_time\" content=\"2025-02-27T06:08:49+00:00\" \/>\n<meta property=\"og:image\" content=\"https:\/\/www.svalbard.fr\/actualites\/wp-content\/uploads\/2025\/02\/Paiement-en-especes-interdit-voici-les-nouveaux-plafonds-qui-entreront-bientot-en-vigueur-affectant-tous-les-Francais.jpg\" \/>\n\t<meta property=\"og:image:width\" content=\"1200\" \/>\n\t<meta property=\"og:image:height\" content=\"675\" \/>\n\t<meta property=\"og:image:type\" content=\"image\/jpeg\" \/>\n<meta name=\"author\" content=\"Guillaume Chen\" \/>\n<meta name=\"twitter:card\" content=\"summary_large_image\" \/>\n<meta name=\"twitter:label1\" content=\"\u00c9crit par\" \/>\n\t<meta name=\"twitter:data1\" content=\"Guillaume Chen\" \/>\n\t<meta name=\"twitter:label2\" content=\"Dur\u00e9e de lecture estim\u00e9e\" \/>\n\t<meta name=\"twitter:data2\" content=\"4 minutes\" \/>\n<script type=\"application\/ld+json\" class=\"yoast-schema-graph\">{\"@context\":\"https:\/\/schema.org\",\"@graph\":[{\"@type\":\"Article\",\"@id\":\"https:\/\/www.svalbard.fr\/actualites\/paiement-en-especes-interdit-voici-les-nouveaux-plafonds-qui-entreront-bientot-en-vigueur-affectant-tous-les-francais\/#article\",\"isPartOf\":{\"@id\":\"https:\/\/www.svalbard.fr\/actualites\/paiement-en-especes-interdit-voici-les-nouveaux-plafonds-qui-entreront-bientot-en-vigueur-affectant-tous-les-francais\/\"},\"author\":{\"name\":\"Guillaume Chen\",\"@id\":\"https:\/\/www.svalbard.fr\/actualites\/#\/schema\/person\/b9d185560b94bff7322d37cb676ee545\"},\"headline\":\"Paiement en esp\u00e8ces interdit : voici les nouveaux plafonds qui entreront bient\u00f4t en vigueur, affectant tous les Fran\u00e7ais\",\"datePublished\":\"2025-02-28T14:30:00+00:00\",\"dateModified\":\"2025-02-27T06:08:49+00:00\",\"mainEntityOfPage\":{\"@id\":\"https:\/\/www.svalbard.fr\/actualites\/paiement-en-especes-interdit-voici-les-nouveaux-plafonds-qui-entreront-bientot-en-vigueur-affectant-tous-les-francais\/\"},\"wordCount\":695,\"publisher\":{\"@id\":\"https:\/\/www.svalbard.fr\/actualites\/#organization\"},\"articleSection\":[\"Tendances\"],\"inLanguage\":\"fr-FR\"},{\"@type\":\"WebPage\",\"@id\":\"https:\/\/www.svalbard.fr\/actualites\/paiement-en-especes-interdit-voici-les-nouveaux-plafonds-qui-entreront-bientot-en-vigueur-affectant-tous-les-francais\/\",\"url\":\"https:\/\/www.svalbard.fr\/actualites\/paiement-en-especes-interdit-voici-les-nouveaux-plafonds-qui-entreront-bientot-en-vigueur-affectant-tous-les-francais\/\",\"name\":\"Paiement en esp\u00e8ces interdit : voici les nouveaux plafonds qui entreront bient\u00f4t en vigueur, affectant tous les Fran\u00e7ais\",\"isPartOf\":{\"@id\":\"https:\/\/www.svalbard.fr\/actualites\/#website\"},\"datePublished\":\"2025-02-28T14:30:00+00:00\",\"dateModified\":\"2025-02-27T06:08:49+00:00\",\"breadcrumb\":{\"@id\":\"https:\/\/www.svalbard.fr\/actualites\/paiement-en-especes-interdit-voici-les-nouveaux-plafonds-qui-entreront-bientot-en-vigueur-affectant-tous-les-francais\/#breadcrumb\"},\"inLanguage\":\"fr-FR\",\"potentialAction\":[{\"@type\":\"ReadAction\",\"target\":[\"https:\/\/www.svalbard.fr\/actualites\/paiement-en-especes-interdit-voici-les-nouveaux-plafonds-qui-entreront-bientot-en-vigueur-affectant-tous-les-francais\/\"]}]},{\"@type\":\"BreadcrumbList\",\"@id\":\"https:\/\/www.svalbard.fr\/actualites\/paiement-en-especes-interdit-voici-les-nouveaux-plafonds-qui-entreront-bientot-en-vigueur-affectant-tous-les-francais\/#breadcrumb\",\"itemListElement\":[{\"@type\":\"ListItem\",\"position\":1,\"name\":\"Accueil\",\"item\":\"https:\/\/www.svalbard.fr\/actualites\/\"},{\"@type\":\"ListItem\",\"position\":2,\"name\":\"Paiement en esp\u00e8ces interdit : voici les nouveaux plafonds qui entreront bient\u00f4t en vigueur, affectant tous les Fran\u00e7ais\"}]},{\"@type\":\"WebSite\",\"@id\":\"https:\/\/www.svalbard.fr\/actualites\/#website\",\"url\":\"https:\/\/www.svalbard.fr\/actualites\/\",\"name\":\"www.Svalbard.fr\",\"description\":\"\",\"publisher\":{\"@id\":\"https:\/\/www.svalbard.fr\/actualites\/#organization\"},\"potentialAction\":[{\"@type\":\"SearchAction\",\"target\":{\"@type\":\"EntryPoint\",\"urlTemplate\":\"https:\/\/www.svalbard.fr\/actualites\/?s={search_term_string}\"},\"query-input\":\"required name=search_term_string\"}],\"inLanguage\":\"fr-FR\"},{\"@type\":\"Organization\",\"@id\":\"https:\/\/www.svalbard.fr\/actualites\/#organization\",\"name\":\"www.Svalbard.fr\",\"url\":\"https:\/\/www.svalbard.fr\/actualites\/\",\"logo\":{\"@type\":\"ImageObject\",\"inLanguage\":\"fr-FR\",\"@id\":\"https:\/\/www.svalbard.fr\/actualites\/#\/schema\/logo\/image\/\",\"url\":\"https:\/\/www.svalbard.fr\/actualites\/wp-content\/uploads\/2023\/09\/head-nom.jpg\",\"contentUrl\":\"https:\/\/www.svalbard.fr\/actualites\/wp-content\/uploads\/2023\/09\/head-nom.jpg\",\"width\":264,\"height\":35,\"caption\":\"www.Svalbard.fr\"},\"image\":{\"@id\":\"https:\/\/www.svalbard.fr\/actualites\/#\/schema\/logo\/image\/\"}},{\"@type\":\"Person\",\"@id\":\"https:\/\/www.svalbard.fr\/actualites\/#\/schema\/person\/b9d185560b94bff7322d37cb676ee545\",\"name\":\"Guillaume Chen\",\"image\":{\"@type\":\"ImageObject\",\"inLanguage\":\"fr-FR\",\"@id\":\"https:\/\/www.svalbard.fr\/actualites\/#\/schema\/person\/image\/\",\"url\":\"https:\/\/secure.gravatar.com\/avatar\/0c3f9c94586035b795ad4049a06fb048?s=96&d=mm&r=g\",\"contentUrl\":\"https:\/\/secure.gravatar.com\/avatar\/0c3f9c94586035b795ad4049a06fb048?s=96&d=mm&r=g\",\"caption\":\"Guillaume Chen\"},\"sameAs\":[\"https:\/\/www.svalbard.fr\/\"]}]}<\/script>\n<!-- \/ Yoast SEO plugin. -->","yoast_head_json":{"title":"Paiement en esp\u00e8ces interdit : voici les nouveaux plafonds qui entreront bient\u00f4t en vigueur, affectant tous les Fran\u00e7ais","robots":{"index":"index","follow":"follow","max-snippet":"max-snippet:-1","max-image-preview":"max-image-preview:large","max-video-preview":"max-video-preview:-1"},"canonical":"https:\/\/www.svalbard.fr\/actualites\/paiement-en-especes-interdit-voici-les-nouveaux-plafonds-qui-entreront-bientot-en-vigueur-affectant-tous-les-francais\/","og_locale":"fr_FR","og_type":"article","og_title":"Paiement en esp\u00e8ces interdit : voici les nouveaux plafonds qui entreront bient\u00f4t en vigueur, affectant tous les Fran\u00e7ais","og_description":"Alors que la modernisation financi\u00e8re ne cesse de prendre de l\u2019ampleur, l\u2019Union europ\u00e9enne s\u2019appr\u00eate \u00e0 revoir en profondeur les r\u00e8gles concernant l\u2019usage des esp\u00e8ces. Personnellement,","og_url":"https:\/\/www.svalbard.fr\/actualites\/paiement-en-especes-interdit-voici-les-nouveaux-plafonds-qui-entreront-bientot-en-vigueur-affectant-tous-les-francais\/","og_site_name":"www.Svalbard.fr","article_published_time":"2025-02-28T14:30:00+00:00","article_modified_time":"2025-02-27T06:08:49+00:00","og_image":[{"width":1200,"height":675,"url":"https:\/\/www.svalbard.fr\/actualites\/wp-content\/uploads\/2025\/02\/Paiement-en-especes-interdit-voici-les-nouveaux-plafonds-qui-entreront-bientot-en-vigueur-affectant-tous-les-Francais.jpg","type":"image\/jpeg"}],"author":"Guillaume Chen","twitter_card":"summary_large_image","twitter_misc":{"\u00c9crit par":"Guillaume Chen","Dur\u00e9e de lecture estim\u00e9e":"4 minutes"},"schema":{"@context":"https:\/\/schema.org","@graph":[{"@type":"Article","@id":"https:\/\/www.svalbard.fr\/actualites\/paiement-en-especes-interdit-voici-les-nouveaux-plafonds-qui-entreront-bientot-en-vigueur-affectant-tous-les-francais\/#article","isPartOf":{"@id":"https:\/\/www.svalbard.fr\/actualites\/paiement-en-especes-interdit-voici-les-nouveaux-plafonds-qui-entreront-bientot-en-vigueur-affectant-tous-les-francais\/"},"author":{"name":"Guillaume Chen","@id":"https:\/\/www.svalbard.fr\/actualites\/#\/schema\/person\/b9d185560b94bff7322d37cb676ee545"},"headline":"Paiement en esp\u00e8ces interdit : voici les nouveaux plafonds qui entreront bient\u00f4t en vigueur, affectant tous les Fran\u00e7ais","datePublished":"2025-02-28T14:30:00+00:00","dateModified":"2025-02-27T06:08:49+00:00","mainEntityOfPage":{"@id":"https:\/\/www.svalbard.fr\/actualites\/paiement-en-especes-interdit-voici-les-nouveaux-plafonds-qui-entreront-bientot-en-vigueur-affectant-tous-les-francais\/"},"wordCount":695,"publisher":{"@id":"https:\/\/www.svalbard.fr\/actualites\/#organization"},"articleSection":["Tendances"],"inLanguage":"fr-FR"},{"@type":"WebPage","@id":"https:\/\/www.svalbard.fr\/actualites\/paiement-en-especes-interdit-voici-les-nouveaux-plafonds-qui-entreront-bientot-en-vigueur-affectant-tous-les-francais\/","url":"https:\/\/www.svalbard.fr\/actualites\/paiement-en-especes-interdit-voici-les-nouveaux-plafonds-qui-entreront-bientot-en-vigueur-affectant-tous-les-francais\/","name":"Paiement en esp\u00e8ces interdit : voici les nouveaux plafonds qui entreront bient\u00f4t en vigueur, affectant tous les Fran\u00e7ais","isPartOf":{"@id":"https:\/\/www.svalbard.fr\/actualites\/#website"},"datePublished":"2025-02-28T14:30:00+00:00","dateModified":"2025-02-27T06:08:49+00:00","breadcrumb":{"@id":"https:\/\/www.svalbard.fr\/actualites\/paiement-en-especes-interdit-voici-les-nouveaux-plafonds-qui-entreront-bientot-en-vigueur-affectant-tous-les-francais\/#breadcrumb"},"inLanguage":"fr-FR","potentialAction":[{"@type":"ReadAction","target":["https:\/\/www.svalbard.fr\/actualites\/paiement-en-especes-interdit-voici-les-nouveaux-plafonds-qui-entreront-bientot-en-vigueur-affectant-tous-les-francais\/"]}]},{"@type":"BreadcrumbList","@id":"https:\/\/www.svalbard.fr\/actualites\/paiement-en-especes-interdit-voici-les-nouveaux-plafonds-qui-entreront-bientot-en-vigueur-affectant-tous-les-francais\/#breadcrumb","itemListElement":[{"@type":"ListItem","position":1,"name":"Accueil","item":"https:\/\/www.svalbard.fr\/actualites\/"},{"@type":"ListItem","position":2,"name":"Paiement en esp\u00e8ces interdit : voici les nouveaux plafonds qui entreront bient\u00f4t en vigueur, affectant tous les Fran\u00e7ais"}]},{"@type":"WebSite","@id":"https:\/\/www.svalbard.fr\/actualites\/#website","url":"https:\/\/www.svalbard.fr\/actualites\/","name":"www.Svalbard.fr","description":"","publisher":{"@id":"https:\/\/www.svalbard.fr\/actualites\/#organization"},"potentialAction":[{"@type":"SearchAction","target":{"@type":"EntryPoint","urlTemplate":"https:\/\/www.svalbard.fr\/actualites\/?s={search_term_string}"},"query-input":"required name=search_term_string"}],"inLanguage":"fr-FR"},{"@type":"Organization","@id":"https:\/\/www.svalbard.fr\/actualites\/#organization","name":"www.Svalbard.fr","url":"https:\/\/www.svalbard.fr\/actualites\/","logo":{"@type":"ImageObject","inLanguage":"fr-FR","@id":"https:\/\/www.svalbard.fr\/actualites\/#\/schema\/logo\/image\/","url":"https:\/\/www.svalbard.fr\/actualites\/wp-content\/uploads\/2023\/09\/head-nom.jpg","contentUrl":"https:\/\/www.svalbard.fr\/actualites\/wp-content\/uploads\/2023\/09\/head-nom.jpg","width":264,"height":35,"caption":"www.Svalbard.fr"},"image":{"@id":"https:\/\/www.svalbard.fr\/actualites\/#\/schema\/logo\/image\/"}},{"@type":"Person","@id":"https:\/\/www.svalbard.fr\/actualites\/#\/schema\/person\/b9d185560b94bff7322d37cb676ee545","name":"Guillaume Chen","image":{"@type":"ImageObject","inLanguage":"fr-FR","@id":"https:\/\/www.svalbard.fr\/actualites\/#\/schema\/person\/image\/","url":"https:\/\/secure.gravatar.com\/avatar\/0c3f9c94586035b795ad4049a06fb048?s=96&d=mm&r=g","contentUrl":"https:\/\/secure.gravatar.com\/avatar\/0c3f9c94586035b795ad4049a06fb048?s=96&d=mm&r=g","caption":"Guillaume Chen"},"sameAs":["https:\/\/www.svalbard.fr\/"]}]}},"_links":{"self":[{"href":"https:\/\/www.svalbard.fr\/actualites\/wp-json\/wp\/v2\/posts\/2618"}],"collection":[{"href":"https:\/\/www.svalbard.fr\/actualites\/wp-json\/wp\/v2\/posts"}],"about":[{"href":"https:\/\/www.svalbard.fr\/actualites\/wp-json\/wp\/v2\/types\/post"}],"author":[{"embeddable":true,"href":"https:\/\/www.svalbard.fr\/actualites\/wp-json\/wp\/v2\/users\/3"}],"replies":[{"embeddable":true,"href":"https:\/\/www.svalbard.fr\/actualites\/wp-json\/wp\/v2\/comments?post=2618"}],"version-history":[{"count":1,"href":"https:\/\/www.svalbard.fr\/actualites\/wp-json\/wp\/v2\/posts\/2618\/revisions"}],"predecessor-version":[{"id":2620,"href":"https:\/\/www.svalbard.fr\/actualites\/wp-json\/wp\/v2\/posts\/2618\/revisions\/2620"}],"wp:featuredmedia":[{"embeddable":true,"href":"https:\/\/www.svalbard.fr\/actualites\/wp-json\/wp\/v2\/media\/2619"}],"wp:attachment":[{"href":"https:\/\/www.svalbard.fr\/actualites\/wp-json\/wp\/v2\/media?parent=2618"}],"wp:term":[{"taxonomy":"category","embeddable":true,"href":"https:\/\/www.svalbard.fr\/actualites\/wp-json\/wp\/v2\/categories?post=2618"},{"taxonomy":"post_tag","embeddable":true,"href":"https:\/\/www.svalbard.fr\/actualites\/wp-json\/wp\/v2\/tags?post=2618"}],"curies":[{"name":"wp","href":"https:\/\/api.w.org\/{rel}","templated":true}]}}