{"id":268,"date":"2023-11-17T14:20:02","date_gmt":"2023-11-17T13:20:02","guid":{"rendered":"https:\/\/www.svalbard.fr\/actualites\/?p=268"},"modified":"2023-11-17T14:20:04","modified_gmt":"2023-11-17T13:20:04","slug":"quelle-est-la-population-a-svalbard","status":"publish","type":"post","link":"https:\/\/www.svalbard.fr\/actualites\/quelle-est-la-population-a-svalbard\/","title":{"rendered":"Quelle est la population \u00e0 Svalbard ?"},"content":{"rendered":"\n<p>Svalbard, un archipel situ\u00e9 dans l&rsquo;oc\u00e9an Arctique, est connu pour ses paysages glac\u00e9s, sa faune distinctive et son importance scientifique. Malgr\u00e9 des conditions de vie extr\u00eames, cet archipel norv\u00e9gien b\u00e9n\u00e9ficie d&rsquo;une population permanente, bien que limit\u00e9e, en plus d&rsquo;h\u00e9berger une communaut\u00e9 scientifique et touristique internationale. D\u00e9couvrons ensemble les caract\u00e9ristiques d\u00e9mographiques de cette r\u00e9gion isol\u00e9e du monde.<\/p>\n\n\n\n<h2 class=\"wp-block-heading\">Vue d&rsquo;ensemble de Svalbard<\/h2>\n\n\n\n<p>Svalbard est un groupe d&rsquo;\u00eeles situ\u00e9 \u00e0 environ 1 200 kilom\u00e8tres du p\u00f4le Nord. Administrativement, l&rsquo;archipel est sous la souverainet\u00e9 de la Norv\u00e8ge depuis 1920, en vertu du Trait\u00e9 de Svalbard, qui permet \u00e0 des citoyens de pays signataires de r\u00e9sider et de mener des activit\u00e9s \u00e9conomiques l\u00e0-bas. Longyearbyen est le centre administratif et le plus grand \u00e9tablissement de Svalbard, accueillant la majorit\u00e9 de la population r\u00e9sidente.<\/p>\n\n\n\n<h2 class=\"wp-block-heading\">Population r\u00e9sidente<\/h2>\n\n\n\n<p>La population de Svalbard est relativement faible en raison de son climat arctique extr\u00eame et de son emplacement isol\u00e9. La derni\u00e8re estimation d\u00e9mographique (en date du d\u00e9but 2023) indique que l&rsquo;archipel compte un peu plus de 2 000 r\u00e9sidents permanents. L&rsquo;augmentation de la population au cours des derni\u00e8res d\u00e9cennies est principalement due \u00e0 la pr\u00e9sence de l&rsquo;industrie mini\u00e8re, bien que celle-ci ait diminu\u00e9 avec le temps, et \u00e0 la croissance du secteur de la recherche et du tourisme.<\/p>\n\n\n\n<h2 class=\"wp-block-heading\">Diversit\u00e9 culturelle<\/h2>\n\n\n\n<p>Bien que la Norv\u00e8ge exerce sa souverainet\u00e9 sur Svalbard, la population est \u00e9tonnamment diversifi\u00e9e. Cela est en partie d\u00fb au Trait\u00e9 de Svalbard qui permet \u00e0 des citoyens de diff\u00e9rents pays de vivre et de travailler sur les \u00eeles. Les r\u00e9sidents viennent notamment de Russie et d&rsquo;Ukraine, et, dans une moindre mesure, de Tha\u00eflande, de Su\u00e8de et d&rsquo;autres \u00c9tats membres de l&rsquo;EEE. Cette diversit\u00e9 se refl\u00e8te dans la culture locale, la cuisine et les \u00e9v\u00e9nements communautaires de Longyearbyen.<\/p>\n\n\n\n<h2 class=\"wp-block-heading\">Recherche scientifique et population temporaire<\/h2>\n\n\n\n<p>Svalbard est un emplacement privil\u00e9gi\u00e9 pour la recherche scientifique, notamment en climatologie, en glaciologie et en biologie. Plusieurs stations de recherche op\u00e8rent \u00e0 l&rsquo;ann\u00e9e, attirant des chercheurs du monde entier. En hiver, la population de Svalbard augmente lorsque des scientifiques et des \u00e9tudiants arrivent pour travailler sur des projets de courte dur\u00e9e. L&rsquo;Universit\u00e9 du Svalbard (UNIS) contribue \u00e9galement \u00e0 cette population temporaire.<\/p>\n\n\n\n<h2 class=\"wp-block-heading\">Tourisme<\/h2>\n\n\n\n<p>Le tourisme est devenu un secteur \u00e9conomique important pour Svalbard, en particulier durant les mois d&rsquo;\u00e9t\u00e9 lorsque le soleil de minuit attire des visiteurs d\u00e9sireux de d\u00e9couvrir la magie de l&rsquo;Arctique. Des croisi\u00e8res et des exp\u00e9ditions aventureuses augmentent temporairement la population de l&rsquo;archipel et contribuent \u00e0 son dynamisme \u00e9conomique.<\/p>\n\n\n\n<h2 class=\"wp-block-heading\">D\u00e9fis d\u00e9mographiques<\/h2>\n\n\n\n<p>La population de Svalbard est confront\u00e9e \u00e0 de nombreux d\u00e9fis, avec notamment des conditions climatiques rudes, l&rsquo;\u00e9loignement g\u00e9ographique et des limitations en mati\u00e8re d&rsquo;infrastructure. De plus, la viabilit\u00e9 \u00e0 long terme des communaut\u00e9s est mise \u00e0 l&rsquo;\u00e9preuve par les changements climatiques qui impactent l&rsquo;environnement arctique plus rapidement que dans d&rsquo;autres r\u00e9gions du monde.<\/p>\n","protected":false},"excerpt":{"rendered":"<p>Svalbard, un archipel situ\u00e9 dans l&rsquo;oc\u00e9an Arctique, est connu pour ses paysages glac\u00e9s, sa faune distinctive et son importance scientifique. Malgr\u00e9 des conditions de vie<\/p>\n","protected":false},"author":1,"featured_media":269,"comment_status":"closed","ping_status":"closed","sticky":false,"template":"","format":"standard","meta":{"footnotes":""},"categories":[1],"tags":[],"yoast_head":"<!-- This site is optimized with the Yoast SEO plugin v21.0 - https:\/\/yoast.com\/wordpress\/plugins\/seo\/ -->\n<title>Quelle est la population \u00e0 Svalbard ?<\/title>\n<meta name=\"robots\" content=\"index, follow, max-snippet:-1, max-image-preview:large, max-video-preview:-1\" \/>\n<link rel=\"canonical\" href=\"https:\/\/www.svalbard.fr\/actualites\/quelle-est-la-population-a-svalbard\/\" \/>\n<meta property=\"og:locale\" content=\"fr_FR\" \/>\n<meta property=\"og:type\" content=\"article\" \/>\n<meta property=\"og:title\" content=\"Quelle est la population \u00e0 Svalbard ?\" \/>\n<meta property=\"og:description\" content=\"Svalbard, un archipel situ\u00e9 dans l&rsquo;oc\u00e9an Arctique, est connu pour ses paysages glac\u00e9s, sa faune distinctive et son importance scientifique. Malgr\u00e9 des conditions de vie\" \/>\n<meta property=\"og:url\" content=\"https:\/\/www.svalbard.fr\/actualites\/quelle-est-la-population-a-svalbard\/\" \/>\n<meta property=\"og:site_name\" content=\"www.Svalbard.fr\" \/>\n<meta property=\"article:published_time\" content=\"2023-11-17T13:20:02+00:00\" \/>\n<meta property=\"article:modified_time\" content=\"2023-11-17T13:20:04+00:00\" \/>\n<meta property=\"og:image\" content=\"https:\/\/www.svalbard.fr\/actualites\/wp-content\/uploads\/2023\/11\/la-population-a-Svalbard.jpg\" \/>\n\t<meta property=\"og:image:width\" content=\"1920\" \/>\n\t<meta property=\"og:image:height\" content=\"1278\" \/>\n\t<meta property=\"og:image:type\" content=\"image\/jpeg\" \/>\n<meta name=\"author\" content=\"Hilmar\" \/>\n<meta name=\"twitter:card\" content=\"summary_large_image\" \/>\n<meta name=\"twitter:label1\" content=\"\u00c9crit par\" \/>\n\t<meta name=\"twitter:data1\" content=\"Hilmar\" \/>\n\t<meta name=\"twitter:label2\" content=\"Dur\u00e9e de lecture estim\u00e9e\" \/>\n\t<meta name=\"twitter:data2\" content=\"3 minutes\" \/>\n<script type=\"application\/ld+json\" class=\"yoast-schema-graph\">{\"@context\":\"https:\/\/schema.org\",\"@graph\":[{\"@type\":\"Article\",\"@id\":\"https:\/\/www.svalbard.fr\/actualites\/quelle-est-la-population-a-svalbard\/#article\",\"isPartOf\":{\"@id\":\"https:\/\/www.svalbard.fr\/actualites\/quelle-est-la-population-a-svalbard\/\"},\"author\":{\"name\":\"Hilmar\",\"@id\":\"https:\/\/www.svalbard.fr\/actualites\/#\/schema\/person\/a2f937d5712222366738fae98755c600\"},\"headline\":\"Quelle est la population \u00e0 Svalbard ?\",\"datePublished\":\"2023-11-17T13:20:02+00:00\",\"dateModified\":\"2023-11-17T13:20:04+00:00\",\"mainEntityOfPage\":{\"@id\":\"https:\/\/www.svalbard.fr\/actualites\/quelle-est-la-population-a-svalbard\/\"},\"wordCount\":505,\"publisher\":{\"@id\":\"https:\/\/www.svalbard.fr\/actualites\/#organization\"},\"articleSection\":[\"Svalbard\"],\"inLanguage\":\"fr-FR\"},{\"@type\":\"WebPage\",\"@id\":\"https:\/\/www.svalbard.fr\/actualites\/quelle-est-la-population-a-svalbard\/\",\"url\":\"https:\/\/www.svalbard.fr\/actualites\/quelle-est-la-population-a-svalbard\/\",\"name\":\"Quelle est la population \u00e0 Svalbard ?\",\"isPartOf\":{\"@id\":\"https:\/\/www.svalbard.fr\/actualites\/#website\"},\"datePublished\":\"2023-11-17T13:20:02+00:00\",\"dateModified\":\"2023-11-17T13:20:04+00:00\",\"breadcrumb\":{\"@id\":\"https:\/\/www.svalbard.fr\/actualites\/quelle-est-la-population-a-svalbard\/#breadcrumb\"},\"inLanguage\":\"fr-FR\",\"potentialAction\":[{\"@type\":\"ReadAction\",\"target\":[\"https:\/\/www.svalbard.fr\/actualites\/quelle-est-la-population-a-svalbard\/\"]}]},{\"@type\":\"BreadcrumbList\",\"@id\":\"https:\/\/www.svalbard.fr\/actualites\/quelle-est-la-population-a-svalbard\/#breadcrumb\",\"itemListElement\":[{\"@type\":\"ListItem\",\"position\":1,\"name\":\"Accueil\",\"item\":\"https:\/\/www.svalbard.fr\/actualites\/\"},{\"@type\":\"ListItem\",\"position\":2,\"name\":\"Quelle est la population \u00e0 Svalbard ?\"}]},{\"@type\":\"WebSite\",\"@id\":\"https:\/\/www.svalbard.fr\/actualites\/#website\",\"url\":\"https:\/\/www.svalbard.fr\/actualites\/\",\"name\":\"www.Svalbard.fr\",\"description\":\"\",\"publisher\":{\"@id\":\"https:\/\/www.svalbard.fr\/actualites\/#organization\"},\"potentialAction\":[{\"@type\":\"SearchAction\",\"target\":{\"@type\":\"EntryPoint\",\"urlTemplate\":\"https:\/\/www.svalbard.fr\/actualites\/?s={search_term_string}\"},\"query-input\":\"required name=search_term_string\"}],\"inLanguage\":\"fr-FR\"},{\"@type\":\"Organization\",\"@id\":\"https:\/\/www.svalbard.fr\/actualites\/#organization\",\"name\":\"www.Svalbard.fr\",\"url\":\"https:\/\/www.svalbard.fr\/actualites\/\",\"logo\":{\"@type\":\"ImageObject\",\"inLanguage\":\"fr-FR\",\"@id\":\"https:\/\/www.svalbard.fr\/actualites\/#\/schema\/logo\/image\/\",\"url\":\"https:\/\/www.svalbard.fr\/actualites\/wp-content\/uploads\/2023\/09\/head-nom.jpg\",\"contentUrl\":\"https:\/\/www.svalbard.fr\/actualites\/wp-content\/uploads\/2023\/09\/head-nom.jpg\",\"width\":264,\"height\":35,\"caption\":\"www.Svalbard.fr\"},\"image\":{\"@id\":\"https:\/\/www.svalbard.fr\/actualites\/#\/schema\/logo\/image\/\"}},{\"@type\":\"Person\",\"@id\":\"https:\/\/www.svalbard.fr\/actualites\/#\/schema\/person\/a2f937d5712222366738fae98755c600\",\"name\":\"Hilmar\",\"image\":{\"@type\":\"ImageObject\",\"inLanguage\":\"fr-FR\",\"@id\":\"https:\/\/www.svalbard.fr\/actualites\/#\/schema\/person\/image\/\",\"url\":\"https:\/\/secure.gravatar.com\/avatar\/4daa437093476dbc32da415c112b6512?s=96&d=mm&r=g\",\"contentUrl\":\"https:\/\/secure.gravatar.com\/avatar\/4daa437093476dbc32da415c112b6512?s=96&d=mm&r=g\",\"caption\":\"Hilmar\"},\"description\":\"Hilmar est un passionn\u00e9 des r\u00e9gions polaires, sp\u00e9cialis\u00e9 dans la r\u00e9daction d'articles sur le Spitzberg et autres destinations arctiques. Il apporte son expertise et sa passion pour l'Arctique au sein de l'\u00e9quipe de r\u00e9daction de Svalbard depuis de nombreuses ann\u00e9es.\",\"sameAs\":[\"https:\/\/www.svalbard.fr\/\"]}]}<\/script>\n<!-- \/ Yoast SEO plugin. -->","yoast_head_json":{"title":"Quelle est la population \u00e0 Svalbard ?","robots":{"index":"index","follow":"follow","max-snippet":"max-snippet:-1","max-image-preview":"max-image-preview:large","max-video-preview":"max-video-preview:-1"},"canonical":"https:\/\/www.svalbard.fr\/actualites\/quelle-est-la-population-a-svalbard\/","og_locale":"fr_FR","og_type":"article","og_title":"Quelle est la population \u00e0 Svalbard ?","og_description":"Svalbard, un archipel situ\u00e9 dans l&rsquo;oc\u00e9an Arctique, est connu pour ses paysages glac\u00e9s, sa faune distinctive et son importance scientifique. Malgr\u00e9 des conditions de vie","og_url":"https:\/\/www.svalbard.fr\/actualites\/quelle-est-la-population-a-svalbard\/","og_site_name":"www.Svalbard.fr","article_published_time":"2023-11-17T13:20:02+00:00","article_modified_time":"2023-11-17T13:20:04+00:00","og_image":[{"width":1920,"height":1278,"url":"https:\/\/www.svalbard.fr\/actualites\/wp-content\/uploads\/2023\/11\/la-population-a-Svalbard.jpg","type":"image\/jpeg"}],"author":"Hilmar","twitter_card":"summary_large_image","twitter_misc":{"\u00c9crit par":"Hilmar","Dur\u00e9e de lecture estim\u00e9e":"3 minutes"},"schema":{"@context":"https:\/\/schema.org","@graph":[{"@type":"Article","@id":"https:\/\/www.svalbard.fr\/actualites\/quelle-est-la-population-a-svalbard\/#article","isPartOf":{"@id":"https:\/\/www.svalbard.fr\/actualites\/quelle-est-la-population-a-svalbard\/"},"author":{"name":"Hilmar","@id":"https:\/\/www.svalbard.fr\/actualites\/#\/schema\/person\/a2f937d5712222366738fae98755c600"},"headline":"Quelle est la population \u00e0 Svalbard ?","datePublished":"2023-11-17T13:20:02+00:00","dateModified":"2023-11-17T13:20:04+00:00","mainEntityOfPage":{"@id":"https:\/\/www.svalbard.fr\/actualites\/quelle-est-la-population-a-svalbard\/"},"wordCount":505,"publisher":{"@id":"https:\/\/www.svalbard.fr\/actualites\/#organization"},"articleSection":["Svalbard"],"inLanguage":"fr-FR"},{"@type":"WebPage","@id":"https:\/\/www.svalbard.fr\/actualites\/quelle-est-la-population-a-svalbard\/","url":"https:\/\/www.svalbard.fr\/actualites\/quelle-est-la-population-a-svalbard\/","name":"Quelle est la population \u00e0 Svalbard ?","isPartOf":{"@id":"https:\/\/www.svalbard.fr\/actualites\/#website"},"datePublished":"2023-11-17T13:20:02+00:00","dateModified":"2023-11-17T13:20:04+00:00","breadcrumb":{"@id":"https:\/\/www.svalbard.fr\/actualites\/quelle-est-la-population-a-svalbard\/#breadcrumb"},"inLanguage":"fr-FR","potentialAction":[{"@type":"ReadAction","target":["https:\/\/www.svalbard.fr\/actualites\/quelle-est-la-population-a-svalbard\/"]}]},{"@type":"BreadcrumbList","@id":"https:\/\/www.svalbard.fr\/actualites\/quelle-est-la-population-a-svalbard\/#breadcrumb","itemListElement":[{"@type":"ListItem","position":1,"name":"Accueil","item":"https:\/\/www.svalbard.fr\/actualites\/"},{"@type":"ListItem","position":2,"name":"Quelle est la population \u00e0 Svalbard ?"}]},{"@type":"WebSite","@id":"https:\/\/www.svalbard.fr\/actualites\/#website","url":"https:\/\/www.svalbard.fr\/actualites\/","name":"www.Svalbard.fr","description":"","publisher":{"@id":"https:\/\/www.svalbard.fr\/actualites\/#organization"},"potentialAction":[{"@type":"SearchAction","target":{"@type":"EntryPoint","urlTemplate":"https:\/\/www.svalbard.fr\/actualites\/?s={search_term_string}"},"query-input":"required name=search_term_string"}],"inLanguage":"fr-FR"},{"@type":"Organization","@id":"https:\/\/www.svalbard.fr\/actualites\/#organization","name":"www.Svalbard.fr","url":"https:\/\/www.svalbard.fr\/actualites\/","logo":{"@type":"ImageObject","inLanguage":"fr-FR","@id":"https:\/\/www.svalbard.fr\/actualites\/#\/schema\/logo\/image\/","url":"https:\/\/www.svalbard.fr\/actualites\/wp-content\/uploads\/2023\/09\/head-nom.jpg","contentUrl":"https:\/\/www.svalbard.fr\/actualites\/wp-content\/uploads\/2023\/09\/head-nom.jpg","width":264,"height":35,"caption":"www.Svalbard.fr"},"image":{"@id":"https:\/\/www.svalbard.fr\/actualites\/#\/schema\/logo\/image\/"}},{"@type":"Person","@id":"https:\/\/www.svalbard.fr\/actualites\/#\/schema\/person\/a2f937d5712222366738fae98755c600","name":"Hilmar","image":{"@type":"ImageObject","inLanguage":"fr-FR","@id":"https:\/\/www.svalbard.fr\/actualites\/#\/schema\/person\/image\/","url":"https:\/\/secure.gravatar.com\/avatar\/4daa437093476dbc32da415c112b6512?s=96&d=mm&r=g","contentUrl":"https:\/\/secure.gravatar.com\/avatar\/4daa437093476dbc32da415c112b6512?s=96&d=mm&r=g","caption":"Hilmar"},"description":"Hilmar est un passionn\u00e9 des r\u00e9gions polaires, sp\u00e9cialis\u00e9 dans la r\u00e9daction d'articles sur le Spitzberg et autres destinations arctiques. Il apporte son expertise et sa passion pour l'Arctique au sein de l'\u00e9quipe de r\u00e9daction de Svalbard depuis de nombreuses ann\u00e9es.","sameAs":["https:\/\/www.svalbard.fr\/"]}]}},"_links":{"self":[{"href":"https:\/\/www.svalbard.fr\/actualites\/wp-json\/wp\/v2\/posts\/268"}],"collection":[{"href":"https:\/\/www.svalbard.fr\/actualites\/wp-json\/wp\/v2\/posts"}],"about":[{"href":"https:\/\/www.svalbard.fr\/actualites\/wp-json\/wp\/v2\/types\/post"}],"author":[{"embeddable":true,"href":"https:\/\/www.svalbard.fr\/actualites\/wp-json\/wp\/v2\/users\/1"}],"replies":[{"embeddable":true,"href":"https:\/\/www.svalbard.fr\/actualites\/wp-json\/wp\/v2\/comments?post=268"}],"version-history":[{"count":1,"href":"https:\/\/www.svalbard.fr\/actualites\/wp-json\/wp\/v2\/posts\/268\/revisions"}],"predecessor-version":[{"id":270,"href":"https:\/\/www.svalbard.fr\/actualites\/wp-json\/wp\/v2\/posts\/268\/revisions\/270"}],"wp:featuredmedia":[{"embeddable":true,"href":"https:\/\/www.svalbard.fr\/actualites\/wp-json\/wp\/v2\/media\/269"}],"wp:attachment":[{"href":"https:\/\/www.svalbard.fr\/actualites\/wp-json\/wp\/v2\/media?parent=268"}],"wp:term":[{"taxonomy":"category","embeddable":true,"href":"https:\/\/www.svalbard.fr\/actualites\/wp-json\/wp\/v2\/categories?post=268"},{"taxonomy":"post_tag","embeddable":true,"href":"https:\/\/www.svalbard.fr\/actualites\/wp-json\/wp\/v2\/tags?post=268"}],"curies":[{"name":"wp","href":"https:\/\/api.w.org\/{rel}","templated":true}]}}