{"id":2684,"date":"2025-03-04T10:30:00","date_gmt":"2025-03-04T09:30:00","guid":{"rendered":"https:\/\/www.svalbard.fr\/actualites\/?p=2684"},"modified":"2025-03-04T09:18:01","modified_gmt":"2025-03-04T08:18:01","slug":"mercedes-innove-en-lancant-une-batterie-hybride-pour-ses-vehicules-electriques","status":"publish","type":"post","link":"https:\/\/www.svalbard.fr\/actualites\/mercedes-innove-en-lancant-une-batterie-hybride-pour-ses-vehicules-electriques\/","title":{"rendered":"Mercedes innove en lan\u00e7ant une batterie hybride pour ses v\u00e9hicules \u00e9lectriques"},"content":{"rendered":"\n<p><strong><em>L\u2019industrie automobile est en pleine transformation et <strong>Mercedes-Benz<\/strong> entend bien jouer un r\u00f4le cl\u00e9 dans cette r\u00e9volution. Lors d\u2019un r\u00e9cent \u00e9v\u00e9nement \u00e0 Stuttgart, le constructeur allemand a d\u00e9voil\u00e9 une <strong>innovation de taille<\/strong> : une <strong>batterie hybride combinant deux types de cellules<\/strong>, une technologie prometteuse qui pourrait <strong>repousser les limites de l\u2019\u00e9lectromobilit\u00e9<\/strong><\/em><\/strong><em>.<\/em><\/p>\n\n\n\n<!--more-->\n\n\n\n<p>Avec cette approche novatrice, Mercedes vise \u00e0 <strong>optimiser l\u2019autonomie, la durabilit\u00e9 et les performances<\/strong> de ses mod\u00e8les \u00e9lectriques, tout en ma\u00eetrisant les co\u00fbts. Mais concr\u00e8tement, que signifie cette <a href=\"https:\/\/www.svalbard.fr\/actualites\/la-suisse-devoile-une-innovation-solaire-a-la-hauteur-dun-gadget-de-james-bond\/\"><strong>innovation<\/strong><\/a> pour l\u2019avenir de la mobilit\u00e9 \u00e9lectrique ?<\/p>\n\n\n\n<h2 class=\"wp-block-heading\"><strong>Une batterie hybride alliant LFP et NMC<\/strong><\/h2>\n\n\n\n<p>La grande nouveaut\u00e9 r\u00e9side dans <strong>l\u2019association de deux technologies de batteries<\/strong> au sein d\u2019un m\u00eame pack :<br>\u2714 <strong>Les cellules LFP (Lithium-Fer-Phosphate)<\/strong>, reconnues pour leur <strong>stabilit\u00e9 thermique<\/strong>, leur <strong>long\u00e9vit\u00e9<\/strong> et leur <strong>co\u00fbt r\u00e9duit<\/strong>. Elles sont id\u00e9ales pour <strong>les charges rapides r\u00e9p\u00e9t\u00e9es<\/strong> et les trajets quotidiens.<br>\u2714 <strong>Les cellules NMC (Nickel-Mangan\u00e8se-Cobalt)<\/strong>, offrant une <strong>densit\u00e9 \u00e9nerg\u00e9tique sup\u00e9rieure<\/strong> et donc une <strong>meilleure autonomie<\/strong>, adapt\u00e9es aux <strong>longs trajets<\/strong> et aux besoins de puissance accrus.<\/p>\n\n\n\n<p>En combinant ces deux chimies, Mercedes-Benz cherche \u00e0 tirer le <strong>meilleur des deux mondes<\/strong> pour concevoir <strong>des batteries plus performantes et plus accessibles<\/strong>.<\/p>\n\n\n\n<h2 class=\"wp-block-heading\"><strong>Une gestion de l\u2019\u00e9nergie intelligente gr\u00e2ce \u00e0 un micro-convertisseur<\/strong><\/h2>\n\n\n\n<p>L\u2019innovation ne s\u2019arr\u00eate pas l\u00e0 : <strong>Mercedes a d\u00e9velopp\u00e9 un micro-convertisseur programmable<\/strong> qui am\u00e9liore la gestion des cellules de batterie en temps r\u00e9el. Ce dispositif permet :<br>\ud83d\udd0b <strong>Un \u00e9quilibrage pr\u00e9cis<\/strong> de la charge entre les diff\u00e9rentes cellules pour <strong>\u00e9viter les pertes d\u2019efficacit\u00e9<\/strong>.<br>\ud83d\udee0 <strong>L\u2019isolement des cellules endommag\u00e9es<\/strong>, emp\u00eachant un dysfonctionnement global du pack.<br>\ud83d\udcca <strong>Un contr\u00f4le avanc\u00e9 de l\u2019\u00e9tat de sant\u00e9 de la batterie<\/strong>, optimisant ainsi sa <strong>dur\u00e9e de vie<\/strong>.<br>\u26a1 <strong>Une tension stable de 800V<\/strong>, garantissant des performances constantes, quel que soit le niveau de charge.<\/p>\n\n\n\n<p>Gr\u00e2ce \u00e0 cette gestion avanc\u00e9e, <strong>les batteries gagnent en efficacit\u00e9, en long\u00e9vit\u00e9 et en s\u00e9curit\u00e9<\/strong>, des points essentiels pour d\u00e9mocratiser la mobilit\u00e9 \u00e9lectrique.<\/p>\n\n\n\n<h2 class=\"wp-block-heading\"><strong>Un enjeu majeur pour l\u2019avenir des v\u00e9hicules \u00e9lectriques<\/strong><\/h2>\n\n\n\n<p>Avec cette innovation, Mercedes-Benz ambitionne de <strong>lever certains freins majeurs<\/strong> \u00e0 l\u2019adoption massive des v\u00e9hicules \u00e9lectriques :<br>\ud83d\ude97 <strong>Am\u00e9liorer l\u2019autonomie sans compromettre le prix final<\/strong>.<br>\ud83d\udcb0 <strong>R\u00e9duire les co\u00fbts de production gr\u00e2ce \u00e0 des mat\u00e9riaux plus accessibles<\/strong>.<br>\ud83c\udf31 <strong>Accro\u00eetre la durabilit\u00e9 des batteries pour un impact environnemental r\u00e9duit<\/strong>.<\/p>\n\n\n\n<p>Ce choix strat\u00e9gique pourrait <strong>influencer l\u2019ensemble de l\u2019industrie automobile<\/strong>, incitant d\u2019autres constructeurs \u00e0 explorer des solutions similaires pour am\u00e9liorer leurs mod\u00e8les \u00e9lectriques.<\/p>\n\n\n\n<h2 class=\"wp-block-heading\"><strong>Vers une adoption progressive de cette technologie ?<\/strong><\/h2>\n\n\n\n<p>Bien que Mercedes n\u2019ait pas encore annonc\u00e9 <strong>de date officielle<\/strong> pour l\u2019int\u00e9gration de cette batterie hybride dans ses v\u00e9hicules de production, le constructeur semble d\u00e9termin\u00e9 \u00e0 poursuivre son d\u00e9veloppement.<\/p>\n\n\n\n<p>\u00c0 terme, cette technologie pourrait permettre aux v\u00e9hicules \u00e9lectriques de <strong>s\u2019adapter aux diff\u00e9rents usages<\/strong> :<br>\ud83d\udd39 <strong>Utiliser les cellules LFP pour les trajets courts<\/strong>, maximisant la durabilit\u00e9 et la charge rapide.<br>\ud83d\udd39 <strong>Mobiliser les cellules NMC pour les longs trajets<\/strong>, offrant une autonomie \u00e9tendue sans compromettre la performance.<\/p>\n\n\n\n<p>Cette approche modulaire pourrait bien <strong>changer la donne<\/strong> et <strong>marquer un tournant<\/strong> dans la conception des batteries pour <a href=\"https:\/\/www.svalbard.fr\/actualites\/rechargez-votre-voiture-electrique-a-moindre-cout-grace-a-cette-technique-innovante\/\"><strong>v\u00e9hicules \u00e9lectriques<\/strong><\/a>.<\/p>\n\n\n\n<h2 class=\"wp-block-heading\"><strong>Un pari audacieux pour un futur \u00e9lectrique plus performant<\/strong><\/h2>\n\n\n\n<p>En s\u2019engageant dans cette voie, <strong>Mercedes-Benz ne se contente pas de suivre la transition \u00e9lectrique, mais cherche \u00e0 la red\u00e9finir<\/strong>. Si cette technologie parvient \u00e0 \u00eatre d\u00e9ploy\u00e9e \u00e0 grande \u00e9chelle, elle pourrait acc\u00e9l\u00e9rer <strong>l\u2019adoption des v\u00e9hicules \u00e9lectriques<\/strong> en offrant une meilleure <strong>autonomie, une recharge plus rapide et un co\u00fbt plus abordable<\/strong>.<\/p>\n\n\n\n<p>Il reste \u00e0 voir <strong>quand et comment<\/strong> cette <a href=\"https:\/\/www.svalbard.fr\/actualites\/une-autonomie-exceptionnelle-et-une-recharge-ultra-rapide-mercedes-impressionne-avec-la-nouvelle-cla\/\"><strong>batterie hybride<\/strong><\/a> se concr\u00e9tisera sur les futurs mod\u00e8les de la marque. Mais une chose est s\u00fbre : <strong>Mercedes-Benz pr\u00e9pare activement l\u2019avenir de l\u2019\u00e9lectromobilit\u00e9 avec des solutions innovantes et adapt\u00e9es aux d\u00e9fis de demain<\/strong>.<\/p>\n","protected":false},"excerpt":{"rendered":"<p>L\u2019industrie automobile est en pleine transformation et Mercedes-Benz entend bien jouer un r\u00f4le cl\u00e9 dans cette r\u00e9volution. Lors d\u2019un r\u00e9cent \u00e9v\u00e9nement \u00e0 Stuttgart, le constructeur<\/p>\n","protected":false},"author":3,"featured_media":2685,"comment_status":"closed","ping_status":"closed","sticky":false,"template":"","format":"standard","meta":{"footnotes":""},"categories":[1725],"tags":[],"yoast_head":"<!-- This site is optimized with the Yoast SEO plugin v21.0 - https:\/\/yoast.com\/wordpress\/plugins\/seo\/ -->\n<title>Mercedes innove en lan\u00e7ant une batterie hybride pour ses v\u00e9hicules \u00e9lectriques<\/title>\n<meta name=\"robots\" content=\"index, follow, max-snippet:-1, max-image-preview:large, max-video-preview:-1\" \/>\n<link rel=\"canonical\" href=\"https:\/\/www.svalbard.fr\/actualites\/mercedes-innove-en-lancant-une-batterie-hybride-pour-ses-vehicules-electriques\/\" \/>\n<meta property=\"og:locale\" content=\"fr_FR\" \/>\n<meta property=\"og:type\" content=\"article\" \/>\n<meta property=\"og:title\" content=\"Mercedes innove en lan\u00e7ant une batterie hybride pour ses v\u00e9hicules \u00e9lectriques\" \/>\n<meta property=\"og:description\" content=\"L\u2019industrie automobile est en pleine transformation et Mercedes-Benz entend bien jouer un r\u00f4le cl\u00e9 dans cette r\u00e9volution. Lors d\u2019un r\u00e9cent \u00e9v\u00e9nement \u00e0 Stuttgart, le constructeur\" \/>\n<meta property=\"og:url\" content=\"https:\/\/www.svalbard.fr\/actualites\/mercedes-innove-en-lancant-une-batterie-hybride-pour-ses-vehicules-electriques\/\" \/>\n<meta property=\"og:site_name\" content=\"www.Svalbard.fr\" \/>\n<meta property=\"article:published_time\" content=\"2025-03-04T09:30:00+00:00\" \/>\n<meta property=\"article:modified_time\" content=\"2025-03-04T08:18:01+00:00\" \/>\n<meta property=\"og:image\" content=\"https:\/\/www.svalbard.fr\/actualites\/wp-content\/uploads\/2025\/03\/Revolution-des-batteries-Mercedes-Benz.jpg\" \/>\n\t<meta property=\"og:image:width\" content=\"1199\" \/>\n\t<meta property=\"og:image:height\" content=\"674\" \/>\n\t<meta property=\"og:image:type\" content=\"image\/jpeg\" \/>\n<meta name=\"author\" content=\"Guillaume Chen\" \/>\n<meta name=\"twitter:card\" content=\"summary_large_image\" \/>\n<meta name=\"twitter:label1\" content=\"\u00c9crit par\" \/>\n\t<meta name=\"twitter:data1\" content=\"Guillaume Chen\" \/>\n\t<meta name=\"twitter:label2\" content=\"Dur\u00e9e de lecture estim\u00e9e\" \/>\n\t<meta name=\"twitter:data2\" content=\"3 minutes\" \/>\n<script type=\"application\/ld+json\" class=\"yoast-schema-graph\">{\"@context\":\"https:\/\/schema.org\",\"@graph\":[{\"@type\":\"Article\",\"@id\":\"https:\/\/www.svalbard.fr\/actualites\/mercedes-innove-en-lancant-une-batterie-hybride-pour-ses-vehicules-electriques\/#article\",\"isPartOf\":{\"@id\":\"https:\/\/www.svalbard.fr\/actualites\/mercedes-innove-en-lancant-une-batterie-hybride-pour-ses-vehicules-electriques\/\"},\"author\":{\"name\":\"Guillaume Chen\",\"@id\":\"https:\/\/www.svalbard.fr\/actualites\/#\/schema\/person\/b9d185560b94bff7322d37cb676ee545\"},\"headline\":\"Mercedes innove en lan\u00e7ant une batterie hybride pour ses v\u00e9hicules \u00e9lectriques\",\"datePublished\":\"2025-03-04T09:30:00+00:00\",\"dateModified\":\"2025-03-04T08:18:01+00:00\",\"mainEntityOfPage\":{\"@id\":\"https:\/\/www.svalbard.fr\/actualites\/mercedes-innove-en-lancant-une-batterie-hybride-pour-ses-vehicules-electriques\/\"},\"wordCount\":666,\"publisher\":{\"@id\":\"https:\/\/www.svalbard.fr\/actualites\/#organization\"},\"articleSection\":[\"Tendances\"],\"inLanguage\":\"fr-FR\"},{\"@type\":\"WebPage\",\"@id\":\"https:\/\/www.svalbard.fr\/actualites\/mercedes-innove-en-lancant-une-batterie-hybride-pour-ses-vehicules-electriques\/\",\"url\":\"https:\/\/www.svalbard.fr\/actualites\/mercedes-innove-en-lancant-une-batterie-hybride-pour-ses-vehicules-electriques\/\",\"name\":\"Mercedes innove en lan\u00e7ant une batterie hybride pour ses v\u00e9hicules \u00e9lectriques\",\"isPartOf\":{\"@id\":\"https:\/\/www.svalbard.fr\/actualites\/#website\"},\"datePublished\":\"2025-03-04T09:30:00+00:00\",\"dateModified\":\"2025-03-04T08:18:01+00:00\",\"breadcrumb\":{\"@id\":\"https:\/\/www.svalbard.fr\/actualites\/mercedes-innove-en-lancant-une-batterie-hybride-pour-ses-vehicules-electriques\/#breadcrumb\"},\"inLanguage\":\"fr-FR\",\"potentialAction\":[{\"@type\":\"ReadAction\",\"target\":[\"https:\/\/www.svalbard.fr\/actualites\/mercedes-innove-en-lancant-une-batterie-hybride-pour-ses-vehicules-electriques\/\"]}]},{\"@type\":\"BreadcrumbList\",\"@id\":\"https:\/\/www.svalbard.fr\/actualites\/mercedes-innove-en-lancant-une-batterie-hybride-pour-ses-vehicules-electriques\/#breadcrumb\",\"itemListElement\":[{\"@type\":\"ListItem\",\"position\":1,\"name\":\"Accueil\",\"item\":\"https:\/\/www.svalbard.fr\/actualites\/\"},{\"@type\":\"ListItem\",\"position\":2,\"name\":\"Mercedes innove en lan\u00e7ant une batterie hybride pour ses v\u00e9hicules \u00e9lectriques\"}]},{\"@type\":\"WebSite\",\"@id\":\"https:\/\/www.svalbard.fr\/actualites\/#website\",\"url\":\"https:\/\/www.svalbard.fr\/actualites\/\",\"name\":\"www.Svalbard.fr\",\"description\":\"\",\"publisher\":{\"@id\":\"https:\/\/www.svalbard.fr\/actualites\/#organization\"},\"potentialAction\":[{\"@type\":\"SearchAction\",\"target\":{\"@type\":\"EntryPoint\",\"urlTemplate\":\"https:\/\/www.svalbard.fr\/actualites\/?s={search_term_string}\"},\"query-input\":\"required name=search_term_string\"}],\"inLanguage\":\"fr-FR\"},{\"@type\":\"Organization\",\"@id\":\"https:\/\/www.svalbard.fr\/actualites\/#organization\",\"name\":\"www.Svalbard.fr\",\"url\":\"https:\/\/www.svalbard.fr\/actualites\/\",\"logo\":{\"@type\":\"ImageObject\",\"inLanguage\":\"fr-FR\",\"@id\":\"https:\/\/www.svalbard.fr\/actualites\/#\/schema\/logo\/image\/\",\"url\":\"https:\/\/www.svalbard.fr\/actualites\/wp-content\/uploads\/2023\/09\/head-nom.jpg\",\"contentUrl\":\"https:\/\/www.svalbard.fr\/actualites\/wp-content\/uploads\/2023\/09\/head-nom.jpg\",\"width\":264,\"height\":35,\"caption\":\"www.Svalbard.fr\"},\"image\":{\"@id\":\"https:\/\/www.svalbard.fr\/actualites\/#\/schema\/logo\/image\/\"}},{\"@type\":\"Person\",\"@id\":\"https:\/\/www.svalbard.fr\/actualites\/#\/schema\/person\/b9d185560b94bff7322d37cb676ee545\",\"name\":\"Guillaume Chen\",\"image\":{\"@type\":\"ImageObject\",\"inLanguage\":\"fr-FR\",\"@id\":\"https:\/\/www.svalbard.fr\/actualites\/#\/schema\/person\/image\/\",\"url\":\"https:\/\/secure.gravatar.com\/avatar\/0c3f9c94586035b795ad4049a06fb048?s=96&d=mm&r=g\",\"contentUrl\":\"https:\/\/secure.gravatar.com\/avatar\/0c3f9c94586035b795ad4049a06fb048?s=96&d=mm&r=g\",\"caption\":\"Guillaume Chen\"},\"sameAs\":[\"https:\/\/www.svalbard.fr\/\"]}]}<\/script>\n<!-- \/ Yoast SEO plugin. -->","yoast_head_json":{"title":"Mercedes innove en lan\u00e7ant une batterie hybride pour ses v\u00e9hicules \u00e9lectriques","robots":{"index":"index","follow":"follow","max-snippet":"max-snippet:-1","max-image-preview":"max-image-preview:large","max-video-preview":"max-video-preview:-1"},"canonical":"https:\/\/www.svalbard.fr\/actualites\/mercedes-innove-en-lancant-une-batterie-hybride-pour-ses-vehicules-electriques\/","og_locale":"fr_FR","og_type":"article","og_title":"Mercedes innove en lan\u00e7ant une batterie hybride pour ses v\u00e9hicules \u00e9lectriques","og_description":"L\u2019industrie automobile est en pleine transformation et Mercedes-Benz entend bien jouer un r\u00f4le cl\u00e9 dans cette r\u00e9volution. Lors d\u2019un r\u00e9cent \u00e9v\u00e9nement \u00e0 Stuttgart, le constructeur","og_url":"https:\/\/www.svalbard.fr\/actualites\/mercedes-innove-en-lancant-une-batterie-hybride-pour-ses-vehicules-electriques\/","og_site_name":"www.Svalbard.fr","article_published_time":"2025-03-04T09:30:00+00:00","article_modified_time":"2025-03-04T08:18:01+00:00","og_image":[{"width":1199,"height":674,"url":"https:\/\/www.svalbard.fr\/actualites\/wp-content\/uploads\/2025\/03\/Revolution-des-batteries-Mercedes-Benz.jpg","type":"image\/jpeg"}],"author":"Guillaume Chen","twitter_card":"summary_large_image","twitter_misc":{"\u00c9crit par":"Guillaume Chen","Dur\u00e9e de lecture estim\u00e9e":"3 minutes"},"schema":{"@context":"https:\/\/schema.org","@graph":[{"@type":"Article","@id":"https:\/\/www.svalbard.fr\/actualites\/mercedes-innove-en-lancant-une-batterie-hybride-pour-ses-vehicules-electriques\/#article","isPartOf":{"@id":"https:\/\/www.svalbard.fr\/actualites\/mercedes-innove-en-lancant-une-batterie-hybride-pour-ses-vehicules-electriques\/"},"author":{"name":"Guillaume Chen","@id":"https:\/\/www.svalbard.fr\/actualites\/#\/schema\/person\/b9d185560b94bff7322d37cb676ee545"},"headline":"Mercedes innove en lan\u00e7ant une batterie hybride pour ses v\u00e9hicules \u00e9lectriques","datePublished":"2025-03-04T09:30:00+00:00","dateModified":"2025-03-04T08:18:01+00:00","mainEntityOfPage":{"@id":"https:\/\/www.svalbard.fr\/actualites\/mercedes-innove-en-lancant-une-batterie-hybride-pour-ses-vehicules-electriques\/"},"wordCount":666,"publisher":{"@id":"https:\/\/www.svalbard.fr\/actualites\/#organization"},"articleSection":["Tendances"],"inLanguage":"fr-FR"},{"@type":"WebPage","@id":"https:\/\/www.svalbard.fr\/actualites\/mercedes-innove-en-lancant-une-batterie-hybride-pour-ses-vehicules-electriques\/","url":"https:\/\/www.svalbard.fr\/actualites\/mercedes-innove-en-lancant-une-batterie-hybride-pour-ses-vehicules-electriques\/","name":"Mercedes innove en lan\u00e7ant une batterie hybride pour ses v\u00e9hicules \u00e9lectriques","isPartOf":{"@id":"https:\/\/www.svalbard.fr\/actualites\/#website"},"datePublished":"2025-03-04T09:30:00+00:00","dateModified":"2025-03-04T08:18:01+00:00","breadcrumb":{"@id":"https:\/\/www.svalbard.fr\/actualites\/mercedes-innove-en-lancant-une-batterie-hybride-pour-ses-vehicules-electriques\/#breadcrumb"},"inLanguage":"fr-FR","potentialAction":[{"@type":"ReadAction","target":["https:\/\/www.svalbard.fr\/actualites\/mercedes-innove-en-lancant-une-batterie-hybride-pour-ses-vehicules-electriques\/"]}]},{"@type":"BreadcrumbList","@id":"https:\/\/www.svalbard.fr\/actualites\/mercedes-innove-en-lancant-une-batterie-hybride-pour-ses-vehicules-electriques\/#breadcrumb","itemListElement":[{"@type":"ListItem","position":1,"name":"Accueil","item":"https:\/\/www.svalbard.fr\/actualites\/"},{"@type":"ListItem","position":2,"name":"Mercedes innove en lan\u00e7ant une batterie hybride pour ses v\u00e9hicules \u00e9lectriques"}]},{"@type":"WebSite","@id":"https:\/\/www.svalbard.fr\/actualites\/#website","url":"https:\/\/www.svalbard.fr\/actualites\/","name":"www.Svalbard.fr","description":"","publisher":{"@id":"https:\/\/www.svalbard.fr\/actualites\/#organization"},"potentialAction":[{"@type":"SearchAction","target":{"@type":"EntryPoint","urlTemplate":"https:\/\/www.svalbard.fr\/actualites\/?s={search_term_string}"},"query-input":"required name=search_term_string"}],"inLanguage":"fr-FR"},{"@type":"Organization","@id":"https:\/\/www.svalbard.fr\/actualites\/#organization","name":"www.Svalbard.fr","url":"https:\/\/www.svalbard.fr\/actualites\/","logo":{"@type":"ImageObject","inLanguage":"fr-FR","@id":"https:\/\/www.svalbard.fr\/actualites\/#\/schema\/logo\/image\/","url":"https:\/\/www.svalbard.fr\/actualites\/wp-content\/uploads\/2023\/09\/head-nom.jpg","contentUrl":"https:\/\/www.svalbard.fr\/actualites\/wp-content\/uploads\/2023\/09\/head-nom.jpg","width":264,"height":35,"caption":"www.Svalbard.fr"},"image":{"@id":"https:\/\/www.svalbard.fr\/actualites\/#\/schema\/logo\/image\/"}},{"@type":"Person","@id":"https:\/\/www.svalbard.fr\/actualites\/#\/schema\/person\/b9d185560b94bff7322d37cb676ee545","name":"Guillaume Chen","image":{"@type":"ImageObject","inLanguage":"fr-FR","@id":"https:\/\/www.svalbard.fr\/actualites\/#\/schema\/person\/image\/","url":"https:\/\/secure.gravatar.com\/avatar\/0c3f9c94586035b795ad4049a06fb048?s=96&d=mm&r=g","contentUrl":"https:\/\/secure.gravatar.com\/avatar\/0c3f9c94586035b795ad4049a06fb048?s=96&d=mm&r=g","caption":"Guillaume Chen"},"sameAs":["https:\/\/www.svalbard.fr\/"]}]}},"_links":{"self":[{"href":"https:\/\/www.svalbard.fr\/actualites\/wp-json\/wp\/v2\/posts\/2684"}],"collection":[{"href":"https:\/\/www.svalbard.fr\/actualites\/wp-json\/wp\/v2\/posts"}],"about":[{"href":"https:\/\/www.svalbard.fr\/actualites\/wp-json\/wp\/v2\/types\/post"}],"author":[{"embeddable":true,"href":"https:\/\/www.svalbard.fr\/actualites\/wp-json\/wp\/v2\/users\/3"}],"replies":[{"embeddable":true,"href":"https:\/\/www.svalbard.fr\/actualites\/wp-json\/wp\/v2\/comments?post=2684"}],"version-history":[{"count":1,"href":"https:\/\/www.svalbard.fr\/actualites\/wp-json\/wp\/v2\/posts\/2684\/revisions"}],"predecessor-version":[{"id":2686,"href":"https:\/\/www.svalbard.fr\/actualites\/wp-json\/wp\/v2\/posts\/2684\/revisions\/2686"}],"wp:featuredmedia":[{"embeddable":true,"href":"https:\/\/www.svalbard.fr\/actualites\/wp-json\/wp\/v2\/media\/2685"}],"wp:attachment":[{"href":"https:\/\/www.svalbard.fr\/actualites\/wp-json\/wp\/v2\/media?parent=2684"}],"wp:term":[{"taxonomy":"category","embeddable":true,"href":"https:\/\/www.svalbard.fr\/actualites\/wp-json\/wp\/v2\/categories?post=2684"},{"taxonomy":"post_tag","embeddable":true,"href":"https:\/\/www.svalbard.fr\/actualites\/wp-json\/wp\/v2\/tags?post=2684"}],"curies":[{"name":"wp","href":"https:\/\/api.w.org\/{rel}","templated":true}]}}