{"id":274,"date":"2023-11-17T14:32:49","date_gmt":"2023-11-17T13:32:49","guid":{"rendered":"https:\/\/www.svalbard.fr\/actualites\/?p=274"},"modified":"2023-11-17T14:32:50","modified_gmt":"2023-11-17T13:32:50","slug":"comment-bien-preparer-ses-vacances-a-svalbard","status":"publish","type":"post","link":"https:\/\/www.svalbard.fr\/actualites\/comment-bien-preparer-ses-vacances-a-svalbard\/","title":{"rendered":"Comment bien pr\u00e9parer ses vacances \u00e0 Svalbard ?"},"content":{"rendered":"\n<p>Svalbard, un archipel situ\u00e9 dans les eaux glac\u00e9es de l&rsquo;Arctique, offre une exp\u00e9rience de voyage hors du commun. Avec ses paysages \u00e0 couper le souffle, sa faune unique et ses villages isol\u00e9s, cette destination promet une aventure inoubliable. Cependant, un tel voyage requiert une pr\u00e9paration minutieuse. Voici un guide pratique pour bien organiser vos vacances \u00e0 Svalbard et profiter pleinement de cette terre sauvage et pr\u00e9serv\u00e9e.<\/p>\n\n\n\n<h2 class=\"wp-block-heading\">Choix de la P\u00e9riode<\/h2>\n\n\n\n<p>Les conditions climatiques varient grandement \u00e0 Svalbard. L&rsquo;hiver est long et sombre avec une saison de nuit polaire de fin octobre \u00e0 mi-f\u00e9vrier. L&rsquo;\u00e9t\u00e9, en revanche, b\u00e9n\u00e9ficie du soleil de minuit de fin avril \u00e0 fin ao\u00fbt, ce qui offre 24 heures de lumi\u00e8re. La p\u00e9riode id\u00e9ale pour visiter d\u00e9pend de ce que vous souhaitez voir et faire. Pour observer les aurores bor\u00e9ales, planifiez votre voyage entre novembre et f\u00e9vrier. Pour la randonn\u00e9e et observer la faune dans les meilleures conditions, privil\u00e9giez la p\u00e9riode de juin \u00e0 septembre.<\/p>\n\n\n\n<h2 class=\"wp-block-heading\">R\u00e9servations \u00e0 l&rsquo;Avance<\/h2>\n\n\n\n<p>Svalbard est une destination isol\u00e9e, ce qui signifie que les options d&rsquo;h\u00e9bergement et de transport sont limit\u00e9es. R\u00e9servez votre vol vers Longyearbyen, l&rsquo;unique ville de Svalbard, ainsi que votre h\u00e9bergement plusieurs mois \u00e0 l&rsquo;avance, surtout si vous comptez voyager lors de la haute saison touristique.<\/p>\n\n\n\n<h2 class=\"wp-block-heading\">Equipement Adapt\u00e9<\/h2>\n\n\n\n<p>Le climat de Svalbard peut \u00eatre extr\u00eame, il est donc crucial de bien s&rsquo;\u00e9quiper. Pr\u00e9voyez des v\u00eatements chauds et superposables, imperm\u00e9ables et coupe-vent, ainsi qu&rsquo;une bonne paire de bottes isol\u00e9es. N&rsquo;oubliez pas les accessoires essentiels tels que bonnets, gants, et lunettes de protection solaire. En fonction de vos activit\u00e9s, vous pourriez aussi avoir besoin d&rsquo;\u00e9quipement sp\u00e9cialis\u00e9 comme des skis, raquettes ou un appareil photo avec objectifs adapt\u00e9s pour la faune.<\/p>\n\n\n\n<h2 class=\"wp-block-heading\">Connaissance des Risques<\/h2>\n\n\n\n<p>Il est important d&rsquo;\u00eatre conscient des risques li\u00e9s \u00e0 l&rsquo;environnement de Svalbard. Le froid extr\u00eame, la glace et la neige peuvent pr\u00e9senter des dangers, sans oublier les ours polaires. Pr\u00e9parez-vous \u00e0 ces conditions et renseignez-vous sur les mesures de s\u00e9curit\u00e9 \u00e0 prendre. Il est conseill\u00e9 de voyager avec des guides exp\u00e9riment\u00e9s si vous pr\u00e9voyez des exp\u00e9ditions loin de Longyearbyen.<\/p>\n\n\n\n<h2 class=\"wp-block-heading\">Respect de l&rsquo;Environnement<\/h2>\n\n\n\n<p>Svalbard est un \u00e9cosyst\u00e8me fragile. Les visiteurs doivent suivre des pratiques responsables et \u00e9cologiques. Cela inclut le respect de la faune, l&rsquo;interdiction de laisser des d\u00e9chets, et la r\u00e9duction de l&rsquo;impact sur l&rsquo;environnement naturel. V\u00e9rifiez \u00e9galement les r\u00e8glements locaux sur ce qui est autoris\u00e9 ou non (comme l&rsquo;approche des sites de nidification des oiseaux).<\/p>\n\n\n\n<h2 class=\"wp-block-heading\">Planification des Activit\u00e9s<\/h2>\n\n\n\n<p>Les activit\u00e9s \u00e0 Svalbard sont nombreuses : randonn\u00e9e, kayak, promenades en bateau pour observer les glaciers et la faune, visite de la ville de Longyearbyen et de ses mus\u00e9es, et bien plus. D\u00e9terminez vos priorit\u00e9s et r\u00e9servez les excursions et les guides \u00e0 l&rsquo;avance. Gardez \u00e0 l&rsquo;esprit que les conditions m\u00e9t\u00e9orologiques peuvent changer rapidement et affecter le programme de vos activit\u00e9s.<\/p>\n\n\n\n<h2 class=\"wp-block-heading\">Assurance de Voyage<\/h2>\n\n\n\n<p>Une assurance voyage compl\u00e8te est indispensable pour couvrir les activit\u00e9s \u00e0 haut risque et les co\u00fbts \u00e9lev\u00e9s de l&rsquo;assistance m\u00e9dicale en milieu isol\u00e9 comme \u00e0 Svalbard. Assurez-vous que votre police comprend une couverture pour l&rsquo;\u00e9vacuation d&rsquo;urgence et les activit\u00e9s sp\u00e9cifiques que vous envisagez.<\/p>\n","protected":false},"excerpt":{"rendered":"<p>Svalbard, un archipel situ\u00e9 dans les eaux glac\u00e9es de l&rsquo;Arctique, offre une exp\u00e9rience de voyage hors du commun. Avec ses paysages \u00e0 couper le souffle,<\/p>\n","protected":false},"author":1,"featured_media":275,"comment_status":"closed","ping_status":"closed","sticky":false,"template":"","format":"standard","meta":{"footnotes":""},"categories":[1],"tags":[],"yoast_head":"<!-- This site is optimized with the Yoast SEO plugin v21.0 - https:\/\/yoast.com\/wordpress\/plugins\/seo\/ -->\n<title>Comment bien pr\u00e9parer ses vacances \u00e0 Svalbard ?<\/title>\n<meta name=\"robots\" content=\"index, follow, max-snippet:-1, max-image-preview:large, max-video-preview:-1\" \/>\n<link rel=\"canonical\" href=\"https:\/\/www.svalbard.fr\/actualites\/comment-bien-preparer-ses-vacances-a-svalbard\/\" \/>\n<meta property=\"og:locale\" content=\"fr_FR\" \/>\n<meta property=\"og:type\" content=\"article\" \/>\n<meta property=\"og:title\" content=\"Comment bien pr\u00e9parer ses vacances \u00e0 Svalbard ?\" \/>\n<meta property=\"og:description\" content=\"Svalbard, un archipel situ\u00e9 dans les eaux glac\u00e9es de l&rsquo;Arctique, offre une exp\u00e9rience de voyage hors du commun. Avec ses paysages \u00e0 couper le souffle,\" \/>\n<meta property=\"og:url\" content=\"https:\/\/www.svalbard.fr\/actualites\/comment-bien-preparer-ses-vacances-a-svalbard\/\" \/>\n<meta property=\"og:site_name\" content=\"www.Svalbard.fr\" \/>\n<meta property=\"article:published_time\" content=\"2023-11-17T13:32:49+00:00\" \/>\n<meta property=\"article:modified_time\" content=\"2023-11-17T13:32:50+00:00\" \/>\n<meta property=\"og:image\" content=\"https:\/\/www.svalbard.fr\/actualites\/wp-content\/uploads\/2023\/11\/Comment-bien-preparer-ses-vacances-a-Svalbard.jpg\" \/>\n\t<meta property=\"og:image:width\" content=\"1920\" \/>\n\t<meta property=\"og:image:height\" content=\"1440\" \/>\n\t<meta property=\"og:image:type\" content=\"image\/jpeg\" \/>\n<meta name=\"author\" content=\"Hilmar\" \/>\n<meta name=\"twitter:card\" content=\"summary_large_image\" \/>\n<meta name=\"twitter:label1\" content=\"\u00c9crit par\" \/>\n\t<meta name=\"twitter:data1\" content=\"Hilmar\" \/>\n\t<meta name=\"twitter:label2\" content=\"Dur\u00e9e de lecture estim\u00e9e\" \/>\n\t<meta name=\"twitter:data2\" content=\"3 minutes\" \/>\n<script type=\"application\/ld+json\" class=\"yoast-schema-graph\">{\"@context\":\"https:\/\/schema.org\",\"@graph\":[{\"@type\":\"Article\",\"@id\":\"https:\/\/www.svalbard.fr\/actualites\/comment-bien-preparer-ses-vacances-a-svalbard\/#article\",\"isPartOf\":{\"@id\":\"https:\/\/www.svalbard.fr\/actualites\/comment-bien-preparer-ses-vacances-a-svalbard\/\"},\"author\":{\"name\":\"Hilmar\",\"@id\":\"https:\/\/www.svalbard.fr\/actualites\/#\/schema\/person\/a2f937d5712222366738fae98755c600\"},\"headline\":\"Comment bien pr\u00e9parer ses vacances \u00e0 Svalbard ?\",\"datePublished\":\"2023-11-17T13:32:49+00:00\",\"dateModified\":\"2023-11-17T13:32:50+00:00\",\"mainEntityOfPage\":{\"@id\":\"https:\/\/www.svalbard.fr\/actualites\/comment-bien-preparer-ses-vacances-a-svalbard\/\"},\"wordCount\":566,\"publisher\":{\"@id\":\"https:\/\/www.svalbard.fr\/actualites\/#organization\"},\"articleSection\":[\"Svalbard\"],\"inLanguage\":\"fr-FR\"},{\"@type\":\"WebPage\",\"@id\":\"https:\/\/www.svalbard.fr\/actualites\/comment-bien-preparer-ses-vacances-a-svalbard\/\",\"url\":\"https:\/\/www.svalbard.fr\/actualites\/comment-bien-preparer-ses-vacances-a-svalbard\/\",\"name\":\"Comment bien pr\u00e9parer ses vacances \u00e0 Svalbard ?\",\"isPartOf\":{\"@id\":\"https:\/\/www.svalbard.fr\/actualites\/#website\"},\"datePublished\":\"2023-11-17T13:32:49+00:00\",\"dateModified\":\"2023-11-17T13:32:50+00:00\",\"breadcrumb\":{\"@id\":\"https:\/\/www.svalbard.fr\/actualites\/comment-bien-preparer-ses-vacances-a-svalbard\/#breadcrumb\"},\"inLanguage\":\"fr-FR\",\"potentialAction\":[{\"@type\":\"ReadAction\",\"target\":[\"https:\/\/www.svalbard.fr\/actualites\/comment-bien-preparer-ses-vacances-a-svalbard\/\"]}]},{\"@type\":\"BreadcrumbList\",\"@id\":\"https:\/\/www.svalbard.fr\/actualites\/comment-bien-preparer-ses-vacances-a-svalbard\/#breadcrumb\",\"itemListElement\":[{\"@type\":\"ListItem\",\"position\":1,\"name\":\"Accueil\",\"item\":\"https:\/\/www.svalbard.fr\/actualites\/\"},{\"@type\":\"ListItem\",\"position\":2,\"name\":\"Comment bien pr\u00e9parer ses vacances \u00e0 Svalbard ?\"}]},{\"@type\":\"WebSite\",\"@id\":\"https:\/\/www.svalbard.fr\/actualites\/#website\",\"url\":\"https:\/\/www.svalbard.fr\/actualites\/\",\"name\":\"www.Svalbard.fr\",\"description\":\"\",\"publisher\":{\"@id\":\"https:\/\/www.svalbard.fr\/actualites\/#organization\"},\"potentialAction\":[{\"@type\":\"SearchAction\",\"target\":{\"@type\":\"EntryPoint\",\"urlTemplate\":\"https:\/\/www.svalbard.fr\/actualites\/?s={search_term_string}\"},\"query-input\":\"required name=search_term_string\"}],\"inLanguage\":\"fr-FR\"},{\"@type\":\"Organization\",\"@id\":\"https:\/\/www.svalbard.fr\/actualites\/#organization\",\"name\":\"www.Svalbard.fr\",\"url\":\"https:\/\/www.svalbard.fr\/actualites\/\",\"logo\":{\"@type\":\"ImageObject\",\"inLanguage\":\"fr-FR\",\"@id\":\"https:\/\/www.svalbard.fr\/actualites\/#\/schema\/logo\/image\/\",\"url\":\"https:\/\/www.svalbard.fr\/actualites\/wp-content\/uploads\/2023\/09\/head-nom.jpg\",\"contentUrl\":\"https:\/\/www.svalbard.fr\/actualites\/wp-content\/uploads\/2023\/09\/head-nom.jpg\",\"width\":264,\"height\":35,\"caption\":\"www.Svalbard.fr\"},\"image\":{\"@id\":\"https:\/\/www.svalbard.fr\/actualites\/#\/schema\/logo\/image\/\"}},{\"@type\":\"Person\",\"@id\":\"https:\/\/www.svalbard.fr\/actualites\/#\/schema\/person\/a2f937d5712222366738fae98755c600\",\"name\":\"Hilmar\",\"image\":{\"@type\":\"ImageObject\",\"inLanguage\":\"fr-FR\",\"@id\":\"https:\/\/www.svalbard.fr\/actualites\/#\/schema\/person\/image\/\",\"url\":\"https:\/\/secure.gravatar.com\/avatar\/4daa437093476dbc32da415c112b6512?s=96&d=mm&r=g\",\"contentUrl\":\"https:\/\/secure.gravatar.com\/avatar\/4daa437093476dbc32da415c112b6512?s=96&d=mm&r=g\",\"caption\":\"Hilmar\"},\"description\":\"Hilmar est un passionn\u00e9 des r\u00e9gions polaires, sp\u00e9cialis\u00e9 dans la r\u00e9daction d'articles sur le Spitzberg et autres destinations arctiques. Il apporte son expertise et sa passion pour l'Arctique au sein de l'\u00e9quipe de r\u00e9daction de Svalbard depuis de nombreuses ann\u00e9es.\",\"sameAs\":[\"https:\/\/www.svalbard.fr\/\"]}]}<\/script>\n<!-- \/ Yoast SEO plugin. -->","yoast_head_json":{"title":"Comment bien pr\u00e9parer ses vacances \u00e0 Svalbard ?","robots":{"index":"index","follow":"follow","max-snippet":"max-snippet:-1","max-image-preview":"max-image-preview:large","max-video-preview":"max-video-preview:-1"},"canonical":"https:\/\/www.svalbard.fr\/actualites\/comment-bien-preparer-ses-vacances-a-svalbard\/","og_locale":"fr_FR","og_type":"article","og_title":"Comment bien pr\u00e9parer ses vacances \u00e0 Svalbard ?","og_description":"Svalbard, un archipel situ\u00e9 dans les eaux glac\u00e9es de l&rsquo;Arctique, offre une exp\u00e9rience de voyage hors du commun. Avec ses paysages \u00e0 couper le souffle,","og_url":"https:\/\/www.svalbard.fr\/actualites\/comment-bien-preparer-ses-vacances-a-svalbard\/","og_site_name":"www.Svalbard.fr","article_published_time":"2023-11-17T13:32:49+00:00","article_modified_time":"2023-11-17T13:32:50+00:00","og_image":[{"width":1920,"height":1440,"url":"https:\/\/www.svalbard.fr\/actualites\/wp-content\/uploads\/2023\/11\/Comment-bien-preparer-ses-vacances-a-Svalbard.jpg","type":"image\/jpeg"}],"author":"Hilmar","twitter_card":"summary_large_image","twitter_misc":{"\u00c9crit par":"Hilmar","Dur\u00e9e de lecture estim\u00e9e":"3 minutes"},"schema":{"@context":"https:\/\/schema.org","@graph":[{"@type":"Article","@id":"https:\/\/www.svalbard.fr\/actualites\/comment-bien-preparer-ses-vacances-a-svalbard\/#article","isPartOf":{"@id":"https:\/\/www.svalbard.fr\/actualites\/comment-bien-preparer-ses-vacances-a-svalbard\/"},"author":{"name":"Hilmar","@id":"https:\/\/www.svalbard.fr\/actualites\/#\/schema\/person\/a2f937d5712222366738fae98755c600"},"headline":"Comment bien pr\u00e9parer ses vacances \u00e0 Svalbard ?","datePublished":"2023-11-17T13:32:49+00:00","dateModified":"2023-11-17T13:32:50+00:00","mainEntityOfPage":{"@id":"https:\/\/www.svalbard.fr\/actualites\/comment-bien-preparer-ses-vacances-a-svalbard\/"},"wordCount":566,"publisher":{"@id":"https:\/\/www.svalbard.fr\/actualites\/#organization"},"articleSection":["Svalbard"],"inLanguage":"fr-FR"},{"@type":"WebPage","@id":"https:\/\/www.svalbard.fr\/actualites\/comment-bien-preparer-ses-vacances-a-svalbard\/","url":"https:\/\/www.svalbard.fr\/actualites\/comment-bien-preparer-ses-vacances-a-svalbard\/","name":"Comment bien pr\u00e9parer ses vacances \u00e0 Svalbard ?","isPartOf":{"@id":"https:\/\/www.svalbard.fr\/actualites\/#website"},"datePublished":"2023-11-17T13:32:49+00:00","dateModified":"2023-11-17T13:32:50+00:00","breadcrumb":{"@id":"https:\/\/www.svalbard.fr\/actualites\/comment-bien-preparer-ses-vacances-a-svalbard\/#breadcrumb"},"inLanguage":"fr-FR","potentialAction":[{"@type":"ReadAction","target":["https:\/\/www.svalbard.fr\/actualites\/comment-bien-preparer-ses-vacances-a-svalbard\/"]}]},{"@type":"BreadcrumbList","@id":"https:\/\/www.svalbard.fr\/actualites\/comment-bien-preparer-ses-vacances-a-svalbard\/#breadcrumb","itemListElement":[{"@type":"ListItem","position":1,"name":"Accueil","item":"https:\/\/www.svalbard.fr\/actualites\/"},{"@type":"ListItem","position":2,"name":"Comment bien pr\u00e9parer ses vacances \u00e0 Svalbard ?"}]},{"@type":"WebSite","@id":"https:\/\/www.svalbard.fr\/actualites\/#website","url":"https:\/\/www.svalbard.fr\/actualites\/","name":"www.Svalbard.fr","description":"","publisher":{"@id":"https:\/\/www.svalbard.fr\/actualites\/#organization"},"potentialAction":[{"@type":"SearchAction","target":{"@type":"EntryPoint","urlTemplate":"https:\/\/www.svalbard.fr\/actualites\/?s={search_term_string}"},"query-input":"required name=search_term_string"}],"inLanguage":"fr-FR"},{"@type":"Organization","@id":"https:\/\/www.svalbard.fr\/actualites\/#organization","name":"www.Svalbard.fr","url":"https:\/\/www.svalbard.fr\/actualites\/","logo":{"@type":"ImageObject","inLanguage":"fr-FR","@id":"https:\/\/www.svalbard.fr\/actualites\/#\/schema\/logo\/image\/","url":"https:\/\/www.svalbard.fr\/actualites\/wp-content\/uploads\/2023\/09\/head-nom.jpg","contentUrl":"https:\/\/www.svalbard.fr\/actualites\/wp-content\/uploads\/2023\/09\/head-nom.jpg","width":264,"height":35,"caption":"www.Svalbard.fr"},"image":{"@id":"https:\/\/www.svalbard.fr\/actualites\/#\/schema\/logo\/image\/"}},{"@type":"Person","@id":"https:\/\/www.svalbard.fr\/actualites\/#\/schema\/person\/a2f937d5712222366738fae98755c600","name":"Hilmar","image":{"@type":"ImageObject","inLanguage":"fr-FR","@id":"https:\/\/www.svalbard.fr\/actualites\/#\/schema\/person\/image\/","url":"https:\/\/secure.gravatar.com\/avatar\/4daa437093476dbc32da415c112b6512?s=96&d=mm&r=g","contentUrl":"https:\/\/secure.gravatar.com\/avatar\/4daa437093476dbc32da415c112b6512?s=96&d=mm&r=g","caption":"Hilmar"},"description":"Hilmar est un passionn\u00e9 des r\u00e9gions polaires, sp\u00e9cialis\u00e9 dans la r\u00e9daction d'articles sur le Spitzberg et autres destinations arctiques. Il apporte son expertise et sa passion pour l'Arctique au sein de l'\u00e9quipe de r\u00e9daction de Svalbard depuis de nombreuses ann\u00e9es.","sameAs":["https:\/\/www.svalbard.fr\/"]}]}},"_links":{"self":[{"href":"https:\/\/www.svalbard.fr\/actualites\/wp-json\/wp\/v2\/posts\/274"}],"collection":[{"href":"https:\/\/www.svalbard.fr\/actualites\/wp-json\/wp\/v2\/posts"}],"about":[{"href":"https:\/\/www.svalbard.fr\/actualites\/wp-json\/wp\/v2\/types\/post"}],"author":[{"embeddable":true,"href":"https:\/\/www.svalbard.fr\/actualites\/wp-json\/wp\/v2\/users\/1"}],"replies":[{"embeddable":true,"href":"https:\/\/www.svalbard.fr\/actualites\/wp-json\/wp\/v2\/comments?post=274"}],"version-history":[{"count":1,"href":"https:\/\/www.svalbard.fr\/actualites\/wp-json\/wp\/v2\/posts\/274\/revisions"}],"predecessor-version":[{"id":276,"href":"https:\/\/www.svalbard.fr\/actualites\/wp-json\/wp\/v2\/posts\/274\/revisions\/276"}],"wp:featuredmedia":[{"embeddable":true,"href":"https:\/\/www.svalbard.fr\/actualites\/wp-json\/wp\/v2\/media\/275"}],"wp:attachment":[{"href":"https:\/\/www.svalbard.fr\/actualites\/wp-json\/wp\/v2\/media?parent=274"}],"wp:term":[{"taxonomy":"category","embeddable":true,"href":"https:\/\/www.svalbard.fr\/actualites\/wp-json\/wp\/v2\/categories?post=274"},{"taxonomy":"post_tag","embeddable":true,"href":"https:\/\/www.svalbard.fr\/actualites\/wp-json\/wp\/v2\/tags?post=274"}],"curies":[{"name":"wp","href":"https:\/\/api.w.org\/{rel}","templated":true}]}}