{"id":2761,"date":"2025-03-10T10:30:00","date_gmt":"2025-03-10T09:30:00","guid":{"rendered":"https:\/\/www.svalbard.fr\/actualites\/?p=2761"},"modified":"2025-03-06T10:01:00","modified_gmt":"2025-03-06T09:01:00","slug":"ce-grand-projet-transatlantique-pourrait-resoudre-le-principal-probleme-des-energies-renouvelables","status":"publish","type":"post","link":"https:\/\/www.svalbard.fr\/actualites\/ce-grand-projet-transatlantique-pourrait-resoudre-le-principal-probleme-des-energies-renouvelables\/","title":{"rendered":"Ce grand projet transatlantique pourrait r\u00e9soudre le principal probl\u00e8me des \u00e9nergies renouvelables"},"content":{"rendered":"\n<p><strong><em>Un projet ambitieux d&rsquo;interconnexion pourrait bien transformer la transition \u00e9nerg\u00e9tique entre l\u2019Europe et l\u2019Am\u00e9rique du Nord en permettant une gestion plus fluide des \u00e9nergies renouvelables. \u00c0 l\u2019heure o\u00f9 les d\u00e9fis li\u00e9s \u00e0 l\u2019int\u00e9gration des \u00e9nergies renouvelables au r\u00e9seau \u00e9lectrique sont de plus en plus pressants, une solution r\u00e9volutionnaire semble se dessiner.<\/em><\/strong><\/p>\n\n\n\n<!--more-->\n\n\n\n<h2 class=\"wp-block-heading\">Un c\u00e2ble transatlantique r\u00e9volutionnaire pour la transition \u00e9nerg\u00e9tique<\/h2>\n\n\n\n<p>L\u2019id\u00e9e d\u2019un <strong>c\u00e2ble d\u2019interconnexion<\/strong> sous-marin reliant les r\u00e9seaux \u00e9lectriques d\u2019Europe et d\u2019Am\u00e9rique du Nord suscite un grand int\u00e9r\u00eat. Ce projet, qui rappelle l\u2019audace des premi\u00e8res lignes t\u00e9l\u00e9graphiques sous-marines, pourrait changer la donne pour la gestion des <a href=\"https:\/\/www.svalbard.fr\/actualites\/lespagne-etonne-avec-un-generateur-a-hydrogene-alimente-uniquement-par-des-energies-renouvelables\/\"><strong>\u00e9nergies renouvelables<\/strong><\/a>. En cr\u00e9ant une <strong>connexion \u00e9nerg\u00e9tique bidirectionnelle<\/strong> entre deux des plus grands r\u00e9seaux mondiaux, ce c\u00e2ble permettrait de stabiliser les march\u00e9s, de faciliter l\u2019exportation d\u2019\u00e9nergie propre et de mieux g\u00e9rer l\u2019intermittence des sources d\u2019\u00e9nergie comme le solaire ou l\u2019\u00e9olien.<\/p>\n\n\n\n<h2 class=\"wp-block-heading\">Une <strong>convergence \u00e9nerg\u00e9tique<\/strong> in\u00e9dite dans l\u2019histoire \u00e9nerg\u00e9tique mondiale<\/h2>\n\n\n\n<p>Selon une \u00e9tude men\u00e9e par <strong>Ember<\/strong>, un think tank britannique, ce projet pourrait faciliter une transition \u00e9nerg\u00e9tique efficace en harmonisant les <strong>p\u00e9riodes de production d\u2019\u00e9nergie renouvelable<\/strong> sur les deux continents. En effet, la compl\u00e9mentarit\u00e9 des conditions climatiques entre l\u2019Am\u00e9rique du Nord et l\u2019Europe pourrait permettre de mieux g\u00e9rer les <strong>pics de demande<\/strong> d\u2019\u00e9lectricit\u00e9 qui ne co\u00efncident pas.<\/p>\n\n\n\n<h2 class=\"wp-block-heading\">L\u2019intermittence des \u00e9nergies renouvelables : un d\u00e9fi \u00e0 relever<\/h2>\n\n\n\n<p>L\u2019un des principaux obstacles \u00e0 l\u2019int\u00e9gration des \u00e9nergies renouvelables dans les r\u00e9seaux \u00e9lectriques est leur <strong>intermittence<\/strong>. Prenons l&rsquo;exemple de la France, o\u00f9 la production d\u2019\u00e9nergie \u00e9olienne peut varier entre 46,7 GW et 0,4 GW, et celle du solaire entre 1,3 GW et 33,6 GW selon les saisons. Il y a quelques ann\u00e9es, en janvier 2019, l\u2019\u00e9olien et le solaire ont fourni seulement 0,65 GW, soit moins de 1% de la consommation totale. Pourtant, malgr\u00e9 ces fluctuations, ces \u00e9nergies peuvent produire une grande partie de leur potentiel en continu, et ce c\u00e2ble transatlantique pourrait apporter une r\u00e9ponse id\u00e9ale pour mieux g\u00e9rer cette variabilit\u00e9.<\/p>\n\n\n\n<h2 class=\"wp-block-heading\"><strong>S\u00e9curit\u00e9<\/strong> et efficacit\u00e9 renforc\u00e9es gr\u00e2ce \u00e0 l\u2019interconnexion<\/h2>\n\n\n\n<p>Ce projet d\u2019interconnexion transatlantique repr\u00e9sente bien plus qu\u2019une simple solution technique : il pourrait offrir un renforcement consid\u00e9rable de la <strong>s\u00e9curit\u00e9 \u00e9nerg\u00e9tique<\/strong>. En reliant deux puissances \u00e9nerg\u00e9tiques, cette initiative permettrait une gestion plus efficace des ressources \u00e9lectriques et contribuerait \u00e0 <strong>r\u00e9duire les co\u00fbts<\/strong> pour les consommateurs des deux c\u00f4t\u00e9s de l&rsquo;Atlantique.<\/p>\n\n\n\n<h2 class=\"wp-block-heading\">Un impact majeur sur les march\u00e9s \u00e9nerg\u00e9tiques mondiaux<\/h2>\n\n\n\n<p>L\u2019un des objectifs de ce c\u00e2ble est d\u2019optimiser l\u2019int\u00e9gration des <strong>march\u00e9s \u00e9nerg\u00e9tiques<\/strong> europ\u00e9ens et nord-am\u00e9ricains. Le projet permettrait de <strong>maximiser la r\u00e9silience des r\u00e9seaux<\/strong> et d&rsquo;ajuster en temps r\u00e9el l&rsquo;offre et la demande en fonction des conditions de production, cr\u00e9ant ainsi une dynamique plus stable et plus robuste.<\/p>\n\n\n\n<h2 class=\"wp-block-heading\">Des r\u00e9seaux parmi les plus grands du monde<\/h2>\n\n\n\n<p>Les <strong>engagements de d\u00e9carbonisation<\/strong> des r\u00e9gions du Nord-Ouest de l\u2019Europe et du Nord-Est des \u00c9tats-Unis rendent ce projet d&rsquo;autant plus pertinent. Il pourrait red\u00e9finir les structures actuelles du march\u00e9 \u00e9nerg\u00e9tique en facilitant l&rsquo;acc\u00e8s \u00e0 un <strong>march\u00e9 europ\u00e9en plus vaste<\/strong> pour des r\u00e9gions comme le Qu\u00e9bec, tout en augmentant les opportunit\u00e9s d\u2019exportation d\u2019\u00e9nergie propre vers un continent qui en a besoin.<\/p>\n\n\n\n<h2 class=\"wp-block-heading\">Un projet non seulement souhaitable, mais indispensable<\/h2>\n\n\n\n<p>L\u2019augmentation de la demande en \u00e9lectricit\u00e9, aliment\u00e9e par l\u2019essor des <strong>transports \u00e9lectriques<\/strong>, du chauffage, des <strong>data centers<\/strong> et de la climatisation, souligne la n\u00e9cessit\u00e9 de renforcer les infrastructures \u00e9nerg\u00e9tiques. Les projections d&rsquo;Ember confirment que l&rsquo;interconnexion <a href=\"https:\/\/www.svalbard.fr\/actualites\/lotan-annonce-la-plus-grande-mobilisation-depuis-des-decennies-avec-90-000-soldats-pour-commencer-les-exercices-de-la-troisieme-guerre-mondiale\/\"><strong>transatlantique<\/strong><\/a> devient non seulement <strong>souhaitable<\/strong>, mais \u00e9galement <strong>essentielle<\/strong> pour r\u00e9pondre \u00e0 la transition \u00e9nerg\u00e9tique des prochaines d\u00e9cennies.<\/p>\n\n\n\n<h2 class=\"wp-block-heading\">Conclusion : un levier pour un avenir \u00e9nerg\u00e9tique plus vert<\/h2>\n\n\n\n<p>Ce projet de c\u00e2ble d\u2019interconnexion transatlantique entre l\u2019Am\u00e9rique et l\u2019Europe pourrait red\u00e9finir les <strong>dynamique du march\u00e9 \u00e9nerg\u00e9tique<\/strong> mondial. En cr\u00e9ant un lien bidirectionnel entre les deux plus grands r\u00e9seaux \u00e9lectriques du monde, il offrira une <strong>stabilit\u00e9 accrue<\/strong>, r\u00e9duira les co\u00fbts et soutiendra les <strong>ambitions de d\u00e9carbonisation<\/strong> des deux continents. Ce projet titanesque repr\u00e9sente une v\u00e9ritable avanc\u00e9e pour un avenir \u00e9nerg\u00e9tique plus durable et interconnect\u00e9.<\/p>\n\n\n\n<p>Les experts s&rsquo;accordent \u00e0 dire que cette <strong>r\u00e9volution \u00e9nerg\u00e9tique<\/strong> pourrait bien marquer un tournant d\u00e9cisif dans la lutte contre le changement climatique et pour une transition \u00e9nerg\u00e9tique r\u00e9ussie.<\/p>\n","protected":false},"excerpt":{"rendered":"<p>Un projet ambitieux d&rsquo;interconnexion pourrait bien transformer la transition \u00e9nerg\u00e9tique entre l\u2019Europe et l\u2019Am\u00e9rique du Nord en permettant une gestion plus fluide des \u00e9nergies renouvelables.<\/p>\n","protected":false},"author":3,"featured_media":2762,"comment_status":"closed","ping_status":"closed","sticky":false,"template":"","format":"standard","meta":{"footnotes":""},"categories":[1725],"tags":[],"yoast_head":"<!-- This site is optimized with the Yoast SEO plugin v21.0 - https:\/\/yoast.com\/wordpress\/plugins\/seo\/ -->\n<title>Ce grand projet transatlantique pourrait r\u00e9soudre le principal probl\u00e8me des \u00e9nergies renouvelables<\/title>\n<meta name=\"robots\" content=\"index, follow, max-snippet:-1, max-image-preview:large, max-video-preview:-1\" \/>\n<link rel=\"canonical\" href=\"https:\/\/www.svalbard.fr\/actualites\/ce-grand-projet-transatlantique-pourrait-resoudre-le-principal-probleme-des-energies-renouvelables\/\" \/>\n<meta property=\"og:locale\" content=\"fr_FR\" \/>\n<meta property=\"og:type\" content=\"article\" \/>\n<meta property=\"og:title\" content=\"Ce grand projet transatlantique pourrait r\u00e9soudre le principal probl\u00e8me des \u00e9nergies renouvelables\" \/>\n<meta property=\"og:description\" content=\"Un projet ambitieux d&rsquo;interconnexion pourrait bien transformer la transition \u00e9nerg\u00e9tique entre l\u2019Europe et l\u2019Am\u00e9rique du Nord en permettant une gestion plus fluide des \u00e9nergies renouvelables.\" \/>\n<meta property=\"og:url\" content=\"https:\/\/www.svalbard.fr\/actualites\/ce-grand-projet-transatlantique-pourrait-resoudre-le-principal-probleme-des-energies-renouvelables\/\" \/>\n<meta property=\"og:site_name\" content=\"www.Svalbard.fr\" \/>\n<meta property=\"article:published_time\" content=\"2025-03-10T09:30:00+00:00\" \/>\n<meta property=\"article:modified_time\" content=\"2025-03-06T09:01:00+00:00\" \/>\n<meta property=\"og:image\" content=\"https:\/\/www.svalbard.fr\/actualites\/wp-content\/uploads\/2025\/03\/Projet-transatlantique.jpg\" \/>\n\t<meta property=\"og:image:width\" content=\"1200\" \/>\n\t<meta property=\"og:image:height\" content=\"800\" \/>\n\t<meta property=\"og:image:type\" content=\"image\/jpeg\" \/>\n<meta name=\"author\" content=\"Guillaume Chen\" \/>\n<meta name=\"twitter:card\" content=\"summary_large_image\" \/>\n<meta name=\"twitter:label1\" content=\"\u00c9crit par\" \/>\n\t<meta name=\"twitter:data1\" content=\"Guillaume Chen\" \/>\n\t<meta name=\"twitter:label2\" content=\"Dur\u00e9e de lecture estim\u00e9e\" \/>\n\t<meta name=\"twitter:data2\" content=\"4 minutes\" \/>\n<script type=\"application\/ld+json\" class=\"yoast-schema-graph\">{\"@context\":\"https:\/\/schema.org\",\"@graph\":[{\"@type\":\"Article\",\"@id\":\"https:\/\/www.svalbard.fr\/actualites\/ce-grand-projet-transatlantique-pourrait-resoudre-le-principal-probleme-des-energies-renouvelables\/#article\",\"isPartOf\":{\"@id\":\"https:\/\/www.svalbard.fr\/actualites\/ce-grand-projet-transatlantique-pourrait-resoudre-le-principal-probleme-des-energies-renouvelables\/\"},\"author\":{\"name\":\"Guillaume Chen\",\"@id\":\"https:\/\/www.svalbard.fr\/actualites\/#\/schema\/person\/b9d185560b94bff7322d37cb676ee545\"},\"headline\":\"Ce grand projet transatlantique pourrait r\u00e9soudre le principal probl\u00e8me des \u00e9nergies renouvelables\",\"datePublished\":\"2025-03-10T09:30:00+00:00\",\"dateModified\":\"2025-03-06T09:01:00+00:00\",\"mainEntityOfPage\":{\"@id\":\"https:\/\/www.svalbard.fr\/actualites\/ce-grand-projet-transatlantique-pourrait-resoudre-le-principal-probleme-des-energies-renouvelables\/\"},\"wordCount\":790,\"publisher\":{\"@id\":\"https:\/\/www.svalbard.fr\/actualites\/#organization\"},\"articleSection\":[\"Tendances\"],\"inLanguage\":\"fr-FR\"},{\"@type\":\"WebPage\",\"@id\":\"https:\/\/www.svalbard.fr\/actualites\/ce-grand-projet-transatlantique-pourrait-resoudre-le-principal-probleme-des-energies-renouvelables\/\",\"url\":\"https:\/\/www.svalbard.fr\/actualites\/ce-grand-projet-transatlantique-pourrait-resoudre-le-principal-probleme-des-energies-renouvelables\/\",\"name\":\"Ce grand projet transatlantique pourrait r\u00e9soudre le principal probl\u00e8me des \u00e9nergies renouvelables\",\"isPartOf\":{\"@id\":\"https:\/\/www.svalbard.fr\/actualites\/#website\"},\"datePublished\":\"2025-03-10T09:30:00+00:00\",\"dateModified\":\"2025-03-06T09:01:00+00:00\",\"breadcrumb\":{\"@id\":\"https:\/\/www.svalbard.fr\/actualites\/ce-grand-projet-transatlantique-pourrait-resoudre-le-principal-probleme-des-energies-renouvelables\/#breadcrumb\"},\"inLanguage\":\"fr-FR\",\"potentialAction\":[{\"@type\":\"ReadAction\",\"target\":[\"https:\/\/www.svalbard.fr\/actualites\/ce-grand-projet-transatlantique-pourrait-resoudre-le-principal-probleme-des-energies-renouvelables\/\"]}]},{\"@type\":\"BreadcrumbList\",\"@id\":\"https:\/\/www.svalbard.fr\/actualites\/ce-grand-projet-transatlantique-pourrait-resoudre-le-principal-probleme-des-energies-renouvelables\/#breadcrumb\",\"itemListElement\":[{\"@type\":\"ListItem\",\"position\":1,\"name\":\"Accueil\",\"item\":\"https:\/\/www.svalbard.fr\/actualites\/\"},{\"@type\":\"ListItem\",\"position\":2,\"name\":\"Ce grand projet transatlantique pourrait r\u00e9soudre le principal probl\u00e8me des \u00e9nergies renouvelables\"}]},{\"@type\":\"WebSite\",\"@id\":\"https:\/\/www.svalbard.fr\/actualites\/#website\",\"url\":\"https:\/\/www.svalbard.fr\/actualites\/\",\"name\":\"www.Svalbard.fr\",\"description\":\"\",\"publisher\":{\"@id\":\"https:\/\/www.svalbard.fr\/actualites\/#organization\"},\"potentialAction\":[{\"@type\":\"SearchAction\",\"target\":{\"@type\":\"EntryPoint\",\"urlTemplate\":\"https:\/\/www.svalbard.fr\/actualites\/?s={search_term_string}\"},\"query-input\":\"required name=search_term_string\"}],\"inLanguage\":\"fr-FR\"},{\"@type\":\"Organization\",\"@id\":\"https:\/\/www.svalbard.fr\/actualites\/#organization\",\"name\":\"www.Svalbard.fr\",\"url\":\"https:\/\/www.svalbard.fr\/actualites\/\",\"logo\":{\"@type\":\"ImageObject\",\"inLanguage\":\"fr-FR\",\"@id\":\"https:\/\/www.svalbard.fr\/actualites\/#\/schema\/logo\/image\/\",\"url\":\"https:\/\/www.svalbard.fr\/actualites\/wp-content\/uploads\/2023\/09\/head-nom.jpg\",\"contentUrl\":\"https:\/\/www.svalbard.fr\/actualites\/wp-content\/uploads\/2023\/09\/head-nom.jpg\",\"width\":264,\"height\":35,\"caption\":\"www.Svalbard.fr\"},\"image\":{\"@id\":\"https:\/\/www.svalbard.fr\/actualites\/#\/schema\/logo\/image\/\"}},{\"@type\":\"Person\",\"@id\":\"https:\/\/www.svalbard.fr\/actualites\/#\/schema\/person\/b9d185560b94bff7322d37cb676ee545\",\"name\":\"Guillaume Chen\",\"image\":{\"@type\":\"ImageObject\",\"inLanguage\":\"fr-FR\",\"@id\":\"https:\/\/www.svalbard.fr\/actualites\/#\/schema\/person\/image\/\",\"url\":\"https:\/\/secure.gravatar.com\/avatar\/0c3f9c94586035b795ad4049a06fb048?s=96&d=mm&r=g\",\"contentUrl\":\"https:\/\/secure.gravatar.com\/avatar\/0c3f9c94586035b795ad4049a06fb048?s=96&d=mm&r=g\",\"caption\":\"Guillaume Chen\"},\"sameAs\":[\"https:\/\/www.svalbard.fr\/\"]}]}<\/script>\n<!-- \/ Yoast SEO plugin. -->","yoast_head_json":{"title":"Ce grand projet transatlantique pourrait r\u00e9soudre le principal probl\u00e8me des \u00e9nergies renouvelables","robots":{"index":"index","follow":"follow","max-snippet":"max-snippet:-1","max-image-preview":"max-image-preview:large","max-video-preview":"max-video-preview:-1"},"canonical":"https:\/\/www.svalbard.fr\/actualites\/ce-grand-projet-transatlantique-pourrait-resoudre-le-principal-probleme-des-energies-renouvelables\/","og_locale":"fr_FR","og_type":"article","og_title":"Ce grand projet transatlantique pourrait r\u00e9soudre le principal probl\u00e8me des \u00e9nergies renouvelables","og_description":"Un projet ambitieux d&rsquo;interconnexion pourrait bien transformer la transition \u00e9nerg\u00e9tique entre l\u2019Europe et l\u2019Am\u00e9rique du Nord en permettant une gestion plus fluide des \u00e9nergies renouvelables.","og_url":"https:\/\/www.svalbard.fr\/actualites\/ce-grand-projet-transatlantique-pourrait-resoudre-le-principal-probleme-des-energies-renouvelables\/","og_site_name":"www.Svalbard.fr","article_published_time":"2025-03-10T09:30:00+00:00","article_modified_time":"2025-03-06T09:01:00+00:00","og_image":[{"width":1200,"height":800,"url":"https:\/\/www.svalbard.fr\/actualites\/wp-content\/uploads\/2025\/03\/Projet-transatlantique.jpg","type":"image\/jpeg"}],"author":"Guillaume Chen","twitter_card":"summary_large_image","twitter_misc":{"\u00c9crit par":"Guillaume Chen","Dur\u00e9e de lecture estim\u00e9e":"4 minutes"},"schema":{"@context":"https:\/\/schema.org","@graph":[{"@type":"Article","@id":"https:\/\/www.svalbard.fr\/actualites\/ce-grand-projet-transatlantique-pourrait-resoudre-le-principal-probleme-des-energies-renouvelables\/#article","isPartOf":{"@id":"https:\/\/www.svalbard.fr\/actualites\/ce-grand-projet-transatlantique-pourrait-resoudre-le-principal-probleme-des-energies-renouvelables\/"},"author":{"name":"Guillaume Chen","@id":"https:\/\/www.svalbard.fr\/actualites\/#\/schema\/person\/b9d185560b94bff7322d37cb676ee545"},"headline":"Ce grand projet transatlantique pourrait r\u00e9soudre le principal probl\u00e8me des \u00e9nergies renouvelables","datePublished":"2025-03-10T09:30:00+00:00","dateModified":"2025-03-06T09:01:00+00:00","mainEntityOfPage":{"@id":"https:\/\/www.svalbard.fr\/actualites\/ce-grand-projet-transatlantique-pourrait-resoudre-le-principal-probleme-des-energies-renouvelables\/"},"wordCount":790,"publisher":{"@id":"https:\/\/www.svalbard.fr\/actualites\/#organization"},"articleSection":["Tendances"],"inLanguage":"fr-FR"},{"@type":"WebPage","@id":"https:\/\/www.svalbard.fr\/actualites\/ce-grand-projet-transatlantique-pourrait-resoudre-le-principal-probleme-des-energies-renouvelables\/","url":"https:\/\/www.svalbard.fr\/actualites\/ce-grand-projet-transatlantique-pourrait-resoudre-le-principal-probleme-des-energies-renouvelables\/","name":"Ce grand projet transatlantique pourrait r\u00e9soudre le principal probl\u00e8me des \u00e9nergies renouvelables","isPartOf":{"@id":"https:\/\/www.svalbard.fr\/actualites\/#website"},"datePublished":"2025-03-10T09:30:00+00:00","dateModified":"2025-03-06T09:01:00+00:00","breadcrumb":{"@id":"https:\/\/www.svalbard.fr\/actualites\/ce-grand-projet-transatlantique-pourrait-resoudre-le-principal-probleme-des-energies-renouvelables\/#breadcrumb"},"inLanguage":"fr-FR","potentialAction":[{"@type":"ReadAction","target":["https:\/\/www.svalbard.fr\/actualites\/ce-grand-projet-transatlantique-pourrait-resoudre-le-principal-probleme-des-energies-renouvelables\/"]}]},{"@type":"BreadcrumbList","@id":"https:\/\/www.svalbard.fr\/actualites\/ce-grand-projet-transatlantique-pourrait-resoudre-le-principal-probleme-des-energies-renouvelables\/#breadcrumb","itemListElement":[{"@type":"ListItem","position":1,"name":"Accueil","item":"https:\/\/www.svalbard.fr\/actualites\/"},{"@type":"ListItem","position":2,"name":"Ce grand projet transatlantique pourrait r\u00e9soudre le principal probl\u00e8me des \u00e9nergies renouvelables"}]},{"@type":"WebSite","@id":"https:\/\/www.svalbard.fr\/actualites\/#website","url":"https:\/\/www.svalbard.fr\/actualites\/","name":"www.Svalbard.fr","description":"","publisher":{"@id":"https:\/\/www.svalbard.fr\/actualites\/#organization"},"potentialAction":[{"@type":"SearchAction","target":{"@type":"EntryPoint","urlTemplate":"https:\/\/www.svalbard.fr\/actualites\/?s={search_term_string}"},"query-input":"required name=search_term_string"}],"inLanguage":"fr-FR"},{"@type":"Organization","@id":"https:\/\/www.svalbard.fr\/actualites\/#organization","name":"www.Svalbard.fr","url":"https:\/\/www.svalbard.fr\/actualites\/","logo":{"@type":"ImageObject","inLanguage":"fr-FR","@id":"https:\/\/www.svalbard.fr\/actualites\/#\/schema\/logo\/image\/","url":"https:\/\/www.svalbard.fr\/actualites\/wp-content\/uploads\/2023\/09\/head-nom.jpg","contentUrl":"https:\/\/www.svalbard.fr\/actualites\/wp-content\/uploads\/2023\/09\/head-nom.jpg","width":264,"height":35,"caption":"www.Svalbard.fr"},"image":{"@id":"https:\/\/www.svalbard.fr\/actualites\/#\/schema\/logo\/image\/"}},{"@type":"Person","@id":"https:\/\/www.svalbard.fr\/actualites\/#\/schema\/person\/b9d185560b94bff7322d37cb676ee545","name":"Guillaume Chen","image":{"@type":"ImageObject","inLanguage":"fr-FR","@id":"https:\/\/www.svalbard.fr\/actualites\/#\/schema\/person\/image\/","url":"https:\/\/secure.gravatar.com\/avatar\/0c3f9c94586035b795ad4049a06fb048?s=96&d=mm&r=g","contentUrl":"https:\/\/secure.gravatar.com\/avatar\/0c3f9c94586035b795ad4049a06fb048?s=96&d=mm&r=g","caption":"Guillaume Chen"},"sameAs":["https:\/\/www.svalbard.fr\/"]}]}},"_links":{"self":[{"href":"https:\/\/www.svalbard.fr\/actualites\/wp-json\/wp\/v2\/posts\/2761"}],"collection":[{"href":"https:\/\/www.svalbard.fr\/actualites\/wp-json\/wp\/v2\/posts"}],"about":[{"href":"https:\/\/www.svalbard.fr\/actualites\/wp-json\/wp\/v2\/types\/post"}],"author":[{"embeddable":true,"href":"https:\/\/www.svalbard.fr\/actualites\/wp-json\/wp\/v2\/users\/3"}],"replies":[{"embeddable":true,"href":"https:\/\/www.svalbard.fr\/actualites\/wp-json\/wp\/v2\/comments?post=2761"}],"version-history":[{"count":1,"href":"https:\/\/www.svalbard.fr\/actualites\/wp-json\/wp\/v2\/posts\/2761\/revisions"}],"predecessor-version":[{"id":2772,"href":"https:\/\/www.svalbard.fr\/actualites\/wp-json\/wp\/v2\/posts\/2761\/revisions\/2772"}],"wp:featuredmedia":[{"embeddable":true,"href":"https:\/\/www.svalbard.fr\/actualites\/wp-json\/wp\/v2\/media\/2762"}],"wp:attachment":[{"href":"https:\/\/www.svalbard.fr\/actualites\/wp-json\/wp\/v2\/media?parent=2761"}],"wp:term":[{"taxonomy":"category","embeddable":true,"href":"https:\/\/www.svalbard.fr\/actualites\/wp-json\/wp\/v2\/categories?post=2761"},{"taxonomy":"post_tag","embeddable":true,"href":"https:\/\/www.svalbard.fr\/actualites\/wp-json\/wp\/v2\/tags?post=2761"}],"curies":[{"name":"wp","href":"https:\/\/api.w.org\/{rel}","templated":true}]}}