{"id":2783,"date":"2025-03-06T17:22:32","date_gmt":"2025-03-06T16:22:32","guid":{"rendered":"https:\/\/www.svalbard.fr\/actualites\/la-vie-et-lheritage-du-celebre-artiste-de-la-norvege\/"},"modified":"2025-03-06T17:22:32","modified_gmt":"2025-03-06T16:22:32","slug":"la-vie-et-lheritage-du-celebre-artiste-de-la-norvege","status":"publish","type":"post","link":"https:\/\/www.svalbard.fr\/actualites\/la-vie-et-lheritage-du-celebre-artiste-de-la-norvege\/","title":{"rendered":"La vie et l&#39;h\u00e9ritage du c\u00e9l\u00e8bre artiste de la Norv\u00e8ge"},"content":{"rendered":"<div itemprop=\"text\">\n\t\t\t<span id=\"dpsp-post-content-markup\" data-image-pin-it=\"false\"><\/span><\/p>\n<p class=\"intro\">L&#39;artiste norv\u00e9gien Edvard Munch a captur\u00e9 les profondeurs de l&#39;\u00e9motion humaine pas comme les autres. Surtout connu pour \u00ab\u00a0 The Scream &#39;&#39;, ses \u0153uvres expressives obs\u00e9dantes continuent d&#39;influencer l&#39;art et la culture modernes.<\/p>\n<p>Peu d&#39;artistes sont partis comme une marque sur le monde que Edvard Munch. Mieux connu pour <em>Le cri<\/em>son style obs\u00e9dant et \u00e9vocateur a fa\u00e7onn\u00e9 l&#39;art moderne et a aid\u00e9 \u00e0 d\u00e9finir le mouvement expressionniste.<\/p>\n<figure class=\"wp-block-image size-large\"><img data-lazyloaded=\"1\" data-placeholder-resp=\"768x432\" fetchpriority=\"high\" decoding=\"async\" width=\"768\" height=\"432\" src=\"https:\/\/www.svalbard.fr\/actualites\/wp-content\/uploads\/2025\/03\/La-vie-et-l39heritage-du-celebre-artiste-de-la-Norvege.jpg\" alt=\"Edvard Munch Museum Ext\u00e9rieur et portrait.\" class=\"wp-image-83316\"  data-><noscript><img fetchpriority=\"high\" decoding=\"async\" width=\"768\" height=\"432\" src=\"https:\/\/www.svalbard.fr\/actualites\/wp-content\/uploads\/2025\/03\/La-vie-et-l39heritage-du-celebre-artiste-de-la-Norvege.jpg\" alt=\"Edvard Munch Museum Ext\u00e9rieur et portrait.\" class=\"wp-image-83316\"  ><\/noscript><\/figure>\n<p>Cependant, l&#39;h\u00e9ritage artistique de Munch va bien au-del\u00e0 de son \u0153uvre la plus c\u00e9l\u00e8bre. Ses peintures profond\u00e9ment personnelles et charg\u00e9es \u00e9motionnellement, son influence sur l&#39;art norv\u00e9gien, l&#39;art europ\u00e9en et son histoire de vie tumultueuse continuent de captiver le public aujourd&#39;hui.<\/p>\n<p>Avec un nouveau mus\u00e9e Munch \u00e0 Oslo et une vente record de sa peinture <em>Danser sur la plage<\/em>son impact reste aussi pertinent que jamais.<\/p>\n<h2 class=\"wp-block-heading\">L&#39;homme derri\u00e8re \u00able cri\u00bb<\/h2>\n<p>\u00ab\u00a0 The Scream &#39;&#39; d&#39;Edvard Munch (<em>Skrik<\/em> En norv\u00e9gien) est l&#39;une des peintures les plus reconnaissables de l&#39;histoire, juste derri\u00e8re \u00abMona Lisa\u00bb. La silhouette fantomatique et tourment\u00e9e contre un ciel rouge tourbillonnant est devenue un symbole universel de l&#39;anxi\u00e9t\u00e9 et de la peur existentielle.<\/p>\n<p>Munch a cr\u00e9\u00e9 quatre versions du cri entre 1893 et \u200b\u200b1910 &#8211; deux peintures, un pastel et une lithographie.<\/p>\n<p>La peinture \u00e0 l&#39;huile de 1893, h\u00e9berg\u00e9e au Mus\u00e9e national de Norv\u00e8ge, est consid\u00e9r\u00e9e comme la plus importante, tandis que la version pastel de 1895 a \u00e9tabli un record lorsqu&#39;elle a vendu 119,9 millions de dollars en 2012.<\/p>\n<p>L&#39;inspiration est venue d&#39;un moment de panique r\u00e9el. Dans son journal, Munch a d\u00e9crit la marche \u00e0 Ekeberg, Oslo, quand il s&#39;est soudainement senti submerg\u00e9 par l&#39;anxi\u00e9t\u00e9 et a imagin\u00e9 \u00abun cri infini en passant par la nature\u00bb.<\/p>\n<figure class=\"wp-block-image\"><img loading=\"lazy\" data-lazyloaded=\"1\" data-placeholder-resp=\"798x1024\" decoding=\"async\" width=\"798\" height=\"1024\" src=\"https:\/\/www.svalbard.fr\/actualites\/wp-content\/uploads\/2025\/03\/1741278152_234_La-vie-et-l39heritage-du-celebre-artiste-de-la-Norvege.jpg\" alt=\"La c\u00e9l\u00e8bre peinture The Scream de l&#39;artiste norv\u00e9gien Edvard Munch\" class=\"wp-image-22278\"  data-><noscript><img loading=\"lazy\" decoding=\"async\" width=\"798\" height=\"1024\" src=\"https:\/\/www.svalbard.fr\/actualites\/wp-content\/uploads\/2025\/03\/1741278152_234_La-vie-et-l39heritage-du-celebre-artiste-de-la-Norvege.jpg\" alt=\"La c\u00e9l\u00e8bre peinture The Scream de l&#39;artiste norv\u00e9gien Edvard Munch\" class=\"wp-image-22278\"  ><\/noscript><\/figure>\n<p>Les lignes d\u00e9form\u00e9es et les couleurs contre nature refl\u00e8tent ses troubles int\u00e9rieurs, marquant un changement vers le symbolisme et l&#39;expressionnisme.<\/p>\n<p>Bien que souvent consid\u00e9r\u00e9 comme un autoportrait, \u00able cri\u00bb est plus un arch\u00e9type, repr\u00e9sentant la peur et l&#39;isolement universels. Son influence s&#39;\u00e9tend bien au-del\u00e0 de l&#39;art &#8211; cela a inspir\u00e9 le masque fant\u00f4me dans les films Scream, d&#39;innombrables r\u00e9f\u00e9rences de culture pop et m\u00eame un emoji.<\/p>\n<p>Le tableau a \u00e9galement \u00e9t\u00e9 vol\u00e9 deux fois, en 1994 et 2004, avant d&#39;\u00eatre r\u00e9cup\u00e9r\u00e9.<\/p>\n<p>Malgr\u00e9 ces braquages \u200b\u200bdramatiques, \u00ab\u00a0 The Scream &#39;&#39; reste le travail le plus embl\u00e9matique de Munch, bien que ce ne soit qu&#39;un morceau de sa vision artistique plus large, qui a explor\u00e9 l&#39;amour, la mort et la vuln\u00e9rabilit\u00e9 humaine avec une profondeur remarquable.<\/p>\n<h2 class=\"wp-block-heading\">Une enfance troubl\u00e9e<\/h2>\n<p>N\u00e9 en 1863 \u00e0 \u00c5dalsbruk, en Norv\u00e8ge, et \u00e9lev\u00e9 \u00e0 Oslo (alors appel\u00e9 Christiania), la premi\u00e8re vie d&#39;Edvard Munch a \u00e9t\u00e9 marqu\u00e9e par la maladie, la perte et les troubles psychologiques &#8211; une ombre qui se profilera sur son art pendant des d\u00e9cennies.<\/p>\n<p>La trag\u00e9die a frapp\u00e9 t\u00f4t lorsque sa m\u00e8re est d\u00e9c\u00e9d\u00e9e de tuberculose en 1868, laissant Edvard, cinq ans et ses fr\u00e8res et s\u0153urs, sous la garde de leur p\u00e8re, le Dr Christian Munch, un m\u00e9decin militaire d\u00e9vou\u00e9.<\/p>\n<p>Munch \u00e9tait un enfant maladif, souvent confin\u00e9 \u00e0 son domicile en raison de maladies bronchiques chroniques et ce qu&#39;il soup\u00e7onnait plus tard, c&#39;\u00e9tait une pneumonie. Isol\u00e9 des autres enfants et manquants de longues p\u00e9riodes d&#39;\u00e9cole, il a pass\u00e9 une grande partie de son temps \u00e0 dessiner, d\u00e9veloppant une fascination pr\u00e9coce pour capturer l&#39;\u00e9motion humaine et la souffrance.<\/p>\n<p>Son p\u00e8re a encourag\u00e9 ce d\u00e9bouch\u00e9 cr\u00e9atif, mais a \u00e9galement renforc\u00e9 un profond sentiment de culpabilit\u00e9 et de peur, remplissant la maison d&#39;avertissements de punition divine. Munch a d\u00e9crit plus tard son enfance comme \u00e9tant \u00e9clips\u00e9e par \u00ables anges de la peur, du chagrin et de la mort\u00bb.<\/p>\n<figure class=\"wp-block-image\"><img loading=\"lazy\" data-lazyloaded=\"1\" data-placeholder-resp=\"900x679\" decoding=\"async\" width=\"900\" height=\"679\" src=\"https:\/\/www.svalbard.fr\/actualites\/wp-content\/uploads\/2025\/03\/1741278152_725_La-vie-et-l39heritage-du-celebre-artiste-de-la-Norvege.jpg\" alt=\"Statue d&#39;Edvard Munch en Norv\u00e8ge\" class=\"wp-image-22279\"  data-><noscript><img loading=\"lazy\" decoding=\"async\" width=\"900\" height=\"679\" src=\"https:\/\/www.svalbard.fr\/actualites\/wp-content\/uploads\/2025\/03\/1741278152_725_La-vie-et-l39heritage-du-celebre-artiste-de-la-Norvege.jpg\" alt=\"Statue d&#39;Edvard Munch en Norv\u00e8ge\" class=\"wp-image-22279\"  ><\/noscript><\/figure>\n<p>En 1877, alors que Munch n&#39;avait que 14 ans, la tuberculose a revendiqu\u00e9 une autre victime &#8211; sa s\u0153ur a\u00een\u00e9e bien-aim\u00e9e Sophie, qui \u00e9tait comme une m\u00e8re pour lui.<\/p>\n<p>Le traumatisme de la regarder se gaspiller lentement le hantant pendant des ann\u00e9es, remontant dans l&#39;une de ses premi\u00e8res peintures majeures, \u00abThe Sick Child\u00bb (1885-1886). Les coups de pinceau bruts et \u00e9motionnels de l&#39;\u0153uvre et un sujet fantomatique p\u00e2le ont captur\u00e9 son chagrin d&#39;enfance et ont marqu\u00e9 sa rupture avec le r\u00e9alisme traditionnel.<\/p>\n<p>Une autre des s\u0153urs de Munch, Laura, a ensuite d\u00e9velopp\u00e9 une schizophr\u00e9nie, approfondissant sa pr\u00e9occupation de la maladie mentale et du d\u00e9sespoir existentiel.<\/p>\n<p>Pendant ce temps, les humeurs impr\u00e9visibles de son p\u00e8re et la religiosit\u00e9 quasi-fanatique ont cr\u00e9\u00e9 une maison remplie d&#39;anxi\u00e9t\u00e9, o\u00f9 Munch et ses fr\u00e8res et s\u0153urs \u00e9taient souvent soumis \u00e0 des sermons de feu et de birie sur le p\u00e9ch\u00e9 et la damnation.<\/p>\n<p>Ces premi\u00e8res exp\u00e9riences ont fa\u00e7onn\u00e9 les th\u00e8mes artistiques de Munch \u00e0 vie: la mort, la maladie, les troubles \u00e9motionnels et la peur existentielle.<\/p>\n<p>M\u00eame en tant qu&#39;adulte, il est rest\u00e9 hant\u00e9 par ses craintes d&#39;enfance, une fois \u00e9crivant: \u00abLa maladie, la folie et la mort \u00e9taient les anges noirs qui surveillaient mon berceau et m&#39;ont accompagn\u00e9 toute ma vie.\u00bb<\/p>\n<h2 class=\"wp-block-heading\">La fabrication d&#39;un artiste<\/h2>\n<p>Malgr\u00e9 des plans initiaux pour \u00e9tudier l&#39;ing\u00e9nierie, Munch a abandonn\u00e9 l&#39;\u00e9ducation formelle pour poursuivre l&#39;art, en s&#39;inscrivant \u00e0 la Royal School of Art and Design de Christiensia. Il a \u00e9t\u00e9 profond\u00e9ment influenc\u00e9 par les peintres europ\u00e9ens contemporains, en particulier les symbolistes et les impressionnistes, et a rapidement d\u00e9velopp\u00e9 son propre style distinct.<\/p>\n<p>Une bourse a permis \u00e0 Munch de se rendre \u00e0 Paris \u00e0 la fin des ann\u00e9es 1880, o\u00f9 il a absorb\u00e9 les mouvements artistiques de l&#39;\u00e9poque.<\/p>\n<p>Sa perc\u00e9e est survenue en 1892, lorsque son travail a \u00e9t\u00e9 expos\u00e9 \u00e0 Berlin. L&#39;exposition \u00e9tait si controvers\u00e9e qu&#39;elle a \u00e9t\u00e9 ferm\u00e9e apr\u00e8s une semaine, mais le tumulte n&#39;a fait que renforcer l&#39;int\u00e9r\u00eat pour son travail.<\/p>\n<figure class=\"wp-block-image\"><img loading=\"lazy\" data-lazyloaded=\"1\" data-placeholder-resp=\"780x1120\" decoding=\"async\" width=\"780\" height=\"1120\" src=\"https:\/\/www.svalbard.fr\/actualites\/wp-content\/uploads\/2025\/03\/1741278152_976_La-vie-et-l39heritage-du-celebre-artiste-de-la-Norvege.jpg\" alt=\"La tombe d&#39;Edward Munch \u00e0 Oslo, Norv\u00e8ge\" class=\"wp-image-22280\"  data-><noscript><img loading=\"lazy\" decoding=\"async\" width=\"780\" height=\"1120\" src=\"https:\/\/www.svalbard.fr\/actualites\/wp-content\/uploads\/2025\/03\/1741278152_976_La-vie-et-l39heritage-du-celebre-artiste-de-la-Norvege.jpg\" alt=\"La tombe d&#39;Edward Munch \u00e0 Oslo, Norv\u00e8ge\" class=\"wp-image-22280\"  ><\/noscript><\/figure>\n<p>Au cours des ann\u00e9es 1890, Munch a cr\u00e9\u00e9 sa c\u00e9l\u00e8bre s\u00e9rie \u00abFrieze of Life\u00bb, qui a explor\u00e9 l&#39;amour, l&#39;anxi\u00e9t\u00e9, la jalousie et la mort. Cette p\u00e9riode a produit certaines de ses peintures les plus embl\u00e9matiques, notamment \u00abMadonna\u00bb, \u00abAnxi\u00e9t\u00e9\u00bb et \u00abJalousie\u00bb, aboutissant \u00e0 \u00abThe Scream\u00bb.<\/p>\n<h2 class=\"wp-block-heading\">Une vie marqu\u00e9e par des troubles<\/h2>\n<p>La vie de Munch a \u00e9t\u00e9 marqu\u00e9e par des luttes personnelles avec l&#39;alcoolisme, l&#39;anxi\u00e9t\u00e9 et la d\u00e9pression, qui ont tous deux aliment\u00e9 son art et conduit \u00e0 une d\u00e9tresse psychologique s\u00e9v\u00e8re. Au d\u00e9but des ann\u00e9es 1900, sa sant\u00e9 mentale s&#39;est d\u00e9t\u00e9rior\u00e9e, provoquant des hallucinations, une parano\u00efa et des pannes.<\/p>\n<p>En 1908, apr\u00e8s avoir subi des hallucinations auditives et une paralysie partielle, il est volontairement enregistr\u00e9 dans une clinique de Copenhague, o\u00f9 le repos et la th\u00e9rapie ont contribu\u00e9 \u00e0 le stabiliser. Apr\u00e8s le traitement, il s&#39;est retir\u00e9 des cercles boh\u00e8me et s&#39;est install\u00e9 \u00e0 Ekely, pr\u00e8s d&#39;Oslo, adoptant une vie plus reclus.<\/p>\n<p>Ici, Munch s&#39;est concentr\u00e9 sur les paysages, les portraits et les \u0153uvres d&#39;auto-r\u00e9flexion, explorant les th\u00e8mes du vieillissement, de la solitude et de la mortalit\u00e9. Son \u00ab\u00a0 autoportrait entre l&#39;horloge et le lit &#39;&#39; (1940-1943) capture de mani\u00e8re poignante sa conscience du temps qui s&#39;\u00e9loigne.<\/p>\n<p>Bien que largement isol\u00e9, Munch a continu\u00e9 \u00e0 peindre jusqu&#39;\u00e0 sa mort en 1944, trouvant du r\u00e9confort dans la nature et son art.<\/p>\n<h2 class=\"wp-block-heading\">Le nouveau mus\u00e9e Munch \u00e0 Oslo<\/h2>\n<p>L&#39;importance de Munch pour la culture norv\u00e9gienne est ind\u00e9niable, et sa vaste collection d&#39;\u0153uvres est d\u00e9sormais log\u00e9e \u00e0 Munch, le nouveau mus\u00e9e frappant qui a ouvert ses portes en octobre 2021 sur le front de mer d&#39;Oslo.<\/p>\n<p>Remplacement du mus\u00e9e plus ancien et beaucoup plus petit \u00e0 T\u00f8yen, ce monument de 13 \u00e9tages contient d\u00e9sormais la plus grande collection mondiale d&#39;\u0153uvres de Munch &#8211; y compris des peintures, des impressions et des milliers de dessins et aquarelles &#8211; en pr\u00e9servant l&#39;h\u00e9ritage de l&#39;artiste pour les g\u00e9n\u00e9rations futures.<\/p>\n<p>Au-del\u00e0 des \u0153uvres de Munch, le mus\u00e9e explore \u00e9galement son influence sur l&#39;art contemporain, pr\u00e9sentant des expositions d&#39;artistes modernes inspir\u00e9s par ses th\u00e8mes d&#39;amour, d&#39;anxi\u00e9t\u00e9 et de mortalit\u00e9.<\/p>\n<p>Parmi eux, l&#39;artiste britannique Tracey Emin, qui a cit\u00e9 Munch comme une profonde influence sur son travail \u00e9motionnellement brut et expressif. En 2022, le mus\u00e9e a accueilli l&#39;exposition d&#39;Emin \u00ab\u00a0 La solitude de l&#39;\u00e2me &#39;&#39;, mettant en vedette des peintures, des sculptures et des installations n\u00e9on qui se sont directement engag\u00e9es avec l&#39;h\u00e9ritage artistique de Munch.<\/p>\n<figure class=\"wp-block-image size-large\"><img loading=\"lazy\" data-lazyloaded=\"1\" data-placeholder-resp=\"768x576\" decoding=\"async\" width=\"768\" height=\"576\" src=\"https:\/\/www.svalbard.fr\/actualites\/wp-content\/uploads\/2025\/03\/1741278152_591_La-vie-et-l39heritage-du-celebre-artiste-de-la-Norvege.jpg\" alt=\"Une pi\u00e8ce \u00e0 l&#39;int\u00e9rieur du mus\u00e9e Munch d&#39;Oslo. Photo: David Nikel.\" class=\"wp-image-83317\"  data-><noscript><img loading=\"lazy\" decoding=\"async\" width=\"768\" height=\"576\" src=\"https:\/\/www.svalbard.fr\/actualites\/wp-content\/uploads\/2025\/03\/1741278152_591_La-vie-et-l39heritage-du-celebre-artiste-de-la-Norvege.jpg\" alt=\"Une pi\u00e8ce \u00e0 l&#39;int\u00e9rieur du mus\u00e9e Munch d&#39;Oslo. Photo: David Nikel.\" class=\"wp-image-83317\"  ><\/noscript><\/figure>\n<p>Emin a d\u00e9crit Munch comme \u00abson \u00e2me s\u0153ur \u00e0 travers le temps\u00bb, attir\u00e9e par son exploration de la douleur, de la vuln\u00e9rabilit\u00e9 et de la psych\u00e9 humaine.<\/p>\n<p>Con\u00e7u par le cabinet d&#39;architecture espagnol Estudio Herreros, le mus\u00e9e a fait l&#39;objet d&#39;un d\u00e9bat houleux en raison de sa conception inhabituelle inclin\u00e9e et de son esth\u00e9tique industrielle.<\/p>\n<p>La structure de 57 m\u00e8tres de haut, v\u00eatue d&#39;aluminium, qui se penche l\u00e9g\u00e8rement vers l&#39;avant en haut, a \u00e9t\u00e9 d\u00e9crite comme ressemblant \u00e0 une tour s&#39;inclinant dans le respect du fjord d&#39;Oslo.<\/p>\n<p>Alors que certains critiques ont salu\u00e9 son look audacieux et moderniste, d&#39;autres l&#39;ont qualifi\u00e9 de \u00abprison\u00bb gris et terne pour l&#39;art. Malgr\u00e9 la r\u00e9ception mixte, le mus\u00e9e est rapidement devenu un point de rep\u00e8re culturel majeur dans le district de Bj\u00f8rvika d&#39;Oslo, aux c\u00f4t\u00e9s de l&#39;embl\u00e9matique op\u00e9ra d&#39;Oslo et de la biblioth\u00e8que Deichman.<\/p>\n<p>Malgr\u00e9 le scepticisme initial quant \u00e0 sa conception, Munch s&#39;est ciment\u00e9 en tant que destination de premier plan pour les amateurs d&#39;art, attirant plus d&#39;un million de visiteurs au cours de sa premi\u00e8re ann\u00e9e seulement.<\/p>\n<h2 class=\"wp-block-heading\">L&#39;h\u00e9ritage et l&#39;influence durables de Munch<\/h2>\n<p>Lorsque Edvard Munch est d\u00e9c\u00e9d\u00e9 en 1944, il a quitt\u00e9 toute sa succession &#8211; plus de 28 000 \u0153uvres d&#39;art &#8211; \u00e0 la ville d&#39;Oslo. Aujourd&#39;hui, son impact peut \u00eatre vu non seulement dans le mus\u00e9e Munch mais aussi dans les galeries du monde entier.<\/p>\n<p>Ces derni\u00e8res ann\u00e9es, le march\u00e9 de l&#39;art a r\u00e9affirm\u00e9 son attrait durable. En 2012, une version pastel de \u00abThe Scream\u00bb s&#39;est vendue pour 119,9 millions de dollars stup\u00e9fiants aux ench\u00e8res, ce qui en fait l&#39;une des peintures les plus ch\u00e8res jamais vendues.<\/p>\n<p>L&#39;une des peintures moins connues mais historiquement significatives de Munch, \u00abDance on the Beach\u00bb (<em>Dans P\u00e5 Stranden<\/em>), a refait surface en 2023 lorsqu&#39;il a \u00e9t\u00e9 vendu aux ench\u00e8res chez Sotheby&#39;s \u00e0 Londres pour 16,9 millions de livres sterling (20,3 millions de dollars).<\/p>\n<p>La peinture faisait \u00e0 l&#39;origine partie de \u00abThe Reinhardt Frieze\u00bb, une s\u00e9rie Munch cr\u00e9\u00e9e pour le c\u00e9l\u00e8bre directeur de th\u00e9\u00e2tre allemand Max Reinhardt en 1906.<\/p>\n<p>La propri\u00e9t\u00e9 \u00e0 l&#39;origine de l&#39;historien juif de l&#39;art Curt Glaser, \u00abDance on the Beach\u00bb a \u00e9t\u00e9 vendue sous la contrainte lorsque Glaser a fui l&#39;Allemagne nazie en 1933.<\/p>\n<p>La peinture s&#39;est retrouv\u00e9e plus tard avec le collectionneur norv\u00e9gien Thomas Olsen, qui l&#39;a cach\u00e9 dans une for\u00eat norv\u00e9gienne pendant la Seconde Guerre mondiale, aux c\u00f4t\u00e9s d&#39;autres \u0153uvres de Munch, y compris des versions de <em>Le cri<\/em>. Dans un rare acte de restitution, Petter Olsen, le fils de Thomas, a volontairement accept\u00e9 de diviser le produit des ench\u00e8res avec les h\u00e9ritiers de Glaser.<\/p>\n<p>Plus qu&#39;un simple peintre de \u00abThe Scream\u00bb, Munch a \u00e9t\u00e9 un pionnier de l&#39;art moderne, un ma\u00eetre de l&#39;expression \u00e9motionnelle et un artiste dont les \u0153uvres profond\u00e9ment personnelles continuent de r\u00e9sonner \u00e0 travers les g\u00e9n\u00e9rations.<\/p>\n<p>Son h\u00e9ritage vit non seulement dans les mus\u00e9es, mais aussi dans la culture populaire, o\u00f9 son imagerie capture toujours l&#39;exp\u00e9rience humaine universelle de l&#39;anxi\u00e9t\u00e9, de l&#39;amour et de la peur existentielle.<\/p>\n<p>Que ce soit vu dans les Grands salles du mus\u00e9e Munch ou \u00e0 travers l&#39;objectif de la culture pop des parodies et des r\u00e9f\u00e9rences, l&#39;art de Munch reste aussi puissant et stimulant aujourd&#39;hui qu&#39;il y a plus d&#39;un si\u00e8cle.<\/p>\n<\/p><\/div>\n","protected":false},"excerpt":{"rendered":"<p>L&#39;artiste norv\u00e9gien Edvard Munch a captur\u00e9 les profondeurs de l&#39;\u00e9motion humaine pas comme les autres. Surtout connu pour \u00ab\u00a0 The Scream &#39;&#39;, ses \u0153uvres expressives<\/p>\n","protected":false},"author":1,"featured_media":2784,"comment_status":"","ping_status":"","sticky":false,"template":"","format":"standard","meta":{"footnotes":""},"categories":[1],"tags":[2134,611,2133,6,177],"yoast_head":"<!-- This site is optimized with the Yoast SEO plugin v21.0 - https:\/\/yoast.com\/wordpress\/plugins\/seo\/ -->\n<title>La vie et l&#039;h\u00e9ritage du c\u00e9l\u00e8bre artiste de la Norv\u00e8ge<\/title>\n<meta name=\"robots\" content=\"index, follow, max-snippet:-1, max-image-preview:large, max-video-preview:-1\" \/>\n<link rel=\"canonical\" href=\"https:\/\/www.svalbard.fr\/actualites\/la-vie-et-lheritage-du-celebre-artiste-de-la-norvege\/\" \/>\n<meta property=\"og:locale\" content=\"fr_FR\" \/>\n<meta property=\"og:type\" content=\"article\" \/>\n<meta property=\"og:title\" content=\"La vie et l&#039;h\u00e9ritage du c\u00e9l\u00e8bre artiste de la Norv\u00e8ge\" \/>\n<meta property=\"og:description\" content=\"L&#039;artiste norv\u00e9gien Edvard Munch a captur\u00e9 les profondeurs de l&#039;\u00e9motion humaine pas comme les autres. Surtout connu pour \u00ab\u00a0 The Scream &#039;&#039;, ses \u0153uvres expressives\" \/>\n<meta property=\"og:url\" content=\"https:\/\/www.svalbard.fr\/actualites\/la-vie-et-lheritage-du-celebre-artiste-de-la-norvege\/\" \/>\n<meta property=\"og:site_name\" content=\"www.Svalbard.fr\" \/>\n<meta property=\"article:published_time\" content=\"2025-03-06T16:22:32+00:00\" \/>\n<meta property=\"og:image\" content=\"https:\/\/www.svalbard.fr\/actualites\/wp-content\/uploads\/2025\/03\/La-vie-et-l39heritage-du-celebre-artiste-de-la-Norvege.jpg\" \/>\n<meta name=\"author\" content=\"Hilmar\" \/>\n<meta name=\"twitter:card\" content=\"summary_large_image\" \/>\n<meta name=\"twitter:label1\" content=\"\u00c9crit par\" \/>\n\t<meta name=\"twitter:data1\" content=\"Hilmar\" \/>\n\t<meta name=\"twitter:label2\" content=\"Dur\u00e9e de lecture estim\u00e9e\" \/>\n\t<meta name=\"twitter:data2\" content=\"11 minutes\" \/>\n<script type=\"application\/ld+json\" class=\"yoast-schema-graph\">{\"@context\":\"https:\/\/schema.org\",\"@graph\":[{\"@type\":\"Article\",\"@id\":\"https:\/\/www.svalbard.fr\/actualites\/la-vie-et-lheritage-du-celebre-artiste-de-la-norvege\/#article\",\"isPartOf\":{\"@id\":\"https:\/\/www.svalbard.fr\/actualites\/la-vie-et-lheritage-du-celebre-artiste-de-la-norvege\/\"},\"author\":{\"name\":\"Hilmar\",\"@id\":\"https:\/\/www.svalbard.fr\/actualites\/#\/schema\/person\/a2f937d5712222366738fae98755c600\"},\"headline\":\"La vie et l&#39;h\u00e9ritage du c\u00e9l\u00e8bre artiste de la Norv\u00e8ge\",\"datePublished\":\"2025-03-06T16:22:32+00:00\",\"dateModified\":\"2025-03-06T16:22:32+00:00\",\"mainEntityOfPage\":{\"@id\":\"https:\/\/www.svalbard.fr\/actualites\/la-vie-et-lheritage-du-celebre-artiste-de-la-norvege\/\"},\"wordCount\":2125,\"publisher\":{\"@id\":\"https:\/\/www.svalbard.fr\/actualites\/#organization\"},\"keywords\":[\"artiste\",\"c\u00e9l\u00e8bre\",\"l39h\u00e9ritage\",\"Norv\u00e8ge\",\"vie\"],\"articleSection\":[\"Svalbard\"],\"inLanguage\":\"fr-FR\"},{\"@type\":\"WebPage\",\"@id\":\"https:\/\/www.svalbard.fr\/actualites\/la-vie-et-lheritage-du-celebre-artiste-de-la-norvege\/\",\"url\":\"https:\/\/www.svalbard.fr\/actualites\/la-vie-et-lheritage-du-celebre-artiste-de-la-norvege\/\",\"name\":\"La vie et l&#39;h\u00e9ritage du c\u00e9l\u00e8bre artiste de la Norv\u00e8ge\",\"isPartOf\":{\"@id\":\"https:\/\/www.svalbard.fr\/actualites\/#website\"},\"datePublished\":\"2025-03-06T16:22:32+00:00\",\"dateModified\":\"2025-03-06T16:22:32+00:00\",\"breadcrumb\":{\"@id\":\"https:\/\/www.svalbard.fr\/actualites\/la-vie-et-lheritage-du-celebre-artiste-de-la-norvege\/#breadcrumb\"},\"inLanguage\":\"fr-FR\",\"potentialAction\":[{\"@type\":\"ReadAction\",\"target\":[\"https:\/\/www.svalbard.fr\/actualites\/la-vie-et-lheritage-du-celebre-artiste-de-la-norvege\/\"]}]},{\"@type\":\"BreadcrumbList\",\"@id\":\"https:\/\/www.svalbard.fr\/actualites\/la-vie-et-lheritage-du-celebre-artiste-de-la-norvege\/#breadcrumb\",\"itemListElement\":[{\"@type\":\"ListItem\",\"position\":1,\"name\":\"Accueil\",\"item\":\"https:\/\/www.svalbard.fr\/actualites\/\"},{\"@type\":\"ListItem\",\"position\":2,\"name\":\"La vie et l&#39;h\u00e9ritage du c\u00e9l\u00e8bre artiste de la Norv\u00e8ge\"}]},{\"@type\":\"WebSite\",\"@id\":\"https:\/\/www.svalbard.fr\/actualites\/#website\",\"url\":\"https:\/\/www.svalbard.fr\/actualites\/\",\"name\":\"www.Svalbard.fr\",\"description\":\"\",\"publisher\":{\"@id\":\"https:\/\/www.svalbard.fr\/actualites\/#organization\"},\"potentialAction\":[{\"@type\":\"SearchAction\",\"target\":{\"@type\":\"EntryPoint\",\"urlTemplate\":\"https:\/\/www.svalbard.fr\/actualites\/?s={search_term_string}\"},\"query-input\":\"required name=search_term_string\"}],\"inLanguage\":\"fr-FR\"},{\"@type\":\"Organization\",\"@id\":\"https:\/\/www.svalbard.fr\/actualites\/#organization\",\"name\":\"www.Svalbard.fr\",\"url\":\"https:\/\/www.svalbard.fr\/actualites\/\",\"logo\":{\"@type\":\"ImageObject\",\"inLanguage\":\"fr-FR\",\"@id\":\"https:\/\/www.svalbard.fr\/actualites\/#\/schema\/logo\/image\/\",\"url\":\"https:\/\/www.svalbard.fr\/actualites\/wp-content\/uploads\/2023\/09\/head-nom.jpg\",\"contentUrl\":\"https:\/\/www.svalbard.fr\/actualites\/wp-content\/uploads\/2023\/09\/head-nom.jpg\",\"width\":264,\"height\":35,\"caption\":\"www.Svalbard.fr\"},\"image\":{\"@id\":\"https:\/\/www.svalbard.fr\/actualites\/#\/schema\/logo\/image\/\"}},{\"@type\":\"Person\",\"@id\":\"https:\/\/www.svalbard.fr\/actualites\/#\/schema\/person\/a2f937d5712222366738fae98755c600\",\"name\":\"Hilmar\",\"image\":{\"@type\":\"ImageObject\",\"inLanguage\":\"fr-FR\",\"@id\":\"https:\/\/www.svalbard.fr\/actualites\/#\/schema\/person\/image\/\",\"url\":\"https:\/\/secure.gravatar.com\/avatar\/4daa437093476dbc32da415c112b6512?s=96&d=mm&r=g\",\"contentUrl\":\"https:\/\/secure.gravatar.com\/avatar\/4daa437093476dbc32da415c112b6512?s=96&d=mm&r=g\",\"caption\":\"Hilmar\"},\"description\":\"Hilmar est un passionn\u00e9 des r\u00e9gions polaires, sp\u00e9cialis\u00e9 dans la r\u00e9daction d'articles sur le Spitzberg et autres destinations arctiques. Il apporte son expertise et sa passion pour l'Arctique au sein de l'\u00e9quipe de r\u00e9daction de Svalbard depuis de nombreuses ann\u00e9es.\",\"sameAs\":[\"https:\/\/www.svalbard.fr\/\"]}]}<\/script>\n<!-- \/ Yoast SEO plugin. -->","yoast_head_json":{"title":"La vie et l&#39;h\u00e9ritage du c\u00e9l\u00e8bre artiste de la Norv\u00e8ge","robots":{"index":"index","follow":"follow","max-snippet":"max-snippet:-1","max-image-preview":"max-image-preview:large","max-video-preview":"max-video-preview:-1"},"canonical":"https:\/\/www.svalbard.fr\/actualites\/la-vie-et-lheritage-du-celebre-artiste-de-la-norvege\/","og_locale":"fr_FR","og_type":"article","og_title":"La vie et l&#39;h\u00e9ritage du c\u00e9l\u00e8bre artiste de la Norv\u00e8ge","og_description":"L&#39;artiste norv\u00e9gien Edvard Munch a captur\u00e9 les profondeurs de l&#39;\u00e9motion humaine pas comme les autres. Surtout connu pour \u00ab\u00a0 The Scream &#39;&#39;, ses \u0153uvres expressives","og_url":"https:\/\/www.svalbard.fr\/actualites\/la-vie-et-lheritage-du-celebre-artiste-de-la-norvege\/","og_site_name":"www.Svalbard.fr","article_published_time":"2025-03-06T16:22:32+00:00","og_image":[{"url":"https:\/\/www.svalbard.fr\/actualites\/wp-content\/uploads\/2025\/03\/La-vie-et-l39heritage-du-celebre-artiste-de-la-Norvege.jpg"}],"author":"Hilmar","twitter_card":"summary_large_image","twitter_misc":{"\u00c9crit par":"Hilmar","Dur\u00e9e de lecture estim\u00e9e":"11 minutes"},"schema":{"@context":"https:\/\/schema.org","@graph":[{"@type":"Article","@id":"https:\/\/www.svalbard.fr\/actualites\/la-vie-et-lheritage-du-celebre-artiste-de-la-norvege\/#article","isPartOf":{"@id":"https:\/\/www.svalbard.fr\/actualites\/la-vie-et-lheritage-du-celebre-artiste-de-la-norvege\/"},"author":{"name":"Hilmar","@id":"https:\/\/www.svalbard.fr\/actualites\/#\/schema\/person\/a2f937d5712222366738fae98755c600"},"headline":"La vie et l&#39;h\u00e9ritage du c\u00e9l\u00e8bre artiste de la Norv\u00e8ge","datePublished":"2025-03-06T16:22:32+00:00","dateModified":"2025-03-06T16:22:32+00:00","mainEntityOfPage":{"@id":"https:\/\/www.svalbard.fr\/actualites\/la-vie-et-lheritage-du-celebre-artiste-de-la-norvege\/"},"wordCount":2125,"publisher":{"@id":"https:\/\/www.svalbard.fr\/actualites\/#organization"},"keywords":["artiste","c\u00e9l\u00e8bre","l39h\u00e9ritage","Norv\u00e8ge","vie"],"articleSection":["Svalbard"],"inLanguage":"fr-FR"},{"@type":"WebPage","@id":"https:\/\/www.svalbard.fr\/actualites\/la-vie-et-lheritage-du-celebre-artiste-de-la-norvege\/","url":"https:\/\/www.svalbard.fr\/actualites\/la-vie-et-lheritage-du-celebre-artiste-de-la-norvege\/","name":"La vie et l&#39;h\u00e9ritage du c\u00e9l\u00e8bre artiste de la Norv\u00e8ge","isPartOf":{"@id":"https:\/\/www.svalbard.fr\/actualites\/#website"},"datePublished":"2025-03-06T16:22:32+00:00","dateModified":"2025-03-06T16:22:32+00:00","breadcrumb":{"@id":"https:\/\/www.svalbard.fr\/actualites\/la-vie-et-lheritage-du-celebre-artiste-de-la-norvege\/#breadcrumb"},"inLanguage":"fr-FR","potentialAction":[{"@type":"ReadAction","target":["https:\/\/www.svalbard.fr\/actualites\/la-vie-et-lheritage-du-celebre-artiste-de-la-norvege\/"]}]},{"@type":"BreadcrumbList","@id":"https:\/\/www.svalbard.fr\/actualites\/la-vie-et-lheritage-du-celebre-artiste-de-la-norvege\/#breadcrumb","itemListElement":[{"@type":"ListItem","position":1,"name":"Accueil","item":"https:\/\/www.svalbard.fr\/actualites\/"},{"@type":"ListItem","position":2,"name":"La vie et l&#39;h\u00e9ritage du c\u00e9l\u00e8bre artiste de la Norv\u00e8ge"}]},{"@type":"WebSite","@id":"https:\/\/www.svalbard.fr\/actualites\/#website","url":"https:\/\/www.svalbard.fr\/actualites\/","name":"www.Svalbard.fr","description":"","publisher":{"@id":"https:\/\/www.svalbard.fr\/actualites\/#organization"},"potentialAction":[{"@type":"SearchAction","target":{"@type":"EntryPoint","urlTemplate":"https:\/\/www.svalbard.fr\/actualites\/?s={search_term_string}"},"query-input":"required name=search_term_string"}],"inLanguage":"fr-FR"},{"@type":"Organization","@id":"https:\/\/www.svalbard.fr\/actualites\/#organization","name":"www.Svalbard.fr","url":"https:\/\/www.svalbard.fr\/actualites\/","logo":{"@type":"ImageObject","inLanguage":"fr-FR","@id":"https:\/\/www.svalbard.fr\/actualites\/#\/schema\/logo\/image\/","url":"https:\/\/www.svalbard.fr\/actualites\/wp-content\/uploads\/2023\/09\/head-nom.jpg","contentUrl":"https:\/\/www.svalbard.fr\/actualites\/wp-content\/uploads\/2023\/09\/head-nom.jpg","width":264,"height":35,"caption":"www.Svalbard.fr"},"image":{"@id":"https:\/\/www.svalbard.fr\/actualites\/#\/schema\/logo\/image\/"}},{"@type":"Person","@id":"https:\/\/www.svalbard.fr\/actualites\/#\/schema\/person\/a2f937d5712222366738fae98755c600","name":"Hilmar","image":{"@type":"ImageObject","inLanguage":"fr-FR","@id":"https:\/\/www.svalbard.fr\/actualites\/#\/schema\/person\/image\/","url":"https:\/\/secure.gravatar.com\/avatar\/4daa437093476dbc32da415c112b6512?s=96&d=mm&r=g","contentUrl":"https:\/\/secure.gravatar.com\/avatar\/4daa437093476dbc32da415c112b6512?s=96&d=mm&r=g","caption":"Hilmar"},"description":"Hilmar est un passionn\u00e9 des r\u00e9gions polaires, sp\u00e9cialis\u00e9 dans la r\u00e9daction d'articles sur le Spitzberg et autres destinations arctiques. Il apporte son expertise et sa passion pour l'Arctique au sein de l'\u00e9quipe de r\u00e9daction de Svalbard depuis de nombreuses ann\u00e9es.","sameAs":["https:\/\/www.svalbard.fr\/"]}]}},"_links":{"self":[{"href":"https:\/\/www.svalbard.fr\/actualites\/wp-json\/wp\/v2\/posts\/2783"}],"collection":[{"href":"https:\/\/www.svalbard.fr\/actualites\/wp-json\/wp\/v2\/posts"}],"about":[{"href":"https:\/\/www.svalbard.fr\/actualites\/wp-json\/wp\/v2\/types\/post"}],"author":[{"embeddable":true,"href":"https:\/\/www.svalbard.fr\/actualites\/wp-json\/wp\/v2\/users\/1"}],"replies":[{"embeddable":true,"href":"https:\/\/www.svalbard.fr\/actualites\/wp-json\/wp\/v2\/comments?post=2783"}],"version-history":[{"count":0,"href":"https:\/\/www.svalbard.fr\/actualites\/wp-json\/wp\/v2\/posts\/2783\/revisions"}],"wp:featuredmedia":[{"embeddable":true,"href":"https:\/\/www.svalbard.fr\/actualites\/wp-json\/wp\/v2\/media\/2784"}],"wp:attachment":[{"href":"https:\/\/www.svalbard.fr\/actualites\/wp-json\/wp\/v2\/media?parent=2783"}],"wp:term":[{"taxonomy":"category","embeddable":true,"href":"https:\/\/www.svalbard.fr\/actualites\/wp-json\/wp\/v2\/categories?post=2783"},{"taxonomy":"post_tag","embeddable":true,"href":"https:\/\/www.svalbard.fr\/actualites\/wp-json\/wp\/v2\/tags?post=2783"}],"curies":[{"name":"wp","href":"https:\/\/api.w.org\/{rel}","templated":true}]}}