{"id":2834,"date":"2025-03-13T10:30:00","date_gmt":"2025-03-13T09:30:00","guid":{"rendered":"https:\/\/www.svalbard.fr\/actualites\/?p=2834"},"modified":"2025-03-14T13:25:01","modified_gmt":"2025-03-14T12:25:01","slug":"avec-la-capacite-de-12-boeing-747-et-plus-grand-quun-terrain-de-football-ce-nouveau-geant-des-airs-va-transporter-des-eoliennes-mondialement","status":"publish","type":"post","link":"https:\/\/www.svalbard.fr\/actualites\/avec-la-capacite-de-12-boeing-747-et-plus-grand-quun-terrain-de-football-ce-nouveau-geant-des-airs-va-transporter-des-eoliennes-mondialement\/","title":{"rendered":"Avec la capacit\u00e9 de 12 Boeing 747 et plus grand qu&rsquo;un terrain de football, ce nouveau g\u00e9ant des airs va transporter des \u00e9oliennes mondialement"},"content":{"rendered":"\n<p><strong><em>Dans le monde de l\u2019aviation, une nouvelle cr\u00e9ation fait sensation : un appareil capable de d\u00e9placer des pales d\u2019\u00e9oliennes longues comme un terrain de football. Une prouesse qui pourrait bien transformer la fa\u00e7on dont on construit et installe les parcs \u00e9oliens, en offrant une alternative aux traditionnels transports routiers souvent complexes et co\u00fbteux.<\/em><\/strong><\/p>\n\n\n\n<!--more-->\n\n\n\n<h2 class=\"wp-block-heading\">Un d\u00e9fi majeur pour le secteur \u00e9olien<\/h2>\n\n\n\n<p>Face \u00e0 la demande croissante en <strong>\u00e9nergies renouvelables<\/strong>, les <strong>turbines \u00e9oliennes<\/strong> sont de plus en plus imposantes, certaines pales atteignant d\u00e9sormais 121 m\u00e8tres. Cependant, les acheminer sur les chantiers se r\u00e9v\u00e8le \u00eatre un v\u00e9ritable casse-t\u00eate. Entre les ponts, les virages serr\u00e9s ou encore les tunnels, la <strong>logistique<\/strong> devient un frein \u00e0 l\u2019expansion de l\u2019<a href=\"https:\/\/www.svalbard.fr\/actualites\/lespagne-etonne-avec-un-generateur-a-hydrogene-alimente-uniquement-par-des-energies-renouvelables\/\"><strong>\u00e9nergie \u00e9olienne<\/strong><\/a>. Je me souviens d\u2019un ing\u00e9nieur rencontr\u00e9 lors d\u2019une conf\u00e9rence sur l\u2019environnement : il m\u2019expliquait \u00e0 quel point le transport routier des pales \u00e9tait un parcours sem\u00e9 d\u2019emb\u00fbches, parfois plus compliqu\u00e9 que leur installation en elle-m\u00eame.<\/p>\n\n\n\n<figure class=\"wp-block-embed aligncenter is-type-video is-provider-youtube wp-block-embed-youtube wp-embed-aspect-16-9 wp-has-aspect-ratio\"><div class=\"wp-block-embed__wrapper\">\n<iframe loading=\"lazy\" title=\"Voici le nouveau colosse des airs : une capacit\u00e9 de 12 Boeing 747 et plus grand qu\u2019un stade de foot\" width=\"1200\" height=\"675\" src=\"https:\/\/www.youtube.com\/embed\/q1GPk9GF-zg?feature=oembed\" frameborder=\"0\" allow=\"accelerometer; autoplay; clipboard-write; encrypted-media; gyroscope; picture-in-picture; web-share\" referrerpolicy=\"strict-origin-when-cross-origin\" allowfullscreen><\/iframe>\n<\/div><\/figure>\n\n\n\n<h2 class=\"wp-block-heading\"><strong>Radia<\/strong> et la conception du <strong>WindRunner<\/strong><\/h2>\n\n\n\n<p>Pour r\u00e9soudre ce probl\u00e8me, une startup du Colorado, <strong>Radia<\/strong>, a con\u00e7u le <strong>WindRunner<\/strong>, un avion taill\u00e9 sur mesure pour transporter des pales d\u2019\u00e9oliennes hors normes. Selon les premiers essais, l\u2019appareil peut prendre en charge une pale de 105 m\u00e8tres ou jusqu\u2019\u00e0 trois pales de 85 m\u00e8tres en un seul voyage. Cette solution audacieuse offre un v\u00e9ritable soulagement aux fabricants et installateurs, qui peuvent d\u00e9sormais contourner les obstacles du transport routier.<\/p>\n\n\n\n<figure class=\"wp-block-embed aligncenter is-type-video is-provider-youtube wp-block-embed-youtube wp-embed-aspect-16-9 wp-has-aspect-ratio\"><div class=\"wp-block-embed__wrapper\">\n<iframe loading=\"lazy\" title=\"Wind Runner - The World&#039;s Largest Aircraft\" width=\"1200\" height=\"675\" src=\"https:\/\/www.youtube.com\/embed\/Wvf80kd5L6U?feature=oembed\" frameborder=\"0\" allow=\"accelerometer; autoplay; clipboard-write; encrypted-media; gyroscope; picture-in-picture; web-share\" referrerpolicy=\"strict-origin-when-cross-origin\" allowfullscreen><\/iframe>\n<\/div><\/figure>\n\n\n\n<h2 class=\"wp-block-heading\">Des caract\u00e9ristiques techniques hors norme<\/h2>\n\n\n\n<p>Le <strong>WindRunner<\/strong> affiche des dimensions plus grandes qu\u2019un terrain de football et une capacit\u00e9 interne \u00e9quivalente \u00e0 celle de <strong>12 Boeing 747<\/strong> r\u00e9unis. Il dispose en outre d\u2019un syst\u00e8me permettant de relever son nez pour charger et d\u00e9charger des <strong>cargaisons volumineuses<\/strong> avec facilit\u00e9. Lors d\u2019une visite de hangar que j\u2019ai pu faire il y a quelques ann\u00e9es, j\u2019avais d\u00e9j\u00e0 \u00e9t\u00e9 impressionn\u00e9 par la taille d\u2019un simple cargo militaire. Mais l\u00e0, le <strong>WindRunner<\/strong> repousse encore les limites de l\u2019<strong>ing\u00e9nierie a\u00e9ronautique<\/strong>.<\/p>\n\n\n\n<h2 class=\"wp-block-heading\">Un atout strat\u00e9gique pour l\u2019\u00e9nergie \u00e9olienne<\/h2>\n\n\n\n<p>Au-del\u00e0 de l\u2019aspect purement technique, cette innovation r\u00e9pond \u00e0 un besoin urgent du secteur de l\u2019\u00e9olien. En acc\u00e9l\u00e9rant et en facilitant le transport des pales g\u00e9antes, <strong>Radia<\/strong> souhaite encourager l\u2019implantation de nouvelles fermes \u00e9oliennes dans des zones recul\u00e9es ou difficilement accessibles. Selon certains experts du <strong>Global Wind Energy Council<\/strong>, cette avanc\u00e9e pourrait aussi stimuler la production d\u2019\u00e9nergie dans des r\u00e9gions jusque-l\u00e0 sous-exploit\u00e9es.<\/p>\n\n\n\n<h2 class=\"wp-block-heading\">Des r\u00e9percussions consid\u00e9rables sur la production \u00e9nerg\u00e9tique<\/h2>\n\n\n\n<p>Gr\u00e2ce \u00e0 ses capacit\u00e9s, le <strong>WindRunner<\/strong> pourrait r\u00e9volutionner la mise en place de parcs \u00e9oliens \u00e0 travers le monde, notamment dans des zones o\u00f9 les infrastructures routi\u00e8res sont limit\u00e9es. Par exemple, dans certains pays d\u2019Afrique ou d\u2019Asie, la difficult\u00e9 de transporter des \u00e9l\u00e9ments de grande taille a souvent frein\u00e9 l\u2019installation de <strong>turbines<\/strong>. Le fait que cet <a href=\"https:\/\/www.svalbard.fr\/actualites\/quel-est-le-salaire-reel-dun-pilote-davion\/\"><strong>avion<\/strong><\/a> puisse op\u00e9rer sur des pistes peu am\u00e9nag\u00e9es offre de nouvelles perspectives pour r\u00e9pondre \u00e0 la demande mondiale en \u00e9nergies vertes.<\/p>\n\n\n\n<h2 class=\"wp-block-heading\">Un pas de plus vers un futur plus vert<\/h2>\n\n\n\n<p>En proposant une solution innovante pour d\u00e9placer des composants cl\u00e9s de l\u2019industrie \u00e9olienne, <strong>Radia<\/strong> contribue \u00e0 la <strong>transition \u00e9nerg\u00e9tique<\/strong> vers des sources plus propres. L\u2019id\u00e9e n\u2019est pas simplement de fabriquer un avion hors gabarit, mais de permettre une expansion plus rapide et plus rentable de l\u2019<strong>\u00e9nergie \u00e9olienne<\/strong>. \u00c0 l\u2019heure o\u00f9 la lutte contre le changement climatique se fait pressante, chaque avanc\u00e9e technologique dans ce domaine est un pas suppl\u00e9mentaire vers un avenir plus respectueux de l\u2019environnement.<\/p>\n","protected":false},"excerpt":{"rendered":"<p>Dans le monde de l\u2019aviation, une nouvelle cr\u00e9ation fait sensation : un appareil capable de d\u00e9placer des pales d\u2019\u00e9oliennes longues comme un terrain de football.<\/p>\n","protected":false},"author":3,"featured_media":2835,"comment_status":"closed","ping_status":"closed","sticky":false,"template":"","format":"standard","meta":{"footnotes":""},"categories":[1725],"tags":[],"yoast_head":"<!-- This site is optimized with the Yoast SEO plugin v21.0 - https:\/\/yoast.com\/wordpress\/plugins\/seo\/ -->\n<title>Avec la capacit\u00e9 de 12 Boeing 747 et plus grand qu&#039;un terrain de football, ce nouveau g\u00e9ant des airs va transporter des \u00e9oliennes mondialement<\/title>\n<meta name=\"robots\" content=\"index, follow, max-snippet:-1, max-image-preview:large, max-video-preview:-1\" \/>\n<link rel=\"canonical\" href=\"https:\/\/www.svalbard.fr\/actualites\/avec-la-capacite-de-12-boeing-747-et-plus-grand-quun-terrain-de-football-ce-nouveau-geant-des-airs-va-transporter-des-eoliennes-mondialement\/\" \/>\n<meta property=\"og:locale\" content=\"fr_FR\" \/>\n<meta property=\"og:type\" content=\"article\" \/>\n<meta property=\"og:title\" content=\"Avec la capacit\u00e9 de 12 Boeing 747 et plus grand qu&#039;un terrain de football, ce nouveau g\u00e9ant des airs va transporter des \u00e9oliennes mondialement\" \/>\n<meta property=\"og:description\" content=\"Dans le monde de l\u2019aviation, une nouvelle cr\u00e9ation fait sensation : un appareil capable de d\u00e9placer des pales d\u2019\u00e9oliennes longues comme un terrain de football.\" \/>\n<meta property=\"og:url\" content=\"https:\/\/www.svalbard.fr\/actualites\/avec-la-capacite-de-12-boeing-747-et-plus-grand-quun-terrain-de-football-ce-nouveau-geant-des-airs-va-transporter-des-eoliennes-mondialement\/\" \/>\n<meta property=\"og:site_name\" content=\"www.Svalbard.fr\" \/>\n<meta property=\"article:published_time\" content=\"2025-03-13T09:30:00+00:00\" \/>\n<meta property=\"article:modified_time\" content=\"2025-03-14T12:25:01+00:00\" \/>\n<meta property=\"og:image\" content=\"https:\/\/www.svalbard.fr\/actualites\/wp-content\/uploads\/2025\/03\/Nouveau-geant-des-airs.jpg\" \/>\n\t<meta property=\"og:image:width\" content=\"1200\" \/>\n\t<meta property=\"og:image:height\" content=\"800\" \/>\n\t<meta property=\"og:image:type\" content=\"image\/jpeg\" \/>\n<meta name=\"author\" content=\"Guillaume Chen\" \/>\n<meta name=\"twitter:card\" content=\"summary_large_image\" \/>\n<meta name=\"twitter:label1\" content=\"\u00c9crit par\" \/>\n\t<meta name=\"twitter:data1\" content=\"Guillaume Chen\" \/>\n\t<meta name=\"twitter:label2\" content=\"Dur\u00e9e de lecture estim\u00e9e\" \/>\n\t<meta name=\"twitter:data2\" content=\"3 minutes\" \/>\n<script type=\"application\/ld+json\" class=\"yoast-schema-graph\">{\"@context\":\"https:\/\/schema.org\",\"@graph\":[{\"@type\":\"Article\",\"@id\":\"https:\/\/www.svalbard.fr\/actualites\/avec-la-capacite-de-12-boeing-747-et-plus-grand-quun-terrain-de-football-ce-nouveau-geant-des-airs-va-transporter-des-eoliennes-mondialement\/#article\",\"isPartOf\":{\"@id\":\"https:\/\/www.svalbard.fr\/actualites\/avec-la-capacite-de-12-boeing-747-et-plus-grand-quun-terrain-de-football-ce-nouveau-geant-des-airs-va-transporter-des-eoliennes-mondialement\/\"},\"author\":{\"name\":\"Guillaume Chen\",\"@id\":\"https:\/\/www.svalbard.fr\/actualites\/#\/schema\/person\/b9d185560b94bff7322d37cb676ee545\"},\"headline\":\"Avec la capacit\u00e9 de 12 Boeing 747 et plus grand qu&rsquo;un terrain de football, ce nouveau g\u00e9ant des airs va transporter des \u00e9oliennes mondialement\",\"datePublished\":\"2025-03-13T09:30:00+00:00\",\"dateModified\":\"2025-03-14T12:25:01+00:00\",\"mainEntityOfPage\":{\"@id\":\"https:\/\/www.svalbard.fr\/actualites\/avec-la-capacite-de-12-boeing-747-et-plus-grand-quun-terrain-de-football-ce-nouveau-geant-des-airs-va-transporter-des-eoliennes-mondialement\/\"},\"wordCount\":657,\"publisher\":{\"@id\":\"https:\/\/www.svalbard.fr\/actualites\/#organization\"},\"articleSection\":[\"Tendances\"],\"inLanguage\":\"fr-FR\"},{\"@type\":\"WebPage\",\"@id\":\"https:\/\/www.svalbard.fr\/actualites\/avec-la-capacite-de-12-boeing-747-et-plus-grand-quun-terrain-de-football-ce-nouveau-geant-des-airs-va-transporter-des-eoliennes-mondialement\/\",\"url\":\"https:\/\/www.svalbard.fr\/actualites\/avec-la-capacite-de-12-boeing-747-et-plus-grand-quun-terrain-de-football-ce-nouveau-geant-des-airs-va-transporter-des-eoliennes-mondialement\/\",\"name\":\"Avec la capacit\u00e9 de 12 Boeing 747 et plus grand qu'un terrain de football, ce nouveau g\u00e9ant des airs va transporter des \u00e9oliennes mondialement\",\"isPartOf\":{\"@id\":\"https:\/\/www.svalbard.fr\/actualites\/#website\"},\"datePublished\":\"2025-03-13T09:30:00+00:00\",\"dateModified\":\"2025-03-14T12:25:01+00:00\",\"breadcrumb\":{\"@id\":\"https:\/\/www.svalbard.fr\/actualites\/avec-la-capacite-de-12-boeing-747-et-plus-grand-quun-terrain-de-football-ce-nouveau-geant-des-airs-va-transporter-des-eoliennes-mondialement\/#breadcrumb\"},\"inLanguage\":\"fr-FR\",\"potentialAction\":[{\"@type\":\"ReadAction\",\"target\":[\"https:\/\/www.svalbard.fr\/actualites\/avec-la-capacite-de-12-boeing-747-et-plus-grand-quun-terrain-de-football-ce-nouveau-geant-des-airs-va-transporter-des-eoliennes-mondialement\/\"]}]},{\"@type\":\"BreadcrumbList\",\"@id\":\"https:\/\/www.svalbard.fr\/actualites\/avec-la-capacite-de-12-boeing-747-et-plus-grand-quun-terrain-de-football-ce-nouveau-geant-des-airs-va-transporter-des-eoliennes-mondialement\/#breadcrumb\",\"itemListElement\":[{\"@type\":\"ListItem\",\"position\":1,\"name\":\"Accueil\",\"item\":\"https:\/\/www.svalbard.fr\/actualites\/\"},{\"@type\":\"ListItem\",\"position\":2,\"name\":\"Avec la capacit\u00e9 de 12 Boeing 747 et plus grand qu&rsquo;un terrain de football, ce nouveau g\u00e9ant des airs va transporter des \u00e9oliennes mondialement\"}]},{\"@type\":\"WebSite\",\"@id\":\"https:\/\/www.svalbard.fr\/actualites\/#website\",\"url\":\"https:\/\/www.svalbard.fr\/actualites\/\",\"name\":\"www.Svalbard.fr\",\"description\":\"\",\"publisher\":{\"@id\":\"https:\/\/www.svalbard.fr\/actualites\/#organization\"},\"potentialAction\":[{\"@type\":\"SearchAction\",\"target\":{\"@type\":\"EntryPoint\",\"urlTemplate\":\"https:\/\/www.svalbard.fr\/actualites\/?s={search_term_string}\"},\"query-input\":\"required name=search_term_string\"}],\"inLanguage\":\"fr-FR\"},{\"@type\":\"Organization\",\"@id\":\"https:\/\/www.svalbard.fr\/actualites\/#organization\",\"name\":\"www.Svalbard.fr\",\"url\":\"https:\/\/www.svalbard.fr\/actualites\/\",\"logo\":{\"@type\":\"ImageObject\",\"inLanguage\":\"fr-FR\",\"@id\":\"https:\/\/www.svalbard.fr\/actualites\/#\/schema\/logo\/image\/\",\"url\":\"https:\/\/www.svalbard.fr\/actualites\/wp-content\/uploads\/2023\/09\/head-nom.jpg\",\"contentUrl\":\"https:\/\/www.svalbard.fr\/actualites\/wp-content\/uploads\/2023\/09\/head-nom.jpg\",\"width\":264,\"height\":35,\"caption\":\"www.Svalbard.fr\"},\"image\":{\"@id\":\"https:\/\/www.svalbard.fr\/actualites\/#\/schema\/logo\/image\/\"}},{\"@type\":\"Person\",\"@id\":\"https:\/\/www.svalbard.fr\/actualites\/#\/schema\/person\/b9d185560b94bff7322d37cb676ee545\",\"name\":\"Guillaume Chen\",\"image\":{\"@type\":\"ImageObject\",\"inLanguage\":\"fr-FR\",\"@id\":\"https:\/\/www.svalbard.fr\/actualites\/#\/schema\/person\/image\/\",\"url\":\"https:\/\/secure.gravatar.com\/avatar\/0c3f9c94586035b795ad4049a06fb048?s=96&d=mm&r=g\",\"contentUrl\":\"https:\/\/secure.gravatar.com\/avatar\/0c3f9c94586035b795ad4049a06fb048?s=96&d=mm&r=g\",\"caption\":\"Guillaume Chen\"},\"sameAs\":[\"https:\/\/www.svalbard.fr\/\"]}]}<\/script>\n<!-- \/ Yoast SEO plugin. -->","yoast_head_json":{"title":"Avec la capacit\u00e9 de 12 Boeing 747 et plus grand qu'un terrain de football, ce nouveau g\u00e9ant des airs va transporter des \u00e9oliennes mondialement","robots":{"index":"index","follow":"follow","max-snippet":"max-snippet:-1","max-image-preview":"max-image-preview:large","max-video-preview":"max-video-preview:-1"},"canonical":"https:\/\/www.svalbard.fr\/actualites\/avec-la-capacite-de-12-boeing-747-et-plus-grand-quun-terrain-de-football-ce-nouveau-geant-des-airs-va-transporter-des-eoliennes-mondialement\/","og_locale":"fr_FR","og_type":"article","og_title":"Avec la capacit\u00e9 de 12 Boeing 747 et plus grand qu'un terrain de football, ce nouveau g\u00e9ant des airs va transporter des \u00e9oliennes mondialement","og_description":"Dans le monde de l\u2019aviation, une nouvelle cr\u00e9ation fait sensation : un appareil capable de d\u00e9placer des pales d\u2019\u00e9oliennes longues comme un terrain de football.","og_url":"https:\/\/www.svalbard.fr\/actualites\/avec-la-capacite-de-12-boeing-747-et-plus-grand-quun-terrain-de-football-ce-nouveau-geant-des-airs-va-transporter-des-eoliennes-mondialement\/","og_site_name":"www.Svalbard.fr","article_published_time":"2025-03-13T09:30:00+00:00","article_modified_time":"2025-03-14T12:25:01+00:00","og_image":[{"width":1200,"height":800,"url":"https:\/\/www.svalbard.fr\/actualites\/wp-content\/uploads\/2025\/03\/Nouveau-geant-des-airs.jpg","type":"image\/jpeg"}],"author":"Guillaume Chen","twitter_card":"summary_large_image","twitter_misc":{"\u00c9crit par":"Guillaume Chen","Dur\u00e9e de lecture estim\u00e9e":"3 minutes"},"schema":{"@context":"https:\/\/schema.org","@graph":[{"@type":"Article","@id":"https:\/\/www.svalbard.fr\/actualites\/avec-la-capacite-de-12-boeing-747-et-plus-grand-quun-terrain-de-football-ce-nouveau-geant-des-airs-va-transporter-des-eoliennes-mondialement\/#article","isPartOf":{"@id":"https:\/\/www.svalbard.fr\/actualites\/avec-la-capacite-de-12-boeing-747-et-plus-grand-quun-terrain-de-football-ce-nouveau-geant-des-airs-va-transporter-des-eoliennes-mondialement\/"},"author":{"name":"Guillaume Chen","@id":"https:\/\/www.svalbard.fr\/actualites\/#\/schema\/person\/b9d185560b94bff7322d37cb676ee545"},"headline":"Avec la capacit\u00e9 de 12 Boeing 747 et plus grand qu&rsquo;un terrain de football, ce nouveau g\u00e9ant des airs va transporter des \u00e9oliennes mondialement","datePublished":"2025-03-13T09:30:00+00:00","dateModified":"2025-03-14T12:25:01+00:00","mainEntityOfPage":{"@id":"https:\/\/www.svalbard.fr\/actualites\/avec-la-capacite-de-12-boeing-747-et-plus-grand-quun-terrain-de-football-ce-nouveau-geant-des-airs-va-transporter-des-eoliennes-mondialement\/"},"wordCount":657,"publisher":{"@id":"https:\/\/www.svalbard.fr\/actualites\/#organization"},"articleSection":["Tendances"],"inLanguage":"fr-FR"},{"@type":"WebPage","@id":"https:\/\/www.svalbard.fr\/actualites\/avec-la-capacite-de-12-boeing-747-et-plus-grand-quun-terrain-de-football-ce-nouveau-geant-des-airs-va-transporter-des-eoliennes-mondialement\/","url":"https:\/\/www.svalbard.fr\/actualites\/avec-la-capacite-de-12-boeing-747-et-plus-grand-quun-terrain-de-football-ce-nouveau-geant-des-airs-va-transporter-des-eoliennes-mondialement\/","name":"Avec la capacit\u00e9 de 12 Boeing 747 et plus grand qu'un terrain de football, ce nouveau g\u00e9ant des airs va transporter des \u00e9oliennes mondialement","isPartOf":{"@id":"https:\/\/www.svalbard.fr\/actualites\/#website"},"datePublished":"2025-03-13T09:30:00+00:00","dateModified":"2025-03-14T12:25:01+00:00","breadcrumb":{"@id":"https:\/\/www.svalbard.fr\/actualites\/avec-la-capacite-de-12-boeing-747-et-plus-grand-quun-terrain-de-football-ce-nouveau-geant-des-airs-va-transporter-des-eoliennes-mondialement\/#breadcrumb"},"inLanguage":"fr-FR","potentialAction":[{"@type":"ReadAction","target":["https:\/\/www.svalbard.fr\/actualites\/avec-la-capacite-de-12-boeing-747-et-plus-grand-quun-terrain-de-football-ce-nouveau-geant-des-airs-va-transporter-des-eoliennes-mondialement\/"]}]},{"@type":"BreadcrumbList","@id":"https:\/\/www.svalbard.fr\/actualites\/avec-la-capacite-de-12-boeing-747-et-plus-grand-quun-terrain-de-football-ce-nouveau-geant-des-airs-va-transporter-des-eoliennes-mondialement\/#breadcrumb","itemListElement":[{"@type":"ListItem","position":1,"name":"Accueil","item":"https:\/\/www.svalbard.fr\/actualites\/"},{"@type":"ListItem","position":2,"name":"Avec la capacit\u00e9 de 12 Boeing 747 et plus grand qu&rsquo;un terrain de football, ce nouveau g\u00e9ant des airs va transporter des \u00e9oliennes mondialement"}]},{"@type":"WebSite","@id":"https:\/\/www.svalbard.fr\/actualites\/#website","url":"https:\/\/www.svalbard.fr\/actualites\/","name":"www.Svalbard.fr","description":"","publisher":{"@id":"https:\/\/www.svalbard.fr\/actualites\/#organization"},"potentialAction":[{"@type":"SearchAction","target":{"@type":"EntryPoint","urlTemplate":"https:\/\/www.svalbard.fr\/actualites\/?s={search_term_string}"},"query-input":"required name=search_term_string"}],"inLanguage":"fr-FR"},{"@type":"Organization","@id":"https:\/\/www.svalbard.fr\/actualites\/#organization","name":"www.Svalbard.fr","url":"https:\/\/www.svalbard.fr\/actualites\/","logo":{"@type":"ImageObject","inLanguage":"fr-FR","@id":"https:\/\/www.svalbard.fr\/actualites\/#\/schema\/logo\/image\/","url":"https:\/\/www.svalbard.fr\/actualites\/wp-content\/uploads\/2023\/09\/head-nom.jpg","contentUrl":"https:\/\/www.svalbard.fr\/actualites\/wp-content\/uploads\/2023\/09\/head-nom.jpg","width":264,"height":35,"caption":"www.Svalbard.fr"},"image":{"@id":"https:\/\/www.svalbard.fr\/actualites\/#\/schema\/logo\/image\/"}},{"@type":"Person","@id":"https:\/\/www.svalbard.fr\/actualites\/#\/schema\/person\/b9d185560b94bff7322d37cb676ee545","name":"Guillaume Chen","image":{"@type":"ImageObject","inLanguage":"fr-FR","@id":"https:\/\/www.svalbard.fr\/actualites\/#\/schema\/person\/image\/","url":"https:\/\/secure.gravatar.com\/avatar\/0c3f9c94586035b795ad4049a06fb048?s=96&d=mm&r=g","contentUrl":"https:\/\/secure.gravatar.com\/avatar\/0c3f9c94586035b795ad4049a06fb048?s=96&d=mm&r=g","caption":"Guillaume Chen"},"sameAs":["https:\/\/www.svalbard.fr\/"]}]}},"_links":{"self":[{"href":"https:\/\/www.svalbard.fr\/actualites\/wp-json\/wp\/v2\/posts\/2834"}],"collection":[{"href":"https:\/\/www.svalbard.fr\/actualites\/wp-json\/wp\/v2\/posts"}],"about":[{"href":"https:\/\/www.svalbard.fr\/actualites\/wp-json\/wp\/v2\/types\/post"}],"author":[{"embeddable":true,"href":"https:\/\/www.svalbard.fr\/actualites\/wp-json\/wp\/v2\/users\/3"}],"replies":[{"embeddable":true,"href":"https:\/\/www.svalbard.fr\/actualites\/wp-json\/wp\/v2\/comments?post=2834"}],"version-history":[{"count":2,"href":"https:\/\/www.svalbard.fr\/actualites\/wp-json\/wp\/v2\/posts\/2834\/revisions"}],"predecessor-version":[{"id":2896,"href":"https:\/\/www.svalbard.fr\/actualites\/wp-json\/wp\/v2\/posts\/2834\/revisions\/2896"}],"wp:featuredmedia":[{"embeddable":true,"href":"https:\/\/www.svalbard.fr\/actualites\/wp-json\/wp\/v2\/media\/2835"}],"wp:attachment":[{"href":"https:\/\/www.svalbard.fr\/actualites\/wp-json\/wp\/v2\/media?parent=2834"}],"wp:term":[{"taxonomy":"category","embeddable":true,"href":"https:\/\/www.svalbard.fr\/actualites\/wp-json\/wp\/v2\/categories?post=2834"},{"taxonomy":"post_tag","embeddable":true,"href":"https:\/\/www.svalbard.fr\/actualites\/wp-json\/wp\/v2\/tags?post=2834"}],"curies":[{"name":"wp","href":"https:\/\/api.w.org\/{rel}","templated":true}]}}