{"id":2879,"date":"2025-03-17T10:30:00","date_gmt":"2025-03-17T09:30:00","guid":{"rendered":"https:\/\/www.svalbard.fr\/actualites\/?p=2879"},"modified":"2025-03-14T09:16:10","modified_gmt":"2025-03-14T08:16:10","slug":"lere-de-la-voiture-electrique-sacheve-t-elle-au-profit-du-diesel-selon-un-rapport-de-la-cour-des-comptes-europeennes","status":"publish","type":"post","link":"https:\/\/www.svalbard.fr\/actualites\/lere-de-la-voiture-electrique-sacheve-t-elle-au-profit-du-diesel-selon-un-rapport-de-la-cour-des-comptes-europeennes\/","title":{"rendered":"L&rsquo;\u00e8re de la voiture \u00e9lectrique s&rsquo;ach\u00e8ve-t-elle au profit du Diesel selon un rapport de la cour des comptes europ\u00e9ennes ?"},"content":{"rendered":"\n<p><strong><em>L&rsquo;Union Europ\u00e9enne r\u00eave depuis plusieurs ann\u00e9es de mettre fin \u00e0 la vente de voitures thermiques d&rsquo;ici 2035 pour se tourner enti\u00e8rement vers l&rsquo;\u00e9lectrique. Mais selon un r\u00e9cent rapport de la Cour des comptes europ\u00e9ens, cette transition semble de plus en plus difficile \u00e0 r\u00e9aliser. La fin des v\u00e9hicules thermiques et le retour du Diesel ne seraient-ils finalement pas plus proches qu\u2019on ne le pensait ? Examinons les d\u00e9fis que l\u2019Europe doit surmonter pour atteindre ses ambitieux objectifs \u00e9cologiques.<\/em><\/strong><\/p>\n\n\n\n<!--more-->\n\n\n\n<h2 class=\"wp-block-heading\">La r\u00e9alit\u00e9 derri\u00e8re les ambitions \u00e9cologiques de l\u2019Europe<\/h2>\n\n\n\n<p>L\u2019Europe semble \u00e0 un tournant majeur dans ses ambitions \u00e9cologiques. Le rapport de la <strong>Cour des comptes europ\u00e9enne<\/strong> met en lumi\u00e8re un constat pr\u00e9occupant : l\u2019objectif de <strong>z\u00e9ro \u00e9mission nette<\/strong> d\u2019ici 2050 pourrait \u00eatre compromis si les probl\u00e8mes actuels li\u00e9s \u00e0 la transition \u00e9nerg\u00e9tique ne sont pas r\u00e9solus rapidement. L\u2019id\u00e9e de mettre fin \u00e0 la vente des voitures \u00e0 essence d\u2019ici 2035 semble de plus en plus <strong>irr\u00e9aliste<\/strong> face aux d\u00e9fis logistiques, technologiques et \u00e9conomiques. Bien que la <strong>r\u00e9duction des \u00e9missions de carbone<\/strong> soit essentielle pour contrer le <strong>changement climatique<\/strong>, l\u2019Europe se trouve face \u00e0 un <strong>paradoxe \u00e9nerg\u00e9tique<\/strong> qu\u2019il est difficile de r\u00e9soudre en quelques ann\u00e9es.<\/p>\n\n\n\n<h2 class=\"wp-block-heading\">Les inqui\u00e9tudes de l\u2019industrie automobile<\/h2>\n\n\n\n<p>Les grands noms de l\u2019industrie automobile, particuli\u00e8rement en Allemagne, sont loin d\u2019\u00eatre convaincus par cette transition fulgurante vers l\u2019\u00e9lectrique. Des entreprises comme <strong>Porsche<\/strong> continuent de privil\u00e9gier les <strong>carburants synth\u00e9tiques<\/strong> et restent attach\u00e9es aux moteurs thermiques, malgr\u00e9 la pression europ\u00e9enne. Cette h\u00e9sitation des constructeurs est un frein majeur \u00e0 l\u2019adoption g\u00e9n\u00e9ralis\u00e9e des v\u00e9hicules \u00e9lectriques et soul\u00e8ve des questions sur la capacit\u00e9 de l\u2019industrie \u00e0 op\u00e9rer une transformation radicale en si peu de temps.<\/p>\n\n\n\n<h2 class=\"wp-block-heading\">Les obstacles technologiques et \u00e9conomiques de l\u2019\u00e9lectrification<\/h2>\n\n\n\n<p><strong>La production de batteries<\/strong>, c\u0153ur de la transition vers les <a href=\"https:\/\/www.svalbard.fr\/actualites\/mercedes-avait-promis-une-batterie-revolutionnaire-pour-voitures-electriques-ou-est-elle\/\"><strong>voitures \u00e9lectriques<\/strong><\/a>, est l\u2019un des principaux obstacles. \u00c0 l\u2019heure actuelle, l\u2019Europe ne repr\u00e9sente que <strong>10 % de la capacit\u00e9 mondiale de production de batteries<\/strong>, tandis que la Chine en d\u00e9tient 76 %. Cette situation de d\u00e9pendance vis-\u00e0-vis des <strong>importations de composants essentiels<\/strong> \u2013 principalement en provenance de Chine \u2013 met l\u2019Union Europ\u00e9enne dans une position <strong>fragile<\/strong> face \u00e0 des tensions g\u00e9opolitiques potentielles.<\/p>\n\n\n\n<h2 class=\"wp-block-heading\">La question des ressources : un frein \u00e0 la transition<\/h2>\n\n\n\n<p>Le rapport met \u00e9galement en avant une autre difficult\u00e9 majeure : <strong>l\u2019approvisionnement en mati\u00e8res premi\u00e8res<\/strong> n\u00e9cessaires \u00e0 la fabrication des batteries, comme le <strong>lithium<\/strong> et le <strong>cobalt<\/strong>. Ces mat\u00e9riaux, essentiels \u00e0 la production des batteries pour voitures \u00e9lectriques, sont principalement extraits en Chine et en Afrique, pla\u00e7ant l\u2019Europe dans une situation de <strong>d\u00e9pendance g\u00e9opolitique<\/strong> critique. Voici un aper\u00e7u des principales ressources et de leur localisation :<\/p>\n\n\n\n<ul>\n<li><strong>Lithium<\/strong> : Chine, Australie \u2013 production majoritaire<\/li>\n\n\n\n<li><strong>Cobalt<\/strong> : R\u00e9publique D\u00e9mocratique du Congo \u2013 production pr\u00e9dominante<\/li>\n<\/ul>\n\n\n\n<h2 class=\"wp-block-heading\">Enjeux sociaux et environnementaux : un dilemme complexe<\/h2>\n\n\n\n<p>L\u2019extraction de <strong>m\u00e9taux rares<\/strong> n\u00e9cessaires pour les batteries \u00e9lectriques soul\u00e8ve \u00e9galement de <strong>graves pr\u00e9occupations<\/strong> environnementales et sociales, notamment en R\u00e9publique D\u00e9mocratique du Congo, o\u00f9 les conditions de travail dans les mines sont souvent <strong>dramatiques<\/strong>. Ces enjeux complexes ajoutent une couche suppl\u00e9mentaire de <strong>difficult\u00e9<\/strong> \u00e0 la transition \u00e9nerg\u00e9tique europ\u00e9enne, qui doit d\u00e9sormais prendre en compte non seulement les <strong>impacts environnementaux<\/strong> des mat\u00e9riaux, mais aussi les <strong>droits humains<\/strong> associ\u00e9s \u00e0 leur extraction.<\/p>\n\n\n\n<h2 class=\"wp-block-heading\">Une r\u00e9vision n\u00e9cessaire de la strat\u00e9gie europ\u00e9enne ?<\/h2>\n\n\n\n<p>Face \u00e0 ces d\u00e9fis multiples, il semble d\u00e9sormais incontournable pour l\u2019Europe de <strong>r\u00e9ajuster<\/strong> ses ambitions \u00e9cologiques. Un r\u00e9examen de la strat\u00e9gie pourrait inclure une augmentation des <strong>investissements dans la recherche et le d\u00e9veloppement<\/strong> des <strong>alternatives \u00e9nerg\u00e9tiques<\/strong>, telles que les carburants synth\u00e9tiques, ou encore des <strong>technologies de recyclage des batteries<\/strong>. Cela permettrait de garantir une transition plus <strong>durable<\/strong> et <strong>r\u00e9aliste<\/strong>.<\/p>\n\n\n\n<h2 class=\"wp-block-heading\">Innovation et pragmatisme : la cl\u00e9 pour l\u2019avenir<\/h2>\n\n\n\n<p>L\u2019Europe se trouve dans une position d\u00e9licate, o\u00f9 elle doit naviguer entre son ambition <strong>environnementale<\/strong> et les r\u00e9alit\u00e9s du march\u00e9 global. Pour \u00e9viter une <strong>impasse technologique et \u00e9conomique<\/strong>, l\u2019Union Europ\u00e9enne doit innover tout en restant <strong>pragmatique<\/strong>. L\u2019avenir de la mobilit\u00e9 \u00e9lectrique d\u00e9pendra de sa capacit\u00e9 \u00e0 surmonter les obstacles li\u00e9s \u00e0 la <strong>production de batteries<\/strong>, \u00e0 l&rsquo;<strong>approvisionnement en ressources<\/strong> et \u00e0 la <strong>mise en place d\u2019une infrastructure solide<\/strong> pour soutenir cette transition.<\/p>\n\n\n\n<p>En conclusion, bien que l\u2019objectif de <strong>2035<\/strong> soit encore sur la table, il semble qu\u2019il faille reconsid\u00e9rer l\u2019approche de l\u2019Europe face \u00e0 l\u2019\u00e9lectrification totale. Entre d\u00e9fis techniques, <strong>d\u00e9pendance g\u00e9opolitique<\/strong> et enjeux sociaux, l\u2019avenir de la voiture <strong>\u00e9lectrique<\/strong> en Europe pourrait bien ne pas \u00eatre aussi simple que pr\u00e9vu. La route vers une <a href=\"https:\/\/www.svalbard.fr\/actualites\/laustralie-impressionne-avec-le-plus-grand-parc-eolien-de-lhemisphere-sud-symbolisant-sa-transition-energetique\/\"><strong>transition \u00e9nerg\u00e9tique<\/strong><\/a><strong> durable<\/strong> et <strong>r\u00e9aliste<\/strong> semble encore sem\u00e9e d\u2019emb\u00fbches.<\/p>\n","protected":false},"excerpt":{"rendered":"<p>L&rsquo;Union Europ\u00e9enne r\u00eave depuis plusieurs ann\u00e9es de mettre fin \u00e0 la vente de voitures thermiques d&rsquo;ici 2035 pour se tourner enti\u00e8rement vers l&rsquo;\u00e9lectrique. Mais selon<\/p>\n","protected":false},"author":3,"featured_media":2880,"comment_status":"closed","ping_status":"closed","sticky":false,"template":"","format":"standard","meta":{"footnotes":""},"categories":[1725],"tags":[],"yoast_head":"<!-- This site is optimized with the Yoast SEO plugin v21.0 - https:\/\/yoast.com\/wordpress\/plugins\/seo\/ -->\n<title>L&#039;\u00e8re de la voiture \u00e9lectrique s&#039;ach\u00e8ve-t-elle au profit du Diesel selon un rapport de la cour des comptes europ\u00e9ennes ?<\/title>\n<meta name=\"robots\" content=\"index, follow, max-snippet:-1, max-image-preview:large, max-video-preview:-1\" \/>\n<link rel=\"canonical\" href=\"https:\/\/www.svalbard.fr\/actualites\/lere-de-la-voiture-electrique-sacheve-t-elle-au-profit-du-diesel-selon-un-rapport-de-la-cour-des-comptes-europeennes\/\" \/>\n<meta property=\"og:locale\" content=\"fr_FR\" \/>\n<meta property=\"og:type\" content=\"article\" \/>\n<meta property=\"og:title\" content=\"L&#039;\u00e8re de la voiture \u00e9lectrique s&#039;ach\u00e8ve-t-elle au profit du Diesel selon un rapport de la cour des comptes europ\u00e9ennes ?\" \/>\n<meta property=\"og:description\" content=\"L&rsquo;Union Europ\u00e9enne r\u00eave depuis plusieurs ann\u00e9es de mettre fin \u00e0 la vente de voitures thermiques d&rsquo;ici 2035 pour se tourner enti\u00e8rement vers l&rsquo;\u00e9lectrique. Mais selon\" \/>\n<meta property=\"og:url\" content=\"https:\/\/www.svalbard.fr\/actualites\/lere-de-la-voiture-electrique-sacheve-t-elle-au-profit-du-diesel-selon-un-rapport-de-la-cour-des-comptes-europeennes\/\" \/>\n<meta property=\"og:site_name\" content=\"www.Svalbard.fr\" \/>\n<meta property=\"article:published_time\" content=\"2025-03-17T09:30:00+00:00\" \/>\n<meta property=\"article:modified_time\" content=\"2025-03-14T08:16:10+00:00\" \/>\n<meta property=\"og:image\" content=\"https:\/\/www.svalbard.fr\/actualites\/wp-content\/uploads\/2025\/03\/Fin-de-lere-de-la-voiture-electrique.jpg\" \/>\n\t<meta property=\"og:image:width\" content=\"1200\" \/>\n\t<meta property=\"og:image:height\" content=\"800\" \/>\n\t<meta property=\"og:image:type\" content=\"image\/jpeg\" \/>\n<meta name=\"author\" content=\"Guillaume Chen\" \/>\n<meta name=\"twitter:card\" content=\"summary_large_image\" \/>\n<meta name=\"twitter:label1\" content=\"\u00c9crit par\" \/>\n\t<meta name=\"twitter:data1\" content=\"Guillaume Chen\" \/>\n\t<meta name=\"twitter:label2\" content=\"Dur\u00e9e de lecture estim\u00e9e\" \/>\n\t<meta name=\"twitter:data2\" content=\"4 minutes\" \/>\n<script type=\"application\/ld+json\" class=\"yoast-schema-graph\">{\"@context\":\"https:\/\/schema.org\",\"@graph\":[{\"@type\":\"Article\",\"@id\":\"https:\/\/www.svalbard.fr\/actualites\/lere-de-la-voiture-electrique-sacheve-t-elle-au-profit-du-diesel-selon-un-rapport-de-la-cour-des-comptes-europeennes\/#article\",\"isPartOf\":{\"@id\":\"https:\/\/www.svalbard.fr\/actualites\/lere-de-la-voiture-electrique-sacheve-t-elle-au-profit-du-diesel-selon-un-rapport-de-la-cour-des-comptes-europeennes\/\"},\"author\":{\"name\":\"Guillaume Chen\",\"@id\":\"https:\/\/www.svalbard.fr\/actualites\/#\/schema\/person\/b9d185560b94bff7322d37cb676ee545\"},\"headline\":\"L&rsquo;\u00e8re de la voiture \u00e9lectrique s&rsquo;ach\u00e8ve-t-elle au profit du Diesel selon un rapport de la cour des comptes europ\u00e9ennes ?\",\"datePublished\":\"2025-03-17T09:30:00+00:00\",\"dateModified\":\"2025-03-14T08:16:10+00:00\",\"mainEntityOfPage\":{\"@id\":\"https:\/\/www.svalbard.fr\/actualites\/lere-de-la-voiture-electrique-sacheve-t-elle-au-profit-du-diesel-selon-un-rapport-de-la-cour-des-comptes-europeennes\/\"},\"wordCount\":839,\"publisher\":{\"@id\":\"https:\/\/www.svalbard.fr\/actualites\/#organization\"},\"articleSection\":[\"Tendances\"],\"inLanguage\":\"fr-FR\"},{\"@type\":\"WebPage\",\"@id\":\"https:\/\/www.svalbard.fr\/actualites\/lere-de-la-voiture-electrique-sacheve-t-elle-au-profit-du-diesel-selon-un-rapport-de-la-cour-des-comptes-europeennes\/\",\"url\":\"https:\/\/www.svalbard.fr\/actualites\/lere-de-la-voiture-electrique-sacheve-t-elle-au-profit-du-diesel-selon-un-rapport-de-la-cour-des-comptes-europeennes\/\",\"name\":\"L'\u00e8re de la voiture \u00e9lectrique s'ach\u00e8ve-t-elle au profit du Diesel selon un rapport de la cour des comptes europ\u00e9ennes ?\",\"isPartOf\":{\"@id\":\"https:\/\/www.svalbard.fr\/actualites\/#website\"},\"datePublished\":\"2025-03-17T09:30:00+00:00\",\"dateModified\":\"2025-03-14T08:16:10+00:00\",\"breadcrumb\":{\"@id\":\"https:\/\/www.svalbard.fr\/actualites\/lere-de-la-voiture-electrique-sacheve-t-elle-au-profit-du-diesel-selon-un-rapport-de-la-cour-des-comptes-europeennes\/#breadcrumb\"},\"inLanguage\":\"fr-FR\",\"potentialAction\":[{\"@type\":\"ReadAction\",\"target\":[\"https:\/\/www.svalbard.fr\/actualites\/lere-de-la-voiture-electrique-sacheve-t-elle-au-profit-du-diesel-selon-un-rapport-de-la-cour-des-comptes-europeennes\/\"]}]},{\"@type\":\"BreadcrumbList\",\"@id\":\"https:\/\/www.svalbard.fr\/actualites\/lere-de-la-voiture-electrique-sacheve-t-elle-au-profit-du-diesel-selon-un-rapport-de-la-cour-des-comptes-europeennes\/#breadcrumb\",\"itemListElement\":[{\"@type\":\"ListItem\",\"position\":1,\"name\":\"Accueil\",\"item\":\"https:\/\/www.svalbard.fr\/actualites\/\"},{\"@type\":\"ListItem\",\"position\":2,\"name\":\"L&rsquo;\u00e8re de la voiture \u00e9lectrique s&rsquo;ach\u00e8ve-t-elle au profit du Diesel selon un rapport de la cour des comptes europ\u00e9ennes ?\"}]},{\"@type\":\"WebSite\",\"@id\":\"https:\/\/www.svalbard.fr\/actualites\/#website\",\"url\":\"https:\/\/www.svalbard.fr\/actualites\/\",\"name\":\"www.Svalbard.fr\",\"description\":\"\",\"publisher\":{\"@id\":\"https:\/\/www.svalbard.fr\/actualites\/#organization\"},\"potentialAction\":[{\"@type\":\"SearchAction\",\"target\":{\"@type\":\"EntryPoint\",\"urlTemplate\":\"https:\/\/www.svalbard.fr\/actualites\/?s={search_term_string}\"},\"query-input\":\"required name=search_term_string\"}],\"inLanguage\":\"fr-FR\"},{\"@type\":\"Organization\",\"@id\":\"https:\/\/www.svalbard.fr\/actualites\/#organization\",\"name\":\"www.Svalbard.fr\",\"url\":\"https:\/\/www.svalbard.fr\/actualites\/\",\"logo\":{\"@type\":\"ImageObject\",\"inLanguage\":\"fr-FR\",\"@id\":\"https:\/\/www.svalbard.fr\/actualites\/#\/schema\/logo\/image\/\",\"url\":\"https:\/\/www.svalbard.fr\/actualites\/wp-content\/uploads\/2023\/09\/head-nom.jpg\",\"contentUrl\":\"https:\/\/www.svalbard.fr\/actualites\/wp-content\/uploads\/2023\/09\/head-nom.jpg\",\"width\":264,\"height\":35,\"caption\":\"www.Svalbard.fr\"},\"image\":{\"@id\":\"https:\/\/www.svalbard.fr\/actualites\/#\/schema\/logo\/image\/\"}},{\"@type\":\"Person\",\"@id\":\"https:\/\/www.svalbard.fr\/actualites\/#\/schema\/person\/b9d185560b94bff7322d37cb676ee545\",\"name\":\"Guillaume Chen\",\"image\":{\"@type\":\"ImageObject\",\"inLanguage\":\"fr-FR\",\"@id\":\"https:\/\/www.svalbard.fr\/actualites\/#\/schema\/person\/image\/\",\"url\":\"https:\/\/secure.gravatar.com\/avatar\/0c3f9c94586035b795ad4049a06fb048?s=96&d=mm&r=g\",\"contentUrl\":\"https:\/\/secure.gravatar.com\/avatar\/0c3f9c94586035b795ad4049a06fb048?s=96&d=mm&r=g\",\"caption\":\"Guillaume Chen\"},\"sameAs\":[\"https:\/\/www.svalbard.fr\/\"]}]}<\/script>\n<!-- \/ Yoast SEO plugin. -->","yoast_head_json":{"title":"L'\u00e8re de la voiture \u00e9lectrique s'ach\u00e8ve-t-elle au profit du Diesel selon un rapport de la cour des comptes europ\u00e9ennes ?","robots":{"index":"index","follow":"follow","max-snippet":"max-snippet:-1","max-image-preview":"max-image-preview:large","max-video-preview":"max-video-preview:-1"},"canonical":"https:\/\/www.svalbard.fr\/actualites\/lere-de-la-voiture-electrique-sacheve-t-elle-au-profit-du-diesel-selon-un-rapport-de-la-cour-des-comptes-europeennes\/","og_locale":"fr_FR","og_type":"article","og_title":"L'\u00e8re de la voiture \u00e9lectrique s'ach\u00e8ve-t-elle au profit du Diesel selon un rapport de la cour des comptes europ\u00e9ennes ?","og_description":"L&rsquo;Union Europ\u00e9enne r\u00eave depuis plusieurs ann\u00e9es de mettre fin \u00e0 la vente de voitures thermiques d&rsquo;ici 2035 pour se tourner enti\u00e8rement vers l&rsquo;\u00e9lectrique. Mais selon","og_url":"https:\/\/www.svalbard.fr\/actualites\/lere-de-la-voiture-electrique-sacheve-t-elle-au-profit-du-diesel-selon-un-rapport-de-la-cour-des-comptes-europeennes\/","og_site_name":"www.Svalbard.fr","article_published_time":"2025-03-17T09:30:00+00:00","article_modified_time":"2025-03-14T08:16:10+00:00","og_image":[{"width":1200,"height":800,"url":"https:\/\/www.svalbard.fr\/actualites\/wp-content\/uploads\/2025\/03\/Fin-de-lere-de-la-voiture-electrique.jpg","type":"image\/jpeg"}],"author":"Guillaume Chen","twitter_card":"summary_large_image","twitter_misc":{"\u00c9crit par":"Guillaume Chen","Dur\u00e9e de lecture estim\u00e9e":"4 minutes"},"schema":{"@context":"https:\/\/schema.org","@graph":[{"@type":"Article","@id":"https:\/\/www.svalbard.fr\/actualites\/lere-de-la-voiture-electrique-sacheve-t-elle-au-profit-du-diesel-selon-un-rapport-de-la-cour-des-comptes-europeennes\/#article","isPartOf":{"@id":"https:\/\/www.svalbard.fr\/actualites\/lere-de-la-voiture-electrique-sacheve-t-elle-au-profit-du-diesel-selon-un-rapport-de-la-cour-des-comptes-europeennes\/"},"author":{"name":"Guillaume Chen","@id":"https:\/\/www.svalbard.fr\/actualites\/#\/schema\/person\/b9d185560b94bff7322d37cb676ee545"},"headline":"L&rsquo;\u00e8re de la voiture \u00e9lectrique s&rsquo;ach\u00e8ve-t-elle au profit du Diesel selon un rapport de la cour des comptes europ\u00e9ennes ?","datePublished":"2025-03-17T09:30:00+00:00","dateModified":"2025-03-14T08:16:10+00:00","mainEntityOfPage":{"@id":"https:\/\/www.svalbard.fr\/actualites\/lere-de-la-voiture-electrique-sacheve-t-elle-au-profit-du-diesel-selon-un-rapport-de-la-cour-des-comptes-europeennes\/"},"wordCount":839,"publisher":{"@id":"https:\/\/www.svalbard.fr\/actualites\/#organization"},"articleSection":["Tendances"],"inLanguage":"fr-FR"},{"@type":"WebPage","@id":"https:\/\/www.svalbard.fr\/actualites\/lere-de-la-voiture-electrique-sacheve-t-elle-au-profit-du-diesel-selon-un-rapport-de-la-cour-des-comptes-europeennes\/","url":"https:\/\/www.svalbard.fr\/actualites\/lere-de-la-voiture-electrique-sacheve-t-elle-au-profit-du-diesel-selon-un-rapport-de-la-cour-des-comptes-europeennes\/","name":"L'\u00e8re de la voiture \u00e9lectrique s'ach\u00e8ve-t-elle au profit du Diesel selon un rapport de la cour des comptes europ\u00e9ennes ?","isPartOf":{"@id":"https:\/\/www.svalbard.fr\/actualites\/#website"},"datePublished":"2025-03-17T09:30:00+00:00","dateModified":"2025-03-14T08:16:10+00:00","breadcrumb":{"@id":"https:\/\/www.svalbard.fr\/actualites\/lere-de-la-voiture-electrique-sacheve-t-elle-au-profit-du-diesel-selon-un-rapport-de-la-cour-des-comptes-europeennes\/#breadcrumb"},"inLanguage":"fr-FR","potentialAction":[{"@type":"ReadAction","target":["https:\/\/www.svalbard.fr\/actualites\/lere-de-la-voiture-electrique-sacheve-t-elle-au-profit-du-diesel-selon-un-rapport-de-la-cour-des-comptes-europeennes\/"]}]},{"@type":"BreadcrumbList","@id":"https:\/\/www.svalbard.fr\/actualites\/lere-de-la-voiture-electrique-sacheve-t-elle-au-profit-du-diesel-selon-un-rapport-de-la-cour-des-comptes-europeennes\/#breadcrumb","itemListElement":[{"@type":"ListItem","position":1,"name":"Accueil","item":"https:\/\/www.svalbard.fr\/actualites\/"},{"@type":"ListItem","position":2,"name":"L&rsquo;\u00e8re de la voiture \u00e9lectrique s&rsquo;ach\u00e8ve-t-elle au profit du Diesel selon un rapport de la cour des comptes europ\u00e9ennes ?"}]},{"@type":"WebSite","@id":"https:\/\/www.svalbard.fr\/actualites\/#website","url":"https:\/\/www.svalbard.fr\/actualites\/","name":"www.Svalbard.fr","description":"","publisher":{"@id":"https:\/\/www.svalbard.fr\/actualites\/#organization"},"potentialAction":[{"@type":"SearchAction","target":{"@type":"EntryPoint","urlTemplate":"https:\/\/www.svalbard.fr\/actualites\/?s={search_term_string}"},"query-input":"required name=search_term_string"}],"inLanguage":"fr-FR"},{"@type":"Organization","@id":"https:\/\/www.svalbard.fr\/actualites\/#organization","name":"www.Svalbard.fr","url":"https:\/\/www.svalbard.fr\/actualites\/","logo":{"@type":"ImageObject","inLanguage":"fr-FR","@id":"https:\/\/www.svalbard.fr\/actualites\/#\/schema\/logo\/image\/","url":"https:\/\/www.svalbard.fr\/actualites\/wp-content\/uploads\/2023\/09\/head-nom.jpg","contentUrl":"https:\/\/www.svalbard.fr\/actualites\/wp-content\/uploads\/2023\/09\/head-nom.jpg","width":264,"height":35,"caption":"www.Svalbard.fr"},"image":{"@id":"https:\/\/www.svalbard.fr\/actualites\/#\/schema\/logo\/image\/"}},{"@type":"Person","@id":"https:\/\/www.svalbard.fr\/actualites\/#\/schema\/person\/b9d185560b94bff7322d37cb676ee545","name":"Guillaume Chen","image":{"@type":"ImageObject","inLanguage":"fr-FR","@id":"https:\/\/www.svalbard.fr\/actualites\/#\/schema\/person\/image\/","url":"https:\/\/secure.gravatar.com\/avatar\/0c3f9c94586035b795ad4049a06fb048?s=96&d=mm&r=g","contentUrl":"https:\/\/secure.gravatar.com\/avatar\/0c3f9c94586035b795ad4049a06fb048?s=96&d=mm&r=g","caption":"Guillaume Chen"},"sameAs":["https:\/\/www.svalbard.fr\/"]}]}},"_links":{"self":[{"href":"https:\/\/www.svalbard.fr\/actualites\/wp-json\/wp\/v2\/posts\/2879"}],"collection":[{"href":"https:\/\/www.svalbard.fr\/actualites\/wp-json\/wp\/v2\/posts"}],"about":[{"href":"https:\/\/www.svalbard.fr\/actualites\/wp-json\/wp\/v2\/types\/post"}],"author":[{"embeddable":true,"href":"https:\/\/www.svalbard.fr\/actualites\/wp-json\/wp\/v2\/users\/3"}],"replies":[{"embeddable":true,"href":"https:\/\/www.svalbard.fr\/actualites\/wp-json\/wp\/v2\/comments?post=2879"}],"version-history":[{"count":1,"href":"https:\/\/www.svalbard.fr\/actualites\/wp-json\/wp\/v2\/posts\/2879\/revisions"}],"predecessor-version":[{"id":2881,"href":"https:\/\/www.svalbard.fr\/actualites\/wp-json\/wp\/v2\/posts\/2879\/revisions\/2881"}],"wp:featuredmedia":[{"embeddable":true,"href":"https:\/\/www.svalbard.fr\/actualites\/wp-json\/wp\/v2\/media\/2880"}],"wp:attachment":[{"href":"https:\/\/www.svalbard.fr\/actualites\/wp-json\/wp\/v2\/media?parent=2879"}],"wp:term":[{"taxonomy":"category","embeddable":true,"href":"https:\/\/www.svalbard.fr\/actualites\/wp-json\/wp\/v2\/categories?post=2879"},{"taxonomy":"post_tag","embeddable":true,"href":"https:\/\/www.svalbard.fr\/actualites\/wp-json\/wp\/v2\/tags?post=2879"}],"curies":[{"name":"wp","href":"https:\/\/api.w.org\/{rel}","templated":true}]}}